{"id":75081,"date":"2021-04-22T17:54:55","date_gmt":"2021-04-22T17:54:55","guid":{"rendered":"https:\/\/dev.president-ksgov.net\/predsednica-omsani-doekala-na-sastanku-ministra-spoljnih-poslova-nemake-heiko-maasa\/"},"modified":"2021-04-22T17:54:55","modified_gmt":"2021-04-22T17:54:55","slug":"predsednica-omsani-doekala-na-sastanku-ministra-spoljnih-poslova-nemake-heiko-maasa","status":"publish","type":"post","link":"https:\/\/president-ksgov.net\/sr\/predsednica-omsani-doekala-na-sastanku-ministra-spoljnih-poslova-nemake-heiko-maasa\/","title":{"rendered":"Predsednica Omsani do&ccaron;ekala na sastanku ministra spoljnih poslova Nema&ccaron;ke Heiko Maasa"},"content":{"rendered":"<p>Predsednica Republike Kosovo Vjosa Osmani Sadriu danas je na sastanku do&ccaron;ekala ministra spoljnih poslova Nema&ccaron;ke Heiko Maasa.<\/p>\n<p>U ime gra&dstrok;ana zemlje predsednica Osmani izrazila je zahvalnost ministru Maasu na podr\u0161ci, koju je Nema&ccaron;ka istorijski pru&#382;ala Kosovu, kako bi pove&cacute;alo broj priznanja, oja&ccaron;alo me&dstrok;unarodni subjektivitet, razvilo privredu i izgradilo odr&#382;ivi mir.<br \/>\n\u00a0<br \/>\nZatim su dvoje sagovornika odr&#382;ali konferenciju za medije na kojoj su iskazali njihove stavove u vezi sa procesima kroz koje Kosovo prolazi, suo&ccaron;avanjem sa pandemijom, dijalogom i evropskom perspektivom.<br \/>\n\u00a0<br \/>\nPredsednica Osmani je rekla da je prvo pitanje i klju&ccaron;ni prioritet kosovskih institucija upravljanje pandemijom.<br \/>\n\u00a0<br \/>\n\u201eZahvalila sam se ministru na pomo&cacute;i koju je Nema&ccaron;ka pru&#382;ala preko inicijative Covax, tako&dstrok;e i Evropskoj uniji. Do sada je Kosovo dobilo 24.000 vakcina i o&ccaron;ekuje se jo\u0161 95.000, me&dstrok;utim to je jo\u0161 uvek veoma mali procenat i izrazila sam interesovanje institucija Kosova da nastavimo saradnju sa Nema&ccaron;kom, kako bismo imali podr\u0161ku i ubudu&cacute;e\u201c, rekla je predsednica Osmani.<br \/>\n\u00a0<br \/>\nGospo&dstrok;a Osmani je dalje dodala da su vakcine neophodne kako bi smo mi mogli sa upravljamo ovom toliko opasnom pandemijom.<br \/>\n\u00a0<br \/>\nA o porcesu liberalizacija viza, predsednica OSmani je istakla da je Kosovo sada ispunilo kriterijume.<br \/>\n\u00a0<br \/>\n\u201eProces za koji je Kosovo sada ispunilo kriterijume i zahvaljujem se ministru na podr\u0161ci koju su nema&ccaron;ke institucije dale u tom pravcu. Sada od svih dr&#382;ava &ccaron;lanica Evropske unije o&ccaron;ekujemo da ispune njihovo obe&cacute;anje u odnosu na kosovski narod, koji se nepravedno dr&#382;i jo\u0161 uvek u izolaciji\u201c istakla je Osmanijeva.<br \/>\n\u00a0<br \/>\nPredsednica Osmani i ministar Maas su tako&dstrok;e razgovarali i o procesu dijaloga sa Srbijom.<br \/>\n\u00a0<br \/>\n\u201eDijalog sa Srbijom je proces u kojem je Kosovo bilo anga&#382;ovano od po&ccaron;etka i na\u0161a Republika je pru&#382;ala ruku saradnje u odnosu sa Srbijom, iako na&#382;alost Srbija jo\u0161 uvek nije tra&#382;ila izvinjenje za zlo&ccaron;ine izvr\u0161ene na Kosovu i jo\u0161 uvek nema pravde za hiljade i hiljade gra&dstrok;ana Kosova. Kao kosovske institucije, obavestila sam ministra da &cacute;emo nastaviti da podi&#382;emo glas i da &cacute;emo uraditi i nemogu&cacute;e da se dostigne pravda za sve ove &#382;rtve\u201c, rekla je predsednica Osmani.<br \/>\n\u00a0<br \/>\nPrema predsednici zemlje, procesu dijaloga je potrebno resetovanje.<br \/>\n\u00a0<br \/>\n\u201eMi smo za dijalog. Ali prvo moramo da ga \u201eresetujemo\u201c, gde &cacute;emo razmotriti svaki dosada\u0161nji sporazum. Ono \u0161to je bitno, mi se ne&cacute;emo upu\u0161tati u avanture kao \u0161to je ona o izmeni granica, &ccaron;ija logika pripada logici pro\u0161log veka. Sve na\u0161e institucije &cacute;e pa&#382;ljivo razmotriti svaki postignuti sporazum, svaki razmotreni dokument do sada i vodi&cacute;emo dijalog zasnovan na jasnim principima, gde Republika Kosovo, ni na koji na&ccaron;in ne&cacute;e prihvatiti da stupi u rizi&ccaron;ne avanture koje imaju veze bilo sa izmenama granica, &ccaron;ija logika pripada pro\u0161lom veku, bilo sa izmenama ustavnog poretka Republike Kosovo, \u0161to bi dovelo u opasnost na\u0161u unutra\u0161nju funkcionalnost, a nefunkcionalno Kosovo nije potrebno ni regionu, ni na\u0161im partnerima. Naravno da o&ccaron;ekujemo da &cacute;e se ovaj proces okon&ccaron;ati recipro&ccaron;nim priznanjem, rekla je predsednica.<br \/>\n\u00a0<br \/>\nNa ovoj konferenciji predsednica Osmani i ministar Maas su osporili ideju o prekrajanju granica.<br \/>\n\u00a0<br \/>\n\u201eMi smo odmah stupili u kontakt sa slovena&ccaron;kim vlastima i oni su nam rekli da tako ne\u0161to nije istina. Takve ideje su opasne po region i van regiona, takve ideje pripadaju XIX veku i crtanje granice po etni&ccaron;kim osnovama je u suprotnosti sa evropskim vrednostima\u201c, istakla je predsednica Osmani. A ministar Maas je rekao da takve ideje Nema&ccaron;ka sna&#382;no odbija.<br \/>\n\u00a0<br \/>\n\u201eNe znam da li postoje takvi napori jer se stalno govorilo o non-peper, \u0161to bi trebalo da ostane kao takvo. Nema&ccaron;ka Vlada ih sna&#382;no odbacuje, jer to re\u0161enje ne bi vodilo u pravcu re\u0161avanja konflikata, ve&cacute; bi ih poo\u0161trilo, stoga ih mi odbacujemo. U EU niko ni ne zami\u0161lja da to mo&#382;e postati stvarnost\u201c, izjavio je nema&ccaron;ki ministar spoljnih poslova.\u00a0<\/p>\n","protected":false},"excerpt":{"rendered":"<p>Predsednica Republike Kosovo Vjosa Osmani Sadriu danas je na sastanku do&ccaron;ekala ministra spoljnih poslova Nema&ccaron;ke Heiko Maasa.<\/p>\n","protected":false},"author":1,"featured_media":20980,"comment_status":"open","ping_status":"closed","sticky":false,"template":"","format":"standard","meta":{"_eb_attr":"","footnotes":""},"categories":[101],"tags":[],"class_list":["post-75081","post","type-post","status-publish","format-standard","has-post-thumbnail","hentry","category-vesti"],"yoast_head":"<!-- This site is optimized with the Yoast SEO plugin v23.5 - https:\/\/yoast.com\/wordpress\/plugins\/seo\/ -->\n<title>Predsednica Omsani do&amp;ccaron;ekala na sastanku ministra spoljnih poslova Nema&amp;ccaron;ke Heiko Maasa - Predsednik Republike Kosovo - DR. VJOSA OSMANI - SADRIU<\/title>\n<meta name=\"description\" content=\"Predsednica Omsani do&amp;ccaron;ekala na sastanku ministra spoljnih poslova Nema&amp;ccaron;ke Heiko Maasa - Predsednik Republike Kosovo - DR. VJOSA OSMANI - SADRIU -\" \/>\n<meta name=\"robots\" content=\"index, follow, max-snippet:-1, max-image-preview:large, max-video-preview:-1\" \/>\n<link rel=\"canonical\" href=\"https:\/\/president-ksgov.net\/presidentja-osmani-priti-ne-takim-ministrin-e-jashtem-te-gjermanise-heiko-maas\/\" \/>\n<meta property=\"og:locale\" content=\"sr_RS\" \/>\n<meta property=\"og:type\" content=\"article\" \/>\n<meta property=\"og:title\" content=\"Predsednica Omsani do&amp;ccaron;ekala na sastanku ministra spoljnih poslova Nema&amp;ccaron;ke Heiko Maasa - Predsednik Republike Kosovo - DR. VJOSA OSMANI - SADRIU\" \/>\n<meta property=\"og:description\" content=\"Predsednica Omsani do&amp;ccaron;ekala na sastanku ministra spoljnih poslova Nema&amp;ccaron;ke Heiko Maasa - Predsednik Republike Kosovo - DR. VJOSA OSMANI - SADRIU -\" \/>\n<meta property=\"og:url\" content=\"https:\/\/president-ksgov.net\/presidentja-osmani-priti-ne-takim-ministrin-e-jashtem-te-gjermanise-heiko-maas\/\" \/>\n<meta property=\"og:site_name\" content=\"Predsednik Republike Kosovo - DR. VJOSA OSMANI - SADRIU\" \/>\n<meta property=\"article:published_time\" content=\"2021-04-22T17:54:55+00:00\" \/>\n<meta property=\"og:image\" content=\"https:\/\/president-ksgov.net\/wp-content\/uploads\/22_04_2021_5544395_177420157_515639136117590_7872555270731485457_n.jpg\" \/>\n\t<meta property=\"og:image:width\" content=\"2048\" \/>\n\t<meta property=\"og:image:height\" content=\"1362\" \/>\n\t<meta property=\"og:image:type\" content=\"image\/jpeg\" \/>\n<meta name=\"author\" content=\"admin\" \/>\n<meta name=\"twitter:card\" content=\"summary_large_image\" \/>\n<meta name=\"twitter:label1\" content=\"\u041d\u0430\u043f\u0438\u0441\u0430\u043d\u043e \u043e\u0434\" \/>\n\t<meta name=\"twitter:data1\" content=\"admin\" \/>\n\t<meta name=\"twitter:label2\" content=\"\u041f\u0440\u043e\u0446\u0435\u045a\u0435\u043d\u043e \u0432\u0440\u0435\u043c\u0435 \u0447\u0438\u0442\u0430\u045a\u0430\" \/>\n\t<meta name=\"twitter:data2\" content=\"4 \u043c\u0438\u043d\u0443\u0442\u0430\" \/>\n<script type=\"application\/ld+json\" class=\"yoast-schema-graph\">{\"@context\":\"https:\/\/schema.org\",\"@graph\":[{\"@type\":\"WebPage\",\"@id\":\"https:\/\/president-ksgov.net\/presidentja-osmani-priti-ne-takim-ministrin-e-jashtem-te-gjermanise-heiko-maas\/\",\"url\":\"https:\/\/president-ksgov.net\/presidentja-osmani-priti-ne-takim-ministrin-e-jashtem-te-gjermanise-heiko-maas\/\",\"name\":\"Predsednica Omsani do&ccaron;ekala na sastanku ministra spoljnih poslova Nema&ccaron;ke Heiko Maasa - Predsednik Republike Kosovo - DR. VJOSA OSMANI - SADRIU\",\"isPartOf\":{\"@id\":\"https:\/\/president-ksgov.net\/#website\"},\"primaryImageOfPage\":{\"@id\":\"https:\/\/president-ksgov.net\/presidentja-osmani-priti-ne-takim-ministrin-e-jashtem-te-gjermanise-heiko-maas\/#primaryimage\"},\"image\":{\"@id\":\"https:\/\/president-ksgov.net\/presidentja-osmani-priti-ne-takim-ministrin-e-jashtem-te-gjermanise-heiko-maas\/#primaryimage\"},\"thumbnailUrl\":\"https:\/\/president-ksgov.net\/wp-content\/uploads\/22_04_2021_5544395_177420157_515639136117590_7872555270731485457_n.jpg\",\"datePublished\":\"2021-04-22T17:54:55+00:00\",\"dateModified\":\"2021-04-22T17:54:55+00:00\",\"author\":{\"@id\":\"https:\/\/president-ksgov.net\/#\/schema\/person\/bb4337a5fb147cb2046d80548172cbee\"},\"description\":\"Predsednica Omsani do&ccaron;ekala na sastanku ministra spoljnih poslova Nema&ccaron;ke Heiko Maasa - Predsednik Republike Kosovo - DR. VJOSA OSMANI - SADRIU -\",\"breadcrumb\":{\"@id\":\"https:\/\/president-ksgov.net\/presidentja-osmani-priti-ne-takim-ministrin-e-jashtem-te-gjermanise-heiko-maas\/#breadcrumb\"},\"inLanguage\":\"sr-RS\",\"potentialAction\":[{\"@type\":\"ReadAction\",\"target\":[\"https:\/\/president-ksgov.net\/presidentja-osmani-priti-ne-takim-ministrin-e-jashtem-te-gjermanise-heiko-maas\/\"]}]},{\"@type\":\"ImageObject\",\"inLanguage\":\"sr-RS\",\"@id\":\"https:\/\/president-ksgov.net\/presidentja-osmani-priti-ne-takim-ministrin-e-jashtem-te-gjermanise-heiko-maas\/#primaryimage\",\"url\":\"https:\/\/president-ksgov.net\/wp-content\/uploads\/22_04_2021_5544395_177420157_515639136117590_7872555270731485457_n.jpg\",\"contentUrl\":\"https:\/\/president-ksgov.net\/wp-content\/uploads\/22_04_2021_5544395_177420157_515639136117590_7872555270731485457_n.jpg\",\"width\":2048,\"height\":1362},{\"@type\":\"BreadcrumbList\",\"@id\":\"https:\/\/president-ksgov.net\/presidentja-osmani-priti-ne-takim-ministrin-e-jashtem-te-gjermanise-heiko-maas\/#breadcrumb\",\"itemListElement\":[{\"@type\":\"ListItem\",\"position\":1,\"name\":\"Home\",\"item\":\"https:\/\/president-ksgov.net\/sr\/\"},{\"@type\":\"ListItem\",\"position\":2,\"name\":\"Predsednica Omsani do&ccaron;ekala na sastanku ministra spoljnih poslova Nema&ccaron;ke Heiko Maasa\"}]},{\"@type\":\"WebSite\",\"@id\":\"https:\/\/president-ksgov.net\/#website\",\"url\":\"https:\/\/president-ksgov.net\/\",\"name\":\"Presidente e Republik\u00ebs s\u00eb Kosov\u00ebs\",\"description\":\"Presidente e Republik\u00ebs s\u00eb Kosov\u00ebs\",\"alternateName\":\"DR. VJOSA OSMANI - SADRIU\",\"potentialAction\":[{\"@type\":\"SearchAction\",\"target\":{\"@type\":\"EntryPoint\",\"urlTemplate\":\"https:\/\/president-ksgov.net\/?s={search_term_string}\"},\"query-input\":{\"@type\":\"PropertyValueSpecification\",\"valueRequired\":true,\"valueName\":\"search_term_string\"}}],\"inLanguage\":\"sr-RS\"},{\"@type\":\"Person\",\"@id\":\"https:\/\/president-ksgov.net\/#\/schema\/person\/bb4337a5fb147cb2046d80548172cbee\",\"name\":\"admin\",\"image\":{\"@type\":\"ImageObject\",\"inLanguage\":\"sr-RS\",\"@id\":\"https:\/\/president-ksgov.net\/#\/schema\/person\/image\/\",\"url\":\"https:\/\/secure.gravatar.com\/avatar\/36156ca0fa3b8d9d25174f146e16beea0cf28f37adf1b9e19b6c9c279a7c9dd3?s=96&d=mm&r=g\",\"contentUrl\":\"https:\/\/secure.gravatar.com\/avatar\/36156ca0fa3b8d9d25174f146e16beea0cf28f37adf1b9e19b6c9c279a7c9dd3?s=96&d=mm&r=g\",\"caption\":\"admin\"},\"sameAs\":[\"https:\/\/president-ksgov.net\"]}]}<\/script>\n<!-- \/ Yoast SEO plugin. -->","yoast_head_json":{"title":"Predsednica Omsani do&ccaron;ekala na sastanku ministra spoljnih poslova Nema&ccaron;ke Heiko Maasa - Predsednik Republike Kosovo - DR. VJOSA OSMANI - SADRIU","description":"Predsednica Omsani do&ccaron;ekala na sastanku ministra spoljnih poslova Nema&ccaron;ke Heiko Maasa - Predsednik Republike Kosovo - DR. VJOSA OSMANI - SADRIU -","robots":{"index":"index","follow":"follow","max-snippet":"max-snippet:-1","max-image-preview":"max-image-preview:large","max-video-preview":"max-video-preview:-1"},"canonical":"https:\/\/president-ksgov.net\/presidentja-osmani-priti-ne-takim-ministrin-e-jashtem-te-gjermanise-heiko-maas\/","og_locale":"sr_RS","og_type":"article","og_title":"Predsednica Omsani do&ccaron;ekala na sastanku ministra spoljnih poslova Nema&ccaron;ke Heiko Maasa - Predsednik Republike Kosovo - DR. VJOSA OSMANI - SADRIU","og_description":"Predsednica Omsani do&ccaron;ekala na sastanku ministra spoljnih poslova Nema&ccaron;ke Heiko Maasa - Predsednik Republike Kosovo - DR. VJOSA OSMANI - SADRIU -","og_url":"https:\/\/president-ksgov.net\/presidentja-osmani-priti-ne-takim-ministrin-e-jashtem-te-gjermanise-heiko-maas\/","og_site_name":"Predsednik Republike Kosovo - DR. VJOSA OSMANI - SADRIU","article_published_time":"2021-04-22T17:54:55+00:00","og_image":[{"width":2048,"height":1362,"url":"https:\/\/president-ksgov.net\/wp-content\/uploads\/22_04_2021_5544395_177420157_515639136117590_7872555270731485457_n.jpg","type":"image\/jpeg"}],"author":"admin","twitter_card":"summary_large_image","twitter_misc":{"\u041d\u0430\u043f\u0438\u0441\u0430\u043d\u043e \u043e\u0434":"admin","\u041f\u0440\u043e\u0446\u0435\u045a\u0435\u043d\u043e \u0432\u0440\u0435\u043c\u0435 \u0447\u0438\u0442\u0430\u045a\u0430":"4 \u043c\u0438\u043d\u0443\u0442\u0430"},"schema":{"@context":"https:\/\/schema.org","@graph":[{"@type":"WebPage","@id":"https:\/\/president-ksgov.net\/presidentja-osmani-priti-ne-takim-ministrin-e-jashtem-te-gjermanise-heiko-maas\/","url":"https:\/\/president-ksgov.net\/presidentja-osmani-priti-ne-takim-ministrin-e-jashtem-te-gjermanise-heiko-maas\/","name":"Predsednica Omsani do&ccaron;ekala na sastanku ministra spoljnih poslova Nema&ccaron;ke Heiko Maasa - Predsednik Republike Kosovo - DR. VJOSA OSMANI - SADRIU","isPartOf":{"@id":"https:\/\/president-ksgov.net\/#website"},"primaryImageOfPage":{"@id":"https:\/\/president-ksgov.net\/presidentja-osmani-priti-ne-takim-ministrin-e-jashtem-te-gjermanise-heiko-maas\/#primaryimage"},"image":{"@id":"https:\/\/president-ksgov.net\/presidentja-osmani-priti-ne-takim-ministrin-e-jashtem-te-gjermanise-heiko-maas\/#primaryimage"},"thumbnailUrl":"https:\/\/president-ksgov.net\/wp-content\/uploads\/22_04_2021_5544395_177420157_515639136117590_7872555270731485457_n.jpg","datePublished":"2021-04-22T17:54:55+00:00","dateModified":"2021-04-22T17:54:55+00:00","author":{"@id":"https:\/\/president-ksgov.net\/#\/schema\/person\/bb4337a5fb147cb2046d80548172cbee"},"description":"Predsednica Omsani do&ccaron;ekala na sastanku ministra spoljnih poslova Nema&ccaron;ke Heiko Maasa - Predsednik Republike Kosovo - DR. VJOSA OSMANI - SADRIU -","breadcrumb":{"@id":"https:\/\/president-ksgov.net\/presidentja-osmani-priti-ne-takim-ministrin-e-jashtem-te-gjermanise-heiko-maas\/#breadcrumb"},"inLanguage":"sr-RS","potentialAction":[{"@type":"ReadAction","target":["https:\/\/president-ksgov.net\/presidentja-osmani-priti-ne-takim-ministrin-e-jashtem-te-gjermanise-heiko-maas\/"]}]},{"@type":"ImageObject","inLanguage":"sr-RS","@id":"https:\/\/president-ksgov.net\/presidentja-osmani-priti-ne-takim-ministrin-e-jashtem-te-gjermanise-heiko-maas\/#primaryimage","url":"https:\/\/president-ksgov.net\/wp-content\/uploads\/22_04_2021_5544395_177420157_515639136117590_7872555270731485457_n.jpg","contentUrl":"https:\/\/president-ksgov.net\/wp-content\/uploads\/22_04_2021_5544395_177420157_515639136117590_7872555270731485457_n.jpg","width":2048,"height":1362},{"@type":"BreadcrumbList","@id":"https:\/\/president-ksgov.net\/presidentja-osmani-priti-ne-takim-ministrin-e-jashtem-te-gjermanise-heiko-maas\/#breadcrumb","itemListElement":[{"@type":"ListItem","position":1,"name":"Home","item":"https:\/\/president-ksgov.net\/sr\/"},{"@type":"ListItem","position":2,"name":"Predsednica Omsani do&ccaron;ekala na sastanku ministra spoljnih poslova Nema&ccaron;ke Heiko Maasa"}]},{"@type":"WebSite","@id":"https:\/\/president-ksgov.net\/#website","url":"https:\/\/president-ksgov.net\/","name":"Presidente e Republik\u00ebs s\u00eb Kosov\u00ebs","description":"Presidente e Republik\u00ebs s\u00eb Kosov\u00ebs","alternateName":"DR. VJOSA OSMANI - SADRIU","potentialAction":[{"@type":"SearchAction","target":{"@type":"EntryPoint","urlTemplate":"https:\/\/president-ksgov.net\/?s={search_term_string}"},"query-input":{"@type":"PropertyValueSpecification","valueRequired":true,"valueName":"search_term_string"}}],"inLanguage":"sr-RS"},{"@type":"Person","@id":"https:\/\/president-ksgov.net\/#\/schema\/person\/bb4337a5fb147cb2046d80548172cbee","name":"admin","image":{"@type":"ImageObject","inLanguage":"sr-RS","@id":"https:\/\/president-ksgov.net\/#\/schema\/person\/image\/","url":"https:\/\/secure.gravatar.com\/avatar\/36156ca0fa3b8d9d25174f146e16beea0cf28f37adf1b9e19b6c9c279a7c9dd3?s=96&d=mm&r=g","contentUrl":"https:\/\/secure.gravatar.com\/avatar\/36156ca0fa3b8d9d25174f146e16beea0cf28f37adf1b9e19b6c9c279a7c9dd3?s=96&d=mm&r=g","caption":"admin"},"sameAs":["https:\/\/president-ksgov.net"]}]}},"_links":{"self":[{"href":"https:\/\/president-ksgov.net\/sr\/wp-json\/wp\/v2\/posts\/75081","targetHints":{"allow":["GET"]}}],"collection":[{"href":"https:\/\/president-ksgov.net\/sr\/wp-json\/wp\/v2\/posts"}],"about":[{"href":"https:\/\/president-ksgov.net\/sr\/wp-json\/wp\/v2\/types\/post"}],"author":[{"embeddable":true,"href":"https:\/\/president-ksgov.net\/sr\/wp-json\/wp\/v2\/users\/1"}],"replies":[{"embeddable":true,"href":"https:\/\/president-ksgov.net\/sr\/wp-json\/wp\/v2\/comments?post=75081"}],"version-history":[{"count":0,"href":"https:\/\/president-ksgov.net\/sr\/wp-json\/wp\/v2\/posts\/75081\/revisions"}],"wp:featuredmedia":[{"embeddable":true,"href":"https:\/\/president-ksgov.net\/sr\/wp-json\/wp\/v2\/media\/20980"}],"wp:attachment":[{"href":"https:\/\/president-ksgov.net\/sr\/wp-json\/wp\/v2\/media?parent=75081"}],"wp:term":[{"taxonomy":"category","embeddable":true,"href":"https:\/\/president-ksgov.net\/sr\/wp-json\/wp\/v2\/categories?post=75081"},{"taxonomy":"post_tag","embeddable":true,"href":"https:\/\/president-ksgov.net\/sr\/wp-json\/wp\/v2\/tags?post=75081"}],"curies":[{"name":"wp","href":"https:\/\/api.w.org\/{rel}","templated":true}]}}