{"id":75077,"date":"2021-04-23T20:08:11","date_gmt":"2021-04-23T20:08:11","guid":{"rendered":"https:\/\/dev.president-ksgov.net\/predsednica-osmani-radimo-kako-bismo-garantovali-republiku-koju-svi-smatraju-zajednikim-domom\/"},"modified":"2021-04-23T20:08:11","modified_gmt":"2021-04-23T20:08:11","slug":"predsednica-osmani-radimo-kako-bismo-garantovali-republiku-koju-svi-smatraju-zajednikim-domom","status":"publish","type":"post","link":"https:\/\/president-ksgov.net\/sr\/predsednica-osmani-radimo-kako-bismo-garantovali-republiku-koju-svi-smatraju-zajednikim-domom\/","title":{"rendered":"Predsednica Osmani: Radimo kako bismo garantovali Republiku koju svi smatraju zajedni&ccaron;kim domom"},"content":{"rendered":"<p>Predsednica Republike Kosovo dr Vjosa Osmani \u2013 Sadriu u&ccaron;estvovala je ve&ccaron;eras u obele&#382;avanju Dana turske zajednice u Republici Kosovo.<\/p>\n<p>Predsednica Osmani im je u ime gra&dstrok;ana Kosova i institucija Republike Kosovo &ccaron;estitala Dan turske zajednice u na\u0161oj Republici, a izrazila je duboku zahvalnost svim pripadnicima turske zajednice koji &#382;ive na Kosovu.<\/p>\n<p>\u201ePripadnici turske zajednice na Kosovu, bitan su deo na\u0161e zemlje. Oni su aktivni deo na\u0161eg dru\u0161tva. Danas, mi radino zajedno sa svima vama, radi izgradnje zajedni&ccaron;kog &#382;ivota na Kosovu. Va\u0161i predstavnici u institucijama zemlje, bilo na centralnom nivou, preko va\u0161ih predstavnika u Skup\u0161tini, odnosno u Vladi Republike, bilo na lokalnom, dali su istaknuti doprinos u institucijama zemlje kako bi se jo\u0161 vi\u0161e razvijala i galija demokratija u zemlji, kao i kako bi se stvorili najbolji uslovi za &#382;ivot gra&dstrok;ana Republike Kosovo\u201c, rekla je predsednica Osmani.<\/p>\n<p>Predsednica zemlje je rekla da je kosovska dr&#382;ava preko svog Ustava zagarantovala pravo svim zajednicama da razvijaju svoj kulturolo\u0161ki, jezi&ccaron;ki i etni&ccaron;ki identitet.<\/p>\n<p>\u201eMi smo posve&cacute;eni tome da obezbedimo kvalitetno obrazovanje svoj deci, da oni razvijaju svoj etni&ccaron;ki i kulturolo\u0161ki identitet na svom maternjem jeziku. Tako&dstrok;e se staramo o tome da obezbedimo dostojanstvenu zastupljenost u centralnim i lokalnim institucijama zemlje. Ali, iznad svega radimo na tome da garantujemo Republiku koju &cacute;e svi smatrati zajedni&ccaron;kim domom i gde &cacute;emo se svi ose&cacute;ati jednakima\u201c, istakla je predsednica.\u00a0<\/p>\n<p>Predsednica Osmani je dalje dodala da je po\u0161tovanje prava etni&ccaron;kih, kulturolo\u0161kih i jezi&ccaron;kih zajednica, bogatstvo na\u0161e dr&#382;ave.<\/p>\n<p>Ona je dalje rekla da &cacute;emo nastaviti da i dalje promovi\u0161emo va\u0161e vrednosti kao bitan deo na\u0161eg kulturolo\u0161kog, etni&ccaron;kog i jezi&ccaron;kog mozaika, one su deo cenjenog bogatstva, mi &#382;elimo da &ccaron;uvamo i promovi\u0161emo, jer je to bogatstvo koje cenimo.<\/p>\n<p>\u201eKao predsednica svih gra&dstrok;ana na\u0161e Republike, stara&cacute;u se da vrednosti koje vi zastupate budu konstantno tretirane kao na\u0161e bogatstvo i da se gaje generacijama. Uveravam vas da &cacute;e se doma&cacute;e institucije starati o va\u0161oj zastupljenosti u svim &#382;ivotnim aspektima, a i \u0161ire, da &cacute;e va\u0161 glas uvek biti saslu\u0161an, da &cacute;e va\u0161 etni&ccaron;ki, kulturolo\u0161ki i jezi&ccaron;ki identitet biti sa&ccaron;uvan, da &cacute;e se gajiti i jo\u0161 vi\u0161e promovisati\u201c, rekla je predsednica.\u00a0<\/p>\n<p>Predsednica Republike Kosovo Vjosa Osmani dalje je rekla da na ovaj poseban dan ponovo potvr&dstrok;ujemo da &cacute;e na\u0161e institucije tako&dstrok;e nastaviti tradiciju dobrih odnosa sa turskom dr&#382;avom, kojoj smo izuzetno zahvalni na konstantnoj podr\u0161ci kosovskoj dr&#382;avi.<\/p>\n<p>\u201eSa ovog mesta, na ovako bitan dan za vas, ponovo isti&ccaron;emo da &cacute;emo raditi na o&ccaron;uvanju i promovisanju identiteta turske zajednice koja &#382;ivi u na\u0161oj zemlji. Mustafa Kemal Ataturk je 23. april proglasio i Danom dece. Neka nam to slu&#382;i kao podsetnik da tokom dono\u0161enja svake na\u0161e odluke, mislimo i na decu i o uticaju koje &cacute;e na\u0161e odluke imati na njihovu budu&cacute;nost\u201c, rekla je predsednica.\u00a0<\/p>\n","protected":false},"excerpt":{"rendered":"<p>Predsednica Republike Kosovo dr Vjosa Osmani \u2013 Sadriu u&ccaron;estvovala je ve&ccaron;eras u obele&#382;avanju Dana turske zajednice u Republici Kosovo.<\/p>\n","protected":false},"author":1,"featured_media":20913,"comment_status":"open","ping_status":"closed","sticky":false,"template":"","format":"standard","meta":{"_eb_attr":"","footnotes":""},"categories":[101],"tags":[],"class_list":["post-75077","post","type-post","status-publish","format-standard","has-post-thumbnail","hentry","category-vesti"],"yoast_head":"<!-- This site is optimized with the Yoast SEO plugin v23.5 - https:\/\/yoast.com\/wordpress\/plugins\/seo\/ -->\n<title>Predsednica Osmani: Radimo kako bismo garantovali Republiku koju svi smatraju zajedni&amp;ccaron;kim domom - Predsednik Republike Kosovo - DR. VJOSA OSMANI - SADRIU<\/title>\n<meta name=\"description\" content=\"Predsednica Osmani: Radimo kako bismo garantovali Republiku koju svi smatraju zajedni&amp;ccaron;kim domom - Predsednik Republike Kosovo - DR. VJOSA OSMANI - SADRIU -\" \/>\n<meta name=\"robots\" content=\"index, follow, max-snippet:-1, max-image-preview:large, max-video-preview:-1\" \/>\n<link rel=\"canonical\" href=\"https:\/\/president-ksgov.net\/sr\/predsednica-osmani-radimo-kako-bismo-garantovali-republiku-koju-svi-smatraju-zajednikim-domom\/\" \/>\n<meta property=\"og:locale\" content=\"sr_RS\" \/>\n<meta property=\"og:type\" content=\"article\" \/>\n<meta property=\"og:title\" content=\"Predsednica Osmani: Radimo kako bismo garantovali Republiku koju svi smatraju zajedni&amp;ccaron;kim domom - Predsednik Republike Kosovo - DR. VJOSA OSMANI - SADRIU\" \/>\n<meta property=\"og:description\" content=\"Predsednica Osmani: Radimo kako bismo garantovali Republiku koju svi smatraju zajedni&amp;ccaron;kim domom - Predsednik Republike Kosovo - DR. VJOSA OSMANI - SADRIU -\" \/>\n<meta property=\"og:url\" content=\"https:\/\/president-ksgov.net\/sr\/predsednica-osmani-radimo-kako-bismo-garantovali-republiku-koju-svi-smatraju-zajednikim-domom\/\" \/>\n<meta property=\"og:site_name\" content=\"Predsednik Republike Kosovo - DR. VJOSA OSMANI - SADRIU\" \/>\n<meta property=\"article:published_time\" content=\"2021-04-23T20:08:11+00:00\" \/>\n<meta property=\"og:image\" content=\"https:\/\/president-ksgov.net\/wp-content\/uploads\/23_04_2021_835939_1.jpg\" \/>\n\t<meta property=\"og:image:width\" content=\"960\" \/>\n\t<meta property=\"og:image:height\" content=\"640\" \/>\n\t<meta property=\"og:image:type\" content=\"image\/jpeg\" \/>\n<meta name=\"author\" content=\"admin\" \/>\n<meta name=\"twitter:card\" content=\"summary_large_image\" \/>\n<meta name=\"twitter:label1\" content=\"\u041d\u0430\u043f\u0438\u0441\u0430\u043d\u043e \u043e\u0434\" \/>\n\t<meta name=\"twitter:data1\" content=\"admin\" \/>\n\t<meta name=\"twitter:label2\" content=\"\u041f\u0440\u043e\u0446\u0435\u045a\u0435\u043d\u043e \u0432\u0440\u0435\u043c\u0435 \u0447\u0438\u0442\u0430\u045a\u0430\" \/>\n\t<meta name=\"twitter:data2\" content=\"3 \u043c\u0438\u043d\u0443\u0442\u0430\" \/>\n<script type=\"application\/ld+json\" class=\"yoast-schema-graph\">{\"@context\":\"https:\/\/schema.org\",\"@graph\":[{\"@type\":\"WebPage\",\"@id\":\"https:\/\/president-ksgov.net\/sr\/predsednica-osmani-radimo-kako-bismo-garantovali-republiku-koju-svi-smatraju-zajednikim-domom\/\",\"url\":\"https:\/\/president-ksgov.net\/sr\/predsednica-osmani-radimo-kako-bismo-garantovali-republiku-koju-svi-smatraju-zajednikim-domom\/\",\"name\":\"Predsednica Osmani: Radimo kako bismo garantovali Republiku koju svi smatraju zajedni&ccaron;kim domom - Predsednik Republike Kosovo - DR. VJOSA OSMANI - SADRIU\",\"isPartOf\":{\"@id\":\"https:\/\/president-ksgov.net\/#website\"},\"primaryImageOfPage\":{\"@id\":\"https:\/\/president-ksgov.net\/sr\/predsednica-osmani-radimo-kako-bismo-garantovali-republiku-koju-svi-smatraju-zajednikim-domom\/#primaryimage\"},\"image\":{\"@id\":\"https:\/\/president-ksgov.net\/sr\/predsednica-osmani-radimo-kako-bismo-garantovali-republiku-koju-svi-smatraju-zajednikim-domom\/#primaryimage\"},\"thumbnailUrl\":\"https:\/\/president-ksgov.net\/wp-content\/uploads\/23_04_2021_835939_1.jpg\",\"datePublished\":\"2021-04-23T20:08:11+00:00\",\"dateModified\":\"2021-04-23T20:08:11+00:00\",\"author\":{\"@id\":\"https:\/\/president-ksgov.net\/#\/schema\/person\/bb4337a5fb147cb2046d80548172cbee\"},\"description\":\"Predsednica Osmani: Radimo kako bismo garantovali Republiku koju svi smatraju zajedni&ccaron;kim domom - Predsednik Republike Kosovo - DR. VJOSA OSMANI - SADRIU -\",\"breadcrumb\":{\"@id\":\"https:\/\/president-ksgov.net\/sr\/predsednica-osmani-radimo-kako-bismo-garantovali-republiku-koju-svi-smatraju-zajednikim-domom\/#breadcrumb\"},\"inLanguage\":\"sr-RS\",\"potentialAction\":[{\"@type\":\"ReadAction\",\"target\":[\"https:\/\/president-ksgov.net\/sr\/predsednica-osmani-radimo-kako-bismo-garantovali-republiku-koju-svi-smatraju-zajednikim-domom\/\"]}]},{\"@type\":\"ImageObject\",\"inLanguage\":\"sr-RS\",\"@id\":\"https:\/\/president-ksgov.net\/sr\/predsednica-osmani-radimo-kako-bismo-garantovali-republiku-koju-svi-smatraju-zajednikim-domom\/#primaryimage\",\"url\":\"https:\/\/president-ksgov.net\/wp-content\/uploads\/23_04_2021_835939_1.jpg\",\"contentUrl\":\"https:\/\/president-ksgov.net\/wp-content\/uploads\/23_04_2021_835939_1.jpg\",\"width\":960,\"height\":640},{\"@type\":\"BreadcrumbList\",\"@id\":\"https:\/\/president-ksgov.net\/sr\/predsednica-osmani-radimo-kako-bismo-garantovali-republiku-koju-svi-smatraju-zajednikim-domom\/#breadcrumb\",\"itemListElement\":[{\"@type\":\"ListItem\",\"position\":1,\"name\":\"Home\",\"item\":\"https:\/\/president-ksgov.net\/sr\/\"},{\"@type\":\"ListItem\",\"position\":2,\"name\":\"Predsednica Osmani: Radimo kako bismo garantovali Republiku koju svi smatraju zajedni&ccaron;kim domom\"}]},{\"@type\":\"WebSite\",\"@id\":\"https:\/\/president-ksgov.net\/#website\",\"url\":\"https:\/\/president-ksgov.net\/\",\"name\":\"Presidente e Republik\u00ebs s\u00eb Kosov\u00ebs\",\"description\":\"Presidente e Republik\u00ebs s\u00eb Kosov\u00ebs\",\"alternateName\":\"DR. VJOSA OSMANI - SADRIU\",\"potentialAction\":[{\"@type\":\"SearchAction\",\"target\":{\"@type\":\"EntryPoint\",\"urlTemplate\":\"https:\/\/president-ksgov.net\/?s={search_term_string}\"},\"query-input\":{\"@type\":\"PropertyValueSpecification\",\"valueRequired\":true,\"valueName\":\"search_term_string\"}}],\"inLanguage\":\"sr-RS\"},{\"@type\":\"Person\",\"@id\":\"https:\/\/president-ksgov.net\/#\/schema\/person\/bb4337a5fb147cb2046d80548172cbee\",\"name\":\"admin\",\"image\":{\"@type\":\"ImageObject\",\"inLanguage\":\"sr-RS\",\"@id\":\"https:\/\/president-ksgov.net\/#\/schema\/person\/image\/\",\"url\":\"https:\/\/secure.gravatar.com\/avatar\/36156ca0fa3b8d9d25174f146e16beea0cf28f37adf1b9e19b6c9c279a7c9dd3?s=96&d=mm&r=g\",\"contentUrl\":\"https:\/\/secure.gravatar.com\/avatar\/36156ca0fa3b8d9d25174f146e16beea0cf28f37adf1b9e19b6c9c279a7c9dd3?s=96&d=mm&r=g\",\"caption\":\"admin\"},\"sameAs\":[\"https:\/\/president-ksgov.net\"]}]}<\/script>\n<!-- \/ Yoast SEO plugin. -->","yoast_head_json":{"title":"Predsednica Osmani: Radimo kako bismo garantovali Republiku koju svi smatraju zajedni&ccaron;kim domom - Predsednik Republike Kosovo - DR. VJOSA OSMANI - SADRIU","description":"Predsednica Osmani: Radimo kako bismo garantovali Republiku koju svi smatraju zajedni&ccaron;kim domom - Predsednik Republike Kosovo - DR. VJOSA OSMANI - SADRIU -","robots":{"index":"index","follow":"follow","max-snippet":"max-snippet:-1","max-image-preview":"max-image-preview:large","max-video-preview":"max-video-preview:-1"},"canonical":"https:\/\/president-ksgov.net\/sr\/predsednica-osmani-radimo-kako-bismo-garantovali-republiku-koju-svi-smatraju-zajednikim-domom\/","og_locale":"sr_RS","og_type":"article","og_title":"Predsednica Osmani: Radimo kako bismo garantovali Republiku koju svi smatraju zajedni&ccaron;kim domom - Predsednik Republike Kosovo - DR. VJOSA OSMANI - SADRIU","og_description":"Predsednica Osmani: Radimo kako bismo garantovali Republiku koju svi smatraju zajedni&ccaron;kim domom - Predsednik Republike Kosovo - DR. VJOSA OSMANI - SADRIU -","og_url":"https:\/\/president-ksgov.net\/sr\/predsednica-osmani-radimo-kako-bismo-garantovali-republiku-koju-svi-smatraju-zajednikim-domom\/","og_site_name":"Predsednik Republike Kosovo - DR. VJOSA OSMANI - SADRIU","article_published_time":"2021-04-23T20:08:11+00:00","og_image":[{"width":960,"height":640,"url":"https:\/\/president-ksgov.net\/wp-content\/uploads\/23_04_2021_835939_1.jpg","type":"image\/jpeg"}],"author":"admin","twitter_card":"summary_large_image","twitter_misc":{"\u041d\u0430\u043f\u0438\u0441\u0430\u043d\u043e \u043e\u0434":"admin","\u041f\u0440\u043e\u0446\u0435\u045a\u0435\u043d\u043e \u0432\u0440\u0435\u043c\u0435 \u0447\u0438\u0442\u0430\u045a\u0430":"3 \u043c\u0438\u043d\u0443\u0442\u0430"},"schema":{"@context":"https:\/\/schema.org","@graph":[{"@type":"WebPage","@id":"https:\/\/president-ksgov.net\/sr\/predsednica-osmani-radimo-kako-bismo-garantovali-republiku-koju-svi-smatraju-zajednikim-domom\/","url":"https:\/\/president-ksgov.net\/sr\/predsednica-osmani-radimo-kako-bismo-garantovali-republiku-koju-svi-smatraju-zajednikim-domom\/","name":"Predsednica Osmani: Radimo kako bismo garantovali Republiku koju svi smatraju zajedni&ccaron;kim domom - Predsednik Republike Kosovo - DR. VJOSA OSMANI - SADRIU","isPartOf":{"@id":"https:\/\/president-ksgov.net\/#website"},"primaryImageOfPage":{"@id":"https:\/\/president-ksgov.net\/sr\/predsednica-osmani-radimo-kako-bismo-garantovali-republiku-koju-svi-smatraju-zajednikim-domom\/#primaryimage"},"image":{"@id":"https:\/\/president-ksgov.net\/sr\/predsednica-osmani-radimo-kako-bismo-garantovali-republiku-koju-svi-smatraju-zajednikim-domom\/#primaryimage"},"thumbnailUrl":"https:\/\/president-ksgov.net\/wp-content\/uploads\/23_04_2021_835939_1.jpg","datePublished":"2021-04-23T20:08:11+00:00","dateModified":"2021-04-23T20:08:11+00:00","author":{"@id":"https:\/\/president-ksgov.net\/#\/schema\/person\/bb4337a5fb147cb2046d80548172cbee"},"description":"Predsednica Osmani: Radimo kako bismo garantovali Republiku koju svi smatraju zajedni&ccaron;kim domom - Predsednik Republike Kosovo - DR. VJOSA OSMANI - SADRIU -","breadcrumb":{"@id":"https:\/\/president-ksgov.net\/sr\/predsednica-osmani-radimo-kako-bismo-garantovali-republiku-koju-svi-smatraju-zajednikim-domom\/#breadcrumb"},"inLanguage":"sr-RS","potentialAction":[{"@type":"ReadAction","target":["https:\/\/president-ksgov.net\/sr\/predsednica-osmani-radimo-kako-bismo-garantovali-republiku-koju-svi-smatraju-zajednikim-domom\/"]}]},{"@type":"ImageObject","inLanguage":"sr-RS","@id":"https:\/\/president-ksgov.net\/sr\/predsednica-osmani-radimo-kako-bismo-garantovali-republiku-koju-svi-smatraju-zajednikim-domom\/#primaryimage","url":"https:\/\/president-ksgov.net\/wp-content\/uploads\/23_04_2021_835939_1.jpg","contentUrl":"https:\/\/president-ksgov.net\/wp-content\/uploads\/23_04_2021_835939_1.jpg","width":960,"height":640},{"@type":"BreadcrumbList","@id":"https:\/\/president-ksgov.net\/sr\/predsednica-osmani-radimo-kako-bismo-garantovali-republiku-koju-svi-smatraju-zajednikim-domom\/#breadcrumb","itemListElement":[{"@type":"ListItem","position":1,"name":"Home","item":"https:\/\/president-ksgov.net\/sr\/"},{"@type":"ListItem","position":2,"name":"Predsednica Osmani: Radimo kako bismo garantovali Republiku koju svi smatraju zajedni&ccaron;kim domom"}]},{"@type":"WebSite","@id":"https:\/\/president-ksgov.net\/#website","url":"https:\/\/president-ksgov.net\/","name":"Presidente e Republik\u00ebs s\u00eb Kosov\u00ebs","description":"Presidente e Republik\u00ebs s\u00eb Kosov\u00ebs","alternateName":"DR. VJOSA OSMANI - SADRIU","potentialAction":[{"@type":"SearchAction","target":{"@type":"EntryPoint","urlTemplate":"https:\/\/president-ksgov.net\/?s={search_term_string}"},"query-input":{"@type":"PropertyValueSpecification","valueRequired":true,"valueName":"search_term_string"}}],"inLanguage":"sr-RS"},{"@type":"Person","@id":"https:\/\/president-ksgov.net\/#\/schema\/person\/bb4337a5fb147cb2046d80548172cbee","name":"admin","image":{"@type":"ImageObject","inLanguage":"sr-RS","@id":"https:\/\/president-ksgov.net\/#\/schema\/person\/image\/","url":"https:\/\/secure.gravatar.com\/avatar\/36156ca0fa3b8d9d25174f146e16beea0cf28f37adf1b9e19b6c9c279a7c9dd3?s=96&d=mm&r=g","contentUrl":"https:\/\/secure.gravatar.com\/avatar\/36156ca0fa3b8d9d25174f146e16beea0cf28f37adf1b9e19b6c9c279a7c9dd3?s=96&d=mm&r=g","caption":"admin"},"sameAs":["https:\/\/president-ksgov.net"]}]}},"_links":{"self":[{"href":"https:\/\/president-ksgov.net\/sr\/wp-json\/wp\/v2\/posts\/75077","targetHints":{"allow":["GET"]}}],"collection":[{"href":"https:\/\/president-ksgov.net\/sr\/wp-json\/wp\/v2\/posts"}],"about":[{"href":"https:\/\/president-ksgov.net\/sr\/wp-json\/wp\/v2\/types\/post"}],"author":[{"embeddable":true,"href":"https:\/\/president-ksgov.net\/sr\/wp-json\/wp\/v2\/users\/1"}],"replies":[{"embeddable":true,"href":"https:\/\/president-ksgov.net\/sr\/wp-json\/wp\/v2\/comments?post=75077"}],"version-history":[{"count":0,"href":"https:\/\/president-ksgov.net\/sr\/wp-json\/wp\/v2\/posts\/75077\/revisions"}],"wp:featuredmedia":[{"embeddable":true,"href":"https:\/\/president-ksgov.net\/sr\/wp-json\/wp\/v2\/media\/20913"}],"wp:attachment":[{"href":"https:\/\/president-ksgov.net\/sr\/wp-json\/wp\/v2\/media?parent=75077"}],"wp:term":[{"taxonomy":"category","embeddable":true,"href":"https:\/\/president-ksgov.net\/sr\/wp-json\/wp\/v2\/categories?post=75077"},{"taxonomy":"post_tag","embeddable":true,"href":"https:\/\/president-ksgov.net\/sr\/wp-json\/wp\/v2\/tags?post=75077"}],"curies":[{"name":"wp","href":"https:\/\/api.w.org\/{rel}","templated":true}]}}