{"id":75071,"date":"2021-04-27T09:11:07","date_gmt":"2021-04-27T09:11:07","guid":{"rendered":"https:\/\/dev.president-ksgov.net\/predsednica-sudbina-kosova-povezana-sa-sudbinom-nasilno-nestalih\/"},"modified":"2021-04-27T09:11:07","modified_gmt":"2021-04-27T09:11:07","slug":"predsednica-sudbina-kosova-povezana-sa-sudbinom-nasilno-nestalih","status":"publish","type":"post","link":"https:\/\/president-ksgov.net\/sr\/predsednica-sudbina-kosova-povezana-sa-sudbinom-nasilno-nestalih\/","title":{"rendered":"Predsednica: Sudbina Kosova povezana sa sudbinom nasilno nestalih"},"content":{"rendered":"<p>Predsednica Republike Kosovo dr Vjosa Osmani je zajedno sa predsednikom Skup\u0161tine<br \/>\nGlaukom Konjufcom i premijerom Albinom Kurtijem, danas odala po&ccaron;asti pred<br \/>\nspomenikom Nestalim licima.<\/p>\n<p>Predsednica Osmani je rekla da danas cela Republika Kosovo, svaki njen gra&dstrok;anin saose&cacute;a sa porodicama preko 1.600 nasilno nestalih lica iz poslednjeg rata na Kosovu.\u00a0<br \/>\n\u00a0\u00a0<br \/>\n\u201eDanas ponavljamo da je sudbina &ccaron;itavog Kosova direktno povezana sa sudbinom preko 1.600 porodica na\u0161ih najmilijih. Danas, tako&dstrok;e ponavljamo da &cacute;e sloboda na Kosovu imati smisla samo onog dana kada se vrate svi na\u0161i ljudi, samo onoga dana kada bude bilo pravde za svakoga od njih, samo onoga dana kada otvorena rana ovih porodica, a koja je na\u0161a zajedni&ccaron;ka rana, rana celog Kosova, bude mogla da se zatvori, ili makar da po&ccaron;ne da zarasta, jer &cacute;e biti rasvetljena sudbina svih nestalih lica\u201c, istakla je predsednica Osmani.\u00a0\u00a0<br \/>\n\u00a0\u00a0<br \/>\nPredsednica zemlje je u prisustvu svih porodica koje su bile prisutne rekla da to nikada ne&cacute;e biti samo njihov teret.\u00a0\u00a0<br \/>\n\u00a0\u00a0<br \/>\n\u201eNije pojedina&ccaron;an teret, nije teret samo porodica, to je na\u0161 teret, svih zajedno. Jer, oni su ljudi, oni su na\u0161i sinovi i &cacute;erke. Oni pripadaju svima, oni pripadaju celom Kosovu. S toga nam je i teret zajedni&ccaron;ki, otvorena rana je zajedni&ccaron;ka, bol nam je zajedni&ccaron;ka\u201c, rekla je predsednica.\u00a0\u00a0<br \/>\n\u00a0<br \/>\nPredsednica Republike Kosovo dr Vjosa Osmani je dalje istakla da &cacute;e se glas porodica nestalih &ccaron;uti svuda i da &cacute;e primarni i osnovni zahtev biti rasvetljavanje sudbine va\u0161ih i na\u0161ih najmilijih.\u00a0\u00a0<br \/>\n\u00a0<br \/>\n\u201eSe&cacute;amo se danas zajedno, kako bismo samo sebe podsetili, kao i &ccaron;itav region i sve na\u0161e saveznike da za Kosovo nema ni&ccaron;eg bitnijeg od rasvetljavanja sudbine nasilno nestalih\u201c, istakla je predsednica Osmani.\u00a0 \u00a0<\/p>\n","protected":false},"excerpt":{"rendered":"<p>Predsednica Republike Kosovo dr Vjosa Osmani je zajedno sa predsednikom Skup\u0161tine<br \/>\nGlaukom Konjufcom i premijerom Albinom Kurtijem, danas odala po&ccaron;asti pred<br \/>\nspomenikom Nestalim licima.<\/p>\n","protected":false},"author":1,"featured_media":20880,"comment_status":"open","ping_status":"closed","sticky":false,"template":"","format":"standard","meta":{"_eb_attr":"","footnotes":""},"categories":[101],"tags":[],"class_list":["post-75071","post","type-post","status-publish","format-standard","has-post-thumbnail","hentry","category-vesti"],"yoast_head":"<!-- This site is optimized with the Yoast SEO plugin v23.5 - https:\/\/yoast.com\/wordpress\/plugins\/seo\/ -->\n<title>Predsednica: Sudbina Kosova povezana sa sudbinom nasilno nestalih - Predsednik Republike Kosovo - DR. VJOSA OSMANI - SADRIU<\/title>\n<meta name=\"description\" content=\"Predsednica: Sudbina Kosova povezana sa sudbinom nasilno nestalih - Predsednik Republike Kosovo - DR. VJOSA OSMANI - SADRIU -\" \/>\n<meta name=\"robots\" content=\"index, follow, max-snippet:-1, max-image-preview:large, max-video-preview:-1\" \/>\n<link rel=\"canonical\" href=\"https:\/\/president-ksgov.net\/sr\/predsednica-sudbina-kosova-povezana-sa-sudbinom-nasilno-nestalih\/\" \/>\n<meta property=\"og:locale\" content=\"sr_RS\" \/>\n<meta property=\"og:type\" content=\"article\" \/>\n<meta property=\"og:title\" content=\"Predsednica: Sudbina Kosova povezana sa sudbinom nasilno nestalih - Predsednik Republike Kosovo - DR. VJOSA OSMANI - SADRIU\" \/>\n<meta property=\"og:description\" content=\"Predsednica: Sudbina Kosova povezana sa sudbinom nasilno nestalih - Predsednik Republike Kosovo - DR. VJOSA OSMANI - SADRIU -\" \/>\n<meta property=\"og:url\" content=\"https:\/\/president-ksgov.net\/sr\/predsednica-sudbina-kosova-povezana-sa-sudbinom-nasilno-nestalih\/\" \/>\n<meta property=\"og:site_name\" content=\"Predsednik Republike Kosovo - DR. VJOSA OSMANI - SADRIU\" \/>\n<meta property=\"article:published_time\" content=\"2021-04-27T09:11:07+00:00\" \/>\n<meta property=\"og:image\" content=\"https:\/\/president-ksgov.net\/wp-content\/uploads\/27_04_2021_2072421_27_4_2021_5_jpg.jpg\" \/>\n\t<meta property=\"og:image:width\" content=\"2048\" \/>\n\t<meta property=\"og:image:height\" content=\"1366\" \/>\n\t<meta property=\"og:image:type\" content=\"image\/jpeg\" \/>\n<meta name=\"author\" content=\"admin\" \/>\n<meta name=\"twitter:card\" content=\"summary_large_image\" \/>\n<meta name=\"twitter:label1\" content=\"\u041d\u0430\u043f\u0438\u0441\u0430\u043d\u043e \u043e\u0434\" \/>\n\t<meta name=\"twitter:data1\" content=\"admin\" \/>\n\t<meta name=\"twitter:label2\" content=\"\u041f\u0440\u043e\u0446\u0435\u045a\u0435\u043d\u043e \u0432\u0440\u0435\u043c\u0435 \u0447\u0438\u0442\u0430\u045a\u0430\" \/>\n\t<meta name=\"twitter:data2\" content=\"2 \u043c\u0438\u043d\u0443\u0442\u0430\" \/>\n<script type=\"application\/ld+json\" class=\"yoast-schema-graph\">{\"@context\":\"https:\/\/schema.org\",\"@graph\":[{\"@type\":\"WebPage\",\"@id\":\"https:\/\/president-ksgov.net\/sr\/predsednica-sudbina-kosova-povezana-sa-sudbinom-nasilno-nestalih\/\",\"url\":\"https:\/\/president-ksgov.net\/sr\/predsednica-sudbina-kosova-povezana-sa-sudbinom-nasilno-nestalih\/\",\"name\":\"Predsednica: Sudbina Kosova povezana sa sudbinom nasilno nestalih - Predsednik Republike Kosovo - DR. VJOSA OSMANI - SADRIU\",\"isPartOf\":{\"@id\":\"https:\/\/president-ksgov.net\/#website\"},\"primaryImageOfPage\":{\"@id\":\"https:\/\/president-ksgov.net\/sr\/predsednica-sudbina-kosova-povezana-sa-sudbinom-nasilno-nestalih\/#primaryimage\"},\"image\":{\"@id\":\"https:\/\/president-ksgov.net\/sr\/predsednica-sudbina-kosova-povezana-sa-sudbinom-nasilno-nestalih\/#primaryimage\"},\"thumbnailUrl\":\"https:\/\/president-ksgov.net\/wp-content\/uploads\/27_04_2021_2072421_27_4_2021_5_jpg.jpg\",\"datePublished\":\"2021-04-27T09:11:07+00:00\",\"dateModified\":\"2021-04-27T09:11:07+00:00\",\"author\":{\"@id\":\"https:\/\/president-ksgov.net\/#\/schema\/person\/bb4337a5fb147cb2046d80548172cbee\"},\"description\":\"Predsednica: Sudbina Kosova povezana sa sudbinom nasilno nestalih - Predsednik Republike Kosovo - DR. VJOSA OSMANI - SADRIU -\",\"breadcrumb\":{\"@id\":\"https:\/\/president-ksgov.net\/sr\/predsednica-sudbina-kosova-povezana-sa-sudbinom-nasilno-nestalih\/#breadcrumb\"},\"inLanguage\":\"sr-RS\",\"potentialAction\":[{\"@type\":\"ReadAction\",\"target\":[\"https:\/\/president-ksgov.net\/sr\/predsednica-sudbina-kosova-povezana-sa-sudbinom-nasilno-nestalih\/\"]}]},{\"@type\":\"ImageObject\",\"inLanguage\":\"sr-RS\",\"@id\":\"https:\/\/president-ksgov.net\/sr\/predsednica-sudbina-kosova-povezana-sa-sudbinom-nasilno-nestalih\/#primaryimage\",\"url\":\"https:\/\/president-ksgov.net\/wp-content\/uploads\/27_04_2021_2072421_27_4_2021_5_jpg.jpg\",\"contentUrl\":\"https:\/\/president-ksgov.net\/wp-content\/uploads\/27_04_2021_2072421_27_4_2021_5_jpg.jpg\",\"width\":2048,\"height\":1366},{\"@type\":\"BreadcrumbList\",\"@id\":\"https:\/\/president-ksgov.net\/sr\/predsednica-sudbina-kosova-povezana-sa-sudbinom-nasilno-nestalih\/#breadcrumb\",\"itemListElement\":[{\"@type\":\"ListItem\",\"position\":1,\"name\":\"Home\",\"item\":\"https:\/\/president-ksgov.net\/sr\/\"},{\"@type\":\"ListItem\",\"position\":2,\"name\":\"Predsednica: Sudbina Kosova povezana sa sudbinom nasilno nestalih\"}]},{\"@type\":\"WebSite\",\"@id\":\"https:\/\/president-ksgov.net\/#website\",\"url\":\"https:\/\/president-ksgov.net\/\",\"name\":\"Presidente e Republik\u00ebs s\u00eb Kosov\u00ebs\",\"description\":\"Presidente e Republik\u00ebs s\u00eb Kosov\u00ebs\",\"alternateName\":\"DR. VJOSA OSMANI - SADRIU\",\"potentialAction\":[{\"@type\":\"SearchAction\",\"target\":{\"@type\":\"EntryPoint\",\"urlTemplate\":\"https:\/\/president-ksgov.net\/?s={search_term_string}\"},\"query-input\":{\"@type\":\"PropertyValueSpecification\",\"valueRequired\":true,\"valueName\":\"search_term_string\"}}],\"inLanguage\":\"sr-RS\"},{\"@type\":\"Person\",\"@id\":\"https:\/\/president-ksgov.net\/#\/schema\/person\/bb4337a5fb147cb2046d80548172cbee\",\"name\":\"admin\",\"image\":{\"@type\":\"ImageObject\",\"inLanguage\":\"sr-RS\",\"@id\":\"https:\/\/president-ksgov.net\/#\/schema\/person\/image\/\",\"url\":\"https:\/\/secure.gravatar.com\/avatar\/36156ca0fa3b8d9d25174f146e16beea0cf28f37adf1b9e19b6c9c279a7c9dd3?s=96&d=mm&r=g\",\"contentUrl\":\"https:\/\/secure.gravatar.com\/avatar\/36156ca0fa3b8d9d25174f146e16beea0cf28f37adf1b9e19b6c9c279a7c9dd3?s=96&d=mm&r=g\",\"caption\":\"admin\"},\"sameAs\":[\"https:\/\/president-ksgov.net\"]}]}<\/script>\n<!-- \/ Yoast SEO plugin. -->","yoast_head_json":{"title":"Predsednica: Sudbina Kosova povezana sa sudbinom nasilno nestalih - Predsednik Republike Kosovo - DR. VJOSA OSMANI - SADRIU","description":"Predsednica: Sudbina Kosova povezana sa sudbinom nasilno nestalih - Predsednik Republike Kosovo - DR. VJOSA OSMANI - SADRIU -","robots":{"index":"index","follow":"follow","max-snippet":"max-snippet:-1","max-image-preview":"max-image-preview:large","max-video-preview":"max-video-preview:-1"},"canonical":"https:\/\/president-ksgov.net\/sr\/predsednica-sudbina-kosova-povezana-sa-sudbinom-nasilno-nestalih\/","og_locale":"sr_RS","og_type":"article","og_title":"Predsednica: Sudbina Kosova povezana sa sudbinom nasilno nestalih - Predsednik Republike Kosovo - DR. VJOSA OSMANI - SADRIU","og_description":"Predsednica: Sudbina Kosova povezana sa sudbinom nasilno nestalih - Predsednik Republike Kosovo - DR. VJOSA OSMANI - SADRIU -","og_url":"https:\/\/president-ksgov.net\/sr\/predsednica-sudbina-kosova-povezana-sa-sudbinom-nasilno-nestalih\/","og_site_name":"Predsednik Republike Kosovo - DR. VJOSA OSMANI - SADRIU","article_published_time":"2021-04-27T09:11:07+00:00","og_image":[{"width":2048,"height":1366,"url":"https:\/\/president-ksgov.net\/wp-content\/uploads\/27_04_2021_2072421_27_4_2021_5_jpg.jpg","type":"image\/jpeg"}],"author":"admin","twitter_card":"summary_large_image","twitter_misc":{"\u041d\u0430\u043f\u0438\u0441\u0430\u043d\u043e \u043e\u0434":"admin","\u041f\u0440\u043e\u0446\u0435\u045a\u0435\u043d\u043e \u0432\u0440\u0435\u043c\u0435 \u0447\u0438\u0442\u0430\u045a\u0430":"2 \u043c\u0438\u043d\u0443\u0442\u0430"},"schema":{"@context":"https:\/\/schema.org","@graph":[{"@type":"WebPage","@id":"https:\/\/president-ksgov.net\/sr\/predsednica-sudbina-kosova-povezana-sa-sudbinom-nasilno-nestalih\/","url":"https:\/\/president-ksgov.net\/sr\/predsednica-sudbina-kosova-povezana-sa-sudbinom-nasilno-nestalih\/","name":"Predsednica: Sudbina Kosova povezana sa sudbinom nasilno nestalih - Predsednik Republike Kosovo - DR. VJOSA OSMANI - SADRIU","isPartOf":{"@id":"https:\/\/president-ksgov.net\/#website"},"primaryImageOfPage":{"@id":"https:\/\/president-ksgov.net\/sr\/predsednica-sudbina-kosova-povezana-sa-sudbinom-nasilno-nestalih\/#primaryimage"},"image":{"@id":"https:\/\/president-ksgov.net\/sr\/predsednica-sudbina-kosova-povezana-sa-sudbinom-nasilno-nestalih\/#primaryimage"},"thumbnailUrl":"https:\/\/president-ksgov.net\/wp-content\/uploads\/27_04_2021_2072421_27_4_2021_5_jpg.jpg","datePublished":"2021-04-27T09:11:07+00:00","dateModified":"2021-04-27T09:11:07+00:00","author":{"@id":"https:\/\/president-ksgov.net\/#\/schema\/person\/bb4337a5fb147cb2046d80548172cbee"},"description":"Predsednica: Sudbina Kosova povezana sa sudbinom nasilno nestalih - Predsednik Republike Kosovo - DR. VJOSA OSMANI - SADRIU -","breadcrumb":{"@id":"https:\/\/president-ksgov.net\/sr\/predsednica-sudbina-kosova-povezana-sa-sudbinom-nasilno-nestalih\/#breadcrumb"},"inLanguage":"sr-RS","potentialAction":[{"@type":"ReadAction","target":["https:\/\/president-ksgov.net\/sr\/predsednica-sudbina-kosova-povezana-sa-sudbinom-nasilno-nestalih\/"]}]},{"@type":"ImageObject","inLanguage":"sr-RS","@id":"https:\/\/president-ksgov.net\/sr\/predsednica-sudbina-kosova-povezana-sa-sudbinom-nasilno-nestalih\/#primaryimage","url":"https:\/\/president-ksgov.net\/wp-content\/uploads\/27_04_2021_2072421_27_4_2021_5_jpg.jpg","contentUrl":"https:\/\/president-ksgov.net\/wp-content\/uploads\/27_04_2021_2072421_27_4_2021_5_jpg.jpg","width":2048,"height":1366},{"@type":"BreadcrumbList","@id":"https:\/\/president-ksgov.net\/sr\/predsednica-sudbina-kosova-povezana-sa-sudbinom-nasilno-nestalih\/#breadcrumb","itemListElement":[{"@type":"ListItem","position":1,"name":"Home","item":"https:\/\/president-ksgov.net\/sr\/"},{"@type":"ListItem","position":2,"name":"Predsednica: Sudbina Kosova povezana sa sudbinom nasilno nestalih"}]},{"@type":"WebSite","@id":"https:\/\/president-ksgov.net\/#website","url":"https:\/\/president-ksgov.net\/","name":"Presidente e Republik\u00ebs s\u00eb Kosov\u00ebs","description":"Presidente e Republik\u00ebs s\u00eb Kosov\u00ebs","alternateName":"DR. VJOSA OSMANI - SADRIU","potentialAction":[{"@type":"SearchAction","target":{"@type":"EntryPoint","urlTemplate":"https:\/\/president-ksgov.net\/?s={search_term_string}"},"query-input":{"@type":"PropertyValueSpecification","valueRequired":true,"valueName":"search_term_string"}}],"inLanguage":"sr-RS"},{"@type":"Person","@id":"https:\/\/president-ksgov.net\/#\/schema\/person\/bb4337a5fb147cb2046d80548172cbee","name":"admin","image":{"@type":"ImageObject","inLanguage":"sr-RS","@id":"https:\/\/president-ksgov.net\/#\/schema\/person\/image\/","url":"https:\/\/secure.gravatar.com\/avatar\/36156ca0fa3b8d9d25174f146e16beea0cf28f37adf1b9e19b6c9c279a7c9dd3?s=96&d=mm&r=g","contentUrl":"https:\/\/secure.gravatar.com\/avatar\/36156ca0fa3b8d9d25174f146e16beea0cf28f37adf1b9e19b6c9c279a7c9dd3?s=96&d=mm&r=g","caption":"admin"},"sameAs":["https:\/\/president-ksgov.net"]}]}},"_links":{"self":[{"href":"https:\/\/president-ksgov.net\/sr\/wp-json\/wp\/v2\/posts\/75071","targetHints":{"allow":["GET"]}}],"collection":[{"href":"https:\/\/president-ksgov.net\/sr\/wp-json\/wp\/v2\/posts"}],"about":[{"href":"https:\/\/president-ksgov.net\/sr\/wp-json\/wp\/v2\/types\/post"}],"author":[{"embeddable":true,"href":"https:\/\/president-ksgov.net\/sr\/wp-json\/wp\/v2\/users\/1"}],"replies":[{"embeddable":true,"href":"https:\/\/president-ksgov.net\/sr\/wp-json\/wp\/v2\/comments?post=75071"}],"version-history":[{"count":0,"href":"https:\/\/president-ksgov.net\/sr\/wp-json\/wp\/v2\/posts\/75071\/revisions"}],"wp:featuredmedia":[{"embeddable":true,"href":"https:\/\/president-ksgov.net\/sr\/wp-json\/wp\/v2\/media\/20880"}],"wp:attachment":[{"href":"https:\/\/president-ksgov.net\/sr\/wp-json\/wp\/v2\/media?parent=75071"}],"wp:term":[{"taxonomy":"category","embeddable":true,"href":"https:\/\/president-ksgov.net\/sr\/wp-json\/wp\/v2\/categories?post=75071"},{"taxonomy":"post_tag","embeddable":true,"href":"https:\/\/president-ksgov.net\/sr\/wp-json\/wp\/v2\/tags?post=75071"}],"curies":[{"name":"wp","href":"https:\/\/api.w.org\/{rel}","templated":true}]}}