{"id":75050,"date":"2021-05-07T12:40:38","date_gmt":"2021-05-07T12:40:38","guid":{"rendered":"https:\/\/dev.president-ksgov.net\/fjalimi-i-presidentes-osmani-n-konferencn-virtuale-me-rastin-e-shnimit-t-10-vjetorit-t-konvents-s-stambollit-organizuar-nga-zyra-e-kshillit-t-evro\/"},"modified":"2021-05-07T12:40:38","modified_gmt":"2021-05-07T12:40:38","slug":"fjalimi-i-presidentes-osmani-n-konferencn-virtuale-me-rastin-e-shnimit-t-10-vjetorit-t-konvents-s-stambollit-organizuar-nga-zyra-e-kshillit-t-evro","status":"publish","type":"post","link":"https:\/\/president-ksgov.net\/sr\/fjalimi-i-presidentes-osmani-n-konferencn-virtuale-me-rastin-e-shnimit-t-10-vjetorit-t-konvents-s-stambollit-organizuar-nga-zyra-e-kshillit-t-evro\/","title":{"rendered":"Fjalimi i Presidentes Osmani n&euml; konferenc&euml;n virtuale me rastin e sh&euml;nimit t&euml; 10 vjetorit t&euml; Konvent&euml;s s&euml; Stambollit organizuar nga Zyra e K&euml;shillit t&euml; Evrop&euml;s n&euml; Prishtin&euml; n&euml; bashk&euml;punim me Agjencin&euml; p&euml;r Barazi Gjinore"},"content":{"rendered":"","protected":false},"excerpt":{"rendered":"","protected":false},"author":1,"featured_media":20700,"comment_status":"open","ping_status":"closed","sticky":false,"template":"","format":"standard","meta":{"_eb_attr":"","footnotes":""},"categories":[15],"tags":[],"class_list":["post-75050","post","type-post","status-publish","format-standard","has-post-thumbnail","hentry","category-uncategorized-sq"],"yoast_head":"<!-- This site is optimized with the Yoast SEO plugin v23.5 - https:\/\/yoast.com\/wordpress\/plugins\/seo\/ -->\n<title>Fjalimi i Presidentes Osmani n&euml; konferenc&euml;n virtuale me rastin e sh&euml;nimit t&euml; 10 vjetorit t&euml; Konvent&euml;s s&euml; Stambollit organizuar nga Zyra e K&euml;shillit t&euml; Evrop&euml;s n&euml; Prishtin&euml; n&euml; bashk&euml;punim me Agjencin&euml; p&euml;r Barazi Gjinore - Predsednik Republike Kosovo - DR. VJOSA OSMANI - SADRIU<\/title>\n<meta name=\"description\" content=\"Fjalimi i Presidentes Osmani n&euml; konferenc&euml;n virtuale me rastin e sh&euml;nimit t&euml; 10 vjetorit t&euml; Konvent&euml;s s&euml; Stambollit organizuar nga Zyra e K&euml;shillit t&euml; Evrop&euml;s n&euml; Prishtin&euml; n&euml; bashk&euml;punim me Agjencin&euml; p&euml;r Barazi Gjinore - Predsednik Republike Kosovo - DR. VJOSA OSMANI - SADRIU -\" \/>\n<meta name=\"robots\" content=\"index, follow, max-snippet:-1, max-image-preview:large, max-video-preview:-1\" \/>\n<link rel=\"canonical\" href=\"https:\/\/president-ksgov.net\/fjalimi-i-presidentes-osmani-ne-konferencen-virtuale-me-rastin-e-shenimit-te-10-vjetorit-te-konventes-se-stambollit-organizuar-nga-zyra-e-keshillit-te-evropes-ne-prishtine-ne-bashkepunim-me-agjencine\/\" \/>\n<meta property=\"og:locale\" content=\"sr_RS\" \/>\n<meta property=\"og:type\" content=\"article\" \/>\n<meta property=\"og:title\" content=\"Fjalimi i Presidentes Osmani n&euml; konferenc&euml;n virtuale me rastin e sh&euml;nimit t&euml; 10 vjetorit t&euml; Konvent&euml;s s&euml; Stambollit organizuar nga Zyra e K&euml;shillit t&euml; Evrop&euml;s n&euml; Prishtin&euml; n&euml; bashk&euml;punim me Agjencin&euml; p&euml;r Barazi Gjinore - Predsednik Republike Kosovo - DR. VJOSA OSMANI - SADRIU\" \/>\n<meta property=\"og:description\" content=\"Fjalimi i Presidentes Osmani n&euml; konferenc&euml;n virtuale me rastin e sh&euml;nimit t&euml; 10 vjetorit t&euml; Konvent&euml;s s&euml; Stambollit organizuar nga Zyra e K&euml;shillit t&euml; Evrop&euml;s n&euml; Prishtin&euml; n&euml; bashk&euml;punim me Agjencin&euml; p&euml;r Barazi Gjinore - Predsednik Republike Kosovo - DR. VJOSA OSMANI - SADRIU -\" \/>\n<meta property=\"og:url\" content=\"https:\/\/president-ksgov.net\/fjalimi-i-presidentes-osmani-ne-konferencen-virtuale-me-rastin-e-shenimit-te-10-vjetorit-te-konventes-se-stambollit-organizuar-nga-zyra-e-keshillit-te-evropes-ne-prishtine-ne-bashkepunim-me-agjencine\/\" \/>\n<meta property=\"og:site_name\" content=\"Predsednik Republike Kosovo - DR. VJOSA OSMANI - SADRIU\" \/>\n<meta property=\"article:published_time\" content=\"2021-05-07T12:40:38+00:00\" \/>\n<meta property=\"og:image\" content=\"https:\/\/president-ksgov.net\/wp-content\/uploads\/07_05_2021_1147980_0.jpg\" \/>\n\t<meta property=\"og:image:width\" content=\"480\" \/>\n\t<meta property=\"og:image:height\" content=\"360\" \/>\n\t<meta property=\"og:image:type\" content=\"image\/jpeg\" \/>\n<meta name=\"author\" content=\"admin\" \/>\n<meta name=\"twitter:card\" content=\"summary_large_image\" \/>\n<meta name=\"twitter:label1\" content=\"\u041d\u0430\u043f\u0438\u0441\u0430\u043d\u043e \u043e\u0434\" \/>\n\t<meta name=\"twitter:data1\" content=\"admin\" \/>\n<script type=\"application\/ld+json\" class=\"yoast-schema-graph\">{\"@context\":\"https:\/\/schema.org\",\"@graph\":[{\"@type\":\"WebPage\",\"@id\":\"https:\/\/president-ksgov.net\/fjalimi-i-presidentes-osmani-ne-konferencen-virtuale-me-rastin-e-shenimit-te-10-vjetorit-te-konventes-se-stambollit-organizuar-nga-zyra-e-keshillit-te-evropes-ne-prishtine-ne-bashkepunim-me-agjencine\/\",\"url\":\"https:\/\/president-ksgov.net\/fjalimi-i-presidentes-osmani-ne-konferencen-virtuale-me-rastin-e-shenimit-te-10-vjetorit-te-konventes-se-stambollit-organizuar-nga-zyra-e-keshillit-te-evropes-ne-prishtine-ne-bashkepunim-me-agjencine\/\",\"name\":\"Fjalimi i Presidentes Osmani n&euml; konferenc&euml;n virtuale me rastin e sh&euml;nimit t&euml; 10 vjetorit t&euml; Konvent&euml;s s&euml; Stambollit organizuar nga Zyra e K&euml;shillit t&euml; Evrop&euml;s n&euml; Prishtin&euml; n&euml; bashk&euml;punim me Agjencin&euml; p&euml;r Barazi Gjinore - Predsednik Republike Kosovo - DR. VJOSA OSMANI - SADRIU\",\"isPartOf\":{\"@id\":\"https:\/\/president-ksgov.net\/#website\"},\"primaryImageOfPage\":{\"@id\":\"https:\/\/president-ksgov.net\/fjalimi-i-presidentes-osmani-ne-konferencen-virtuale-me-rastin-e-shenimit-te-10-vjetorit-te-konventes-se-stambollit-organizuar-nga-zyra-e-keshillit-te-evropes-ne-prishtine-ne-bashkepunim-me-agjencine\/#primaryimage\"},\"image\":{\"@id\":\"https:\/\/president-ksgov.net\/fjalimi-i-presidentes-osmani-ne-konferencen-virtuale-me-rastin-e-shenimit-te-10-vjetorit-te-konventes-se-stambollit-organizuar-nga-zyra-e-keshillit-te-evropes-ne-prishtine-ne-bashkepunim-me-agjencine\/#primaryimage\"},\"thumbnailUrl\":\"https:\/\/president-ksgov.net\/wp-content\/uploads\/07_05_2021_1147980_0.jpg\",\"datePublished\":\"2021-05-07T12:40:38+00:00\",\"dateModified\":\"2021-05-07T12:40:38+00:00\",\"author\":{\"@id\":\"https:\/\/president-ksgov.net\/#\/schema\/person\/bb4337a5fb147cb2046d80548172cbee\"},\"description\":\"Fjalimi i Presidentes Osmani n&euml; konferenc&euml;n virtuale me rastin e sh&euml;nimit t&euml; 10 vjetorit t&euml; Konvent&euml;s s&euml; Stambollit organizuar nga Zyra e K&euml;shillit t&euml; Evrop&euml;s n&euml; Prishtin&euml; n&euml; bashk&euml;punim me Agjencin&euml; p&euml;r Barazi Gjinore - Predsednik Republike Kosovo - DR. VJOSA OSMANI - SADRIU -\",\"breadcrumb\":{\"@id\":\"https:\/\/president-ksgov.net\/fjalimi-i-presidentes-osmani-ne-konferencen-virtuale-me-rastin-e-shenimit-te-10-vjetorit-te-konventes-se-stambollit-organizuar-nga-zyra-e-keshillit-te-evropes-ne-prishtine-ne-bashkepunim-me-agjencine\/#breadcrumb\"},\"inLanguage\":\"sr-RS\",\"potentialAction\":[{\"@type\":\"ReadAction\",\"target\":[\"https:\/\/president-ksgov.net\/fjalimi-i-presidentes-osmani-ne-konferencen-virtuale-me-rastin-e-shenimit-te-10-vjetorit-te-konventes-se-stambollit-organizuar-nga-zyra-e-keshillit-te-evropes-ne-prishtine-ne-bashkepunim-me-agjencine\/\"]}]},{\"@type\":\"ImageObject\",\"inLanguage\":\"sr-RS\",\"@id\":\"https:\/\/president-ksgov.net\/fjalimi-i-presidentes-osmani-ne-konferencen-virtuale-me-rastin-e-shenimit-te-10-vjetorit-te-konventes-se-stambollit-organizuar-nga-zyra-e-keshillit-te-evropes-ne-prishtine-ne-bashkepunim-me-agjencine\/#primaryimage\",\"url\":\"https:\/\/president-ksgov.net\/wp-content\/uploads\/07_05_2021_1147980_0.jpg\",\"contentUrl\":\"https:\/\/president-ksgov.net\/wp-content\/uploads\/07_05_2021_1147980_0.jpg\",\"width\":480,\"height\":360},{\"@type\":\"BreadcrumbList\",\"@id\":\"https:\/\/president-ksgov.net\/fjalimi-i-presidentes-osmani-ne-konferencen-virtuale-me-rastin-e-shenimit-te-10-vjetorit-te-konventes-se-stambollit-organizuar-nga-zyra-e-keshillit-te-evropes-ne-prishtine-ne-bashkepunim-me-agjencine\/#breadcrumb\",\"itemListElement\":[{\"@type\":\"ListItem\",\"position\":1,\"name\":\"Home\",\"item\":\"https:\/\/president-ksgov.net\/sr\/\"},{\"@type\":\"ListItem\",\"position\":2,\"name\":\"Fjalimi i Presidentes Osmani n&euml; konferenc&euml;n virtuale me rastin e sh&euml;nimit t&euml; 10 vjetorit t&euml; Konvent&euml;s s&euml; Stambollit organizuar nga Zyra e K&euml;shillit t&euml; Evrop&euml;s n&euml; Prishtin&euml; n&euml; bashk&euml;punim me Agjencin&euml; p&euml;r Barazi Gjinore\"}]},{\"@type\":\"WebSite\",\"@id\":\"https:\/\/president-ksgov.net\/#website\",\"url\":\"https:\/\/president-ksgov.net\/\",\"name\":\"Presidente e Republik\u00ebs s\u00eb Kosov\u00ebs\",\"description\":\"Presidente e Republik\u00ebs s\u00eb Kosov\u00ebs\",\"alternateName\":\"DR. VJOSA OSMANI - SADRIU\",\"potentialAction\":[{\"@type\":\"SearchAction\",\"target\":{\"@type\":\"EntryPoint\",\"urlTemplate\":\"https:\/\/president-ksgov.net\/?s={search_term_string}\"},\"query-input\":{\"@type\":\"PropertyValueSpecification\",\"valueRequired\":true,\"valueName\":\"search_term_string\"}}],\"inLanguage\":\"sr-RS\"},{\"@type\":\"Person\",\"@id\":\"https:\/\/president-ksgov.net\/#\/schema\/person\/bb4337a5fb147cb2046d80548172cbee\",\"name\":\"admin\",\"image\":{\"@type\":\"ImageObject\",\"inLanguage\":\"sr-RS\",\"@id\":\"https:\/\/president-ksgov.net\/#\/schema\/person\/image\/\",\"url\":\"https:\/\/secure.gravatar.com\/avatar\/36156ca0fa3b8d9d25174f146e16beea0cf28f37adf1b9e19b6c9c279a7c9dd3?s=96&d=mm&r=g\",\"contentUrl\":\"https:\/\/secure.gravatar.com\/avatar\/36156ca0fa3b8d9d25174f146e16beea0cf28f37adf1b9e19b6c9c279a7c9dd3?s=96&d=mm&r=g\",\"caption\":\"admin\"},\"sameAs\":[\"https:\/\/president-ksgov.net\"]}]}<\/script>\n<!-- \/ Yoast SEO plugin. -->","yoast_head_json":{"title":"Fjalimi i Presidentes Osmani n&euml; konferenc&euml;n virtuale me rastin e sh&euml;nimit t&euml; 10 vjetorit t&euml; Konvent&euml;s s&euml; Stambollit organizuar nga Zyra e K&euml;shillit t&euml; Evrop&euml;s n&euml; Prishtin&euml; n&euml; bashk&euml;punim me Agjencin&euml; p&euml;r Barazi Gjinore - Predsednik Republike Kosovo - DR. VJOSA OSMANI - SADRIU","description":"Fjalimi i Presidentes Osmani n&euml; konferenc&euml;n virtuale me rastin e sh&euml;nimit t&euml; 10 vjetorit t&euml; Konvent&euml;s s&euml; Stambollit organizuar nga Zyra e K&euml;shillit t&euml; Evrop&euml;s n&euml; Prishtin&euml; n&euml; bashk&euml;punim me Agjencin&euml; p&euml;r Barazi Gjinore - Predsednik Republike Kosovo - DR. VJOSA OSMANI - SADRIU -","robots":{"index":"index","follow":"follow","max-snippet":"max-snippet:-1","max-image-preview":"max-image-preview:large","max-video-preview":"max-video-preview:-1"},"canonical":"https:\/\/president-ksgov.net\/fjalimi-i-presidentes-osmani-ne-konferencen-virtuale-me-rastin-e-shenimit-te-10-vjetorit-te-konventes-se-stambollit-organizuar-nga-zyra-e-keshillit-te-evropes-ne-prishtine-ne-bashkepunim-me-agjencine\/","og_locale":"sr_RS","og_type":"article","og_title":"Fjalimi i Presidentes Osmani n&euml; konferenc&euml;n virtuale me rastin e sh&euml;nimit t&euml; 10 vjetorit t&euml; Konvent&euml;s s&euml; Stambollit organizuar nga Zyra e K&euml;shillit t&euml; Evrop&euml;s n&euml; Prishtin&euml; n&euml; bashk&euml;punim me Agjencin&euml; p&euml;r Barazi Gjinore - Predsednik Republike Kosovo - DR. VJOSA OSMANI - SADRIU","og_description":"Fjalimi i Presidentes Osmani n&euml; konferenc&euml;n virtuale me rastin e sh&euml;nimit t&euml; 10 vjetorit t&euml; Konvent&euml;s s&euml; Stambollit organizuar nga Zyra e K&euml;shillit t&euml; Evrop&euml;s n&euml; Prishtin&euml; n&euml; bashk&euml;punim me Agjencin&euml; p&euml;r Barazi Gjinore - Predsednik Republike Kosovo - DR. VJOSA OSMANI - SADRIU -","og_url":"https:\/\/president-ksgov.net\/fjalimi-i-presidentes-osmani-ne-konferencen-virtuale-me-rastin-e-shenimit-te-10-vjetorit-te-konventes-se-stambollit-organizuar-nga-zyra-e-keshillit-te-evropes-ne-prishtine-ne-bashkepunim-me-agjencine\/","og_site_name":"Predsednik Republike Kosovo - DR. VJOSA OSMANI - SADRIU","article_published_time":"2021-05-07T12:40:38+00:00","og_image":[{"width":480,"height":360,"url":"https:\/\/president-ksgov.net\/wp-content\/uploads\/07_05_2021_1147980_0.jpg","type":"image\/jpeg"}],"author":"admin","twitter_card":"summary_large_image","twitter_misc":{"\u041d\u0430\u043f\u0438\u0441\u0430\u043d\u043e \u043e\u0434":"admin"},"schema":{"@context":"https:\/\/schema.org","@graph":[{"@type":"WebPage","@id":"https:\/\/president-ksgov.net\/fjalimi-i-presidentes-osmani-ne-konferencen-virtuale-me-rastin-e-shenimit-te-10-vjetorit-te-konventes-se-stambollit-organizuar-nga-zyra-e-keshillit-te-evropes-ne-prishtine-ne-bashkepunim-me-agjencine\/","url":"https:\/\/president-ksgov.net\/fjalimi-i-presidentes-osmani-ne-konferencen-virtuale-me-rastin-e-shenimit-te-10-vjetorit-te-konventes-se-stambollit-organizuar-nga-zyra-e-keshillit-te-evropes-ne-prishtine-ne-bashkepunim-me-agjencine\/","name":"Fjalimi i Presidentes Osmani n&euml; konferenc&euml;n virtuale me rastin e sh&euml;nimit t&euml; 10 vjetorit t&euml; Konvent&euml;s s&euml; Stambollit organizuar nga Zyra e K&euml;shillit t&euml; Evrop&euml;s n&euml; Prishtin&euml; n&euml; bashk&euml;punim me Agjencin&euml; p&euml;r Barazi Gjinore - Predsednik Republike Kosovo - DR. VJOSA OSMANI - SADRIU","isPartOf":{"@id":"https:\/\/president-ksgov.net\/#website"},"primaryImageOfPage":{"@id":"https:\/\/president-ksgov.net\/fjalimi-i-presidentes-osmani-ne-konferencen-virtuale-me-rastin-e-shenimit-te-10-vjetorit-te-konventes-se-stambollit-organizuar-nga-zyra-e-keshillit-te-evropes-ne-prishtine-ne-bashkepunim-me-agjencine\/#primaryimage"},"image":{"@id":"https:\/\/president-ksgov.net\/fjalimi-i-presidentes-osmani-ne-konferencen-virtuale-me-rastin-e-shenimit-te-10-vjetorit-te-konventes-se-stambollit-organizuar-nga-zyra-e-keshillit-te-evropes-ne-prishtine-ne-bashkepunim-me-agjencine\/#primaryimage"},"thumbnailUrl":"https:\/\/president-ksgov.net\/wp-content\/uploads\/07_05_2021_1147980_0.jpg","datePublished":"2021-05-07T12:40:38+00:00","dateModified":"2021-05-07T12:40:38+00:00","author":{"@id":"https:\/\/president-ksgov.net\/#\/schema\/person\/bb4337a5fb147cb2046d80548172cbee"},"description":"Fjalimi i Presidentes Osmani n&euml; konferenc&euml;n virtuale me rastin e sh&euml;nimit t&euml; 10 vjetorit t&euml; Konvent&euml;s s&euml; Stambollit organizuar nga Zyra e K&euml;shillit t&euml; Evrop&euml;s n&euml; Prishtin&euml; n&euml; bashk&euml;punim me Agjencin&euml; p&euml;r Barazi Gjinore - Predsednik Republike Kosovo - DR. VJOSA OSMANI - SADRIU -","breadcrumb":{"@id":"https:\/\/president-ksgov.net\/fjalimi-i-presidentes-osmani-ne-konferencen-virtuale-me-rastin-e-shenimit-te-10-vjetorit-te-konventes-se-stambollit-organizuar-nga-zyra-e-keshillit-te-evropes-ne-prishtine-ne-bashkepunim-me-agjencine\/#breadcrumb"},"inLanguage":"sr-RS","potentialAction":[{"@type":"ReadAction","target":["https:\/\/president-ksgov.net\/fjalimi-i-presidentes-osmani-ne-konferencen-virtuale-me-rastin-e-shenimit-te-10-vjetorit-te-konventes-se-stambollit-organizuar-nga-zyra-e-keshillit-te-evropes-ne-prishtine-ne-bashkepunim-me-agjencine\/"]}]},{"@type":"ImageObject","inLanguage":"sr-RS","@id":"https:\/\/president-ksgov.net\/fjalimi-i-presidentes-osmani-ne-konferencen-virtuale-me-rastin-e-shenimit-te-10-vjetorit-te-konventes-se-stambollit-organizuar-nga-zyra-e-keshillit-te-evropes-ne-prishtine-ne-bashkepunim-me-agjencine\/#primaryimage","url":"https:\/\/president-ksgov.net\/wp-content\/uploads\/07_05_2021_1147980_0.jpg","contentUrl":"https:\/\/president-ksgov.net\/wp-content\/uploads\/07_05_2021_1147980_0.jpg","width":480,"height":360},{"@type":"BreadcrumbList","@id":"https:\/\/president-ksgov.net\/fjalimi-i-presidentes-osmani-ne-konferencen-virtuale-me-rastin-e-shenimit-te-10-vjetorit-te-konventes-se-stambollit-organizuar-nga-zyra-e-keshillit-te-evropes-ne-prishtine-ne-bashkepunim-me-agjencine\/#breadcrumb","itemListElement":[{"@type":"ListItem","position":1,"name":"Home","item":"https:\/\/president-ksgov.net\/sr\/"},{"@type":"ListItem","position":2,"name":"Fjalimi i Presidentes Osmani n&euml; konferenc&euml;n virtuale me rastin e sh&euml;nimit t&euml; 10 vjetorit t&euml; Konvent&euml;s s&euml; Stambollit organizuar nga Zyra e K&euml;shillit t&euml; Evrop&euml;s n&euml; Prishtin&euml; n&euml; bashk&euml;punim me Agjencin&euml; p&euml;r Barazi Gjinore"}]},{"@type":"WebSite","@id":"https:\/\/president-ksgov.net\/#website","url":"https:\/\/president-ksgov.net\/","name":"Presidente e Republik\u00ebs s\u00eb Kosov\u00ebs","description":"Presidente e Republik\u00ebs s\u00eb Kosov\u00ebs","alternateName":"DR. VJOSA OSMANI - SADRIU","potentialAction":[{"@type":"SearchAction","target":{"@type":"EntryPoint","urlTemplate":"https:\/\/president-ksgov.net\/?s={search_term_string}"},"query-input":{"@type":"PropertyValueSpecification","valueRequired":true,"valueName":"search_term_string"}}],"inLanguage":"sr-RS"},{"@type":"Person","@id":"https:\/\/president-ksgov.net\/#\/schema\/person\/bb4337a5fb147cb2046d80548172cbee","name":"admin","image":{"@type":"ImageObject","inLanguage":"sr-RS","@id":"https:\/\/president-ksgov.net\/#\/schema\/person\/image\/","url":"https:\/\/secure.gravatar.com\/avatar\/36156ca0fa3b8d9d25174f146e16beea0cf28f37adf1b9e19b6c9c279a7c9dd3?s=96&d=mm&r=g","contentUrl":"https:\/\/secure.gravatar.com\/avatar\/36156ca0fa3b8d9d25174f146e16beea0cf28f37adf1b9e19b6c9c279a7c9dd3?s=96&d=mm&r=g","caption":"admin"},"sameAs":["https:\/\/president-ksgov.net"]}]}},"_links":{"self":[{"href":"https:\/\/president-ksgov.net\/sr\/wp-json\/wp\/v2\/posts\/75050","targetHints":{"allow":["GET"]}}],"collection":[{"href":"https:\/\/president-ksgov.net\/sr\/wp-json\/wp\/v2\/posts"}],"about":[{"href":"https:\/\/president-ksgov.net\/sr\/wp-json\/wp\/v2\/types\/post"}],"author":[{"embeddable":true,"href":"https:\/\/president-ksgov.net\/sr\/wp-json\/wp\/v2\/users\/1"}],"replies":[{"embeddable":true,"href":"https:\/\/president-ksgov.net\/sr\/wp-json\/wp\/v2\/comments?post=75050"}],"version-history":[{"count":0,"href":"https:\/\/president-ksgov.net\/sr\/wp-json\/wp\/v2\/posts\/75050\/revisions"}],"wp:featuredmedia":[{"embeddable":true,"href":"https:\/\/president-ksgov.net\/sr\/wp-json\/wp\/v2\/media\/20700"}],"wp:attachment":[{"href":"https:\/\/president-ksgov.net\/sr\/wp-json\/wp\/v2\/media?parent=75050"}],"wp:term":[{"taxonomy":"category","embeddable":true,"href":"https:\/\/president-ksgov.net\/sr\/wp-json\/wp\/v2\/categories?post=75050"},{"taxonomy":"post_tag","embeddable":true,"href":"https:\/\/president-ksgov.net\/sr\/wp-json\/wp\/v2\/tags?post=75050"}],"curies":[{"name":"wp","href":"https:\/\/api.w.org\/{rel}","templated":true}]}}