{"id":74980,"date":"2021-06-01T18:26:46","date_gmt":"2021-06-01T18:26:46","guid":{"rendered":"https:\/\/dev.president-ksgov.net\/predsednica-deca-e-imati-nasu-potpunu-panju\/"},"modified":"2021-06-01T18:26:46","modified_gmt":"2021-06-01T18:26:46","slug":"predsednica-deca-e-imati-nasu-potpunu-panju","status":"publish","type":"post","link":"https:\/\/president-ksgov.net\/sr\/predsednica-deca-e-imati-nasu-potpunu-panju\/","title":{"rendered":"Predsednica: Deca &cacute;e imati na\u0161u potpunu pa&#158;nju"},"content":{"rendered":"<p>Na Me&dstrok;unarodni dan dece predsednica Republike Kosovo Vjosa Osmani je zajedno sa<br \/>\npredsednikom Skup\u0161tine Kosova g. Glaukom Konjufcom otvorila vrata Skup\u0161tine i<br \/>\nPredsedni\u0161tva desetini dece.<\/p>\n<p>Predsednica Osmani je rekla da pored toga \u0161to su sa njima podelili malo njihovog sveta, oni su izuzetno u&#382;ivali u prisustvu jedni drugih i u ljubavi i dobroti koja se ose&cacute;ala u svakom kutku.\u00a0\u00a0<br \/>\n\u00a0<br \/>\n\u00a0<br \/>\nTokom dana, predsednica Osmani i premijer Albin Kurti pridru&#382;ili su se kampanji\u00a0 \u201eB\u00ebhu mburoja ime (Budi moj \u0161tit)\u201c organizacije HANDIKOS, &ccaron;iji je cilj da promovi\u0161e prijavljivanje nasilja nad decom.\u00a0\u00a0<br \/>\n\u00a0<br \/>\n\u00a0<br \/>\nU nastavku je ceo post predsednice Osmani:\u00a0\u00a0<br \/>\n\u00a0<br \/>\n\u00a0<br \/>\nCrte&#382;ima, muzikom i plesom, ali iznad svega, mnogim nasmejanim licima, obele&#382;ili\u00a0<br \/>\nsmo Me&dstrok;unarodni dan dece.\u00a0<br \/>\n\u00a0<br \/>\nZajedno da predsednikom Skup\u0161tine Kosova g. Glaukom Konjufcom otvorili smo vrata Skup\u0161tine i Predsedni\u0161tva desetini dece. Pored toga \u0161to su sa nama podelili malo njihovog sveta, oni su neizmerno u&#382;ivali u prisustvu jedni drugih i u ljubavi i dobroti\u00a0<br \/>\nkoja se ose&cacute;ala u svakom kutku.\u00a0\u00a0<br \/>\n\u00a0\u00a0<br \/>\nNije svaki dan takav za njih, i tako&dstrok;e ne do&#382;ivljava svako dete tako puno sre&cacute;e i radosti. Siroma\u0161tvo kod dece, njihova socijalna za\u0161tita, investicija u podizanje kvaliteta u obrazovanju, kao i u razvoj rane edukacije i spre&ccaron;avanje nasilja nad decom su pitanja kojima je potrebna na\u0161a potpuna pa&#382;nja. Ova pitanja &cacute;e dobiti na\u0161u potpunu pa&#382;nju \u2013 Deca &cacute;e imati na\u0161u potpunu pa&#382;nju!\u00a0\u00a0<br \/>\n\u00a0<br \/>\n\u00a0<br \/>\nTako&dstrok;e zajedno sa premijerom g. Albinom Kurtijem smo se pridru&#382;ili kampanju \u201eBudi moj \u0161tit\u201c organizacije HANDIKOS, koja ima za cilj da promovi\u0161e prijavljivanje nasilja nad decom.\u00a0\u00a0<br \/>\n\u00a0<br \/>\nNastavi&cacute;emo sa sastancima, podr&#382;avanjem kampanji i sli&ccaron;nih aktivnosti, do momenta\u00a0<br \/>\nkada crte&#382;i, muzika i osmesi ne postanu deo svakodnevnice svakog deteta u na\u0161oj\u00a0<br \/>\nzemlji! Ovo je samo po&ccaron;etak!\u00a0<br \/>\n\u00a0<\/p>\n","protected":false},"excerpt":{"rendered":"<p>Na Me&dstrok;unarodni dan dece predsednica Republike Kosovo Vjosa Osmani je zajedno sa<br \/>\npredsednikom Skup\u0161tine Kosova g. Glaukom Konjufcom otvorila vrata Skup\u0161tine i<br \/>\nPredsedni\u0161tva desetini dece.<\/p>\n","protected":false},"author":1,"featured_media":20099,"comment_status":"open","ping_status":"closed","sticky":false,"template":"","format":"standard","meta":{"_eb_attr":"","footnotes":""},"categories":[101],"tags":[],"class_list":["post-74980","post","type-post","status-publish","format-standard","has-post-thumbnail","hentry","category-vesti"],"yoast_head":"<!-- This site is optimized with the Yoast SEO plugin v23.5 - https:\/\/yoast.com\/wordpress\/plugins\/seo\/ -->\n<title>Predsednica: Deca &amp;cacute;e imati na\u0161u potpunu pa&#158;nju - Predsednik Republike Kosovo - DR. VJOSA OSMANI - SADRIU<\/title>\n<meta name=\"description\" content=\"Predsednica: Deca &amp;cacute;e imati na\u0161u potpunu pa&#158;nju - Predsednik Republike Kosovo - DR. VJOSA OSMANI - SADRIU -\" \/>\n<meta name=\"robots\" content=\"index, follow, max-snippet:-1, max-image-preview:large, max-video-preview:-1\" \/>\n<link rel=\"canonical\" href=\"https:\/\/president-ksgov.net\/sr\/predsednica-deca-e-imati-nasu-potpunu-panju\/\" \/>\n<meta property=\"og:locale\" content=\"sr_RS\" \/>\n<meta property=\"og:type\" content=\"article\" \/>\n<meta property=\"og:title\" content=\"Predsednica: Deca &amp;cacute;e imati na\u0161u potpunu pa&#158;nju - Predsednik Republike Kosovo - DR. VJOSA OSMANI - SADRIU\" \/>\n<meta property=\"og:description\" content=\"Predsednica: Deca &amp;cacute;e imati na\u0161u potpunu pa&#158;nju - Predsednik Republike Kosovo - DR. VJOSA OSMANI - SADRIU -\" \/>\n<meta property=\"og:url\" content=\"https:\/\/president-ksgov.net\/sr\/predsednica-deca-e-imati-nasu-potpunu-panju\/\" \/>\n<meta property=\"og:site_name\" content=\"Predsednik Republike Kosovo - DR. VJOSA OSMANI - SADRIU\" \/>\n<meta property=\"article:published_time\" content=\"2021-06-01T18:26:46+00:00\" \/>\n<meta property=\"og:image\" content=\"https:\/\/president-ksgov.net\/wp-content\/uploads\/01_06_2021_4837425_2021_06_01_KryekuvendariKonjufca_Femijetjaneeardhmjaeshtetittone_20__YXq3pqgkpF.jpg\" \/>\n\t<meta property=\"og:image:width\" content=\"2048\" \/>\n\t<meta property=\"og:image:height\" content=\"1367\" \/>\n\t<meta property=\"og:image:type\" content=\"image\/jpeg\" \/>\n<meta name=\"author\" content=\"admin\" \/>\n<meta name=\"twitter:card\" content=\"summary_large_image\" \/>\n<meta name=\"twitter:label1\" content=\"\u041d\u0430\u043f\u0438\u0441\u0430\u043d\u043e \u043e\u0434\" \/>\n\t<meta name=\"twitter:data1\" content=\"admin\" \/>\n\t<meta name=\"twitter:label2\" content=\"\u041f\u0440\u043e\u0446\u0435\u045a\u0435\u043d\u043e \u0432\u0440\u0435\u043c\u0435 \u0447\u0438\u0442\u0430\u045a\u0430\" \/>\n\t<meta name=\"twitter:data2\" content=\"2 \u043c\u0438\u043d\u0443\u0442\u0430\" \/>\n<script type=\"application\/ld+json\" class=\"yoast-schema-graph\">{\"@context\":\"https:\/\/schema.org\",\"@graph\":[{\"@type\":\"WebPage\",\"@id\":\"https:\/\/president-ksgov.net\/sr\/predsednica-deca-e-imati-nasu-potpunu-panju\/\",\"url\":\"https:\/\/president-ksgov.net\/sr\/predsednica-deca-e-imati-nasu-potpunu-panju\/\",\"name\":\"Predsednica: Deca &cacute;e imati na\u0161u potpunu pa&#158;nju - Predsednik Republike Kosovo - DR. VJOSA OSMANI - SADRIU\",\"isPartOf\":{\"@id\":\"https:\/\/president-ksgov.net\/#website\"},\"primaryImageOfPage\":{\"@id\":\"https:\/\/president-ksgov.net\/sr\/predsednica-deca-e-imati-nasu-potpunu-panju\/#primaryimage\"},\"image\":{\"@id\":\"https:\/\/president-ksgov.net\/sr\/predsednica-deca-e-imati-nasu-potpunu-panju\/#primaryimage\"},\"thumbnailUrl\":\"https:\/\/president-ksgov.net\/wp-content\/uploads\/01_06_2021_4837425_2021_06_01_KryekuvendariKonjufca_Femijetjaneeardhmjaeshtetittone_20__YXq3pqgkpF.jpg\",\"datePublished\":\"2021-06-01T18:26:46+00:00\",\"dateModified\":\"2021-06-01T18:26:46+00:00\",\"author\":{\"@id\":\"https:\/\/president-ksgov.net\/#\/schema\/person\/bb4337a5fb147cb2046d80548172cbee\"},\"description\":\"Predsednica: Deca &cacute;e imati na\u0161u potpunu pa&#158;nju - Predsednik Republike Kosovo - DR. VJOSA OSMANI - SADRIU -\",\"breadcrumb\":{\"@id\":\"https:\/\/president-ksgov.net\/sr\/predsednica-deca-e-imati-nasu-potpunu-panju\/#breadcrumb\"},\"inLanguage\":\"sr-RS\",\"potentialAction\":[{\"@type\":\"ReadAction\",\"target\":[\"https:\/\/president-ksgov.net\/sr\/predsednica-deca-e-imati-nasu-potpunu-panju\/\"]}]},{\"@type\":\"ImageObject\",\"inLanguage\":\"sr-RS\",\"@id\":\"https:\/\/president-ksgov.net\/sr\/predsednica-deca-e-imati-nasu-potpunu-panju\/#primaryimage\",\"url\":\"https:\/\/president-ksgov.net\/wp-content\/uploads\/01_06_2021_4837425_2021_06_01_KryekuvendariKonjufca_Femijetjaneeardhmjaeshtetittone_20__YXq3pqgkpF.jpg\",\"contentUrl\":\"https:\/\/president-ksgov.net\/wp-content\/uploads\/01_06_2021_4837425_2021_06_01_KryekuvendariKonjufca_Femijetjaneeardhmjaeshtetittone_20__YXq3pqgkpF.jpg\",\"width\":2048,\"height\":1367},{\"@type\":\"BreadcrumbList\",\"@id\":\"https:\/\/president-ksgov.net\/sr\/predsednica-deca-e-imati-nasu-potpunu-panju\/#breadcrumb\",\"itemListElement\":[{\"@type\":\"ListItem\",\"position\":1,\"name\":\"Home\",\"item\":\"https:\/\/president-ksgov.net\/sr\/\"},{\"@type\":\"ListItem\",\"position\":2,\"name\":\"Predsednica: Deca &cacute;e imati na\u0161u potpunu pa&#158;nju\"}]},{\"@type\":\"WebSite\",\"@id\":\"https:\/\/president-ksgov.net\/#website\",\"url\":\"https:\/\/president-ksgov.net\/\",\"name\":\"Presidente e Republik\u00ebs s\u00eb Kosov\u00ebs\",\"description\":\"Presidente e Republik\u00ebs s\u00eb Kosov\u00ebs\",\"alternateName\":\"DR. VJOSA OSMANI - SADRIU\",\"potentialAction\":[{\"@type\":\"SearchAction\",\"target\":{\"@type\":\"EntryPoint\",\"urlTemplate\":\"https:\/\/president-ksgov.net\/?s={search_term_string}\"},\"query-input\":{\"@type\":\"PropertyValueSpecification\",\"valueRequired\":true,\"valueName\":\"search_term_string\"}}],\"inLanguage\":\"sr-RS\"},{\"@type\":\"Person\",\"@id\":\"https:\/\/president-ksgov.net\/#\/schema\/person\/bb4337a5fb147cb2046d80548172cbee\",\"name\":\"admin\",\"image\":{\"@type\":\"ImageObject\",\"inLanguage\":\"sr-RS\",\"@id\":\"https:\/\/president-ksgov.net\/#\/schema\/person\/image\/\",\"url\":\"https:\/\/secure.gravatar.com\/avatar\/36156ca0fa3b8d9d25174f146e16beea0cf28f37adf1b9e19b6c9c279a7c9dd3?s=96&d=mm&r=g\",\"contentUrl\":\"https:\/\/secure.gravatar.com\/avatar\/36156ca0fa3b8d9d25174f146e16beea0cf28f37adf1b9e19b6c9c279a7c9dd3?s=96&d=mm&r=g\",\"caption\":\"admin\"},\"sameAs\":[\"https:\/\/president-ksgov.net\"]}]}<\/script>\n<!-- \/ Yoast SEO plugin. -->","yoast_head_json":{"title":"Predsednica: Deca &cacute;e imati na\u0161u potpunu pa&#158;nju - Predsednik Republike Kosovo - DR. VJOSA OSMANI - SADRIU","description":"Predsednica: Deca &cacute;e imati na\u0161u potpunu pa&#158;nju - Predsednik Republike Kosovo - DR. VJOSA OSMANI - SADRIU -","robots":{"index":"index","follow":"follow","max-snippet":"max-snippet:-1","max-image-preview":"max-image-preview:large","max-video-preview":"max-video-preview:-1"},"canonical":"https:\/\/president-ksgov.net\/sr\/predsednica-deca-e-imati-nasu-potpunu-panju\/","og_locale":"sr_RS","og_type":"article","og_title":"Predsednica: Deca &cacute;e imati na\u0161u potpunu pa&#158;nju - Predsednik Republike Kosovo - DR. VJOSA OSMANI - SADRIU","og_description":"Predsednica: Deca &cacute;e imati na\u0161u potpunu pa&#158;nju - Predsednik Republike Kosovo - DR. VJOSA OSMANI - SADRIU -","og_url":"https:\/\/president-ksgov.net\/sr\/predsednica-deca-e-imati-nasu-potpunu-panju\/","og_site_name":"Predsednik Republike Kosovo - DR. VJOSA OSMANI - SADRIU","article_published_time":"2021-06-01T18:26:46+00:00","og_image":[{"width":2048,"height":1367,"url":"https:\/\/president-ksgov.net\/wp-content\/uploads\/01_06_2021_4837425_2021_06_01_KryekuvendariKonjufca_Femijetjaneeardhmjaeshtetittone_20__YXq3pqgkpF.jpg","type":"image\/jpeg"}],"author":"admin","twitter_card":"summary_large_image","twitter_misc":{"\u041d\u0430\u043f\u0438\u0441\u0430\u043d\u043e \u043e\u0434":"admin","\u041f\u0440\u043e\u0446\u0435\u045a\u0435\u043d\u043e \u0432\u0440\u0435\u043c\u0435 \u0447\u0438\u0442\u0430\u045a\u0430":"2 \u043c\u0438\u043d\u0443\u0442\u0430"},"schema":{"@context":"https:\/\/schema.org","@graph":[{"@type":"WebPage","@id":"https:\/\/president-ksgov.net\/sr\/predsednica-deca-e-imati-nasu-potpunu-panju\/","url":"https:\/\/president-ksgov.net\/sr\/predsednica-deca-e-imati-nasu-potpunu-panju\/","name":"Predsednica: Deca &cacute;e imati na\u0161u potpunu pa&#158;nju - Predsednik Republike Kosovo - DR. VJOSA OSMANI - SADRIU","isPartOf":{"@id":"https:\/\/president-ksgov.net\/#website"},"primaryImageOfPage":{"@id":"https:\/\/president-ksgov.net\/sr\/predsednica-deca-e-imati-nasu-potpunu-panju\/#primaryimage"},"image":{"@id":"https:\/\/president-ksgov.net\/sr\/predsednica-deca-e-imati-nasu-potpunu-panju\/#primaryimage"},"thumbnailUrl":"https:\/\/president-ksgov.net\/wp-content\/uploads\/01_06_2021_4837425_2021_06_01_KryekuvendariKonjufca_Femijetjaneeardhmjaeshtetittone_20__YXq3pqgkpF.jpg","datePublished":"2021-06-01T18:26:46+00:00","dateModified":"2021-06-01T18:26:46+00:00","author":{"@id":"https:\/\/president-ksgov.net\/#\/schema\/person\/bb4337a5fb147cb2046d80548172cbee"},"description":"Predsednica: Deca &cacute;e imati na\u0161u potpunu pa&#158;nju - Predsednik Republike Kosovo - DR. VJOSA OSMANI - SADRIU -","breadcrumb":{"@id":"https:\/\/president-ksgov.net\/sr\/predsednica-deca-e-imati-nasu-potpunu-panju\/#breadcrumb"},"inLanguage":"sr-RS","potentialAction":[{"@type":"ReadAction","target":["https:\/\/president-ksgov.net\/sr\/predsednica-deca-e-imati-nasu-potpunu-panju\/"]}]},{"@type":"ImageObject","inLanguage":"sr-RS","@id":"https:\/\/president-ksgov.net\/sr\/predsednica-deca-e-imati-nasu-potpunu-panju\/#primaryimage","url":"https:\/\/president-ksgov.net\/wp-content\/uploads\/01_06_2021_4837425_2021_06_01_KryekuvendariKonjufca_Femijetjaneeardhmjaeshtetittone_20__YXq3pqgkpF.jpg","contentUrl":"https:\/\/president-ksgov.net\/wp-content\/uploads\/01_06_2021_4837425_2021_06_01_KryekuvendariKonjufca_Femijetjaneeardhmjaeshtetittone_20__YXq3pqgkpF.jpg","width":2048,"height":1367},{"@type":"BreadcrumbList","@id":"https:\/\/president-ksgov.net\/sr\/predsednica-deca-e-imati-nasu-potpunu-panju\/#breadcrumb","itemListElement":[{"@type":"ListItem","position":1,"name":"Home","item":"https:\/\/president-ksgov.net\/sr\/"},{"@type":"ListItem","position":2,"name":"Predsednica: Deca &cacute;e imati na\u0161u potpunu pa&#158;nju"}]},{"@type":"WebSite","@id":"https:\/\/president-ksgov.net\/#website","url":"https:\/\/president-ksgov.net\/","name":"Presidente e Republik\u00ebs s\u00eb Kosov\u00ebs","description":"Presidente e Republik\u00ebs s\u00eb Kosov\u00ebs","alternateName":"DR. VJOSA OSMANI - SADRIU","potentialAction":[{"@type":"SearchAction","target":{"@type":"EntryPoint","urlTemplate":"https:\/\/president-ksgov.net\/?s={search_term_string}"},"query-input":{"@type":"PropertyValueSpecification","valueRequired":true,"valueName":"search_term_string"}}],"inLanguage":"sr-RS"},{"@type":"Person","@id":"https:\/\/president-ksgov.net\/#\/schema\/person\/bb4337a5fb147cb2046d80548172cbee","name":"admin","image":{"@type":"ImageObject","inLanguage":"sr-RS","@id":"https:\/\/president-ksgov.net\/#\/schema\/person\/image\/","url":"https:\/\/secure.gravatar.com\/avatar\/36156ca0fa3b8d9d25174f146e16beea0cf28f37adf1b9e19b6c9c279a7c9dd3?s=96&d=mm&r=g","contentUrl":"https:\/\/secure.gravatar.com\/avatar\/36156ca0fa3b8d9d25174f146e16beea0cf28f37adf1b9e19b6c9c279a7c9dd3?s=96&d=mm&r=g","caption":"admin"},"sameAs":["https:\/\/president-ksgov.net"]}]}},"_links":{"self":[{"href":"https:\/\/president-ksgov.net\/sr\/wp-json\/wp\/v2\/posts\/74980","targetHints":{"allow":["GET"]}}],"collection":[{"href":"https:\/\/president-ksgov.net\/sr\/wp-json\/wp\/v2\/posts"}],"about":[{"href":"https:\/\/president-ksgov.net\/sr\/wp-json\/wp\/v2\/types\/post"}],"author":[{"embeddable":true,"href":"https:\/\/president-ksgov.net\/sr\/wp-json\/wp\/v2\/users\/1"}],"replies":[{"embeddable":true,"href":"https:\/\/president-ksgov.net\/sr\/wp-json\/wp\/v2\/comments?post=74980"}],"version-history":[{"count":0,"href":"https:\/\/president-ksgov.net\/sr\/wp-json\/wp\/v2\/posts\/74980\/revisions"}],"wp:featuredmedia":[{"embeddable":true,"href":"https:\/\/president-ksgov.net\/sr\/wp-json\/wp\/v2\/media\/20099"}],"wp:attachment":[{"href":"https:\/\/president-ksgov.net\/sr\/wp-json\/wp\/v2\/media?parent=74980"}],"wp:term":[{"taxonomy":"category","embeddable":true,"href":"https:\/\/president-ksgov.net\/sr\/wp-json\/wp\/v2\/categories?post=74980"},{"taxonomy":"post_tag","embeddable":true,"href":"https:\/\/president-ksgov.net\/sr\/wp-json\/wp\/v2\/tags?post=74980"}],"curies":[{"name":"wp","href":"https:\/\/api.w.org\/{rel}","templated":true}]}}