{"id":74937,"date":"2021-06-23T09:47:55","date_gmt":"2021-06-23T07:47:55","guid":{"rendered":"https:\/\/dev.president-ksgov.net\/predsednica-osmani-odrala-mnoge-sastanke-prvog-dana-posete-austriji\/"},"modified":"2021-06-23T09:47:55","modified_gmt":"2021-06-23T09:47:55","slug":"predsednica-osmani-odrala-mnoge-sastanke-prvog-dana-posete-austriji","status":"publish","type":"post","link":"https:\/\/president-ksgov.net\/sr\/predsednica-osmani-odrala-mnoge-sastanke-prvog-dana-posete-austriji\/","title":{"rendered":"Predsednica Osmani odr&#158;ala mnoge sastanke prvog dana posete Austriji"},"content":{"rendered":"<p>Predsednica Republike Kosovo Vjosa Osmani se u toku zvani&ccaron;ne posete Austriji sastala sa &ccaron;lanovima Udru&#382;enja prijateljstva Kosovo \u2013 Austrija, odr&#382;ala je predavanje da Akademiji za diplomatiju u Be&ccaron;u i sastala se sa grupom uspe\u0161nih austrijskih &#382;ena, na poziv prve dame Austrije g&dstrok;e Doris Schmidauer.<\/p>\n<p>Tokom sastanka sa Udru&#382;enjem prijateljstva Kosovo-Austrija, koje predvodi evro poslanik Lukas Mandl, predsednica Osmani zahvalila se austrijskoj dr&#382;avi na podr\u0161ci Kosovu u razli&ccaron;itim istorijskim fazama. Istakla je da je Kosovo sada ispunilo sve kriterijume za liberalizaciju viza pa je tra&#382;ila od EU da se dr&#382;i obe&cacute;anja datom Kosovarima. Dalje je predsednica Osmani izrazila uverenje da &cacute;e Austrija i dalje biti uz Kosovo i u procesu evropskih integracija, kao i u procesima evro-atlantskih integracija.<br \/>\n\u00a0<br \/>\n\u201eRepublika Kosovo ima izuzetan potencijal mladih, koji su \u0161kolovani i sposobni da doka&#382;u njihove vrednosti, &ccaron;im im se za to pru&#382;a mogu&cacute;nost. Treba da obezbedimo mobilnost i da izgradimo sna&#382;no partnerstvo\u201c, istakla je predsednica Osmani na sastanku sa Grupom prijateljstva Kosovo-Austrija.<br \/>\n\u00a0<br \/>\nU tom kontekstu, ona je pomenula i ulogu albanske dijaspore u austrijskog dr&#382;avi.<br \/>\n\u00a0<br \/>\n\u201eNa\u0161a dijaspora ovde ima klju&ccaron;nu ulogu za Republiku Kosovo, zbog potencijala, znanja i novih ideja koje donose\u201c, rekla je predsednica Osmani.<br \/>\n\u00a0<br \/>\nPredsednica Osmani sastala se i sa grupom uspe\u0161nih &#382;ena u Austriji, pod okriljem i na poziv prve dame Austrije Doris Schmidauer, na kojem su u&ccaron;estvovali i ministarka pravde u austrijskoj Vladi Alma Zadic, biv\u0161i izve\u0161ta&ccaron; Evropskog Parlamenta za Kosovo Ulrike Lunacek, kao i &#382;ene iz oblasti biznisa, akademije, politike i civilnog dru\u0161tva. Na ovom sastanku, diskutovalo se o izazovima i mogu&cacute;nostima sa kojima se suo&ccaron;avaju &#382;ene u javnom i privatnom sektoru, kao i u dru\u0161tvu uop\u0161teno. Predsednica je diskutovala o ulozi &#382;ena u dono\u0161enju bitnih politi&ccaron;kih promena i izrazila je potrebu za ulaganjem u obrazovanje i zdravstvenu negu, kako bi se omogu&cacute;ilo i kako bi se &#382;ene oja&ccaron;ale da budu jednake na tr&#382;i\u0161tu rada, kao i potrebu za stvaranjem vi\u0161e radnih mesta za mlade i &#382;ene.<br \/>\n\u00a0<br \/>\nNa kraju prvog dana posete Austriji, predsednica Osmani odr&#382;ala je predavanje na Akademiji za diplomatiju u Be&ccaron;u na temu \u201eJa&ccaron;anje dr&#382;avnosti Kosova \u2013 Izazovi i pri&ccaron;e o uspehu\u201c. Na ovom interaktivnom predavanju predsednica Osmani je otkrila put kosovskog naroda prema nezavisnosti i izgradnji dr&#382;ave, a diskutovala je i o izazovima sa kojima se suo&ccaron;avaju institucije Republike Kosovo, o uspesima koji su postignuti i o te&#382;njama.\u00a0<\/p>\n","protected":false},"excerpt":{"rendered":"<p>Predsednica Republike Kosovo Vjosa Osmani se u toku zvani&ccaron;ne posete Austriji sastala sa &ccaron;lanovima Udru&#382;enja prijateljstva Kosovo \u2013 Austrija, odr&#382;ala je predavanje da Akademiji za diplomatiju u Be&ccaron;u i sastala se sa grupom uspe\u0161nih austrijskih &#382;ena, na poziv prve dame Austrije g&dstrok;e Doris Schmidauer.<\/p>\n","protected":false},"author":1,"featured_media":19627,"comment_status":"open","ping_status":"closed","sticky":false,"template":"","format":"standard","meta":{"_eb_attr":"","footnotes":""},"categories":[114,101],"tags":[],"class_list":["post-74937","post","type-post","status-publish","format-standard","has-post-thumbnail","hentry","category-medunarodne-posete","category-vesti"],"yoast_head":"<!-- This site is optimized with the Yoast SEO plugin v23.5 - https:\/\/yoast.com\/wordpress\/plugins\/seo\/ -->\n<title>Predsednica Osmani odr&#158;ala mnoge sastanke prvog dana posete Austriji - Predsednik Republike Kosovo - DR. VJOSA OSMANI - SADRIU<\/title>\n<meta name=\"description\" content=\"Predsednica Osmani odr&#158;ala mnoge sastanke prvog dana posete Austriji - Predsednik Republike Kosovo - DR. VJOSA OSMANI - SADRIU -\" \/>\n<meta name=\"robots\" content=\"index, follow, max-snippet:-1, max-image-preview:large, max-video-preview:-1\" \/>\n<link rel=\"canonical\" href=\"https:\/\/president-ksgov.net\/sr\/predsednica-osmani-odrala-mnoge-sastanke-prvog-dana-posete-austriji\/\" \/>\n<meta property=\"og:locale\" content=\"sr_RS\" \/>\n<meta property=\"og:type\" content=\"article\" \/>\n<meta property=\"og:title\" content=\"Predsednica Osmani odr&#158;ala mnoge sastanke prvog dana posete Austriji - Predsednik Republike Kosovo - DR. VJOSA OSMANI - SADRIU\" \/>\n<meta property=\"og:description\" content=\"Predsednica Osmani odr&#158;ala mnoge sastanke prvog dana posete Austriji - Predsednik Republike Kosovo - DR. VJOSA OSMANI - SADRIU -\" \/>\n<meta property=\"og:url\" content=\"https:\/\/president-ksgov.net\/sr\/predsednica-osmani-odrala-mnoge-sastanke-prvog-dana-posete-austriji\/\" \/>\n<meta property=\"og:site_name\" content=\"Predsednik Republike Kosovo - DR. VJOSA OSMANI - SADRIU\" \/>\n<meta property=\"article:published_time\" content=\"2021-06-23T07:47:55+00:00\" \/>\n<meta property=\"article:modified_time\" content=\"2021-06-23T09:47:55+00:00\" \/>\n<meta property=\"og:image\" content=\"https:\/\/president-ksgov.net\/wp-content\/uploads\/23_06_2021_658689_203473257_341293437355202_1898605566466012046_n.jpg\" \/>\n\t<meta property=\"og:image:width\" content=\"960\" \/>\n\t<meta property=\"og:image:height\" content=\"640\" \/>\n\t<meta property=\"og:image:type\" content=\"image\/jpeg\" \/>\n<meta name=\"author\" content=\"admin\" \/>\n<meta name=\"twitter:card\" content=\"summary_large_image\" \/>\n<meta name=\"twitter:label1\" content=\"\u041d\u0430\u043f\u0438\u0441\u0430\u043d\u043e \u043e\u0434\" \/>\n\t<meta name=\"twitter:data1\" content=\"admin\" \/>\n\t<meta name=\"twitter:label2\" content=\"\u041f\u0440\u043e\u0446\u0435\u045a\u0435\u043d\u043e \u0432\u0440\u0435\u043c\u0435 \u0447\u0438\u0442\u0430\u045a\u0430\" \/>\n\t<meta name=\"twitter:data2\" content=\"2 \u043c\u0438\u043d\u0443\u0442\u0430\" \/>\n<script type=\"application\/ld+json\" class=\"yoast-schema-graph\">{\"@context\":\"https:\/\/schema.org\",\"@graph\":[{\"@type\":\"WebPage\",\"@id\":\"https:\/\/president-ksgov.net\/sr\/predsednica-osmani-odrala-mnoge-sastanke-prvog-dana-posete-austriji\/\",\"url\":\"https:\/\/president-ksgov.net\/sr\/predsednica-osmani-odrala-mnoge-sastanke-prvog-dana-posete-austriji\/\",\"name\":\"Predsednica Osmani odr&#158;ala mnoge sastanke prvog dana posete Austriji - Predsednik Republike Kosovo - DR. VJOSA OSMANI - SADRIU\",\"isPartOf\":{\"@id\":\"https:\/\/president-ksgov.net\/#website\"},\"primaryImageOfPage\":{\"@id\":\"https:\/\/president-ksgov.net\/sr\/predsednica-osmani-odrala-mnoge-sastanke-prvog-dana-posete-austriji\/#primaryimage\"},\"image\":{\"@id\":\"https:\/\/president-ksgov.net\/sr\/predsednica-osmani-odrala-mnoge-sastanke-prvog-dana-posete-austriji\/#primaryimage\"},\"thumbnailUrl\":\"https:\/\/president-ksgov.net\/wp-content\/uploads\/23_06_2021_658689_203473257_341293437355202_1898605566466012046_n.jpg\",\"datePublished\":\"2021-06-23T07:47:55+00:00\",\"dateModified\":\"2021-06-23T09:47:55+00:00\",\"author\":{\"@id\":\"https:\/\/president-ksgov.net\/#\/schema\/person\/bb4337a5fb147cb2046d80548172cbee\"},\"description\":\"Predsednica Osmani odr&#158;ala mnoge sastanke prvog dana posete Austriji - Predsednik Republike Kosovo - DR. VJOSA OSMANI - SADRIU -\",\"breadcrumb\":{\"@id\":\"https:\/\/president-ksgov.net\/sr\/predsednica-osmani-odrala-mnoge-sastanke-prvog-dana-posete-austriji\/#breadcrumb\"},\"inLanguage\":\"sr-RS\",\"potentialAction\":[{\"@type\":\"ReadAction\",\"target\":[\"https:\/\/president-ksgov.net\/sr\/predsednica-osmani-odrala-mnoge-sastanke-prvog-dana-posete-austriji\/\"]}]},{\"@type\":\"ImageObject\",\"inLanguage\":\"sr-RS\",\"@id\":\"https:\/\/president-ksgov.net\/sr\/predsednica-osmani-odrala-mnoge-sastanke-prvog-dana-posete-austriji\/#primaryimage\",\"url\":\"https:\/\/president-ksgov.net\/wp-content\/uploads\/23_06_2021_658689_203473257_341293437355202_1898605566466012046_n.jpg\",\"contentUrl\":\"https:\/\/president-ksgov.net\/wp-content\/uploads\/23_06_2021_658689_203473257_341293437355202_1898605566466012046_n.jpg\",\"width\":960,\"height\":640},{\"@type\":\"BreadcrumbList\",\"@id\":\"https:\/\/president-ksgov.net\/sr\/predsednica-osmani-odrala-mnoge-sastanke-prvog-dana-posete-austriji\/#breadcrumb\",\"itemListElement\":[{\"@type\":\"ListItem\",\"position\":1,\"name\":\"Home\",\"item\":\"https:\/\/president-ksgov.net\/sr\/\"},{\"@type\":\"ListItem\",\"position\":2,\"name\":\"Predsednica Osmani odr&#158;ala mnoge sastanke prvog dana posete Austriji\"}]},{\"@type\":\"WebSite\",\"@id\":\"https:\/\/president-ksgov.net\/#website\",\"url\":\"https:\/\/president-ksgov.net\/\",\"name\":\"Presidente e Republik\u00ebs s\u00eb Kosov\u00ebs\",\"description\":\"Presidente e Republik\u00ebs s\u00eb Kosov\u00ebs\",\"alternateName\":\"DR. VJOSA OSMANI - SADRIU\",\"potentialAction\":[{\"@type\":\"SearchAction\",\"target\":{\"@type\":\"EntryPoint\",\"urlTemplate\":\"https:\/\/president-ksgov.net\/?s={search_term_string}\"},\"query-input\":{\"@type\":\"PropertyValueSpecification\",\"valueRequired\":true,\"valueName\":\"search_term_string\"}}],\"inLanguage\":\"sr-RS\"},{\"@type\":\"Person\",\"@id\":\"https:\/\/president-ksgov.net\/#\/schema\/person\/bb4337a5fb147cb2046d80548172cbee\",\"name\":\"admin\",\"image\":{\"@type\":\"ImageObject\",\"inLanguage\":\"sr-RS\",\"@id\":\"https:\/\/president-ksgov.net\/#\/schema\/person\/image\/\",\"url\":\"https:\/\/secure.gravatar.com\/avatar\/36156ca0fa3b8d9d25174f146e16beea0cf28f37adf1b9e19b6c9c279a7c9dd3?s=96&d=mm&r=g\",\"contentUrl\":\"https:\/\/secure.gravatar.com\/avatar\/36156ca0fa3b8d9d25174f146e16beea0cf28f37adf1b9e19b6c9c279a7c9dd3?s=96&d=mm&r=g\",\"caption\":\"admin\"},\"sameAs\":[\"https:\/\/president-ksgov.net\"]}]}<\/script>\n<!-- \/ Yoast SEO plugin. -->","yoast_head_json":{"title":"Predsednica Osmani odr&#158;ala mnoge sastanke prvog dana posete Austriji - Predsednik Republike Kosovo - DR. VJOSA OSMANI - SADRIU","description":"Predsednica Osmani odr&#158;ala mnoge sastanke prvog dana posete Austriji - Predsednik Republike Kosovo - DR. VJOSA OSMANI - SADRIU -","robots":{"index":"index","follow":"follow","max-snippet":"max-snippet:-1","max-image-preview":"max-image-preview:large","max-video-preview":"max-video-preview:-1"},"canonical":"https:\/\/president-ksgov.net\/sr\/predsednica-osmani-odrala-mnoge-sastanke-prvog-dana-posete-austriji\/","og_locale":"sr_RS","og_type":"article","og_title":"Predsednica Osmani odr&#158;ala mnoge sastanke prvog dana posete Austriji - Predsednik Republike Kosovo - DR. VJOSA OSMANI - SADRIU","og_description":"Predsednica Osmani odr&#158;ala mnoge sastanke prvog dana posete Austriji - Predsednik Republike Kosovo - DR. VJOSA OSMANI - SADRIU -","og_url":"https:\/\/president-ksgov.net\/sr\/predsednica-osmani-odrala-mnoge-sastanke-prvog-dana-posete-austriji\/","og_site_name":"Predsednik Republike Kosovo - DR. VJOSA OSMANI - SADRIU","article_published_time":"2021-06-23T07:47:55+00:00","article_modified_time":"2021-06-23T09:47:55+00:00","og_image":[{"width":960,"height":640,"url":"https:\/\/president-ksgov.net\/wp-content\/uploads\/23_06_2021_658689_203473257_341293437355202_1898605566466012046_n.jpg","type":"image\/jpeg"}],"author":"admin","twitter_card":"summary_large_image","twitter_misc":{"\u041d\u0430\u043f\u0438\u0441\u0430\u043d\u043e \u043e\u0434":"admin","\u041f\u0440\u043e\u0446\u0435\u045a\u0435\u043d\u043e \u0432\u0440\u0435\u043c\u0435 \u0447\u0438\u0442\u0430\u045a\u0430":"2 \u043c\u0438\u043d\u0443\u0442\u0430"},"schema":{"@context":"https:\/\/schema.org","@graph":[{"@type":"WebPage","@id":"https:\/\/president-ksgov.net\/sr\/predsednica-osmani-odrala-mnoge-sastanke-prvog-dana-posete-austriji\/","url":"https:\/\/president-ksgov.net\/sr\/predsednica-osmani-odrala-mnoge-sastanke-prvog-dana-posete-austriji\/","name":"Predsednica Osmani odr&#158;ala mnoge sastanke prvog dana posete Austriji - Predsednik Republike Kosovo - DR. VJOSA OSMANI - SADRIU","isPartOf":{"@id":"https:\/\/president-ksgov.net\/#website"},"primaryImageOfPage":{"@id":"https:\/\/president-ksgov.net\/sr\/predsednica-osmani-odrala-mnoge-sastanke-prvog-dana-posete-austriji\/#primaryimage"},"image":{"@id":"https:\/\/president-ksgov.net\/sr\/predsednica-osmani-odrala-mnoge-sastanke-prvog-dana-posete-austriji\/#primaryimage"},"thumbnailUrl":"https:\/\/president-ksgov.net\/wp-content\/uploads\/23_06_2021_658689_203473257_341293437355202_1898605566466012046_n.jpg","datePublished":"2021-06-23T07:47:55+00:00","dateModified":"2021-06-23T09:47:55+00:00","author":{"@id":"https:\/\/president-ksgov.net\/#\/schema\/person\/bb4337a5fb147cb2046d80548172cbee"},"description":"Predsednica Osmani odr&#158;ala mnoge sastanke prvog dana posete Austriji - Predsednik Republike Kosovo - DR. VJOSA OSMANI - SADRIU -","breadcrumb":{"@id":"https:\/\/president-ksgov.net\/sr\/predsednica-osmani-odrala-mnoge-sastanke-prvog-dana-posete-austriji\/#breadcrumb"},"inLanguage":"sr-RS","potentialAction":[{"@type":"ReadAction","target":["https:\/\/president-ksgov.net\/sr\/predsednica-osmani-odrala-mnoge-sastanke-prvog-dana-posete-austriji\/"]}]},{"@type":"ImageObject","inLanguage":"sr-RS","@id":"https:\/\/president-ksgov.net\/sr\/predsednica-osmani-odrala-mnoge-sastanke-prvog-dana-posete-austriji\/#primaryimage","url":"https:\/\/president-ksgov.net\/wp-content\/uploads\/23_06_2021_658689_203473257_341293437355202_1898605566466012046_n.jpg","contentUrl":"https:\/\/president-ksgov.net\/wp-content\/uploads\/23_06_2021_658689_203473257_341293437355202_1898605566466012046_n.jpg","width":960,"height":640},{"@type":"BreadcrumbList","@id":"https:\/\/president-ksgov.net\/sr\/predsednica-osmani-odrala-mnoge-sastanke-prvog-dana-posete-austriji\/#breadcrumb","itemListElement":[{"@type":"ListItem","position":1,"name":"Home","item":"https:\/\/president-ksgov.net\/sr\/"},{"@type":"ListItem","position":2,"name":"Predsednica Osmani odr&#158;ala mnoge sastanke prvog dana posete Austriji"}]},{"@type":"WebSite","@id":"https:\/\/president-ksgov.net\/#website","url":"https:\/\/president-ksgov.net\/","name":"Presidente e Republik\u00ebs s\u00eb Kosov\u00ebs","description":"Presidente e Republik\u00ebs s\u00eb Kosov\u00ebs","alternateName":"DR. VJOSA OSMANI - SADRIU","potentialAction":[{"@type":"SearchAction","target":{"@type":"EntryPoint","urlTemplate":"https:\/\/president-ksgov.net\/?s={search_term_string}"},"query-input":{"@type":"PropertyValueSpecification","valueRequired":true,"valueName":"search_term_string"}}],"inLanguage":"sr-RS"},{"@type":"Person","@id":"https:\/\/president-ksgov.net\/#\/schema\/person\/bb4337a5fb147cb2046d80548172cbee","name":"admin","image":{"@type":"ImageObject","inLanguage":"sr-RS","@id":"https:\/\/president-ksgov.net\/#\/schema\/person\/image\/","url":"https:\/\/secure.gravatar.com\/avatar\/36156ca0fa3b8d9d25174f146e16beea0cf28f37adf1b9e19b6c9c279a7c9dd3?s=96&d=mm&r=g","contentUrl":"https:\/\/secure.gravatar.com\/avatar\/36156ca0fa3b8d9d25174f146e16beea0cf28f37adf1b9e19b6c9c279a7c9dd3?s=96&d=mm&r=g","caption":"admin"},"sameAs":["https:\/\/president-ksgov.net"]}]}},"_links":{"self":[{"href":"https:\/\/president-ksgov.net\/sr\/wp-json\/wp\/v2\/posts\/74937","targetHints":{"allow":["GET"]}}],"collection":[{"href":"https:\/\/president-ksgov.net\/sr\/wp-json\/wp\/v2\/posts"}],"about":[{"href":"https:\/\/president-ksgov.net\/sr\/wp-json\/wp\/v2\/types\/post"}],"author":[{"embeddable":true,"href":"https:\/\/president-ksgov.net\/sr\/wp-json\/wp\/v2\/users\/1"}],"replies":[{"embeddable":true,"href":"https:\/\/president-ksgov.net\/sr\/wp-json\/wp\/v2\/comments?post=74937"}],"version-history":[{"count":0,"href":"https:\/\/president-ksgov.net\/sr\/wp-json\/wp\/v2\/posts\/74937\/revisions"}],"wp:featuredmedia":[{"embeddable":true,"href":"https:\/\/president-ksgov.net\/sr\/wp-json\/wp\/v2\/media\/19627"}],"wp:attachment":[{"href":"https:\/\/president-ksgov.net\/sr\/wp-json\/wp\/v2\/media?parent=74937"}],"wp:term":[{"taxonomy":"category","embeddable":true,"href":"https:\/\/president-ksgov.net\/sr\/wp-json\/wp\/v2\/categories?post=74937"},{"taxonomy":"post_tag","embeddable":true,"href":"https:\/\/president-ksgov.net\/sr\/wp-json\/wp\/v2\/tags?post=74937"}],"curies":[{"name":"wp","href":"https:\/\/api.w.org\/{rel}","templated":true}]}}