{"id":74930,"date":"2021-06-25T13:40:03","date_gmt":"2021-06-25T13:40:03","guid":{"rendered":"https:\/\/dev.president-ksgov.net\/predsednica-kosova-dr-vjosa-osmani-doekala-je-dravnog-podsekretara-finske-kaia-sauera\/"},"modified":"2021-06-25T13:40:03","modified_gmt":"2021-06-25T13:40:03","slug":"predsednica-kosova-dr-vjosa-osmani-doekala-je-dravnog-podsekretara-finske-kaia-sauera","status":"publish","type":"post","link":"https:\/\/president-ksgov.net\/sr\/predsednica-kosova-dr-vjosa-osmani-doekala-je-dravnog-podsekretara-finske-kaia-sauera\/","title":{"rendered":"Predsednica Kosova dr Vjosa Osmani do&ccaron;ekala je dr&#158;avnog podsekretara Finske Kaia Sauera"},"content":{"rendered":"<p>Predsednica Kosova dr Vjosa Osmani sastala se danas sa dr&#382;avnim podsekretarom za spoljnu politiku i bezbednost u Ministarstvu inostranih poslova Finske Kaiom Sauerom.<\/p>\n<p>Predsednica Osmani zahvalila se g. Saueru na njegovoj konstantnoj pa&#382;nji i pa&#382;nji njegove vlade i finskog naroda na me&dstrok;unarodnom afirmisanju Republike Kosovo.<br \/>\n\u00a0<br \/>\nPredsednica Osmani upoznala je finskog diplomatu sa ulogom novih institucija Kosova u daljem promovisanju dr&#382;avnosti Kosova, kao i sa izazovima sa kojima se suo&ccaron;ava Kosovo i &ccaron;itav region, pogotovu tokom pandemije Covis-19.<br \/>\n\u00a0<br \/>\n\u0160to se ti&ccaron;e integrisanja zemlje u EU, predsednica Osmani je jo\u0161 jednom ponovila stav Kosova da su evro-atlantske integracije na\u0161e strate\u0161ko opredeljenje i ponovo je istakla spremnost Kosova da \u0161to je br&#382;e mogu&cacute;e kora&ccaron;a prema ovom cilju.<br \/>\n\u00a0<br \/>\n\u201eEvropska unija je na\u0161 izbor, ali i na\u0161a pripadnost\u201c, rekla je ona. \u201eUslove koji su dati za integraciju u EU, mi pre svega tretiramo kao te&#382;nje koje &#382;elimo da ispunimo zbog blagostanja na\u0161ih gra&dstrok;ana\u201c, rekla je ona.<br \/>\n\u00a0<br \/>\nPredsednica Osmani upoznala je finskog diplomatu i sa pripremama i inovativnim pristupom zemlje dijalogu sa Srbijom. Ona je istakla da je veoma bitno da Srbija poka&#382;e spremnost na dijalog i da se da prvenstvo pitanju nasilno nestalih lica tokom rata na Kosovu.<br \/>\n\u00a0<br \/>\n\u201eDijalog mora da rezultira obavezuju&cacute;im sporazumom, koji osigurava priznanje nezavisnosti Kosova i otvara perspektivu regionu za integrisanje u EU\u201c, rekla je g&dstrok;a Osmani.<br \/>\n\u00a0<br \/>\nDr&#382;avni podsekretar g. Kai Sauer je &ccaron;estitao g&dstrok;i Osmani na izboru na funkciju predsednice zemlje i uverio ju je da &cacute;e finska dr&#382;ava nastaviti, kao i do sada, da podr&#382;ava dr&#382;avu Kosovo u te&#382;njama njenog naroda da se integri\u0161e u EU.\u00a0<\/p>\n","protected":false},"excerpt":{"rendered":"<p>Predsednica Kosova dr Vjosa Osmani sastala se danas sa dr&#382;avnim podsekretarom za spoljnu politiku i bezbednost u Ministarstvu inostranih poslova Finske Kaiom Sauerom.<\/p>\n","protected":false},"author":1,"featured_media":19560,"comment_status":"open","ping_status":"closed","sticky":false,"template":"","format":"standard","meta":{"_eb_attr":"","footnotes":""},"categories":[101],"tags":[],"class_list":["post-74930","post","type-post","status-publish","format-standard","has-post-thumbnail","hentry","category-vesti"],"yoast_head":"<!-- This site is optimized with the Yoast SEO plugin v23.5 - https:\/\/yoast.com\/wordpress\/plugins\/seo\/ -->\n<title>Predsednica Kosova dr Vjosa Osmani do&amp;ccaron;ekala je dr&#158;avnog podsekretara Finske Kaia Sauera - Predsednik Republike Kosovo - DR. VJOSA OSMANI - SADRIU<\/title>\n<meta name=\"description\" content=\"Predsednica Kosova dr Vjosa Osmani do&amp;ccaron;ekala je dr&#158;avnog podsekretara Finske Kaia Sauera - Predsednik Republike Kosovo - DR. VJOSA OSMANI - SADRIU -\" \/>\n<meta name=\"robots\" content=\"index, follow, max-snippet:-1, max-image-preview:large, max-video-preview:-1\" \/>\n<link rel=\"canonical\" href=\"https:\/\/president-ksgov.net\/sr\/predsednica-kosova-dr-vjosa-osmani-doekala-je-dravnog-podsekretara-finske-kaia-sauera\/\" \/>\n<meta property=\"og:locale\" content=\"sr_RS\" \/>\n<meta property=\"og:type\" content=\"article\" \/>\n<meta property=\"og:title\" content=\"Predsednica Kosova dr Vjosa Osmani do&amp;ccaron;ekala je dr&#158;avnog podsekretara Finske Kaia Sauera - Predsednik Republike Kosovo - DR. VJOSA OSMANI - SADRIU\" \/>\n<meta property=\"og:description\" content=\"Predsednica Kosova dr Vjosa Osmani do&amp;ccaron;ekala je dr&#158;avnog podsekretara Finske Kaia Sauera - Predsednik Republike Kosovo - DR. VJOSA OSMANI - SADRIU -\" \/>\n<meta property=\"og:url\" content=\"https:\/\/president-ksgov.net\/sr\/predsednica-kosova-dr-vjosa-osmani-doekala-je-dravnog-podsekretara-finske-kaia-sauera\/\" \/>\n<meta property=\"og:site_name\" content=\"Predsednik Republike Kosovo - DR. VJOSA OSMANI - SADRIU\" \/>\n<meta property=\"article:published_time\" content=\"2021-06-25T13:40:03+00:00\" \/>\n<meta property=\"og:image\" content=\"https:\/\/president-ksgov.net\/wp-content\/uploads\/25_06_2021_1906604_Presidentja_e_Kosoves__dr__Vjosa_Osmani_priti_nensekretarin_e_Shtetit_te_Finlandes__Kai_Sauer_2.jpg\" \/>\n\t<meta property=\"og:image:width\" content=\"2048\" \/>\n\t<meta property=\"og:image:height\" content=\"1365\" \/>\n\t<meta property=\"og:image:type\" content=\"image\/jpeg\" \/>\n<meta name=\"author\" content=\"admin\" \/>\n<meta name=\"twitter:card\" content=\"summary_large_image\" \/>\n<meta name=\"twitter:label1\" content=\"\u041d\u0430\u043f\u0438\u0441\u0430\u043d\u043e \u043e\u0434\" \/>\n\t<meta name=\"twitter:data1\" content=\"admin\" \/>\n\t<meta name=\"twitter:label2\" content=\"\u041f\u0440\u043e\u0446\u0435\u045a\u0435\u043d\u043e \u0432\u0440\u0435\u043c\u0435 \u0447\u0438\u0442\u0430\u045a\u0430\" \/>\n\t<meta name=\"twitter:data2\" content=\"1 \u043c\u0438\u043d\u0443\u0442\" \/>\n<script type=\"application\/ld+json\" class=\"yoast-schema-graph\">{\"@context\":\"https:\/\/schema.org\",\"@graph\":[{\"@type\":\"WebPage\",\"@id\":\"https:\/\/president-ksgov.net\/sr\/predsednica-kosova-dr-vjosa-osmani-doekala-je-dravnog-podsekretara-finske-kaia-sauera\/\",\"url\":\"https:\/\/president-ksgov.net\/sr\/predsednica-kosova-dr-vjosa-osmani-doekala-je-dravnog-podsekretara-finske-kaia-sauera\/\",\"name\":\"Predsednica Kosova dr Vjosa Osmani do&ccaron;ekala je dr&#158;avnog podsekretara Finske Kaia Sauera - Predsednik Republike Kosovo - DR. VJOSA OSMANI - SADRIU\",\"isPartOf\":{\"@id\":\"https:\/\/president-ksgov.net\/#website\"},\"primaryImageOfPage\":{\"@id\":\"https:\/\/president-ksgov.net\/sr\/predsednica-kosova-dr-vjosa-osmani-doekala-je-dravnog-podsekretara-finske-kaia-sauera\/#primaryimage\"},\"image\":{\"@id\":\"https:\/\/president-ksgov.net\/sr\/predsednica-kosova-dr-vjosa-osmani-doekala-je-dravnog-podsekretara-finske-kaia-sauera\/#primaryimage\"},\"thumbnailUrl\":\"https:\/\/president-ksgov.net\/wp-content\/uploads\/25_06_2021_1906604_Presidentja_e_Kosoves__dr__Vjosa_Osmani_priti_nensekretarin_e_Shtetit_te_Finlandes__Kai_Sauer_2.jpg\",\"datePublished\":\"2021-06-25T13:40:03+00:00\",\"dateModified\":\"2021-06-25T13:40:03+00:00\",\"author\":{\"@id\":\"https:\/\/president-ksgov.net\/#\/schema\/person\/bb4337a5fb147cb2046d80548172cbee\"},\"description\":\"Predsednica Kosova dr Vjosa Osmani do&ccaron;ekala je dr&#158;avnog podsekretara Finske Kaia Sauera - Predsednik Republike Kosovo - DR. VJOSA OSMANI - SADRIU -\",\"breadcrumb\":{\"@id\":\"https:\/\/president-ksgov.net\/sr\/predsednica-kosova-dr-vjosa-osmani-doekala-je-dravnog-podsekretara-finske-kaia-sauera\/#breadcrumb\"},\"inLanguage\":\"sr-RS\",\"potentialAction\":[{\"@type\":\"ReadAction\",\"target\":[\"https:\/\/president-ksgov.net\/sr\/predsednica-kosova-dr-vjosa-osmani-doekala-je-dravnog-podsekretara-finske-kaia-sauera\/\"]}]},{\"@type\":\"ImageObject\",\"inLanguage\":\"sr-RS\",\"@id\":\"https:\/\/president-ksgov.net\/sr\/predsednica-kosova-dr-vjosa-osmani-doekala-je-dravnog-podsekretara-finske-kaia-sauera\/#primaryimage\",\"url\":\"https:\/\/president-ksgov.net\/wp-content\/uploads\/25_06_2021_1906604_Presidentja_e_Kosoves__dr__Vjosa_Osmani_priti_nensekretarin_e_Shtetit_te_Finlandes__Kai_Sauer_2.jpg\",\"contentUrl\":\"https:\/\/president-ksgov.net\/wp-content\/uploads\/25_06_2021_1906604_Presidentja_e_Kosoves__dr__Vjosa_Osmani_priti_nensekretarin_e_Shtetit_te_Finlandes__Kai_Sauer_2.jpg\",\"width\":2048,\"height\":1365},{\"@type\":\"BreadcrumbList\",\"@id\":\"https:\/\/president-ksgov.net\/sr\/predsednica-kosova-dr-vjosa-osmani-doekala-je-dravnog-podsekretara-finske-kaia-sauera\/#breadcrumb\",\"itemListElement\":[{\"@type\":\"ListItem\",\"position\":1,\"name\":\"Home\",\"item\":\"https:\/\/president-ksgov.net\/sr\/\"},{\"@type\":\"ListItem\",\"position\":2,\"name\":\"Predsednica Kosova dr Vjosa Osmani do&ccaron;ekala je dr&#158;avnog podsekretara Finske Kaia Sauera\"}]},{\"@type\":\"WebSite\",\"@id\":\"https:\/\/president-ksgov.net\/#website\",\"url\":\"https:\/\/president-ksgov.net\/\",\"name\":\"Presidente e Republik\u00ebs s\u00eb Kosov\u00ebs\",\"description\":\"Presidente e Republik\u00ebs s\u00eb Kosov\u00ebs\",\"alternateName\":\"DR. VJOSA OSMANI - SADRIU\",\"potentialAction\":[{\"@type\":\"SearchAction\",\"target\":{\"@type\":\"EntryPoint\",\"urlTemplate\":\"https:\/\/president-ksgov.net\/?s={search_term_string}\"},\"query-input\":{\"@type\":\"PropertyValueSpecification\",\"valueRequired\":true,\"valueName\":\"search_term_string\"}}],\"inLanguage\":\"sr-RS\"},{\"@type\":\"Person\",\"@id\":\"https:\/\/president-ksgov.net\/#\/schema\/person\/bb4337a5fb147cb2046d80548172cbee\",\"name\":\"admin\",\"image\":{\"@type\":\"ImageObject\",\"inLanguage\":\"sr-RS\",\"@id\":\"https:\/\/president-ksgov.net\/#\/schema\/person\/image\/\",\"url\":\"https:\/\/secure.gravatar.com\/avatar\/36156ca0fa3b8d9d25174f146e16beea0cf28f37adf1b9e19b6c9c279a7c9dd3?s=96&d=mm&r=g\",\"contentUrl\":\"https:\/\/secure.gravatar.com\/avatar\/36156ca0fa3b8d9d25174f146e16beea0cf28f37adf1b9e19b6c9c279a7c9dd3?s=96&d=mm&r=g\",\"caption\":\"admin\"},\"sameAs\":[\"https:\/\/president-ksgov.net\"]}]}<\/script>\n<!-- \/ Yoast SEO plugin. -->","yoast_head_json":{"title":"Predsednica Kosova dr Vjosa Osmani do&ccaron;ekala je dr&#158;avnog podsekretara Finske Kaia Sauera - Predsednik Republike Kosovo - DR. VJOSA OSMANI - SADRIU","description":"Predsednica Kosova dr Vjosa Osmani do&ccaron;ekala je dr&#158;avnog podsekretara Finske Kaia Sauera - Predsednik Republike Kosovo - DR. VJOSA OSMANI - SADRIU -","robots":{"index":"index","follow":"follow","max-snippet":"max-snippet:-1","max-image-preview":"max-image-preview:large","max-video-preview":"max-video-preview:-1"},"canonical":"https:\/\/president-ksgov.net\/sr\/predsednica-kosova-dr-vjosa-osmani-doekala-je-dravnog-podsekretara-finske-kaia-sauera\/","og_locale":"sr_RS","og_type":"article","og_title":"Predsednica Kosova dr Vjosa Osmani do&ccaron;ekala je dr&#158;avnog podsekretara Finske Kaia Sauera - Predsednik Republike Kosovo - DR. VJOSA OSMANI - SADRIU","og_description":"Predsednica Kosova dr Vjosa Osmani do&ccaron;ekala je dr&#158;avnog podsekretara Finske Kaia Sauera - Predsednik Republike Kosovo - DR. VJOSA OSMANI - SADRIU -","og_url":"https:\/\/president-ksgov.net\/sr\/predsednica-kosova-dr-vjosa-osmani-doekala-je-dravnog-podsekretara-finske-kaia-sauera\/","og_site_name":"Predsednik Republike Kosovo - DR. VJOSA OSMANI - SADRIU","article_published_time":"2021-06-25T13:40:03+00:00","og_image":[{"width":2048,"height":1365,"url":"https:\/\/president-ksgov.net\/wp-content\/uploads\/25_06_2021_1906604_Presidentja_e_Kosoves__dr__Vjosa_Osmani_priti_nensekretarin_e_Shtetit_te_Finlandes__Kai_Sauer_2.jpg","type":"image\/jpeg"}],"author":"admin","twitter_card":"summary_large_image","twitter_misc":{"\u041d\u0430\u043f\u0438\u0441\u0430\u043d\u043e \u043e\u0434":"admin","\u041f\u0440\u043e\u0446\u0435\u045a\u0435\u043d\u043e \u0432\u0440\u0435\u043c\u0435 \u0447\u0438\u0442\u0430\u045a\u0430":"1 \u043c\u0438\u043d\u0443\u0442"},"schema":{"@context":"https:\/\/schema.org","@graph":[{"@type":"WebPage","@id":"https:\/\/president-ksgov.net\/sr\/predsednica-kosova-dr-vjosa-osmani-doekala-je-dravnog-podsekretara-finske-kaia-sauera\/","url":"https:\/\/president-ksgov.net\/sr\/predsednica-kosova-dr-vjosa-osmani-doekala-je-dravnog-podsekretara-finske-kaia-sauera\/","name":"Predsednica Kosova dr Vjosa Osmani do&ccaron;ekala je dr&#158;avnog podsekretara Finske Kaia Sauera - Predsednik Republike Kosovo - DR. VJOSA OSMANI - SADRIU","isPartOf":{"@id":"https:\/\/president-ksgov.net\/#website"},"primaryImageOfPage":{"@id":"https:\/\/president-ksgov.net\/sr\/predsednica-kosova-dr-vjosa-osmani-doekala-je-dravnog-podsekretara-finske-kaia-sauera\/#primaryimage"},"image":{"@id":"https:\/\/president-ksgov.net\/sr\/predsednica-kosova-dr-vjosa-osmani-doekala-je-dravnog-podsekretara-finske-kaia-sauera\/#primaryimage"},"thumbnailUrl":"https:\/\/president-ksgov.net\/wp-content\/uploads\/25_06_2021_1906604_Presidentja_e_Kosoves__dr__Vjosa_Osmani_priti_nensekretarin_e_Shtetit_te_Finlandes__Kai_Sauer_2.jpg","datePublished":"2021-06-25T13:40:03+00:00","dateModified":"2021-06-25T13:40:03+00:00","author":{"@id":"https:\/\/president-ksgov.net\/#\/schema\/person\/bb4337a5fb147cb2046d80548172cbee"},"description":"Predsednica Kosova dr Vjosa Osmani do&ccaron;ekala je dr&#158;avnog podsekretara Finske Kaia Sauera - Predsednik Republike Kosovo - DR. VJOSA OSMANI - SADRIU -","breadcrumb":{"@id":"https:\/\/president-ksgov.net\/sr\/predsednica-kosova-dr-vjosa-osmani-doekala-je-dravnog-podsekretara-finske-kaia-sauera\/#breadcrumb"},"inLanguage":"sr-RS","potentialAction":[{"@type":"ReadAction","target":["https:\/\/president-ksgov.net\/sr\/predsednica-kosova-dr-vjosa-osmani-doekala-je-dravnog-podsekretara-finske-kaia-sauera\/"]}]},{"@type":"ImageObject","inLanguage":"sr-RS","@id":"https:\/\/president-ksgov.net\/sr\/predsednica-kosova-dr-vjosa-osmani-doekala-je-dravnog-podsekretara-finske-kaia-sauera\/#primaryimage","url":"https:\/\/president-ksgov.net\/wp-content\/uploads\/25_06_2021_1906604_Presidentja_e_Kosoves__dr__Vjosa_Osmani_priti_nensekretarin_e_Shtetit_te_Finlandes__Kai_Sauer_2.jpg","contentUrl":"https:\/\/president-ksgov.net\/wp-content\/uploads\/25_06_2021_1906604_Presidentja_e_Kosoves__dr__Vjosa_Osmani_priti_nensekretarin_e_Shtetit_te_Finlandes__Kai_Sauer_2.jpg","width":2048,"height":1365},{"@type":"BreadcrumbList","@id":"https:\/\/president-ksgov.net\/sr\/predsednica-kosova-dr-vjosa-osmani-doekala-je-dravnog-podsekretara-finske-kaia-sauera\/#breadcrumb","itemListElement":[{"@type":"ListItem","position":1,"name":"Home","item":"https:\/\/president-ksgov.net\/sr\/"},{"@type":"ListItem","position":2,"name":"Predsednica Kosova dr Vjosa Osmani do&ccaron;ekala je dr&#158;avnog podsekretara Finske Kaia Sauera"}]},{"@type":"WebSite","@id":"https:\/\/president-ksgov.net\/#website","url":"https:\/\/president-ksgov.net\/","name":"Presidente e Republik\u00ebs s\u00eb Kosov\u00ebs","description":"Presidente e Republik\u00ebs s\u00eb Kosov\u00ebs","alternateName":"DR. VJOSA OSMANI - SADRIU","potentialAction":[{"@type":"SearchAction","target":{"@type":"EntryPoint","urlTemplate":"https:\/\/president-ksgov.net\/?s={search_term_string}"},"query-input":{"@type":"PropertyValueSpecification","valueRequired":true,"valueName":"search_term_string"}}],"inLanguage":"sr-RS"},{"@type":"Person","@id":"https:\/\/president-ksgov.net\/#\/schema\/person\/bb4337a5fb147cb2046d80548172cbee","name":"admin","image":{"@type":"ImageObject","inLanguage":"sr-RS","@id":"https:\/\/president-ksgov.net\/#\/schema\/person\/image\/","url":"https:\/\/secure.gravatar.com\/avatar\/36156ca0fa3b8d9d25174f146e16beea0cf28f37adf1b9e19b6c9c279a7c9dd3?s=96&d=mm&r=g","contentUrl":"https:\/\/secure.gravatar.com\/avatar\/36156ca0fa3b8d9d25174f146e16beea0cf28f37adf1b9e19b6c9c279a7c9dd3?s=96&d=mm&r=g","caption":"admin"},"sameAs":["https:\/\/president-ksgov.net"]}]}},"_links":{"self":[{"href":"https:\/\/president-ksgov.net\/sr\/wp-json\/wp\/v2\/posts\/74930","targetHints":{"allow":["GET"]}}],"collection":[{"href":"https:\/\/president-ksgov.net\/sr\/wp-json\/wp\/v2\/posts"}],"about":[{"href":"https:\/\/president-ksgov.net\/sr\/wp-json\/wp\/v2\/types\/post"}],"author":[{"embeddable":true,"href":"https:\/\/president-ksgov.net\/sr\/wp-json\/wp\/v2\/users\/1"}],"replies":[{"embeddable":true,"href":"https:\/\/president-ksgov.net\/sr\/wp-json\/wp\/v2\/comments?post=74930"}],"version-history":[{"count":0,"href":"https:\/\/president-ksgov.net\/sr\/wp-json\/wp\/v2\/posts\/74930\/revisions"}],"wp:featuredmedia":[{"embeddable":true,"href":"https:\/\/president-ksgov.net\/sr\/wp-json\/wp\/v2\/media\/19560"}],"wp:attachment":[{"href":"https:\/\/president-ksgov.net\/sr\/wp-json\/wp\/v2\/media?parent=74930"}],"wp:term":[{"taxonomy":"category","embeddable":true,"href":"https:\/\/president-ksgov.net\/sr\/wp-json\/wp\/v2\/categories?post=74930"},{"taxonomy":"post_tag","embeddable":true,"href":"https:\/\/president-ksgov.net\/sr\/wp-json\/wp\/v2\/tags?post=74930"}],"curies":[{"name":"wp","href":"https:\/\/api.w.org\/{rel}","templated":true}]}}