{"id":74813,"date":"2021-09-07T12:04:36","date_gmt":"2021-09-07T12:04:36","guid":{"rendered":"https:\/\/dev.president-ksgov.net\/predsednica-kaaniki-ustav-je-kamen-temeljac-pravnog-poretka-kosovske-drave\/"},"modified":"2021-09-07T12:04:36","modified_gmt":"2021-09-07T12:04:36","slug":"predsednica-kaaniki-ustav-je-kamen-temeljac-pravnog-poretka-kosovske-drave","status":"publish","type":"post","link":"https:\/\/president-ksgov.net\/sr\/predsednica-kaaniki-ustav-je-kamen-temeljac-pravnog-poretka-kosovske-drave\/","title":{"rendered":"Predsednica: Ka&ccaron;ani&ccaron;ki ustav je kamen temeljac pravnog poretka kosovske dr&#158;ave"},"content":{"rendered":"<p>Predsednica Republike Kosovo Vjosa Osmani &ccaron;estitala je Dan Ka&ccaron;ani&ccaron;kog ustava.<\/p>\n<p>Predsednica Osmani rekla je da je Ka&ccaron;ani&ccaron;ki ustav kamen temeljac pravnog poretka kosovske dr&#382;ave.\u00a0<\/p>\n<p>\u201cPre tri decenije, san generacija o kosovskoj dr&#382;avi dobio je svoj oblik. Prvo Deklaracija od 2. jula 1990. godine, a nakon nje i Ka&ccaron;ani&ccaron;ki ustav, na&ccaron;inili su Kosovo Republikom, dali su smisao ranijem pozivu, na\u0161em anga&#382;ovanju za slobodu, demokratiju i dr&#382;avu&#8220;, rekla je predsednica.<\/p>\n<p>U nastavku teksta je ceo post predsednice Osmani:\u00a0<\/p>\n<p>Ka&ccaron;ani&ccaron;ki ustav je kamen temeljac pravnog poretka kosovske dr&#382;ave.\u00a0<\/p>\n<p>Na ovaj istorijski dan, zahvalni smo &#382;enama i mu\u0161karcima, koji su pre 31 godinu imali znanje, viziju i hrabrost da usvoje Ka&ccaron;ani&ccaron;ki ustav, sadr&#382;ajni dokument kojim je po&ccaron;elo stvaranje ustavnog i dr&#382;avnog identiteta Republike Kosovo. Nadahnuti idealima slobode i demokratije, delegati Skup\u0161tine u Ka&ccaron;aniku hrabro su izazvali represivne postupke i britalne pretnje srpskog re&#382;ima, postaju&cacute;i vodi&ccaron; na na\u0161em putu ka slobodi i nezavisnosti Republike Kosovo.<\/p>\n<p>Pre tri decenije, san generacija o kosovskoj dr&#382;avi dobio je svoj oblik. Prvo Deklaracija od 2. jula 1990. godine, a nakon nje i Ka&ccaron;ani&ccaron;ki ustav, na&ccaron;inili su Kosovo Republikom, dali su smisao ranijem pozivu, na\u0161em anga&#382;ovanju za slobodu, demokratiju i dr&#382;avu.<\/p>\n<p>Sre&cacute;an dan Ka&ccaron;ani&ccaron;kog ustava, neka &ccaron;inimo Kosovo svakiga dana sve boljim i boljim!\u00a0<\/p>\n","protected":false},"excerpt":{"rendered":"<p>Predsednica Republike Kosovo Vjosa Osmani &ccaron;estitala je Dan Ka&ccaron;ani&ccaron;kog ustava.<\/p>\n","protected":false},"author":1,"featured_media":18684,"comment_status":"open","ping_status":"closed","sticky":false,"template":"","format":"standard","meta":{"_eb_attr":"","footnotes":""},"categories":[101],"tags":[],"class_list":["post-74813","post","type-post","status-publish","format-standard","has-post-thumbnail","hentry","category-vesti"],"yoast_head":"<!-- This site is optimized with the Yoast SEO plugin v23.5 - https:\/\/yoast.com\/wordpress\/plugins\/seo\/ -->\n<title>Predsednica: Ka&amp;ccaron;ani&amp;ccaron;ki ustav je kamen temeljac pravnog poretka kosovske dr&#158;ave - Predsednik Republike Kosovo - DR. VJOSA OSMANI - SADRIU<\/title>\n<meta name=\"description\" content=\"Predsednica: Ka&amp;ccaron;ani&amp;ccaron;ki ustav je kamen temeljac pravnog poretka kosovske dr&#158;ave - Predsednik Republike Kosovo - DR. VJOSA OSMANI - SADRIU -\" \/>\n<meta name=\"robots\" content=\"index, follow, max-snippet:-1, max-image-preview:large, max-video-preview:-1\" \/>\n<link rel=\"canonical\" href=\"https:\/\/president-ksgov.net\/sr\/predsednica-kaaniki-ustav-je-kamen-temeljac-pravnog-poretka-kosovske-drave\/\" \/>\n<meta property=\"og:locale\" content=\"sr_RS\" \/>\n<meta property=\"og:type\" content=\"article\" \/>\n<meta property=\"og:title\" content=\"Predsednica: Ka&amp;ccaron;ani&amp;ccaron;ki ustav je kamen temeljac pravnog poretka kosovske dr&#158;ave - Predsednik Republike Kosovo - DR. VJOSA OSMANI - SADRIU\" \/>\n<meta property=\"og:description\" content=\"Predsednica: Ka&amp;ccaron;ani&amp;ccaron;ki ustav je kamen temeljac pravnog poretka kosovske dr&#158;ave - Predsednik Republike Kosovo - DR. VJOSA OSMANI - SADRIU -\" \/>\n<meta property=\"og:url\" content=\"https:\/\/president-ksgov.net\/sr\/predsednica-kaaniki-ustav-je-kamen-temeljac-pravnog-poretka-kosovske-drave\/\" \/>\n<meta property=\"og:site_name\" content=\"Predsednik Republike Kosovo - DR. VJOSA OSMANI - SADRIU\" \/>\n<meta property=\"article:published_time\" content=\"2021-09-07T12:04:36+00:00\" \/>\n<meta property=\"og:image\" content=\"https:\/\/president-ksgov.net\/wp-content\/uploads\/07_09_2021_6244951_241560029_3043672575879006_2970730452684872012_n.jpg\" \/>\n\t<meta property=\"og:image:width\" content=\"955\" \/>\n\t<meta property=\"og:image:height\" content=\"865\" \/>\n\t<meta property=\"og:image:type\" content=\"image\/jpeg\" \/>\n<meta name=\"author\" content=\"admin\" \/>\n<meta name=\"twitter:card\" content=\"summary_large_image\" \/>\n<meta name=\"twitter:label1\" content=\"\u041d\u0430\u043f\u0438\u0441\u0430\u043d\u043e \u043e\u0434\" \/>\n\t<meta name=\"twitter:data1\" content=\"admin\" \/>\n\t<meta name=\"twitter:label2\" content=\"\u041f\u0440\u043e\u0446\u0435\u045a\u0435\u043d\u043e \u0432\u0440\u0435\u043c\u0435 \u0447\u0438\u0442\u0430\u045a\u0430\" \/>\n\t<meta name=\"twitter:data2\" content=\"1 \u043c\u0438\u043d\u0443\u0442\" \/>\n<script type=\"application\/ld+json\" class=\"yoast-schema-graph\">{\"@context\":\"https:\/\/schema.org\",\"@graph\":[{\"@type\":\"WebPage\",\"@id\":\"https:\/\/president-ksgov.net\/sr\/predsednica-kaaniki-ustav-je-kamen-temeljac-pravnog-poretka-kosovske-drave\/\",\"url\":\"https:\/\/president-ksgov.net\/sr\/predsednica-kaaniki-ustav-je-kamen-temeljac-pravnog-poretka-kosovske-drave\/\",\"name\":\"Predsednica: Ka&ccaron;ani&ccaron;ki ustav je kamen temeljac pravnog poretka kosovske dr&#158;ave - Predsednik Republike Kosovo - DR. VJOSA OSMANI - SADRIU\",\"isPartOf\":{\"@id\":\"https:\/\/president-ksgov.net\/#website\"},\"primaryImageOfPage\":{\"@id\":\"https:\/\/president-ksgov.net\/sr\/predsednica-kaaniki-ustav-je-kamen-temeljac-pravnog-poretka-kosovske-drave\/#primaryimage\"},\"image\":{\"@id\":\"https:\/\/president-ksgov.net\/sr\/predsednica-kaaniki-ustav-je-kamen-temeljac-pravnog-poretka-kosovske-drave\/#primaryimage\"},\"thumbnailUrl\":\"https:\/\/president-ksgov.net\/wp-content\/uploads\/07_09_2021_6244951_241560029_3043672575879006_2970730452684872012_n.jpg\",\"datePublished\":\"2021-09-07T12:04:36+00:00\",\"dateModified\":\"2021-09-07T12:04:36+00:00\",\"author\":{\"@id\":\"https:\/\/president-ksgov.net\/#\/schema\/person\/bb4337a5fb147cb2046d80548172cbee\"},\"description\":\"Predsednica: Ka&ccaron;ani&ccaron;ki ustav je kamen temeljac pravnog poretka kosovske dr&#158;ave - Predsednik Republike Kosovo - DR. VJOSA OSMANI - SADRIU -\",\"breadcrumb\":{\"@id\":\"https:\/\/president-ksgov.net\/sr\/predsednica-kaaniki-ustav-je-kamen-temeljac-pravnog-poretka-kosovske-drave\/#breadcrumb\"},\"inLanguage\":\"sr-RS\",\"potentialAction\":[{\"@type\":\"ReadAction\",\"target\":[\"https:\/\/president-ksgov.net\/sr\/predsednica-kaaniki-ustav-je-kamen-temeljac-pravnog-poretka-kosovske-drave\/\"]}]},{\"@type\":\"ImageObject\",\"inLanguage\":\"sr-RS\",\"@id\":\"https:\/\/president-ksgov.net\/sr\/predsednica-kaaniki-ustav-je-kamen-temeljac-pravnog-poretka-kosovske-drave\/#primaryimage\",\"url\":\"https:\/\/president-ksgov.net\/wp-content\/uploads\/07_09_2021_6244951_241560029_3043672575879006_2970730452684872012_n.jpg\",\"contentUrl\":\"https:\/\/president-ksgov.net\/wp-content\/uploads\/07_09_2021_6244951_241560029_3043672575879006_2970730452684872012_n.jpg\",\"width\":955,\"height\":865},{\"@type\":\"BreadcrumbList\",\"@id\":\"https:\/\/president-ksgov.net\/sr\/predsednica-kaaniki-ustav-je-kamen-temeljac-pravnog-poretka-kosovske-drave\/#breadcrumb\",\"itemListElement\":[{\"@type\":\"ListItem\",\"position\":1,\"name\":\"Home\",\"item\":\"https:\/\/president-ksgov.net\/sr\/\"},{\"@type\":\"ListItem\",\"position\":2,\"name\":\"Predsednica: Ka&ccaron;ani&ccaron;ki ustav je kamen temeljac pravnog poretka kosovske dr&#158;ave\"}]},{\"@type\":\"WebSite\",\"@id\":\"https:\/\/president-ksgov.net\/#website\",\"url\":\"https:\/\/president-ksgov.net\/\",\"name\":\"Presidente e Republik\u00ebs s\u00eb Kosov\u00ebs\",\"description\":\"Presidente e Republik\u00ebs s\u00eb Kosov\u00ebs\",\"alternateName\":\"DR. VJOSA OSMANI - SADRIU\",\"potentialAction\":[{\"@type\":\"SearchAction\",\"target\":{\"@type\":\"EntryPoint\",\"urlTemplate\":\"https:\/\/president-ksgov.net\/?s={search_term_string}\"},\"query-input\":{\"@type\":\"PropertyValueSpecification\",\"valueRequired\":true,\"valueName\":\"search_term_string\"}}],\"inLanguage\":\"sr-RS\"},{\"@type\":\"Person\",\"@id\":\"https:\/\/president-ksgov.net\/#\/schema\/person\/bb4337a5fb147cb2046d80548172cbee\",\"name\":\"admin\",\"image\":{\"@type\":\"ImageObject\",\"inLanguage\":\"sr-RS\",\"@id\":\"https:\/\/president-ksgov.net\/#\/schema\/person\/image\/\",\"url\":\"https:\/\/secure.gravatar.com\/avatar\/36156ca0fa3b8d9d25174f146e16beea0cf28f37adf1b9e19b6c9c279a7c9dd3?s=96&d=mm&r=g\",\"contentUrl\":\"https:\/\/secure.gravatar.com\/avatar\/36156ca0fa3b8d9d25174f146e16beea0cf28f37adf1b9e19b6c9c279a7c9dd3?s=96&d=mm&r=g\",\"caption\":\"admin\"},\"sameAs\":[\"https:\/\/president-ksgov.net\"]}]}<\/script>\n<!-- \/ Yoast SEO plugin. -->","yoast_head_json":{"title":"Predsednica: Ka&ccaron;ani&ccaron;ki ustav je kamen temeljac pravnog poretka kosovske dr&#158;ave - Predsednik Republike Kosovo - DR. VJOSA OSMANI - SADRIU","description":"Predsednica: Ka&ccaron;ani&ccaron;ki ustav je kamen temeljac pravnog poretka kosovske dr&#158;ave - Predsednik Republike Kosovo - DR. VJOSA OSMANI - SADRIU -","robots":{"index":"index","follow":"follow","max-snippet":"max-snippet:-1","max-image-preview":"max-image-preview:large","max-video-preview":"max-video-preview:-1"},"canonical":"https:\/\/president-ksgov.net\/sr\/predsednica-kaaniki-ustav-je-kamen-temeljac-pravnog-poretka-kosovske-drave\/","og_locale":"sr_RS","og_type":"article","og_title":"Predsednica: Ka&ccaron;ani&ccaron;ki ustav je kamen temeljac pravnog poretka kosovske dr&#158;ave - Predsednik Republike Kosovo - DR. VJOSA OSMANI - SADRIU","og_description":"Predsednica: Ka&ccaron;ani&ccaron;ki ustav je kamen temeljac pravnog poretka kosovske dr&#158;ave - Predsednik Republike Kosovo - DR. VJOSA OSMANI - SADRIU -","og_url":"https:\/\/president-ksgov.net\/sr\/predsednica-kaaniki-ustav-je-kamen-temeljac-pravnog-poretka-kosovske-drave\/","og_site_name":"Predsednik Republike Kosovo - DR. VJOSA OSMANI - SADRIU","article_published_time":"2021-09-07T12:04:36+00:00","og_image":[{"width":955,"height":865,"url":"https:\/\/president-ksgov.net\/wp-content\/uploads\/07_09_2021_6244951_241560029_3043672575879006_2970730452684872012_n.jpg","type":"image\/jpeg"}],"author":"admin","twitter_card":"summary_large_image","twitter_misc":{"\u041d\u0430\u043f\u0438\u0441\u0430\u043d\u043e \u043e\u0434":"admin","\u041f\u0440\u043e\u0446\u0435\u045a\u0435\u043d\u043e \u0432\u0440\u0435\u043c\u0435 \u0447\u0438\u0442\u0430\u045a\u0430":"1 \u043c\u0438\u043d\u0443\u0442"},"schema":{"@context":"https:\/\/schema.org","@graph":[{"@type":"WebPage","@id":"https:\/\/president-ksgov.net\/sr\/predsednica-kaaniki-ustav-je-kamen-temeljac-pravnog-poretka-kosovske-drave\/","url":"https:\/\/president-ksgov.net\/sr\/predsednica-kaaniki-ustav-je-kamen-temeljac-pravnog-poretka-kosovske-drave\/","name":"Predsednica: Ka&ccaron;ani&ccaron;ki ustav je kamen temeljac pravnog poretka kosovske dr&#158;ave - Predsednik Republike Kosovo - DR. VJOSA OSMANI - SADRIU","isPartOf":{"@id":"https:\/\/president-ksgov.net\/#website"},"primaryImageOfPage":{"@id":"https:\/\/president-ksgov.net\/sr\/predsednica-kaaniki-ustav-je-kamen-temeljac-pravnog-poretka-kosovske-drave\/#primaryimage"},"image":{"@id":"https:\/\/president-ksgov.net\/sr\/predsednica-kaaniki-ustav-je-kamen-temeljac-pravnog-poretka-kosovske-drave\/#primaryimage"},"thumbnailUrl":"https:\/\/president-ksgov.net\/wp-content\/uploads\/07_09_2021_6244951_241560029_3043672575879006_2970730452684872012_n.jpg","datePublished":"2021-09-07T12:04:36+00:00","dateModified":"2021-09-07T12:04:36+00:00","author":{"@id":"https:\/\/president-ksgov.net\/#\/schema\/person\/bb4337a5fb147cb2046d80548172cbee"},"description":"Predsednica: Ka&ccaron;ani&ccaron;ki ustav je kamen temeljac pravnog poretka kosovske dr&#158;ave - Predsednik Republike Kosovo - DR. VJOSA OSMANI - SADRIU -","breadcrumb":{"@id":"https:\/\/president-ksgov.net\/sr\/predsednica-kaaniki-ustav-je-kamen-temeljac-pravnog-poretka-kosovske-drave\/#breadcrumb"},"inLanguage":"sr-RS","potentialAction":[{"@type":"ReadAction","target":["https:\/\/president-ksgov.net\/sr\/predsednica-kaaniki-ustav-je-kamen-temeljac-pravnog-poretka-kosovske-drave\/"]}]},{"@type":"ImageObject","inLanguage":"sr-RS","@id":"https:\/\/president-ksgov.net\/sr\/predsednica-kaaniki-ustav-je-kamen-temeljac-pravnog-poretka-kosovske-drave\/#primaryimage","url":"https:\/\/president-ksgov.net\/wp-content\/uploads\/07_09_2021_6244951_241560029_3043672575879006_2970730452684872012_n.jpg","contentUrl":"https:\/\/president-ksgov.net\/wp-content\/uploads\/07_09_2021_6244951_241560029_3043672575879006_2970730452684872012_n.jpg","width":955,"height":865},{"@type":"BreadcrumbList","@id":"https:\/\/president-ksgov.net\/sr\/predsednica-kaaniki-ustav-je-kamen-temeljac-pravnog-poretka-kosovske-drave\/#breadcrumb","itemListElement":[{"@type":"ListItem","position":1,"name":"Home","item":"https:\/\/president-ksgov.net\/sr\/"},{"@type":"ListItem","position":2,"name":"Predsednica: Ka&ccaron;ani&ccaron;ki ustav je kamen temeljac pravnog poretka kosovske dr&#158;ave"}]},{"@type":"WebSite","@id":"https:\/\/president-ksgov.net\/#website","url":"https:\/\/president-ksgov.net\/","name":"Presidente e Republik\u00ebs s\u00eb Kosov\u00ebs","description":"Presidente e Republik\u00ebs s\u00eb Kosov\u00ebs","alternateName":"DR. VJOSA OSMANI - SADRIU","potentialAction":[{"@type":"SearchAction","target":{"@type":"EntryPoint","urlTemplate":"https:\/\/president-ksgov.net\/?s={search_term_string}"},"query-input":{"@type":"PropertyValueSpecification","valueRequired":true,"valueName":"search_term_string"}}],"inLanguage":"sr-RS"},{"@type":"Person","@id":"https:\/\/president-ksgov.net\/#\/schema\/person\/bb4337a5fb147cb2046d80548172cbee","name":"admin","image":{"@type":"ImageObject","inLanguage":"sr-RS","@id":"https:\/\/president-ksgov.net\/#\/schema\/person\/image\/","url":"https:\/\/secure.gravatar.com\/avatar\/36156ca0fa3b8d9d25174f146e16beea0cf28f37adf1b9e19b6c9c279a7c9dd3?s=96&d=mm&r=g","contentUrl":"https:\/\/secure.gravatar.com\/avatar\/36156ca0fa3b8d9d25174f146e16beea0cf28f37adf1b9e19b6c9c279a7c9dd3?s=96&d=mm&r=g","caption":"admin"},"sameAs":["https:\/\/president-ksgov.net"]}]}},"_links":{"self":[{"href":"https:\/\/president-ksgov.net\/sr\/wp-json\/wp\/v2\/posts\/74813","targetHints":{"allow":["GET"]}}],"collection":[{"href":"https:\/\/president-ksgov.net\/sr\/wp-json\/wp\/v2\/posts"}],"about":[{"href":"https:\/\/president-ksgov.net\/sr\/wp-json\/wp\/v2\/types\/post"}],"author":[{"embeddable":true,"href":"https:\/\/president-ksgov.net\/sr\/wp-json\/wp\/v2\/users\/1"}],"replies":[{"embeddable":true,"href":"https:\/\/president-ksgov.net\/sr\/wp-json\/wp\/v2\/comments?post=74813"}],"version-history":[{"count":0,"href":"https:\/\/president-ksgov.net\/sr\/wp-json\/wp\/v2\/posts\/74813\/revisions"}],"wp:featuredmedia":[{"embeddable":true,"href":"https:\/\/president-ksgov.net\/sr\/wp-json\/wp\/v2\/media\/18684"}],"wp:attachment":[{"href":"https:\/\/president-ksgov.net\/sr\/wp-json\/wp\/v2\/media?parent=74813"}],"wp:term":[{"taxonomy":"category","embeddable":true,"href":"https:\/\/president-ksgov.net\/sr\/wp-json\/wp\/v2\/categories?post=74813"},{"taxonomy":"post_tag","embeddable":true,"href":"https:\/\/president-ksgov.net\/sr\/wp-json\/wp\/v2\/tags?post=74813"}],"curies":[{"name":"wp","href":"https:\/\/api.w.org\/{rel}","templated":true}]}}