{"id":74796,"date":"2021-09-14T12:56:44","date_gmt":"2021-09-14T12:56:44","guid":{"rendered":"https:\/\/dev.president-ksgov.net\/predsednica-kosova-vjosa-osmani-izjavila-sauese-porodici-diplomate-i-bivseg-muftije-rexhepa-boje\/"},"modified":"2021-09-14T12:56:44","modified_gmt":"2021-09-14T12:56:44","slug":"predsednica-kosova-vjosa-osmani-izjavila-sauese-porodici-diplomate-i-bivseg-muftije-rexhepa-boje","status":"publish","type":"post","link":"https:\/\/president-ksgov.net\/sr\/predsednica-kosova-vjosa-osmani-izjavila-sauese-porodici-diplomate-i-bivseg-muftije-rexhepa-boje\/","title":{"rendered":"Predsednica Kosova Vjosa Osmani izjavila sau&ccaron;e\u0161&cacute;e porodici diplomate i biv\u0161eg muftije Rexhepa Boje"},"content":{"rendered":"<p>Predsednica Republike Kosovo Vjosa Osmani izjavila je sau&ccaron;e\u0161&cacute;e porodici Boja povodom smrti biv\u0161eg ambasadora Kosova u Saudijskoj Arabiji, profesora i biv\u0161eg predsednika (muftije) Islamske zajednice Kosova dr Rexhepa Boje.<\/p>\n<p>U telegramu se izme&dstrok;u ostalog ka&#382;e:<br \/>\n\u00a0<br \/>\n&#8222;Uvek &cacute;emo se se&cacute;ati g. Boje kao mudrog &ccaron;oveka koji je budu&cacute;i na &ccaron;elu Islamske zajednice u najte&#382;im godinama kroz koje je prolazilo Kosovo, tokom devedesetih godina, uticao da se solidarnost, vera i mir me&dstrok;u gra&dstrok;anima Kosova gaje i dalje produbljuju.<br \/>\n\u00a0<br \/>\nOn je tako ostavio traga i u zastupanju Republike Kosovo, slu&#382;e&cacute;i izme&dstrok;u ostalog i kao opunomo&cacute;eni ambasador Republike Kosovo u Saudijskoj Arabiji.<br \/>\n\u00a0<br \/>\nOstavio je vredan doprinos i u akademskoj oblasti.<br \/>\n\u00a0<br \/>\nNeka je ve&ccaron;no se&cacute;anje na dr Rexhepa Boju&#8220;, ka&#382;e se u telegramu predsednice Osmani koji je poslat porodici Boja.<\/p>\n","protected":false},"excerpt":{"rendered":"<p>Predsednica Republike Kosovo Vjosa Osmani izjavila je sau&ccaron;e\u0161&cacute;e porodici Boja povodom smrti biv\u0161eg ambasadora Kosova u Saudijskoj Arabiji, profesora i biv\u0161eg predsednika (muftije) Islamske zajednice Kosova dr Rexhepa Boje.<\/p>\n","protected":false},"author":1,"featured_media":18550,"comment_status":"open","ping_status":"closed","sticky":false,"template":"","format":"standard","meta":{"_eb_attr":"","footnotes":""},"categories":[101],"tags":[],"class_list":["post-74796","post","type-post","status-publish","format-standard","has-post-thumbnail","hentry","category-vesti"],"yoast_head":"<!-- This site is optimized with the Yoast SEO plugin v23.5 - https:\/\/yoast.com\/wordpress\/plugins\/seo\/ -->\n<title>Predsednica Kosova Vjosa Osmani izjavila sau&amp;ccaron;e\u0161&amp;cacute;e porodici diplomate i biv\u0161eg muftije Rexhepa Boje - Predsednik Republike Kosovo - DR. VJOSA OSMANI - SADRIU<\/title>\n<meta name=\"description\" content=\"Predsednica Kosova Vjosa Osmani izjavila sau&amp;ccaron;e\u0161&amp;cacute;e porodici diplomate i biv\u0161eg muftije Rexhepa Boje - Predsednik Republike Kosovo - DR. VJOSA OSMANI - SADRIU -\" \/>\n<meta name=\"robots\" content=\"index, follow, max-snippet:-1, max-image-preview:large, max-video-preview:-1\" \/>\n<link rel=\"canonical\" href=\"https:\/\/president-ksgov.net\/sr\/predsednica-kosova-vjosa-osmani-izjavila-sauese-porodici-diplomate-i-bivseg-muftije-rexhepa-boje\/\" \/>\n<meta property=\"og:locale\" content=\"sr_RS\" \/>\n<meta property=\"og:type\" content=\"article\" \/>\n<meta property=\"og:title\" content=\"Predsednica Kosova Vjosa Osmani izjavila sau&amp;ccaron;e\u0161&amp;cacute;e porodici diplomate i biv\u0161eg muftije Rexhepa Boje - Predsednik Republike Kosovo - DR. VJOSA OSMANI - SADRIU\" \/>\n<meta property=\"og:description\" content=\"Predsednica Kosova Vjosa Osmani izjavila sau&amp;ccaron;e\u0161&amp;cacute;e porodici diplomate i biv\u0161eg muftije Rexhepa Boje - Predsednik Republike Kosovo - DR. VJOSA OSMANI - SADRIU -\" \/>\n<meta property=\"og:url\" content=\"https:\/\/president-ksgov.net\/sr\/predsednica-kosova-vjosa-osmani-izjavila-sauese-porodici-diplomate-i-bivseg-muftije-rexhepa-boje\/\" \/>\n<meta property=\"og:site_name\" content=\"Predsednik Republike Kosovo - DR. VJOSA OSMANI - SADRIU\" \/>\n<meta property=\"article:published_time\" content=\"2021-09-14T12:56:44+00:00\" \/>\n<meta property=\"og:image\" content=\"https:\/\/president-ksgov.net\/wp-content\/uploads\/15_09_2021_8705095_14_09_2021_8262524_rexhep_boja_e1631614907857_1200x630__1_.jpg\" \/>\n\t<meta property=\"og:image:width\" content=\"384\" \/>\n\t<meta property=\"og:image:height\" content=\"339\" \/>\n\t<meta property=\"og:image:type\" content=\"image\/jpeg\" \/>\n<meta name=\"author\" content=\"admin\" \/>\n<meta name=\"twitter:card\" content=\"summary_large_image\" \/>\n<meta name=\"twitter:label1\" content=\"\u041d\u0430\u043f\u0438\u0441\u0430\u043d\u043e \u043e\u0434\" \/>\n\t<meta name=\"twitter:data1\" content=\"admin\" \/>\n\t<meta name=\"twitter:label2\" content=\"\u041f\u0440\u043e\u0446\u0435\u045a\u0435\u043d\u043e \u0432\u0440\u0435\u043c\u0435 \u0447\u0438\u0442\u0430\u045a\u0430\" \/>\n\t<meta name=\"twitter:data2\" content=\"1 \u043c\u0438\u043d\u0443\u0442\" \/>\n<script type=\"application\/ld+json\" class=\"yoast-schema-graph\">{\"@context\":\"https:\/\/schema.org\",\"@graph\":[{\"@type\":\"WebPage\",\"@id\":\"https:\/\/president-ksgov.net\/sr\/predsednica-kosova-vjosa-osmani-izjavila-sauese-porodici-diplomate-i-bivseg-muftije-rexhepa-boje\/\",\"url\":\"https:\/\/president-ksgov.net\/sr\/predsednica-kosova-vjosa-osmani-izjavila-sauese-porodici-diplomate-i-bivseg-muftije-rexhepa-boje\/\",\"name\":\"Predsednica Kosova Vjosa Osmani izjavila sau&ccaron;e\u0161&cacute;e porodici diplomate i biv\u0161eg muftije Rexhepa Boje - Predsednik Republike Kosovo - DR. VJOSA OSMANI - SADRIU\",\"isPartOf\":{\"@id\":\"https:\/\/president-ksgov.net\/#website\"},\"primaryImageOfPage\":{\"@id\":\"https:\/\/president-ksgov.net\/sr\/predsednica-kosova-vjosa-osmani-izjavila-sauese-porodici-diplomate-i-bivseg-muftije-rexhepa-boje\/#primaryimage\"},\"image\":{\"@id\":\"https:\/\/president-ksgov.net\/sr\/predsednica-kosova-vjosa-osmani-izjavila-sauese-porodici-diplomate-i-bivseg-muftije-rexhepa-boje\/#primaryimage\"},\"thumbnailUrl\":\"https:\/\/president-ksgov.net\/wp-content\/uploads\/15_09_2021_8705095_14_09_2021_8262524_rexhep_boja_e1631614907857_1200x630__1_.jpg\",\"datePublished\":\"2021-09-14T12:56:44+00:00\",\"dateModified\":\"2021-09-14T12:56:44+00:00\",\"author\":{\"@id\":\"https:\/\/president-ksgov.net\/#\/schema\/person\/bb4337a5fb147cb2046d80548172cbee\"},\"description\":\"Predsednica Kosova Vjosa Osmani izjavila sau&ccaron;e\u0161&cacute;e porodici diplomate i biv\u0161eg muftije Rexhepa Boje - Predsednik Republike Kosovo - DR. VJOSA OSMANI - SADRIU -\",\"breadcrumb\":{\"@id\":\"https:\/\/president-ksgov.net\/sr\/predsednica-kosova-vjosa-osmani-izjavila-sauese-porodici-diplomate-i-bivseg-muftije-rexhepa-boje\/#breadcrumb\"},\"inLanguage\":\"sr-RS\",\"potentialAction\":[{\"@type\":\"ReadAction\",\"target\":[\"https:\/\/president-ksgov.net\/sr\/predsednica-kosova-vjosa-osmani-izjavila-sauese-porodici-diplomate-i-bivseg-muftije-rexhepa-boje\/\"]}]},{\"@type\":\"ImageObject\",\"inLanguage\":\"sr-RS\",\"@id\":\"https:\/\/president-ksgov.net\/sr\/predsednica-kosova-vjosa-osmani-izjavila-sauese-porodici-diplomate-i-bivseg-muftije-rexhepa-boje\/#primaryimage\",\"url\":\"https:\/\/president-ksgov.net\/wp-content\/uploads\/15_09_2021_8705095_14_09_2021_8262524_rexhep_boja_e1631614907857_1200x630__1_.jpg\",\"contentUrl\":\"https:\/\/president-ksgov.net\/wp-content\/uploads\/15_09_2021_8705095_14_09_2021_8262524_rexhep_boja_e1631614907857_1200x630__1_.jpg\",\"width\":384,\"height\":339},{\"@type\":\"BreadcrumbList\",\"@id\":\"https:\/\/president-ksgov.net\/sr\/predsednica-kosova-vjosa-osmani-izjavila-sauese-porodici-diplomate-i-bivseg-muftije-rexhepa-boje\/#breadcrumb\",\"itemListElement\":[{\"@type\":\"ListItem\",\"position\":1,\"name\":\"Home\",\"item\":\"https:\/\/president-ksgov.net\/sr\/\"},{\"@type\":\"ListItem\",\"position\":2,\"name\":\"Predsednica Kosova Vjosa Osmani izjavila sau&ccaron;e\u0161&cacute;e porodici diplomate i biv\u0161eg muftije Rexhepa Boje\"}]},{\"@type\":\"WebSite\",\"@id\":\"https:\/\/president-ksgov.net\/#website\",\"url\":\"https:\/\/president-ksgov.net\/\",\"name\":\"Presidente e Republik\u00ebs s\u00eb Kosov\u00ebs\",\"description\":\"Presidente e Republik\u00ebs s\u00eb Kosov\u00ebs\",\"alternateName\":\"DR. VJOSA OSMANI - SADRIU\",\"potentialAction\":[{\"@type\":\"SearchAction\",\"target\":{\"@type\":\"EntryPoint\",\"urlTemplate\":\"https:\/\/president-ksgov.net\/?s={search_term_string}\"},\"query-input\":{\"@type\":\"PropertyValueSpecification\",\"valueRequired\":true,\"valueName\":\"search_term_string\"}}],\"inLanguage\":\"sr-RS\"},{\"@type\":\"Person\",\"@id\":\"https:\/\/president-ksgov.net\/#\/schema\/person\/bb4337a5fb147cb2046d80548172cbee\",\"name\":\"admin\",\"image\":{\"@type\":\"ImageObject\",\"inLanguage\":\"sr-RS\",\"@id\":\"https:\/\/president-ksgov.net\/#\/schema\/person\/image\/\",\"url\":\"https:\/\/secure.gravatar.com\/avatar\/36156ca0fa3b8d9d25174f146e16beea0cf28f37adf1b9e19b6c9c279a7c9dd3?s=96&d=mm&r=g\",\"contentUrl\":\"https:\/\/secure.gravatar.com\/avatar\/36156ca0fa3b8d9d25174f146e16beea0cf28f37adf1b9e19b6c9c279a7c9dd3?s=96&d=mm&r=g\",\"caption\":\"admin\"},\"sameAs\":[\"https:\/\/president-ksgov.net\"]}]}<\/script>\n<!-- \/ Yoast SEO plugin. -->","yoast_head_json":{"title":"Predsednica Kosova Vjosa Osmani izjavila sau&ccaron;e\u0161&cacute;e porodici diplomate i biv\u0161eg muftije Rexhepa Boje - Predsednik Republike Kosovo - DR. VJOSA OSMANI - SADRIU","description":"Predsednica Kosova Vjosa Osmani izjavila sau&ccaron;e\u0161&cacute;e porodici diplomate i biv\u0161eg muftije Rexhepa Boje - Predsednik Republike Kosovo - DR. VJOSA OSMANI - SADRIU -","robots":{"index":"index","follow":"follow","max-snippet":"max-snippet:-1","max-image-preview":"max-image-preview:large","max-video-preview":"max-video-preview:-1"},"canonical":"https:\/\/president-ksgov.net\/sr\/predsednica-kosova-vjosa-osmani-izjavila-sauese-porodici-diplomate-i-bivseg-muftije-rexhepa-boje\/","og_locale":"sr_RS","og_type":"article","og_title":"Predsednica Kosova Vjosa Osmani izjavila sau&ccaron;e\u0161&cacute;e porodici diplomate i biv\u0161eg muftije Rexhepa Boje - Predsednik Republike Kosovo - DR. VJOSA OSMANI - SADRIU","og_description":"Predsednica Kosova Vjosa Osmani izjavila sau&ccaron;e\u0161&cacute;e porodici diplomate i biv\u0161eg muftije Rexhepa Boje - Predsednik Republike Kosovo - DR. VJOSA OSMANI - SADRIU -","og_url":"https:\/\/president-ksgov.net\/sr\/predsednica-kosova-vjosa-osmani-izjavila-sauese-porodici-diplomate-i-bivseg-muftije-rexhepa-boje\/","og_site_name":"Predsednik Republike Kosovo - DR. VJOSA OSMANI - SADRIU","article_published_time":"2021-09-14T12:56:44+00:00","og_image":[{"width":384,"height":339,"url":"https:\/\/president-ksgov.net\/wp-content\/uploads\/15_09_2021_8705095_14_09_2021_8262524_rexhep_boja_e1631614907857_1200x630__1_.jpg","type":"image\/jpeg"}],"author":"admin","twitter_card":"summary_large_image","twitter_misc":{"\u041d\u0430\u043f\u0438\u0441\u0430\u043d\u043e \u043e\u0434":"admin","\u041f\u0440\u043e\u0446\u0435\u045a\u0435\u043d\u043e \u0432\u0440\u0435\u043c\u0435 \u0447\u0438\u0442\u0430\u045a\u0430":"1 \u043c\u0438\u043d\u0443\u0442"},"schema":{"@context":"https:\/\/schema.org","@graph":[{"@type":"WebPage","@id":"https:\/\/president-ksgov.net\/sr\/predsednica-kosova-vjosa-osmani-izjavila-sauese-porodici-diplomate-i-bivseg-muftije-rexhepa-boje\/","url":"https:\/\/president-ksgov.net\/sr\/predsednica-kosova-vjosa-osmani-izjavila-sauese-porodici-diplomate-i-bivseg-muftije-rexhepa-boje\/","name":"Predsednica Kosova Vjosa Osmani izjavila sau&ccaron;e\u0161&cacute;e porodici diplomate i biv\u0161eg muftije Rexhepa Boje - Predsednik Republike Kosovo - DR. VJOSA OSMANI - SADRIU","isPartOf":{"@id":"https:\/\/president-ksgov.net\/#website"},"primaryImageOfPage":{"@id":"https:\/\/president-ksgov.net\/sr\/predsednica-kosova-vjosa-osmani-izjavila-sauese-porodici-diplomate-i-bivseg-muftije-rexhepa-boje\/#primaryimage"},"image":{"@id":"https:\/\/president-ksgov.net\/sr\/predsednica-kosova-vjosa-osmani-izjavila-sauese-porodici-diplomate-i-bivseg-muftije-rexhepa-boje\/#primaryimage"},"thumbnailUrl":"https:\/\/president-ksgov.net\/wp-content\/uploads\/15_09_2021_8705095_14_09_2021_8262524_rexhep_boja_e1631614907857_1200x630__1_.jpg","datePublished":"2021-09-14T12:56:44+00:00","dateModified":"2021-09-14T12:56:44+00:00","author":{"@id":"https:\/\/president-ksgov.net\/#\/schema\/person\/bb4337a5fb147cb2046d80548172cbee"},"description":"Predsednica Kosova Vjosa Osmani izjavila sau&ccaron;e\u0161&cacute;e porodici diplomate i biv\u0161eg muftije Rexhepa Boje - Predsednik Republike Kosovo - DR. VJOSA OSMANI - SADRIU -","breadcrumb":{"@id":"https:\/\/president-ksgov.net\/sr\/predsednica-kosova-vjosa-osmani-izjavila-sauese-porodici-diplomate-i-bivseg-muftije-rexhepa-boje\/#breadcrumb"},"inLanguage":"sr-RS","potentialAction":[{"@type":"ReadAction","target":["https:\/\/president-ksgov.net\/sr\/predsednica-kosova-vjosa-osmani-izjavila-sauese-porodici-diplomate-i-bivseg-muftije-rexhepa-boje\/"]}]},{"@type":"ImageObject","inLanguage":"sr-RS","@id":"https:\/\/president-ksgov.net\/sr\/predsednica-kosova-vjosa-osmani-izjavila-sauese-porodici-diplomate-i-bivseg-muftije-rexhepa-boje\/#primaryimage","url":"https:\/\/president-ksgov.net\/wp-content\/uploads\/15_09_2021_8705095_14_09_2021_8262524_rexhep_boja_e1631614907857_1200x630__1_.jpg","contentUrl":"https:\/\/president-ksgov.net\/wp-content\/uploads\/15_09_2021_8705095_14_09_2021_8262524_rexhep_boja_e1631614907857_1200x630__1_.jpg","width":384,"height":339},{"@type":"BreadcrumbList","@id":"https:\/\/president-ksgov.net\/sr\/predsednica-kosova-vjosa-osmani-izjavila-sauese-porodici-diplomate-i-bivseg-muftije-rexhepa-boje\/#breadcrumb","itemListElement":[{"@type":"ListItem","position":1,"name":"Home","item":"https:\/\/president-ksgov.net\/sr\/"},{"@type":"ListItem","position":2,"name":"Predsednica Kosova Vjosa Osmani izjavila sau&ccaron;e\u0161&cacute;e porodici diplomate i biv\u0161eg muftije Rexhepa Boje"}]},{"@type":"WebSite","@id":"https:\/\/president-ksgov.net\/#website","url":"https:\/\/president-ksgov.net\/","name":"Presidente e Republik\u00ebs s\u00eb Kosov\u00ebs","description":"Presidente e Republik\u00ebs s\u00eb Kosov\u00ebs","alternateName":"DR. VJOSA OSMANI - SADRIU","potentialAction":[{"@type":"SearchAction","target":{"@type":"EntryPoint","urlTemplate":"https:\/\/president-ksgov.net\/?s={search_term_string}"},"query-input":{"@type":"PropertyValueSpecification","valueRequired":true,"valueName":"search_term_string"}}],"inLanguage":"sr-RS"},{"@type":"Person","@id":"https:\/\/president-ksgov.net\/#\/schema\/person\/bb4337a5fb147cb2046d80548172cbee","name":"admin","image":{"@type":"ImageObject","inLanguage":"sr-RS","@id":"https:\/\/president-ksgov.net\/#\/schema\/person\/image\/","url":"https:\/\/secure.gravatar.com\/avatar\/36156ca0fa3b8d9d25174f146e16beea0cf28f37adf1b9e19b6c9c279a7c9dd3?s=96&d=mm&r=g","contentUrl":"https:\/\/secure.gravatar.com\/avatar\/36156ca0fa3b8d9d25174f146e16beea0cf28f37adf1b9e19b6c9c279a7c9dd3?s=96&d=mm&r=g","caption":"admin"},"sameAs":["https:\/\/president-ksgov.net"]}]}},"_links":{"self":[{"href":"https:\/\/president-ksgov.net\/sr\/wp-json\/wp\/v2\/posts\/74796","targetHints":{"allow":["GET"]}}],"collection":[{"href":"https:\/\/president-ksgov.net\/sr\/wp-json\/wp\/v2\/posts"}],"about":[{"href":"https:\/\/president-ksgov.net\/sr\/wp-json\/wp\/v2\/types\/post"}],"author":[{"embeddable":true,"href":"https:\/\/president-ksgov.net\/sr\/wp-json\/wp\/v2\/users\/1"}],"replies":[{"embeddable":true,"href":"https:\/\/president-ksgov.net\/sr\/wp-json\/wp\/v2\/comments?post=74796"}],"version-history":[{"count":0,"href":"https:\/\/president-ksgov.net\/sr\/wp-json\/wp\/v2\/posts\/74796\/revisions"}],"wp:featuredmedia":[{"embeddable":true,"href":"https:\/\/president-ksgov.net\/sr\/wp-json\/wp\/v2\/media\/18550"}],"wp:attachment":[{"href":"https:\/\/president-ksgov.net\/sr\/wp-json\/wp\/v2\/media?parent=74796"}],"wp:term":[{"taxonomy":"category","embeddable":true,"href":"https:\/\/president-ksgov.net\/sr\/wp-json\/wp\/v2\/categories?post=74796"},{"taxonomy":"post_tag","embeddable":true,"href":"https:\/\/president-ksgov.net\/sr\/wp-json\/wp\/v2\/tags?post=74796"}],"curies":[{"name":"wp","href":"https:\/\/api.w.org\/{rel}","templated":true}]}}