{"id":74783,"date":"2021-09-21T18:50:16","date_gmt":"2021-09-21T16:50:16","guid":{"rendered":"https:\/\/dev.president-ksgov.net\/predsednica-osmani-i-ministarka-gervalla-sastale-su-se-sa-predsednikom-gvajane-mohamedom-irfaanom-alijem\/"},"modified":"2021-09-21T18:50:16","modified_gmt":"2021-09-21T18:50:16","slug":"predsednica-osmani-i-ministarka-gervalla-sastale-su-se-sa-predsednikom-gvajane-mohamedom-irfaanom-alijem","status":"publish","type":"post","link":"https:\/\/president-ksgov.net\/sr\/predsednica-osmani-i-ministarka-gervalla-sastale-su-se-sa-predsednikom-gvajane-mohamedom-irfaanom-alijem\/","title":{"rendered":"Predsednica Osmani i ministarka G\u00ebrvalla sastale su se sa predsednikom Gvajane  Mohamedom Irfaanom Alijem"},"content":{"rendered":"<p>Predsednica Republike Kosovo Vjosa Osmani i ministarka G\u00ebrvalla su se u okviru sastanaka sa svetskim liderima, tokom boravka u Njujorku, sastale sa predsednikom Gvajane Mohamedom Irfaanom Alijem.<\/p>\n<p>Na sastanku sa predsednikom Alijem, predsednica Osmani je predstavila sliku doga&dstrok;aja na Kosovu i u regionu, obuhvataju&cacute;i i politi&ccaron;ke i ekonomske doga&dstrok;aje, ali i izazove u pandemiji.<\/p>\n<p>I na ovom sastanku je predsednica Osmani od Gvajane zatra&#382;ila podr\u0161ku za lobiranje kod njenih susednih dr&#382;ava u Centralnoj i Ju&#382;noj Americi da priznaju nezavisnost Kosova.<\/p>\n<p>\u0160to se ti&ccaron;e dijaloga sa Srbijom, predsednica Osmani istakla je da dijalog ima smisla ako &cacute;e na kraju uslediti me&dstrok;usobno priznanje u aktuelnim granicama i prema aktuelnom pravnom poretku.<\/p>\n<p>Dalje je predsednica Osmani govorila i o produbljenju odnosa izme&dstrok;u dve dr&#382;ave. Ona je pomenula i promovisanje mogu&cacute;nosti za investiranje, trgovinsku i ekonomsku razmenu.\u00a0\u00a0<\/p>\n<p>Ministarska spoljnih poslova i dijaspore Donika G\u00ebrvalla istakla je bitnost saradnje u obrazovanju, turizmu i ostalim poljima od obostranog interesa.<\/p>\n<p>A predsednik Ali je rekao da je Gvajana podr&#382;avala konstantno Kosovo i izrazio je spremnost za produbljenje odnosa izme&dstrok;u dve dr&#382;ave. On je istakao spremnost institucija Gvajane da intenziviraju odnose sa Kosovom i ponovo je istakao podr\u0161ku procesu u&ccaron;lanjenja u me&dstrok;unarodne organizacije.<\/p>\n","protected":false},"excerpt":{"rendered":"<p>Predsednica Republike Kosovo Vjosa Osmani i ministarka G\u00ebrvalla su se u okviru sastanaka sa svetskim liderima, tokom boravka u Njujorku, sastale sa predsednikom Gvajane Mohamedom Irfaanom Alijem.<\/p>\n","protected":false},"author":1,"featured_media":18429,"comment_status":"open","ping_status":"closed","sticky":false,"template":"","format":"standard","meta":{"_eb_attr":"","footnotes":""},"categories":[114,101],"tags":[],"class_list":["post-74783","post","type-post","status-publish","format-standard","has-post-thumbnail","hentry","category-medunarodne-posete","category-vesti"],"yoast_head":"<!-- This site is optimized with the Yoast SEO plugin v23.5 - https:\/\/yoast.com\/wordpress\/plugins\/seo\/ -->\n<title>Predsednica Osmani i ministarka G\u00ebrvalla sastale su se sa predsednikom Gvajane Mohamedom Irfaanom Alijem - Predsednik Republike Kosovo - DR. VJOSA OSMANI - SADRIU<\/title>\n<meta name=\"description\" content=\"Predsednica Osmani i ministarka G\u00ebrvalla sastale su se sa predsednikom Gvajane Mohamedom Irfaanom Alijem - Predsednik Republike Kosovo - DR. VJOSA OSMANI - SADRIU -\" \/>\n<meta name=\"robots\" content=\"index, follow, max-snippet:-1, max-image-preview:large, max-video-preview:-1\" \/>\n<link rel=\"canonical\" href=\"https:\/\/president-ksgov.net\/presidentja-osmani-dhe-ministrja-gervalla-takuan-presidentin-e-guajanes-mohamed-irfaan-ali\/\" \/>\n<meta property=\"og:locale\" content=\"sr_RS\" \/>\n<meta property=\"og:type\" content=\"article\" \/>\n<meta property=\"og:title\" content=\"Predsednica Osmani i ministarka G\u00ebrvalla sastale su se sa predsednikom Gvajane Mohamedom Irfaanom Alijem - Predsednik Republike Kosovo - DR. VJOSA OSMANI - SADRIU\" \/>\n<meta property=\"og:description\" content=\"Predsednica Osmani i ministarka G\u00ebrvalla sastale su se sa predsednikom Gvajane Mohamedom Irfaanom Alijem - Predsednik Republike Kosovo - DR. VJOSA OSMANI - SADRIU -\" \/>\n<meta property=\"og:url\" content=\"https:\/\/president-ksgov.net\/presidentja-osmani-dhe-ministrja-gervalla-takuan-presidentin-e-guajanes-mohamed-irfaan-ali\/\" \/>\n<meta property=\"og:site_name\" content=\"Predsednik Republike Kosovo - DR. VJOSA OSMANI - SADRIU\" \/>\n<meta property=\"article:published_time\" content=\"2021-09-21T16:50:16+00:00\" \/>\n<meta property=\"article:modified_time\" content=\"2021-09-21T18:50:16+00:00\" \/>\n<meta property=\"og:image\" content=\"https:\/\/president-ksgov.net\/wp-content\/uploads\/21_09_2021_6620066_Presidentja_Osmani_dhe_ministrja_Gervalla_takuan_presidentin_e_Guajanes__Mohamed_Irfaan_Ali_3.jpg\" \/>\n\t<meta property=\"og:image:width\" content=\"800\" \/>\n\t<meta property=\"og:image:height\" content=\"659\" \/>\n\t<meta property=\"og:image:type\" content=\"image\/jpeg\" \/>\n<meta name=\"author\" content=\"admin\" \/>\n<meta name=\"twitter:card\" content=\"summary_large_image\" \/>\n<meta name=\"twitter:label1\" content=\"\u041d\u0430\u043f\u0438\u0441\u0430\u043d\u043e \u043e\u0434\" \/>\n\t<meta name=\"twitter:data1\" content=\"admin\" \/>\n\t<meta name=\"twitter:label2\" content=\"\u041f\u0440\u043e\u0446\u0435\u045a\u0435\u043d\u043e \u0432\u0440\u0435\u043c\u0435 \u0447\u0438\u0442\u0430\u045a\u0430\" \/>\n\t<meta name=\"twitter:data2\" content=\"1 \u043c\u0438\u043d\u0443\u0442\" \/>\n<script type=\"application\/ld+json\" class=\"yoast-schema-graph\">{\"@context\":\"https:\/\/schema.org\",\"@graph\":[{\"@type\":\"WebPage\",\"@id\":\"https:\/\/president-ksgov.net\/presidentja-osmani-dhe-ministrja-gervalla-takuan-presidentin-e-guajanes-mohamed-irfaan-ali\/\",\"url\":\"https:\/\/president-ksgov.net\/presidentja-osmani-dhe-ministrja-gervalla-takuan-presidentin-e-guajanes-mohamed-irfaan-ali\/\",\"name\":\"Predsednica Osmani i ministarka G\u00ebrvalla sastale su se sa predsednikom Gvajane Mohamedom Irfaanom Alijem - Predsednik Republike Kosovo - DR. VJOSA OSMANI - SADRIU\",\"isPartOf\":{\"@id\":\"https:\/\/president-ksgov.net\/#website\"},\"primaryImageOfPage\":{\"@id\":\"https:\/\/president-ksgov.net\/presidentja-osmani-dhe-ministrja-gervalla-takuan-presidentin-e-guajanes-mohamed-irfaan-ali\/#primaryimage\"},\"image\":{\"@id\":\"https:\/\/president-ksgov.net\/presidentja-osmani-dhe-ministrja-gervalla-takuan-presidentin-e-guajanes-mohamed-irfaan-ali\/#primaryimage\"},\"thumbnailUrl\":\"https:\/\/president-ksgov.net\/wp-content\/uploads\/21_09_2021_6620066_Presidentja_Osmani_dhe_ministrja_Gervalla_takuan_presidentin_e_Guajanes__Mohamed_Irfaan_Ali_3.jpg\",\"datePublished\":\"2021-09-21T16:50:16+00:00\",\"dateModified\":\"2021-09-21T18:50:16+00:00\",\"author\":{\"@id\":\"https:\/\/president-ksgov.net\/#\/schema\/person\/bb4337a5fb147cb2046d80548172cbee\"},\"description\":\"Predsednica Osmani i ministarka G\u00ebrvalla sastale su se sa predsednikom Gvajane Mohamedom Irfaanom Alijem - Predsednik Republike Kosovo - DR. VJOSA OSMANI - SADRIU -\",\"breadcrumb\":{\"@id\":\"https:\/\/president-ksgov.net\/presidentja-osmani-dhe-ministrja-gervalla-takuan-presidentin-e-guajanes-mohamed-irfaan-ali\/#breadcrumb\"},\"inLanguage\":\"sr-RS\",\"potentialAction\":[{\"@type\":\"ReadAction\",\"target\":[\"https:\/\/president-ksgov.net\/presidentja-osmani-dhe-ministrja-gervalla-takuan-presidentin-e-guajanes-mohamed-irfaan-ali\/\"]}]},{\"@type\":\"ImageObject\",\"inLanguage\":\"sr-RS\",\"@id\":\"https:\/\/president-ksgov.net\/presidentja-osmani-dhe-ministrja-gervalla-takuan-presidentin-e-guajanes-mohamed-irfaan-ali\/#primaryimage\",\"url\":\"https:\/\/president-ksgov.net\/wp-content\/uploads\/21_09_2021_6620066_Presidentja_Osmani_dhe_ministrja_Gervalla_takuan_presidentin_e_Guajanes__Mohamed_Irfaan_Ali_3.jpg\",\"contentUrl\":\"https:\/\/president-ksgov.net\/wp-content\/uploads\/21_09_2021_6620066_Presidentja_Osmani_dhe_ministrja_Gervalla_takuan_presidentin_e_Guajanes__Mohamed_Irfaan_Ali_3.jpg\",\"width\":800,\"height\":659},{\"@type\":\"BreadcrumbList\",\"@id\":\"https:\/\/president-ksgov.net\/presidentja-osmani-dhe-ministrja-gervalla-takuan-presidentin-e-guajanes-mohamed-irfaan-ali\/#breadcrumb\",\"itemListElement\":[{\"@type\":\"ListItem\",\"position\":1,\"name\":\"Home\",\"item\":\"https:\/\/president-ksgov.net\/sr\/\"},{\"@type\":\"ListItem\",\"position\":2,\"name\":\"Predsednica Osmani i ministarka G\u00ebrvalla sastale su se sa predsednikom Gvajane Mohamedom Irfaanom Alijem\"}]},{\"@type\":\"WebSite\",\"@id\":\"https:\/\/president-ksgov.net\/#website\",\"url\":\"https:\/\/president-ksgov.net\/\",\"name\":\"Presidente e Republik\u00ebs s\u00eb Kosov\u00ebs\",\"description\":\"Presidente e Republik\u00ebs s\u00eb Kosov\u00ebs\",\"alternateName\":\"DR. VJOSA OSMANI - SADRIU\",\"potentialAction\":[{\"@type\":\"SearchAction\",\"target\":{\"@type\":\"EntryPoint\",\"urlTemplate\":\"https:\/\/president-ksgov.net\/?s={search_term_string}\"},\"query-input\":{\"@type\":\"PropertyValueSpecification\",\"valueRequired\":true,\"valueName\":\"search_term_string\"}}],\"inLanguage\":\"sr-RS\"},{\"@type\":\"Person\",\"@id\":\"https:\/\/president-ksgov.net\/#\/schema\/person\/bb4337a5fb147cb2046d80548172cbee\",\"name\":\"admin\",\"image\":{\"@type\":\"ImageObject\",\"inLanguage\":\"sr-RS\",\"@id\":\"https:\/\/president-ksgov.net\/#\/schema\/person\/image\/\",\"url\":\"https:\/\/secure.gravatar.com\/avatar\/36156ca0fa3b8d9d25174f146e16beea0cf28f37adf1b9e19b6c9c279a7c9dd3?s=96&d=mm&r=g\",\"contentUrl\":\"https:\/\/secure.gravatar.com\/avatar\/36156ca0fa3b8d9d25174f146e16beea0cf28f37adf1b9e19b6c9c279a7c9dd3?s=96&d=mm&r=g\",\"caption\":\"admin\"},\"sameAs\":[\"https:\/\/president-ksgov.net\"]}]}<\/script>\n<!-- \/ Yoast SEO plugin. -->","yoast_head_json":{"title":"Predsednica Osmani i ministarka G\u00ebrvalla sastale su se sa predsednikom Gvajane Mohamedom Irfaanom Alijem - Predsednik Republike Kosovo - DR. VJOSA OSMANI - SADRIU","description":"Predsednica Osmani i ministarka G\u00ebrvalla sastale su se sa predsednikom Gvajane Mohamedom Irfaanom Alijem - Predsednik Republike Kosovo - DR. VJOSA OSMANI - SADRIU -","robots":{"index":"index","follow":"follow","max-snippet":"max-snippet:-1","max-image-preview":"max-image-preview:large","max-video-preview":"max-video-preview:-1"},"canonical":"https:\/\/president-ksgov.net\/presidentja-osmani-dhe-ministrja-gervalla-takuan-presidentin-e-guajanes-mohamed-irfaan-ali\/","og_locale":"sr_RS","og_type":"article","og_title":"Predsednica Osmani i ministarka G\u00ebrvalla sastale su se sa predsednikom Gvajane Mohamedom Irfaanom Alijem - Predsednik Republike Kosovo - DR. VJOSA OSMANI - SADRIU","og_description":"Predsednica Osmani i ministarka G\u00ebrvalla sastale su se sa predsednikom Gvajane Mohamedom Irfaanom Alijem - Predsednik Republike Kosovo - DR. VJOSA OSMANI - SADRIU -","og_url":"https:\/\/president-ksgov.net\/presidentja-osmani-dhe-ministrja-gervalla-takuan-presidentin-e-guajanes-mohamed-irfaan-ali\/","og_site_name":"Predsednik Republike Kosovo - DR. VJOSA OSMANI - SADRIU","article_published_time":"2021-09-21T16:50:16+00:00","article_modified_time":"2021-09-21T18:50:16+00:00","og_image":[{"width":800,"height":659,"url":"https:\/\/president-ksgov.net\/wp-content\/uploads\/21_09_2021_6620066_Presidentja_Osmani_dhe_ministrja_Gervalla_takuan_presidentin_e_Guajanes__Mohamed_Irfaan_Ali_3.jpg","type":"image\/jpeg"}],"author":"admin","twitter_card":"summary_large_image","twitter_misc":{"\u041d\u0430\u043f\u0438\u0441\u0430\u043d\u043e \u043e\u0434":"admin","\u041f\u0440\u043e\u0446\u0435\u045a\u0435\u043d\u043e \u0432\u0440\u0435\u043c\u0435 \u0447\u0438\u0442\u0430\u045a\u0430":"1 \u043c\u0438\u043d\u0443\u0442"},"schema":{"@context":"https:\/\/schema.org","@graph":[{"@type":"WebPage","@id":"https:\/\/president-ksgov.net\/presidentja-osmani-dhe-ministrja-gervalla-takuan-presidentin-e-guajanes-mohamed-irfaan-ali\/","url":"https:\/\/president-ksgov.net\/presidentja-osmani-dhe-ministrja-gervalla-takuan-presidentin-e-guajanes-mohamed-irfaan-ali\/","name":"Predsednica Osmani i ministarka G\u00ebrvalla sastale su se sa predsednikom Gvajane Mohamedom Irfaanom Alijem - Predsednik Republike Kosovo - DR. VJOSA OSMANI - SADRIU","isPartOf":{"@id":"https:\/\/president-ksgov.net\/#website"},"primaryImageOfPage":{"@id":"https:\/\/president-ksgov.net\/presidentja-osmani-dhe-ministrja-gervalla-takuan-presidentin-e-guajanes-mohamed-irfaan-ali\/#primaryimage"},"image":{"@id":"https:\/\/president-ksgov.net\/presidentja-osmani-dhe-ministrja-gervalla-takuan-presidentin-e-guajanes-mohamed-irfaan-ali\/#primaryimage"},"thumbnailUrl":"https:\/\/president-ksgov.net\/wp-content\/uploads\/21_09_2021_6620066_Presidentja_Osmani_dhe_ministrja_Gervalla_takuan_presidentin_e_Guajanes__Mohamed_Irfaan_Ali_3.jpg","datePublished":"2021-09-21T16:50:16+00:00","dateModified":"2021-09-21T18:50:16+00:00","author":{"@id":"https:\/\/president-ksgov.net\/#\/schema\/person\/bb4337a5fb147cb2046d80548172cbee"},"description":"Predsednica Osmani i ministarka G\u00ebrvalla sastale su se sa predsednikom Gvajane Mohamedom Irfaanom Alijem - Predsednik Republike Kosovo - DR. VJOSA OSMANI - SADRIU -","breadcrumb":{"@id":"https:\/\/president-ksgov.net\/presidentja-osmani-dhe-ministrja-gervalla-takuan-presidentin-e-guajanes-mohamed-irfaan-ali\/#breadcrumb"},"inLanguage":"sr-RS","potentialAction":[{"@type":"ReadAction","target":["https:\/\/president-ksgov.net\/presidentja-osmani-dhe-ministrja-gervalla-takuan-presidentin-e-guajanes-mohamed-irfaan-ali\/"]}]},{"@type":"ImageObject","inLanguage":"sr-RS","@id":"https:\/\/president-ksgov.net\/presidentja-osmani-dhe-ministrja-gervalla-takuan-presidentin-e-guajanes-mohamed-irfaan-ali\/#primaryimage","url":"https:\/\/president-ksgov.net\/wp-content\/uploads\/21_09_2021_6620066_Presidentja_Osmani_dhe_ministrja_Gervalla_takuan_presidentin_e_Guajanes__Mohamed_Irfaan_Ali_3.jpg","contentUrl":"https:\/\/president-ksgov.net\/wp-content\/uploads\/21_09_2021_6620066_Presidentja_Osmani_dhe_ministrja_Gervalla_takuan_presidentin_e_Guajanes__Mohamed_Irfaan_Ali_3.jpg","width":800,"height":659},{"@type":"BreadcrumbList","@id":"https:\/\/president-ksgov.net\/presidentja-osmani-dhe-ministrja-gervalla-takuan-presidentin-e-guajanes-mohamed-irfaan-ali\/#breadcrumb","itemListElement":[{"@type":"ListItem","position":1,"name":"Home","item":"https:\/\/president-ksgov.net\/sr\/"},{"@type":"ListItem","position":2,"name":"Predsednica Osmani i ministarka G\u00ebrvalla sastale su se sa predsednikom Gvajane Mohamedom Irfaanom Alijem"}]},{"@type":"WebSite","@id":"https:\/\/president-ksgov.net\/#website","url":"https:\/\/president-ksgov.net\/","name":"Presidente e Republik\u00ebs s\u00eb Kosov\u00ebs","description":"Presidente e Republik\u00ebs s\u00eb Kosov\u00ebs","alternateName":"DR. VJOSA OSMANI - SADRIU","potentialAction":[{"@type":"SearchAction","target":{"@type":"EntryPoint","urlTemplate":"https:\/\/president-ksgov.net\/?s={search_term_string}"},"query-input":{"@type":"PropertyValueSpecification","valueRequired":true,"valueName":"search_term_string"}}],"inLanguage":"sr-RS"},{"@type":"Person","@id":"https:\/\/president-ksgov.net\/#\/schema\/person\/bb4337a5fb147cb2046d80548172cbee","name":"admin","image":{"@type":"ImageObject","inLanguage":"sr-RS","@id":"https:\/\/president-ksgov.net\/#\/schema\/person\/image\/","url":"https:\/\/secure.gravatar.com\/avatar\/36156ca0fa3b8d9d25174f146e16beea0cf28f37adf1b9e19b6c9c279a7c9dd3?s=96&d=mm&r=g","contentUrl":"https:\/\/secure.gravatar.com\/avatar\/36156ca0fa3b8d9d25174f146e16beea0cf28f37adf1b9e19b6c9c279a7c9dd3?s=96&d=mm&r=g","caption":"admin"},"sameAs":["https:\/\/president-ksgov.net"]}]}},"_links":{"self":[{"href":"https:\/\/president-ksgov.net\/sr\/wp-json\/wp\/v2\/posts\/74783","targetHints":{"allow":["GET"]}}],"collection":[{"href":"https:\/\/president-ksgov.net\/sr\/wp-json\/wp\/v2\/posts"}],"about":[{"href":"https:\/\/president-ksgov.net\/sr\/wp-json\/wp\/v2\/types\/post"}],"author":[{"embeddable":true,"href":"https:\/\/president-ksgov.net\/sr\/wp-json\/wp\/v2\/users\/1"}],"replies":[{"embeddable":true,"href":"https:\/\/president-ksgov.net\/sr\/wp-json\/wp\/v2\/comments?post=74783"}],"version-history":[{"count":0,"href":"https:\/\/president-ksgov.net\/sr\/wp-json\/wp\/v2\/posts\/74783\/revisions"}],"wp:featuredmedia":[{"embeddable":true,"href":"https:\/\/president-ksgov.net\/sr\/wp-json\/wp\/v2\/media\/18429"}],"wp:attachment":[{"href":"https:\/\/president-ksgov.net\/sr\/wp-json\/wp\/v2\/media?parent=74783"}],"wp:term":[{"taxonomy":"category","embeddable":true,"href":"https:\/\/president-ksgov.net\/sr\/wp-json\/wp\/v2\/categories?post=74783"},{"taxonomy":"post_tag","embeddable":true,"href":"https:\/\/president-ksgov.net\/sr\/wp-json\/wp\/v2\/tags?post=74783"}],"curies":[{"name":"wp","href":"https:\/\/api.w.org\/{rel}","templated":true}]}}