{"id":74740,"date":"2021-10-20T18:21:19","date_gmt":"2021-10-20T18:21:19","guid":{"rendered":"https:\/\/dev.president-ksgov.net\/izjava-predsednice-vjose-osmani-na-konferenciji-za-novinare\/"},"modified":"2021-10-20T18:21:19","modified_gmt":"2021-10-20T18:21:19","slug":"izjava-predsednice-vjose-osmani-na-konferenciji-za-novinare","status":"publish","type":"post","link":"https:\/\/president-ksgov.net\/sr\/izjava-predsednice-vjose-osmani-na-konferenciji-za-novinare\/","title":{"rendered":"Izjava predsednice Vjose Osmani na konferenciji za novinare"},"content":{"rendered":"<p>Po\u0161tovani gra&dstrok;ani,<br \/>\n\u00a0<br \/>\nDragi predstavnici medija, hvala vam na dana\u0161njem prisustvu,<br \/>\n\u00a0<br \/>\nSazvala sam ovu konferenciju kako bismo diskutovali o nekim pitanjima koja su tretirana u Izve\u0161taju Evropske komisije o Kosovu, a koja se odnose isklju&ccaron;ivo na vladavinu prava u zemlji.<br \/>\n\u00a0<br \/>\nPosebno smatram neophodnim da se zadr&#382;im na nekim temama vezanim za proces vetinga u Republici Kosovo, sa redom i zakonom u na\u0161oj zemlji, uklju&ccaron;uju&cacute;i i sever, kao i na pitanje izbornog procesa.<br \/>\n\u00a0<br \/>\n\u0160to se ti&ccaron;e vetinga, Evropska komisija smatra da puna i jednokratna ponovna evaluacija svih tu&#382;ilaca i sudija predstavlja izvor zabrinutosti. Kao predsednica zemlje, uop\u0161te se ne sla&#382;em sa ovom konstatacijom. U stvari, nedostatak provere bio bi ozbiljna briga, a ne ispunjenje ovog procesa. Nesprovo&dstrok;enje vetinga ne doprinosi naporima institucija Republike Kosovo da garantuju vladavinu zakona, niti evropskoj budu&cacute;nosti na\u0161e zemlje.<br \/>\n\u00a0<br \/>\nDalje, u ovom izve\u0161taju, Evropska komisija smatra da bi proces vetinga trebalo da bude kona&ccaron;na i vanredna mera, kada se iscrpe sva postoje&cacute;a\u00a0sredstva i mehanizmi. I ova konstatacija je pogre\u0161na, pa &ccaron;ak i kontradiktorna jer su postoje&cacute;i mehanizmi tu ve&cacute; godinama i pokazali su se neefikasnim. Istina je da ovim mehanizmima nije postignut ni rast profesionalizma, integriteta i gra&dstrok;anskog poverenja u pravosudne institucije. Zbog toga je sama EU godinama kritikovala. S\u00a0toga, veting nije samo va&#382;an, ve&cacute; je i neophodan i jedini na&ccaron;in da se postignu svi oni ciljevi, koje je sama Evropska unija godinama predstavljala kao zahteve i prioritete za Kosovo.<br \/>\n\u00a0<br \/>\nZa razliku od onoga \u0161to se navodi u Izve\u0161taju Evropske unije, ovaj proces &cacute;e biti kontinuiran i sveobuhvatan. Godinama u raznim lokalnim i me&dstrok;unarodnim izve\u0161tajima se prime&cacute;uje stagnacija u pravosudnom sistemu i nedostatak odgovaraju&cacute;ih mehanizama za re\u0161avanje ovih stagnacija. Kao rezultat toga, vrlo je jasno da samo sa postoje&cacute;im mehanizmima ne&cacute;e biti mogu&cacute;nosti za realizaciju &#382;eljenih reformi u na\u0161em pravosudnom sistemu.<br \/>\n\u00a0<br \/>\nVeting &cacute;e zato biti klju&ccaron;ni instrument za proveru integriteta, profesionalizma i kontrole imovine subjekata tog vetinga. Ovaj proces &cacute;e tako&dstrok;e biti mehanizam za isticanje sudija, tu&#382;ilaca i pomo&cacute;nog administrativnog osoblja koje ima integritet i koji su profesionalni. Veting &cacute;e se vr\u0161iti u skladu sa najvi\u0161im me&dstrok;unarodnim standardima, kao i najboljom praksom zemalja koje su vr\u0161ile veting pre Kosova.<br \/>\n\u00a0<br \/>\nOvo treba videti kao glavni napor institucija na\u0161e zemlje da garantuju vladavinu reda i zakona, preduzimaju&cacute;i duboke reforme u pravosudnom sistemu i obezbe&dstrok;uju&cacute;i nezavisnost ovog sistema od intervencija bilo politi&ccaron;ke ili kriminalne prirode. Zato, kao predsednica zemlje, ne samo da zahtevam da se ovaj proces nastavi i ne zaustavi, ve&cacute; i da se ubrza, kao nu&#382;nost. Ohrabrujem sve odgovorne institucije da nastave ovaj posao prioritetno i u punoj saradnji sa na\u0161im me&dstrok;unarodnim partnerima. U me&dstrok;uvremenu, kao predsednica zemlje nastavi&cacute;u, kao \u0161to sam to &ccaron;inila i do sada, da primenjujem najvi\u0161e standarde zakonitosti i integriteta u svim mojim imenovanjima, uklju&ccaron;uju&cacute;i i ona u pravosudnom sistemu.\u00a0U pro\u0161losti je bilo slu&ccaron;ajeva da su na moj sto pristizali predlozi koji nisu ispunjavali zakonske kriterijume, bilo da su to lica koja su u pro\u0161losti po&ccaron;inila krivi&ccaron;na dela ili lica koja su u pro\u0161losti polagala pravosudni ispit samo u Srbiji 2010. godine, naravno da je i ovo protiv zakona, ali ni\u0161ta od ovoga nisam potpisala. Nisam predsednica koja potpisuje prazne papire i zato &cacute;u se pre procesa koji uklju&ccaron;uju stalna imenovanja na klju&ccaron;ne pozicije za vladavinu zakona u zemlji, kao \u0161to je slu&ccaron;aj sudija i tu&#382;ilaca, uvek voditi principom sprovo&dstrok;enja i po\u0161tovanja integriteta i profesionalizma.<br \/>\n\u00a0<br \/>\nDruga tema kojom &#382;elim da se bavim je situacija u na\u0161im severnim op\u0161tinama \u0161to se ti&ccaron;e vladavine zakona.<br \/>\n\u00a0<br \/>\nEvropska komisija, i ove i prethodne godine, potvr&dstrok;uje da je situacija na severu zemlje izazovna u smislu korupcije, organizovanog kriminala i nedostatka slobode izra&#382;avanja.<br \/>\n\u00a0<br \/>\nOva situacija, prema mi\u0161ljenju Komisije, predstavlja izazov za agencije za sprovo&dstrok;enje zakona na Kosovu.<br \/>\n \u00a0<br \/>\nTako&dstrok;e, Evropska komisija u ovom izve\u0161taju tra&#382;i od Kosova i njegovih institucija, citiram: \u201eTreba preduzeti dodatne mere za borbu protiv ilegalnih prelazaka granice i povezanih kriminalnih aktivnosti (uklju&ccaron;uju&cacute;i korupciju), posebno na granici sa Srbijom.\u201c<br \/>\n\u00a0<br \/>\nTra&#382;imo od svih zvani&ccaron;nika EU da ostanu verni ovim izjavama, tako da kad god se institucije za sprovo&dstrok;enje zakona Republike Kosovo bore protiv kriminala, korupcije, \u0161verca u svakom kutku na\u0161e zemlje, uklju&ccaron;uju&cacute;i i sever, imamo podr\u0161ku ovih zvani&ccaron;nika, a ne njihovo negodovanje.<br \/>\n\u00a0<br \/>\nMoj stav kao predsednice u vezi sa tim ve&cacute; je jasan: u borbi protiv organizovanog kriminala i korupcije nema kompromisa ni u jednom delu na\u0161e Republike. To su ve&cacute; dokazale institucije zemlje i taj stav je nepokolebljiv. Po\u0161to su ovo nalazi Evropske unije, kao \u0161to sam ih pro&ccaron;itala, o&ccaron;ekujemo od njih punu podr\u0161ku u pogledu delovanja na\u0161ih institucija po pitanju vladavine zakona u svakom delu Kosova, uklju&ccaron;uju&cacute;i i sever, kao sastavni deo na\u0161e zemlje. S toga se nadam da u budu&cacute;nosti zvani&ccaron;nici EU ne&cacute;e davati jednostrane i neosnovane izjave koje mogu samo pove&cacute;ati tenzije i ometati na\u0161e napore u oblasti vladavine prava u svakom kutku Kosova.<br \/>\n\u00a0<br \/>\nDrago mi je \u0161to je danas bilo razmi\u0161ljanja u tom pogledu, pa pozdravljam dana\u0161nju izjavu sekretara Blinkena gde, naravno, nikada nije bilo sumnje, ali kojem se sada pridru&#382;io i visoki predstavnik EU Borell, koji su danas izjavili \u201epozdravljamo i podr&#382;avamo posve&cacute;enost Kosova u borbi protiv korupcije i organizovanog kriminala\u201c, i nadam se da &cacute;e takva sna&#382;na podr\u0161ka koja je\u00a0\u00a0uvek postojala od strane Sjedinjenih Dr&#382;ava, nastaviti da postoji i kod svih zvani&ccaron;nika Evropske unije.<br \/>\n \u00a0<br \/>\nTre&cacute;e pitanje o kojem &#382;elim da razgovaram nema veze sa izve\u0161tajem Evropske unije o Kosovu, ve&cacute; sa preliminarnom Deklaracijom\u00a0Tehni&ccaron;kog tima koji je posmatrao izbore 17. oktobra, koji je do\u0161ao na Kosovo na moj poziv koji sam uputila Evropskoj uniji.<br \/>\n \u00a0<br \/>\nDozvolite mi da predstavim neka zapa&#382;anja u vezi sa ovim preliminarnim dokumentom:<br \/>\n\u00a0<br \/>\nPrvo, veoma sam zadovoljna \u0161to su izbori 17. oktobra opisani kao najbolji i najvi\u0161e demokratski u regionu. Ovo je odli&ccaron;na vest za Republiku Kosovo i pokazuje nivo odmerenosti i demokratije u na\u0161oj zemlji;<br \/>\n\u00a0<br \/>\nTako&dstrok;e sam veoma sre&cacute;na\u00a0\u0161to je ocena rada sada\u0161njeg CIK -a veoma pozitivna. Ovo je dostignu&cacute;e, za razliku od posljednjeg kona&ccaron;nog izve\u0161taja ove Misije u kojem je za izbore 14. februara utvr&dstrok;eno da je CIK u nekim slu&ccaron;ajevima dozvolio nejednak tretman bira&ccaron;a, da je biv\u0161a predsednica\u00a0prevazi\u0161la ovla\u0161&cacute;enja\u00a0poku\u0161avaju&cacute;i da diktira rad IP&Zcaron;P-a i bilo je zna&ccaron;ajnog ograni&ccaron;enja prava na efikasno re\u0161enje, putem skra&cacute;enja roka za &#382;aljenje.<br \/>\n \u00a0<br \/>\nBez sumnje se u ovoj preliminarnoj Deklaraciji protivim konstataciji u jednoj od fusnota ove Deklaracije, kroz koju se poku\u0161ava da se da potpuno politi&ccaron;ka konotacija prekidu mandata biv\u0161e predsednice CIK-a u junu ove godine.<br \/>\n\u00a0<br \/>\nPrvi problem le&#382;i u &ccaron;injenici da prestanak ovog mandata nema veze sa izbornim procesom 17. oktobra. Dakle, &ccaron;ak i posmatranje takvog postupka, koji je na&ccaron;injen pre nego \u0161to su raspisani izbori 17. februara u potpunosti je van mandata ovog Tehni&ccaron;kog tima u smislu preliminarnih nalaza.<br \/>\n \u00a0<br \/>\nKao \u0161to se prime&cacute;uje iz Deklaracije, sada je do\u0161lo do primetnog pobolj\u0161anja u radu CIK -a, a novo rukovodstvo CIK -a\u00a0je odli&ccaron;no\u00a0organizovalo\u00a0izbore.<br \/>\n\u00a0<br \/>\nAli, dozvolite mi da budem veoma jasna tuma&ccaron;enje zakonitosti odluka predsednice je nadle&#382;nost nadle&#382;nih sudova, a ne misija koje daju takve izjave i zaklju&ccaron;ke.<br \/>\n \u00a0<br \/>\nZakonodavstvo na snazi predvi&dstrok;a da je predsednica nadle&#382;ni organ za imenovanje predsednice CIK-a, kao i za prekid njenog mandata. Dakle, predsednica je organ za imenovanje, predsednica je organ za razre\u0161enje, a tako&dstrok;e je i organ koji ocenjuje integritet. Ova odluka je bila u potpunosti u skladu sa zakonom, u potpunoj saglasnosti sa Ustavom i jasnim vr\u0161enjem nadle&#382;nosti za za\u0161titu integriteta te institucije koja je toliko va&#382;na za za\u0161titu glasa&ccaron;kog prava na\u0161ih gra&dstrok;ana. Rezultat se ve&cacute; vidi da je pozitivan, sa odli&ccaron;nim profesionalnim i apoliti&ccaron;nim rukovodstvom.<br \/>\n\u00a0<br \/>\nKao rezultat toga, CIK vi\u0161e nije tema diskusije u korist politi&ccaron;kih agendi, ve&cacute; se ocenjuje najvi\u0161im ocenama za njihov u&ccaron;inak, kako od strane me&dstrok;unarodnih misija tako i od doma&cacute;ih posmatra&ccaron;a.<br \/>\n\u00a0<br \/>\nNa kraju, dozvolite mi da naglasim da niko ne&cacute;e mo&cacute;i da me zaustavi pretnjama da &cacute;e me poslati u Ustavni sud. \u0160to se mene ti&ccaron;e, neka mi \u0161alju svake nedelje po jedan slu&ccaron;aj. Kao predsednica zemlje, osta&cacute;u posve&cacute;ena\u00a0potpunom sprovo&dstrok;enju Ustava i zakona na snazi \u00e2&#8364;&#8249;\u00e2&#8364;&#8249;i bi&cacute;u beskompromisna u garantovanju integriteta i nezavisnosti nezavisnih institucija u zemlji. Iznad svega, imam jasan narodni mandat za za\u0161titu gra&dstrok;anskog interesa. Upravo sam to uradila i ni u jednom trenutku se iz toga ne&cacute;u povu&cacute;i.<br \/>\n\u00a0<br \/>\nDozvolite mi da jo\u0161 jednom naglasim da vladavina zakona ostaje glavni preduslov za na\u0161 uspeh kao Republike Kosovo. To ne zna&ccaron;i pisati dobre zakone, to pre svega zna&ccaron;i integritet institucija, integritet onih koji sprovode\u00a0zakon. Radi&cacute;u na tome ne samo dok sam predsednica, kao \u0161to sam radila ranije kao poslanica, ve&cacute; &cacute;u raditi do poslednjeg daha, uprkos pritiscima, pretnjama i ostalim koji dolaze ili mogu do&cacute;i u budu&cacute;nosti.<br \/>\n\u00a0<br \/>\nHvala vam!<\/p>\n","protected":false},"excerpt":{"rendered":"<p>Po\u0161tovani gra&dstrok;ani, \u00a0 Dragi predstavnici medija, hvala vam na dana\u0161njem prisustvu, \u00a0 Sazvala sam ovu konferenciju kako bismo diskutovali o nekim pitanjima koja su tretirana u Izve\u0161taju Evropske komisije o Kosovu, a koja se odnose isklju&ccaron;ivo na vladavinu prava u zemlji. \u00a0 Posebno smatram neophodnim da se zadr&#382;im na nekim temama vezanim za proces vetinga u Republici Kosovo, sa redom i zakonom u na\u0161oj zemlji, uklju&ccaron;uju&cacute;i i sever, kao i na pitanje izbornog procesa. \u00a0 \u0160to se ti&ccaron;e vetinga, Evropska komisija smatra da puna i jednokratna ponovna evaluacija svih tu&#382;ilaca i sudija predstavlja izvor zabrinutosti. Kao predsednica zemlje, uop\u0161te se ne sla&#382;em sa ovom konstatacijom. U stvari, nedostatak provere bio bi ozbiljna briga, a ne ispunjenje ovog procesa. Nesprovo&dstrok;enje vetinga ne doprinosi naporima institucija Republike Kosovo da garantuju vladavinu zakona, niti evropskoj budu&cacute;nosti na\u0161e zemlje. \u00a0 Dalje, u ovom izve\u0161taju, Evropska komisija smatra da bi proces vetinga trebalo da bude kona&ccaron;na i vanredna mera, kada se iscrpe sva postoje&cacute;a\u00a0sredstva i mehanizmi. I ova konstatacija je pogre\u0161na, pa &ccaron;ak i kontradiktorna jer su postoje&cacute;i mehanizmi tu ve&cacute; godinama i pokazali su se neefikasnim. Istina je da ovim mehanizmima nije postignut ni rast profesionalizma, integriteta i gra&dstrok;anskog poverenja u pravosudne institucije. Zbog toga je sama EU godinama kritikovala. S\u00a0toga, veting nije samo va&#382;an, ve&cacute; je i neophodan i jedini na&ccaron;in da se postignu svi oni ciljevi, koje je sama Evropska unija godinama predstavljala kao zahteve i prioritete za Kosovo. \u00a0 Za razliku od onoga \u0161to se navodi u Izve\u0161taju Evropske unije, ovaj proces &cacute;e biti kontinuiran i sveobuhvatan. Godinama u raznim lokalnim i me&dstrok;unarodnim izve\u0161tajima se prime&cacute;uje stagnacija u pravosudnom sistemu i nedostatak odgovaraju&cacute;ih mehanizama za re\u0161avanje ovih stagnacija. Kao rezultat toga, vrlo je jasno da samo sa postoje&cacute;im mehanizmima ne&cacute;e biti mogu&cacute;nosti za realizaciju &#382;eljenih reformi u na\u0161em pravosudnom sistemu. \u00a0 Veting &cacute;e zato biti klju&ccaron;ni instrument za proveru integriteta, profesionalizma i kontrole imovine subjekata tog vetinga. Ovaj proces &cacute;e tako&dstrok;e biti mehanizam za isticanje sudija, tu&#382;ilaca i pomo&cacute;nog administrativnog osoblja koje ima integritet i koji su profesionalni. Veting &cacute;e se vr\u0161iti u skladu sa najvi\u0161im me&dstrok;unarodnim standardima, kao i najboljom praksom zemalja koje su vr\u0161ile veting pre Kosova. \u00a0 Ovo treba videti kao glavni napor institucija na\u0161e zemlje da garantuju vladavinu reda i zakona, preduzimaju&cacute;i duboke reforme u pravosudnom sistemu i obezbe&dstrok;uju&cacute;i nezavisnost ovog sistema od intervencija bilo politi&ccaron;ke ili kriminalne prirode. Zato, kao predsednica zemlje, ne samo da zahtevam da se ovaj proces nastavi i ne zaustavi, ve&cacute; i da se ubrza, kao nu&#382;nost. Ohrabrujem sve odgovorne institucije da nastave ovaj posao prioritetno i u punoj saradnji sa na\u0161im me&dstrok;unarodnim partnerima. U me&dstrok;uvremenu, kao predsednica zemlje nastavi&cacute;u, kao \u0161to sam to &ccaron;inila i do sada, da primenjujem najvi\u0161e standarde zakonitosti i integriteta u svim mojim imenovanjima, uklju&ccaron;uju&cacute;i i ona u pravosudnom sistemu.\u00a0U pro\u0161losti je bilo slu&ccaron;ajeva da su na moj sto pristizali predlozi koji nisu ispunjavali zakonske kriterijume, bilo da su to lica koja su u pro\u0161losti po&ccaron;inila krivi&ccaron;na dela ili lica koja su u pro\u0161losti polagala pravosudni ispit samo u Srbiji 2010. godine, naravno da je i ovo protiv zakona, ali ni\u0161ta od ovoga nisam potpisala. Nisam predsednica koja potpisuje prazne papire i zato &cacute;u se pre procesa koji uklju&ccaron;uju stalna imenovanja na klju&ccaron;ne pozicije za vladavinu zakona u zemlji, kao \u0161to je slu&ccaron;aj sudija i tu&#382;ilaca, uvek voditi principom sprovo&dstrok;enja i po\u0161tovanja integriteta i profesionalizma. \u00a0 Druga tema kojom &#382;elim da se bavim je situacija u na\u0161im severnim op\u0161tinama \u0161to se ti&ccaron;e vladavine zakona. \u00a0 Evropska komisija, i ove i prethodne godine, potvr&dstrok;uje da je situacija na severu zemlje izazovna u smislu korupcije, organizovanog kriminala i nedostatka slobode izra&#382;avanja. \u00a0 Ova situacija, prema mi\u0161ljenju Komisije, predstavlja izazov za agencije za sprovo&dstrok;enje zakona na Kosovu. \u00a0 Tako&dstrok;e, Evropska komisija u ovom izve\u0161taju tra&#382;i od Kosova i njegovih institucija, citiram: \u201eTreba preduzeti dodatne mere za borbu protiv ilegalnih prelazaka granice i povezanih kriminalnih aktivnosti (uklju&ccaron;uju&cacute;i korupciju), posebno na granici sa Srbijom.\u201c \u00a0 Tra&#382;imo od svih zvani&ccaron;nika EU da ostanu verni ovim izjavama, tako da kad god se institucije za sprovo&dstrok;enje zakona Republike Kosovo bore protiv kriminala, korupcije, \u0161verca u svakom kutku na\u0161e zemlje, uklju&ccaron;uju&cacute;i i sever, imamo podr\u0161ku ovih zvani&ccaron;nika, a ne njihovo negodovanje. \u00a0 Moj stav kao predsednice u vezi sa tim ve&cacute; je jasan: u borbi protiv organizovanog kriminala i korupcije nema kompromisa ni u jednom delu na\u0161e Republike. To su ve&cacute; dokazale institucije zemlje i taj stav je nepokolebljiv. Po\u0161to su ovo nalazi Evropske unije, kao \u0161to sam ih pro&ccaron;itala, o&ccaron;ekujemo od njih punu podr\u0161ku u pogledu delovanja na\u0161ih institucija po pitanju vladavine zakona u svakom delu Kosova, uklju&ccaron;uju&cacute;i i sever, kao sastavni deo na\u0161e zemlje. S toga se nadam da u budu&cacute;nosti zvani&ccaron;nici EU ne&cacute;e davati jednostrane i neosnovane izjave koje mogu samo pove&cacute;ati tenzije i ometati na\u0161e napore u oblasti vladavine prava u svakom kutku Kosova. \u00a0 Drago mi je \u0161to je danas bilo razmi\u0161ljanja u tom pogledu, pa pozdravljam dana\u0161nju izjavu sekretara Blinkena gde, naravno, nikada nije bilo sumnje, ali kojem se sada pridru&#382;io i visoki predstavnik EU Borell, koji su danas izjavili \u201epozdravljamo i podr&#382;avamo posve&cacute;enost Kosova u borbi protiv korupcije i organizovanog kriminala\u201c, i nadam se da &cacute;e takva sna&#382;na podr\u0161ka koja je\u00a0\u00a0uvek postojala od strane Sjedinjenih Dr&#382;ava, nastaviti da postoji i kod svih zvani&ccaron;nika Evropske unije. \u00a0 Tre&cacute;e pitanje o kojem &#382;elim da razgovaram nema veze sa izve\u0161tajem Evropske unije o Kosovu, ve&cacute; sa preliminarnom Deklaracijom\u00a0Tehni&ccaron;kog tima koji je posmatrao izbore 17. oktobra, koji je do\u0161ao na Kosovo na moj poziv koji sam uputila Evropskoj uniji. \u00a0 Dozvolite mi da predstavim neka zapa&#382;anja u vezi sa ovim preliminarnim dokumentom: \u00a0 Prvo, veoma sam zadovoljna \u0161to su izbori 17. oktobra opisani kao najbolji i najvi\u0161e demokratski u regionu. Ovo je odli&ccaron;na vest za Republiku Kosovo i pokazuje nivo odmerenosti i demokratije u na\u0161oj zemlji; \u00a0 Tako&dstrok;e sam veoma sre&cacute;na\u00a0\u0161to je ocena rada sada\u0161njeg CIK -a veoma pozitivna. Ovo je dostignu&cacute;e, za razliku od posljednjeg kona&ccaron;nog izve\u0161taja ove Misije u kojem je za izbore 14. februara utvr&dstrok;eno da je CIK u<\/p>\n","protected":false},"author":1,"featured_media":18113,"comment_status":"open","ping_status":"closed","sticky":false,"template":"","format":"standard","meta":{"_eb_attr":"","footnotes":""},"categories":[101],"tags":[],"class_list":["post-74740","post","type-post","status-publish","format-standard","has-post-thumbnail","hentry","category-vesti"],"yoast_head":"<!-- This site is optimized with the Yoast SEO plugin v23.5 - https:\/\/yoast.com\/wordpress\/plugins\/seo\/ -->\n<title>Izjava predsednice Vjose Osmani na konferenciji za novinare - Predsednik Republike Kosovo - DR. VJOSA OSMANI - SADRIU<\/title>\n<meta name=\"description\" content=\"Izjava predsednice Vjose Osmani na konferenciji za novinare - Predsednik Republike Kosovo - DR. VJOSA OSMANI - SADRIU -\" \/>\n<meta name=\"robots\" content=\"index, follow, max-snippet:-1, max-image-preview:large, max-video-preview:-1\" \/>\n<link rel=\"canonical\" href=\"https:\/\/president-ksgov.net\/sr\/izjava-predsednice-vjose-osmani-na-konferenciji-za-novinare\/\" \/>\n<meta property=\"og:locale\" content=\"sr_RS\" \/>\n<meta property=\"og:type\" content=\"article\" \/>\n<meta property=\"og:title\" content=\"Izjava predsednice Vjose Osmani na konferenciji za novinare - Predsednik Republike Kosovo - DR. VJOSA OSMANI - SADRIU\" \/>\n<meta property=\"og:description\" content=\"Izjava predsednice Vjose Osmani na konferenciji za novinare - Predsednik Republike Kosovo - DR. VJOSA OSMANI - SADRIU -\" \/>\n<meta property=\"og:url\" content=\"https:\/\/president-ksgov.net\/sr\/izjava-predsednice-vjose-osmani-na-konferenciji-za-novinare\/\" \/>\n<meta property=\"og:site_name\" content=\"Predsednik Republike Kosovo - DR. VJOSA OSMANI - SADRIU\" \/>\n<meta property=\"article:published_time\" content=\"2021-10-20T18:21:19+00:00\" \/>\n<meta property=\"og:image\" content=\"https:\/\/president-ksgov.net\/wp-content\/uploads\/20_10_2021_7343842_IMG_41ad96a8c7cc87b1862afe8e1a25f070_V.jpg\" \/>\n\t<meta property=\"og:image:width\" content=\"1600\" \/>\n\t<meta property=\"og:image:height\" content=\"1067\" \/>\n\t<meta property=\"og:image:type\" content=\"image\/jpeg\" \/>\n<meta name=\"author\" content=\"admin\" \/>\n<meta name=\"twitter:card\" content=\"summary_large_image\" \/>\n<meta name=\"twitter:label1\" content=\"\u041d\u0430\u043f\u0438\u0441\u0430\u043d\u043e \u043e\u0434\" \/>\n\t<meta name=\"twitter:data1\" content=\"admin\" \/>\n\t<meta name=\"twitter:label2\" content=\"\u041f\u0440\u043e\u0446\u0435\u045a\u0435\u043d\u043e \u0432\u0440\u0435\u043c\u0435 \u0447\u0438\u0442\u0430\u045a\u0430\" \/>\n\t<meta name=\"twitter:data2\" content=\"9 \u043c\u0438\u043d\u0443\u0442\u0430\" \/>\n<script type=\"application\/ld+json\" class=\"yoast-schema-graph\">{\"@context\":\"https:\/\/schema.org\",\"@graph\":[{\"@type\":\"WebPage\",\"@id\":\"https:\/\/president-ksgov.net\/sr\/izjava-predsednice-vjose-osmani-na-konferenciji-za-novinare\/\",\"url\":\"https:\/\/president-ksgov.net\/sr\/izjava-predsednice-vjose-osmani-na-konferenciji-za-novinare\/\",\"name\":\"Izjava predsednice Vjose Osmani na konferenciji za novinare - Predsednik Republike Kosovo - DR. VJOSA OSMANI - SADRIU\",\"isPartOf\":{\"@id\":\"https:\/\/president-ksgov.net\/#website\"},\"primaryImageOfPage\":{\"@id\":\"https:\/\/president-ksgov.net\/sr\/izjava-predsednice-vjose-osmani-na-konferenciji-za-novinare\/#primaryimage\"},\"image\":{\"@id\":\"https:\/\/president-ksgov.net\/sr\/izjava-predsednice-vjose-osmani-na-konferenciji-za-novinare\/#primaryimage\"},\"thumbnailUrl\":\"https:\/\/president-ksgov.net\/wp-content\/uploads\/20_10_2021_7343842_IMG_41ad96a8c7cc87b1862afe8e1a25f070_V.jpg\",\"datePublished\":\"2021-10-20T18:21:19+00:00\",\"dateModified\":\"2021-10-20T18:21:19+00:00\",\"author\":{\"@id\":\"https:\/\/president-ksgov.net\/#\/schema\/person\/bb4337a5fb147cb2046d80548172cbee\"},\"description\":\"Izjava predsednice Vjose Osmani na konferenciji za novinare - Predsednik Republike Kosovo - DR. VJOSA OSMANI - SADRIU -\",\"breadcrumb\":{\"@id\":\"https:\/\/president-ksgov.net\/sr\/izjava-predsednice-vjose-osmani-na-konferenciji-za-novinare\/#breadcrumb\"},\"inLanguage\":\"sr-RS\",\"potentialAction\":[{\"@type\":\"ReadAction\",\"target\":[\"https:\/\/president-ksgov.net\/sr\/izjava-predsednice-vjose-osmani-na-konferenciji-za-novinare\/\"]}]},{\"@type\":\"ImageObject\",\"inLanguage\":\"sr-RS\",\"@id\":\"https:\/\/president-ksgov.net\/sr\/izjava-predsednice-vjose-osmani-na-konferenciji-za-novinare\/#primaryimage\",\"url\":\"https:\/\/president-ksgov.net\/wp-content\/uploads\/20_10_2021_7343842_IMG_41ad96a8c7cc87b1862afe8e1a25f070_V.jpg\",\"contentUrl\":\"https:\/\/president-ksgov.net\/wp-content\/uploads\/20_10_2021_7343842_IMG_41ad96a8c7cc87b1862afe8e1a25f070_V.jpg\",\"width\":1600,\"height\":1067},{\"@type\":\"BreadcrumbList\",\"@id\":\"https:\/\/president-ksgov.net\/sr\/izjava-predsednice-vjose-osmani-na-konferenciji-za-novinare\/#breadcrumb\",\"itemListElement\":[{\"@type\":\"ListItem\",\"position\":1,\"name\":\"Home\",\"item\":\"https:\/\/president-ksgov.net\/sr\/\"},{\"@type\":\"ListItem\",\"position\":2,\"name\":\"Izjava predsednice Vjose Osmani na konferenciji za novinare\"}]},{\"@type\":\"WebSite\",\"@id\":\"https:\/\/president-ksgov.net\/#website\",\"url\":\"https:\/\/president-ksgov.net\/\",\"name\":\"Presidente e Republik\u00ebs s\u00eb Kosov\u00ebs\",\"description\":\"Presidente e Republik\u00ebs s\u00eb Kosov\u00ebs\",\"alternateName\":\"DR. VJOSA OSMANI - SADRIU\",\"potentialAction\":[{\"@type\":\"SearchAction\",\"target\":{\"@type\":\"EntryPoint\",\"urlTemplate\":\"https:\/\/president-ksgov.net\/?s={search_term_string}\"},\"query-input\":{\"@type\":\"PropertyValueSpecification\",\"valueRequired\":true,\"valueName\":\"search_term_string\"}}],\"inLanguage\":\"sr-RS\"},{\"@type\":\"Person\",\"@id\":\"https:\/\/president-ksgov.net\/#\/schema\/person\/bb4337a5fb147cb2046d80548172cbee\",\"name\":\"admin\",\"image\":{\"@type\":\"ImageObject\",\"inLanguage\":\"sr-RS\",\"@id\":\"https:\/\/president-ksgov.net\/#\/schema\/person\/image\/\",\"url\":\"https:\/\/secure.gravatar.com\/avatar\/36156ca0fa3b8d9d25174f146e16beea0cf28f37adf1b9e19b6c9c279a7c9dd3?s=96&d=mm&r=g\",\"contentUrl\":\"https:\/\/secure.gravatar.com\/avatar\/36156ca0fa3b8d9d25174f146e16beea0cf28f37adf1b9e19b6c9c279a7c9dd3?s=96&d=mm&r=g\",\"caption\":\"admin\"},\"sameAs\":[\"https:\/\/president-ksgov.net\"]}]}<\/script>\n<!-- \/ Yoast SEO plugin. -->","yoast_head_json":{"title":"Izjava predsednice Vjose Osmani na konferenciji za novinare - Predsednik Republike Kosovo - DR. VJOSA OSMANI - SADRIU","description":"Izjava predsednice Vjose Osmani na konferenciji za novinare - Predsednik Republike Kosovo - DR. VJOSA OSMANI - SADRIU -","robots":{"index":"index","follow":"follow","max-snippet":"max-snippet:-1","max-image-preview":"max-image-preview:large","max-video-preview":"max-video-preview:-1"},"canonical":"https:\/\/president-ksgov.net\/sr\/izjava-predsednice-vjose-osmani-na-konferenciji-za-novinare\/","og_locale":"sr_RS","og_type":"article","og_title":"Izjava predsednice Vjose Osmani na konferenciji za novinare - Predsednik Republike Kosovo - DR. VJOSA OSMANI - SADRIU","og_description":"Izjava predsednice Vjose Osmani na konferenciji za novinare - Predsednik Republike Kosovo - DR. VJOSA OSMANI - SADRIU -","og_url":"https:\/\/president-ksgov.net\/sr\/izjava-predsednice-vjose-osmani-na-konferenciji-za-novinare\/","og_site_name":"Predsednik Republike Kosovo - DR. VJOSA OSMANI - SADRIU","article_published_time":"2021-10-20T18:21:19+00:00","og_image":[{"width":1600,"height":1067,"url":"https:\/\/president-ksgov.net\/wp-content\/uploads\/20_10_2021_7343842_IMG_41ad96a8c7cc87b1862afe8e1a25f070_V.jpg","type":"image\/jpeg"}],"author":"admin","twitter_card":"summary_large_image","twitter_misc":{"\u041d\u0430\u043f\u0438\u0441\u0430\u043d\u043e \u043e\u0434":"admin","\u041f\u0440\u043e\u0446\u0435\u045a\u0435\u043d\u043e \u0432\u0440\u0435\u043c\u0435 \u0447\u0438\u0442\u0430\u045a\u0430":"9 \u043c\u0438\u043d\u0443\u0442\u0430"},"schema":{"@context":"https:\/\/schema.org","@graph":[{"@type":"WebPage","@id":"https:\/\/president-ksgov.net\/sr\/izjava-predsednice-vjose-osmani-na-konferenciji-za-novinare\/","url":"https:\/\/president-ksgov.net\/sr\/izjava-predsednice-vjose-osmani-na-konferenciji-za-novinare\/","name":"Izjava predsednice Vjose Osmani na konferenciji za novinare - Predsednik Republike Kosovo - DR. VJOSA OSMANI - SADRIU","isPartOf":{"@id":"https:\/\/president-ksgov.net\/#website"},"primaryImageOfPage":{"@id":"https:\/\/president-ksgov.net\/sr\/izjava-predsednice-vjose-osmani-na-konferenciji-za-novinare\/#primaryimage"},"image":{"@id":"https:\/\/president-ksgov.net\/sr\/izjava-predsednice-vjose-osmani-na-konferenciji-za-novinare\/#primaryimage"},"thumbnailUrl":"https:\/\/president-ksgov.net\/wp-content\/uploads\/20_10_2021_7343842_IMG_41ad96a8c7cc87b1862afe8e1a25f070_V.jpg","datePublished":"2021-10-20T18:21:19+00:00","dateModified":"2021-10-20T18:21:19+00:00","author":{"@id":"https:\/\/president-ksgov.net\/#\/schema\/person\/bb4337a5fb147cb2046d80548172cbee"},"description":"Izjava predsednice Vjose Osmani na konferenciji za novinare - Predsednik Republike Kosovo - DR. VJOSA OSMANI - SADRIU -","breadcrumb":{"@id":"https:\/\/president-ksgov.net\/sr\/izjava-predsednice-vjose-osmani-na-konferenciji-za-novinare\/#breadcrumb"},"inLanguage":"sr-RS","potentialAction":[{"@type":"ReadAction","target":["https:\/\/president-ksgov.net\/sr\/izjava-predsednice-vjose-osmani-na-konferenciji-za-novinare\/"]}]},{"@type":"ImageObject","inLanguage":"sr-RS","@id":"https:\/\/president-ksgov.net\/sr\/izjava-predsednice-vjose-osmani-na-konferenciji-za-novinare\/#primaryimage","url":"https:\/\/president-ksgov.net\/wp-content\/uploads\/20_10_2021_7343842_IMG_41ad96a8c7cc87b1862afe8e1a25f070_V.jpg","contentUrl":"https:\/\/president-ksgov.net\/wp-content\/uploads\/20_10_2021_7343842_IMG_41ad96a8c7cc87b1862afe8e1a25f070_V.jpg","width":1600,"height":1067},{"@type":"BreadcrumbList","@id":"https:\/\/president-ksgov.net\/sr\/izjava-predsednice-vjose-osmani-na-konferenciji-za-novinare\/#breadcrumb","itemListElement":[{"@type":"ListItem","position":1,"name":"Home","item":"https:\/\/president-ksgov.net\/sr\/"},{"@type":"ListItem","position":2,"name":"Izjava predsednice Vjose Osmani na konferenciji za novinare"}]},{"@type":"WebSite","@id":"https:\/\/president-ksgov.net\/#website","url":"https:\/\/president-ksgov.net\/","name":"Presidente e Republik\u00ebs s\u00eb Kosov\u00ebs","description":"Presidente e Republik\u00ebs s\u00eb Kosov\u00ebs","alternateName":"DR. VJOSA OSMANI - SADRIU","potentialAction":[{"@type":"SearchAction","target":{"@type":"EntryPoint","urlTemplate":"https:\/\/president-ksgov.net\/?s={search_term_string}"},"query-input":{"@type":"PropertyValueSpecification","valueRequired":true,"valueName":"search_term_string"}}],"inLanguage":"sr-RS"},{"@type":"Person","@id":"https:\/\/president-ksgov.net\/#\/schema\/person\/bb4337a5fb147cb2046d80548172cbee","name":"admin","image":{"@type":"ImageObject","inLanguage":"sr-RS","@id":"https:\/\/president-ksgov.net\/#\/schema\/person\/image\/","url":"https:\/\/secure.gravatar.com\/avatar\/36156ca0fa3b8d9d25174f146e16beea0cf28f37adf1b9e19b6c9c279a7c9dd3?s=96&d=mm&r=g","contentUrl":"https:\/\/secure.gravatar.com\/avatar\/36156ca0fa3b8d9d25174f146e16beea0cf28f37adf1b9e19b6c9c279a7c9dd3?s=96&d=mm&r=g","caption":"admin"},"sameAs":["https:\/\/president-ksgov.net"]}]}},"_links":{"self":[{"href":"https:\/\/president-ksgov.net\/sr\/wp-json\/wp\/v2\/posts\/74740","targetHints":{"allow":["GET"]}}],"collection":[{"href":"https:\/\/president-ksgov.net\/sr\/wp-json\/wp\/v2\/posts"}],"about":[{"href":"https:\/\/president-ksgov.net\/sr\/wp-json\/wp\/v2\/types\/post"}],"author":[{"embeddable":true,"href":"https:\/\/president-ksgov.net\/sr\/wp-json\/wp\/v2\/users\/1"}],"replies":[{"embeddable":true,"href":"https:\/\/president-ksgov.net\/sr\/wp-json\/wp\/v2\/comments?post=74740"}],"version-history":[{"count":0,"href":"https:\/\/president-ksgov.net\/sr\/wp-json\/wp\/v2\/posts\/74740\/revisions"}],"wp:featuredmedia":[{"embeddable":true,"href":"https:\/\/president-ksgov.net\/sr\/wp-json\/wp\/v2\/media\/18113"}],"wp:attachment":[{"href":"https:\/\/president-ksgov.net\/sr\/wp-json\/wp\/v2\/media?parent=74740"}],"wp:term":[{"taxonomy":"category","embeddable":true,"href":"https:\/\/president-ksgov.net\/sr\/wp-json\/wp\/v2\/categories?post=74740"},{"taxonomy":"post_tag","embeddable":true,"href":"https:\/\/president-ksgov.net\/sr\/wp-json\/wp\/v2\/tags?post=74740"}],"curies":[{"name":"wp","href":"https:\/\/api.w.org\/{rel}","templated":true}]}}