{"id":74736,"date":"2021-10-22T11:23:02","date_gmt":"2021-10-22T11:23:02","guid":{"rendered":"https:\/\/dev.president-ksgov.net\/govor-predsednice-osmani-na-ceremoniji-sertifikacije-regruta-bsk-a\/"},"modified":"2021-10-22T11:23:02","modified_gmt":"2021-10-22T11:23:02","slug":"govor-predsednice-osmani-na-ceremoniji-sertifikacije-regruta-bsk-a","status":"publish","type":"post","link":"https:\/\/president-ksgov.net\/sr\/govor-predsednice-osmani-na-ceremoniji-sertifikacije-regruta-bsk-a\/","title":{"rendered":"Govor predsednice Osmani na ceremoniji sertifikacije regruta BSK-a"},"content":{"rendered":"<p>Veoma uva&#382;eni vojnici, pre svega, regruti<br \/>\nPodoficiri i oficiri oru&#382;anih snaga na\u0161e voljene vojske,\u00a0<br \/>\nVeoma dragi &ccaron;lanovi porodica, danas se ponosimo dostignu&cacute;ima va\u0161ih sinova i &cacute;erki,\u00a0<br \/>\nUva&#382;eni premijeru Republike, g. Kurti!<br \/>\nUva&#382;eni ministre odbrane, g. Mehaj!<br \/>\nUva&#382;eni komandante BSK-a, g. Rama!<br \/>\nUva&#382;eni brigadni generale, Irfete Spahiu<br \/>\nI svi vi prisutni,<br \/>\n\u00a0<br \/>\nDanas je poseban dan za na\u0161u vojsku ali i za na\u0161u zemlju, jer se sertifikuju 180 novih regruta. Dakle, od danas, BSK ja&ccaron;a svoje redove i dokazuje posve&cacute;enost momaka i devojaka, koji od danas preuzimaju na sebe nove odgovornosti.\u00a0<\/p>\n<p>Od danas na\u0161a zemlja je jo\u0161 ja&ccaron;a. Ovih 180 regruta, sada su vojnici dr&#382;ave Kosovo, na\u0161e nezavisne i suverene dr&#382;ave sa nepovredivom teritorijom, pripremljeni i spremni da slu&#382;e otad&#382;bini kada god se za to uka&#382;e potreba.\u00a0\u00a0<\/p>\n<p>Kao vrhovni komandant Bezbednosnih snaga Kosova, izuzetno sam ponosna kada svakim danom vidim \u0161to ve&cacute;i napredak BSK-a, na\u0161e vojske, koja ne samo da je na\u0161a garancija, ve&cacute; i profesionalno obu&ccaron;en partner uporedo sa na\u0161im strate\u0161kim saveznicima u funkciji mira gde god je ugro&#382;en.\u00a0\u00a0<\/p>\n<p>Danas sam posebno ponosna, kada u redovima 180 regruta vidim i 12 devojaka vojnica, jer jednake \u0161anse u okviru na\u0161e vojske su uvek dokaz napretka Snaga. Na\u0161a istorija je puna hrabrih &#382;ena, koje su se pokazale ne samo u ratu, ali i danas dok nose uniformu na\u0161e vojske, i njihov broj treba jo\u0161 vi\u0161e da se pove&cacute;a.\u00a0<\/p>\n<p>Otvaranja BSK-a prema devojkama i &#382;enama nije samo potreba, ve&cacute; i neophodnost. Stoga sam veoma ube&dstrok;ena da &cacute;e ovim novim vojnicama i vojnicima, KSB nastaviti da pro\u0161iruje operativne kapacitete i bi&cacute;e interaktivna sa na\u0161im strate\u0161kim partnerima.\u00a0\u00a0<\/p>\n<p>Uva&#382;eni prisutni,\u00a0<\/p>\n<p>Budu&cacute;nost je zagarantovana njenom izgradnjom, stoga, dana\u0161njom sertifikacijom, \u0161iri se baza na\u0161ih oru&#382;anih snaga, odnosno Republike Kosovo.\u00a0\u00a0<\/p>\n<p>Vi ste danas ovde kako biste se suo&ccaron;ili sa izazovima, stoga je pove&cacute;anje profesionalizma neprekidan proces i preduslov za bezbednost i stabilnost dr&#382;ave.\u00a0<\/p>\n<p>Na\u0161a snaga je u funkciji za\u0161tite suverenosti i nepovredivosti teritorije na\u0161e Republike, kao i na\u0161eg saveza sa partnerima u slu&#382;bi mira.\u00a0<\/p>\n<p>Na\u0161i vojnici &cacute;e biti svugde gde su na\u0161i interesi ugro&#382;eni, ali i interesi na\u0161ih ameri&ccaron;kih i evropskih saveznika, i \u0161ire.\u00a0<\/p>\n<p>Kao \u0161to znate, BSK je u procesu transformiranja i dostizanja punih operativnih kapaciteta. Stoga, u ovom kontekstu, nemam nimalo sumnje da je takti&ccaron;ko-fizi&ccaron;ka i operativna pripremljenost vojnika na\u0161ih Snaga na visokom nivou i u skladu sa potrebnim standardima.\u00a0<\/p>\n<p>Uva&#382;ene vojnice i vojnici, vi morate imati na umu da ste danas vojnici Republike za koju je mnogo krvi preliveno, da se mnogo &#382;rtvovalo za uniformu koju danas nosite. Zato ih nosite sa najve&cacute;im ponosom za budu&cacute;nost za koju se nadamo da &cacute;e biti budu&cacute;nost na\u0161e Republike u okviru Severnoatlantskog saveza \u2013 NATO. U vojsci nacija, mi &cacute;emo biti zastupljeni dostojanstveno i svako od vas &cacute;e profesionalizmom podizati visoko zastavu i sa&ccaron;uvati &ccaron;ast Kosova.\u00a0<\/p>\n<p>&Zcaron;elim vam svima uspeh u va\u0161em putu u vojsci Kosova. &Zcaron;elim vam da sa profesionalno\u0161&cacute;u, integritetom i po\u0161tenjem obavljate svoje du&#382;nosti. Potpuno sam ube&dstrok;ena da &cacute;ete se posve&cacute;eno\u0161&cacute;u i odgovorno\u0161&cacute;u anga&#382;ovati u ispunjavanju va\u0161e misije!\u00a0\u00a0<\/p>\n<p>Bog vas blagoslovio!<br \/>\nNeka bog blagoslovi na\u0161e oru&#382;ane snage!\u00a0<br \/>\nNeka bog blagoslovi na\u0161u Republiku!<br \/>\nHvala Vam!\u00a0<\/p>\n","protected":false},"excerpt":{"rendered":"<p>Veoma uva&#382;eni vojnici, pre svega, regruti Podoficiri i oficiri oru&#382;anih snaga na\u0161e voljene vojske,\u00a0 Veoma dragi &ccaron;lanovi porodica, danas se ponosimo dostignu&cacute;ima va\u0161ih sinova i &cacute;erki,\u00a0 Uva&#382;eni premijeru Republike, g. Kurti! Uva&#382;eni ministre odbrane, g. Mehaj! Uva&#382;eni komandante BSK-a, g. Rama! Uva&#382;eni brigadni generale, Irfete Spahiu I svi vi prisutni, \u00a0 Danas je poseban dan za na\u0161u vojsku ali i za na\u0161u zemlju, jer se sertifikuju 180 novih regruta. Dakle, od danas, BSK ja&ccaron;a svoje redove i dokazuje posve&cacute;enost momaka i devojaka, koji od danas preuzimaju na sebe nove odgovornosti.\u00a0 Od danas na\u0161a zemlja je jo\u0161 ja&ccaron;a. Ovih 180 regruta, sada su vojnici dr&#382;ave Kosovo, na\u0161e nezavisne i suverene dr&#382;ave sa nepovredivom teritorijom, pripremljeni i spremni da slu&#382;e otad&#382;bini kada god se za to uka&#382;e potreba.\u00a0\u00a0 Kao vrhovni komandant Bezbednosnih snaga Kosova, izuzetno sam ponosna kada svakim danom vidim \u0161to ve&cacute;i napredak BSK-a, na\u0161e vojske, koja ne samo da je na\u0161a garancija, ve&cacute; i profesionalno obu&ccaron;en partner uporedo sa na\u0161im strate\u0161kim saveznicima u funkciji mira gde god je ugro&#382;en.\u00a0\u00a0 Danas sam posebno ponosna, kada u redovima 180 regruta vidim i 12 devojaka vojnica, jer jednake \u0161anse u okviru na\u0161e vojske su uvek dokaz napretka Snaga. Na\u0161a istorija je puna hrabrih &#382;ena, koje su se pokazale ne samo u ratu, ali i danas dok nose uniformu na\u0161e vojske, i njihov broj treba jo\u0161 vi\u0161e da se pove&cacute;a.\u00a0 Otvaranja BSK-a prema devojkama i &#382;enama nije samo potreba, ve&cacute; i neophodnost. Stoga sam veoma ube&dstrok;ena da &cacute;e ovim novim vojnicama i vojnicima, KSB nastaviti da pro\u0161iruje operativne kapacitete i bi&cacute;e interaktivna sa na\u0161im strate\u0161kim partnerima.\u00a0\u00a0 Uva&#382;eni prisutni,\u00a0 Budu&cacute;nost je zagarantovana njenom izgradnjom, stoga, dana\u0161njom sertifikacijom, \u0161iri se baza na\u0161ih oru&#382;anih snaga, odnosno Republike Kosovo.\u00a0\u00a0 Vi ste danas ovde kako biste se suo&ccaron;ili sa izazovima, stoga je pove&cacute;anje profesionalizma neprekidan proces i preduslov za bezbednost i stabilnost dr&#382;ave.\u00a0 Na\u0161a snaga je u funkciji za\u0161tite suverenosti i nepovredivosti teritorije na\u0161e Republike, kao i na\u0161eg saveza sa partnerima u slu&#382;bi mira.\u00a0 Na\u0161i vojnici &cacute;e biti svugde gde su na\u0161i interesi ugro&#382;eni, ali i interesi na\u0161ih ameri&ccaron;kih i evropskih saveznika, i \u0161ire.\u00a0 Kao \u0161to znate, BSK je u procesu transformiranja i dostizanja punih operativnih kapaciteta. Stoga, u ovom kontekstu, nemam nimalo sumnje da je takti&ccaron;ko-fizi&ccaron;ka i operativna pripremljenost vojnika na\u0161ih Snaga na visokom nivou i u skladu sa potrebnim standardima.\u00a0 Uva&#382;ene vojnice i vojnici, vi morate imati na umu da ste danas vojnici Republike za koju je mnogo krvi preliveno, da se mnogo &#382;rtvovalo za uniformu koju danas nosite. Zato ih nosite sa najve&cacute;im ponosom za budu&cacute;nost za koju se nadamo da &cacute;e biti budu&cacute;nost na\u0161e Republike u okviru Severnoatlantskog saveza \u2013 NATO. U vojsci nacija, mi &cacute;emo biti zastupljeni dostojanstveno i svako od vas &cacute;e profesionalizmom podizati visoko zastavu i sa&ccaron;uvati &ccaron;ast Kosova.\u00a0 &Zcaron;elim vam svima uspeh u va\u0161em putu u vojsci Kosova. &Zcaron;elim vam da sa profesionalno\u0161&cacute;u, integritetom i po\u0161tenjem obavljate svoje du&#382;nosti. Potpuno sam ube&dstrok;ena da &cacute;ete se posve&cacute;eno\u0161&cacute;u i odgovorno\u0161&cacute;u anga&#382;ovati u ispunjavanju va\u0161e misije!\u00a0\u00a0 Bog vas blagoslovio! Neka bog blagoslovi na\u0161e oru&#382;ane snage!\u00a0 Neka bog blagoslovi na\u0161u Republiku! Hvala Vam!\u00a0<\/p>\n","protected":false},"author":1,"featured_media":18043,"comment_status":"open","ping_status":"closed","sticky":false,"template":"","format":"standard","meta":{"_eb_attr":"","footnotes":""},"categories":[101],"tags":[],"class_list":["post-74736","post","type-post","status-publish","format-standard","has-post-thumbnail","hentry","category-vesti"],"yoast_head":"<!-- This site is optimized with the Yoast SEO plugin v23.5 - https:\/\/yoast.com\/wordpress\/plugins\/seo\/ -->\n<title>Govor predsednice Osmani na ceremoniji sertifikacije regruta BSK-a - Predsednik Republike Kosovo - DR. VJOSA OSMANI - SADRIU<\/title>\n<meta name=\"description\" content=\"Govor predsednice Osmani na ceremoniji sertifikacije regruta BSK-a - Predsednik Republike Kosovo - DR. VJOSA OSMANI - SADRIU -\" \/>\n<meta name=\"robots\" content=\"index, follow, max-snippet:-1, max-image-preview:large, max-video-preview:-1\" \/>\n<link rel=\"canonical\" href=\"https:\/\/president-ksgov.net\/sr\/govor-predsednice-osmani-na-ceremoniji-sertifikacije-regruta-bsk-a\/\" \/>\n<meta property=\"og:locale\" content=\"sr_RS\" \/>\n<meta property=\"og:type\" content=\"article\" \/>\n<meta property=\"og:title\" content=\"Govor predsednice Osmani na ceremoniji sertifikacije regruta BSK-a - Predsednik Republike Kosovo - DR. VJOSA OSMANI - SADRIU\" \/>\n<meta property=\"og:description\" content=\"Govor predsednice Osmani na ceremoniji sertifikacije regruta BSK-a - Predsednik Republike Kosovo - DR. VJOSA OSMANI - SADRIU -\" \/>\n<meta property=\"og:url\" content=\"https:\/\/president-ksgov.net\/sr\/govor-predsednice-osmani-na-ceremoniji-sertifikacije-regruta-bsk-a\/\" \/>\n<meta property=\"og:site_name\" content=\"Predsednik Republike Kosovo - DR. VJOSA OSMANI - SADRIU\" \/>\n<meta property=\"article:published_time\" content=\"2021-10-22T11:23:02+00:00\" \/>\n<meta property=\"og:image\" content=\"https:\/\/president-ksgov.net\/wp-content\/uploads\/22_10_2021_9168331_5___245553330_392612522350508_2501788996519151812_n.jpg\" \/>\n\t<meta property=\"og:image:width\" content=\"2048\" \/>\n\t<meta property=\"og:image:height\" content=\"1362\" \/>\n\t<meta property=\"og:image:type\" content=\"image\/jpeg\" \/>\n<meta name=\"author\" content=\"admin\" \/>\n<meta name=\"twitter:card\" content=\"summary_large_image\" \/>\n<meta name=\"twitter:label1\" content=\"\u041d\u0430\u043f\u0438\u0441\u0430\u043d\u043e \u043e\u0434\" \/>\n\t<meta name=\"twitter:data1\" content=\"admin\" \/>\n\t<meta name=\"twitter:label2\" content=\"\u041f\u0440\u043e\u0446\u0435\u045a\u0435\u043d\u043e \u0432\u0440\u0435\u043c\u0435 \u0447\u0438\u0442\u0430\u045a\u0430\" \/>\n\t<meta name=\"twitter:data2\" content=\"3 \u043c\u0438\u043d\u0443\u0442\u0430\" \/>\n<script type=\"application\/ld+json\" class=\"yoast-schema-graph\">{\"@context\":\"https:\/\/schema.org\",\"@graph\":[{\"@type\":\"WebPage\",\"@id\":\"https:\/\/president-ksgov.net\/sr\/govor-predsednice-osmani-na-ceremoniji-sertifikacije-regruta-bsk-a\/\",\"url\":\"https:\/\/president-ksgov.net\/sr\/govor-predsednice-osmani-na-ceremoniji-sertifikacije-regruta-bsk-a\/\",\"name\":\"Govor predsednice Osmani na ceremoniji sertifikacije regruta BSK-a - Predsednik Republike Kosovo - DR. VJOSA OSMANI - SADRIU\",\"isPartOf\":{\"@id\":\"https:\/\/president-ksgov.net\/#website\"},\"primaryImageOfPage\":{\"@id\":\"https:\/\/president-ksgov.net\/sr\/govor-predsednice-osmani-na-ceremoniji-sertifikacije-regruta-bsk-a\/#primaryimage\"},\"image\":{\"@id\":\"https:\/\/president-ksgov.net\/sr\/govor-predsednice-osmani-na-ceremoniji-sertifikacije-regruta-bsk-a\/#primaryimage\"},\"thumbnailUrl\":\"https:\/\/president-ksgov.net\/wp-content\/uploads\/22_10_2021_9168331_5___245553330_392612522350508_2501788996519151812_n.jpg\",\"datePublished\":\"2021-10-22T11:23:02+00:00\",\"dateModified\":\"2021-10-22T11:23:02+00:00\",\"author\":{\"@id\":\"https:\/\/president-ksgov.net\/#\/schema\/person\/bb4337a5fb147cb2046d80548172cbee\"},\"description\":\"Govor predsednice Osmani na ceremoniji sertifikacije regruta BSK-a - Predsednik Republike Kosovo - DR. VJOSA OSMANI - SADRIU -\",\"breadcrumb\":{\"@id\":\"https:\/\/president-ksgov.net\/sr\/govor-predsednice-osmani-na-ceremoniji-sertifikacije-regruta-bsk-a\/#breadcrumb\"},\"inLanguage\":\"sr-RS\",\"potentialAction\":[{\"@type\":\"ReadAction\",\"target\":[\"https:\/\/president-ksgov.net\/sr\/govor-predsednice-osmani-na-ceremoniji-sertifikacije-regruta-bsk-a\/\"]}]},{\"@type\":\"ImageObject\",\"inLanguage\":\"sr-RS\",\"@id\":\"https:\/\/president-ksgov.net\/sr\/govor-predsednice-osmani-na-ceremoniji-sertifikacije-regruta-bsk-a\/#primaryimage\",\"url\":\"https:\/\/president-ksgov.net\/wp-content\/uploads\/22_10_2021_9168331_5___245553330_392612522350508_2501788996519151812_n.jpg\",\"contentUrl\":\"https:\/\/president-ksgov.net\/wp-content\/uploads\/22_10_2021_9168331_5___245553330_392612522350508_2501788996519151812_n.jpg\",\"width\":2048,\"height\":1362},{\"@type\":\"BreadcrumbList\",\"@id\":\"https:\/\/president-ksgov.net\/sr\/govor-predsednice-osmani-na-ceremoniji-sertifikacije-regruta-bsk-a\/#breadcrumb\",\"itemListElement\":[{\"@type\":\"ListItem\",\"position\":1,\"name\":\"Home\",\"item\":\"https:\/\/president-ksgov.net\/sr\/\"},{\"@type\":\"ListItem\",\"position\":2,\"name\":\"Govor predsednice Osmani na ceremoniji sertifikacije regruta BSK-a\"}]},{\"@type\":\"WebSite\",\"@id\":\"https:\/\/president-ksgov.net\/#website\",\"url\":\"https:\/\/president-ksgov.net\/\",\"name\":\"Presidente e Republik\u00ebs s\u00eb Kosov\u00ebs\",\"description\":\"Presidente e Republik\u00ebs s\u00eb Kosov\u00ebs\",\"alternateName\":\"DR. VJOSA OSMANI - SADRIU\",\"potentialAction\":[{\"@type\":\"SearchAction\",\"target\":{\"@type\":\"EntryPoint\",\"urlTemplate\":\"https:\/\/president-ksgov.net\/?s={search_term_string}\"},\"query-input\":{\"@type\":\"PropertyValueSpecification\",\"valueRequired\":true,\"valueName\":\"search_term_string\"}}],\"inLanguage\":\"sr-RS\"},{\"@type\":\"Person\",\"@id\":\"https:\/\/president-ksgov.net\/#\/schema\/person\/bb4337a5fb147cb2046d80548172cbee\",\"name\":\"admin\",\"image\":{\"@type\":\"ImageObject\",\"inLanguage\":\"sr-RS\",\"@id\":\"https:\/\/president-ksgov.net\/#\/schema\/person\/image\/\",\"url\":\"https:\/\/secure.gravatar.com\/avatar\/36156ca0fa3b8d9d25174f146e16beea0cf28f37adf1b9e19b6c9c279a7c9dd3?s=96&d=mm&r=g\",\"contentUrl\":\"https:\/\/secure.gravatar.com\/avatar\/36156ca0fa3b8d9d25174f146e16beea0cf28f37adf1b9e19b6c9c279a7c9dd3?s=96&d=mm&r=g\",\"caption\":\"admin\"},\"sameAs\":[\"https:\/\/president-ksgov.net\"]}]}<\/script>\n<!-- \/ Yoast SEO plugin. -->","yoast_head_json":{"title":"Govor predsednice Osmani na ceremoniji sertifikacije regruta BSK-a - Predsednik Republike Kosovo - DR. VJOSA OSMANI - SADRIU","description":"Govor predsednice Osmani na ceremoniji sertifikacije regruta BSK-a - Predsednik Republike Kosovo - DR. VJOSA OSMANI - SADRIU -","robots":{"index":"index","follow":"follow","max-snippet":"max-snippet:-1","max-image-preview":"max-image-preview:large","max-video-preview":"max-video-preview:-1"},"canonical":"https:\/\/president-ksgov.net\/sr\/govor-predsednice-osmani-na-ceremoniji-sertifikacije-regruta-bsk-a\/","og_locale":"sr_RS","og_type":"article","og_title":"Govor predsednice Osmani na ceremoniji sertifikacije regruta BSK-a - Predsednik Republike Kosovo - DR. VJOSA OSMANI - SADRIU","og_description":"Govor predsednice Osmani na ceremoniji sertifikacije regruta BSK-a - Predsednik Republike Kosovo - DR. VJOSA OSMANI - SADRIU -","og_url":"https:\/\/president-ksgov.net\/sr\/govor-predsednice-osmani-na-ceremoniji-sertifikacije-regruta-bsk-a\/","og_site_name":"Predsednik Republike Kosovo - DR. VJOSA OSMANI - SADRIU","article_published_time":"2021-10-22T11:23:02+00:00","og_image":[{"width":2048,"height":1362,"url":"https:\/\/president-ksgov.net\/wp-content\/uploads\/22_10_2021_9168331_5___245553330_392612522350508_2501788996519151812_n.jpg","type":"image\/jpeg"}],"author":"admin","twitter_card":"summary_large_image","twitter_misc":{"\u041d\u0430\u043f\u0438\u0441\u0430\u043d\u043e \u043e\u0434":"admin","\u041f\u0440\u043e\u0446\u0435\u045a\u0435\u043d\u043e \u0432\u0440\u0435\u043c\u0435 \u0447\u0438\u0442\u0430\u045a\u0430":"3 \u043c\u0438\u043d\u0443\u0442\u0430"},"schema":{"@context":"https:\/\/schema.org","@graph":[{"@type":"WebPage","@id":"https:\/\/president-ksgov.net\/sr\/govor-predsednice-osmani-na-ceremoniji-sertifikacije-regruta-bsk-a\/","url":"https:\/\/president-ksgov.net\/sr\/govor-predsednice-osmani-na-ceremoniji-sertifikacije-regruta-bsk-a\/","name":"Govor predsednice Osmani na ceremoniji sertifikacije regruta BSK-a - Predsednik Republike Kosovo - DR. VJOSA OSMANI - SADRIU","isPartOf":{"@id":"https:\/\/president-ksgov.net\/#website"},"primaryImageOfPage":{"@id":"https:\/\/president-ksgov.net\/sr\/govor-predsednice-osmani-na-ceremoniji-sertifikacije-regruta-bsk-a\/#primaryimage"},"image":{"@id":"https:\/\/president-ksgov.net\/sr\/govor-predsednice-osmani-na-ceremoniji-sertifikacije-regruta-bsk-a\/#primaryimage"},"thumbnailUrl":"https:\/\/president-ksgov.net\/wp-content\/uploads\/22_10_2021_9168331_5___245553330_392612522350508_2501788996519151812_n.jpg","datePublished":"2021-10-22T11:23:02+00:00","dateModified":"2021-10-22T11:23:02+00:00","author":{"@id":"https:\/\/president-ksgov.net\/#\/schema\/person\/bb4337a5fb147cb2046d80548172cbee"},"description":"Govor predsednice Osmani na ceremoniji sertifikacije regruta BSK-a - Predsednik Republike Kosovo - DR. VJOSA OSMANI - SADRIU -","breadcrumb":{"@id":"https:\/\/president-ksgov.net\/sr\/govor-predsednice-osmani-na-ceremoniji-sertifikacije-regruta-bsk-a\/#breadcrumb"},"inLanguage":"sr-RS","potentialAction":[{"@type":"ReadAction","target":["https:\/\/president-ksgov.net\/sr\/govor-predsednice-osmani-na-ceremoniji-sertifikacije-regruta-bsk-a\/"]}]},{"@type":"ImageObject","inLanguage":"sr-RS","@id":"https:\/\/president-ksgov.net\/sr\/govor-predsednice-osmani-na-ceremoniji-sertifikacije-regruta-bsk-a\/#primaryimage","url":"https:\/\/president-ksgov.net\/wp-content\/uploads\/22_10_2021_9168331_5___245553330_392612522350508_2501788996519151812_n.jpg","contentUrl":"https:\/\/president-ksgov.net\/wp-content\/uploads\/22_10_2021_9168331_5___245553330_392612522350508_2501788996519151812_n.jpg","width":2048,"height":1362},{"@type":"BreadcrumbList","@id":"https:\/\/president-ksgov.net\/sr\/govor-predsednice-osmani-na-ceremoniji-sertifikacije-regruta-bsk-a\/#breadcrumb","itemListElement":[{"@type":"ListItem","position":1,"name":"Home","item":"https:\/\/president-ksgov.net\/sr\/"},{"@type":"ListItem","position":2,"name":"Govor predsednice Osmani na ceremoniji sertifikacije regruta BSK-a"}]},{"@type":"WebSite","@id":"https:\/\/president-ksgov.net\/#website","url":"https:\/\/president-ksgov.net\/","name":"Presidente e Republik\u00ebs s\u00eb Kosov\u00ebs","description":"Presidente e Republik\u00ebs s\u00eb Kosov\u00ebs","alternateName":"DR. VJOSA OSMANI - SADRIU","potentialAction":[{"@type":"SearchAction","target":{"@type":"EntryPoint","urlTemplate":"https:\/\/president-ksgov.net\/?s={search_term_string}"},"query-input":{"@type":"PropertyValueSpecification","valueRequired":true,"valueName":"search_term_string"}}],"inLanguage":"sr-RS"},{"@type":"Person","@id":"https:\/\/president-ksgov.net\/#\/schema\/person\/bb4337a5fb147cb2046d80548172cbee","name":"admin","image":{"@type":"ImageObject","inLanguage":"sr-RS","@id":"https:\/\/president-ksgov.net\/#\/schema\/person\/image\/","url":"https:\/\/secure.gravatar.com\/avatar\/36156ca0fa3b8d9d25174f146e16beea0cf28f37adf1b9e19b6c9c279a7c9dd3?s=96&d=mm&r=g","contentUrl":"https:\/\/secure.gravatar.com\/avatar\/36156ca0fa3b8d9d25174f146e16beea0cf28f37adf1b9e19b6c9c279a7c9dd3?s=96&d=mm&r=g","caption":"admin"},"sameAs":["https:\/\/president-ksgov.net"]}]}},"_links":{"self":[{"href":"https:\/\/president-ksgov.net\/sr\/wp-json\/wp\/v2\/posts\/74736","targetHints":{"allow":["GET"]}}],"collection":[{"href":"https:\/\/president-ksgov.net\/sr\/wp-json\/wp\/v2\/posts"}],"about":[{"href":"https:\/\/president-ksgov.net\/sr\/wp-json\/wp\/v2\/types\/post"}],"author":[{"embeddable":true,"href":"https:\/\/president-ksgov.net\/sr\/wp-json\/wp\/v2\/users\/1"}],"replies":[{"embeddable":true,"href":"https:\/\/president-ksgov.net\/sr\/wp-json\/wp\/v2\/comments?post=74736"}],"version-history":[{"count":0,"href":"https:\/\/president-ksgov.net\/sr\/wp-json\/wp\/v2\/posts\/74736\/revisions"}],"wp:featuredmedia":[{"embeddable":true,"href":"https:\/\/president-ksgov.net\/sr\/wp-json\/wp\/v2\/media\/18043"}],"wp:attachment":[{"href":"https:\/\/president-ksgov.net\/sr\/wp-json\/wp\/v2\/media?parent=74736"}],"wp:term":[{"taxonomy":"category","embeddable":true,"href":"https:\/\/president-ksgov.net\/sr\/wp-json\/wp\/v2\/categories?post=74736"},{"taxonomy":"post_tag","embeddable":true,"href":"https:\/\/president-ksgov.net\/sr\/wp-json\/wp\/v2\/tags?post=74736"}],"curies":[{"name":"wp","href":"https:\/\/api.w.org\/{rel}","templated":true}]}}