{"id":74731,"date":"2021-10-26T09:17:55","date_gmt":"2021-10-26T09:17:55","guid":{"rendered":"https:\/\/dev.president-ksgov.net\/govor-predsednice-osmani-na-nedelji-prava-rtava-zloina\/"},"modified":"2021-10-26T09:17:55","modified_gmt":"2021-10-26T09:17:55","slug":"govor-predsednice-osmani-na-nedelji-prava-rtava-zloina","status":"publish","type":"post","link":"https:\/\/president-ksgov.net\/sr\/govor-predsednice-osmani-na-nedelji-prava-rtava-zloina\/","title":{"rendered":"Govor predsednice Osmani na Nedelji prava &#158;rtava zlo&ccaron;ina"},"content":{"rendered":"<p>Po\u0161tovana ministarko pravde g&dstrok;o. Albulena Haxhiu,<br \/>\nPo\u0161tovani glavni dr&#382;avni tu&#382;iocu g. Lumezi,<br \/>\nPo\u0161tovani predstavnici sudova, tu&#382;ila\u0161tava, svih pravosudnih institucija,<br \/>\nDiplomatski predstavnici diplomatskog kora, ambasadori i vi ostali,<br \/>\nPo\u0161tovani svi prisutni,<\/p>\n<p>Zadovoljstvo mi je da vam se obratim na ovom doga&dstrok;aju, imaju&cacute;i u vidu zna&ccaron;aj vladavine zakona uop\u0161te, \u0161to je i prioritet mog anga&#382;mana kao predsednice zemlje, a posebno \u0161to danas govorimo o jednoj od najva&#382;nijih oblasti koja ima veze i sa poverljivo\u0161&cacute;u gra&dstrok;ana u ovaj pravosudni sistemu, dakle za\u0161tita &#382;rtava zlo&ccaron;ina.<\/p>\n<p>Polazim od verovatno najosnovnijeg principa koji smo svi mi kao pravnici nau&ccaron;ili na prvoj godini Pravnog fakulteta da je obaveza dr&#382;ave u odnosu na ljudska prava, bilo da je to pravo na &#382;ivot, ili za\u0161tita dostojanstva, bilo da je to sudska za\u0161tita ljudskih prava i sloboda nisu samo negativne obaveze dr&#382;ave, \u0161to podrazumeva da se to pravo ne kr\u0161i, ve&cacute; su i pozitivne obaveze dr&#382;ave, \u0161to podrazumeva da ih \u0161titi, kada su u opasnosti da ih drugi prekr\u0161e.<\/p>\n<p>Bilo da je za\u0161tita prava na &#382;ivot, gde imamo jasnu obavezu, ili za\u0161tita svih &#382;rtava zlo&ccaron;ina, kao institucija pravde, princip koji treba da prati svakog od vas i svakoga od nas, a posebno vas kao predstavnike pravosudnih institucija, predstavnike policije i drugih bezbednosnih institucija kojima se &#382;rtve obra&cacute;aju za za\u0161titu.<\/p>\n<p>Dakle, ova Nedelja je pokazatelj da je pored podizanja nivoa svesti da se uspostavi pravda za &#382;rtve zlo&ccaron;ina, tako&dstrok;e moramo pove&cacute;ati i efikasnost vladavine zakona, kao i usluge &#382;rtvama, koje bi trebalo da budu trajni postupak institucija.<\/p>\n<p>Cilj na\u0161e dr&#382;ave je dru\u0161tvo bez nasilja, odnosno i bez &#382;rtava, pa na ovom putu podizanje svesti i pove&cacute;anje efikasnosti za za\u0161titu prava &#382;rtava direktno uti&ccaron;e na percepciju gra&dstrok;ana o pravosudnom sistemu i vladavini zakona uop\u0161te.<\/p>\n<p>U 2019. i 2020. godini devet je &#382;ena izgubilo je &#382;ivote od nasilja koje su izazvali mu\u0161karci. Do septembra ove godine imamo jo\u0161 tri druge &#382;ene, &#382;rtve, dok je u Policiji do ovog perioda godine, kako je re&ccaron;eno, prijavljeno preko 1.500 slu&ccaron;ajeva nasilja nad &#382;enama, rodno zasnovanog nasilja.<\/p>\n<p>Kao \u0161to vidite, statistika je tu&#382;na. Dakle, nasilje nad &#382;enama je postalo izazov ne samo za institucije, ve&cacute; i za kosovsko dru\u0161tvo uop\u0161te, i ne mo&#382;emo da &cacute;utimo o ovom stanju, kao \u0161to ne mo&#382;emo da &cacute;utimo o potrebi za ve&cacute;om podr\u0161kom &#382;rtvama.<\/p>\n<p>Po&ccaron;inioci zlo&ccaron;ina moraju biti ka&#382;njeni, a &#382;rtve rehabilitovane, ohrabrene i institucionalno podr&#382;ane.<\/p>\n<p>O&ccaron;uvanje &#382;ivota i dostojanstva i za\u0161tita &#382;rtava zlo&ccaron;ina je i ustavna i zakonska obaveza, ali i moralna obaveza prema na\u0161em dru\u0161tvu.<\/p>\n<p>Jedna stvar je neosporna i beskompromisna: a to je da neka&#382;njivost zlo&ccaron;ina zahteva nula tolerancije. Kada govorimo o neka&#382;njavanju, govorimo i o visini kazni, i o kvalitetu kazni, i o te&#382;ini koju &#382;rtve imaju u o&ccaron;ima na\u0161eg pravosudnog sistema, ali i o va&#382;nosti koju imaju &#382;ivot, integritet i blagostanje svakoga u Republike Kosovo.<\/p>\n<p>Pod unapre&dstrok;enjem prava na za\u0161titu &#382;rtava ne podrazumevamo samo ka&#382;njavanje zlo&ccaron;ina ili zaklju&ccaron;enje krivi&ccaron;nog ili gra&dstrok;anskog sudskog postupka za materijalnu od\u0161tetu, ve&cacute; svaki aspekt i fizi&ccaron;ki, finansijski, emocionalni i moralni koji su &#382;rtve zlo&ccaron;ina imale pre nego \u0161to su do&#382;ivele\u00a0 bilo kakvo krivi&ccaron;no delo protiv njih.<\/p>\n<p>Drago mi je \u0161to se ovoj nedelji pridaje toliki zna&ccaron;aj. Ali prava pozitivna promena se posti&#382;e sa profilisanim tu&#382;iocima i sudijama na &ccaron;elu du&#382;nosti, koji razumeju va&#382;nost za\u0161tite prava &#382;rtava i kako &cacute;e to pozitivno uticati na pove&cacute;anje poverenja svih gra&dstrok;ana u odnosu na pravosudni sistem. Dakle, profesionalci koji imaju potrebne ve\u0161tine i profesionalizam za istragu i su&dstrok;enje krivi&ccaron;nih dela, ali pre svega koji u&#382;ivaju poverenje gra&dstrok;ana Republike Kosovo.<\/p>\n<p>Primenjivi zakoni u zemlji preciziraju da &#382;rtve zlo&ccaron;ina treba tretirati po\u0161tuju&cacute;i i pravo na sigurnost, dostojanstvo, njihov privatni i porodi&ccaron;ni &#382;ivot, poznaju&cacute;i negativan uticaj zlo&ccaron;ina na &#382;rtve.<\/p>\n<p>Poslednji je trenutak da se ovi zakoni u potpunosti materijalizuju, jer je vladavina zakona teoretski beskorisna, bez delotvornih mehanizama, kao \u0161to je beskorisno govoriti o dostojanstvenom &#382;ivotu, bez prave vladavine zakona.<\/p>\n<p>Na kraju, &#382;elim da ponovo potvrdim svoje li&ccaron;no anga&#382;ovanje na saradnji sa svim tu&#382;iocima, sudijama, policijom, bezbednosnim institucijama kojima je prioritet nad prioritetima integritet, po\u0161tovanje zakona i vladavine zakona.\u00a0\u00a0<\/p>\n<p>A tako&dstrok;e, da svi zajedno radimo kako bismo olak\u0161ali teret &#382;rtava zlo&ccaron;ina, da podr&#382;imo one koji slu&#382;e ovim &#382;rtvama, dakle da za\u0161titimo ove &#382;rtve i da smanjimo broj ovih &#382;rtava u budu&cacute;nosti poma&#382;u&cacute;i sprovo&dstrok;enje zakona, kako bi se na\u0161e dru\u0161tvo ose&cacute;alo bezbedno.\u00a0<\/p>\n<p>Zajedno mo&#382;emo da obezbedimo sigurniju budu&cacute;nost za gra&dstrok;ane Republike Kosovo, bez straha i sumnje u njene institucije. Samo zajedno, i samo postavljaju&cacute;i kao prioritet blagostanje\u00a0 gra&dstrok;ana, mo&#382;emo stvoriti dru\u0161tvo u kome poverenje u pravosudni sistem vi\u0161e nije stvar percepcije, ve&cacute; postaje merljiva i neosporna &ccaron;injenica.<br \/>\n\u00a0<br \/>\nIntegritet, profesionalizam i nezavisnost pravosudnih institucija je garancija koju svi tra&#382;imo u Republici Kosovo. Netrpeljivost prema prekr\u0161iocima zakona, ko god i gde god da su, ono je \u0161to svi na\u0161i gra&dstrok;ani o&ccaron;ekuju od pravosudnih institucija u zemlji. Stoga je neophodno da svi na\u0161i institucionalni i dru\u0161tveni napori vode do izgradnje i garantovanja pravosudnog sistema koji je, iznad svega, nezavisan, profesionalan i sa integritetom, i &ccaron;iji je prioritet za\u0161tita prava &#382;rtava. Ko god ima ovaj cilj, ima&cacute;e svu moju podr\u0161ku kao predsednice zemlje.<\/p>\n<p>Na kraju, &#382;elim da ponovim \u0161ta &ccaron;ini &cacute;eliju i motiv mog institucionalnog anga&#382;ovanja: kada govorimo o integritetu, uklju&ccaron;uju&cacute;i i integritet institucija, garantujem vam da moje &cacute;utanje nikada ne&cacute;e biti alternativa u slu&ccaron;aju kr\u0161enja vladavine zakona. Ako budemo &cacute;utali pred nepravdama, to &cacute;e dodatno podsta&cacute;i one koji &ccaron;ine krivi&ccaron;na dela, a &#382;rtve zlo&ccaron;ina obeshrabriti da tra&#382;e podr\u0161ku dr&#382;ave. Zato, dignimo glas svi zajedno, ali pre svega i mimo dizanja glasa, hajde da delujemo, da delujemo konkretno u odbrani onih kojima je potrebna za\u0161tita dr&#382;ave, kako bi na\u0161 pravosudni sistem u&#382;ivao poverenje svih.<\/p>\n<p>Hvala!<\/p>\n","protected":false},"excerpt":{"rendered":"<p>Po\u0161tovana ministarko pravde g&dstrok;o. Albulena Haxhiu, Po\u0161tovani glavni dr&#382;avni tu&#382;iocu g. Lumezi, Po\u0161tovani predstavnici sudova, tu&#382;ila\u0161tava, svih pravosudnih institucija, Diplomatski predstavnici diplomatskog kora, ambasadori i vi ostali, Po\u0161tovani svi prisutni, Zadovoljstvo mi je da vam se obratim na ovom doga&dstrok;aju, imaju&cacute;i u vidu zna&ccaron;aj vladavine zakona uop\u0161te, \u0161to je i prioritet mog anga&#382;mana kao predsednice zemlje, a posebno \u0161to danas govorimo o jednoj od najva&#382;nijih oblasti koja ima veze i sa poverljivo\u0161&cacute;u gra&dstrok;ana u ovaj pravosudni sistemu, dakle za\u0161tita &#382;rtava zlo&ccaron;ina. Polazim od verovatno najosnovnijeg principa koji smo svi mi kao pravnici nau&ccaron;ili na prvoj godini Pravnog fakulteta da je obaveza dr&#382;ave u odnosu na ljudska prava, bilo da je to pravo na &#382;ivot, ili za\u0161tita dostojanstva, bilo da je to sudska za\u0161tita ljudskih prava i sloboda nisu samo negativne obaveze dr&#382;ave, \u0161to podrazumeva da se to pravo ne kr\u0161i, ve&cacute; su i pozitivne obaveze dr&#382;ave, \u0161to podrazumeva da ih \u0161titi, kada su u opasnosti da ih drugi prekr\u0161e. Bilo da je za\u0161tita prava na &#382;ivot, gde imamo jasnu obavezu, ili za\u0161tita svih &#382;rtava zlo&ccaron;ina, kao institucija pravde, princip koji treba da prati svakog od vas i svakoga od nas, a posebno vas kao predstavnike pravosudnih institucija, predstavnike policije i drugih bezbednosnih institucija kojima se &#382;rtve obra&cacute;aju za za\u0161titu. Dakle, ova Nedelja je pokazatelj da je pored podizanja nivoa svesti da se uspostavi pravda za &#382;rtve zlo&ccaron;ina, tako&dstrok;e moramo pove&cacute;ati i efikasnost vladavine zakona, kao i usluge &#382;rtvama, koje bi trebalo da budu trajni postupak institucija. Cilj na\u0161e dr&#382;ave je dru\u0161tvo bez nasilja, odnosno i bez &#382;rtava, pa na ovom putu podizanje svesti i pove&cacute;anje efikasnosti za za\u0161titu prava &#382;rtava direktno uti&ccaron;e na percepciju gra&dstrok;ana o pravosudnom sistemu i vladavini zakona uop\u0161te. U 2019. i 2020. godini devet je &#382;ena izgubilo je &#382;ivote od nasilja koje su izazvali mu\u0161karci. Do septembra ove godine imamo jo\u0161 tri druge &#382;ene, &#382;rtve, dok je u Policiji do ovog perioda godine, kako je re&ccaron;eno, prijavljeno preko 1.500 slu&ccaron;ajeva nasilja nad &#382;enama, rodno zasnovanog nasilja. Kao \u0161to vidite, statistika je tu&#382;na. Dakle, nasilje nad &#382;enama je postalo izazov ne samo za institucije, ve&cacute; i za kosovsko dru\u0161tvo uop\u0161te, i ne mo&#382;emo da &cacute;utimo o ovom stanju, kao \u0161to ne mo&#382;emo da &cacute;utimo o potrebi za ve&cacute;om podr\u0161kom &#382;rtvama. Po&ccaron;inioci zlo&ccaron;ina moraju biti ka&#382;njeni, a &#382;rtve rehabilitovane, ohrabrene i institucionalno podr&#382;ane. O&ccaron;uvanje &#382;ivota i dostojanstva i za\u0161tita &#382;rtava zlo&ccaron;ina je i ustavna i zakonska obaveza, ali i moralna obaveza prema na\u0161em dru\u0161tvu. Jedna stvar je neosporna i beskompromisna: a to je da neka&#382;njivost zlo&ccaron;ina zahteva nula tolerancije. Kada govorimo o neka&#382;njavanju, govorimo i o visini kazni, i o kvalitetu kazni, i o te&#382;ini koju &#382;rtve imaju u o&ccaron;ima na\u0161eg pravosudnog sistema, ali i o va&#382;nosti koju imaju &#382;ivot, integritet i blagostanje svakoga u Republike Kosovo. Pod unapre&dstrok;enjem prava na za\u0161titu &#382;rtava ne podrazumevamo samo ka&#382;njavanje zlo&ccaron;ina ili zaklju&ccaron;enje krivi&ccaron;nog ili gra&dstrok;anskog sudskog postupka za materijalnu od\u0161tetu, ve&cacute; svaki aspekt i fizi&ccaron;ki, finansijski, emocionalni i moralni koji su &#382;rtve zlo&ccaron;ina imale pre nego \u0161to su do&#382;ivele\u00a0 bilo kakvo krivi&ccaron;no delo protiv njih. Drago mi je \u0161to se ovoj nedelji pridaje toliki zna&ccaron;aj. Ali prava pozitivna promena se posti&#382;e sa profilisanim tu&#382;iocima i sudijama na &ccaron;elu du&#382;nosti, koji razumeju va&#382;nost za\u0161tite prava &#382;rtava i kako &cacute;e to pozitivno uticati na pove&cacute;anje poverenja svih gra&dstrok;ana u odnosu na pravosudni sistem. Dakle, profesionalci koji imaju potrebne ve\u0161tine i profesionalizam za istragu i su&dstrok;enje krivi&ccaron;nih dela, ali pre svega koji u&#382;ivaju poverenje gra&dstrok;ana Republike Kosovo. Primenjivi zakoni u zemlji preciziraju da &#382;rtve zlo&ccaron;ina treba tretirati po\u0161tuju&cacute;i i pravo na sigurnost, dostojanstvo, njihov privatni i porodi&ccaron;ni &#382;ivot, poznaju&cacute;i negativan uticaj zlo&ccaron;ina na &#382;rtve. Poslednji je trenutak da se ovi zakoni u potpunosti materijalizuju, jer je vladavina zakona teoretski beskorisna, bez delotvornih mehanizama, kao \u0161to je beskorisno govoriti o dostojanstvenom &#382;ivotu, bez prave vladavine zakona. Na kraju, &#382;elim da ponovo potvrdim svoje li&ccaron;no anga&#382;ovanje na saradnji sa svim tu&#382;iocima, sudijama, policijom, bezbednosnim institucijama kojima je prioritet nad prioritetima integritet, po\u0161tovanje zakona i vladavine zakona.\u00a0\u00a0 A tako&dstrok;e, da svi zajedno radimo kako bismo olak\u0161ali teret &#382;rtava zlo&ccaron;ina, da podr&#382;imo one koji slu&#382;e ovim &#382;rtvama, dakle da za\u0161titimo ove &#382;rtve i da smanjimo broj ovih &#382;rtava u budu&cacute;nosti poma&#382;u&cacute;i sprovo&dstrok;enje zakona, kako bi se na\u0161e dru\u0161tvo ose&cacute;alo bezbedno.\u00a0 Zajedno mo&#382;emo da obezbedimo sigurniju budu&cacute;nost za gra&dstrok;ane Republike Kosovo, bez straha i sumnje u njene institucije. Samo zajedno, i samo postavljaju&cacute;i kao prioritet blagostanje\u00a0 gra&dstrok;ana, mo&#382;emo stvoriti dru\u0161tvo u kome poverenje u pravosudni sistem vi\u0161e nije stvar percepcije, ve&cacute; postaje merljiva i neosporna &ccaron;injenica. \u00a0 Integritet, profesionalizam i nezavisnost pravosudnih institucija je garancija koju svi tra&#382;imo u Republici Kosovo. Netrpeljivost prema prekr\u0161iocima zakona, ko god i gde god da su, ono je \u0161to svi na\u0161i gra&dstrok;ani o&ccaron;ekuju od pravosudnih institucija u zemlji. Stoga je neophodno da svi na\u0161i institucionalni i dru\u0161tveni napori vode do izgradnje i garantovanja pravosudnog sistema koji je, iznad svega, nezavisan, profesionalan i sa integritetom, i &ccaron;iji je prioritet za\u0161tita prava &#382;rtava. Ko god ima ovaj cilj, ima&cacute;e svu moju podr\u0161ku kao predsednice zemlje. Na kraju, &#382;elim da ponovim \u0161ta &ccaron;ini &cacute;eliju i motiv mog institucionalnog anga&#382;ovanja: kada govorimo o integritetu, uklju&ccaron;uju&cacute;i i integritet institucija, garantujem vam da moje &cacute;utanje nikada ne&cacute;e biti alternativa u slu&ccaron;aju kr\u0161enja vladavine zakona. Ako budemo &cacute;utali pred nepravdama, to &cacute;e dodatno podsta&cacute;i one koji &ccaron;ine krivi&ccaron;na dela, a &#382;rtve zlo&ccaron;ina obeshrabriti da tra&#382;e podr\u0161ku dr&#382;ave. Zato, dignimo glas svi zajedno, ali pre svega i mimo dizanja glasa, hajde da delujemo, da delujemo konkretno u odbrani onih kojima je potrebna za\u0161tita dr&#382;ave, kako bi na\u0161 pravosudni sistem u&#382;ivao poverenje svih. Hvala!<\/p>\n","protected":false},"author":1,"featured_media":17975,"comment_status":"open","ping_status":"closed","sticky":false,"template":"","format":"standard","meta":{"_eb_attr":"","footnotes":""},"categories":[101],"tags":[],"class_list":["post-74731","post","type-post","status-publish","format-standard","has-post-thumbnail","hentry","category-vesti"],"yoast_head":"<!-- This site is optimized with the Yoast SEO plugin v23.5 - https:\/\/yoast.com\/wordpress\/plugins\/seo\/ -->\n<title>Govor predsednice Osmani na Nedelji prava &#158;rtava zlo&amp;ccaron;ina - Predsednik Republike Kosovo - DR. VJOSA OSMANI - SADRIU<\/title>\n<meta name=\"description\" content=\"Govor predsednice Osmani na Nedelji prava &#158;rtava zlo&amp;ccaron;ina - Predsednik Republike Kosovo - DR. VJOSA OSMANI - SADRIU -\" \/>\n<meta name=\"robots\" content=\"index, follow, max-snippet:-1, max-image-preview:large, max-video-preview:-1\" \/>\n<link rel=\"canonical\" href=\"https:\/\/president-ksgov.net\/sr\/govor-predsednice-osmani-na-nedelji-prava-rtava-zloina\/\" \/>\n<meta property=\"og:locale\" content=\"sr_RS\" \/>\n<meta property=\"og:type\" content=\"article\" \/>\n<meta property=\"og:title\" content=\"Govor predsednice Osmani na Nedelji prava &#158;rtava zlo&amp;ccaron;ina - Predsednik Republike Kosovo - DR. VJOSA OSMANI - SADRIU\" \/>\n<meta property=\"og:description\" content=\"Govor predsednice Osmani na Nedelji prava &#158;rtava zlo&amp;ccaron;ina - Predsednik Republike Kosovo - DR. VJOSA OSMANI - SADRIU -\" \/>\n<meta property=\"og:url\" content=\"https:\/\/president-ksgov.net\/sr\/govor-predsednice-osmani-na-nedelji-prava-rtava-zloina\/\" \/>\n<meta property=\"og:site_name\" content=\"Predsednik Republike Kosovo - DR. VJOSA OSMANI - SADRIU\" \/>\n<meta property=\"article:published_time\" content=\"2021-10-26T09:17:55+00:00\" \/>\n<meta property=\"og:image\" content=\"https:\/\/president-ksgov.net\/wp-content\/uploads\/26_10_2021_9546080_248256584_1108712306582073_4074355839796419861_n.jpg\" \/>\n\t<meta property=\"og:image:width\" content=\"1280\" \/>\n\t<meta property=\"og:image:height\" content=\"853\" \/>\n\t<meta property=\"og:image:type\" content=\"image\/jpeg\" \/>\n<meta name=\"author\" content=\"admin\" \/>\n<meta name=\"twitter:card\" content=\"summary_large_image\" \/>\n<meta name=\"twitter:label1\" content=\"\u041d\u0430\u043f\u0438\u0441\u0430\u043d\u043e \u043e\u0434\" \/>\n\t<meta name=\"twitter:data1\" content=\"admin\" \/>\n\t<meta name=\"twitter:label2\" content=\"\u041f\u0440\u043e\u0446\u0435\u045a\u0435\u043d\u043e \u0432\u0440\u0435\u043c\u0435 \u0447\u0438\u0442\u0430\u045a\u0430\" \/>\n\t<meta name=\"twitter:data2\" content=\"6 \u043c\u0438\u043d\u0443\u0442\u0430\" \/>\n<script type=\"application\/ld+json\" class=\"yoast-schema-graph\">{\"@context\":\"https:\/\/schema.org\",\"@graph\":[{\"@type\":\"WebPage\",\"@id\":\"https:\/\/president-ksgov.net\/sr\/govor-predsednice-osmani-na-nedelji-prava-rtava-zloina\/\",\"url\":\"https:\/\/president-ksgov.net\/sr\/govor-predsednice-osmani-na-nedelji-prava-rtava-zloina\/\",\"name\":\"Govor predsednice Osmani na Nedelji prava &#158;rtava zlo&ccaron;ina - Predsednik Republike Kosovo - DR. VJOSA OSMANI - SADRIU\",\"isPartOf\":{\"@id\":\"https:\/\/president-ksgov.net\/#website\"},\"primaryImageOfPage\":{\"@id\":\"https:\/\/president-ksgov.net\/sr\/govor-predsednice-osmani-na-nedelji-prava-rtava-zloina\/#primaryimage\"},\"image\":{\"@id\":\"https:\/\/president-ksgov.net\/sr\/govor-predsednice-osmani-na-nedelji-prava-rtava-zloina\/#primaryimage\"},\"thumbnailUrl\":\"https:\/\/president-ksgov.net\/wp-content\/uploads\/26_10_2021_9546080_248256584_1108712306582073_4074355839796419861_n.jpg\",\"datePublished\":\"2021-10-26T09:17:55+00:00\",\"dateModified\":\"2021-10-26T09:17:55+00:00\",\"author\":{\"@id\":\"https:\/\/president-ksgov.net\/#\/schema\/person\/bb4337a5fb147cb2046d80548172cbee\"},\"description\":\"Govor predsednice Osmani na Nedelji prava &#158;rtava zlo&ccaron;ina - Predsednik Republike Kosovo - DR. VJOSA OSMANI - SADRIU -\",\"breadcrumb\":{\"@id\":\"https:\/\/president-ksgov.net\/sr\/govor-predsednice-osmani-na-nedelji-prava-rtava-zloina\/#breadcrumb\"},\"inLanguage\":\"sr-RS\",\"potentialAction\":[{\"@type\":\"ReadAction\",\"target\":[\"https:\/\/president-ksgov.net\/sr\/govor-predsednice-osmani-na-nedelji-prava-rtava-zloina\/\"]}]},{\"@type\":\"ImageObject\",\"inLanguage\":\"sr-RS\",\"@id\":\"https:\/\/president-ksgov.net\/sr\/govor-predsednice-osmani-na-nedelji-prava-rtava-zloina\/#primaryimage\",\"url\":\"https:\/\/president-ksgov.net\/wp-content\/uploads\/26_10_2021_9546080_248256584_1108712306582073_4074355839796419861_n.jpg\",\"contentUrl\":\"https:\/\/president-ksgov.net\/wp-content\/uploads\/26_10_2021_9546080_248256584_1108712306582073_4074355839796419861_n.jpg\",\"width\":1280,\"height\":853},{\"@type\":\"BreadcrumbList\",\"@id\":\"https:\/\/president-ksgov.net\/sr\/govor-predsednice-osmani-na-nedelji-prava-rtava-zloina\/#breadcrumb\",\"itemListElement\":[{\"@type\":\"ListItem\",\"position\":1,\"name\":\"Home\",\"item\":\"https:\/\/president-ksgov.net\/sr\/\"},{\"@type\":\"ListItem\",\"position\":2,\"name\":\"Govor predsednice Osmani na Nedelji prava &#158;rtava zlo&ccaron;ina\"}]},{\"@type\":\"WebSite\",\"@id\":\"https:\/\/president-ksgov.net\/#website\",\"url\":\"https:\/\/president-ksgov.net\/\",\"name\":\"Presidente e Republik\u00ebs s\u00eb Kosov\u00ebs\",\"description\":\"Presidente e Republik\u00ebs s\u00eb Kosov\u00ebs\",\"alternateName\":\"DR. VJOSA OSMANI - SADRIU\",\"potentialAction\":[{\"@type\":\"SearchAction\",\"target\":{\"@type\":\"EntryPoint\",\"urlTemplate\":\"https:\/\/president-ksgov.net\/?s={search_term_string}\"},\"query-input\":{\"@type\":\"PropertyValueSpecification\",\"valueRequired\":true,\"valueName\":\"search_term_string\"}}],\"inLanguage\":\"sr-RS\"},{\"@type\":\"Person\",\"@id\":\"https:\/\/president-ksgov.net\/#\/schema\/person\/bb4337a5fb147cb2046d80548172cbee\",\"name\":\"admin\",\"image\":{\"@type\":\"ImageObject\",\"inLanguage\":\"sr-RS\",\"@id\":\"https:\/\/president-ksgov.net\/#\/schema\/person\/image\/\",\"url\":\"https:\/\/secure.gravatar.com\/avatar\/36156ca0fa3b8d9d25174f146e16beea0cf28f37adf1b9e19b6c9c279a7c9dd3?s=96&d=mm&r=g\",\"contentUrl\":\"https:\/\/secure.gravatar.com\/avatar\/36156ca0fa3b8d9d25174f146e16beea0cf28f37adf1b9e19b6c9c279a7c9dd3?s=96&d=mm&r=g\",\"caption\":\"admin\"},\"sameAs\":[\"https:\/\/president-ksgov.net\"]}]}<\/script>\n<!-- \/ Yoast SEO plugin. -->","yoast_head_json":{"title":"Govor predsednice Osmani na Nedelji prava &#158;rtava zlo&ccaron;ina - Predsednik Republike Kosovo - DR. VJOSA OSMANI - SADRIU","description":"Govor predsednice Osmani na Nedelji prava &#158;rtava zlo&ccaron;ina - Predsednik Republike Kosovo - DR. VJOSA OSMANI - SADRIU -","robots":{"index":"index","follow":"follow","max-snippet":"max-snippet:-1","max-image-preview":"max-image-preview:large","max-video-preview":"max-video-preview:-1"},"canonical":"https:\/\/president-ksgov.net\/sr\/govor-predsednice-osmani-na-nedelji-prava-rtava-zloina\/","og_locale":"sr_RS","og_type":"article","og_title":"Govor predsednice Osmani na Nedelji prava &#158;rtava zlo&ccaron;ina - Predsednik Republike Kosovo - DR. VJOSA OSMANI - SADRIU","og_description":"Govor predsednice Osmani na Nedelji prava &#158;rtava zlo&ccaron;ina - Predsednik Republike Kosovo - DR. VJOSA OSMANI - SADRIU -","og_url":"https:\/\/president-ksgov.net\/sr\/govor-predsednice-osmani-na-nedelji-prava-rtava-zloina\/","og_site_name":"Predsednik Republike Kosovo - DR. VJOSA OSMANI - SADRIU","article_published_time":"2021-10-26T09:17:55+00:00","og_image":[{"width":1280,"height":853,"url":"https:\/\/president-ksgov.net\/wp-content\/uploads\/26_10_2021_9546080_248256584_1108712306582073_4074355839796419861_n.jpg","type":"image\/jpeg"}],"author":"admin","twitter_card":"summary_large_image","twitter_misc":{"\u041d\u0430\u043f\u0438\u0441\u0430\u043d\u043e \u043e\u0434":"admin","\u041f\u0440\u043e\u0446\u0435\u045a\u0435\u043d\u043e \u0432\u0440\u0435\u043c\u0435 \u0447\u0438\u0442\u0430\u045a\u0430":"6 \u043c\u0438\u043d\u0443\u0442\u0430"},"schema":{"@context":"https:\/\/schema.org","@graph":[{"@type":"WebPage","@id":"https:\/\/president-ksgov.net\/sr\/govor-predsednice-osmani-na-nedelji-prava-rtava-zloina\/","url":"https:\/\/president-ksgov.net\/sr\/govor-predsednice-osmani-na-nedelji-prava-rtava-zloina\/","name":"Govor predsednice Osmani na Nedelji prava &#158;rtava zlo&ccaron;ina - Predsednik Republike Kosovo - DR. VJOSA OSMANI - SADRIU","isPartOf":{"@id":"https:\/\/president-ksgov.net\/#website"},"primaryImageOfPage":{"@id":"https:\/\/president-ksgov.net\/sr\/govor-predsednice-osmani-na-nedelji-prava-rtava-zloina\/#primaryimage"},"image":{"@id":"https:\/\/president-ksgov.net\/sr\/govor-predsednice-osmani-na-nedelji-prava-rtava-zloina\/#primaryimage"},"thumbnailUrl":"https:\/\/president-ksgov.net\/wp-content\/uploads\/26_10_2021_9546080_248256584_1108712306582073_4074355839796419861_n.jpg","datePublished":"2021-10-26T09:17:55+00:00","dateModified":"2021-10-26T09:17:55+00:00","author":{"@id":"https:\/\/president-ksgov.net\/#\/schema\/person\/bb4337a5fb147cb2046d80548172cbee"},"description":"Govor predsednice Osmani na Nedelji prava &#158;rtava zlo&ccaron;ina - Predsednik Republike Kosovo - DR. VJOSA OSMANI - SADRIU -","breadcrumb":{"@id":"https:\/\/president-ksgov.net\/sr\/govor-predsednice-osmani-na-nedelji-prava-rtava-zloina\/#breadcrumb"},"inLanguage":"sr-RS","potentialAction":[{"@type":"ReadAction","target":["https:\/\/president-ksgov.net\/sr\/govor-predsednice-osmani-na-nedelji-prava-rtava-zloina\/"]}]},{"@type":"ImageObject","inLanguage":"sr-RS","@id":"https:\/\/president-ksgov.net\/sr\/govor-predsednice-osmani-na-nedelji-prava-rtava-zloina\/#primaryimage","url":"https:\/\/president-ksgov.net\/wp-content\/uploads\/26_10_2021_9546080_248256584_1108712306582073_4074355839796419861_n.jpg","contentUrl":"https:\/\/president-ksgov.net\/wp-content\/uploads\/26_10_2021_9546080_248256584_1108712306582073_4074355839796419861_n.jpg","width":1280,"height":853},{"@type":"BreadcrumbList","@id":"https:\/\/president-ksgov.net\/sr\/govor-predsednice-osmani-na-nedelji-prava-rtava-zloina\/#breadcrumb","itemListElement":[{"@type":"ListItem","position":1,"name":"Home","item":"https:\/\/president-ksgov.net\/sr\/"},{"@type":"ListItem","position":2,"name":"Govor predsednice Osmani na Nedelji prava &#158;rtava zlo&ccaron;ina"}]},{"@type":"WebSite","@id":"https:\/\/president-ksgov.net\/#website","url":"https:\/\/president-ksgov.net\/","name":"Presidente e Republik\u00ebs s\u00eb Kosov\u00ebs","description":"Presidente e Republik\u00ebs s\u00eb Kosov\u00ebs","alternateName":"DR. VJOSA OSMANI - SADRIU","potentialAction":[{"@type":"SearchAction","target":{"@type":"EntryPoint","urlTemplate":"https:\/\/president-ksgov.net\/?s={search_term_string}"},"query-input":{"@type":"PropertyValueSpecification","valueRequired":true,"valueName":"search_term_string"}}],"inLanguage":"sr-RS"},{"@type":"Person","@id":"https:\/\/president-ksgov.net\/#\/schema\/person\/bb4337a5fb147cb2046d80548172cbee","name":"admin","image":{"@type":"ImageObject","inLanguage":"sr-RS","@id":"https:\/\/president-ksgov.net\/#\/schema\/person\/image\/","url":"https:\/\/secure.gravatar.com\/avatar\/36156ca0fa3b8d9d25174f146e16beea0cf28f37adf1b9e19b6c9c279a7c9dd3?s=96&d=mm&r=g","contentUrl":"https:\/\/secure.gravatar.com\/avatar\/36156ca0fa3b8d9d25174f146e16beea0cf28f37adf1b9e19b6c9c279a7c9dd3?s=96&d=mm&r=g","caption":"admin"},"sameAs":["https:\/\/president-ksgov.net"]}]}},"_links":{"self":[{"href":"https:\/\/president-ksgov.net\/sr\/wp-json\/wp\/v2\/posts\/74731","targetHints":{"allow":["GET"]}}],"collection":[{"href":"https:\/\/president-ksgov.net\/sr\/wp-json\/wp\/v2\/posts"}],"about":[{"href":"https:\/\/president-ksgov.net\/sr\/wp-json\/wp\/v2\/types\/post"}],"author":[{"embeddable":true,"href":"https:\/\/president-ksgov.net\/sr\/wp-json\/wp\/v2\/users\/1"}],"replies":[{"embeddable":true,"href":"https:\/\/president-ksgov.net\/sr\/wp-json\/wp\/v2\/comments?post=74731"}],"version-history":[{"count":0,"href":"https:\/\/president-ksgov.net\/sr\/wp-json\/wp\/v2\/posts\/74731\/revisions"}],"wp:featuredmedia":[{"embeddable":true,"href":"https:\/\/president-ksgov.net\/sr\/wp-json\/wp\/v2\/media\/17975"}],"wp:attachment":[{"href":"https:\/\/president-ksgov.net\/sr\/wp-json\/wp\/v2\/media?parent=74731"}],"wp:term":[{"taxonomy":"category","embeddable":true,"href":"https:\/\/president-ksgov.net\/sr\/wp-json\/wp\/v2\/categories?post=74731"},{"taxonomy":"post_tag","embeddable":true,"href":"https:\/\/president-ksgov.net\/sr\/wp-json\/wp\/v2\/tags?post=74731"}],"curies":[{"name":"wp","href":"https:\/\/api.w.org\/{rel}","templated":true}]}}