{"id":74729,"date":"2021-10-26T09:22:17","date_gmt":"2021-10-26T09:22:17","guid":{"rendered":"https:\/\/dev.president-ksgov.net\/govor-predsednice-vjose-osmanija-na-etvenoj-veeri\/"},"modified":"2021-10-26T09:22:17","modified_gmt":"2021-10-26T09:22:17","slug":"govor-predsednice-vjose-osmanija-na-etvenoj-veeri","status":"publish","type":"post","link":"https:\/\/president-ksgov.net\/sr\/govor-predsednice-vjose-osmanija-na-etvenoj-veeri\/","title":{"rendered":"Govor predsednice Vjose Osmanija na &Zcaron;etvenoj ve&ccaron;eri"},"content":{"rendered":"<p>Dobrodo\u0161li dragi prijatelji,<br \/>\nPo\u0161tovani gospodine premijeru,<br \/>\nPo\u0161tovani ministri i poslanici,<br \/>\nDragi me&dstrok;unarodni prijatelji i partneri, ambasadori,<br \/>\nDragi doma&cacute;i proizvo&dstrok;a&ccaron;i koji ste ovoj &Zcaron;etvenoj ve&ccaron;eri dali \u0161arm, kao i pro\u0161le godine,<br \/>\nPredstavnici bezbednosnih institucija,<br \/>\nPredstavnici celokupnog prisustva, bilo lokalnog ili me&dstrok;unarodnog<br \/>\nDragi gosti,<br \/>\nDragi mediji, koji ste danas ovde kako biste propratili ovu aktivnost,<br \/>\n\u00a0<br \/>\nDobro do\u0161li na \u201e&Zcaron;etvenu ve&ccaron;eru\u201c, drevni albanski praznik, koji datira iz 5. veka i ozna&ccaron;ava kraj leta, vreme kada sakupljamo plodove, useve i blagoslove i izra&#382;avamo na\u0161u zahvalnost na dobrima ove godine.<br \/>\n\u00a0<br \/>\n\u201e&Zcaron;etvena ve&ccaron;era\u201d je deo bogatog duhovnog nasle&dstrok;a, koje su Albanci nasledili i o&ccaron;uvali od davnina. Izme&dstrok;u ostalih proslava, \u201e&Zcaron;etvena ve&ccaron;era\u201c je opstala vekovima i prenela se do na\u0161ih dana, postaju&cacute;i tako va&#382;an deo na\u0161e drevne kulture i uti&ccaron;u&cacute;i na o&ccaron;uvanje i negovanje na\u0161eg duha solidarnosti.<br \/>\n\u00a0<br \/>\nAlbanci su vekovima zaredom, u znaku ljubavi jedni prema drugima i po\u0161tovanja prema prijateljima, pru&#382;ali jedni drugima podr\u0161ku u negovanju blagoslova i u njegovom prikupljanju, na ve&ccaron;eri koja je postavljana u znak zahvalnosti za prikupljena dobra.<br \/>\n\u00a0<br \/>\nDanas postavljamo ovaj trpezu, u saradnji sa na\u0161im doma&cacute;im proizvo&dstrok;a&ccaron;ima, kako bismo izrazili zahvalnost za prosperitet koji nudi tlo na\u0161e zemlje sa mnogo kvalitetnih proizvoda, kao i za duh saradnje i solidarnosti po kojem smo se vekovima istical, ali i za duboka i dugo negovana prijateljstva.<br \/>\n\u00a0<br \/>\nDragi prijatelji!<br \/>\n\u00a0<br \/>\nPoznati albanski izraz: \u201eHleb i so i srce\u201c danas na ovoj Ve&ccaron;eri poprima duboko zna&ccaron;enje, jer su na ovu trpezu na\u0161i doma&cacute;i proizvo&dstrok;a&ccaron;i postavili ne samo na\u0161u tradicionalnu hranu, ve&cacute; i svoja srca kroz ljubav prema kuvanju, kao i &#382;elji da podele dobra i blagoslove sa prijateljima i onima koji nam &#382;ele dobro. Onako kako na\u0161a tradicija ka&#382;e!<br \/>\nAli ve&ccaron;eras, dok smo okupljeni za ovom prosperitetnom trpezom, &#382;elim da podelim trenutak da se na poseban na&ccaron;in setimo &ccaron;oveka koji je, dok je bio &#382;iv, kuvao kao niko drugi molio se hlebu zbog ljubavi koju donosi me&dstrok;u ljude. Ve&ccaron;eras se se&cacute;amo na\u0161eg kuvara, Perparima Babaliaja, koji je preminuo pre nekoliko meseci. Molimo se za njegovu du\u0161u i uz poseban meni pripremljen za ve&ccaron;eras, mnogi njegovi prijatelji koji su se anga&#382;ovali za ovu ve&ccaron;eru &#382;ele da zajedno sa nama odaju po&ccaron;ast njegovom &#382;ivotu i radu.<br \/>\n\u00a0<br \/>\nI ovogodi\u0161nja ve&ccaron;era se organizuje u ote&#382;anim okolnostima, zbog pandemije. Ve&ccaron;eras okupljeni za trpezom mislimo na sve kosovske porodice koje su izgubile svoje najmilije usled pandemije. Danas se ne samo njihovi stolovi ve&cacute; i njihova srca i svih nas ose&cacute;aju praznije u odsustvu najmilijih. Saose&cacute;amo sa njima i molimo se za njih!<br \/>\n\u00a0<br \/>\nSuo&ccaron;avanje sa ovim izazovom stalno nas podse&cacute;a koliko je va&#382;no da verujemo jedni u druge, u na\u0161e prijatelje, koji su bili uz nas u te\u0161kim danima i u dobrim danima, koji su podelili sa nama radost i tugu i koji su zajedno sa nama preneli molitvu za dobra dogodine.<br \/>\n\u00a0<br \/>\n\u201e&Zcaron;etvena ve&ccaron;era\u201c se izdvaja kao no&cacute; kada izra&#382;avamo svoju zahvalnost za dobrobiti prirode, ali &#382;elim da podelim nekoliko trenutaka da izrazim zahvalnost za dobrobiti i dela na\u0161ih kosovskih ljudi.<br \/>\n\u00a0<br \/>\nBorbu sa pandemijom u ovom te\u0161kom periodu vodili su upravo belomantilci (medicinsko osoblje), pa ve&ccaron;eras izra&#382;avamo svu na\u0161u duboku zahvalnost za njihov nesebi&ccaron;an rad. U ovim vremenima tako&dstrok;e je bilo te\u0161ko da se organizuje obrazovni sistem, stoga maksimalno po\u0161tovanje za sve one u&ccaron;itelje, nastavnike i profesore koji su uradili i nemogu&cacute;e kako bi se obrazovanje nastavilo &ccaron;ak i u vanrednim okolnostima, onako kako su albanske \u0161kole\/domovi opstajali 90-ih godina, uvek jasno stavljaju&cacute;i do znanja da je obrazovanje najmo&cacute;niji stub uspeha jedne dr&#382;ave.<br \/>\n\u00a0<br \/>\nI koliko god ovaj period bio te&#382;ak, motiv i snagu nam je vratila na\u0161a sjajan omladina, oni koji su vredno i marljivo radili \u2013 oni koji su na Kosovu i svetu sijali u raznim oblastima. Od sporta do informacionih tehnologija, od kulture, umetnosti, nauke i mnogih drugih oblasti, pokazali su svetu pravu sliku i potencijal Kosova. Zato danas i svakog dana izra&#382;avamo na\u0161u zahvalnost svakome od njih. Mnogi od njih, bilo da su predstavnici belomantilaca (medicinko osoblje), predstavnici obrazovnog sistema, predstavnici umetnosti, kulture, filma, mode, nauke, tehnologije i mnogi drugi, pridru&#382;ili su nam se ve&ccaron;eras. Hvala svima, posebno mi je zadovoljstvo \u0161to ste me&dstrok;u nama!<br \/>\n\u00a0<br \/>\nPo\u0161tovani prijatelji,\u00a0<br \/>\n\u00a0<br \/>\nVe&ccaron;eras tako&dstrok;e &#382;elim da izrazim duboku zahvalnost za pa&#382;nju koju je otac osniva&ccaron; na\u0161e dr&#382;ave, predsednik Rugova, pokazao kada je 2002. godine obnovio dobru tradiciju kuvanja i poslu&#382;ivanja hrane kroz praznik \u201e&Zcaron;etvena ve&ccaron;era\u201c. On ju je nazivao Dan zahvalnosti, sli&ccaron;no kao Dan zahvalnosti u SAD. Zahvalni smo mu na ovoj ba\u0161tini koju je vratio na ovo podneblje.<br \/>\n\u00a0<br \/>\nKao \u0161to znate, predsednik Rugova je uvek slavio sa prijateljima, radio sa prijateljima i zahvaljivao im se za na\u0161e blagostanje. Uvek &cacute;emo negovati ovu vrednu tradiciju albanskog naroda, jer cenimo, isto kao i predsednik Rugova, da negovanje dobre tradicije odr&#382;ava du\u0161u jednog naroda &#382;ivom.<br \/>\n\u00a0<br \/>\nZahvaljuju&cacute;i se svakome od ponaosob na dana\u0161njem prisustvu, dozvolite mi da vas pozovem da sednemo za na\u0161e trpeze i da izrazimo zajedni&ccaron;ku zahvalnost sa &#382;eljom da nam slede&cacute;a godina donese \u0161to vi\u0161e dobrog za sve gra&dstrok;ane Republike Kosovo, kao i vi\u0161e zdravlja i vi\u0161e blagostanja.<br \/>\n\u00a0<br \/>\nPre nego \u0161to po&ccaron;nemo sa tradicionalnom ve&ccaron;erom, dozvolite mi da izrazim svoju zahvalnost zlatnim rukama dobrih ljudi na\u0161e zemlje koji su ove godine sakupili ove blagoslove; onima koji su ve&ccaron;eras kuvali sa srcem i sa puno ljubavi, kao i svim na\u0161im doma&cacute;im proizvo&dstrok;a&ccaron;ima, onima koji su ve&ccaron;eras ovde, ali i onima koji nisu me&dstrok;u nama koji su pomogli u organizaciji ove ve&ccaron;ere, a svaki dan blistaju u zemlji i inostranstvu sa kvalitetom njihovih proizvoda. Na\u0161i proizvo&dstrok;a&ccaron;i pokazuju potencijal i pravu sliku Kosova, prevazilaze&cacute;i granice i sti&#382;u&cacute;i do trpeza porodica zemalja \u0161irom sveta. Danas im je potrebna na\u0161a podr\u0161ka da bi mogli da budu jo\u0161 prisutniji na Kosovu i \u0161ire, pa &#382;elim da na ovom putu ka novim dostignu&cacute;ima budemo svi uz njih, i vi koji ste danas prisutni, ali i\u00a0 mnogi drugi prijatelji.\u00a0\u00a0<br \/>\n\u00a0<br \/>\nBog blagoslovio Kosovo!<br \/>\nBog blagoslovio na\u0161e doma&cacute;e proizvo&dstrok;a&ccaron;e!<br \/>\nDobrodo\u0161li na trpezu na\u0161e zemlje!<br \/>\nHvala vam \u0161to ste ve&ccaron;eras me&dstrok;u nama!<\/p>\n","protected":false},"excerpt":{"rendered":"<p>Dobrodo\u0161li dragi prijatelji, Po\u0161tovani gospodine premijeru, Po\u0161tovani ministri i poslanici, Dragi me&dstrok;unarodni prijatelji i partneri, ambasadori, Dragi doma&cacute;i proizvo&dstrok;a&ccaron;i koji ste ovoj &Zcaron;etvenoj ve&ccaron;eri dali \u0161arm, kao i pro\u0161le godine, Predstavnici bezbednosnih institucija, Predstavnici celokupnog prisustva, bilo lokalnog ili me&dstrok;unarodnog Dragi gosti, Dragi mediji, koji ste danas ovde kako biste propratili ovu aktivnost, \u00a0 Dobro do\u0161li na \u201e&Zcaron;etvenu ve&ccaron;eru\u201c, drevni albanski praznik, koji datira iz 5. veka i ozna&ccaron;ava kraj leta, vreme kada sakupljamo plodove, useve i blagoslove i izra&#382;avamo na\u0161u zahvalnost na dobrima ove godine. \u00a0 \u201e&Zcaron;etvena ve&ccaron;era\u201d je deo bogatog duhovnog nasle&dstrok;a, koje su Albanci nasledili i o&ccaron;uvali od davnina. Izme&dstrok;u ostalih proslava, \u201e&Zcaron;etvena ve&ccaron;era\u201c je opstala vekovima i prenela se do na\u0161ih dana, postaju&cacute;i tako va&#382;an deo na\u0161e drevne kulture i uti&ccaron;u&cacute;i na o&ccaron;uvanje i negovanje na\u0161eg duha solidarnosti. \u00a0 Albanci su vekovima zaredom, u znaku ljubavi jedni prema drugima i po\u0161tovanja prema prijateljima, pru&#382;ali jedni drugima podr\u0161ku u negovanju blagoslova i u njegovom prikupljanju, na ve&ccaron;eri koja je postavljana u znak zahvalnosti za prikupljena dobra. \u00a0 Danas postavljamo ovaj trpezu, u saradnji sa na\u0161im doma&cacute;im proizvo&dstrok;a&ccaron;ima, kako bismo izrazili zahvalnost za prosperitet koji nudi tlo na\u0161e zemlje sa mnogo kvalitetnih proizvoda, kao i za duh saradnje i solidarnosti po kojem smo se vekovima istical, ali i za duboka i dugo negovana prijateljstva. \u00a0 Dragi prijatelji! \u00a0 Poznati albanski izraz: \u201eHleb i so i srce\u201c danas na ovoj Ve&ccaron;eri poprima duboko zna&ccaron;enje, jer su na ovu trpezu na\u0161i doma&cacute;i proizvo&dstrok;a&ccaron;i postavili ne samo na\u0161u tradicionalnu hranu, ve&cacute; i svoja srca kroz ljubav prema kuvanju, kao i &#382;elji da podele dobra i blagoslove sa prijateljima i onima koji nam &#382;ele dobro. Onako kako na\u0161a tradicija ka&#382;e! Ali ve&ccaron;eras, dok smo okupljeni za ovom prosperitetnom trpezom, &#382;elim da podelim trenutak da se na poseban na&ccaron;in setimo &ccaron;oveka koji je, dok je bio &#382;iv, kuvao kao niko drugi molio se hlebu zbog ljubavi koju donosi me&dstrok;u ljude. Ve&ccaron;eras se se&cacute;amo na\u0161eg kuvara, Perparima Babaliaja, koji je preminuo pre nekoliko meseci. Molimo se za njegovu du\u0161u i uz poseban meni pripremljen za ve&ccaron;eras, mnogi njegovi prijatelji koji su se anga&#382;ovali za ovu ve&ccaron;eru &#382;ele da zajedno sa nama odaju po&ccaron;ast njegovom &#382;ivotu i radu. \u00a0 I ovogodi\u0161nja ve&ccaron;era se organizuje u ote&#382;anim okolnostima, zbog pandemije. Ve&ccaron;eras okupljeni za trpezom mislimo na sve kosovske porodice koje su izgubile svoje najmilije usled pandemije. Danas se ne samo njihovi stolovi ve&cacute; i njihova srca i svih nas ose&cacute;aju praznije u odsustvu najmilijih. Saose&cacute;amo sa njima i molimo se za njih! \u00a0 Suo&ccaron;avanje sa ovim izazovom stalno nas podse&cacute;a koliko je va&#382;no da verujemo jedni u druge, u na\u0161e prijatelje, koji su bili uz nas u te\u0161kim danima i u dobrim danima, koji su podelili sa nama radost i tugu i koji su zajedno sa nama preneli molitvu za dobra dogodine. \u00a0 \u201e&Zcaron;etvena ve&ccaron;era\u201c se izdvaja kao no&cacute; kada izra&#382;avamo svoju zahvalnost za dobrobiti prirode, ali &#382;elim da podelim nekoliko trenutaka da izrazim zahvalnost za dobrobiti i dela na\u0161ih kosovskih ljudi. \u00a0 Borbu sa pandemijom u ovom te\u0161kom periodu vodili su upravo belomantilci (medicinsko osoblje), pa ve&ccaron;eras izra&#382;avamo svu na\u0161u duboku zahvalnost za njihov nesebi&ccaron;an rad. U ovim vremenima tako&dstrok;e je bilo te\u0161ko da se organizuje obrazovni sistem, stoga maksimalno po\u0161tovanje za sve one u&ccaron;itelje, nastavnike i profesore koji su uradili i nemogu&cacute;e kako bi se obrazovanje nastavilo &ccaron;ak i u vanrednim okolnostima, onako kako su albanske \u0161kole\/domovi opstajali 90-ih godina, uvek jasno stavljaju&cacute;i do znanja da je obrazovanje najmo&cacute;niji stub uspeha jedne dr&#382;ave. \u00a0 I koliko god ovaj period bio te&#382;ak, motiv i snagu nam je vratila na\u0161a sjajan omladina, oni koji su vredno i marljivo radili \u2013 oni koji su na Kosovu i svetu sijali u raznim oblastima. Od sporta do informacionih tehnologija, od kulture, umetnosti, nauke i mnogih drugih oblasti, pokazali su svetu pravu sliku i potencijal Kosova. Zato danas i svakog dana izra&#382;avamo na\u0161u zahvalnost svakome od njih. Mnogi od njih, bilo da su predstavnici belomantilaca (medicinko osoblje), predstavnici obrazovnog sistema, predstavnici umetnosti, kulture, filma, mode, nauke, tehnologije i mnogi drugi, pridru&#382;ili su nam se ve&ccaron;eras. Hvala svima, posebno mi je zadovoljstvo \u0161to ste me&dstrok;u nama! \u00a0 Po\u0161tovani prijatelji,\u00a0 \u00a0 Ve&ccaron;eras tako&dstrok;e &#382;elim da izrazim duboku zahvalnost za pa&#382;nju koju je otac osniva&ccaron; na\u0161e dr&#382;ave, predsednik Rugova, pokazao kada je 2002. godine obnovio dobru tradiciju kuvanja i poslu&#382;ivanja hrane kroz praznik \u201e&Zcaron;etvena ve&ccaron;era\u201c. On ju je nazivao Dan zahvalnosti, sli&ccaron;no kao Dan zahvalnosti u SAD. Zahvalni smo mu na ovoj ba\u0161tini koju je vratio na ovo podneblje. \u00a0 Kao \u0161to znate, predsednik Rugova je uvek slavio sa prijateljima, radio sa prijateljima i zahvaljivao im se za na\u0161e blagostanje. Uvek &cacute;emo negovati ovu vrednu tradiciju albanskog naroda, jer cenimo, isto kao i predsednik Rugova, da negovanje dobre tradicije odr&#382;ava du\u0161u jednog naroda &#382;ivom. \u00a0 Zahvaljuju&cacute;i se svakome od ponaosob na dana\u0161njem prisustvu, dozvolite mi da vas pozovem da sednemo za na\u0161e trpeze i da izrazimo zajedni&ccaron;ku zahvalnost sa &#382;eljom da nam slede&cacute;a godina donese \u0161to vi\u0161e dobrog za sve gra&dstrok;ane Republike Kosovo, kao i vi\u0161e zdravlja i vi\u0161e blagostanja. \u00a0 Pre nego \u0161to po&ccaron;nemo sa tradicionalnom ve&ccaron;erom, dozvolite mi da izrazim svoju zahvalnost zlatnim rukama dobrih ljudi na\u0161e zemlje koji su ove godine sakupili ove blagoslove; onima koji su ve&ccaron;eras kuvali sa srcem i sa puno ljubavi, kao i svim na\u0161im doma&cacute;im proizvo&dstrok;a&ccaron;ima, onima koji su ve&ccaron;eras ovde, ali i onima koji nisu me&dstrok;u nama koji su pomogli u organizaciji ove ve&ccaron;ere, a svaki dan blistaju u zemlji i inostranstvu sa kvalitetom njihovih proizvoda. Na\u0161i proizvo&dstrok;a&ccaron;i pokazuju potencijal i pravu sliku Kosova, prevazilaze&cacute;i granice i sti&#382;u&cacute;i do trpeza porodica zemalja \u0161irom sveta. Danas im je potrebna na\u0161a podr\u0161ka da bi mogli da budu jo\u0161 prisutniji na Kosovu i \u0161ire, pa &#382;elim da na ovom putu ka novim dostignu&cacute;ima budemo svi uz njih, i vi koji ste danas prisutni, ali i\u00a0 mnogi drugi prijatelji.\u00a0\u00a0 \u00a0 Bog blagoslovio Kosovo! Bog blagoslovio na\u0161e doma&cacute;e proizvo&dstrok;a&ccaron;e! Dobrodo\u0161li na trpezu na\u0161e zemlje! Hvala vam \u0161to ste ve&ccaron;eras me&dstrok;u nama!<\/p>\n","protected":false},"author":1,"featured_media":17967,"comment_status":"open","ping_status":"closed","sticky":false,"template":"","format":"standard","meta":{"_eb_attr":"","footnotes":""},"categories":[101],"tags":[],"class_list":["post-74729","post","type-post","status-publish","format-standard","has-post-thumbnail","hentry","category-vesti"],"yoast_head":"<!-- This site is optimized with the Yoast SEO plugin v23.5 - https:\/\/yoast.com\/wordpress\/plugins\/seo\/ -->\n<title>Govor predsednice Vjose Osmanija na &amp;Zcaron;etvenoj ve&amp;ccaron;eri - Predsednik Republike Kosovo - DR. VJOSA OSMANI - SADRIU<\/title>\n<meta name=\"description\" content=\"Govor predsednice Vjose Osmanija na &amp;Zcaron;etvenoj ve&amp;ccaron;eri - Predsednik Republike Kosovo - DR. VJOSA OSMANI - SADRIU -\" \/>\n<meta name=\"robots\" content=\"index, follow, max-snippet:-1, max-image-preview:large, max-video-preview:-1\" \/>\n<link rel=\"canonical\" href=\"https:\/\/president-ksgov.net\/sr\/govor-predsednice-vjose-osmanija-na-etvenoj-veeri\/\" \/>\n<meta property=\"og:locale\" content=\"sr_RS\" \/>\n<meta property=\"og:type\" content=\"article\" \/>\n<meta property=\"og:title\" content=\"Govor predsednice Vjose Osmanija na &amp;Zcaron;etvenoj ve&amp;ccaron;eri - Predsednik Republike Kosovo - DR. VJOSA OSMANI - SADRIU\" \/>\n<meta property=\"og:description\" content=\"Govor predsednice Vjose Osmanija na &amp;Zcaron;etvenoj ve&amp;ccaron;eri - Predsednik Republike Kosovo - DR. VJOSA OSMANI - SADRIU -\" \/>\n<meta property=\"og:url\" content=\"https:\/\/president-ksgov.net\/sr\/govor-predsednice-vjose-osmanija-na-etvenoj-veeri\/\" \/>\n<meta property=\"og:site_name\" content=\"Predsednik Republike Kosovo - DR. VJOSA OSMANI - SADRIU\" \/>\n<meta property=\"article:published_time\" content=\"2021-10-26T09:22:17+00:00\" \/>\n<meta property=\"og:image\" content=\"https:\/\/president-ksgov.net\/wp-content\/uploads\/26_10_2021_2826018_247683675_611037333417053_4911362150290156906_n.jpg\" \/>\n\t<meta property=\"og:image:width\" content=\"1280\" \/>\n\t<meta property=\"og:image:height\" content=\"853\" \/>\n\t<meta property=\"og:image:type\" content=\"image\/jpeg\" \/>\n<meta name=\"author\" content=\"admin\" \/>\n<meta name=\"twitter:card\" content=\"summary_large_image\" \/>\n<meta name=\"twitter:label1\" content=\"\u041d\u0430\u043f\u0438\u0441\u0430\u043d\u043e \u043e\u0434\" \/>\n\t<meta name=\"twitter:data1\" content=\"admin\" \/>\n\t<meta name=\"twitter:label2\" content=\"\u041f\u0440\u043e\u0446\u0435\u045a\u0435\u043d\u043e \u0432\u0440\u0435\u043c\u0435 \u0447\u0438\u0442\u0430\u045a\u0430\" \/>\n\t<meta name=\"twitter:data2\" content=\"6 \u043c\u0438\u043d\u0443\u0442\u0430\" \/>\n<script type=\"application\/ld+json\" class=\"yoast-schema-graph\">{\"@context\":\"https:\/\/schema.org\",\"@graph\":[{\"@type\":\"WebPage\",\"@id\":\"https:\/\/president-ksgov.net\/sr\/govor-predsednice-vjose-osmanija-na-etvenoj-veeri\/\",\"url\":\"https:\/\/president-ksgov.net\/sr\/govor-predsednice-vjose-osmanija-na-etvenoj-veeri\/\",\"name\":\"Govor predsednice Vjose Osmanija na &Zcaron;etvenoj ve&ccaron;eri - Predsednik Republike Kosovo - DR. VJOSA OSMANI - SADRIU\",\"isPartOf\":{\"@id\":\"https:\/\/president-ksgov.net\/#website\"},\"primaryImageOfPage\":{\"@id\":\"https:\/\/president-ksgov.net\/sr\/govor-predsednice-vjose-osmanija-na-etvenoj-veeri\/#primaryimage\"},\"image\":{\"@id\":\"https:\/\/president-ksgov.net\/sr\/govor-predsednice-vjose-osmanija-na-etvenoj-veeri\/#primaryimage\"},\"thumbnailUrl\":\"https:\/\/president-ksgov.net\/wp-content\/uploads\/26_10_2021_2826018_247683675_611037333417053_4911362150290156906_n.jpg\",\"datePublished\":\"2021-10-26T09:22:17+00:00\",\"dateModified\":\"2021-10-26T09:22:17+00:00\",\"author\":{\"@id\":\"https:\/\/president-ksgov.net\/#\/schema\/person\/bb4337a5fb147cb2046d80548172cbee\"},\"description\":\"Govor predsednice Vjose Osmanija na &Zcaron;etvenoj ve&ccaron;eri - Predsednik Republike Kosovo - DR. VJOSA OSMANI - SADRIU -\",\"breadcrumb\":{\"@id\":\"https:\/\/president-ksgov.net\/sr\/govor-predsednice-vjose-osmanija-na-etvenoj-veeri\/#breadcrumb\"},\"inLanguage\":\"sr-RS\",\"potentialAction\":[{\"@type\":\"ReadAction\",\"target\":[\"https:\/\/president-ksgov.net\/sr\/govor-predsednice-vjose-osmanija-na-etvenoj-veeri\/\"]}]},{\"@type\":\"ImageObject\",\"inLanguage\":\"sr-RS\",\"@id\":\"https:\/\/president-ksgov.net\/sr\/govor-predsednice-vjose-osmanija-na-etvenoj-veeri\/#primaryimage\",\"url\":\"https:\/\/president-ksgov.net\/wp-content\/uploads\/26_10_2021_2826018_247683675_611037333417053_4911362150290156906_n.jpg\",\"contentUrl\":\"https:\/\/president-ksgov.net\/wp-content\/uploads\/26_10_2021_2826018_247683675_611037333417053_4911362150290156906_n.jpg\",\"width\":1280,\"height\":853},{\"@type\":\"BreadcrumbList\",\"@id\":\"https:\/\/president-ksgov.net\/sr\/govor-predsednice-vjose-osmanija-na-etvenoj-veeri\/#breadcrumb\",\"itemListElement\":[{\"@type\":\"ListItem\",\"position\":1,\"name\":\"Home\",\"item\":\"https:\/\/president-ksgov.net\/sr\/\"},{\"@type\":\"ListItem\",\"position\":2,\"name\":\"Govor predsednice Vjose Osmanija na &Zcaron;etvenoj ve&ccaron;eri\"}]},{\"@type\":\"WebSite\",\"@id\":\"https:\/\/president-ksgov.net\/#website\",\"url\":\"https:\/\/president-ksgov.net\/\",\"name\":\"Presidente e Republik\u00ebs s\u00eb Kosov\u00ebs\",\"description\":\"Presidente e Republik\u00ebs s\u00eb Kosov\u00ebs\",\"alternateName\":\"DR. VJOSA OSMANI - SADRIU\",\"potentialAction\":[{\"@type\":\"SearchAction\",\"target\":{\"@type\":\"EntryPoint\",\"urlTemplate\":\"https:\/\/president-ksgov.net\/?s={search_term_string}\"},\"query-input\":{\"@type\":\"PropertyValueSpecification\",\"valueRequired\":true,\"valueName\":\"search_term_string\"}}],\"inLanguage\":\"sr-RS\"},{\"@type\":\"Person\",\"@id\":\"https:\/\/president-ksgov.net\/#\/schema\/person\/bb4337a5fb147cb2046d80548172cbee\",\"name\":\"admin\",\"image\":{\"@type\":\"ImageObject\",\"inLanguage\":\"sr-RS\",\"@id\":\"https:\/\/president-ksgov.net\/#\/schema\/person\/image\/\",\"url\":\"https:\/\/secure.gravatar.com\/avatar\/36156ca0fa3b8d9d25174f146e16beea0cf28f37adf1b9e19b6c9c279a7c9dd3?s=96&d=mm&r=g\",\"contentUrl\":\"https:\/\/secure.gravatar.com\/avatar\/36156ca0fa3b8d9d25174f146e16beea0cf28f37adf1b9e19b6c9c279a7c9dd3?s=96&d=mm&r=g\",\"caption\":\"admin\"},\"sameAs\":[\"https:\/\/president-ksgov.net\"]}]}<\/script>\n<!-- \/ Yoast SEO plugin. -->","yoast_head_json":{"title":"Govor predsednice Vjose Osmanija na &Zcaron;etvenoj ve&ccaron;eri - Predsednik Republike Kosovo - DR. VJOSA OSMANI - SADRIU","description":"Govor predsednice Vjose Osmanija na &Zcaron;etvenoj ve&ccaron;eri - Predsednik Republike Kosovo - DR. VJOSA OSMANI - SADRIU -","robots":{"index":"index","follow":"follow","max-snippet":"max-snippet:-1","max-image-preview":"max-image-preview:large","max-video-preview":"max-video-preview:-1"},"canonical":"https:\/\/president-ksgov.net\/sr\/govor-predsednice-vjose-osmanija-na-etvenoj-veeri\/","og_locale":"sr_RS","og_type":"article","og_title":"Govor predsednice Vjose Osmanija na &Zcaron;etvenoj ve&ccaron;eri - Predsednik Republike Kosovo - DR. VJOSA OSMANI - SADRIU","og_description":"Govor predsednice Vjose Osmanija na &Zcaron;etvenoj ve&ccaron;eri - Predsednik Republike Kosovo - DR. VJOSA OSMANI - SADRIU -","og_url":"https:\/\/president-ksgov.net\/sr\/govor-predsednice-vjose-osmanija-na-etvenoj-veeri\/","og_site_name":"Predsednik Republike Kosovo - DR. VJOSA OSMANI - SADRIU","article_published_time":"2021-10-26T09:22:17+00:00","og_image":[{"width":1280,"height":853,"url":"https:\/\/president-ksgov.net\/wp-content\/uploads\/26_10_2021_2826018_247683675_611037333417053_4911362150290156906_n.jpg","type":"image\/jpeg"}],"author":"admin","twitter_card":"summary_large_image","twitter_misc":{"\u041d\u0430\u043f\u0438\u0441\u0430\u043d\u043e \u043e\u0434":"admin","\u041f\u0440\u043e\u0446\u0435\u045a\u0435\u043d\u043e \u0432\u0440\u0435\u043c\u0435 \u0447\u0438\u0442\u0430\u045a\u0430":"6 \u043c\u0438\u043d\u0443\u0442\u0430"},"schema":{"@context":"https:\/\/schema.org","@graph":[{"@type":"WebPage","@id":"https:\/\/president-ksgov.net\/sr\/govor-predsednice-vjose-osmanija-na-etvenoj-veeri\/","url":"https:\/\/president-ksgov.net\/sr\/govor-predsednice-vjose-osmanija-na-etvenoj-veeri\/","name":"Govor predsednice Vjose Osmanija na &Zcaron;etvenoj ve&ccaron;eri - Predsednik Republike Kosovo - DR. VJOSA OSMANI - SADRIU","isPartOf":{"@id":"https:\/\/president-ksgov.net\/#website"},"primaryImageOfPage":{"@id":"https:\/\/president-ksgov.net\/sr\/govor-predsednice-vjose-osmanija-na-etvenoj-veeri\/#primaryimage"},"image":{"@id":"https:\/\/president-ksgov.net\/sr\/govor-predsednice-vjose-osmanija-na-etvenoj-veeri\/#primaryimage"},"thumbnailUrl":"https:\/\/president-ksgov.net\/wp-content\/uploads\/26_10_2021_2826018_247683675_611037333417053_4911362150290156906_n.jpg","datePublished":"2021-10-26T09:22:17+00:00","dateModified":"2021-10-26T09:22:17+00:00","author":{"@id":"https:\/\/president-ksgov.net\/#\/schema\/person\/bb4337a5fb147cb2046d80548172cbee"},"description":"Govor predsednice Vjose Osmanija na &Zcaron;etvenoj ve&ccaron;eri - Predsednik Republike Kosovo - DR. VJOSA OSMANI - SADRIU -","breadcrumb":{"@id":"https:\/\/president-ksgov.net\/sr\/govor-predsednice-vjose-osmanija-na-etvenoj-veeri\/#breadcrumb"},"inLanguage":"sr-RS","potentialAction":[{"@type":"ReadAction","target":["https:\/\/president-ksgov.net\/sr\/govor-predsednice-vjose-osmanija-na-etvenoj-veeri\/"]}]},{"@type":"ImageObject","inLanguage":"sr-RS","@id":"https:\/\/president-ksgov.net\/sr\/govor-predsednice-vjose-osmanija-na-etvenoj-veeri\/#primaryimage","url":"https:\/\/president-ksgov.net\/wp-content\/uploads\/26_10_2021_2826018_247683675_611037333417053_4911362150290156906_n.jpg","contentUrl":"https:\/\/president-ksgov.net\/wp-content\/uploads\/26_10_2021_2826018_247683675_611037333417053_4911362150290156906_n.jpg","width":1280,"height":853},{"@type":"BreadcrumbList","@id":"https:\/\/president-ksgov.net\/sr\/govor-predsednice-vjose-osmanija-na-etvenoj-veeri\/#breadcrumb","itemListElement":[{"@type":"ListItem","position":1,"name":"Home","item":"https:\/\/president-ksgov.net\/sr\/"},{"@type":"ListItem","position":2,"name":"Govor predsednice Vjose Osmanija na &Zcaron;etvenoj ve&ccaron;eri"}]},{"@type":"WebSite","@id":"https:\/\/president-ksgov.net\/#website","url":"https:\/\/president-ksgov.net\/","name":"Presidente e Republik\u00ebs s\u00eb Kosov\u00ebs","description":"Presidente e Republik\u00ebs s\u00eb Kosov\u00ebs","alternateName":"DR. VJOSA OSMANI - SADRIU","potentialAction":[{"@type":"SearchAction","target":{"@type":"EntryPoint","urlTemplate":"https:\/\/president-ksgov.net\/?s={search_term_string}"},"query-input":{"@type":"PropertyValueSpecification","valueRequired":true,"valueName":"search_term_string"}}],"inLanguage":"sr-RS"},{"@type":"Person","@id":"https:\/\/president-ksgov.net\/#\/schema\/person\/bb4337a5fb147cb2046d80548172cbee","name":"admin","image":{"@type":"ImageObject","inLanguage":"sr-RS","@id":"https:\/\/president-ksgov.net\/#\/schema\/person\/image\/","url":"https:\/\/secure.gravatar.com\/avatar\/36156ca0fa3b8d9d25174f146e16beea0cf28f37adf1b9e19b6c9c279a7c9dd3?s=96&d=mm&r=g","contentUrl":"https:\/\/secure.gravatar.com\/avatar\/36156ca0fa3b8d9d25174f146e16beea0cf28f37adf1b9e19b6c9c279a7c9dd3?s=96&d=mm&r=g","caption":"admin"},"sameAs":["https:\/\/president-ksgov.net"]}]}},"_links":{"self":[{"href":"https:\/\/president-ksgov.net\/sr\/wp-json\/wp\/v2\/posts\/74729","targetHints":{"allow":["GET"]}}],"collection":[{"href":"https:\/\/president-ksgov.net\/sr\/wp-json\/wp\/v2\/posts"}],"about":[{"href":"https:\/\/president-ksgov.net\/sr\/wp-json\/wp\/v2\/types\/post"}],"author":[{"embeddable":true,"href":"https:\/\/president-ksgov.net\/sr\/wp-json\/wp\/v2\/users\/1"}],"replies":[{"embeddable":true,"href":"https:\/\/president-ksgov.net\/sr\/wp-json\/wp\/v2\/comments?post=74729"}],"version-history":[{"count":0,"href":"https:\/\/president-ksgov.net\/sr\/wp-json\/wp\/v2\/posts\/74729\/revisions"}],"wp:featuredmedia":[{"embeddable":true,"href":"https:\/\/president-ksgov.net\/sr\/wp-json\/wp\/v2\/media\/17967"}],"wp:attachment":[{"href":"https:\/\/president-ksgov.net\/sr\/wp-json\/wp\/v2\/media?parent=74729"}],"wp:term":[{"taxonomy":"category","embeddable":true,"href":"https:\/\/president-ksgov.net\/sr\/wp-json\/wp\/v2\/categories?post=74729"},{"taxonomy":"post_tag","embeddable":true,"href":"https:\/\/president-ksgov.net\/sr\/wp-json\/wp\/v2\/tags?post=74729"}],"curies":[{"name":"wp","href":"https:\/\/api.w.org\/{rel}","templated":true}]}}