{"id":74722,"date":"2021-10-28T19:02:13","date_gmt":"2021-10-28T17:02:13","guid":{"rendered":"https:\/\/dev.president-ksgov.net\/predsednica-osmani-odrala-govor-na-globalnom-samitu-ena-u-lisabonu\/"},"modified":"2021-10-28T19:02:13","modified_gmt":"2021-10-28T19:02:13","slug":"predsednica-osmani-odrala-govor-na-globalnom-samitu-ena-u-lisabonu","status":"publish","type":"post","link":"https:\/\/president-ksgov.net\/sr\/predsednica-osmani-odrala-govor-na-globalnom-samitu-ena-u-lisabonu\/","title":{"rendered":"Predsednica Osmani odr&#158;ala govor na Globalnom samitu &#158;ena u Lisabonu"},"content":{"rendered":"<p>Predsednica Republike Kosovo Vjosa Osmani je prvog dana posete Portugaliji, u njenom obra&cacute;anju na Globalnom samitu &#382;ena istakla da je pandemija pove&cacute;ala nejednakost sa kojima se &#382;ele suo&ccaron;avaju svakoga dana na poslu i kod ku&cacute;e.<\/p>\n<p>Ali, prema njemom mi\u0161ljenju, &#382;ene se nisu zaustavile. \u201eIzuzetno je to o &ccaron;emu svedo&ccaron;imo danas. Tendencija &#382;ena i devojaka koje ne prihvataju NE kao odgovor raste; &#382;ene i devojke se ne predaju. Umesto toga, vidimo sve vi\u0161e &#382;ena i devojaka koje se sna&#382;no bore, koje se di&#382;u za ono \u0161to je pravi&ccaron;no, koje se zala&#382;u jedna za drugu i \u0161to je najbitnije \u2013 one govore\u201c, istakla je predsednica Osmani na Samitu koji ove godine tretira ulogu &#382;ena u transformaciji privrede.\u00a0<br \/>\n\u00a0<br \/>\nU tom kontekstu predsednica Osmani je pomenula anga&#382;ovanje &#382;ena iz Kru\u0161e, koje su nezavisno od patnji sa kojima su se suo&ccaron;ile uspele da trijumfuju.\u00a0<br \/>\n\u00a0<br \/>\n\u201e&Zcaron;elim da podelim sa vama jedan trenutak, jednu doma&cacute;u pri&ccaron;u o izdr&#382;ljivosti i trijumfu &#382;ena iz sela Kru\u0161a. Fahrije Hoti, &ccaron;iji je mu&#382; me&dstrok;u 1600 jo\u0161 uvek nasilno nestalih lica nakon rata, uspela je da ovo selo, razoreno ratom, pretvori u pri&ccaron;u o ekonomskom ja&ccaron;anju. Ona je izazvala rodne stereotipe i pokazala je izuzetnu smelost, upornost i izdr&#382;ljivost. Ne samo da je uspela da bol pretvori u neumoran rad, ve&cacute; ona danas stoji iza vi\u0161e od 100 radnih mesta koje je stvorila za &#382;ene iz Kru\u0161e\u201c, istakla je predsednica Osmani. Prema njenom mi\u0161ljenju istorija &#382;ena iz Kru\u0161e je najbolji primer transformacione snage &#382;ena koje se ujedinjuju i zala&#382;u jedna za drugu.\u00a0<br \/>\n\u00a0<br \/>\n\u201eNjen &#382;ivot i borba maestralno su prikazani u filmu \u201eKo\u0161nica\u201c (Zgjoi), koji je zvani&ccaron;ni kandidat Kosova za nagradu Oskar i trostruki dobitnik nagrada Sundance Festivala. Pozivam vas sve da ga pogledate\u201c, istakla je predsednica Osmani pred &#382;enama u&ccaron;esnicama iz &ccaron;itavog sveta na ovom Samitu.\u00a0<br \/>\n\u00a0<br \/>\nU ovom obra&cacute;anju predsednica Osmani je tako&dstrok;e stavila akcenat na ja&ccaron;anje &#382;ena u procesima dono\u0161enja odluka.\u00a0<br \/>\n\u00a0<br \/>\n\u201eNa samom kraju, sada je jasno da kada &#382;ene u&ccaron;estvuju u krugovima visokog politi&ccaron;kog i dr&#382;avnog nivoa, one doprinose uravnote&#382;enijim i osetljivijim rodnim politikama, politikama koje su obazrivije prema &#382;ivotnoj sredini i koje su naprednije. Samo preko takvog pristupa gra&dstrok;enja politika, ima&cacute;emo mogu&cacute;nost da ispunimo na\u0161e obe&cacute;anje o izgradnji dru\u0161tava koja su usredsre&dstrok;ena na potrebe ljudi i ekonomske sisteme koji se prilago&dstrok;avaju potrebama budu&cacute;nosti\u201c, istakla je predsednica Osmani.\u00a0<br \/>\n\u00a0<br \/>\nU okviru ovog Samita predsednica Osmani sastala se sa predstavnicama razli&ccaron;itih dr&#382;ava u&ccaron;esnica.<\/p>\n","protected":false},"excerpt":{"rendered":"<p>Predsednica Republike Kosovo Vjosa Osmani je prvog dana posete Portugaliji, u njenom obra&cacute;anju na Globalnom samitu &#382;ena istakla da je pandemija pove&cacute;ala nejednakost sa kojima se &#382;ele suo&ccaron;avaju svakoga dana na poslu i kod ku&cacute;e.<\/p>\n","protected":false},"author":1,"featured_media":17909,"comment_status":"open","ping_status":"closed","sticky":false,"template":"","format":"standard","meta":{"_eb_attr":"","footnotes":""},"categories":[114,101],"tags":[],"class_list":["post-74722","post","type-post","status-publish","format-standard","has-post-thumbnail","hentry","category-medunarodne-posete","category-vesti"],"yoast_head":"<!-- This site is optimized with the Yoast SEO plugin v23.5 - https:\/\/yoast.com\/wordpress\/plugins\/seo\/ -->\n<title>Predsednica Osmani odr&#158;ala govor na Globalnom samitu &#158;ena u Lisabonu - Predsednik Republike Kosovo - DR. VJOSA OSMANI - SADRIU<\/title>\n<meta name=\"description\" content=\"Predsednica Osmani odr&#158;ala govor na Globalnom samitu &#158;ena u Lisabonu - Predsednik Republike Kosovo - DR. VJOSA OSMANI - SADRIU -\" \/>\n<meta name=\"robots\" content=\"index, follow, max-snippet:-1, max-image-preview:large, max-video-preview:-1\" \/>\n<link rel=\"canonical\" href=\"https:\/\/president-ksgov.net\/sr\/predsednica-osmani-odrala-govor-na-globalnom-samitu-ena-u-lisabonu\/\" \/>\n<meta property=\"og:locale\" content=\"sr_RS\" \/>\n<meta property=\"og:type\" content=\"article\" \/>\n<meta property=\"og:title\" content=\"Predsednica Osmani odr&#158;ala govor na Globalnom samitu &#158;ena u Lisabonu - Predsednik Republike Kosovo - DR. VJOSA OSMANI - SADRIU\" \/>\n<meta property=\"og:description\" content=\"Predsednica Osmani odr&#158;ala govor na Globalnom samitu &#158;ena u Lisabonu - Predsednik Republike Kosovo - DR. VJOSA OSMANI - SADRIU -\" \/>\n<meta property=\"og:url\" content=\"https:\/\/president-ksgov.net\/sr\/predsednica-osmani-odrala-govor-na-globalnom-samitu-ena-u-lisabonu\/\" \/>\n<meta property=\"og:site_name\" content=\"Predsednik Republike Kosovo - DR. VJOSA OSMANI - SADRIU\" \/>\n<meta property=\"article:published_time\" content=\"2021-10-28T17:02:13+00:00\" \/>\n<meta property=\"article:modified_time\" content=\"2021-10-28T19:02:13+00:00\" \/>\n<meta property=\"og:image\" content=\"https:\/\/president-ksgov.net\/wp-content\/uploads\/28_10_2021_2408593_Presidentja_Osmani_mbane_fjalim_ne_Samitin_Global_te_Grave_ne_Lisbone_4.jpg\" \/>\n\t<meta property=\"og:image:width\" content=\"896\" \/>\n\t<meta property=\"og:image:height\" content=\"672\" \/>\n\t<meta property=\"og:image:type\" content=\"image\/jpeg\" \/>\n<meta name=\"author\" content=\"admin\" \/>\n<meta name=\"twitter:card\" content=\"summary_large_image\" \/>\n<meta name=\"twitter:label1\" content=\"\u041d\u0430\u043f\u0438\u0441\u0430\u043d\u043e \u043e\u0434\" \/>\n\t<meta name=\"twitter:data1\" content=\"admin\" \/>\n\t<meta name=\"twitter:label2\" content=\"\u041f\u0440\u043e\u0446\u0435\u045a\u0435\u043d\u043e \u0432\u0440\u0435\u043c\u0435 \u0447\u0438\u0442\u0430\u045a\u0430\" \/>\n\t<meta name=\"twitter:data2\" content=\"2 \u043c\u0438\u043d\u0443\u0442\u0430\" \/>\n<script type=\"application\/ld+json\" class=\"yoast-schema-graph\">{\"@context\":\"https:\/\/schema.org\",\"@graph\":[{\"@type\":\"WebPage\",\"@id\":\"https:\/\/president-ksgov.net\/sr\/predsednica-osmani-odrala-govor-na-globalnom-samitu-ena-u-lisabonu\/\",\"url\":\"https:\/\/president-ksgov.net\/sr\/predsednica-osmani-odrala-govor-na-globalnom-samitu-ena-u-lisabonu\/\",\"name\":\"Predsednica Osmani odr&#158;ala govor na Globalnom samitu &#158;ena u Lisabonu - Predsednik Republike Kosovo - DR. VJOSA OSMANI - SADRIU\",\"isPartOf\":{\"@id\":\"https:\/\/president-ksgov.net\/#website\"},\"primaryImageOfPage\":{\"@id\":\"https:\/\/president-ksgov.net\/sr\/predsednica-osmani-odrala-govor-na-globalnom-samitu-ena-u-lisabonu\/#primaryimage\"},\"image\":{\"@id\":\"https:\/\/president-ksgov.net\/sr\/predsednica-osmani-odrala-govor-na-globalnom-samitu-ena-u-lisabonu\/#primaryimage\"},\"thumbnailUrl\":\"https:\/\/president-ksgov.net\/wp-content\/uploads\/28_10_2021_2408593_Presidentja_Osmani_mbane_fjalim_ne_Samitin_Global_te_Grave_ne_Lisbone_4.jpg\",\"datePublished\":\"2021-10-28T17:02:13+00:00\",\"dateModified\":\"2021-10-28T19:02:13+00:00\",\"author\":{\"@id\":\"https:\/\/president-ksgov.net\/#\/schema\/person\/bb4337a5fb147cb2046d80548172cbee\"},\"description\":\"Predsednica Osmani odr&#158;ala govor na Globalnom samitu &#158;ena u Lisabonu - Predsednik Republike Kosovo - DR. VJOSA OSMANI - SADRIU -\",\"breadcrumb\":{\"@id\":\"https:\/\/president-ksgov.net\/sr\/predsednica-osmani-odrala-govor-na-globalnom-samitu-ena-u-lisabonu\/#breadcrumb\"},\"inLanguage\":\"sr-RS\",\"potentialAction\":[{\"@type\":\"ReadAction\",\"target\":[\"https:\/\/president-ksgov.net\/sr\/predsednica-osmani-odrala-govor-na-globalnom-samitu-ena-u-lisabonu\/\"]}]},{\"@type\":\"ImageObject\",\"inLanguage\":\"sr-RS\",\"@id\":\"https:\/\/president-ksgov.net\/sr\/predsednica-osmani-odrala-govor-na-globalnom-samitu-ena-u-lisabonu\/#primaryimage\",\"url\":\"https:\/\/president-ksgov.net\/wp-content\/uploads\/28_10_2021_2408593_Presidentja_Osmani_mbane_fjalim_ne_Samitin_Global_te_Grave_ne_Lisbone_4.jpg\",\"contentUrl\":\"https:\/\/president-ksgov.net\/wp-content\/uploads\/28_10_2021_2408593_Presidentja_Osmani_mbane_fjalim_ne_Samitin_Global_te_Grave_ne_Lisbone_4.jpg\",\"width\":896,\"height\":672},{\"@type\":\"BreadcrumbList\",\"@id\":\"https:\/\/president-ksgov.net\/sr\/predsednica-osmani-odrala-govor-na-globalnom-samitu-ena-u-lisabonu\/#breadcrumb\",\"itemListElement\":[{\"@type\":\"ListItem\",\"position\":1,\"name\":\"Home\",\"item\":\"https:\/\/president-ksgov.net\/sr\/\"},{\"@type\":\"ListItem\",\"position\":2,\"name\":\"Predsednica Osmani odr&#158;ala govor na Globalnom samitu &#158;ena u Lisabonu\"}]},{\"@type\":\"WebSite\",\"@id\":\"https:\/\/president-ksgov.net\/#website\",\"url\":\"https:\/\/president-ksgov.net\/\",\"name\":\"Presidente e Republik\u00ebs s\u00eb Kosov\u00ebs\",\"description\":\"Presidente e Republik\u00ebs s\u00eb Kosov\u00ebs\",\"alternateName\":\"DR. VJOSA OSMANI - SADRIU\",\"potentialAction\":[{\"@type\":\"SearchAction\",\"target\":{\"@type\":\"EntryPoint\",\"urlTemplate\":\"https:\/\/president-ksgov.net\/?s={search_term_string}\"},\"query-input\":{\"@type\":\"PropertyValueSpecification\",\"valueRequired\":true,\"valueName\":\"search_term_string\"}}],\"inLanguage\":\"sr-RS\"},{\"@type\":\"Person\",\"@id\":\"https:\/\/president-ksgov.net\/#\/schema\/person\/bb4337a5fb147cb2046d80548172cbee\",\"name\":\"admin\",\"image\":{\"@type\":\"ImageObject\",\"inLanguage\":\"sr-RS\",\"@id\":\"https:\/\/president-ksgov.net\/#\/schema\/person\/image\/\",\"url\":\"https:\/\/secure.gravatar.com\/avatar\/36156ca0fa3b8d9d25174f146e16beea0cf28f37adf1b9e19b6c9c279a7c9dd3?s=96&d=mm&r=g\",\"contentUrl\":\"https:\/\/secure.gravatar.com\/avatar\/36156ca0fa3b8d9d25174f146e16beea0cf28f37adf1b9e19b6c9c279a7c9dd3?s=96&d=mm&r=g\",\"caption\":\"admin\"},\"sameAs\":[\"https:\/\/president-ksgov.net\"]}]}<\/script>\n<!-- \/ Yoast SEO plugin. -->","yoast_head_json":{"title":"Predsednica Osmani odr&#158;ala govor na Globalnom samitu &#158;ena u Lisabonu - Predsednik Republike Kosovo - DR. VJOSA OSMANI - SADRIU","description":"Predsednica Osmani odr&#158;ala govor na Globalnom samitu &#158;ena u Lisabonu - Predsednik Republike Kosovo - DR. VJOSA OSMANI - SADRIU -","robots":{"index":"index","follow":"follow","max-snippet":"max-snippet:-1","max-image-preview":"max-image-preview:large","max-video-preview":"max-video-preview:-1"},"canonical":"https:\/\/president-ksgov.net\/sr\/predsednica-osmani-odrala-govor-na-globalnom-samitu-ena-u-lisabonu\/","og_locale":"sr_RS","og_type":"article","og_title":"Predsednica Osmani odr&#158;ala govor na Globalnom samitu &#158;ena u Lisabonu - Predsednik Republike Kosovo - DR. VJOSA OSMANI - SADRIU","og_description":"Predsednica Osmani odr&#158;ala govor na Globalnom samitu &#158;ena u Lisabonu - Predsednik Republike Kosovo - DR. VJOSA OSMANI - SADRIU -","og_url":"https:\/\/president-ksgov.net\/sr\/predsednica-osmani-odrala-govor-na-globalnom-samitu-ena-u-lisabonu\/","og_site_name":"Predsednik Republike Kosovo - DR. VJOSA OSMANI - SADRIU","article_published_time":"2021-10-28T17:02:13+00:00","article_modified_time":"2021-10-28T19:02:13+00:00","og_image":[{"width":896,"height":672,"url":"https:\/\/president-ksgov.net\/wp-content\/uploads\/28_10_2021_2408593_Presidentja_Osmani_mbane_fjalim_ne_Samitin_Global_te_Grave_ne_Lisbone_4.jpg","type":"image\/jpeg"}],"author":"admin","twitter_card":"summary_large_image","twitter_misc":{"\u041d\u0430\u043f\u0438\u0441\u0430\u043d\u043e \u043e\u0434":"admin","\u041f\u0440\u043e\u0446\u0435\u045a\u0435\u043d\u043e \u0432\u0440\u0435\u043c\u0435 \u0447\u0438\u0442\u0430\u045a\u0430":"2 \u043c\u0438\u043d\u0443\u0442\u0430"},"schema":{"@context":"https:\/\/schema.org","@graph":[{"@type":"WebPage","@id":"https:\/\/president-ksgov.net\/sr\/predsednica-osmani-odrala-govor-na-globalnom-samitu-ena-u-lisabonu\/","url":"https:\/\/president-ksgov.net\/sr\/predsednica-osmani-odrala-govor-na-globalnom-samitu-ena-u-lisabonu\/","name":"Predsednica Osmani odr&#158;ala govor na Globalnom samitu &#158;ena u Lisabonu - Predsednik Republike Kosovo - DR. VJOSA OSMANI - SADRIU","isPartOf":{"@id":"https:\/\/president-ksgov.net\/#website"},"primaryImageOfPage":{"@id":"https:\/\/president-ksgov.net\/sr\/predsednica-osmani-odrala-govor-na-globalnom-samitu-ena-u-lisabonu\/#primaryimage"},"image":{"@id":"https:\/\/president-ksgov.net\/sr\/predsednica-osmani-odrala-govor-na-globalnom-samitu-ena-u-lisabonu\/#primaryimage"},"thumbnailUrl":"https:\/\/president-ksgov.net\/wp-content\/uploads\/28_10_2021_2408593_Presidentja_Osmani_mbane_fjalim_ne_Samitin_Global_te_Grave_ne_Lisbone_4.jpg","datePublished":"2021-10-28T17:02:13+00:00","dateModified":"2021-10-28T19:02:13+00:00","author":{"@id":"https:\/\/president-ksgov.net\/#\/schema\/person\/bb4337a5fb147cb2046d80548172cbee"},"description":"Predsednica Osmani odr&#158;ala govor na Globalnom samitu &#158;ena u Lisabonu - Predsednik Republike Kosovo - DR. VJOSA OSMANI - SADRIU -","breadcrumb":{"@id":"https:\/\/president-ksgov.net\/sr\/predsednica-osmani-odrala-govor-na-globalnom-samitu-ena-u-lisabonu\/#breadcrumb"},"inLanguage":"sr-RS","potentialAction":[{"@type":"ReadAction","target":["https:\/\/president-ksgov.net\/sr\/predsednica-osmani-odrala-govor-na-globalnom-samitu-ena-u-lisabonu\/"]}]},{"@type":"ImageObject","inLanguage":"sr-RS","@id":"https:\/\/president-ksgov.net\/sr\/predsednica-osmani-odrala-govor-na-globalnom-samitu-ena-u-lisabonu\/#primaryimage","url":"https:\/\/president-ksgov.net\/wp-content\/uploads\/28_10_2021_2408593_Presidentja_Osmani_mbane_fjalim_ne_Samitin_Global_te_Grave_ne_Lisbone_4.jpg","contentUrl":"https:\/\/president-ksgov.net\/wp-content\/uploads\/28_10_2021_2408593_Presidentja_Osmani_mbane_fjalim_ne_Samitin_Global_te_Grave_ne_Lisbone_4.jpg","width":896,"height":672},{"@type":"BreadcrumbList","@id":"https:\/\/president-ksgov.net\/sr\/predsednica-osmani-odrala-govor-na-globalnom-samitu-ena-u-lisabonu\/#breadcrumb","itemListElement":[{"@type":"ListItem","position":1,"name":"Home","item":"https:\/\/president-ksgov.net\/sr\/"},{"@type":"ListItem","position":2,"name":"Predsednica Osmani odr&#158;ala govor na Globalnom samitu &#158;ena u Lisabonu"}]},{"@type":"WebSite","@id":"https:\/\/president-ksgov.net\/#website","url":"https:\/\/president-ksgov.net\/","name":"Presidente e Republik\u00ebs s\u00eb Kosov\u00ebs","description":"Presidente e Republik\u00ebs s\u00eb Kosov\u00ebs","alternateName":"DR. VJOSA OSMANI - SADRIU","potentialAction":[{"@type":"SearchAction","target":{"@type":"EntryPoint","urlTemplate":"https:\/\/president-ksgov.net\/?s={search_term_string}"},"query-input":{"@type":"PropertyValueSpecification","valueRequired":true,"valueName":"search_term_string"}}],"inLanguage":"sr-RS"},{"@type":"Person","@id":"https:\/\/president-ksgov.net\/#\/schema\/person\/bb4337a5fb147cb2046d80548172cbee","name":"admin","image":{"@type":"ImageObject","inLanguage":"sr-RS","@id":"https:\/\/president-ksgov.net\/#\/schema\/person\/image\/","url":"https:\/\/secure.gravatar.com\/avatar\/36156ca0fa3b8d9d25174f146e16beea0cf28f37adf1b9e19b6c9c279a7c9dd3?s=96&d=mm&r=g","contentUrl":"https:\/\/secure.gravatar.com\/avatar\/36156ca0fa3b8d9d25174f146e16beea0cf28f37adf1b9e19b6c9c279a7c9dd3?s=96&d=mm&r=g","caption":"admin"},"sameAs":["https:\/\/president-ksgov.net"]}]}},"_links":{"self":[{"href":"https:\/\/president-ksgov.net\/sr\/wp-json\/wp\/v2\/posts\/74722","targetHints":{"allow":["GET"]}}],"collection":[{"href":"https:\/\/president-ksgov.net\/sr\/wp-json\/wp\/v2\/posts"}],"about":[{"href":"https:\/\/president-ksgov.net\/sr\/wp-json\/wp\/v2\/types\/post"}],"author":[{"embeddable":true,"href":"https:\/\/president-ksgov.net\/sr\/wp-json\/wp\/v2\/users\/1"}],"replies":[{"embeddable":true,"href":"https:\/\/president-ksgov.net\/sr\/wp-json\/wp\/v2\/comments?post=74722"}],"version-history":[{"count":0,"href":"https:\/\/president-ksgov.net\/sr\/wp-json\/wp\/v2\/posts\/74722\/revisions"}],"wp:featuredmedia":[{"embeddable":true,"href":"https:\/\/president-ksgov.net\/sr\/wp-json\/wp\/v2\/media\/17909"}],"wp:attachment":[{"href":"https:\/\/president-ksgov.net\/sr\/wp-json\/wp\/v2\/media?parent=74722"}],"wp:term":[{"taxonomy":"category","embeddable":true,"href":"https:\/\/president-ksgov.net\/sr\/wp-json\/wp\/v2\/categories?post=74722"},{"taxonomy":"post_tag","embeddable":true,"href":"https:\/\/president-ksgov.net\/sr\/wp-json\/wp\/v2\/tags?post=74722"}],"curies":[{"name":"wp","href":"https:\/\/api.w.org\/{rel}","templated":true}]}}