{"id":74712,"date":"2021-11-01T11:04:23","date_gmt":"2021-11-01T11:04:23","guid":{"rendered":"https:\/\/dev.president-ksgov.net\/govor-predsednice-republike-kosovo-vjose-osmani-na-ceremoniji-uruenja-vojne-medalje-portugalskim-trupama-koje-su-sluile-na-kosovu\/"},"modified":"2021-11-01T11:04:23","modified_gmt":"2021-11-01T11:04:23","slug":"govor-predsednice-republike-kosovo-vjose-osmani-na-ceremoniji-uruenja-vojne-medalje-portugalskim-trupama-koje-su-sluile-na-kosovu","status":"publish","type":"post","link":"https:\/\/president-ksgov.net\/sr\/govor-predsednice-republike-kosovo-vjose-osmani-na-ceremoniji-uruenja-vojne-medalje-portugalskim-trupama-koje-su-sluile-na-kosovu\/","title":{"rendered":"Govor predsednice Republike Kosovo Vjose Osmani na ceremoniji uru&ccaron;enja Vojne medalje portugalskim trupama koje su slu&#158;ile na Kosovu"},"content":{"rendered":"<p>Po\u0161tovani ministre Gomes Cravinho<br \/>\nPo\u0161tovani admirale Silva Ribeiro<br \/>\nUva&#382;eni prisutni,\u00a0<br \/>\n\u00a0<br \/>\nVelika mi je &ccaron;ast \u0161to se nalazim pred va\u0161im trupama, koje su pre 23 godine sa ovog mesta postale deo NATO akcije, u intervenciji &ccaron;iji je cilj bio za\u0161tita i osloba&dstrok;anje od genocidnog re&#382;ima Srbije.<br \/>\nStali ste se na pravu stranu istorije. 1999. godine bili ste na strani pravde, na strani slobode kao univerzalnog prava, na strani za\u0161tite &ccaron;itavog jednog naroda od istrebljenja od strane tiranskog re&#382;ima.<br \/>\nKlanjam se pred vama i srda&ccaron;no vam zahvaljujem u svoje ime, kao predsednica Kosova i u ime naroda koji predstavljam!<br \/>\nU vreme kada nije bilo linije koja razdvaja &#382;ivot i smrt,\u00a0 pored toga \u0161to ste nam pomogli da oslobodimo zemlju, postali ste i na\u0161e uto&ccaron;i\u0161te. Jedan broj kosovskih porodica od opasnosti po &#382;ivot, na\u0161ao je uto&ccaron;i\u0161te u Portugalu. Va\u0161a zemlja nam je otvorila vrata i srce. Ve&ccaron;no smo zahvalni!<br \/>\nPored toga, tako&dstrok;e ste doprineli sklapanju mira. Oko 6 hiljada trupa je va\u0161e vojske, koje su slu&#382;ile na Kosovu okviru misije KFOR-a za obezbe&dstrok;ivanje mirnog i stabilnog okru&#382;enja.<br \/>\nPre \u0161est godina, poslednji kontingent portugalske vojske zavr\u0161io je svoju mirovnu misiju na Kosovu, ostavljaju&cacute;i za sobom lepe uspomene svakom gra&dstrok;aninu Kosova.<br \/>\nHvala vam hiljadu puta na va\u0161em vrednom doprinosu! U se&cacute;anju svakog Kosovara uvek &cacute;ete imati posebno mesto!<br \/>\nUspe\u0161no ste zavr\u0161ili, koliko izazovnu, toliko i plemenitu misiju. Ispoljili ste dostojanstvo i ponos, postav\u0161i &ccaron;uvari slobode, s toga sam danas ovde pred vama u svojoj prvoj poseti va\u0161oj dr&#382;avi ne samo da vam se zahvalim, ve&cacute; i da vas odlikujem za va\u0161e juna\u0161tvo, va\u0161u hrabrost i humanu du\u0161u, koje ste dokazali pre dve decenije. &Zcaron;elim vam da u va\u0161em anga&#382;manu bude \u0161to manje potrebe za ovakvim akcijama. &Zcaron;elim da mir koji se svakodnevno izaziva, trijumfuje i da ljudi svuda na planeti &#382;ive u miru i slozi!<br \/>\n\u00a0<br \/>\nPo\u0161tovani vojnici,<br \/>\n\u00a0<br \/>\nSa pozicije vrhovnog komandanta Vojske Kosova, poru&ccaron;ujem vam da nam je ponovo potrebna va\u0161a pomo&cacute;. Ovog puta ne da bismo spasili svoje &#382;ivote, ve&cacute; da biste izgradili partnerstvo sa na\u0161om vojskom. Kosovske bezbednosne snage pro\u0161iruju svoje kapacitete i nalaze se u procesu transformacije. Na\u0161i vojnici su se upravo vratili iz mirovne misije zajedno sa ameri&ccaron;kom vojskom u Kuvajtu. Potpuno sam uverena da na\u0161a vojska mo&#382;e imati velike koristi od iskustva va\u0161e vojske.<br \/>\nPored saradnje na vojnom planu, &#382;elim da u bliskoj budu&cacute;nosti vidim na\u0161e snage uz va\u0161e snage u NATO-u. Ovaj savez je na\u0161 strate\u0161ki cilj i interes.<br \/>\nIzgradili smo vojsku, koja je sposobna ne samo da brani teritorijalni integritet na\u0161e zemlje, ve&cacute; i da postane branilac mira gde god je to potrebno.<br \/>\nIntervenisali ste sa NATO-om,\u00a0 a mi &#382;elimo da se sastanemo sa vama u NATO-u!<br \/>\nBog blagoslovio vojsku Portugalije i Kosova!<br \/>\nBog blagoslovio na\u0161e narode!<br \/>\n\u00a0<br \/>\nLisabon, 29. oktobar 2021. godine<\/p>\n","protected":false},"excerpt":{"rendered":"<p>Po\u0161tovani ministre Gomes Cravinho Po\u0161tovani admirale Silva Ribeiro Uva&#382;eni prisutni,\u00a0 \u00a0 Velika mi je &ccaron;ast \u0161to se nalazim pred va\u0161im trupama, koje su pre 23 godine sa ovog mesta postale deo NATO akcije, u intervenciji &ccaron;iji je cilj bio za\u0161tita i osloba&dstrok;anje od genocidnog re&#382;ima Srbije. Stali ste se na pravu stranu istorije. 1999. godine bili ste na strani pravde, na strani slobode kao univerzalnog prava, na strani za\u0161tite &ccaron;itavog jednog naroda od istrebljenja od strane tiranskog re&#382;ima. Klanjam se pred vama i srda&ccaron;no vam zahvaljujem u svoje ime, kao predsednica Kosova i u ime naroda koji predstavljam! U vreme kada nije bilo linije koja razdvaja &#382;ivot i smrt,\u00a0 pored toga \u0161to ste nam pomogli da oslobodimo zemlju, postali ste i na\u0161e uto&ccaron;i\u0161te. Jedan broj kosovskih porodica od opasnosti po &#382;ivot, na\u0161ao je uto&ccaron;i\u0161te u Portugalu. Va\u0161a zemlja nam je otvorila vrata i srce. Ve&ccaron;no smo zahvalni! Pored toga, tako&dstrok;e ste doprineli sklapanju mira. Oko 6 hiljada trupa je va\u0161e vojske, koje su slu&#382;ile na Kosovu okviru misije KFOR-a za obezbe&dstrok;ivanje mirnog i stabilnog okru&#382;enja. Pre \u0161est godina, poslednji kontingent portugalske vojske zavr\u0161io je svoju mirovnu misiju na Kosovu, ostavljaju&cacute;i za sobom lepe uspomene svakom gra&dstrok;aninu Kosova. Hvala vam hiljadu puta na va\u0161em vrednom doprinosu! U se&cacute;anju svakog Kosovara uvek &cacute;ete imati posebno mesto! Uspe\u0161no ste zavr\u0161ili, koliko izazovnu, toliko i plemenitu misiju. Ispoljili ste dostojanstvo i ponos, postav\u0161i &ccaron;uvari slobode, s toga sam danas ovde pred vama u svojoj prvoj poseti va\u0161oj dr&#382;avi ne samo da vam se zahvalim, ve&cacute; i da vas odlikujem za va\u0161e juna\u0161tvo, va\u0161u hrabrost i humanu du\u0161u, koje ste dokazali pre dve decenije. &Zcaron;elim vam da u va\u0161em anga&#382;manu bude \u0161to manje potrebe za ovakvim akcijama. &Zcaron;elim da mir koji se svakodnevno izaziva, trijumfuje i da ljudi svuda na planeti &#382;ive u miru i slozi! \u00a0 Po\u0161tovani vojnici, \u00a0 Sa pozicije vrhovnog komandanta Vojske Kosova, poru&ccaron;ujem vam da nam je ponovo potrebna va\u0161a pomo&cacute;. Ovog puta ne da bismo spasili svoje &#382;ivote, ve&cacute; da biste izgradili partnerstvo sa na\u0161om vojskom. Kosovske bezbednosne snage pro\u0161iruju svoje kapacitete i nalaze se u procesu transformacije. Na\u0161i vojnici su se upravo vratili iz mirovne misije zajedno sa ameri&ccaron;kom vojskom u Kuvajtu. Potpuno sam uverena da na\u0161a vojska mo&#382;e imati velike koristi od iskustva va\u0161e vojske. Pored saradnje na vojnom planu, &#382;elim da u bliskoj budu&cacute;nosti vidim na\u0161e snage uz va\u0161e snage u NATO-u. Ovaj savez je na\u0161 strate\u0161ki cilj i interes. Izgradili smo vojsku, koja je sposobna ne samo da brani teritorijalni integritet na\u0161e zemlje, ve&cacute; i da postane branilac mira gde god je to potrebno. Intervenisali ste sa NATO-om,\u00a0 a mi &#382;elimo da se sastanemo sa vama u NATO-u! Bog blagoslovio vojsku Portugalije i Kosova! Bog blagoslovio na\u0161e narode! \u00a0 Lisabon, 29. oktobar 2021. godine<\/p>\n","protected":false},"author":1,"featured_media":17752,"comment_status":"open","ping_status":"closed","sticky":false,"template":"","format":"standard","meta":{"_eb_attr":"","footnotes":""},"categories":[101],"tags":[],"class_list":["post-74712","post","type-post","status-publish","format-standard","has-post-thumbnail","hentry","category-vesti"],"yoast_head":"<!-- This site is optimized with the Yoast SEO plugin v23.5 - https:\/\/yoast.com\/wordpress\/plugins\/seo\/ -->\n<title>Govor predsednice Republike Kosovo Vjose Osmani na ceremoniji uru&amp;ccaron;enja Vojne medalje portugalskim trupama koje su slu&#158;ile na Kosovu - Predsednik Republike Kosovo - DR. VJOSA OSMANI - SADRIU<\/title>\n<meta name=\"description\" content=\"Govor predsednice Republike Kosovo Vjose Osmani na ceremoniji uru&amp;ccaron;enja Vojne medalje portugalskim trupama koje su slu&#158;ile na Kosovu - Predsednik Republike Kosovo - DR. VJOSA OSMANI - SADRIU -\" \/>\n<meta name=\"robots\" content=\"index, follow, max-snippet:-1, max-image-preview:large, max-video-preview:-1\" \/>\n<link rel=\"canonical\" href=\"https:\/\/president-ksgov.net\/sr\/govor-predsednice-republike-kosovo-vjose-osmani-na-ceremoniji-uruenja-vojne-medalje-portugalskim-trupama-koje-su-sluile-na-kosovu\/\" \/>\n<meta property=\"og:locale\" content=\"sr_RS\" \/>\n<meta property=\"og:type\" content=\"article\" \/>\n<meta property=\"og:title\" content=\"Govor predsednice Republike Kosovo Vjose Osmani na ceremoniji uru&amp;ccaron;enja Vojne medalje portugalskim trupama koje su slu&#158;ile na Kosovu - Predsednik Republike Kosovo - DR. VJOSA OSMANI - SADRIU\" \/>\n<meta property=\"og:description\" content=\"Govor predsednice Republike Kosovo Vjose Osmani na ceremoniji uru&amp;ccaron;enja Vojne medalje portugalskim trupama koje su slu&#158;ile na Kosovu - Predsednik Republike Kosovo - DR. VJOSA OSMANI - SADRIU -\" \/>\n<meta property=\"og:url\" content=\"https:\/\/president-ksgov.net\/sr\/govor-predsednice-republike-kosovo-vjose-osmani-na-ceremoniji-uruenja-vojne-medalje-portugalskim-trupama-koje-su-sluile-na-kosovu\/\" \/>\n<meta property=\"og:site_name\" content=\"Predsednik Republike Kosovo - DR. VJOSA OSMANI - SADRIU\" \/>\n<meta property=\"article:published_time\" content=\"2021-11-01T11:04:23+00:00\" \/>\n<meta property=\"og:image\" content=\"https:\/\/president-ksgov.net\/wp-content\/uploads\/01_11_2021_7291583_8___249274484_426026885548523_698778698456580784_n.jpg\" \/>\n\t<meta property=\"og:image:width\" content=\"960\" \/>\n\t<meta property=\"og:image:height\" content=\"638\" \/>\n\t<meta property=\"og:image:type\" content=\"image\/jpeg\" \/>\n<meta name=\"author\" content=\"admin\" \/>\n<meta name=\"twitter:card\" content=\"summary_large_image\" \/>\n<meta name=\"twitter:label1\" content=\"\u041d\u0430\u043f\u0438\u0441\u0430\u043d\u043e \u043e\u0434\" \/>\n\t<meta name=\"twitter:data1\" content=\"admin\" \/>\n\t<meta name=\"twitter:label2\" content=\"\u041f\u0440\u043e\u0446\u0435\u045a\u0435\u043d\u043e \u0432\u0440\u0435\u043c\u0435 \u0447\u0438\u0442\u0430\u045a\u0430\" \/>\n\t<meta name=\"twitter:data2\" content=\"3 \u043c\u0438\u043d\u0443\u0442\u0430\" \/>\n<script type=\"application\/ld+json\" class=\"yoast-schema-graph\">{\"@context\":\"https:\/\/schema.org\",\"@graph\":[{\"@type\":\"WebPage\",\"@id\":\"https:\/\/president-ksgov.net\/sr\/govor-predsednice-republike-kosovo-vjose-osmani-na-ceremoniji-uruenja-vojne-medalje-portugalskim-trupama-koje-su-sluile-na-kosovu\/\",\"url\":\"https:\/\/president-ksgov.net\/sr\/govor-predsednice-republike-kosovo-vjose-osmani-na-ceremoniji-uruenja-vojne-medalje-portugalskim-trupama-koje-su-sluile-na-kosovu\/\",\"name\":\"Govor predsednice Republike Kosovo Vjose Osmani na ceremoniji uru&ccaron;enja Vojne medalje portugalskim trupama koje su slu&#158;ile na Kosovu - Predsednik Republike Kosovo - DR. VJOSA OSMANI - SADRIU\",\"isPartOf\":{\"@id\":\"https:\/\/president-ksgov.net\/#website\"},\"primaryImageOfPage\":{\"@id\":\"https:\/\/president-ksgov.net\/sr\/govor-predsednice-republike-kosovo-vjose-osmani-na-ceremoniji-uruenja-vojne-medalje-portugalskim-trupama-koje-su-sluile-na-kosovu\/#primaryimage\"},\"image\":{\"@id\":\"https:\/\/president-ksgov.net\/sr\/govor-predsednice-republike-kosovo-vjose-osmani-na-ceremoniji-uruenja-vojne-medalje-portugalskim-trupama-koje-su-sluile-na-kosovu\/#primaryimage\"},\"thumbnailUrl\":\"https:\/\/president-ksgov.net\/wp-content\/uploads\/01_11_2021_7291583_8___249274484_426026885548523_698778698456580784_n.jpg\",\"datePublished\":\"2021-11-01T11:04:23+00:00\",\"dateModified\":\"2021-11-01T11:04:23+00:00\",\"author\":{\"@id\":\"https:\/\/president-ksgov.net\/#\/schema\/person\/bb4337a5fb147cb2046d80548172cbee\"},\"description\":\"Govor predsednice Republike Kosovo Vjose Osmani na ceremoniji uru&ccaron;enja Vojne medalje portugalskim trupama koje su slu&#158;ile na Kosovu - Predsednik Republike Kosovo - DR. VJOSA OSMANI - SADRIU -\",\"breadcrumb\":{\"@id\":\"https:\/\/president-ksgov.net\/sr\/govor-predsednice-republike-kosovo-vjose-osmani-na-ceremoniji-uruenja-vojne-medalje-portugalskim-trupama-koje-su-sluile-na-kosovu\/#breadcrumb\"},\"inLanguage\":\"sr-RS\",\"potentialAction\":[{\"@type\":\"ReadAction\",\"target\":[\"https:\/\/president-ksgov.net\/sr\/govor-predsednice-republike-kosovo-vjose-osmani-na-ceremoniji-uruenja-vojne-medalje-portugalskim-trupama-koje-su-sluile-na-kosovu\/\"]}]},{\"@type\":\"ImageObject\",\"inLanguage\":\"sr-RS\",\"@id\":\"https:\/\/president-ksgov.net\/sr\/govor-predsednice-republike-kosovo-vjose-osmani-na-ceremoniji-uruenja-vojne-medalje-portugalskim-trupama-koje-su-sluile-na-kosovu\/#primaryimage\",\"url\":\"https:\/\/president-ksgov.net\/wp-content\/uploads\/01_11_2021_7291583_8___249274484_426026885548523_698778698456580784_n.jpg\",\"contentUrl\":\"https:\/\/president-ksgov.net\/wp-content\/uploads\/01_11_2021_7291583_8___249274484_426026885548523_698778698456580784_n.jpg\",\"width\":960,\"height\":638},{\"@type\":\"BreadcrumbList\",\"@id\":\"https:\/\/president-ksgov.net\/sr\/govor-predsednice-republike-kosovo-vjose-osmani-na-ceremoniji-uruenja-vojne-medalje-portugalskim-trupama-koje-su-sluile-na-kosovu\/#breadcrumb\",\"itemListElement\":[{\"@type\":\"ListItem\",\"position\":1,\"name\":\"Home\",\"item\":\"https:\/\/president-ksgov.net\/sr\/\"},{\"@type\":\"ListItem\",\"position\":2,\"name\":\"Govor predsednice Republike Kosovo Vjose Osmani na ceremoniji uru&ccaron;enja Vojne medalje portugalskim trupama koje su slu&#158;ile na Kosovu\"}]},{\"@type\":\"WebSite\",\"@id\":\"https:\/\/president-ksgov.net\/#website\",\"url\":\"https:\/\/president-ksgov.net\/\",\"name\":\"Presidente e Republik\u00ebs s\u00eb Kosov\u00ebs\",\"description\":\"Presidente e Republik\u00ebs s\u00eb Kosov\u00ebs\",\"alternateName\":\"DR. VJOSA OSMANI - SADRIU\",\"potentialAction\":[{\"@type\":\"SearchAction\",\"target\":{\"@type\":\"EntryPoint\",\"urlTemplate\":\"https:\/\/president-ksgov.net\/?s={search_term_string}\"},\"query-input\":{\"@type\":\"PropertyValueSpecification\",\"valueRequired\":true,\"valueName\":\"search_term_string\"}}],\"inLanguage\":\"sr-RS\"},{\"@type\":\"Person\",\"@id\":\"https:\/\/president-ksgov.net\/#\/schema\/person\/bb4337a5fb147cb2046d80548172cbee\",\"name\":\"admin\",\"image\":{\"@type\":\"ImageObject\",\"inLanguage\":\"sr-RS\",\"@id\":\"https:\/\/president-ksgov.net\/#\/schema\/person\/image\/\",\"url\":\"https:\/\/secure.gravatar.com\/avatar\/36156ca0fa3b8d9d25174f146e16beea0cf28f37adf1b9e19b6c9c279a7c9dd3?s=96&d=mm&r=g\",\"contentUrl\":\"https:\/\/secure.gravatar.com\/avatar\/36156ca0fa3b8d9d25174f146e16beea0cf28f37adf1b9e19b6c9c279a7c9dd3?s=96&d=mm&r=g\",\"caption\":\"admin\"},\"sameAs\":[\"https:\/\/president-ksgov.net\"]}]}<\/script>\n<!-- \/ Yoast SEO plugin. -->","yoast_head_json":{"title":"Govor predsednice Republike Kosovo Vjose Osmani na ceremoniji uru&ccaron;enja Vojne medalje portugalskim trupama koje su slu&#158;ile na Kosovu - Predsednik Republike Kosovo - DR. VJOSA OSMANI - SADRIU","description":"Govor predsednice Republike Kosovo Vjose Osmani na ceremoniji uru&ccaron;enja Vojne medalje portugalskim trupama koje su slu&#158;ile na Kosovu - Predsednik Republike Kosovo - DR. VJOSA OSMANI - SADRIU -","robots":{"index":"index","follow":"follow","max-snippet":"max-snippet:-1","max-image-preview":"max-image-preview:large","max-video-preview":"max-video-preview:-1"},"canonical":"https:\/\/president-ksgov.net\/sr\/govor-predsednice-republike-kosovo-vjose-osmani-na-ceremoniji-uruenja-vojne-medalje-portugalskim-trupama-koje-su-sluile-na-kosovu\/","og_locale":"sr_RS","og_type":"article","og_title":"Govor predsednice Republike Kosovo Vjose Osmani na ceremoniji uru&ccaron;enja Vojne medalje portugalskim trupama koje su slu&#158;ile na Kosovu - Predsednik Republike Kosovo - DR. VJOSA OSMANI - SADRIU","og_description":"Govor predsednice Republike Kosovo Vjose Osmani na ceremoniji uru&ccaron;enja Vojne medalje portugalskim trupama koje su slu&#158;ile na Kosovu - Predsednik Republike Kosovo - DR. VJOSA OSMANI - SADRIU -","og_url":"https:\/\/president-ksgov.net\/sr\/govor-predsednice-republike-kosovo-vjose-osmani-na-ceremoniji-uruenja-vojne-medalje-portugalskim-trupama-koje-su-sluile-na-kosovu\/","og_site_name":"Predsednik Republike Kosovo - DR. VJOSA OSMANI - SADRIU","article_published_time":"2021-11-01T11:04:23+00:00","og_image":[{"width":960,"height":638,"url":"https:\/\/president-ksgov.net\/wp-content\/uploads\/01_11_2021_7291583_8___249274484_426026885548523_698778698456580784_n.jpg","type":"image\/jpeg"}],"author":"admin","twitter_card":"summary_large_image","twitter_misc":{"\u041d\u0430\u043f\u0438\u0441\u0430\u043d\u043e \u043e\u0434":"admin","\u041f\u0440\u043e\u0446\u0435\u045a\u0435\u043d\u043e \u0432\u0440\u0435\u043c\u0435 \u0447\u0438\u0442\u0430\u045a\u0430":"3 \u043c\u0438\u043d\u0443\u0442\u0430"},"schema":{"@context":"https:\/\/schema.org","@graph":[{"@type":"WebPage","@id":"https:\/\/president-ksgov.net\/sr\/govor-predsednice-republike-kosovo-vjose-osmani-na-ceremoniji-uruenja-vojne-medalje-portugalskim-trupama-koje-su-sluile-na-kosovu\/","url":"https:\/\/president-ksgov.net\/sr\/govor-predsednice-republike-kosovo-vjose-osmani-na-ceremoniji-uruenja-vojne-medalje-portugalskim-trupama-koje-su-sluile-na-kosovu\/","name":"Govor predsednice Republike Kosovo Vjose Osmani na ceremoniji uru&ccaron;enja Vojne medalje portugalskim trupama koje su slu&#158;ile na Kosovu - Predsednik Republike Kosovo - DR. VJOSA OSMANI - SADRIU","isPartOf":{"@id":"https:\/\/president-ksgov.net\/#website"},"primaryImageOfPage":{"@id":"https:\/\/president-ksgov.net\/sr\/govor-predsednice-republike-kosovo-vjose-osmani-na-ceremoniji-uruenja-vojne-medalje-portugalskim-trupama-koje-su-sluile-na-kosovu\/#primaryimage"},"image":{"@id":"https:\/\/president-ksgov.net\/sr\/govor-predsednice-republike-kosovo-vjose-osmani-na-ceremoniji-uruenja-vojne-medalje-portugalskim-trupama-koje-su-sluile-na-kosovu\/#primaryimage"},"thumbnailUrl":"https:\/\/president-ksgov.net\/wp-content\/uploads\/01_11_2021_7291583_8___249274484_426026885548523_698778698456580784_n.jpg","datePublished":"2021-11-01T11:04:23+00:00","dateModified":"2021-11-01T11:04:23+00:00","author":{"@id":"https:\/\/president-ksgov.net\/#\/schema\/person\/bb4337a5fb147cb2046d80548172cbee"},"description":"Govor predsednice Republike Kosovo Vjose Osmani na ceremoniji uru&ccaron;enja Vojne medalje portugalskim trupama koje su slu&#158;ile na Kosovu - Predsednik Republike Kosovo - DR. VJOSA OSMANI - SADRIU -","breadcrumb":{"@id":"https:\/\/president-ksgov.net\/sr\/govor-predsednice-republike-kosovo-vjose-osmani-na-ceremoniji-uruenja-vojne-medalje-portugalskim-trupama-koje-su-sluile-na-kosovu\/#breadcrumb"},"inLanguage":"sr-RS","potentialAction":[{"@type":"ReadAction","target":["https:\/\/president-ksgov.net\/sr\/govor-predsednice-republike-kosovo-vjose-osmani-na-ceremoniji-uruenja-vojne-medalje-portugalskim-trupama-koje-su-sluile-na-kosovu\/"]}]},{"@type":"ImageObject","inLanguage":"sr-RS","@id":"https:\/\/president-ksgov.net\/sr\/govor-predsednice-republike-kosovo-vjose-osmani-na-ceremoniji-uruenja-vojne-medalje-portugalskim-trupama-koje-su-sluile-na-kosovu\/#primaryimage","url":"https:\/\/president-ksgov.net\/wp-content\/uploads\/01_11_2021_7291583_8___249274484_426026885548523_698778698456580784_n.jpg","contentUrl":"https:\/\/president-ksgov.net\/wp-content\/uploads\/01_11_2021_7291583_8___249274484_426026885548523_698778698456580784_n.jpg","width":960,"height":638},{"@type":"BreadcrumbList","@id":"https:\/\/president-ksgov.net\/sr\/govor-predsednice-republike-kosovo-vjose-osmani-na-ceremoniji-uruenja-vojne-medalje-portugalskim-trupama-koje-su-sluile-na-kosovu\/#breadcrumb","itemListElement":[{"@type":"ListItem","position":1,"name":"Home","item":"https:\/\/president-ksgov.net\/sr\/"},{"@type":"ListItem","position":2,"name":"Govor predsednice Republike Kosovo Vjose Osmani na ceremoniji uru&ccaron;enja Vojne medalje portugalskim trupama koje su slu&#158;ile na Kosovu"}]},{"@type":"WebSite","@id":"https:\/\/president-ksgov.net\/#website","url":"https:\/\/president-ksgov.net\/","name":"Presidente e Republik\u00ebs s\u00eb Kosov\u00ebs","description":"Presidente e Republik\u00ebs s\u00eb Kosov\u00ebs","alternateName":"DR. VJOSA OSMANI - SADRIU","potentialAction":[{"@type":"SearchAction","target":{"@type":"EntryPoint","urlTemplate":"https:\/\/president-ksgov.net\/?s={search_term_string}"},"query-input":{"@type":"PropertyValueSpecification","valueRequired":true,"valueName":"search_term_string"}}],"inLanguage":"sr-RS"},{"@type":"Person","@id":"https:\/\/president-ksgov.net\/#\/schema\/person\/bb4337a5fb147cb2046d80548172cbee","name":"admin","image":{"@type":"ImageObject","inLanguage":"sr-RS","@id":"https:\/\/president-ksgov.net\/#\/schema\/person\/image\/","url":"https:\/\/secure.gravatar.com\/avatar\/36156ca0fa3b8d9d25174f146e16beea0cf28f37adf1b9e19b6c9c279a7c9dd3?s=96&d=mm&r=g","contentUrl":"https:\/\/secure.gravatar.com\/avatar\/36156ca0fa3b8d9d25174f146e16beea0cf28f37adf1b9e19b6c9c279a7c9dd3?s=96&d=mm&r=g","caption":"admin"},"sameAs":["https:\/\/president-ksgov.net"]}]}},"_links":{"self":[{"href":"https:\/\/president-ksgov.net\/sr\/wp-json\/wp\/v2\/posts\/74712","targetHints":{"allow":["GET"]}}],"collection":[{"href":"https:\/\/president-ksgov.net\/sr\/wp-json\/wp\/v2\/posts"}],"about":[{"href":"https:\/\/president-ksgov.net\/sr\/wp-json\/wp\/v2\/types\/post"}],"author":[{"embeddable":true,"href":"https:\/\/president-ksgov.net\/sr\/wp-json\/wp\/v2\/users\/1"}],"replies":[{"embeddable":true,"href":"https:\/\/president-ksgov.net\/sr\/wp-json\/wp\/v2\/comments?post=74712"}],"version-history":[{"count":0,"href":"https:\/\/president-ksgov.net\/sr\/wp-json\/wp\/v2\/posts\/74712\/revisions"}],"wp:featuredmedia":[{"embeddable":true,"href":"https:\/\/president-ksgov.net\/sr\/wp-json\/wp\/v2\/media\/17752"}],"wp:attachment":[{"href":"https:\/\/president-ksgov.net\/sr\/wp-json\/wp\/v2\/media?parent=74712"}],"wp:term":[{"taxonomy":"category","embeddable":true,"href":"https:\/\/president-ksgov.net\/sr\/wp-json\/wp\/v2\/categories?post=74712"},{"taxonomy":"post_tag","embeddable":true,"href":"https:\/\/president-ksgov.net\/sr\/wp-json\/wp\/v2\/tags?post=74712"}],"curies":[{"name":"wp","href":"https:\/\/api.w.org\/{rel}","templated":true}]}}