{"id":74674,"date":"2021-11-26T13:11:57","date_gmt":"2021-11-26T13:11:57","guid":{"rendered":"https:\/\/dev.president-ksgov.net\/govor-predsednice-osmani-na-diskusiji-imovinska-prava-i-nasilje-u-porodici-2\/"},"modified":"2021-11-26T13:11:57","modified_gmt":"2021-11-26T13:11:57","slug":"govor-predsednice-osmani-na-diskusiji-imovinska-prava-i-nasilje-u-porodici-2","status":"publish","type":"post","link":"https:\/\/president-ksgov.net\/sr\/govor-predsednice-osmani-na-diskusiji-imovinska-prava-i-nasilje-u-porodici-2\/","title":{"rendered":"Govor predsednice Osmani na diskusiji \u201eImovinska prava i nasilje u porodici\u201c"},"content":{"rendered":"<p>Uva&#382;eni g. Wigemark,<br \/>\nUva&#382;ene ambasadorke,<br \/>\nVeoma uva&#382;eni u&ccaron;esnici iz doma&cacute;ih institucija,\u00a0Dame i gospodo!<br \/>\nHvala vam na dana\u0161njem pozivu!\u00a0<br \/>\nDiskusija o imovinskim pravima u okviru 16 dana aktivizma protiv rodno zasnovanog nasilja predstavlja preno\u0161enje jasne poruke da su ekonomsko osna&#382;ivanje i rodna ravnopravnost klju&ccaron;ni preduslovi za stvaranja dru\u0161tva u kojem se devojke i &#382;ene ose&cacute;aju i bezbedne, ali i osna&#382;ene. Takve diskusije slu&#382;e na\u0161em zajedni&ccaron;kom kona&ccaron;nom cilju. Odnosno, ove diskusije dodatno osna&#382;uju na\u0161e napore za borbu protiv nasilja nad &#382;enama i devojkama, poja\u0161njavaju&cacute;i jednom i zauvek da se ne mo&#382;e dalje tolerisati da nasledno pravo i imovinska prava ostaju taoci rodne diskriminacije. I, da pitanje nasledstva nije samo izolovano pitanje, jer imovina realno predstavlja, pre svega, instrument ekonomskog osna&#382;ivanja i stabilnosti.\u00a0\u00a0<br \/>\n\u00a0<br \/>\n&Zcaron;ene i devojke, kao \u0161to smo mnogo puta &ccaron;uli, nesumnjivo su sna&#382;an stub na\u0161eg dru\u0161tva. Njihovo ravnopravno u&ccaron;e\u0161&cacute;e u svakom procesu, uporedo sa mu\u0161karcima, doprinosi ne samo dobrobiti porodice, ve&cacute; i celog na\u0161eg dru\u0161tva i ekonomije u celini. Ovaj doprinos sadr&#382;i u sebi i nasledstvo, kao i imovinska prava, koje su nesumnjivo za\u0161tita i garancija za dobrobit, nezavisnost i integritet i dostojanstvo. Tako, imovina stvara mogu&cacute;nosti za ekonomsku nezavisnost i osna&#382;ivanje glasa &#382;ena i devojaka protiv nepravdi i nejednakosti.<br \/>\nKao rezultat jo\u0161 uvek prisutnog patrijarhalnog i diskriminatornog pristupa u pogledu imovinskih prava, trenutno stanje u vezi sa nasle&dstrok;ivanjem imovine i dalje je nezadovoljavaju&cacute;e. Veoma mali procenat imovine roditelja nasle&dstrok;uju devojke, a tako&dstrok;e veoma mali procenat &#382;ena su vlasnice imovina.\u00a0\u00a0<br \/>\n\u00a0<br \/>\nA takva situacija, na&#382;alost, ne razlikuje se mnogo od mentaliteta koji je dominirao kada je zakon donosio Kanun i kada su imovinska prava zavisila od pola, starosti i zdravstvenog stanja, dok je tada prednost data mu\u0161kom polu. Tako se \u201eimovina i imanje\u201c i kako se to zvalo \u201evladanje sopstvenom ku&cacute;om\u201c, moglo dati u posed 15-godi\u0161njaku, dakle momku, ali ne i devojci ili &#382;eni.<br \/>\n\u00a0<br \/>\nUprkos na\u0161im naprednim zakonima, posledice ovakve obi&ccaron;ajne definicije se ispoljavaju i danas su prisutne u praksi, zaobilaze&cacute;i priliku koja se pru&#382;a na osnovu zakonskog okvira. Stoga, podaci o posedovanju imovine od strane devojaka i &#382;ena u na\u0161oj zemlji su na veoma niskom nivou, koji tako&dstrok;e predstavlja zabrinjavaju&cacute;i nivo.<br \/>\n\u00a0<br \/>\nDakle, bez obzira na pravni osnov, bez obzira na to da Ustav Kosova jasno zabranjuje diskriminaciju, kodeks obi&ccaron;aja je veoma relevantan u mnogim delovima dru\u0161tva.\u00a0\u00a0\u00a0<br \/>\nMe&dstrok;utim, ne mo&#382;emo pore&cacute;i i spor napredak, koji je ipak prisutan. Podaci pokazuju porast broja &#382;ena koje su pokrenule zahteve za nasledstvo. Istovremeno, udvostru&ccaron;en je broj &#382;ena koje su izve\u0161tavale da su nasledile imovinu. Upravo ove pozitivne pomake treba evidentirati, pozdraviti, ali pre svega umno&#382;avati.<br \/>\n\u00a0<br \/>\n&Zcaron;ene i devojke treba da budu odlu&ccaron;ne u ostvarivanju svojih imovinskih prava, jer imovinu ne treba videti kao poklon. To je ste&ccaron;eno pravo. Trebalo bi da bude jasno da je imovina prilika da se ispolji integritet u suo&ccaron;avanju sa elementima patrijarhalizma.<br \/>\nI dok dru\u0161tvo postepeno internalizuje va&#382;nost onoga o &ccaron;emu danas razgovaramo, to smo mi, institucije, koje treba da budemo mnogo odlu&ccaron;nije da se sprovodi zakonodavstvo, da se menja i napreduje tamo gde je potrebno, da se nadgleda uskla&dstrok;enost, kao i da obezbedimo pravednu i nediskriminatornu podelu nasledstva. Kona&ccaron;no, pravosudni sistem mora pravi&ccaron;no, efikasno i bez odlaganja tretirati zahteve za imovinska prava &#382;ena. A ova posve&cacute;enost mora da prevazi&dstrok;e sve dru\u0161tvene podele, uveravanjem da su imovinska prava obezbe&dstrok;ena i zagarantovana i za neve&cacute;inske zajednice.<br \/>\nUva&#382;eni u&ccaron;esnici,<br \/>\nNedostatak efikasnog sistema imovinskih prava i nedostatak sistematske koordinacije u borbi protiv nasilja u porodici oslabljuje vladavinu prava, negativno uti&ccaron;e na po\u0161tovanje ljudskih prava, oslabljuje polo&#382;aj &#382;ena, a samim tim i rodnu ravnopravnost u dru\u0161tvu, i tako&dstrok;e ometa odr&#382;ivi ekonomski rast i kolektivno blagostanje, jer su svi oni me&dstrok;usobno povezani, i svi imaju svoju polaznu ta&ccaron;ku u jednakosti. Dok je jednakost nemogu&cacute;a bez ekonomskog osna&#382;ivanja, bez po\u0161tovanja imovinskih prava.<br \/>\n\u00a0<br \/>\nKosovo ve&cacute; ima paket zakona koji ure&dstrok;uju ovu oblast, ali to treba da prati i podizanje svesti u na\u0161em dru\u0161tvu.<br \/>\n\u00a0<br \/>\nEkonomski prosperitet na\u0161e zemlje se gradi na osnovu jednakih mogu&cacute;nosti i \u0161ansi, dok je jednako pravo na imovinu va&#382;an stub koji garantuje uspeh na\u0161ih napora u ovom pravcu. Svojina je mnogo vi\u0161e od posedovanja posedovnog lista. Imovina je ekonomska garancija, ona je kolateral koji olak\u0161ava pristup finansijskim instrumentima, ona je potvrda osna&#382;enog statusa u dru\u0161tvu. A povremeno, upravo to mo&#382;e napraviti podelu izme&dstrok;u &#382;ivota i smrti, pru&#382;aju&cacute;i uto&ccaron;i\u0161te za jednu devojku ili &#382;enu koja je &#382;rtva nasilja, kao i priliku da pobegne od nasilja.<br \/>\nU odnosu na prethodne godine, pove&cacute;an je broj &#382;ena koje prijavljuju slu&ccaron;ajeve nasilja. Izolacija tokom pandemije smatra se jednim od glavnih doprinosilaca u ovom pracu. I &ccaron;esto, nemogu&cacute;nost da imate svoje skloni\u0161te kao &#382;ena, pogor\u0161ava situaciju jo\u0161 vi\u0161e. Dakle, nije re&ccaron; samo o imovinskim pravima, ve&cacute;, pre svega, o prilici da ka&#382;emo \u201eStop nasilju\u201c \u2013 Ali ni\u0161ta ne po&ccaron;inje niti se zavr\u0161ava imovinom. Danas, vi\u0161e nego ikad, nama je potrebna sveobuhvatna mobilizacija na\u0161eg dru\u0161tva i institucija Republike Kosovo za borbu protiv rodno zasnovanog nasilja. Ovih 16 dana aktivizma, a zapravo 365 dana u godini, treba delovati, kako bismo ohrabrili &#382;ene i devojke da prijave slu&ccaron;ajeve zlostavljanja, da podsti&ccaron;emo njihovo poverenje u institucije koje se bave njima. Iz tog razloga, neophodno je obezbediti sveobuhvatne, i pre svega, efikasne mehanizme za brzo reagovanje na slu&ccaron;ajeve nasilja u porodici, kao i podizanje svesti javnosti o neprihvatanju i netoleranciji nasilja u porodici, kakvo god ono bilo.<br \/>\n\u00a0<br \/>\nNa kraju, dokle god radimo u ovom pravcu, krajnje je vreme da se borimo protiv takozvanog mentaliteta \u201esramote\u201c i \u201e&ccaron;asti\u201c, i da prihvatimo &#382;ivotne vrednosti, i pre svega \u0161tite&cacute;i &#382;ivot. Sramota je nasilje, osim krivi&ccaron;nog dela. Sramota je nedostatak pove&cacute;anja broja devojaka i &#382;ena koje su naslednice i koje poseduju imovinu, a &ccaron;ast da pogledamo kroz prizmu &ccaron;asti koji &cacute;e svako od nas u&ccaron;initi svom dru\u0161tvu osna&#382;ivanjem devojaka i &#382;ena, garantovanjem imovinskih prava i eliminisanjem nasilja nad njima.<br \/>\n\u00a0<br \/>\nDanas vam sa ove govornice potvr&dstrok;ujem da &cacute;u se kao predsednica zemlje, zajedno sa drugim institucijama, anga&#382;ovati svakog mog radnog dana, da &#382;ene budu za\u0161ti&cacute;ene od nasilja, da se ovo nasilje elimini\u0161e, i da se njihova prava po\u0161tuju. Tako&dstrok;e pozivam pravosudne institucije da slu&ccaron;ajeve nasilja nad &#382;enama tretiraju sa prioritetom, a da po&ccaron;inioci dobiju zaslu&#382;ene kazne. Jer, mnogi slu&ccaron;ajevi nasilja nad &#382;enama, a na&#382;alost i ubistva, mogli bi se spre&ccaron;iti, kada bi nadle&#382;ne institucije uradile posao kako je trebalo, i kada je trebalo.<br \/>\n\u00a0<br \/>\n&Cacute;utanje na nepravde i nejednakosti nikada nije trebalo da bude alternativa, jer su &cacute;utanje i neka&#382;njivost podsticanje za po&ccaron;inioce nasilja \u2013 i tako se oni toleri\u0161u da nastavljaju dalje, a &ccaron;esto na kraju i da ubijaju &#382;ene. Stoga, jo\u0161 jednom, ovih 16 dana aktivizmom, i 365 dana svake godine konkretnim delima, da se ujedinimo protiv rodno zasnovanog nasilja i nepravdi. Da se mobilizujemo da se &#382;ene i devojke ose&cacute;aju bezbedno u svojim domovima, na svom poslu i svuda drugde.<br \/>\nHvala Vam!<\/p>\n","protected":false},"excerpt":{"rendered":"<p>Uva&#382;eni g. Wigemark, Uva&#382;ene ambasadorke, Veoma uva&#382;eni u&ccaron;esnici iz doma&cacute;ih institucija,\u00a0Dame i gospodo! Hvala vam na dana\u0161njem pozivu!\u00a0 Diskusija o imovinskim pravima u okviru 16 dana aktivizma protiv rodno zasnovanog nasilja predstavlja preno\u0161enje jasne poruke da su ekonomsko osna&#382;ivanje i rodna ravnopravnost klju&ccaron;ni preduslovi za stvaranja dru\u0161tva u kojem se devojke i &#382;ene ose&cacute;aju i bezbedne, ali i osna&#382;ene. Takve diskusije slu&#382;e na\u0161em zajedni&ccaron;kom kona&ccaron;nom cilju. Odnosno, ove diskusije dodatno osna&#382;uju na\u0161e napore za borbu protiv nasilja nad &#382;enama i devojkama, poja\u0161njavaju&cacute;i jednom i zauvek da se ne mo&#382;e dalje tolerisati da nasledno pravo i imovinska prava ostaju taoci rodne diskriminacije. I, da pitanje nasledstva nije samo izolovano pitanje, jer imovina realno predstavlja, pre svega, instrument ekonomskog osna&#382;ivanja i stabilnosti.\u00a0\u00a0 \u00a0 &Zcaron;ene i devojke, kao \u0161to smo mnogo puta &ccaron;uli, nesumnjivo su sna&#382;an stub na\u0161eg dru\u0161tva. Njihovo ravnopravno u&ccaron;e\u0161&cacute;e u svakom procesu, uporedo sa mu\u0161karcima, doprinosi ne samo dobrobiti porodice, ve&cacute; i celog na\u0161eg dru\u0161tva i ekonomije u celini. Ovaj doprinos sadr&#382;i u sebi i nasledstvo, kao i imovinska prava, koje su nesumnjivo za\u0161tita i garancija za dobrobit, nezavisnost i integritet i dostojanstvo. Tako, imovina stvara mogu&cacute;nosti za ekonomsku nezavisnost i osna&#382;ivanje glasa &#382;ena i devojaka protiv nepravdi i nejednakosti. Kao rezultat jo\u0161 uvek prisutnog patrijarhalnog i diskriminatornog pristupa u pogledu imovinskih prava, trenutno stanje u vezi sa nasle&dstrok;ivanjem imovine i dalje je nezadovoljavaju&cacute;e. Veoma mali procenat imovine roditelja nasle&dstrok;uju devojke, a tako&dstrok;e veoma mali procenat &#382;ena su vlasnice imovina.\u00a0\u00a0 \u00a0 A takva situacija, na&#382;alost, ne razlikuje se mnogo od mentaliteta koji je dominirao kada je zakon donosio Kanun i kada su imovinska prava zavisila od pola, starosti i zdravstvenog stanja, dok je tada prednost data mu\u0161kom polu. Tako se \u201eimovina i imanje\u201c i kako se to zvalo \u201evladanje sopstvenom ku&cacute;om\u201c, moglo dati u posed 15-godi\u0161njaku, dakle momku, ali ne i devojci ili &#382;eni. \u00a0 Uprkos na\u0161im naprednim zakonima, posledice ovakve obi&ccaron;ajne definicije se ispoljavaju i danas su prisutne u praksi, zaobilaze&cacute;i priliku koja se pru&#382;a na osnovu zakonskog okvira. Stoga, podaci o posedovanju imovine od strane devojaka i &#382;ena u na\u0161oj zemlji su na veoma niskom nivou, koji tako&dstrok;e predstavlja zabrinjavaju&cacute;i nivo. \u00a0 Dakle, bez obzira na pravni osnov, bez obzira na to da Ustav Kosova jasno zabranjuje diskriminaciju, kodeks obi&ccaron;aja je veoma relevantan u mnogim delovima dru\u0161tva.\u00a0\u00a0\u00a0 Me&dstrok;utim, ne mo&#382;emo pore&cacute;i i spor napredak, koji je ipak prisutan. Podaci pokazuju porast broja &#382;ena koje su pokrenule zahteve za nasledstvo. Istovremeno, udvostru&ccaron;en je broj &#382;ena koje su izve\u0161tavale da su nasledile imovinu. Upravo ove pozitivne pomake treba evidentirati, pozdraviti, ali pre svega umno&#382;avati. \u00a0 &Zcaron;ene i devojke treba da budu odlu&ccaron;ne u ostvarivanju svojih imovinskih prava, jer imovinu ne treba videti kao poklon. To je ste&ccaron;eno pravo. Trebalo bi da bude jasno da je imovina prilika da se ispolji integritet u suo&ccaron;avanju sa elementima patrijarhalizma. I dok dru\u0161tvo postepeno internalizuje va&#382;nost onoga o &ccaron;emu danas razgovaramo, to smo mi, institucije, koje treba da budemo mnogo odlu&ccaron;nije da se sprovodi zakonodavstvo, da se menja i napreduje tamo gde je potrebno, da se nadgleda uskla&dstrok;enost, kao i da obezbedimo pravednu i nediskriminatornu podelu nasledstva. Kona&ccaron;no, pravosudni sistem mora pravi&ccaron;no, efikasno i bez odlaganja tretirati zahteve za imovinska prava &#382;ena. A ova posve&cacute;enost mora da prevazi&dstrok;e sve dru\u0161tvene podele, uveravanjem da su imovinska prava obezbe&dstrok;ena i zagarantovana i za neve&cacute;inske zajednice. Uva&#382;eni u&ccaron;esnici, Nedostatak efikasnog sistema imovinskih prava i nedostatak sistematske koordinacije u borbi protiv nasilja u porodici oslabljuje vladavinu prava, negativno uti&ccaron;e na po\u0161tovanje ljudskih prava, oslabljuje polo&#382;aj &#382;ena, a samim tim i rodnu ravnopravnost u dru\u0161tvu, i tako&dstrok;e ometa odr&#382;ivi ekonomski rast i kolektivno blagostanje, jer su svi oni me&dstrok;usobno povezani, i svi imaju svoju polaznu ta&ccaron;ku u jednakosti. Dok je jednakost nemogu&cacute;a bez ekonomskog osna&#382;ivanja, bez po\u0161tovanja imovinskih prava. \u00a0 Kosovo ve&cacute; ima paket zakona koji ure&dstrok;uju ovu oblast, ali to treba da prati i podizanje svesti u na\u0161em dru\u0161tvu. \u00a0 Ekonomski prosperitet na\u0161e zemlje se gradi na osnovu jednakih mogu&cacute;nosti i \u0161ansi, dok je jednako pravo na imovinu va&#382;an stub koji garantuje uspeh na\u0161ih napora u ovom pravcu. Svojina je mnogo vi\u0161e od posedovanja posedovnog lista. Imovina je ekonomska garancija, ona je kolateral koji olak\u0161ava pristup finansijskim instrumentima, ona je potvrda osna&#382;enog statusa u dru\u0161tvu. A povremeno, upravo to mo&#382;e napraviti podelu izme&dstrok;u &#382;ivota i smrti, pru&#382;aju&cacute;i uto&ccaron;i\u0161te za jednu devojku ili &#382;enu koja je &#382;rtva nasilja, kao i priliku da pobegne od nasilja. U odnosu na prethodne godine, pove&cacute;an je broj &#382;ena koje prijavljuju slu&ccaron;ajeve nasilja. Izolacija tokom pandemije smatra se jednim od glavnih doprinosilaca u ovom pracu. I &ccaron;esto, nemogu&cacute;nost da imate svoje skloni\u0161te kao &#382;ena, pogor\u0161ava situaciju jo\u0161 vi\u0161e. Dakle, nije re&ccaron; samo o imovinskim pravima, ve&cacute;, pre svega, o prilici da ka&#382;emo \u201eStop nasilju\u201c \u2013 Ali ni\u0161ta ne po&ccaron;inje niti se zavr\u0161ava imovinom. Danas, vi\u0161e nego ikad, nama je potrebna sveobuhvatna mobilizacija na\u0161eg dru\u0161tva i institucija Republike Kosovo za borbu protiv rodno zasnovanog nasilja. Ovih 16 dana aktivizma, a zapravo 365 dana u godini, treba delovati, kako bismo ohrabrili &#382;ene i devojke da prijave slu&ccaron;ajeve zlostavljanja, da podsti&ccaron;emo njihovo poverenje u institucije koje se bave njima. Iz tog razloga, neophodno je obezbediti sveobuhvatne, i pre svega, efikasne mehanizme za brzo reagovanje na slu&ccaron;ajeve nasilja u porodici, kao i podizanje svesti javnosti o neprihvatanju i netoleranciji nasilja u porodici, kakvo god ono bilo. \u00a0 Na kraju, dokle god radimo u ovom pravcu, krajnje je vreme da se borimo protiv takozvanog mentaliteta \u201esramote\u201c i \u201e&ccaron;asti\u201c, i da prihvatimo &#382;ivotne vrednosti, i pre svega \u0161tite&cacute;i &#382;ivot. Sramota je nasilje, osim krivi&ccaron;nog dela. Sramota je nedostatak pove&cacute;anja broja devojaka i &#382;ena koje su naslednice i koje poseduju imovinu, a &ccaron;ast da pogledamo kroz prizmu &ccaron;asti koji &cacute;e svako od nas u&ccaron;initi svom dru\u0161tvu osna&#382;ivanjem devojaka i &#382;ena, garantovanjem imovinskih prava i eliminisanjem nasilja nad njima. \u00a0 Danas vam sa ove govornice potvr&dstrok;ujem da &cacute;u se kao predsednica zemlje, zajedno sa drugim institucijama, anga&#382;ovati svakog mog radnog dana, da &#382;ene budu za\u0161ti&cacute;ene od nasilja, da se ovo nasilje elimini\u0161e, i da se njihova prava po\u0161tuju. Tako&dstrok;e pozivam pravosudne<\/p>\n","protected":false},"author":1,"featured_media":17429,"comment_status":"open","ping_status":"closed","sticky":false,"template":"","format":"standard","meta":{"_eb_attr":"","footnotes":""},"categories":[101],"tags":[],"class_list":["post-74674","post","type-post","status-publish","format-standard","has-post-thumbnail","hentry","category-vesti"],"yoast_head":"<!-- This site is optimized with the Yoast SEO plugin v23.5 - https:\/\/yoast.com\/wordpress\/plugins\/seo\/ -->\n<title>Govor predsednice Osmani na diskusiji \u201eImovinska prava i nasilje u porodici\u201c - Predsednik Republike Kosovo - DR. VJOSA OSMANI - SADRIU<\/title>\n<meta name=\"description\" content=\"Govor predsednice Osmani na diskusiji \u201eImovinska prava i nasilje u porodici\u201c - Predsednik Republike Kosovo - DR. VJOSA OSMANI - SADRIU -\" \/>\n<meta name=\"robots\" content=\"index, follow, max-snippet:-1, max-image-preview:large, max-video-preview:-1\" \/>\n<link rel=\"canonical\" href=\"https:\/\/president-ksgov.net\/sr\/govor-predsednice-osmani-na-diskusiji-imovinska-prava-i-nasilje-u-porodici-2\/\" \/>\n<meta property=\"og:locale\" content=\"sr_RS\" \/>\n<meta property=\"og:type\" content=\"article\" \/>\n<meta property=\"og:title\" content=\"Govor predsednice Osmani na diskusiji \u201eImovinska prava i nasilje u porodici\u201c - Predsednik Republike Kosovo - DR. VJOSA OSMANI - SADRIU\" \/>\n<meta property=\"og:description\" content=\"Govor predsednice Osmani na diskusiji \u201eImovinska prava i nasilje u porodici\u201c - Predsednik Republike Kosovo - DR. VJOSA OSMANI - SADRIU -\" \/>\n<meta property=\"og:url\" content=\"https:\/\/president-ksgov.net\/sr\/govor-predsednice-osmani-na-diskusiji-imovinska-prava-i-nasilje-u-porodici-2\/\" \/>\n<meta property=\"og:site_name\" content=\"Predsednik Republike Kosovo - DR. VJOSA OSMANI - SADRIU\" \/>\n<meta property=\"article:published_time\" content=\"2021-11-26T13:11:57+00:00\" \/>\n<meta property=\"og:image\" content=\"https:\/\/president-ksgov.net\/wp-content\/uploads\/26_11_2021_3199358_IMG_d27d4454a2c06feb34eeabe116781ea2_V.jpg\" \/>\n\t<meta property=\"og:image:width\" content=\"1600\" \/>\n\t<meta property=\"og:image:height\" content=\"1067\" \/>\n\t<meta property=\"og:image:type\" content=\"image\/jpeg\" \/>\n<meta name=\"author\" content=\"admin\" \/>\n<meta name=\"twitter:card\" content=\"summary_large_image\" \/>\n<meta name=\"twitter:label1\" content=\"\u041d\u0430\u043f\u0438\u0441\u0430\u043d\u043e \u043e\u0434\" \/>\n\t<meta name=\"twitter:data1\" content=\"admin\" \/>\n\t<meta name=\"twitter:label2\" content=\"\u041f\u0440\u043e\u0446\u0435\u045a\u0435\u043d\u043e \u0432\u0440\u0435\u043c\u0435 \u0447\u0438\u0442\u0430\u045a\u0430\" \/>\n\t<meta name=\"twitter:data2\" content=\"7 \u043c\u0438\u043d\u0443\u0442\u0430\" \/>\n<script type=\"application\/ld+json\" class=\"yoast-schema-graph\">{\"@context\":\"https:\/\/schema.org\",\"@graph\":[{\"@type\":\"WebPage\",\"@id\":\"https:\/\/president-ksgov.net\/sr\/govor-predsednice-osmani-na-diskusiji-imovinska-prava-i-nasilje-u-porodici-2\/\",\"url\":\"https:\/\/president-ksgov.net\/sr\/govor-predsednice-osmani-na-diskusiji-imovinska-prava-i-nasilje-u-porodici-2\/\",\"name\":\"Govor predsednice Osmani na diskusiji \u201eImovinska prava i nasilje u porodici\u201c - Predsednik Republike Kosovo - DR. VJOSA OSMANI - SADRIU\",\"isPartOf\":{\"@id\":\"https:\/\/president-ksgov.net\/#website\"},\"primaryImageOfPage\":{\"@id\":\"https:\/\/president-ksgov.net\/sr\/govor-predsednice-osmani-na-diskusiji-imovinska-prava-i-nasilje-u-porodici-2\/#primaryimage\"},\"image\":{\"@id\":\"https:\/\/president-ksgov.net\/sr\/govor-predsednice-osmani-na-diskusiji-imovinska-prava-i-nasilje-u-porodici-2\/#primaryimage\"},\"thumbnailUrl\":\"https:\/\/president-ksgov.net\/wp-content\/uploads\/26_11_2021_3199358_IMG_d27d4454a2c06feb34eeabe116781ea2_V.jpg\",\"datePublished\":\"2021-11-26T13:11:57+00:00\",\"dateModified\":\"2021-11-26T13:11:57+00:00\",\"author\":{\"@id\":\"https:\/\/president-ksgov.net\/#\/schema\/person\/bb4337a5fb147cb2046d80548172cbee\"},\"description\":\"Govor predsednice Osmani na diskusiji \u201eImovinska prava i nasilje u porodici\u201c - Predsednik Republike Kosovo - DR. VJOSA OSMANI - SADRIU -\",\"breadcrumb\":{\"@id\":\"https:\/\/president-ksgov.net\/sr\/govor-predsednice-osmani-na-diskusiji-imovinska-prava-i-nasilje-u-porodici-2\/#breadcrumb\"},\"inLanguage\":\"sr-RS\",\"potentialAction\":[{\"@type\":\"ReadAction\",\"target\":[\"https:\/\/president-ksgov.net\/sr\/govor-predsednice-osmani-na-diskusiji-imovinska-prava-i-nasilje-u-porodici-2\/\"]}]},{\"@type\":\"ImageObject\",\"inLanguage\":\"sr-RS\",\"@id\":\"https:\/\/president-ksgov.net\/sr\/govor-predsednice-osmani-na-diskusiji-imovinska-prava-i-nasilje-u-porodici-2\/#primaryimage\",\"url\":\"https:\/\/president-ksgov.net\/wp-content\/uploads\/26_11_2021_3199358_IMG_d27d4454a2c06feb34eeabe116781ea2_V.jpg\",\"contentUrl\":\"https:\/\/president-ksgov.net\/wp-content\/uploads\/26_11_2021_3199358_IMG_d27d4454a2c06feb34eeabe116781ea2_V.jpg\",\"width\":1600,\"height\":1067},{\"@type\":\"BreadcrumbList\",\"@id\":\"https:\/\/president-ksgov.net\/sr\/govor-predsednice-osmani-na-diskusiji-imovinska-prava-i-nasilje-u-porodici-2\/#breadcrumb\",\"itemListElement\":[{\"@type\":\"ListItem\",\"position\":1,\"name\":\"Home\",\"item\":\"https:\/\/president-ksgov.net\/sr\/\"},{\"@type\":\"ListItem\",\"position\":2,\"name\":\"Govor predsednice Osmani na diskusiji \u201eImovinska prava i nasilje u porodici\u201c\"}]},{\"@type\":\"WebSite\",\"@id\":\"https:\/\/president-ksgov.net\/#website\",\"url\":\"https:\/\/president-ksgov.net\/\",\"name\":\"Presidente e Republik\u00ebs s\u00eb Kosov\u00ebs\",\"description\":\"Presidente e Republik\u00ebs s\u00eb Kosov\u00ebs\",\"alternateName\":\"DR. VJOSA OSMANI - SADRIU\",\"potentialAction\":[{\"@type\":\"SearchAction\",\"target\":{\"@type\":\"EntryPoint\",\"urlTemplate\":\"https:\/\/president-ksgov.net\/?s={search_term_string}\"},\"query-input\":{\"@type\":\"PropertyValueSpecification\",\"valueRequired\":true,\"valueName\":\"search_term_string\"}}],\"inLanguage\":\"sr-RS\"},{\"@type\":\"Person\",\"@id\":\"https:\/\/president-ksgov.net\/#\/schema\/person\/bb4337a5fb147cb2046d80548172cbee\",\"name\":\"admin\",\"image\":{\"@type\":\"ImageObject\",\"inLanguage\":\"sr-RS\",\"@id\":\"https:\/\/president-ksgov.net\/#\/schema\/person\/image\/\",\"url\":\"https:\/\/secure.gravatar.com\/avatar\/36156ca0fa3b8d9d25174f146e16beea0cf28f37adf1b9e19b6c9c279a7c9dd3?s=96&d=mm&r=g\",\"contentUrl\":\"https:\/\/secure.gravatar.com\/avatar\/36156ca0fa3b8d9d25174f146e16beea0cf28f37adf1b9e19b6c9c279a7c9dd3?s=96&d=mm&r=g\",\"caption\":\"admin\"},\"sameAs\":[\"https:\/\/president-ksgov.net\"]}]}<\/script>\n<!-- \/ Yoast SEO plugin. -->","yoast_head_json":{"title":"Govor predsednice Osmani na diskusiji \u201eImovinska prava i nasilje u porodici\u201c - Predsednik Republike Kosovo - DR. VJOSA OSMANI - SADRIU","description":"Govor predsednice Osmani na diskusiji \u201eImovinska prava i nasilje u porodici\u201c - Predsednik Republike Kosovo - DR. VJOSA OSMANI - SADRIU -","robots":{"index":"index","follow":"follow","max-snippet":"max-snippet:-1","max-image-preview":"max-image-preview:large","max-video-preview":"max-video-preview:-1"},"canonical":"https:\/\/president-ksgov.net\/sr\/govor-predsednice-osmani-na-diskusiji-imovinska-prava-i-nasilje-u-porodici-2\/","og_locale":"sr_RS","og_type":"article","og_title":"Govor predsednice Osmani na diskusiji \u201eImovinska prava i nasilje u porodici\u201c - Predsednik Republike Kosovo - DR. VJOSA OSMANI - SADRIU","og_description":"Govor predsednice Osmani na diskusiji \u201eImovinska prava i nasilje u porodici\u201c - Predsednik Republike Kosovo - DR. VJOSA OSMANI - SADRIU -","og_url":"https:\/\/president-ksgov.net\/sr\/govor-predsednice-osmani-na-diskusiji-imovinska-prava-i-nasilje-u-porodici-2\/","og_site_name":"Predsednik Republike Kosovo - DR. VJOSA OSMANI - SADRIU","article_published_time":"2021-11-26T13:11:57+00:00","og_image":[{"width":1600,"height":1067,"url":"https:\/\/president-ksgov.net\/wp-content\/uploads\/26_11_2021_3199358_IMG_d27d4454a2c06feb34eeabe116781ea2_V.jpg","type":"image\/jpeg"}],"author":"admin","twitter_card":"summary_large_image","twitter_misc":{"\u041d\u0430\u043f\u0438\u0441\u0430\u043d\u043e \u043e\u0434":"admin","\u041f\u0440\u043e\u0446\u0435\u045a\u0435\u043d\u043e \u0432\u0440\u0435\u043c\u0435 \u0447\u0438\u0442\u0430\u045a\u0430":"7 \u043c\u0438\u043d\u0443\u0442\u0430"},"schema":{"@context":"https:\/\/schema.org","@graph":[{"@type":"WebPage","@id":"https:\/\/president-ksgov.net\/sr\/govor-predsednice-osmani-na-diskusiji-imovinska-prava-i-nasilje-u-porodici-2\/","url":"https:\/\/president-ksgov.net\/sr\/govor-predsednice-osmani-na-diskusiji-imovinska-prava-i-nasilje-u-porodici-2\/","name":"Govor predsednice Osmani na diskusiji \u201eImovinska prava i nasilje u porodici\u201c - Predsednik Republike Kosovo - DR. VJOSA OSMANI - SADRIU","isPartOf":{"@id":"https:\/\/president-ksgov.net\/#website"},"primaryImageOfPage":{"@id":"https:\/\/president-ksgov.net\/sr\/govor-predsednice-osmani-na-diskusiji-imovinska-prava-i-nasilje-u-porodici-2\/#primaryimage"},"image":{"@id":"https:\/\/president-ksgov.net\/sr\/govor-predsednice-osmani-na-diskusiji-imovinska-prava-i-nasilje-u-porodici-2\/#primaryimage"},"thumbnailUrl":"https:\/\/president-ksgov.net\/wp-content\/uploads\/26_11_2021_3199358_IMG_d27d4454a2c06feb34eeabe116781ea2_V.jpg","datePublished":"2021-11-26T13:11:57+00:00","dateModified":"2021-11-26T13:11:57+00:00","author":{"@id":"https:\/\/president-ksgov.net\/#\/schema\/person\/bb4337a5fb147cb2046d80548172cbee"},"description":"Govor predsednice Osmani na diskusiji \u201eImovinska prava i nasilje u porodici\u201c - Predsednik Republike Kosovo - DR. VJOSA OSMANI - SADRIU -","breadcrumb":{"@id":"https:\/\/president-ksgov.net\/sr\/govor-predsednice-osmani-na-diskusiji-imovinska-prava-i-nasilje-u-porodici-2\/#breadcrumb"},"inLanguage":"sr-RS","potentialAction":[{"@type":"ReadAction","target":["https:\/\/president-ksgov.net\/sr\/govor-predsednice-osmani-na-diskusiji-imovinska-prava-i-nasilje-u-porodici-2\/"]}]},{"@type":"ImageObject","inLanguage":"sr-RS","@id":"https:\/\/president-ksgov.net\/sr\/govor-predsednice-osmani-na-diskusiji-imovinska-prava-i-nasilje-u-porodici-2\/#primaryimage","url":"https:\/\/president-ksgov.net\/wp-content\/uploads\/26_11_2021_3199358_IMG_d27d4454a2c06feb34eeabe116781ea2_V.jpg","contentUrl":"https:\/\/president-ksgov.net\/wp-content\/uploads\/26_11_2021_3199358_IMG_d27d4454a2c06feb34eeabe116781ea2_V.jpg","width":1600,"height":1067},{"@type":"BreadcrumbList","@id":"https:\/\/president-ksgov.net\/sr\/govor-predsednice-osmani-na-diskusiji-imovinska-prava-i-nasilje-u-porodici-2\/#breadcrumb","itemListElement":[{"@type":"ListItem","position":1,"name":"Home","item":"https:\/\/president-ksgov.net\/sr\/"},{"@type":"ListItem","position":2,"name":"Govor predsednice Osmani na diskusiji \u201eImovinska prava i nasilje u porodici\u201c"}]},{"@type":"WebSite","@id":"https:\/\/president-ksgov.net\/#website","url":"https:\/\/president-ksgov.net\/","name":"Presidente e Republik\u00ebs s\u00eb Kosov\u00ebs","description":"Presidente e Republik\u00ebs s\u00eb Kosov\u00ebs","alternateName":"DR. VJOSA OSMANI - SADRIU","potentialAction":[{"@type":"SearchAction","target":{"@type":"EntryPoint","urlTemplate":"https:\/\/president-ksgov.net\/?s={search_term_string}"},"query-input":{"@type":"PropertyValueSpecification","valueRequired":true,"valueName":"search_term_string"}}],"inLanguage":"sr-RS"},{"@type":"Person","@id":"https:\/\/president-ksgov.net\/#\/schema\/person\/bb4337a5fb147cb2046d80548172cbee","name":"admin","image":{"@type":"ImageObject","inLanguage":"sr-RS","@id":"https:\/\/president-ksgov.net\/#\/schema\/person\/image\/","url":"https:\/\/secure.gravatar.com\/avatar\/36156ca0fa3b8d9d25174f146e16beea0cf28f37adf1b9e19b6c9c279a7c9dd3?s=96&d=mm&r=g","contentUrl":"https:\/\/secure.gravatar.com\/avatar\/36156ca0fa3b8d9d25174f146e16beea0cf28f37adf1b9e19b6c9c279a7c9dd3?s=96&d=mm&r=g","caption":"admin"},"sameAs":["https:\/\/president-ksgov.net"]}]}},"_links":{"self":[{"href":"https:\/\/president-ksgov.net\/sr\/wp-json\/wp\/v2\/posts\/74674","targetHints":{"allow":["GET"]}}],"collection":[{"href":"https:\/\/president-ksgov.net\/sr\/wp-json\/wp\/v2\/posts"}],"about":[{"href":"https:\/\/president-ksgov.net\/sr\/wp-json\/wp\/v2\/types\/post"}],"author":[{"embeddable":true,"href":"https:\/\/president-ksgov.net\/sr\/wp-json\/wp\/v2\/users\/1"}],"replies":[{"embeddable":true,"href":"https:\/\/president-ksgov.net\/sr\/wp-json\/wp\/v2\/comments?post=74674"}],"version-history":[{"count":0,"href":"https:\/\/president-ksgov.net\/sr\/wp-json\/wp\/v2\/posts\/74674\/revisions"}],"wp:featuredmedia":[{"embeddable":true,"href":"https:\/\/president-ksgov.net\/sr\/wp-json\/wp\/v2\/media\/17429"}],"wp:attachment":[{"href":"https:\/\/president-ksgov.net\/sr\/wp-json\/wp\/v2\/media?parent=74674"}],"wp:term":[{"taxonomy":"category","embeddable":true,"href":"https:\/\/president-ksgov.net\/sr\/wp-json\/wp\/v2\/categories?post=74674"},{"taxonomy":"post_tag","embeddable":true,"href":"https:\/\/president-ksgov.net\/sr\/wp-json\/wp\/v2\/tags?post=74674"}],"curies":[{"name":"wp","href":"https:\/\/api.w.org\/{rel}","templated":true}]}}