{"id":74671,"date":"2021-11-27T12:11:45","date_gmt":"2021-11-27T12:11:45","guid":{"rendered":"https:\/\/dev.president-ksgov.net\/govor-predsednice-vjose-osmani-na-dan-bezbednosnih-snaga-kosova-2\/"},"modified":"2021-11-27T12:11:45","modified_gmt":"2021-11-27T12:11:45","slug":"govor-predsednice-vjose-osmani-na-dan-bezbednosnih-snaga-kosova-2","status":"publish","type":"post","link":"https:\/\/president-ksgov.net\/sr\/govor-predsednice-vjose-osmani-na-dan-bezbednosnih-snaga-kosova-2\/","title":{"rendered":"Govor predsednice Vjose Osmani na Dan Bezbednosnih snaga Kosova"},"content":{"rendered":"<p>Veoma po\u0161tovani prisutni,\u00a0<br \/>\nPo\u0161tovani premijeru g. Kurti!<br \/>\nPo\u0161tovani ministre odbrane g. Mehaj!<br \/>\nPo\u0161tovani zamenici premijera, ministri Vlade Kosova!<br \/>\nPo\u0161tovani komandante Bezbednosnih snaga Kosova!<br \/>\nPo\u0161tovane ekselencije, ambasadori!<br \/>\nVeoma po\u0161tovani predstavnici medija,\u00a0<br \/>\nAli iznad svega dragi vojnici; oficiri i podoficiri!<\/p>\n<p>Danas, na ovaj va\u0161 poseban dan i najva&#382;niji dan za na\u0161e Snage, Snage Republike Kosovo, imam posebnu &ccaron;ast i zadovoljstvo, da vam svima &ccaron;estitam va\u0161 dan.<br \/>\nJednako sam sre&cacute;na jer su od pro\u0161log novembra, kada smo zajedno obele&#382;ili va\u0161 dan, na\u0161e Snage obele&#382;ile veoma brz razvoj, transformi\u0161u&cacute;i se od unutra\u0161njeg &ccaron;uvara mira u va&#382;an faktor u o&ccaron;uvanju globalne bezbednosti, kao verodostojan i va&#382;an partner najmo&cacute;nije vojske na svetu, vojske SAD-a i drugih partnera u okviru najmo&cacute;nijeg vojnog saveza u istoriji &ccaron;ove&ccaron;anstva, NATO-a.<br \/>\n\u00a0<br \/>\nStoga, dozvolite mi da po&ccaron;nem svoj govor isticanjem ove dimenzije, iz koje poti&ccaron;e na\u0161 ponos na Bezbednosne Snage. Pre nekoliko meseci, pripadnici Kosovskih bezbednosnih snaga, prvi put u istoriji na\u0161ih snaga, iskrcali su me&dstrok;unarodnu mirovnu misiju u Kuvajtu, u okviru kontingenta Garde Ajove, Vojske SAD-a. Ovo je bio prvi, ali veoma va&#382;an korak kako bi se ostvario na\u0161 i va\u0161 san da postanemo graditelji i garanti globalnog mira, kao i da slu&#382;imo zajedno sa na\u0161im istorijskim saveznicima radi garantovanja globalne bezbednosti. Zahvalna sam svim na\u0161im vojnicima koji su vredno i predano slu&#382;ili u ovoj misiji na koju je ponosno celo Kosovo.<\/p>\n<p>Tako&dstrok;e je tokom leta, Kosovo bilo deo ve&#382;be \u201eDefender 21 Europe\u201d, jedne od najve&cacute;ih od Drugog svetskog rata, koju je predvodila vojska SAD-a. Kosovo je prvi put bilo zemlja doma&cacute;in ovakve me&dstrok;unarodne ve&#382;be. Tokom ve&#382;be \u201eDefender 21\u201c, KBS su po prvi put potvrdile svoje pe\u0161adijske sposobnosti na nivou &ccaron;ete. Potvrdu borbenih sposobnosti pe\u0161adije KBS-a izvr\u0161ili su timovi za procenu vojske SAD-a, u saradnji sa timovima za procenu KBS-a. Ovo je bio drugi, veoma va&#382;an korak daljeg pribli&#382;avanja KBS-a vojskama NATO-a i dokaz da se one sna&#382;no razvijaju. Deo ovog osna&#382;ivanja bilo je snabdevanje vojnom opremom i vozilima, uklju&ccaron;uju&cacute;i 55 ASV vozila, koja su donirale Sjedinjene Ameri&ccaron;ke Dr&#382;ave.<\/p>\n<p>Tre&cacute;e, KBS su ispravno shvatile ose&cacute;aj naroda Kosova da postanu deo na\u0161eg stalnog saveza sa Sjedinjenim Dr&#382;avama za pru&#382;anje pomo&cacute;i u avganistanskoj izbegli&ccaron;koj krizi. Prevoz i pratnja mnogih avganistanskih izbeglica sa Aerodroma u Pri\u0161tini do izbegli&ccaron;kih kampova u Uro\u0161evcu znak je ne samo dostojanstvenog sprovo&dstrok;enja odluka institucija, ve&cacute; i negovanja ose&cacute;aja podr\u0161ke raseljenima.<br \/>\n\u00a0<br \/>\nDozvolite mi da podvu&ccaron;em: celokupno partnerstvo sa SAD-om i zemljama prijateljima, &ccaron;lanicama NATO-a, koje se pokazuje u ovim aktivnostima, od vitalnog je zna&ccaron;aja za nas kao Republiku, kao i ja&ccaron;anje na\u0161ih odbrambenih kapaciteta. Snabdevanje vojnom opremom, koja je i donirana i kupljena nedavno, dokaz je da izgra&dstrok;ujemo ove preko potrebne kapacitete za odbranu na\u0161e zemlje.<br \/>\nDozvolite mi da vas tako&dstrok;e podsetim: U vreme kada smo izvodili ve&#382;bu sa NATO snagama, na\u0161 severni sused, stalna pretnja miru i bezbednosti u regionu, izvodio je vojne manevre sa drugom globalnom pretnjom, Rusijom.<\/p>\n<p>Dragi u&ccaron;esnici!<\/p>\n<p>Vojska Kosova ima jake temelje, jer je izgra&dstrok;ena i strukturisana na &#382;rtvi &ccaron;itavih generacija, sublimirana u uzvi\u0161enoj &#382;rtvi komandanta Adema Jasharija i porodice Jashari, na borbi OVK i evroatlantskoj viziji Kosova, tvorca dr&#382;avnosti Kosova, istorijskog\u00a0 predsednika Kosova dr Ibrahima Rugove.<\/p>\n<p>Danas na\u0161a vojska raste i razvija se na viziji naroda Kosova o modernoj vojsci, koja je sposobna da profesionalno i takti&ccaron;ki brani otad&#382;binu u svakom trenutku.<br \/>\n\u00a0<br \/>\nDanas se pretvara u modernu vojsku, zahvaljuju&cacute;i istrajnosti i po&#382;rtvovanju na\u0161ih devojaka i momaka. Vojska iz dana u dan razvija svoje kapacitete, nastavljaju&cacute;i korisni program obuke i obrazovanja u partnerskim zemljama. Kao rezultat ovog partnerstva izgradili smo jake profesionalne kapacitete, koji se svuda dokazuju. Zato, kako bih priznala zasluge na\u0161im sinovima i k&cacute;erima, koji odaju po&ccaron;ast Snagama, ali i &ccaron;itavom narodu na Kosovu, odlu&ccaron;ila sam da odam po&ccaron;ast nekima od njih, odabranim od mno\u0161tva mnogih drugih vojnika, podjednako dostojnih ove nagrade, sa Predsedni&ccaron;kom medaljom za zasluge koji su reprezentativna lica KBS-a \u0161irom sveta, &ccaron;ine&cacute;i nas ponosnim njihovim dostignu&cacute;ima i postaju&cacute;i prvi me&dstrok;u najboljima bilo gde da su studirali, u Sjedinjenim Dr&#382;avama, Ujedinjenom Kraljevstvu ili u drugim zemljama.<\/p>\n<p>Po\u0161tovani prisutni!<\/p>\n<p>Dragi vojnici!<\/p>\n<p>Va\u0161i rezultati \u0161irom sveta dokaz su kako treba slu&#382;iti otad&#382;bini. Va\u0161a posve&cacute;enost znanju, va\u0161em profesionalnom razvoju, kao i po&#382;rtvovanost da dostignete vrhunce discipline i ve\u0161tina u poslu, pored vrhunskog postignu&cacute;a, tako&dstrok;e su dokaz da nijedna barijera nije nepremostiva. Treba da budete ponosni na svoja dostignu&cacute;a, ali i na &ccaron;injenicu da ste deo vojne formacije, koja ima samo jednu misiju: za\u0161titu teritorijalnog integriteta i bezbednosti gra&dstrok;ana Republike, odbranu otad&#382;bine za koju je puno &#382;rtvovano. Tu volju i tu spremnost dokazuju vojnici, oficiri i podoficiri KBS, koji posti&#382;u odli&ccaron;ne rezultate na najpoznatijim vojnim akademijama u svetu i na me&dstrok;unarodnim takmi&ccaron;enjima.<\/p>\n<p>Ovog posebnog dana &#382;elim da izrazim i na\u0161u zahvalnost na\u0161im saveznicima, vojskama prijateljskih zemalja, &ccaron;lanicama NATO-a, pre svega ameri&ccaron;koj vojsci, koja svakodnevno brine da se na\u0161e Oru&#382;ane snage dalje razvijaju i transformi\u0161u u profesionalne i interaktivne vojne snage sa NATO snagama u savezni\u0161tvu u kojem je i nama mesto, u kojem je na\u0161oj vojsci mesto. Sa ovim vojskama gradimo sna&#382;na strate\u0161ka partnerstva i brinemo se da zajedno ispunimo na\u0161u misiju, misiji &ccaron;itavih generacija.<\/p>\n<p>Ovo strate\u0161ko partnerstvo &cacute;emo dalje ja&ccaron;ati i produbljivati. &Ccaron;lanstvo u NATO-u ostaje strate\u0161ki cilj Republike Kosovo na kojem &cacute;emo biti se stalno anga&#382;ovati, ali je i cilj koji tako&dstrok;e obezbe&dstrok;uje mir i stabilnost u &ccaron;itavom regioni a i \u0161ire. U tom cilju pove&cacute;avamo podr\u0161ku vojsci, kako bismo obezbedili da na\u0161e Oru&#382;ane snage \u0161to pre budu integrisane u strukture NATO-a.<\/p>\n<p>Bog blagoslovio na\u0161e Snage!<br \/>\nBog blagoslovio Republiku Kosovo!<br \/>\n&Ccaron;ast otad&#382;bini!<\/p>\n","protected":false},"excerpt":{"rendered":"<p>Veoma po\u0161tovani prisutni,\u00a0 Po\u0161tovani premijeru g. Kurti! Po\u0161tovani ministre odbrane g. Mehaj! Po\u0161tovani zamenici premijera, ministri Vlade Kosova! Po\u0161tovani komandante Bezbednosnih snaga Kosova! Po\u0161tovane ekselencije, ambasadori! Veoma po\u0161tovani predstavnici medija,\u00a0 Ali iznad svega dragi vojnici; oficiri i podoficiri! Danas, na ovaj va\u0161 poseban dan i najva&#382;niji dan za na\u0161e Snage, Snage Republike Kosovo, imam posebnu &ccaron;ast i zadovoljstvo, da vam svima &ccaron;estitam va\u0161 dan. Jednako sam sre&cacute;na jer su od pro\u0161log novembra, kada smo zajedno obele&#382;ili va\u0161 dan, na\u0161e Snage obele&#382;ile veoma brz razvoj, transformi\u0161u&cacute;i se od unutra\u0161njeg &ccaron;uvara mira u va&#382;an faktor u o&ccaron;uvanju globalne bezbednosti, kao verodostojan i va&#382;an partner najmo&cacute;nije vojske na svetu, vojske SAD-a i drugih partnera u okviru najmo&cacute;nijeg vojnog saveza u istoriji &ccaron;ove&ccaron;anstva, NATO-a. \u00a0 Stoga, dozvolite mi da po&ccaron;nem svoj govor isticanjem ove dimenzije, iz koje poti&ccaron;e na\u0161 ponos na Bezbednosne Snage. Pre nekoliko meseci, pripadnici Kosovskih bezbednosnih snaga, prvi put u istoriji na\u0161ih snaga, iskrcali su me&dstrok;unarodnu mirovnu misiju u Kuvajtu, u okviru kontingenta Garde Ajove, Vojske SAD-a. Ovo je bio prvi, ali veoma va&#382;an korak kako bi se ostvario na\u0161 i va\u0161 san da postanemo graditelji i garanti globalnog mira, kao i da slu&#382;imo zajedno sa na\u0161im istorijskim saveznicima radi garantovanja globalne bezbednosti. Zahvalna sam svim na\u0161im vojnicima koji su vredno i predano slu&#382;ili u ovoj misiji na koju je ponosno celo Kosovo. Tako&dstrok;e je tokom leta, Kosovo bilo deo ve&#382;be \u201eDefender 21 Europe\u201d, jedne od najve&cacute;ih od Drugog svetskog rata, koju je predvodila vojska SAD-a. Kosovo je prvi put bilo zemlja doma&cacute;in ovakve me&dstrok;unarodne ve&#382;be. Tokom ve&#382;be \u201eDefender 21\u201c, KBS su po prvi put potvrdile svoje pe\u0161adijske sposobnosti na nivou &ccaron;ete. Potvrdu borbenih sposobnosti pe\u0161adije KBS-a izvr\u0161ili su timovi za procenu vojske SAD-a, u saradnji sa timovima za procenu KBS-a. Ovo je bio drugi, veoma va&#382;an korak daljeg pribli&#382;avanja KBS-a vojskama NATO-a i dokaz da se one sna&#382;no razvijaju. Deo ovog osna&#382;ivanja bilo je snabdevanje vojnom opremom i vozilima, uklju&ccaron;uju&cacute;i 55 ASV vozila, koja su donirale Sjedinjene Ameri&ccaron;ke Dr&#382;ave. Tre&cacute;e, KBS su ispravno shvatile ose&cacute;aj naroda Kosova da postanu deo na\u0161eg stalnog saveza sa Sjedinjenim Dr&#382;avama za pru&#382;anje pomo&cacute;i u avganistanskoj izbegli&ccaron;koj krizi. Prevoz i pratnja mnogih avganistanskih izbeglica sa Aerodroma u Pri\u0161tini do izbegli&ccaron;kih kampova u Uro\u0161evcu znak je ne samo dostojanstvenog sprovo&dstrok;enja odluka institucija, ve&cacute; i negovanja ose&cacute;aja podr\u0161ke raseljenima. \u00a0 Dozvolite mi da podvu&ccaron;em: celokupno partnerstvo sa SAD-om i zemljama prijateljima, &ccaron;lanicama NATO-a, koje se pokazuje u ovim aktivnostima, od vitalnog je zna&ccaron;aja za nas kao Republiku, kao i ja&ccaron;anje na\u0161ih odbrambenih kapaciteta. Snabdevanje vojnom opremom, koja je i donirana i kupljena nedavno, dokaz je da izgra&dstrok;ujemo ove preko potrebne kapacitete za odbranu na\u0161e zemlje. Dozvolite mi da vas tako&dstrok;e podsetim: U vreme kada smo izvodili ve&#382;bu sa NATO snagama, na\u0161 severni sused, stalna pretnja miru i bezbednosti u regionu, izvodio je vojne manevre sa drugom globalnom pretnjom, Rusijom. Dragi u&ccaron;esnici! Vojska Kosova ima jake temelje, jer je izgra&dstrok;ena i strukturisana na &#382;rtvi &ccaron;itavih generacija, sublimirana u uzvi\u0161enoj &#382;rtvi komandanta Adema Jasharija i porodice Jashari, na borbi OVK i evroatlantskoj viziji Kosova, tvorca dr&#382;avnosti Kosova, istorijskog\u00a0 predsednika Kosova dr Ibrahima Rugove. Danas na\u0161a vojska raste i razvija se na viziji naroda Kosova o modernoj vojsci, koja je sposobna da profesionalno i takti&ccaron;ki brani otad&#382;binu u svakom trenutku. \u00a0 Danas se pretvara u modernu vojsku, zahvaljuju&cacute;i istrajnosti i po&#382;rtvovanju na\u0161ih devojaka i momaka. Vojska iz dana u dan razvija svoje kapacitete, nastavljaju&cacute;i korisni program obuke i obrazovanja u partnerskim zemljama. Kao rezultat ovog partnerstva izgradili smo jake profesionalne kapacitete, koji se svuda dokazuju. Zato, kako bih priznala zasluge na\u0161im sinovima i k&cacute;erima, koji odaju po&ccaron;ast Snagama, ali i &ccaron;itavom narodu na Kosovu, odlu&ccaron;ila sam da odam po&ccaron;ast nekima od njih, odabranim od mno\u0161tva mnogih drugih vojnika, podjednako dostojnih ove nagrade, sa Predsedni&ccaron;kom medaljom za zasluge koji su reprezentativna lica KBS-a \u0161irom sveta, &ccaron;ine&cacute;i nas ponosnim njihovim dostignu&cacute;ima i postaju&cacute;i prvi me&dstrok;u najboljima bilo gde da su studirali, u Sjedinjenim Dr&#382;avama, Ujedinjenom Kraljevstvu ili u drugim zemljama. Po\u0161tovani prisutni! Dragi vojnici! Va\u0161i rezultati \u0161irom sveta dokaz su kako treba slu&#382;iti otad&#382;bini. Va\u0161a posve&cacute;enost znanju, va\u0161em profesionalnom razvoju, kao i po&#382;rtvovanost da dostignete vrhunce discipline i ve\u0161tina u poslu, pored vrhunskog postignu&cacute;a, tako&dstrok;e su dokaz da nijedna barijera nije nepremostiva. Treba da budete ponosni na svoja dostignu&cacute;a, ali i na &ccaron;injenicu da ste deo vojne formacije, koja ima samo jednu misiju: za\u0161titu teritorijalnog integriteta i bezbednosti gra&dstrok;ana Republike, odbranu otad&#382;bine za koju je puno &#382;rtvovano. Tu volju i tu spremnost dokazuju vojnici, oficiri i podoficiri KBS, koji posti&#382;u odli&ccaron;ne rezultate na najpoznatijim vojnim akademijama u svetu i na me&dstrok;unarodnim takmi&ccaron;enjima. Ovog posebnog dana &#382;elim da izrazim i na\u0161u zahvalnost na\u0161im saveznicima, vojskama prijateljskih zemalja, &ccaron;lanicama NATO-a, pre svega ameri&ccaron;koj vojsci, koja svakodnevno brine da se na\u0161e Oru&#382;ane snage dalje razvijaju i transformi\u0161u u profesionalne i interaktivne vojne snage sa NATO snagama u savezni\u0161tvu u kojem je i nama mesto, u kojem je na\u0161oj vojsci mesto. Sa ovim vojskama gradimo sna&#382;na strate\u0161ka partnerstva i brinemo se da zajedno ispunimo na\u0161u misiju, misiji &ccaron;itavih generacija. Ovo strate\u0161ko partnerstvo &cacute;emo dalje ja&ccaron;ati i produbljivati. &Ccaron;lanstvo u NATO-u ostaje strate\u0161ki cilj Republike Kosovo na kojem &cacute;emo biti se stalno anga&#382;ovati, ali je i cilj koji tako&dstrok;e obezbe&dstrok;uje mir i stabilnost u &ccaron;itavom regioni a i \u0161ire. U tom cilju pove&cacute;avamo podr\u0161ku vojsci, kako bismo obezbedili da na\u0161e Oru&#382;ane snage \u0161to pre budu integrisane u strukture NATO-a. Bog blagoslovio na\u0161e Snage! Bog blagoslovio Republiku Kosovo! &Ccaron;ast otad&#382;bini!<\/p>\n","protected":false},"author":1,"featured_media":17390,"comment_status":"open","ping_status":"closed","sticky":false,"template":"","format":"standard","meta":{"_eb_attr":"","footnotes":""},"categories":[101],"tags":[],"class_list":["post-74671","post","type-post","status-publish","format-standard","has-post-thumbnail","hentry","category-vesti"],"yoast_head":"<!-- This site is optimized with the Yoast SEO plugin v23.5 - https:\/\/yoast.com\/wordpress\/plugins\/seo\/ -->\n<title>Govor predsednice Vjose Osmani na Dan Bezbednosnih snaga Kosova - Predsednik Republike Kosovo - DR. VJOSA OSMANI - SADRIU<\/title>\n<meta name=\"description\" content=\"Govor predsednice Vjose Osmani na Dan Bezbednosnih snaga Kosova - Predsednik Republike Kosovo - DR. VJOSA OSMANI - SADRIU -\" \/>\n<meta name=\"robots\" content=\"index, follow, max-snippet:-1, max-image-preview:large, max-video-preview:-1\" \/>\n<link rel=\"canonical\" href=\"https:\/\/president-ksgov.net\/sr\/govor-predsednice-vjose-osmani-na-dan-bezbednosnih-snaga-kosova-2\/\" \/>\n<meta property=\"og:locale\" content=\"sr_RS\" \/>\n<meta property=\"og:type\" content=\"article\" \/>\n<meta property=\"og:title\" content=\"Govor predsednice Vjose Osmani na Dan Bezbednosnih snaga Kosova - Predsednik Republike Kosovo - DR. VJOSA OSMANI - SADRIU\" \/>\n<meta property=\"og:description\" content=\"Govor predsednice Vjose Osmani na Dan Bezbednosnih snaga Kosova - Predsednik Republike Kosovo - DR. VJOSA OSMANI - SADRIU -\" \/>\n<meta property=\"og:url\" content=\"https:\/\/president-ksgov.net\/sr\/govor-predsednice-vjose-osmani-na-dan-bezbednosnih-snaga-kosova-2\/\" \/>\n<meta property=\"og:site_name\" content=\"Predsednik Republike Kosovo - DR. VJOSA OSMANI - SADRIU\" \/>\n<meta property=\"article:published_time\" content=\"2021-11-27T12:11:45+00:00\" \/>\n<meta property=\"og:image\" content=\"https:\/\/president-ksgov.net\/wp-content\/uploads\/27_11_2021_1306554_IMG_7d960f2af646bcf252a7c57a84de92ec_V.jpg\" \/>\n\t<meta property=\"og:image:width\" content=\"1600\" \/>\n\t<meta property=\"og:image:height\" content=\"1065\" \/>\n\t<meta property=\"og:image:type\" content=\"image\/jpeg\" \/>\n<meta name=\"author\" content=\"admin\" \/>\n<meta name=\"twitter:card\" content=\"summary_large_image\" \/>\n<meta name=\"twitter:label1\" content=\"\u041d\u0430\u043f\u0438\u0441\u0430\u043d\u043e \u043e\u0434\" \/>\n\t<meta name=\"twitter:data1\" content=\"admin\" \/>\n\t<meta name=\"twitter:label2\" content=\"\u041f\u0440\u043e\u0446\u0435\u045a\u0435\u043d\u043e \u0432\u0440\u0435\u043c\u0435 \u0447\u0438\u0442\u0430\u045a\u0430\" \/>\n\t<meta name=\"twitter:data2\" content=\"6 \u043c\u0438\u043d\u0443\u0442\u0430\" \/>\n<script type=\"application\/ld+json\" class=\"yoast-schema-graph\">{\"@context\":\"https:\/\/schema.org\",\"@graph\":[{\"@type\":\"WebPage\",\"@id\":\"https:\/\/president-ksgov.net\/sr\/govor-predsednice-vjose-osmani-na-dan-bezbednosnih-snaga-kosova-2\/\",\"url\":\"https:\/\/president-ksgov.net\/sr\/govor-predsednice-vjose-osmani-na-dan-bezbednosnih-snaga-kosova-2\/\",\"name\":\"Govor predsednice Vjose Osmani na Dan Bezbednosnih snaga Kosova - Predsednik Republike Kosovo - DR. VJOSA OSMANI - SADRIU\",\"isPartOf\":{\"@id\":\"https:\/\/president-ksgov.net\/#website\"},\"primaryImageOfPage\":{\"@id\":\"https:\/\/president-ksgov.net\/sr\/govor-predsednice-vjose-osmani-na-dan-bezbednosnih-snaga-kosova-2\/#primaryimage\"},\"image\":{\"@id\":\"https:\/\/president-ksgov.net\/sr\/govor-predsednice-vjose-osmani-na-dan-bezbednosnih-snaga-kosova-2\/#primaryimage\"},\"thumbnailUrl\":\"https:\/\/president-ksgov.net\/wp-content\/uploads\/27_11_2021_1306554_IMG_7d960f2af646bcf252a7c57a84de92ec_V.jpg\",\"datePublished\":\"2021-11-27T12:11:45+00:00\",\"dateModified\":\"2021-11-27T12:11:45+00:00\",\"author\":{\"@id\":\"https:\/\/president-ksgov.net\/#\/schema\/person\/bb4337a5fb147cb2046d80548172cbee\"},\"description\":\"Govor predsednice Vjose Osmani na Dan Bezbednosnih snaga Kosova - Predsednik Republike Kosovo - DR. VJOSA OSMANI - SADRIU -\",\"breadcrumb\":{\"@id\":\"https:\/\/president-ksgov.net\/sr\/govor-predsednice-vjose-osmani-na-dan-bezbednosnih-snaga-kosova-2\/#breadcrumb\"},\"inLanguage\":\"sr-RS\",\"potentialAction\":[{\"@type\":\"ReadAction\",\"target\":[\"https:\/\/president-ksgov.net\/sr\/govor-predsednice-vjose-osmani-na-dan-bezbednosnih-snaga-kosova-2\/\"]}]},{\"@type\":\"ImageObject\",\"inLanguage\":\"sr-RS\",\"@id\":\"https:\/\/president-ksgov.net\/sr\/govor-predsednice-vjose-osmani-na-dan-bezbednosnih-snaga-kosova-2\/#primaryimage\",\"url\":\"https:\/\/president-ksgov.net\/wp-content\/uploads\/27_11_2021_1306554_IMG_7d960f2af646bcf252a7c57a84de92ec_V.jpg\",\"contentUrl\":\"https:\/\/president-ksgov.net\/wp-content\/uploads\/27_11_2021_1306554_IMG_7d960f2af646bcf252a7c57a84de92ec_V.jpg\",\"width\":1600,\"height\":1065},{\"@type\":\"BreadcrumbList\",\"@id\":\"https:\/\/president-ksgov.net\/sr\/govor-predsednice-vjose-osmani-na-dan-bezbednosnih-snaga-kosova-2\/#breadcrumb\",\"itemListElement\":[{\"@type\":\"ListItem\",\"position\":1,\"name\":\"Home\",\"item\":\"https:\/\/president-ksgov.net\/sr\/\"},{\"@type\":\"ListItem\",\"position\":2,\"name\":\"Govor predsednice Vjose Osmani na Dan Bezbednosnih snaga Kosova\"}]},{\"@type\":\"WebSite\",\"@id\":\"https:\/\/president-ksgov.net\/#website\",\"url\":\"https:\/\/president-ksgov.net\/\",\"name\":\"Presidente e Republik\u00ebs s\u00eb Kosov\u00ebs\",\"description\":\"Presidente e Republik\u00ebs s\u00eb Kosov\u00ebs\",\"alternateName\":\"DR. VJOSA OSMANI - SADRIU\",\"potentialAction\":[{\"@type\":\"SearchAction\",\"target\":{\"@type\":\"EntryPoint\",\"urlTemplate\":\"https:\/\/president-ksgov.net\/?s={search_term_string}\"},\"query-input\":{\"@type\":\"PropertyValueSpecification\",\"valueRequired\":true,\"valueName\":\"search_term_string\"}}],\"inLanguage\":\"sr-RS\"},{\"@type\":\"Person\",\"@id\":\"https:\/\/president-ksgov.net\/#\/schema\/person\/bb4337a5fb147cb2046d80548172cbee\",\"name\":\"admin\",\"image\":{\"@type\":\"ImageObject\",\"inLanguage\":\"sr-RS\",\"@id\":\"https:\/\/president-ksgov.net\/#\/schema\/person\/image\/\",\"url\":\"https:\/\/secure.gravatar.com\/avatar\/36156ca0fa3b8d9d25174f146e16beea0cf28f37adf1b9e19b6c9c279a7c9dd3?s=96&d=mm&r=g\",\"contentUrl\":\"https:\/\/secure.gravatar.com\/avatar\/36156ca0fa3b8d9d25174f146e16beea0cf28f37adf1b9e19b6c9c279a7c9dd3?s=96&d=mm&r=g\",\"caption\":\"admin\"},\"sameAs\":[\"https:\/\/president-ksgov.net\"]}]}<\/script>\n<!-- \/ Yoast SEO plugin. -->","yoast_head_json":{"title":"Govor predsednice Vjose Osmani na Dan Bezbednosnih snaga Kosova - Predsednik Republike Kosovo - DR. VJOSA OSMANI - SADRIU","description":"Govor predsednice Vjose Osmani na Dan Bezbednosnih snaga Kosova - Predsednik Republike Kosovo - DR. VJOSA OSMANI - SADRIU -","robots":{"index":"index","follow":"follow","max-snippet":"max-snippet:-1","max-image-preview":"max-image-preview:large","max-video-preview":"max-video-preview:-1"},"canonical":"https:\/\/president-ksgov.net\/sr\/govor-predsednice-vjose-osmani-na-dan-bezbednosnih-snaga-kosova-2\/","og_locale":"sr_RS","og_type":"article","og_title":"Govor predsednice Vjose Osmani na Dan Bezbednosnih snaga Kosova - Predsednik Republike Kosovo - DR. VJOSA OSMANI - SADRIU","og_description":"Govor predsednice Vjose Osmani na Dan Bezbednosnih snaga Kosova - Predsednik Republike Kosovo - DR. VJOSA OSMANI - SADRIU -","og_url":"https:\/\/president-ksgov.net\/sr\/govor-predsednice-vjose-osmani-na-dan-bezbednosnih-snaga-kosova-2\/","og_site_name":"Predsednik Republike Kosovo - DR. VJOSA OSMANI - SADRIU","article_published_time":"2021-11-27T12:11:45+00:00","og_image":[{"width":1600,"height":1065,"url":"https:\/\/president-ksgov.net\/wp-content\/uploads\/27_11_2021_1306554_IMG_7d960f2af646bcf252a7c57a84de92ec_V.jpg","type":"image\/jpeg"}],"author":"admin","twitter_card":"summary_large_image","twitter_misc":{"\u041d\u0430\u043f\u0438\u0441\u0430\u043d\u043e \u043e\u0434":"admin","\u041f\u0440\u043e\u0446\u0435\u045a\u0435\u043d\u043e \u0432\u0440\u0435\u043c\u0435 \u0447\u0438\u0442\u0430\u045a\u0430":"6 \u043c\u0438\u043d\u0443\u0442\u0430"},"schema":{"@context":"https:\/\/schema.org","@graph":[{"@type":"WebPage","@id":"https:\/\/president-ksgov.net\/sr\/govor-predsednice-vjose-osmani-na-dan-bezbednosnih-snaga-kosova-2\/","url":"https:\/\/president-ksgov.net\/sr\/govor-predsednice-vjose-osmani-na-dan-bezbednosnih-snaga-kosova-2\/","name":"Govor predsednice Vjose Osmani na Dan Bezbednosnih snaga Kosova - Predsednik Republike Kosovo - DR. VJOSA OSMANI - SADRIU","isPartOf":{"@id":"https:\/\/president-ksgov.net\/#website"},"primaryImageOfPage":{"@id":"https:\/\/president-ksgov.net\/sr\/govor-predsednice-vjose-osmani-na-dan-bezbednosnih-snaga-kosova-2\/#primaryimage"},"image":{"@id":"https:\/\/president-ksgov.net\/sr\/govor-predsednice-vjose-osmani-na-dan-bezbednosnih-snaga-kosova-2\/#primaryimage"},"thumbnailUrl":"https:\/\/president-ksgov.net\/wp-content\/uploads\/27_11_2021_1306554_IMG_7d960f2af646bcf252a7c57a84de92ec_V.jpg","datePublished":"2021-11-27T12:11:45+00:00","dateModified":"2021-11-27T12:11:45+00:00","author":{"@id":"https:\/\/president-ksgov.net\/#\/schema\/person\/bb4337a5fb147cb2046d80548172cbee"},"description":"Govor predsednice Vjose Osmani na Dan Bezbednosnih snaga Kosova - Predsednik Republike Kosovo - DR. VJOSA OSMANI - SADRIU -","breadcrumb":{"@id":"https:\/\/president-ksgov.net\/sr\/govor-predsednice-vjose-osmani-na-dan-bezbednosnih-snaga-kosova-2\/#breadcrumb"},"inLanguage":"sr-RS","potentialAction":[{"@type":"ReadAction","target":["https:\/\/president-ksgov.net\/sr\/govor-predsednice-vjose-osmani-na-dan-bezbednosnih-snaga-kosova-2\/"]}]},{"@type":"ImageObject","inLanguage":"sr-RS","@id":"https:\/\/president-ksgov.net\/sr\/govor-predsednice-vjose-osmani-na-dan-bezbednosnih-snaga-kosova-2\/#primaryimage","url":"https:\/\/president-ksgov.net\/wp-content\/uploads\/27_11_2021_1306554_IMG_7d960f2af646bcf252a7c57a84de92ec_V.jpg","contentUrl":"https:\/\/president-ksgov.net\/wp-content\/uploads\/27_11_2021_1306554_IMG_7d960f2af646bcf252a7c57a84de92ec_V.jpg","width":1600,"height":1065},{"@type":"BreadcrumbList","@id":"https:\/\/president-ksgov.net\/sr\/govor-predsednice-vjose-osmani-na-dan-bezbednosnih-snaga-kosova-2\/#breadcrumb","itemListElement":[{"@type":"ListItem","position":1,"name":"Home","item":"https:\/\/president-ksgov.net\/sr\/"},{"@type":"ListItem","position":2,"name":"Govor predsednice Vjose Osmani na Dan Bezbednosnih snaga Kosova"}]},{"@type":"WebSite","@id":"https:\/\/president-ksgov.net\/#website","url":"https:\/\/president-ksgov.net\/","name":"Presidente e Republik\u00ebs s\u00eb Kosov\u00ebs","description":"Presidente e Republik\u00ebs s\u00eb Kosov\u00ebs","alternateName":"DR. VJOSA OSMANI - SADRIU","potentialAction":[{"@type":"SearchAction","target":{"@type":"EntryPoint","urlTemplate":"https:\/\/president-ksgov.net\/?s={search_term_string}"},"query-input":{"@type":"PropertyValueSpecification","valueRequired":true,"valueName":"search_term_string"}}],"inLanguage":"sr-RS"},{"@type":"Person","@id":"https:\/\/president-ksgov.net\/#\/schema\/person\/bb4337a5fb147cb2046d80548172cbee","name":"admin","image":{"@type":"ImageObject","inLanguage":"sr-RS","@id":"https:\/\/president-ksgov.net\/#\/schema\/person\/image\/","url":"https:\/\/secure.gravatar.com\/avatar\/36156ca0fa3b8d9d25174f146e16beea0cf28f37adf1b9e19b6c9c279a7c9dd3?s=96&d=mm&r=g","contentUrl":"https:\/\/secure.gravatar.com\/avatar\/36156ca0fa3b8d9d25174f146e16beea0cf28f37adf1b9e19b6c9c279a7c9dd3?s=96&d=mm&r=g","caption":"admin"},"sameAs":["https:\/\/president-ksgov.net"]}]}},"_links":{"self":[{"href":"https:\/\/president-ksgov.net\/sr\/wp-json\/wp\/v2\/posts\/74671","targetHints":{"allow":["GET"]}}],"collection":[{"href":"https:\/\/president-ksgov.net\/sr\/wp-json\/wp\/v2\/posts"}],"about":[{"href":"https:\/\/president-ksgov.net\/sr\/wp-json\/wp\/v2\/types\/post"}],"author":[{"embeddable":true,"href":"https:\/\/president-ksgov.net\/sr\/wp-json\/wp\/v2\/users\/1"}],"replies":[{"embeddable":true,"href":"https:\/\/president-ksgov.net\/sr\/wp-json\/wp\/v2\/comments?post=74671"}],"version-history":[{"count":0,"href":"https:\/\/president-ksgov.net\/sr\/wp-json\/wp\/v2\/posts\/74671\/revisions"}],"wp:featuredmedia":[{"embeddable":true,"href":"https:\/\/president-ksgov.net\/sr\/wp-json\/wp\/v2\/media\/17390"}],"wp:attachment":[{"href":"https:\/\/president-ksgov.net\/sr\/wp-json\/wp\/v2\/media?parent=74671"}],"wp:term":[{"taxonomy":"category","embeddable":true,"href":"https:\/\/president-ksgov.net\/sr\/wp-json\/wp\/v2\/categories?post=74671"},{"taxonomy":"post_tag","embeddable":true,"href":"https:\/\/president-ksgov.net\/sr\/wp-json\/wp\/v2\/tags?post=74671"}],"curies":[{"name":"wp","href":"https:\/\/api.w.org\/{rel}","templated":true}]}}