{"id":74665,"date":"2021-11-28T20:45:42","date_gmt":"2021-11-28T20:45:42","guid":{"rendered":"https:\/\/dev.president-ksgov.net\/govor-predsednice-osmani-na-prijemu-organizovanom-od-ambasade-albanije-povodom-28-novembra-2\/"},"modified":"2023-03-08T09:00:37","modified_gmt":"2023-03-08T09:00:37","slug":"govor-predsednice-osmani-na-prijemu-organizovanom-od-ambasade-albanije-povodom-28-novembra-2","status":"publish","type":"post","link":"https:\/\/president-ksgov.net\/sr\/govor-predsednice-osmani-na-prijemu-organizovanom-od-ambasade-albanije-povodom-28-novembra-2\/","title":{"rendered":"Govor predsednice Osmani na prijemu organizovanom od ambasade Albanije povodom 28. novembra"},"content":{"rendered":"<p>Veoma uva&#382;eni prisutni,\u00a0<br \/>\nUva&#382;eni ambasadore Minxhozi,<br \/>\nUva&#382;eni predstavnici institucija, g. predsedni&ccaron;e Skup\u0161tine, g. Konjufca!\u00a0<br \/>\ng. premijeru, g. Albin Kurti!<br \/>\nUva&#382;eni ambasadori!<br \/>\nPredstavnici svih institucija u zemlji!<br \/>\nPoslanici!<br \/>\nPredstavnici verskih zajednica!<br \/>\nPredstavnici medija!<br \/>\nUva&#382;eni gosti!<\/p>\n<p>Sre&cacute;an Dana zastave svima od dubine srca. To je praznik koji nas uvek okuplja, i praznik kojim se ponose Albanci gde god se nalaze, bez obzir da li smo na Kosovu, u Albaniji, Severnoj Makedoniji, Crnoj Gori ili u drugim zemljama gde &#382;ive na\u0161i sunarodnici.\u00a0<\/p>\n<p>Novembar je u na\u0161em nacionalnom kalendaru praznika s pravom obele&#382;en mesec. Jer, svako od nas, 28. novembra ose&cacute;a se ponosnim ovom zastavom, koja predstavlja pripoveda&ccaron;a ne samo na\u0161e istorije, ve&cacute; pripoveda&ccaron;a i na\u0161e svetle budu&cacute;nosti.\u00a0<\/p>\n<p>To je zastava koja nas sve Albance &ccaron;ini ponosnim, gde god se nalazimo i pred njom se klanjamo, jer se za nju mnogo &#382;rtvovalo. Crveno \u2013 crna zastava je simbol otpora i odlu&ccaron;nosti albanskog naroda za slobodu, stalno nadahnu&cacute;e i za slobodu Republike Kosovo.\u00a0<\/p>\n<p>Progla\u0161enje nezavisnosti Albanije i isticanje zastave u Valoni su sveti &ccaron;inovi na\u0161e zajedni&ccaron;ke istorije, koju su trudom i &#382;rtvovanjem izgradili mnogi mu\u0161karci i &#382;ene.\u00a0<\/p>\n<p>Na\u0161a istorija je zaista bolna, izazovna, ali i svetla i ponosna. S jedne strane, dok je Albanija godinama bila pod izazovima, i poku\u0161avala da se konsoliduje kao dr&#382;ava, Kosovo je nastavilo svoje napore za slobodu i nezavisnost.\u00a0\u00a0<\/p>\n<p>A danas, i jedna i druga, rame uz rame, kao suverene i nezavisne dr&#382;ave idu ka procesu evropskih integracija.\u00a0<\/p>\n<p>Mnogi mu\u0161karci i &#382;ene, patrioti kao Ismail Qemajli i Isa Boletini, nisu prestali da rade da Albanije \u201epostane samostalna, slobodna i nezavisna\u201c, kao \u0161to se ka&#382;e u Deklaraciji o nezavisnosti od 28. novembra 1912. godine.\u00a0\u00a0<br \/>\n\u00a0<br \/>\nDanas smo ovde zajedno, Albanci iz Albanije, Albanci sa Kosova, iz Severne Makedonije, Crne Gore i drugih zemalja, da nazdravimo 109. godi\u0161njici nezavisnosti Albanije, da vidimo jedni \u2013 druge, da komuniciramo, da se obrazujemo, da razmenimo ideje, da razmenimo robu, kulturne i sportske aktivnosti, jer ovu saradnju bez prepreka tra&#382;e na\u0161i gra&dstrok;ani.\u00a0<\/p>\n<p>Danas smo ovde, jer &#382;elimo da prenesemo poruku: duha integracije, daljeg olak\u0161avanja &#382;ivota gra&dstrok;ana ovde i tamo, otklanjanja bilo kakvih barijera i poruku afirmacije evropskog duha, koji nas spaja.\u00a0<\/p>\n<p>Ovde smo jer nas ujedinjuje ne samo Dan zastave! Ovaj datum ima mnogo ve&cacute;u istorijsku te&#382;inu, jer kao i \u0161to je ranije pomenuto, pored Skenderbegovog 28. novembra, mi danas ovde tako&dstrok;e obele&#382;avamo 28. novembar kao ro&dstrok;endan legendarnog komandanta\u00a0 Adem Jashari, a isto tako na ovaj datum, prvi put se pojavila u javnosti Oslobodila&ccaron;ka vojska Kosova. Svi ovi doga&dstrok;aji daju mnogo ve&cacute;i zna&ccaron;aj novembru, jer nose u sebi duh slobode, i ideal mnogih pokoljenja.\u00a0\u00a0<br \/>\n\u00a0<br \/>\nUva&#382;eni prisutni!<br \/>\n\u00a0<br \/>\nNa ovu godi\u0161njicu Dana zastave, ose&cacute;am se ponosno jer Albanije i Kosovo, uprkos izazovima, sigurnim koracima kora&ccaron;aju ka evropskoj perspektivi.\u00a0<\/p>\n<p>&Zcaron;elim i radujem se uspesima Albanije i Kosova u svim oblastima od zajedni&ccaron;kog interesa! Kosovo &cacute;e naravno nastaviti da bude uz Albaniju u korist zajedni&ccaron;kog interesa, daljim produbljivanjem na\u0161ih bratskih i strate\u0161kih veza!\u00a0\u00a0<\/p>\n<p>Mi imamo zajedni&ccaron;ki cilj. Ovaj cilj se zove Evropska unija. Mi moramo ispoljavati volju i sr&ccaron;anost da ne bude daleko dan kada &cacute;emo se sresti u EU. Put je te&#382;ak, ali kao \u0161to se ostvario san na\u0161ih pokoljenja o na\u0161im slobodnim dr&#382;avama, isto tako &cacute;e do&cacute;i i dan kada &cacute;emo sesti za zajedni&ccaron;kim stolom u Evropskoj uniji.\u00a0<\/p>\n<p>Do tada, da &ccaron;asno i uz posve&cacute;enost radimo, sa one i ove strane Drima, da ja&ccaron;amo na\u0161e dr&#382;ave u svim oblastima, da otklonimo sve prepreke saradnji. Da slu&#382;imo dostojanstveno i sa ljubavlju, u funkciji unapre&dstrok;enja na\u0161ih dr&#382;ava, u kojima &cacute;e se gra&dstrok;ani ose&cacute;ati ponosnim i biti konkurenti na evropskom tr&#382;i\u0161tu rada, slobodni, dostojni i ravnopravni!\u00a0\u00a0<br \/>\n\u00a0<br \/>\nSre&cacute;an Dan zastave, sre&cacute;an Dan nezavisnosti Albanije!\u00a0<\/p>\n<p>Neka bog blagoslovi Republiku Albaniju!<br \/>\nNeka bog blagoslovi Republiku Kosovo i sve Albance gde god oni &#382;ive!\u00a0\u00a0<\/p>\n","protected":false},"excerpt":{"rendered":"<p>Veoma uva&#382;eni prisutni,\u00a0 Uva&#382;eni ambasadore Minxhozi, Uva&#382;eni predstavnici institucija, g. predsedni&ccaron;e Skup\u0161tine, g. Konjufca!\u00a0 g. premijeru, g. Albin Kurti! Uva&#382;eni ambasadori! Predstavnici svih institucija u zemlji! Poslanici! Predstavnici verskih zajednica! Predstavnici medija! Uva&#382;eni gosti! Sre&cacute;an Dana zastave svima od dubine srca. To je praznik koji nas uvek okuplja, i praznik kojim se ponose Albanci gde god se nalaze, bez obzir da li smo na Kosovu, u Albaniji, Severnoj Makedoniji, Crnoj Gori ili u drugim zemljama gde &#382;ive na\u0161i sunarodnici.\u00a0 Novembar je u na\u0161em nacionalnom kalendaru praznika s pravom obele&#382;en mesec. Jer, svako od nas, 28. novembra ose&cacute;a se ponosnim ovom zastavom, koja predstavlja pripoveda&ccaron;a ne samo na\u0161e istorije, ve&cacute; pripoveda&ccaron;a i na\u0161e svetle budu&cacute;nosti.\u00a0 To je zastava koja nas sve Albance &ccaron;ini ponosnim, gde god se nalazimo i pred njom se klanjamo, jer se za nju mnogo &#382;rtvovalo. Crveno \u2013 crna zastava je simbol otpora i odlu&ccaron;nosti albanskog naroda za slobodu, stalno nadahnu&cacute;e i za slobodu Republike Kosovo.\u00a0 Progla\u0161enje nezavisnosti Albanije i isticanje zastave u Valoni su sveti &ccaron;inovi na\u0161e zajedni&ccaron;ke istorije, koju su trudom i &#382;rtvovanjem izgradili mnogi mu\u0161karci i &#382;ene.\u00a0 Na\u0161a istorija je zaista bolna, izazovna, ali i svetla i ponosna. S jedne strane, dok je Albanija godinama bila pod izazovima, i poku\u0161avala da se konsoliduje kao dr&#382;ava, Kosovo je nastavilo svoje napore za slobodu i nezavisnost.\u00a0\u00a0 A danas, i jedna i druga, rame uz rame, kao suverene i nezavisne dr&#382;ave idu ka procesu evropskih integracija.\u00a0 Mnogi mu\u0161karci i &#382;ene, patrioti kao Ismail Qemajli i Isa Boletini, nisu prestali da rade da Albanije \u201epostane samostalna, slobodna i nezavisna\u201c, kao \u0161to se ka&#382;e u Deklaraciji o nezavisnosti od 28. novembra 1912. godine.\u00a0\u00a0 \u00a0 Danas smo ovde zajedno, Albanci iz Albanije, Albanci sa Kosova, iz Severne Makedonije, Crne Gore i drugih zemalja, da nazdravimo 109. godi\u0161njici nezavisnosti Albanije, da vidimo jedni \u2013 druge, da komuniciramo, da se obrazujemo, da razmenimo ideje, da razmenimo robu, kulturne i sportske aktivnosti, jer ovu saradnju bez prepreka tra&#382;e na\u0161i gra&dstrok;ani.\u00a0 Danas smo ovde, jer &#382;elimo da prenesemo poruku: duha integracije, daljeg olak\u0161avanja &#382;ivota gra&dstrok;ana ovde i tamo, otklanjanja bilo kakvih barijera i poruku afirmacije evropskog duha, koji nas spaja.\u00a0 Ovde smo jer nas ujedinjuje ne samo Dan zastave! Ovaj datum ima mnogo ve&cacute;u istorijsku te&#382;inu, jer kao i \u0161to je ranije pomenuto, pored Skenderbegovog 28. novembra, mi danas ovde tako&dstrok;e obele&#382;avamo 28. novembar kao ro&dstrok;endan legendarnog komandanta\u00a0 Adem Jashari, a isto tako na ovaj datum, prvi put se pojavila u javnosti Oslobodila&ccaron;ka vojska Kosova. Svi ovi doga&dstrok;aji daju mnogo ve&cacute;i zna&ccaron;aj novembru, jer nose u sebi duh slobode, i ideal mnogih pokoljenja.\u00a0\u00a0 \u00a0 Uva&#382;eni prisutni! \u00a0 Na ovu godi\u0161njicu Dana zastave, ose&cacute;am se ponosno jer Albanije i Kosovo, uprkos izazovima, sigurnim koracima kora&ccaron;aju ka evropskoj perspektivi.\u00a0 &Zcaron;elim i radujem se uspesima Albanije i Kosova u svim oblastima od zajedni&ccaron;kog interesa! Kosovo &cacute;e naravno nastaviti da bude uz Albaniju u korist zajedni&ccaron;kog interesa, daljim produbljivanjem na\u0161ih bratskih i strate\u0161kih veza!\u00a0\u00a0 Mi imamo zajedni&ccaron;ki cilj. Ovaj cilj se zove Evropska unija. Mi moramo ispoljavati volju i sr&ccaron;anost da ne bude daleko dan kada &cacute;emo se sresti u EU. Put je te&#382;ak, ali kao \u0161to se ostvario san na\u0161ih pokoljenja o na\u0161im slobodnim dr&#382;avama, isto tako &cacute;e do&cacute;i i dan kada &cacute;emo sesti za zajedni&ccaron;kim stolom u Evropskoj uniji.\u00a0 Do tada, da &ccaron;asno i uz posve&cacute;enost radimo, sa one i ove strane Drima, da ja&ccaron;amo na\u0161e dr&#382;ave u svim oblastima, da otklonimo sve prepreke saradnji. Da slu&#382;imo dostojanstveno i sa ljubavlju, u funkciji unapre&dstrok;enja na\u0161ih dr&#382;ava, u kojima &cacute;e se gra&dstrok;ani ose&cacute;ati ponosnim i biti konkurenti na evropskom tr&#382;i\u0161tu rada, slobodni, dostojni i ravnopravni!\u00a0\u00a0 \u00a0 Sre&cacute;an Dan zastave, sre&cacute;an Dan nezavisnosti Albanije!\u00a0 Neka bog blagoslovi Republiku Albaniju! Neka bog blagoslovi Republiku Kosovo i sve Albance gde god oni &#382;ive!\u00a0\u00a0<\/p>\n","protected":false},"author":1,"featured_media":17336,"comment_status":"open","ping_status":"closed","sticky":false,"template":"","format":"standard","meta":{"_eb_attr":"","footnotes":""},"categories":[106],"tags":[],"class_list":["post-74665","post","type-post","status-publish","format-standard","has-post-thumbnail","hentry","category-govori"],"yoast_head":"<!-- This site is optimized with the Yoast SEO plugin v23.5 - https:\/\/yoast.com\/wordpress\/plugins\/seo\/ -->\n<title>Govor predsednice Osmani na prijemu organizovanom od ambasade Albanije povodom 28. novembra - Predsednik Republike Kosovo - DR. VJOSA OSMANI - SADRIU<\/title>\n<meta name=\"description\" content=\"Govor predsednice Osmani na prijemu organizovanom od ambasade Albanije povodom 28. novembra - Predsednik Republike Kosovo - DR. VJOSA OSMANI - SADRIU -\" \/>\n<meta name=\"robots\" content=\"index, follow, max-snippet:-1, max-image-preview:large, max-video-preview:-1\" \/>\n<link rel=\"canonical\" href=\"https:\/\/president-ksgov.net\/sr\/govor-predsednice-osmani-na-prijemu-organizovanom-od-ambasade-albanije-povodom-28-novembra-2\/\" \/>\n<meta property=\"og:locale\" content=\"sr_RS\" \/>\n<meta property=\"og:type\" content=\"article\" \/>\n<meta property=\"og:title\" content=\"Govor predsednice Osmani na prijemu organizovanom od ambasade Albanije povodom 28. novembra - Predsednik Republike Kosovo - DR. VJOSA OSMANI - SADRIU\" \/>\n<meta property=\"og:description\" content=\"Govor predsednice Osmani na prijemu organizovanom od ambasade Albanije povodom 28. novembra - Predsednik Republike Kosovo - DR. VJOSA OSMANI - SADRIU -\" \/>\n<meta property=\"og:url\" content=\"https:\/\/president-ksgov.net\/sr\/govor-predsednice-osmani-na-prijemu-organizovanom-od-ambasade-albanije-povodom-28-novembra-2\/\" \/>\n<meta property=\"og:site_name\" content=\"Predsednik Republike Kosovo - DR. VJOSA OSMANI - SADRIU\" \/>\n<meta property=\"article:published_time\" content=\"2021-11-28T20:45:42+00:00\" \/>\n<meta property=\"article:modified_time\" content=\"2023-03-08T09:00:37+00:00\" \/>\n<meta property=\"og:image\" content=\"https:\/\/president-ksgov.net\/wp-content\/uploads\/29_11_2021_1377952_IMG_462df11dd14525213d8b64d14b11d548_V.jpg\" \/>\n\t<meta property=\"og:image:width\" content=\"1600\" \/>\n\t<meta property=\"og:image:height\" content=\"1065\" \/>\n\t<meta property=\"og:image:type\" content=\"image\/jpeg\" \/>\n<meta name=\"author\" content=\"admin\" \/>\n<meta name=\"twitter:card\" content=\"summary_large_image\" \/>\n<meta name=\"twitter:label1\" content=\"\u041d\u0430\u043f\u0438\u0441\u0430\u043d\u043e \u043e\u0434\" \/>\n\t<meta name=\"twitter:data1\" content=\"admin\" \/>\n\t<meta name=\"twitter:label2\" content=\"\u041f\u0440\u043e\u0446\u0435\u045a\u0435\u043d\u043e \u0432\u0440\u0435\u043c\u0435 \u0447\u0438\u0442\u0430\u045a\u0430\" \/>\n\t<meta name=\"twitter:data2\" content=\"4 \u043c\u0438\u043d\u0443\u0442\u0430\" \/>\n<script type=\"application\/ld+json\" class=\"yoast-schema-graph\">{\"@context\":\"https:\/\/schema.org\",\"@graph\":[{\"@type\":\"WebPage\",\"@id\":\"https:\/\/president-ksgov.net\/sr\/govor-predsednice-osmani-na-prijemu-organizovanom-od-ambasade-albanije-povodom-28-novembra-2\/\",\"url\":\"https:\/\/president-ksgov.net\/sr\/govor-predsednice-osmani-na-prijemu-organizovanom-od-ambasade-albanije-povodom-28-novembra-2\/\",\"name\":\"Govor predsednice Osmani na prijemu organizovanom od ambasade Albanije povodom 28. novembra - Predsednik Republike Kosovo - DR. VJOSA OSMANI - SADRIU\",\"isPartOf\":{\"@id\":\"https:\/\/president-ksgov.net\/#website\"},\"primaryImageOfPage\":{\"@id\":\"https:\/\/president-ksgov.net\/sr\/govor-predsednice-osmani-na-prijemu-organizovanom-od-ambasade-albanije-povodom-28-novembra-2\/#primaryimage\"},\"image\":{\"@id\":\"https:\/\/president-ksgov.net\/sr\/govor-predsednice-osmani-na-prijemu-organizovanom-od-ambasade-albanije-povodom-28-novembra-2\/#primaryimage\"},\"thumbnailUrl\":\"https:\/\/president-ksgov.net\/wp-content\/uploads\/29_11_2021_1377952_IMG_462df11dd14525213d8b64d14b11d548_V.jpg\",\"datePublished\":\"2021-11-28T20:45:42+00:00\",\"dateModified\":\"2023-03-08T09:00:37+00:00\",\"author\":{\"@id\":\"https:\/\/president-ksgov.net\/#\/schema\/person\/bb4337a5fb147cb2046d80548172cbee\"},\"description\":\"Govor predsednice Osmani na prijemu organizovanom od ambasade Albanije povodom 28. novembra - Predsednik Republike Kosovo - DR. VJOSA OSMANI - SADRIU -\",\"breadcrumb\":{\"@id\":\"https:\/\/president-ksgov.net\/sr\/govor-predsednice-osmani-na-prijemu-organizovanom-od-ambasade-albanije-povodom-28-novembra-2\/#breadcrumb\"},\"inLanguage\":\"sr-RS\",\"potentialAction\":[{\"@type\":\"ReadAction\",\"target\":[\"https:\/\/president-ksgov.net\/sr\/govor-predsednice-osmani-na-prijemu-organizovanom-od-ambasade-albanije-povodom-28-novembra-2\/\"]}]},{\"@type\":\"ImageObject\",\"inLanguage\":\"sr-RS\",\"@id\":\"https:\/\/president-ksgov.net\/sr\/govor-predsednice-osmani-na-prijemu-organizovanom-od-ambasade-albanije-povodom-28-novembra-2\/#primaryimage\",\"url\":\"https:\/\/president-ksgov.net\/wp-content\/uploads\/29_11_2021_1377952_IMG_462df11dd14525213d8b64d14b11d548_V.jpg\",\"contentUrl\":\"https:\/\/president-ksgov.net\/wp-content\/uploads\/29_11_2021_1377952_IMG_462df11dd14525213d8b64d14b11d548_V.jpg\",\"width\":1600,\"height\":1065},{\"@type\":\"BreadcrumbList\",\"@id\":\"https:\/\/president-ksgov.net\/sr\/govor-predsednice-osmani-na-prijemu-organizovanom-od-ambasade-albanije-povodom-28-novembra-2\/#breadcrumb\",\"itemListElement\":[{\"@type\":\"ListItem\",\"position\":1,\"name\":\"Home\",\"item\":\"https:\/\/president-ksgov.net\/sr\/\"},{\"@type\":\"ListItem\",\"position\":2,\"name\":\"Govor predsednice Osmani na prijemu organizovanom od ambasade Albanije povodom 28. novembra\"}]},{\"@type\":\"WebSite\",\"@id\":\"https:\/\/president-ksgov.net\/#website\",\"url\":\"https:\/\/president-ksgov.net\/\",\"name\":\"Presidente e Republik\u00ebs s\u00eb Kosov\u00ebs\",\"description\":\"Presidente e Republik\u00ebs s\u00eb Kosov\u00ebs\",\"alternateName\":\"DR. VJOSA OSMANI - SADRIU\",\"potentialAction\":[{\"@type\":\"SearchAction\",\"target\":{\"@type\":\"EntryPoint\",\"urlTemplate\":\"https:\/\/president-ksgov.net\/?s={search_term_string}\"},\"query-input\":{\"@type\":\"PropertyValueSpecification\",\"valueRequired\":true,\"valueName\":\"search_term_string\"}}],\"inLanguage\":\"sr-RS\"},{\"@type\":\"Person\",\"@id\":\"https:\/\/president-ksgov.net\/#\/schema\/person\/bb4337a5fb147cb2046d80548172cbee\",\"name\":\"admin\",\"image\":{\"@type\":\"ImageObject\",\"inLanguage\":\"sr-RS\",\"@id\":\"https:\/\/president-ksgov.net\/#\/schema\/person\/image\/\",\"url\":\"https:\/\/secure.gravatar.com\/avatar\/36156ca0fa3b8d9d25174f146e16beea0cf28f37adf1b9e19b6c9c279a7c9dd3?s=96&d=mm&r=g\",\"contentUrl\":\"https:\/\/secure.gravatar.com\/avatar\/36156ca0fa3b8d9d25174f146e16beea0cf28f37adf1b9e19b6c9c279a7c9dd3?s=96&d=mm&r=g\",\"caption\":\"admin\"},\"sameAs\":[\"https:\/\/president-ksgov.net\"]}]}<\/script>\n<!-- \/ Yoast SEO plugin. -->","yoast_head_json":{"title":"Govor predsednice Osmani na prijemu organizovanom od ambasade Albanije povodom 28. novembra - Predsednik Republike Kosovo - DR. VJOSA OSMANI - SADRIU","description":"Govor predsednice Osmani na prijemu organizovanom od ambasade Albanije povodom 28. novembra - Predsednik Republike Kosovo - DR. VJOSA OSMANI - SADRIU -","robots":{"index":"index","follow":"follow","max-snippet":"max-snippet:-1","max-image-preview":"max-image-preview:large","max-video-preview":"max-video-preview:-1"},"canonical":"https:\/\/president-ksgov.net\/sr\/govor-predsednice-osmani-na-prijemu-organizovanom-od-ambasade-albanije-povodom-28-novembra-2\/","og_locale":"sr_RS","og_type":"article","og_title":"Govor predsednice Osmani na prijemu organizovanom od ambasade Albanije povodom 28. novembra - Predsednik Republike Kosovo - DR. VJOSA OSMANI - SADRIU","og_description":"Govor predsednice Osmani na prijemu organizovanom od ambasade Albanije povodom 28. novembra - Predsednik Republike Kosovo - DR. VJOSA OSMANI - SADRIU -","og_url":"https:\/\/president-ksgov.net\/sr\/govor-predsednice-osmani-na-prijemu-organizovanom-od-ambasade-albanije-povodom-28-novembra-2\/","og_site_name":"Predsednik Republike Kosovo - DR. VJOSA OSMANI - SADRIU","article_published_time":"2021-11-28T20:45:42+00:00","article_modified_time":"2023-03-08T09:00:37+00:00","og_image":[{"width":1600,"height":1065,"url":"https:\/\/president-ksgov.net\/wp-content\/uploads\/29_11_2021_1377952_IMG_462df11dd14525213d8b64d14b11d548_V.jpg","type":"image\/jpeg"}],"author":"admin","twitter_card":"summary_large_image","twitter_misc":{"\u041d\u0430\u043f\u0438\u0441\u0430\u043d\u043e \u043e\u0434":"admin","\u041f\u0440\u043e\u0446\u0435\u045a\u0435\u043d\u043e \u0432\u0440\u0435\u043c\u0435 \u0447\u0438\u0442\u0430\u045a\u0430":"4 \u043c\u0438\u043d\u0443\u0442\u0430"},"schema":{"@context":"https:\/\/schema.org","@graph":[{"@type":"WebPage","@id":"https:\/\/president-ksgov.net\/sr\/govor-predsednice-osmani-na-prijemu-organizovanom-od-ambasade-albanije-povodom-28-novembra-2\/","url":"https:\/\/president-ksgov.net\/sr\/govor-predsednice-osmani-na-prijemu-organizovanom-od-ambasade-albanije-povodom-28-novembra-2\/","name":"Govor predsednice Osmani na prijemu organizovanom od ambasade Albanije povodom 28. novembra - Predsednik Republike Kosovo - DR. VJOSA OSMANI - SADRIU","isPartOf":{"@id":"https:\/\/president-ksgov.net\/#website"},"primaryImageOfPage":{"@id":"https:\/\/president-ksgov.net\/sr\/govor-predsednice-osmani-na-prijemu-organizovanom-od-ambasade-albanije-povodom-28-novembra-2\/#primaryimage"},"image":{"@id":"https:\/\/president-ksgov.net\/sr\/govor-predsednice-osmani-na-prijemu-organizovanom-od-ambasade-albanije-povodom-28-novembra-2\/#primaryimage"},"thumbnailUrl":"https:\/\/president-ksgov.net\/wp-content\/uploads\/29_11_2021_1377952_IMG_462df11dd14525213d8b64d14b11d548_V.jpg","datePublished":"2021-11-28T20:45:42+00:00","dateModified":"2023-03-08T09:00:37+00:00","author":{"@id":"https:\/\/president-ksgov.net\/#\/schema\/person\/bb4337a5fb147cb2046d80548172cbee"},"description":"Govor predsednice Osmani na prijemu organizovanom od ambasade Albanije povodom 28. novembra - Predsednik Republike Kosovo - DR. VJOSA OSMANI - SADRIU -","breadcrumb":{"@id":"https:\/\/president-ksgov.net\/sr\/govor-predsednice-osmani-na-prijemu-organizovanom-od-ambasade-albanije-povodom-28-novembra-2\/#breadcrumb"},"inLanguage":"sr-RS","potentialAction":[{"@type":"ReadAction","target":["https:\/\/president-ksgov.net\/sr\/govor-predsednice-osmani-na-prijemu-organizovanom-od-ambasade-albanije-povodom-28-novembra-2\/"]}]},{"@type":"ImageObject","inLanguage":"sr-RS","@id":"https:\/\/president-ksgov.net\/sr\/govor-predsednice-osmani-na-prijemu-organizovanom-od-ambasade-albanije-povodom-28-novembra-2\/#primaryimage","url":"https:\/\/president-ksgov.net\/wp-content\/uploads\/29_11_2021_1377952_IMG_462df11dd14525213d8b64d14b11d548_V.jpg","contentUrl":"https:\/\/president-ksgov.net\/wp-content\/uploads\/29_11_2021_1377952_IMG_462df11dd14525213d8b64d14b11d548_V.jpg","width":1600,"height":1065},{"@type":"BreadcrumbList","@id":"https:\/\/president-ksgov.net\/sr\/govor-predsednice-osmani-na-prijemu-organizovanom-od-ambasade-albanije-povodom-28-novembra-2\/#breadcrumb","itemListElement":[{"@type":"ListItem","position":1,"name":"Home","item":"https:\/\/president-ksgov.net\/sr\/"},{"@type":"ListItem","position":2,"name":"Govor predsednice Osmani na prijemu organizovanom od ambasade Albanije povodom 28. novembra"}]},{"@type":"WebSite","@id":"https:\/\/president-ksgov.net\/#website","url":"https:\/\/president-ksgov.net\/","name":"Presidente e Republik\u00ebs s\u00eb Kosov\u00ebs","description":"Presidente e Republik\u00ebs s\u00eb Kosov\u00ebs","alternateName":"DR. VJOSA OSMANI - SADRIU","potentialAction":[{"@type":"SearchAction","target":{"@type":"EntryPoint","urlTemplate":"https:\/\/president-ksgov.net\/?s={search_term_string}"},"query-input":{"@type":"PropertyValueSpecification","valueRequired":true,"valueName":"search_term_string"}}],"inLanguage":"sr-RS"},{"@type":"Person","@id":"https:\/\/president-ksgov.net\/#\/schema\/person\/bb4337a5fb147cb2046d80548172cbee","name":"admin","image":{"@type":"ImageObject","inLanguage":"sr-RS","@id":"https:\/\/president-ksgov.net\/#\/schema\/person\/image\/","url":"https:\/\/secure.gravatar.com\/avatar\/36156ca0fa3b8d9d25174f146e16beea0cf28f37adf1b9e19b6c9c279a7c9dd3?s=96&d=mm&r=g","contentUrl":"https:\/\/secure.gravatar.com\/avatar\/36156ca0fa3b8d9d25174f146e16beea0cf28f37adf1b9e19b6c9c279a7c9dd3?s=96&d=mm&r=g","caption":"admin"},"sameAs":["https:\/\/president-ksgov.net"]}]}},"_links":{"self":[{"href":"https:\/\/president-ksgov.net\/sr\/wp-json\/wp\/v2\/posts\/74665","targetHints":{"allow":["GET"]}}],"collection":[{"href":"https:\/\/president-ksgov.net\/sr\/wp-json\/wp\/v2\/posts"}],"about":[{"href":"https:\/\/president-ksgov.net\/sr\/wp-json\/wp\/v2\/types\/post"}],"author":[{"embeddable":true,"href":"https:\/\/president-ksgov.net\/sr\/wp-json\/wp\/v2\/users\/1"}],"replies":[{"embeddable":true,"href":"https:\/\/president-ksgov.net\/sr\/wp-json\/wp\/v2\/comments?post=74665"}],"version-history":[{"count":1,"href":"https:\/\/president-ksgov.net\/sr\/wp-json\/wp\/v2\/posts\/74665\/revisions"}],"predecessor-version":[{"id":81472,"href":"https:\/\/president-ksgov.net\/sr\/wp-json\/wp\/v2\/posts\/74665\/revisions\/81472"}],"wp:featuredmedia":[{"embeddable":true,"href":"https:\/\/president-ksgov.net\/sr\/wp-json\/wp\/v2\/media\/17336"}],"wp:attachment":[{"href":"https:\/\/president-ksgov.net\/sr\/wp-json\/wp\/v2\/media?parent=74665"}],"wp:term":[{"taxonomy":"category","embeddable":true,"href":"https:\/\/president-ksgov.net\/sr\/wp-json\/wp\/v2\/categories?post=74665"},{"taxonomy":"post_tag","embeddable":true,"href":"https:\/\/president-ksgov.net\/sr\/wp-json\/wp\/v2\/tags?post=74665"}],"curies":[{"name":"wp","href":"https:\/\/api.w.org\/{rel}","templated":true}]}}