{"id":74663,"date":"2021-11-29T13:57:31","date_gmt":"2021-11-29T13:57:31","guid":{"rendered":"https:\/\/dev.president-ksgov.net\/predsednica-osmani-doekala-je-na-sastanku-predsednika-slovenije-boruta-pahora\/"},"modified":"2021-11-29T13:57:31","modified_gmt":"2021-11-29T13:57:31","slug":"predsednica-osmani-doekala-je-na-sastanku-predsednika-slovenije-boruta-pahora","status":"publish","type":"post","link":"https:\/\/president-ksgov.net\/sr\/predsednica-osmani-doekala-je-na-sastanku-predsednika-slovenije-boruta-pahora\/","title":{"rendered":"Predsednica Osmani do&ccaron;ekala je na sastanku predsednika Slovenije Boruta Pahora"},"content":{"rendered":"<p>Predsednica Republike Kosovo Vjosa Osmani do&ccaron;ekala je danas na sastanku predsednika Slovenije Boruta Pahora.<\/p>\n<p>Osvr&cacute;u&cacute;i se retrospektivno na odnose sa slovena&ccaron;kom dr&#382;avom, predsednica Osmani ih je ocenila kao odli&ccaron;ne i istakla da su oni nastavak od 90-tih godina, kada je Slovenija stala na stranu pokreta za nezavisnost Kosova. Slovena&ccaron;ka podr\u0161ka Kosovu, prema re&ccaron;ima predsednice Osmani, nastavlja se i dalje, pominju&cacute;i da slovena&ccaron;ko iskustvo mo&#382;e pomo&cacute;i zemlji na evroatlantskom putu.<\/p>\n<p>\u201eZadovoljstvo je razgovarati sa na\u0161im dugogodi\u0161njim prijateljima o de\u0161avanjima ne samo na Kosovu, ve&cacute; i u na\u0161em regionu. Kao \u0161to znate, odnosi sa Slovenijom koji su veoma prijateljski datiraju jo\u0161 od 90-tih godina, deo politi&ccaron;kog delovanja pokreta i na\u0161ih napora za nezavisnost odvijali su se upravo u Sloveniji, u veoma te\u0161kim vremenima za na\u0161 narod. Slovenija je podr&#382;ala napore Kosova za nezavisnost kao \u0161to je podr&#382;ala Kosovo u posleratnoj fazi, bilo u&ccaron;e\u0161&cacute;em u KFOR-u preko slovena&ccaron;kih vojnih snaga, tako i uz veliki politi&ccaron;ki i diplomatski doprinos i podr\u0161ku\u201c, rekla je predsednica Osmani.<\/p>\n<p>Predsednica Osmani je istakla da Kosovo o&ccaron;ekuje pomo&cacute; Slovenije lobiranjem kod zemalja koje ga nisu priznale, ponoviv\u0161i cilj Kosova o &ccaron;lanstvu u EU, NATO, kao i drugim me&dstrok;unarodnim organizacijama.<\/p>\n<p>\u201eNaravno, Kosovo ima svoj jasan put i to je put evroatlantskih integracija. Nikada nismo gledali negde drugde jer za nas nema druge alternative osim Evropske unije i NATO-a, kao dva tela gde nam je mesto i gde su gra&dstrok;ani Kosova izrazili svoju jasnu volju. Me&dstrok;utim, moram ponovo da naglasim da je liberalizacija viza zakasnila za gra&dstrok;ane Kosova i to \u0161teti kredibilitetu Evropske unije, stoga ova liberalizacija mora da se desi \u0161to je pre mogu&cacute;e i nema razloga za oklevanje i na tome &#382;elim da se zahvalim predsedniku Pahoru na njegovoj sna&#382;noj podr\u0161ci i naravno da tra&#382;im dalju podr\u0161ku da se onih nekoliko zemalja koje mo&#382;da imaju oklevanja u vezi sa ovim procesom, ubede\u201c, naglasila je predsednica.<\/p>\n<p>Na sastanku sa kolegom Pahorom, predsednica Osmani je diskutovala i o procesu dijaloga sa Srbijom i poslednjim de\u0161avanjima u regionu. Prema njenim re&ccaron;ima, Kosovo je konstruktivna stranka i rezultat ovog dijaloga trebalo bi da bude me&dstrok;usobno priznanje.<\/p>\n<p>\u00a0\u201e\u0160to se ti&ccaron;e dijaloga Kosovo-Srbija, naravno da je Republika Kosovo uvek bila konstruktivna strana u ovom procesu, ali na\u0161 utisak je da Srbija nije zainteresovana za postizanje pravno obavezuju&cacute;eg sporazuma sa Republikom Kosovo i u ovom procesu, ponavljam da je za Republiku Kosovo, kao \u0161to su pomenuli predsednik Baiden i mnogi na\u0161i prijatelji \u0161irom sveta, uzajamno priznanje ono \u0161to treba da bude u centru ovog procesa\u201c, dodala je predsednica.<\/p>\n<p>A u regionalnom kontekstu, predsednica Osmani je izdvojila tendencije za destabilizaciju zbog \u0161irenja ruskog uticaja u regionu, kao i od hu\u0161ka&ccaron;ke retorike Srbije. U tom kontekstu, predsednica je zatra&#382;ila od me&dstrok;unarodne zajednice da osudi ovakve tendencije, jer su, prema njenim re&ccaron;ima, suprotne vrednostima koje zastupa Evropska unija.<\/p>\n<p>\u201eNa&#382;alost, na\u0161 severni sused ne &#382;eli stabilan i miran Zapadni Balkan, pa se slu&#382;i raznim retorikama i akcijama koje destabilizuju na\u0161 region. Zbog toga se nadamo da &cacute;e Evropska unija biti jasna u odnosu sa Srbijom i da &cacute;e nastojati da zaustavi hu\u0161ka&ccaron;ku retoriku, ali i destabilizuju&cacute;e akcije ne samo u odnosu na Kosovo ve&cacute; i u odnosu na druge zemlje u regionu kao \u0161to su Bosna i Hercegovina, Crna Gora i druge zemlje na\u0161eg regiona. Na&#382;alost Srbija tako&dstrok;e nastavlja da destabilizuje Kosovo kroz nelegalne strukture na severu na\u0161e zemlje. Tako&dstrok;e, pove&cacute;anje ruskog uticaja predstavlja pretnju za dalju destabilizaciju regiona, jer ovo pove&cacute;anje ruskog uticaja nikada nije bilo dobronamerno, ve&cacute; ima za cilj da se borbi protiv sistema zasnovanih na vrednostima NATO-a i Evropske unije. Za borbu protiv ovih destabilizuju&cacute;ih tendencija, naravno, potrebna nam je podr\u0161ka na\u0161ih prijatelja, potrebna nam je podr\u0161ka Slovenije i predsednika Pahora kao predsednika koji se 32 godine bavi politikom, verujem da odli&ccaron;no poznaje na\u0161 region, ali kao i &ccaron;injenicu \u0161ta &cacute;e se dogoditi ako ne interveni\u0161emo na vreme da zaustavimo autokratske i destabilizuju&cacute;e tendencije u na\u0161em regionu\u201c, istakla je predsednica Osmani.<\/p>\n<p>Deo sastanka bio je posve&cacute;en produbljivanju me&dstrok;udr&#382;avne saradnje, gde su izdvojene oblasti spoljne politike, odbrane, zdravstva, ekonomske razmene, investicija i dr.<\/p>\n","protected":false},"excerpt":{"rendered":"<p>Predsednica Republike Kosovo Vjosa Osmani do&ccaron;ekala je danas na sastanku predsednika Slovenije Boruta Pahora.<\/p>\n","protected":false},"author":1,"featured_media":17316,"comment_status":"open","ping_status":"closed","sticky":false,"template":"","format":"standard","meta":{"_eb_attr":"","footnotes":""},"categories":[101],"tags":[],"class_list":["post-74663","post","type-post","status-publish","format-standard","has-post-thumbnail","hentry","category-vesti"],"yoast_head":"<!-- This site is optimized with the Yoast SEO plugin v23.5 - https:\/\/yoast.com\/wordpress\/plugins\/seo\/ -->\n<title>Predsednica Osmani do&amp;ccaron;ekala je na sastanku predsednika Slovenije Boruta Pahora - Predsednik Republike Kosovo - DR. VJOSA OSMANI - SADRIU<\/title>\n<meta name=\"description\" content=\"Predsednica Osmani do&amp;ccaron;ekala je na sastanku predsednika Slovenije Boruta Pahora - Predsednik Republike Kosovo - DR. VJOSA OSMANI - SADRIU -\" \/>\n<meta name=\"robots\" content=\"index, follow, max-snippet:-1, max-image-preview:large, max-video-preview:-1\" \/>\n<link rel=\"canonical\" href=\"https:\/\/president-ksgov.net\/presidentja-osmani-priti-ne-takim-presidentin-e-sllovenise-borut-pahor\/\" \/>\n<meta property=\"og:locale\" content=\"sr_RS\" \/>\n<meta property=\"og:type\" content=\"article\" \/>\n<meta property=\"og:title\" content=\"Predsednica Osmani do&amp;ccaron;ekala je na sastanku predsednika Slovenije Boruta Pahora - Predsednik Republike Kosovo - DR. VJOSA OSMANI - SADRIU\" \/>\n<meta property=\"og:description\" content=\"Predsednica Osmani do&amp;ccaron;ekala je na sastanku predsednika Slovenije Boruta Pahora - Predsednik Republike Kosovo - DR. VJOSA OSMANI - SADRIU -\" \/>\n<meta property=\"og:url\" content=\"https:\/\/president-ksgov.net\/presidentja-osmani-priti-ne-takim-presidentin-e-sllovenise-borut-pahor\/\" \/>\n<meta property=\"og:site_name\" content=\"Predsednik Republike Kosovo - DR. VJOSA OSMANI - SADRIU\" \/>\n<meta property=\"article:published_time\" content=\"2021-11-29T13:57:31+00:00\" \/>\n<meta property=\"og:image\" content=\"https:\/\/president-ksgov.net\/wp-content\/uploads\/29_11_2021_9625049_IMG_e1fafe3292c57910d42b097209be3168_V.jpg\" \/>\n\t<meta property=\"og:image:width\" content=\"1280\" \/>\n\t<meta property=\"og:image:height\" content=\"853\" \/>\n\t<meta property=\"og:image:type\" content=\"image\/jpeg\" \/>\n<meta name=\"author\" content=\"admin\" \/>\n<meta name=\"twitter:card\" content=\"summary_large_image\" \/>\n<meta name=\"twitter:label1\" content=\"\u041d\u0430\u043f\u0438\u0441\u0430\u043d\u043e \u043e\u0434\" \/>\n\t<meta name=\"twitter:data1\" content=\"admin\" \/>\n\t<meta name=\"twitter:label2\" content=\"\u041f\u0440\u043e\u0446\u0435\u045a\u0435\u043d\u043e \u0432\u0440\u0435\u043c\u0435 \u0447\u0438\u0442\u0430\u045a\u0430\" \/>\n\t<meta name=\"twitter:data2\" content=\"4 \u043c\u0438\u043d\u0443\u0442\u0430\" \/>\n<script type=\"application\/ld+json\" class=\"yoast-schema-graph\">{\"@context\":\"https:\/\/schema.org\",\"@graph\":[{\"@type\":\"WebPage\",\"@id\":\"https:\/\/president-ksgov.net\/presidentja-osmani-priti-ne-takim-presidentin-e-sllovenise-borut-pahor\/\",\"url\":\"https:\/\/president-ksgov.net\/presidentja-osmani-priti-ne-takim-presidentin-e-sllovenise-borut-pahor\/\",\"name\":\"Predsednica Osmani do&ccaron;ekala je na sastanku predsednika Slovenije Boruta Pahora - Predsednik Republike Kosovo - DR. VJOSA OSMANI - SADRIU\",\"isPartOf\":{\"@id\":\"https:\/\/president-ksgov.net\/#website\"},\"primaryImageOfPage\":{\"@id\":\"https:\/\/president-ksgov.net\/presidentja-osmani-priti-ne-takim-presidentin-e-sllovenise-borut-pahor\/#primaryimage\"},\"image\":{\"@id\":\"https:\/\/president-ksgov.net\/presidentja-osmani-priti-ne-takim-presidentin-e-sllovenise-borut-pahor\/#primaryimage\"},\"thumbnailUrl\":\"https:\/\/president-ksgov.net\/wp-content\/uploads\/29_11_2021_9625049_IMG_e1fafe3292c57910d42b097209be3168_V.jpg\",\"datePublished\":\"2021-11-29T13:57:31+00:00\",\"dateModified\":\"2021-11-29T13:57:31+00:00\",\"author\":{\"@id\":\"https:\/\/president-ksgov.net\/#\/schema\/person\/bb4337a5fb147cb2046d80548172cbee\"},\"description\":\"Predsednica Osmani do&ccaron;ekala je na sastanku predsednika Slovenije Boruta Pahora - Predsednik Republike Kosovo - DR. VJOSA OSMANI - SADRIU -\",\"breadcrumb\":{\"@id\":\"https:\/\/president-ksgov.net\/presidentja-osmani-priti-ne-takim-presidentin-e-sllovenise-borut-pahor\/#breadcrumb\"},\"inLanguage\":\"sr-RS\",\"potentialAction\":[{\"@type\":\"ReadAction\",\"target\":[\"https:\/\/president-ksgov.net\/presidentja-osmani-priti-ne-takim-presidentin-e-sllovenise-borut-pahor\/\"]}]},{\"@type\":\"ImageObject\",\"inLanguage\":\"sr-RS\",\"@id\":\"https:\/\/president-ksgov.net\/presidentja-osmani-priti-ne-takim-presidentin-e-sllovenise-borut-pahor\/#primaryimage\",\"url\":\"https:\/\/president-ksgov.net\/wp-content\/uploads\/29_11_2021_9625049_IMG_e1fafe3292c57910d42b097209be3168_V.jpg\",\"contentUrl\":\"https:\/\/president-ksgov.net\/wp-content\/uploads\/29_11_2021_9625049_IMG_e1fafe3292c57910d42b097209be3168_V.jpg\",\"width\":1280,\"height\":853},{\"@type\":\"BreadcrumbList\",\"@id\":\"https:\/\/president-ksgov.net\/presidentja-osmani-priti-ne-takim-presidentin-e-sllovenise-borut-pahor\/#breadcrumb\",\"itemListElement\":[{\"@type\":\"ListItem\",\"position\":1,\"name\":\"Home\",\"item\":\"https:\/\/president-ksgov.net\/sr\/\"},{\"@type\":\"ListItem\",\"position\":2,\"name\":\"Predsednica Osmani do&ccaron;ekala je na sastanku predsednika Slovenije Boruta Pahora\"}]},{\"@type\":\"WebSite\",\"@id\":\"https:\/\/president-ksgov.net\/#website\",\"url\":\"https:\/\/president-ksgov.net\/\",\"name\":\"Presidente e Republik\u00ebs s\u00eb Kosov\u00ebs\",\"description\":\"Presidente e Republik\u00ebs s\u00eb Kosov\u00ebs\",\"alternateName\":\"DR. VJOSA OSMANI - SADRIU\",\"potentialAction\":[{\"@type\":\"SearchAction\",\"target\":{\"@type\":\"EntryPoint\",\"urlTemplate\":\"https:\/\/president-ksgov.net\/?s={search_term_string}\"},\"query-input\":{\"@type\":\"PropertyValueSpecification\",\"valueRequired\":true,\"valueName\":\"search_term_string\"}}],\"inLanguage\":\"sr-RS\"},{\"@type\":\"Person\",\"@id\":\"https:\/\/president-ksgov.net\/#\/schema\/person\/bb4337a5fb147cb2046d80548172cbee\",\"name\":\"admin\",\"image\":{\"@type\":\"ImageObject\",\"inLanguage\":\"sr-RS\",\"@id\":\"https:\/\/president-ksgov.net\/#\/schema\/person\/image\/\",\"url\":\"https:\/\/secure.gravatar.com\/avatar\/36156ca0fa3b8d9d25174f146e16beea0cf28f37adf1b9e19b6c9c279a7c9dd3?s=96&d=mm&r=g\",\"contentUrl\":\"https:\/\/secure.gravatar.com\/avatar\/36156ca0fa3b8d9d25174f146e16beea0cf28f37adf1b9e19b6c9c279a7c9dd3?s=96&d=mm&r=g\",\"caption\":\"admin\"},\"sameAs\":[\"https:\/\/president-ksgov.net\"]}]}<\/script>\n<!-- \/ Yoast SEO plugin. -->","yoast_head_json":{"title":"Predsednica Osmani do&ccaron;ekala je na sastanku predsednika Slovenije Boruta Pahora - Predsednik Republike Kosovo - DR. VJOSA OSMANI - SADRIU","description":"Predsednica Osmani do&ccaron;ekala je na sastanku predsednika Slovenije Boruta Pahora - Predsednik Republike Kosovo - DR. VJOSA OSMANI - SADRIU -","robots":{"index":"index","follow":"follow","max-snippet":"max-snippet:-1","max-image-preview":"max-image-preview:large","max-video-preview":"max-video-preview:-1"},"canonical":"https:\/\/president-ksgov.net\/presidentja-osmani-priti-ne-takim-presidentin-e-sllovenise-borut-pahor\/","og_locale":"sr_RS","og_type":"article","og_title":"Predsednica Osmani do&ccaron;ekala je na sastanku predsednika Slovenije Boruta Pahora - Predsednik Republike Kosovo - DR. VJOSA OSMANI - SADRIU","og_description":"Predsednica Osmani do&ccaron;ekala je na sastanku predsednika Slovenije Boruta Pahora - Predsednik Republike Kosovo - DR. VJOSA OSMANI - SADRIU -","og_url":"https:\/\/president-ksgov.net\/presidentja-osmani-priti-ne-takim-presidentin-e-sllovenise-borut-pahor\/","og_site_name":"Predsednik Republike Kosovo - DR. VJOSA OSMANI - SADRIU","article_published_time":"2021-11-29T13:57:31+00:00","og_image":[{"width":1280,"height":853,"url":"https:\/\/president-ksgov.net\/wp-content\/uploads\/29_11_2021_9625049_IMG_e1fafe3292c57910d42b097209be3168_V.jpg","type":"image\/jpeg"}],"author":"admin","twitter_card":"summary_large_image","twitter_misc":{"\u041d\u0430\u043f\u0438\u0441\u0430\u043d\u043e \u043e\u0434":"admin","\u041f\u0440\u043e\u0446\u0435\u045a\u0435\u043d\u043e \u0432\u0440\u0435\u043c\u0435 \u0447\u0438\u0442\u0430\u045a\u0430":"4 \u043c\u0438\u043d\u0443\u0442\u0430"},"schema":{"@context":"https:\/\/schema.org","@graph":[{"@type":"WebPage","@id":"https:\/\/president-ksgov.net\/presidentja-osmani-priti-ne-takim-presidentin-e-sllovenise-borut-pahor\/","url":"https:\/\/president-ksgov.net\/presidentja-osmani-priti-ne-takim-presidentin-e-sllovenise-borut-pahor\/","name":"Predsednica Osmani do&ccaron;ekala je na sastanku predsednika Slovenije Boruta Pahora - Predsednik Republike Kosovo - DR. VJOSA OSMANI - SADRIU","isPartOf":{"@id":"https:\/\/president-ksgov.net\/#website"},"primaryImageOfPage":{"@id":"https:\/\/president-ksgov.net\/presidentja-osmani-priti-ne-takim-presidentin-e-sllovenise-borut-pahor\/#primaryimage"},"image":{"@id":"https:\/\/president-ksgov.net\/presidentja-osmani-priti-ne-takim-presidentin-e-sllovenise-borut-pahor\/#primaryimage"},"thumbnailUrl":"https:\/\/president-ksgov.net\/wp-content\/uploads\/29_11_2021_9625049_IMG_e1fafe3292c57910d42b097209be3168_V.jpg","datePublished":"2021-11-29T13:57:31+00:00","dateModified":"2021-11-29T13:57:31+00:00","author":{"@id":"https:\/\/president-ksgov.net\/#\/schema\/person\/bb4337a5fb147cb2046d80548172cbee"},"description":"Predsednica Osmani do&ccaron;ekala je na sastanku predsednika Slovenije Boruta Pahora - Predsednik Republike Kosovo - DR. VJOSA OSMANI - SADRIU -","breadcrumb":{"@id":"https:\/\/president-ksgov.net\/presidentja-osmani-priti-ne-takim-presidentin-e-sllovenise-borut-pahor\/#breadcrumb"},"inLanguage":"sr-RS","potentialAction":[{"@type":"ReadAction","target":["https:\/\/president-ksgov.net\/presidentja-osmani-priti-ne-takim-presidentin-e-sllovenise-borut-pahor\/"]}]},{"@type":"ImageObject","inLanguage":"sr-RS","@id":"https:\/\/president-ksgov.net\/presidentja-osmani-priti-ne-takim-presidentin-e-sllovenise-borut-pahor\/#primaryimage","url":"https:\/\/president-ksgov.net\/wp-content\/uploads\/29_11_2021_9625049_IMG_e1fafe3292c57910d42b097209be3168_V.jpg","contentUrl":"https:\/\/president-ksgov.net\/wp-content\/uploads\/29_11_2021_9625049_IMG_e1fafe3292c57910d42b097209be3168_V.jpg","width":1280,"height":853},{"@type":"BreadcrumbList","@id":"https:\/\/president-ksgov.net\/presidentja-osmani-priti-ne-takim-presidentin-e-sllovenise-borut-pahor\/#breadcrumb","itemListElement":[{"@type":"ListItem","position":1,"name":"Home","item":"https:\/\/president-ksgov.net\/sr\/"},{"@type":"ListItem","position":2,"name":"Predsednica Osmani do&ccaron;ekala je na sastanku predsednika Slovenije Boruta Pahora"}]},{"@type":"WebSite","@id":"https:\/\/president-ksgov.net\/#website","url":"https:\/\/president-ksgov.net\/","name":"Presidente e Republik\u00ebs s\u00eb Kosov\u00ebs","description":"Presidente e Republik\u00ebs s\u00eb Kosov\u00ebs","alternateName":"DR. VJOSA OSMANI - SADRIU","potentialAction":[{"@type":"SearchAction","target":{"@type":"EntryPoint","urlTemplate":"https:\/\/president-ksgov.net\/?s={search_term_string}"},"query-input":{"@type":"PropertyValueSpecification","valueRequired":true,"valueName":"search_term_string"}}],"inLanguage":"sr-RS"},{"@type":"Person","@id":"https:\/\/president-ksgov.net\/#\/schema\/person\/bb4337a5fb147cb2046d80548172cbee","name":"admin","image":{"@type":"ImageObject","inLanguage":"sr-RS","@id":"https:\/\/president-ksgov.net\/#\/schema\/person\/image\/","url":"https:\/\/secure.gravatar.com\/avatar\/36156ca0fa3b8d9d25174f146e16beea0cf28f37adf1b9e19b6c9c279a7c9dd3?s=96&d=mm&r=g","contentUrl":"https:\/\/secure.gravatar.com\/avatar\/36156ca0fa3b8d9d25174f146e16beea0cf28f37adf1b9e19b6c9c279a7c9dd3?s=96&d=mm&r=g","caption":"admin"},"sameAs":["https:\/\/president-ksgov.net"]}]}},"_links":{"self":[{"href":"https:\/\/president-ksgov.net\/sr\/wp-json\/wp\/v2\/posts\/74663","targetHints":{"allow":["GET"]}}],"collection":[{"href":"https:\/\/president-ksgov.net\/sr\/wp-json\/wp\/v2\/posts"}],"about":[{"href":"https:\/\/president-ksgov.net\/sr\/wp-json\/wp\/v2\/types\/post"}],"author":[{"embeddable":true,"href":"https:\/\/president-ksgov.net\/sr\/wp-json\/wp\/v2\/users\/1"}],"replies":[{"embeddable":true,"href":"https:\/\/president-ksgov.net\/sr\/wp-json\/wp\/v2\/comments?post=74663"}],"version-history":[{"count":0,"href":"https:\/\/president-ksgov.net\/sr\/wp-json\/wp\/v2\/posts\/74663\/revisions"}],"wp:featuredmedia":[{"embeddable":true,"href":"https:\/\/president-ksgov.net\/sr\/wp-json\/wp\/v2\/media\/17316"}],"wp:attachment":[{"href":"https:\/\/president-ksgov.net\/sr\/wp-json\/wp\/v2\/media?parent=74663"}],"wp:term":[{"taxonomy":"category","embeddable":true,"href":"https:\/\/president-ksgov.net\/sr\/wp-json\/wp\/v2\/categories?post=74663"},{"taxonomy":"post_tag","embeddable":true,"href":"https:\/\/president-ksgov.net\/sr\/wp-json\/wp\/v2\/tags?post=74663"}],"curies":[{"name":"wp","href":"https:\/\/api.w.org\/{rel}","templated":true}]}}