{"id":74661,"date":"2021-12-01T16:30:20","date_gmt":"2021-12-01T16:30:20","guid":{"rendered":"https:\/\/dev.president-ksgov.net\/predsednica-osmani-doekala-na-sastanku-narodne-advokate-sa-kosova-iz-albanije-i-severne-makedonije\/"},"modified":"2021-12-01T16:30:20","modified_gmt":"2021-12-01T16:30:20","slug":"predsednica-osmani-doekala-na-sastanku-narodne-advokate-sa-kosova-iz-albanije-i-severne-makedonije","status":"publish","type":"post","link":"https:\/\/president-ksgov.net\/sr\/predsednica-osmani-doekala-na-sastanku-narodne-advokate-sa-kosova-iz-albanije-i-severne-makedonije\/","title":{"rendered":"Predsednica Osmani do&ccaron;ekala na sastanku narodne advokate sa Kosova, iz Albanije i Severne Makedonije"},"content":{"rendered":"<p>Predsednica Republike Kosovo Vjosa Osmani do&ccaron;ekala je danas na sastanku narodnog advokata Kosova g. Naima Qelaja, narodnog advokata Albanije g&dstrok;u Ernidu Ballancu, narodnog advokata Severne Makedonije g. Nasera Zyberija i komisionera za za\u0161titu od diskriminacije iz Republike Albanije g. Roberta Gajdu.<\/p>\n<p>Na sastanku sa njima predsednica Osmani istakla je da je za\u0161tita ljudskih prava i sloboda, kao i za\u0161tita iod diskriminacije bilo koje vrste, apsolutni \u00a0prioritet svih doma&cacute;ih institucija. Predsednica Osmani je ohrabrila narodne advokate iz tri dr&#382;ave da pove&cacute;aju saradnju u funkciji za\u0161tite ljudskih prava i sloboda, cilja koji ne poznaje granice.\u00a0<br \/>\nPredsednica Osmani izjavila je da je poverenje gra&dstrok;ana u nezavisne institucije temelj demokratije, a ujedno i preduslov za razvoj zemlje! Ona je tako&dstrok;e rekla da Institucija ombudsmana ima veliku bitnost za svaku dr&#382;avu, budu&cacute;i da ta institucija ne samo da tretira &#382;albe gra&dstrok;ana, ve&cacute; ujedno promovi\u0161e i ljudska prava o slobode.<\/p>\n","protected":false},"excerpt":{"rendered":"<p>Predsednica Republike Kosovo Vjosa Osmani do&ccaron;ekala je danas na sastanku narodnog advokata Kosova g. Naima Qelaja, narodnog advokata Albanije g&dstrok;u Ernidu Ballancu, narodnog advokata Severne Makedonije g. Nasera Zyberija i komisionera za za\u0161titu od diskriminacije iz Republike Albanije g. Roberta Gajdu.<\/p>\n","protected":false},"author":1,"featured_media":17305,"comment_status":"open","ping_status":"closed","sticky":false,"template":"","format":"standard","meta":{"_eb_attr":"","footnotes":""},"categories":[101],"tags":[],"class_list":["post-74661","post","type-post","status-publish","format-standard","has-post-thumbnail","hentry","category-vesti"],"yoast_head":"<!-- This site is optimized with the Yoast SEO plugin v23.5 - https:\/\/yoast.com\/wordpress\/plugins\/seo\/ -->\n<title>Predsednica Osmani do&amp;ccaron;ekala na sastanku narodne advokate sa Kosova, iz Albanije i Severne Makedonije - Predsednik Republike Kosovo - DR. VJOSA OSMANI - SADRIU<\/title>\n<meta name=\"description\" content=\"Predsednica Osmani do&amp;ccaron;ekala na sastanku narodne advokate sa Kosova, iz Albanije i Severne Makedonije - Predsednik Republike Kosovo - DR. VJOSA OSMANI - SADRIU -\" \/>\n<meta name=\"robots\" content=\"index, follow, max-snippet:-1, max-image-preview:large, max-video-preview:-1\" \/>\n<link rel=\"canonical\" href=\"https:\/\/president-ksgov.net\/presidentja-osmani-priti-ne-takim-avokatet-e-popullit-nga-kosova-shqiperia-dhe-maqedonia-e-veriut\/\" \/>\n<meta property=\"og:locale\" content=\"sr_RS\" \/>\n<meta property=\"og:type\" content=\"article\" \/>\n<meta property=\"og:title\" content=\"Predsednica Osmani do&amp;ccaron;ekala na sastanku narodne advokate sa Kosova, iz Albanije i Severne Makedonije - Predsednik Republike Kosovo - DR. VJOSA OSMANI - SADRIU\" \/>\n<meta property=\"og:description\" content=\"Predsednica Osmani do&amp;ccaron;ekala na sastanku narodne advokate sa Kosova, iz Albanije i Severne Makedonije - Predsednik Republike Kosovo - DR. VJOSA OSMANI - SADRIU -\" \/>\n<meta property=\"og:url\" content=\"https:\/\/president-ksgov.net\/presidentja-osmani-priti-ne-takim-avokatet-e-popullit-nga-kosova-shqiperia-dhe-maqedonia-e-veriut\/\" \/>\n<meta property=\"og:site_name\" content=\"Predsednik Republike Kosovo - DR. VJOSA OSMANI - SADRIU\" \/>\n<meta property=\"article:published_time\" content=\"2021-12-01T16:30:20+00:00\" \/>\n<meta property=\"og:image\" content=\"https:\/\/president-ksgov.net\/wp-content\/uploads\/01_12_2021_5585231_261598863_232788098963445_4940895220475288184_n.jpg\" \/>\n\t<meta property=\"og:image:width\" content=\"1008\" \/>\n\t<meta property=\"og:image:height\" content=\"664\" \/>\n\t<meta property=\"og:image:type\" content=\"image\/jpeg\" \/>\n<meta name=\"author\" content=\"admin\" \/>\n<meta name=\"twitter:card\" content=\"summary_large_image\" \/>\n<meta name=\"twitter:label1\" content=\"\u041d\u0430\u043f\u0438\u0441\u0430\u043d\u043e \u043e\u0434\" \/>\n\t<meta name=\"twitter:data1\" content=\"admin\" \/>\n\t<meta name=\"twitter:label2\" content=\"\u041f\u0440\u043e\u0446\u0435\u045a\u0435\u043d\u043e \u0432\u0440\u0435\u043c\u0435 \u0447\u0438\u0442\u0430\u045a\u0430\" \/>\n\t<meta name=\"twitter:data2\" content=\"1 \u043c\u0438\u043d\u0443\u0442\" \/>\n<script type=\"application\/ld+json\" class=\"yoast-schema-graph\">{\"@context\":\"https:\/\/schema.org\",\"@graph\":[{\"@type\":\"WebPage\",\"@id\":\"https:\/\/president-ksgov.net\/presidentja-osmani-priti-ne-takim-avokatet-e-popullit-nga-kosova-shqiperia-dhe-maqedonia-e-veriut\/\",\"url\":\"https:\/\/president-ksgov.net\/presidentja-osmani-priti-ne-takim-avokatet-e-popullit-nga-kosova-shqiperia-dhe-maqedonia-e-veriut\/\",\"name\":\"Predsednica Osmani do&ccaron;ekala na sastanku narodne advokate sa Kosova, iz Albanije i Severne Makedonije - Predsednik Republike Kosovo - DR. VJOSA OSMANI - SADRIU\",\"isPartOf\":{\"@id\":\"https:\/\/president-ksgov.net\/#website\"},\"primaryImageOfPage\":{\"@id\":\"https:\/\/president-ksgov.net\/presidentja-osmani-priti-ne-takim-avokatet-e-popullit-nga-kosova-shqiperia-dhe-maqedonia-e-veriut\/#primaryimage\"},\"image\":{\"@id\":\"https:\/\/president-ksgov.net\/presidentja-osmani-priti-ne-takim-avokatet-e-popullit-nga-kosova-shqiperia-dhe-maqedonia-e-veriut\/#primaryimage\"},\"thumbnailUrl\":\"https:\/\/president-ksgov.net\/wp-content\/uploads\/01_12_2021_5585231_261598863_232788098963445_4940895220475288184_n.jpg\",\"datePublished\":\"2021-12-01T16:30:20+00:00\",\"dateModified\":\"2021-12-01T16:30:20+00:00\",\"author\":{\"@id\":\"https:\/\/president-ksgov.net\/#\/schema\/person\/bb4337a5fb147cb2046d80548172cbee\"},\"description\":\"Predsednica Osmani do&ccaron;ekala na sastanku narodne advokate sa Kosova, iz Albanije i Severne Makedonije - Predsednik Republike Kosovo - DR. VJOSA OSMANI - SADRIU -\",\"breadcrumb\":{\"@id\":\"https:\/\/president-ksgov.net\/presidentja-osmani-priti-ne-takim-avokatet-e-popullit-nga-kosova-shqiperia-dhe-maqedonia-e-veriut\/#breadcrumb\"},\"inLanguage\":\"sr-RS\",\"potentialAction\":[{\"@type\":\"ReadAction\",\"target\":[\"https:\/\/president-ksgov.net\/presidentja-osmani-priti-ne-takim-avokatet-e-popullit-nga-kosova-shqiperia-dhe-maqedonia-e-veriut\/\"]}]},{\"@type\":\"ImageObject\",\"inLanguage\":\"sr-RS\",\"@id\":\"https:\/\/president-ksgov.net\/presidentja-osmani-priti-ne-takim-avokatet-e-popullit-nga-kosova-shqiperia-dhe-maqedonia-e-veriut\/#primaryimage\",\"url\":\"https:\/\/president-ksgov.net\/wp-content\/uploads\/01_12_2021_5585231_261598863_232788098963445_4940895220475288184_n.jpg\",\"contentUrl\":\"https:\/\/president-ksgov.net\/wp-content\/uploads\/01_12_2021_5585231_261598863_232788098963445_4940895220475288184_n.jpg\",\"width\":1008,\"height\":664},{\"@type\":\"BreadcrumbList\",\"@id\":\"https:\/\/president-ksgov.net\/presidentja-osmani-priti-ne-takim-avokatet-e-popullit-nga-kosova-shqiperia-dhe-maqedonia-e-veriut\/#breadcrumb\",\"itemListElement\":[{\"@type\":\"ListItem\",\"position\":1,\"name\":\"Home\",\"item\":\"https:\/\/president-ksgov.net\/sr\/\"},{\"@type\":\"ListItem\",\"position\":2,\"name\":\"Predsednica Osmani do&ccaron;ekala na sastanku narodne advokate sa Kosova, iz Albanije i Severne Makedonije\"}]},{\"@type\":\"WebSite\",\"@id\":\"https:\/\/president-ksgov.net\/#website\",\"url\":\"https:\/\/president-ksgov.net\/\",\"name\":\"Presidente e Republik\u00ebs s\u00eb Kosov\u00ebs\",\"description\":\"Presidente e Republik\u00ebs s\u00eb Kosov\u00ebs\",\"alternateName\":\"DR. VJOSA OSMANI - SADRIU\",\"potentialAction\":[{\"@type\":\"SearchAction\",\"target\":{\"@type\":\"EntryPoint\",\"urlTemplate\":\"https:\/\/president-ksgov.net\/?s={search_term_string}\"},\"query-input\":{\"@type\":\"PropertyValueSpecification\",\"valueRequired\":true,\"valueName\":\"search_term_string\"}}],\"inLanguage\":\"sr-RS\"},{\"@type\":\"Person\",\"@id\":\"https:\/\/president-ksgov.net\/#\/schema\/person\/bb4337a5fb147cb2046d80548172cbee\",\"name\":\"admin\",\"image\":{\"@type\":\"ImageObject\",\"inLanguage\":\"sr-RS\",\"@id\":\"https:\/\/president-ksgov.net\/#\/schema\/person\/image\/\",\"url\":\"https:\/\/secure.gravatar.com\/avatar\/36156ca0fa3b8d9d25174f146e16beea0cf28f37adf1b9e19b6c9c279a7c9dd3?s=96&d=mm&r=g\",\"contentUrl\":\"https:\/\/secure.gravatar.com\/avatar\/36156ca0fa3b8d9d25174f146e16beea0cf28f37adf1b9e19b6c9c279a7c9dd3?s=96&d=mm&r=g\",\"caption\":\"admin\"},\"sameAs\":[\"https:\/\/president-ksgov.net\"]}]}<\/script>\n<!-- \/ Yoast SEO plugin. -->","yoast_head_json":{"title":"Predsednica Osmani do&ccaron;ekala na sastanku narodne advokate sa Kosova, iz Albanije i Severne Makedonije - Predsednik Republike Kosovo - DR. VJOSA OSMANI - SADRIU","description":"Predsednica Osmani do&ccaron;ekala na sastanku narodne advokate sa Kosova, iz Albanije i Severne Makedonije - Predsednik Republike Kosovo - DR. VJOSA OSMANI - SADRIU -","robots":{"index":"index","follow":"follow","max-snippet":"max-snippet:-1","max-image-preview":"max-image-preview:large","max-video-preview":"max-video-preview:-1"},"canonical":"https:\/\/president-ksgov.net\/presidentja-osmani-priti-ne-takim-avokatet-e-popullit-nga-kosova-shqiperia-dhe-maqedonia-e-veriut\/","og_locale":"sr_RS","og_type":"article","og_title":"Predsednica Osmani do&ccaron;ekala na sastanku narodne advokate sa Kosova, iz Albanije i Severne Makedonije - Predsednik Republike Kosovo - DR. VJOSA OSMANI - SADRIU","og_description":"Predsednica Osmani do&ccaron;ekala na sastanku narodne advokate sa Kosova, iz Albanije i Severne Makedonije - Predsednik Republike Kosovo - DR. VJOSA OSMANI - SADRIU -","og_url":"https:\/\/president-ksgov.net\/presidentja-osmani-priti-ne-takim-avokatet-e-popullit-nga-kosova-shqiperia-dhe-maqedonia-e-veriut\/","og_site_name":"Predsednik Republike Kosovo - DR. VJOSA OSMANI - SADRIU","article_published_time":"2021-12-01T16:30:20+00:00","og_image":[{"width":1008,"height":664,"url":"https:\/\/president-ksgov.net\/wp-content\/uploads\/01_12_2021_5585231_261598863_232788098963445_4940895220475288184_n.jpg","type":"image\/jpeg"}],"author":"admin","twitter_card":"summary_large_image","twitter_misc":{"\u041d\u0430\u043f\u0438\u0441\u0430\u043d\u043e \u043e\u0434":"admin","\u041f\u0440\u043e\u0446\u0435\u045a\u0435\u043d\u043e \u0432\u0440\u0435\u043c\u0435 \u0447\u0438\u0442\u0430\u045a\u0430":"1 \u043c\u0438\u043d\u0443\u0442"},"schema":{"@context":"https:\/\/schema.org","@graph":[{"@type":"WebPage","@id":"https:\/\/president-ksgov.net\/presidentja-osmani-priti-ne-takim-avokatet-e-popullit-nga-kosova-shqiperia-dhe-maqedonia-e-veriut\/","url":"https:\/\/president-ksgov.net\/presidentja-osmani-priti-ne-takim-avokatet-e-popullit-nga-kosova-shqiperia-dhe-maqedonia-e-veriut\/","name":"Predsednica Osmani do&ccaron;ekala na sastanku narodne advokate sa Kosova, iz Albanije i Severne Makedonije - Predsednik Republike Kosovo - DR. VJOSA OSMANI - SADRIU","isPartOf":{"@id":"https:\/\/president-ksgov.net\/#website"},"primaryImageOfPage":{"@id":"https:\/\/president-ksgov.net\/presidentja-osmani-priti-ne-takim-avokatet-e-popullit-nga-kosova-shqiperia-dhe-maqedonia-e-veriut\/#primaryimage"},"image":{"@id":"https:\/\/president-ksgov.net\/presidentja-osmani-priti-ne-takim-avokatet-e-popullit-nga-kosova-shqiperia-dhe-maqedonia-e-veriut\/#primaryimage"},"thumbnailUrl":"https:\/\/president-ksgov.net\/wp-content\/uploads\/01_12_2021_5585231_261598863_232788098963445_4940895220475288184_n.jpg","datePublished":"2021-12-01T16:30:20+00:00","dateModified":"2021-12-01T16:30:20+00:00","author":{"@id":"https:\/\/president-ksgov.net\/#\/schema\/person\/bb4337a5fb147cb2046d80548172cbee"},"description":"Predsednica Osmani do&ccaron;ekala na sastanku narodne advokate sa Kosova, iz Albanije i Severne Makedonije - Predsednik Republike Kosovo - DR. VJOSA OSMANI - SADRIU -","breadcrumb":{"@id":"https:\/\/president-ksgov.net\/presidentja-osmani-priti-ne-takim-avokatet-e-popullit-nga-kosova-shqiperia-dhe-maqedonia-e-veriut\/#breadcrumb"},"inLanguage":"sr-RS","potentialAction":[{"@type":"ReadAction","target":["https:\/\/president-ksgov.net\/presidentja-osmani-priti-ne-takim-avokatet-e-popullit-nga-kosova-shqiperia-dhe-maqedonia-e-veriut\/"]}]},{"@type":"ImageObject","inLanguage":"sr-RS","@id":"https:\/\/president-ksgov.net\/presidentja-osmani-priti-ne-takim-avokatet-e-popullit-nga-kosova-shqiperia-dhe-maqedonia-e-veriut\/#primaryimage","url":"https:\/\/president-ksgov.net\/wp-content\/uploads\/01_12_2021_5585231_261598863_232788098963445_4940895220475288184_n.jpg","contentUrl":"https:\/\/president-ksgov.net\/wp-content\/uploads\/01_12_2021_5585231_261598863_232788098963445_4940895220475288184_n.jpg","width":1008,"height":664},{"@type":"BreadcrumbList","@id":"https:\/\/president-ksgov.net\/presidentja-osmani-priti-ne-takim-avokatet-e-popullit-nga-kosova-shqiperia-dhe-maqedonia-e-veriut\/#breadcrumb","itemListElement":[{"@type":"ListItem","position":1,"name":"Home","item":"https:\/\/president-ksgov.net\/sr\/"},{"@type":"ListItem","position":2,"name":"Predsednica Osmani do&ccaron;ekala na sastanku narodne advokate sa Kosova, iz Albanije i Severne Makedonije"}]},{"@type":"WebSite","@id":"https:\/\/president-ksgov.net\/#website","url":"https:\/\/president-ksgov.net\/","name":"Presidente e Republik\u00ebs s\u00eb Kosov\u00ebs","description":"Presidente e Republik\u00ebs s\u00eb Kosov\u00ebs","alternateName":"DR. VJOSA OSMANI - SADRIU","potentialAction":[{"@type":"SearchAction","target":{"@type":"EntryPoint","urlTemplate":"https:\/\/president-ksgov.net\/?s={search_term_string}"},"query-input":{"@type":"PropertyValueSpecification","valueRequired":true,"valueName":"search_term_string"}}],"inLanguage":"sr-RS"},{"@type":"Person","@id":"https:\/\/president-ksgov.net\/#\/schema\/person\/bb4337a5fb147cb2046d80548172cbee","name":"admin","image":{"@type":"ImageObject","inLanguage":"sr-RS","@id":"https:\/\/president-ksgov.net\/#\/schema\/person\/image\/","url":"https:\/\/secure.gravatar.com\/avatar\/36156ca0fa3b8d9d25174f146e16beea0cf28f37adf1b9e19b6c9c279a7c9dd3?s=96&d=mm&r=g","contentUrl":"https:\/\/secure.gravatar.com\/avatar\/36156ca0fa3b8d9d25174f146e16beea0cf28f37adf1b9e19b6c9c279a7c9dd3?s=96&d=mm&r=g","caption":"admin"},"sameAs":["https:\/\/president-ksgov.net"]}]}},"_links":{"self":[{"href":"https:\/\/president-ksgov.net\/sr\/wp-json\/wp\/v2\/posts\/74661","targetHints":{"allow":["GET"]}}],"collection":[{"href":"https:\/\/president-ksgov.net\/sr\/wp-json\/wp\/v2\/posts"}],"about":[{"href":"https:\/\/president-ksgov.net\/sr\/wp-json\/wp\/v2\/types\/post"}],"author":[{"embeddable":true,"href":"https:\/\/president-ksgov.net\/sr\/wp-json\/wp\/v2\/users\/1"}],"replies":[{"embeddable":true,"href":"https:\/\/president-ksgov.net\/sr\/wp-json\/wp\/v2\/comments?post=74661"}],"version-history":[{"count":0,"href":"https:\/\/president-ksgov.net\/sr\/wp-json\/wp\/v2\/posts\/74661\/revisions"}],"wp:featuredmedia":[{"embeddable":true,"href":"https:\/\/president-ksgov.net\/sr\/wp-json\/wp\/v2\/media\/17305"}],"wp:attachment":[{"href":"https:\/\/president-ksgov.net\/sr\/wp-json\/wp\/v2\/media?parent=74661"}],"wp:term":[{"taxonomy":"category","embeddable":true,"href":"https:\/\/president-ksgov.net\/sr\/wp-json\/wp\/v2\/categories?post=74661"},{"taxonomy":"post_tag","embeddable":true,"href":"https:\/\/president-ksgov.net\/sr\/wp-json\/wp\/v2\/tags?post=74661"}],"curies":[{"name":"wp","href":"https:\/\/api.w.org\/{rel}","templated":true}]}}