{"id":74655,"date":"2021-12-07T08:30:18","date_gmt":"2021-12-07T08:30:18","guid":{"rendered":"https:\/\/dev.president-ksgov.net\/govor-predsednice-osmani-na-posebnoj-aktivnosti-u-ast-nase-visestruke-sampionke-majlinde-kelmendi\/"},"modified":"2023-03-08T09:00:37","modified_gmt":"2023-03-08T09:00:37","slug":"govor-predsednice-osmani-na-posebnoj-aktivnosti-u-ast-nase-visestruke-sampionke-majlinde-kelmendi","status":"publish","type":"post","link":"https:\/\/president-ksgov.net\/sr\/govor-predsednice-osmani-na-posebnoj-aktivnosti-u-ast-nase-visestruke-sampionke-majlinde-kelmendi\/","title":{"rendered":"Govor predsednice Osmani na posebnoj aktivnosti u &ccaron;ast na\u0161e vi\u0161estruke \u0161ampionke, Majlinde Kelmendi"},"content":{"rendered":"<p>Veoma draga Majlinda!<br \/>\nDraga Majlindina porodico!<br \/>\nPo\u0161tovani predstavnici institucija u zemlji!<br \/>\nG. ministre!<br \/>\nGospo&dstrok;o predsednice!<br \/>\nPredstavnici politi&ccaron;kih partija!<br \/>\nPo\u0161tovani ambasadori!<br \/>\nPoslanici!<br \/>\nPo\u0161tovani Dritone i Agrone Kuka!<br \/>\nHvala svima od srca na u&ccaron;e\u0161&cacute;u!<br \/>\nDragi gosti!<\/p>\n<p>Ona se s pravom smatra legendom d&#382;udo sporta. Ona se s pravom smatra heroinom Kosova. Sa tri decenije svog &#382;ivota, Majlinda je postala lice dana\u0161njeg Kosova, &ccaron;ime je na\u0161a dr&#382;ava postala onakva kakvom je &#382;elimo. Plavo-&#382;uta zastava se vijorila na vrhovima uz zastave najve&cacute;ih dr&#382;ava \u0161irom sveta zahvaljuju&cacute;i Majlindinom trijumfu. Dr&#382;ala nas je u neizvesnosti, rasplakala nas od radosti, u&ccaron;inila nas je ponosnim.<\/p>\n<p>Tridesetogodi\u0161njakinja je heroina\u00a0 i ponos cele na\u0161e zemlje. Ona nije samo svetski poznata d&#382;udistkinja, ona nije samo svetska \u0161ampionka sa dve titule sa svetskih prvenstava, ona nije samo d&#382;udistkinja sa &ccaron;etiri evropske titule i zlatnom olimpijskom medaljom, ona nije samo pobednica Grand Slama, Grand Prixa i Mastersa.<\/p>\n<p>Ona je zapravo izazvala d&#382;udo sa svime \u0161to se mo&#382;e osvojiti i osvojila je sve \u0161to se mo&#382;e osvojiti!<\/p>\n<p>Majlinda je na\u0161 ostvaren san, ona je zaista na\u0161a heroina!<\/p>\n<p>Kosovo je prvi put bilo predstavljeno na Olimpijskim igrama u Riju 2016. godine sa Majlindom i prvi put je Kosovu donela prvu zlatnu medalju. Zahvaljuju&cacute;i njenoj posve&cacute;enosti, prvi put se na ovim igrama zavijorila zastava Republike Kosovo. Ona je prva koja je na\u0161oj maloj zemlji dala odjek, dr&#382;avi u kojoj dominiraju njeni mladi vr\u0161njaci. Ova nesalomiva sila sa uzastopnim uspesima bila je i bi&cacute;e inspiracija devojkama sa Kosova i \u0161ire.<br \/>\n\u00a0<br \/>\nOvo je Majlinda Kelmendi! Mnogo vi\u0161e od nagrada koje je osvojila.<\/p>\n<p>Uva&#382;eni prisutni,<\/p>\n<p>Bez Majlinde i njene hrabrosti da osvaja nove horizonte, bez modela koji je dala na\u0161im mladima, danas ne bismo imali Distriju i Noru, i mnoge druge devojke.<\/p>\n<p>Najbr&#382;i &ccaron;ovek na svetu Eric Liddle, koji je poznat kao \u201elete&cacute;i \u0160kotlan&dstrok;anin\u201d, ka&#382;e da je ista slava i u pra\u0161ini poraza i u lovorikama pobede, ako ste dali sve od sebe! Majlinda je dala sve od sebe i vi\u0161e nego sve, zablistala je postavljaju&cacute;i Kosovo na svetsku mapu d&#382;udoa svojim borbenim dugom, disciplinom, neizmernom posve&cacute;eno\u0161&cacute;u i ljubavlju prema svojoj zemlji i svom narodu.<\/p>\n<p>Devoj&ccaron;ica velike du\u0161e vi\u0161e nije samo pri&ccaron;a, ona je simbol hrabrosti, motiv i nada koji su razbili svaki stereotip, ma kakvi da su. Njen trijumf je dokazao da nema malih zemalja koje ne mogu da trijumfuju u d&#382;udou, kao \u0161to nema devojaka koje ne mogu da trijumfuju u ovom sportu. Majlinda je uradila oboje. Pokazala je snagu jedne devojke, kao i snagu dr&#382;ave, na &ccaron;emu &cacute;emo joj uvek biti zahvalni!<\/p>\n<p>San zapo&ccaron;et od kako je imala 8 godina, kada je zapo&ccaron;ela svoj put u d&#382;udou, koji je ispunila istrajno\u0161&cacute;u. Dostojanstveno je predstavljala dr&#382;avu, bila je stoi&ccaron;na, borila se i borila.<\/p>\n<p>Nije bila zavedena brojnim primamljivim ponudama da obu&ccaron;e dres bilo koje druge zemlje, ve&cacute; je odlu&ccaron;ila da ostane verna bojama svoje zemlje, Republike Kosovo.<\/p>\n<p>Na &ccaron;elu sa trenerom Dritonom Kukom, Majlinda je dokazala da kosovske devojke to mogu &ccaron;ak i u sportu koji se tradicionalno smatrao mu\u0161kim.<\/p>\n<p>Naravno, ovo je izuzetan uspeh pod vo&dstrok;stvom stru&ccaron;nog, zahtevnog i vizionarskog trenera kakav je Toni Kuka, ali i lidera D&#382;udo saveza, poput Agrona Kuke.<\/p>\n<p>Toni je zaslu&#382;an &ccaron;ovek, koji je o&#382;iveo strast za d&#382;udoom ne samo u Majlindi, ve&cacute; i kod mnogih drugih devoj&ccaron;ica i de&ccaron;aka, pretvoriv\u0161i Kosovo u glavnog konkurenta Japana, zemlje u kojoj se rodio d&#382;udo. Zato, Toni i Agrone, hvala vam \u0161to ste nas odlikovali kao dr&#382;avu, \u0161to ste nas uzdigli i \u0161to nas &ccaron;inite ponosnim pored najmo&cacute;nijih dr&#382;ava u ovoj sportskoj disciplini.<\/p>\n<p>Ali, kao i u procesu nezavisnosti zemlje, i u d&#382;udou Kosovo nije moglo da postigne uspehe bez podr\u0161ke brojnih prijatelja u zemlji i van nje. &Ccaron;ovek koji je mnogo uradio za kosovski d&#382;udo, na Mjalindino insistiranje, ali i za samu Majlindu, posebno je predsednik Svetske d&#382;udo federacije Marius Vizer, tako da s pravom ulica u kojoj se nalazi Nacionalni d&#382;udo centar u Pe&cacute;i, odlukom op\u0161tine Pe&cacute; nosi njegovo ime u znak trajnog po\u0161tovanja za ono \u0161to je u&ccaron;inio za na\u0161u zemlju. Gospodine Vizer, narod Kosova &cacute;e uvek biti zahvalan na prilici koju ste dali Majlindi, d&#382;udou i dr&#382;avi Kosovo da zablistaju na me&dstrok;unarodnom planu!<\/p>\n<p>Po\u0161tovani u&ccaron;esnici,<\/p>\n<p>Danas smo ovde da otvorimo novo poglavlje za Majlindu. Ostavljaju&cacute;i za sobom uspe\u0161nu karijeru u aktivnom sportu, Majlinda &cacute;e od sada nastaviti svoj put u drugim sportskim anga&#382;manima, gde &cacute;e, &ccaron;vrsto verujem, ponovo biti nenadma\u0161na adresa uspeha.<\/p>\n<p>Njoj dobro stoji svaka nagrada, jer zaslu&#382;uje svaku nagradu. Nikada ne&cacute;emo mo&cacute;i da joj uzvratimo za emocije, za ponos ,za dostojanstvo koje nam je kao dr&#382;avi vratila. Ona nas je kao malu zemlju ohrabrila da se suo&ccaron;imo sa silama u d&#382;udou. Majlinda se usudila da svoj san i san na\u0161e dr&#382;ave ostvari. Dakle, kao hrabra &#382;ena, nema drugog na&ccaron;ina da zavr\u0161i ovo njeno &#382;ivotno poglavlje, osim odlikovanjem, koje nosi ime jo\u0161 jedne jednako hrabre &#382;ene, koje &cacute;u joj danas uru&ccaron;iti.<\/p>\n<p>Poput na\u0161e heroine Shot\u00eb Galice u bitkama sa pu\u0161kama, Majlinda je u sportskim okr\u0161ajima &ccaron;uvala inspiraciju za &ccaron;itave generacije, na\u0161 nacionalni ponos, branila na\u0161e dostojanstvo i visoko vijorila zastavu dr&#382;ave Kosovo.<\/p>\n<p>Zato, ponizno ka&#382;em\u00a0 hvala Majlinda!<\/p>\n<p>Pozivam te na binu da primi\u0161 orden Shot\u00eb Galice, jedan od najvi\u0161ih predsedni&ccaron;kih ordena, koji se dodeljuje osobama koje su se zalagale, &ccaron;inile hrabra i smela i pri tome doprinele rodnoj ravnopravnosti!<\/p>\n","protected":false},"excerpt":{"rendered":"<p>Veoma draga Majlinda! Draga Majlindina porodico! Po\u0161tovani predstavnici institucija u zemlji! G. ministre! Gospo&dstrok;o predsednice! Predstavnici politi&ccaron;kih partija! Po\u0161tovani ambasadori! Poslanici! Po\u0161tovani Dritone i Agrone Kuka! Hvala svima od srca na u&ccaron;e\u0161&cacute;u! Dragi gosti! Ona se s pravom smatra legendom d&#382;udo sporta. Ona se s pravom smatra heroinom Kosova. Sa tri decenije svog &#382;ivota, Majlinda je postala lice dana\u0161njeg Kosova, &ccaron;ime je na\u0161a dr&#382;ava postala onakva kakvom je &#382;elimo. Plavo-&#382;uta zastava se vijorila na vrhovima uz zastave najve&cacute;ih dr&#382;ava \u0161irom sveta zahvaljuju&cacute;i Majlindinom trijumfu. Dr&#382;ala nas je u neizvesnosti, rasplakala nas od radosti, u&ccaron;inila nas je ponosnim. Tridesetogodi\u0161njakinja je heroina\u00a0 i ponos cele na\u0161e zemlje. Ona nije samo svetski poznata d&#382;udistkinja, ona nije samo svetska \u0161ampionka sa dve titule sa svetskih prvenstava, ona nije samo d&#382;udistkinja sa &ccaron;etiri evropske titule i zlatnom olimpijskom medaljom, ona nije samo pobednica Grand Slama, Grand Prixa i Mastersa. Ona je zapravo izazvala d&#382;udo sa svime \u0161to se mo&#382;e osvojiti i osvojila je sve \u0161to se mo&#382;e osvojiti! Majlinda je na\u0161 ostvaren san, ona je zaista na\u0161a heroina! Kosovo je prvi put bilo predstavljeno na Olimpijskim igrama u Riju 2016. godine sa Majlindom i prvi put je Kosovu donela prvu zlatnu medalju. Zahvaljuju&cacute;i njenoj posve&cacute;enosti, prvi put se na ovim igrama zavijorila zastava Republike Kosovo. Ona je prva koja je na\u0161oj maloj zemlji dala odjek, dr&#382;avi u kojoj dominiraju njeni mladi vr\u0161njaci. Ova nesalomiva sila sa uzastopnim uspesima bila je i bi&cacute;e inspiracija devojkama sa Kosova i \u0161ire. \u00a0 Ovo je Majlinda Kelmendi! Mnogo vi\u0161e od nagrada koje je osvojila. Uva&#382;eni prisutni, Bez Majlinde i njene hrabrosti da osvaja nove horizonte, bez modela koji je dala na\u0161im mladima, danas ne bismo imali Distriju i Noru, i mnoge druge devojke. Najbr&#382;i &ccaron;ovek na svetu Eric Liddle, koji je poznat kao \u201elete&cacute;i \u0160kotlan&dstrok;anin\u201d, ka&#382;e da je ista slava i u pra\u0161ini poraza i u lovorikama pobede, ako ste dali sve od sebe! Majlinda je dala sve od sebe i vi\u0161e nego sve, zablistala je postavljaju&cacute;i Kosovo na svetsku mapu d&#382;udoa svojim borbenim dugom, disciplinom, neizmernom posve&cacute;eno\u0161&cacute;u i ljubavlju prema svojoj zemlji i svom narodu. Devoj&ccaron;ica velike du\u0161e vi\u0161e nije samo pri&ccaron;a, ona je simbol hrabrosti, motiv i nada koji su razbili svaki stereotip, ma kakvi da su. Njen trijumf je dokazao da nema malih zemalja koje ne mogu da trijumfuju u d&#382;udou, kao \u0161to nema devojaka koje ne mogu da trijumfuju u ovom sportu. Majlinda je uradila oboje. Pokazala je snagu jedne devojke, kao i snagu dr&#382;ave, na &ccaron;emu &cacute;emo joj uvek biti zahvalni! San zapo&ccaron;et od kako je imala 8 godina, kada je zapo&ccaron;ela svoj put u d&#382;udou, koji je ispunila istrajno\u0161&cacute;u. Dostojanstveno je predstavljala dr&#382;avu, bila je stoi&ccaron;na, borila se i borila. Nije bila zavedena brojnim primamljivim ponudama da obu&ccaron;e dres bilo koje druge zemlje, ve&cacute; je odlu&ccaron;ila da ostane verna bojama svoje zemlje, Republike Kosovo. Na &ccaron;elu sa trenerom Dritonom Kukom, Majlinda je dokazala da kosovske devojke to mogu &ccaron;ak i u sportu koji se tradicionalno smatrao mu\u0161kim. Naravno, ovo je izuzetan uspeh pod vo&dstrok;stvom stru&ccaron;nog, zahtevnog i vizionarskog trenera kakav je Toni Kuka, ali i lidera D&#382;udo saveza, poput Agrona Kuke. Toni je zaslu&#382;an &ccaron;ovek, koji je o&#382;iveo strast za d&#382;udoom ne samo u Majlindi, ve&cacute; i kod mnogih drugih devoj&ccaron;ica i de&ccaron;aka, pretvoriv\u0161i Kosovo u glavnog konkurenta Japana, zemlje u kojoj se rodio d&#382;udo. Zato, Toni i Agrone, hvala vam \u0161to ste nas odlikovali kao dr&#382;avu, \u0161to ste nas uzdigli i \u0161to nas &ccaron;inite ponosnim pored najmo&cacute;nijih dr&#382;ava u ovoj sportskoj disciplini. Ali, kao i u procesu nezavisnosti zemlje, i u d&#382;udou Kosovo nije moglo da postigne uspehe bez podr\u0161ke brojnih prijatelja u zemlji i van nje. &Ccaron;ovek koji je mnogo uradio za kosovski d&#382;udo, na Mjalindino insistiranje, ali i za samu Majlindu, posebno je predsednik Svetske d&#382;udo federacije Marius Vizer, tako da s pravom ulica u kojoj se nalazi Nacionalni d&#382;udo centar u Pe&cacute;i, odlukom op\u0161tine Pe&cacute; nosi njegovo ime u znak trajnog po\u0161tovanja za ono \u0161to je u&ccaron;inio za na\u0161u zemlju. Gospodine Vizer, narod Kosova &cacute;e uvek biti zahvalan na prilici koju ste dali Majlindi, d&#382;udou i dr&#382;avi Kosovo da zablistaju na me&dstrok;unarodnom planu! Po\u0161tovani u&ccaron;esnici, Danas smo ovde da otvorimo novo poglavlje za Majlindu. Ostavljaju&cacute;i za sobom uspe\u0161nu karijeru u aktivnom sportu, Majlinda &cacute;e od sada nastaviti svoj put u drugim sportskim anga&#382;manima, gde &cacute;e, &ccaron;vrsto verujem, ponovo biti nenadma\u0161na adresa uspeha. Njoj dobro stoji svaka nagrada, jer zaslu&#382;uje svaku nagradu. Nikada ne&cacute;emo mo&cacute;i da joj uzvratimo za emocije, za ponos ,za dostojanstvo koje nam je kao dr&#382;avi vratila. Ona nas je kao malu zemlju ohrabrila da se suo&ccaron;imo sa silama u d&#382;udou. Majlinda se usudila da svoj san i san na\u0161e dr&#382;ave ostvari. Dakle, kao hrabra &#382;ena, nema drugog na&ccaron;ina da zavr\u0161i ovo njeno &#382;ivotno poglavlje, osim odlikovanjem, koje nosi ime jo\u0161 jedne jednako hrabre &#382;ene, koje &cacute;u joj danas uru&ccaron;iti. Poput na\u0161e heroine Shot\u00eb Galice u bitkama sa pu\u0161kama, Majlinda je u sportskim okr\u0161ajima &ccaron;uvala inspiraciju za &ccaron;itave generacije, na\u0161 nacionalni ponos, branila na\u0161e dostojanstvo i visoko vijorila zastavu dr&#382;ave Kosovo. Zato, ponizno ka&#382;em\u00a0 hvala Majlinda! Pozivam te na binu da primi\u0161 orden Shot\u00eb Galice, jedan od najvi\u0161ih predsedni&ccaron;kih ordena, koji se dodeljuje osobama koje su se zalagale, &ccaron;inile hrabra i smela i pri tome doprinele rodnoj ravnopravnosti!<\/p>\n","protected":false},"author":1,"featured_media":17263,"comment_status":"open","ping_status":"closed","sticky":false,"template":"","format":"standard","meta":{"_eb_attr":"","footnotes":""},"categories":[106],"tags":[],"class_list":["post-74655","post","type-post","status-publish","format-standard","has-post-thumbnail","hentry","category-govori"],"yoast_head":"<!-- This site is optimized with the Yoast SEO plugin v23.5 - https:\/\/yoast.com\/wordpress\/plugins\/seo\/ -->\n<title>Govor predsednice Osmani na posebnoj aktivnosti u &amp;ccaron;ast na\u0161e vi\u0161estruke \u0161ampionke, Majlinde Kelmendi - Predsednik Republike Kosovo - DR. VJOSA OSMANI - SADRIU<\/title>\n<meta name=\"description\" content=\"Govor predsednice Osmani na posebnoj aktivnosti u &amp;ccaron;ast na\u0161e vi\u0161estruke \u0161ampionke, Majlinde Kelmendi - Predsednik Republike Kosovo - DR. VJOSA OSMANI - SADRIU -\" \/>\n<meta name=\"robots\" content=\"index, follow, max-snippet:-1, max-image-preview:large, max-video-preview:-1\" \/>\n<link rel=\"canonical\" href=\"https:\/\/president-ksgov.net\/sr\/govor-predsednice-osmani-na-posebnoj-aktivnosti-u-ast-nase-visestruke-sampionke-majlinde-kelmendi\/\" \/>\n<meta property=\"og:locale\" content=\"sr_RS\" \/>\n<meta property=\"og:type\" content=\"article\" \/>\n<meta property=\"og:title\" content=\"Govor predsednice Osmani na posebnoj aktivnosti u &amp;ccaron;ast na\u0161e vi\u0161estruke \u0161ampionke, Majlinde Kelmendi - Predsednik Republike Kosovo - DR. VJOSA OSMANI - SADRIU\" \/>\n<meta property=\"og:description\" content=\"Govor predsednice Osmani na posebnoj aktivnosti u &amp;ccaron;ast na\u0161e vi\u0161estruke \u0161ampionke, Majlinde Kelmendi - Predsednik Republike Kosovo - DR. VJOSA OSMANI - SADRIU -\" \/>\n<meta property=\"og:url\" content=\"https:\/\/president-ksgov.net\/sr\/govor-predsednice-osmani-na-posebnoj-aktivnosti-u-ast-nase-visestruke-sampionke-majlinde-kelmendi\/\" \/>\n<meta property=\"og:site_name\" content=\"Predsednik Republike Kosovo - DR. VJOSA OSMANI - SADRIU\" \/>\n<meta property=\"article:published_time\" content=\"2021-12-07T08:30:18+00:00\" \/>\n<meta property=\"article:modified_time\" content=\"2023-03-08T09:00:37+00:00\" \/>\n<meta property=\"og:image\" content=\"https:\/\/president-ksgov.net\/wp-content\/uploads\/07_12_2021_9307360_IMG_cde31aa75962992dccaa180b865a5cc4_V.jpg\" \/>\n\t<meta property=\"og:image:width\" content=\"721\" \/>\n\t<meta property=\"og:image:height\" content=\"480\" \/>\n\t<meta property=\"og:image:type\" content=\"image\/jpeg\" \/>\n<meta name=\"author\" content=\"admin\" \/>\n<meta name=\"twitter:card\" content=\"summary_large_image\" \/>\n<meta name=\"twitter:label1\" content=\"\u041d\u0430\u043f\u0438\u0441\u0430\u043d\u043e \u043e\u0434\" \/>\n\t<meta name=\"twitter:data1\" content=\"admin\" \/>\n\t<meta name=\"twitter:label2\" content=\"\u041f\u0440\u043e\u0446\u0435\u045a\u0435\u043d\u043e \u0432\u0440\u0435\u043c\u0435 \u0447\u0438\u0442\u0430\u045a\u0430\" \/>\n\t<meta name=\"twitter:data2\" content=\"5 \u043c\u0438\u043d\u0443\u0442\u0430\" \/>\n<script type=\"application\/ld+json\" class=\"yoast-schema-graph\">{\"@context\":\"https:\/\/schema.org\",\"@graph\":[{\"@type\":\"WebPage\",\"@id\":\"https:\/\/president-ksgov.net\/sr\/govor-predsednice-osmani-na-posebnoj-aktivnosti-u-ast-nase-visestruke-sampionke-majlinde-kelmendi\/\",\"url\":\"https:\/\/president-ksgov.net\/sr\/govor-predsednice-osmani-na-posebnoj-aktivnosti-u-ast-nase-visestruke-sampionke-majlinde-kelmendi\/\",\"name\":\"Govor predsednice Osmani na posebnoj aktivnosti u &ccaron;ast na\u0161e vi\u0161estruke \u0161ampionke, Majlinde Kelmendi - Predsednik Republike Kosovo - DR. VJOSA OSMANI - SADRIU\",\"isPartOf\":{\"@id\":\"https:\/\/president-ksgov.net\/#website\"},\"primaryImageOfPage\":{\"@id\":\"https:\/\/president-ksgov.net\/sr\/govor-predsednice-osmani-na-posebnoj-aktivnosti-u-ast-nase-visestruke-sampionke-majlinde-kelmendi\/#primaryimage\"},\"image\":{\"@id\":\"https:\/\/president-ksgov.net\/sr\/govor-predsednice-osmani-na-posebnoj-aktivnosti-u-ast-nase-visestruke-sampionke-majlinde-kelmendi\/#primaryimage\"},\"thumbnailUrl\":\"https:\/\/president-ksgov.net\/wp-content\/uploads\/07_12_2021_9307360_IMG_cde31aa75962992dccaa180b865a5cc4_V.jpg\",\"datePublished\":\"2021-12-07T08:30:18+00:00\",\"dateModified\":\"2023-03-08T09:00:37+00:00\",\"author\":{\"@id\":\"https:\/\/president-ksgov.net\/#\/schema\/person\/bb4337a5fb147cb2046d80548172cbee\"},\"description\":\"Govor predsednice Osmani na posebnoj aktivnosti u &ccaron;ast na\u0161e vi\u0161estruke \u0161ampionke, Majlinde Kelmendi - Predsednik Republike Kosovo - DR. VJOSA OSMANI - SADRIU -\",\"breadcrumb\":{\"@id\":\"https:\/\/president-ksgov.net\/sr\/govor-predsednice-osmani-na-posebnoj-aktivnosti-u-ast-nase-visestruke-sampionke-majlinde-kelmendi\/#breadcrumb\"},\"inLanguage\":\"sr-RS\",\"potentialAction\":[{\"@type\":\"ReadAction\",\"target\":[\"https:\/\/president-ksgov.net\/sr\/govor-predsednice-osmani-na-posebnoj-aktivnosti-u-ast-nase-visestruke-sampionke-majlinde-kelmendi\/\"]}]},{\"@type\":\"ImageObject\",\"inLanguage\":\"sr-RS\",\"@id\":\"https:\/\/president-ksgov.net\/sr\/govor-predsednice-osmani-na-posebnoj-aktivnosti-u-ast-nase-visestruke-sampionke-majlinde-kelmendi\/#primaryimage\",\"url\":\"https:\/\/president-ksgov.net\/wp-content\/uploads\/07_12_2021_9307360_IMG_cde31aa75962992dccaa180b865a5cc4_V.jpg\",\"contentUrl\":\"https:\/\/president-ksgov.net\/wp-content\/uploads\/07_12_2021_9307360_IMG_cde31aa75962992dccaa180b865a5cc4_V.jpg\",\"width\":721,\"height\":480},{\"@type\":\"BreadcrumbList\",\"@id\":\"https:\/\/president-ksgov.net\/sr\/govor-predsednice-osmani-na-posebnoj-aktivnosti-u-ast-nase-visestruke-sampionke-majlinde-kelmendi\/#breadcrumb\",\"itemListElement\":[{\"@type\":\"ListItem\",\"position\":1,\"name\":\"Home\",\"item\":\"https:\/\/president-ksgov.net\/sr\/\"},{\"@type\":\"ListItem\",\"position\":2,\"name\":\"Govor predsednice Osmani na posebnoj aktivnosti u &ccaron;ast na\u0161e vi\u0161estruke \u0161ampionke, Majlinde Kelmendi\"}]},{\"@type\":\"WebSite\",\"@id\":\"https:\/\/president-ksgov.net\/#website\",\"url\":\"https:\/\/president-ksgov.net\/\",\"name\":\"Presidente e Republik\u00ebs s\u00eb Kosov\u00ebs\",\"description\":\"Presidente e Republik\u00ebs s\u00eb Kosov\u00ebs\",\"alternateName\":\"DR. VJOSA OSMANI - SADRIU\",\"potentialAction\":[{\"@type\":\"SearchAction\",\"target\":{\"@type\":\"EntryPoint\",\"urlTemplate\":\"https:\/\/president-ksgov.net\/?s={search_term_string}\"},\"query-input\":{\"@type\":\"PropertyValueSpecification\",\"valueRequired\":true,\"valueName\":\"search_term_string\"}}],\"inLanguage\":\"sr-RS\"},{\"@type\":\"Person\",\"@id\":\"https:\/\/president-ksgov.net\/#\/schema\/person\/bb4337a5fb147cb2046d80548172cbee\",\"name\":\"admin\",\"image\":{\"@type\":\"ImageObject\",\"inLanguage\":\"sr-RS\",\"@id\":\"https:\/\/president-ksgov.net\/#\/schema\/person\/image\/\",\"url\":\"https:\/\/secure.gravatar.com\/avatar\/36156ca0fa3b8d9d25174f146e16beea0cf28f37adf1b9e19b6c9c279a7c9dd3?s=96&d=mm&r=g\",\"contentUrl\":\"https:\/\/secure.gravatar.com\/avatar\/36156ca0fa3b8d9d25174f146e16beea0cf28f37adf1b9e19b6c9c279a7c9dd3?s=96&d=mm&r=g\",\"caption\":\"admin\"},\"sameAs\":[\"https:\/\/president-ksgov.net\"]}]}<\/script>\n<!-- \/ Yoast SEO plugin. -->","yoast_head_json":{"title":"Govor predsednice Osmani na posebnoj aktivnosti u &ccaron;ast na\u0161e vi\u0161estruke \u0161ampionke, Majlinde Kelmendi - Predsednik Republike Kosovo - DR. VJOSA OSMANI - SADRIU","description":"Govor predsednice Osmani na posebnoj aktivnosti u &ccaron;ast na\u0161e vi\u0161estruke \u0161ampionke, Majlinde Kelmendi - Predsednik Republike Kosovo - DR. VJOSA OSMANI - SADRIU -","robots":{"index":"index","follow":"follow","max-snippet":"max-snippet:-1","max-image-preview":"max-image-preview:large","max-video-preview":"max-video-preview:-1"},"canonical":"https:\/\/president-ksgov.net\/sr\/govor-predsednice-osmani-na-posebnoj-aktivnosti-u-ast-nase-visestruke-sampionke-majlinde-kelmendi\/","og_locale":"sr_RS","og_type":"article","og_title":"Govor predsednice Osmani na posebnoj aktivnosti u &ccaron;ast na\u0161e vi\u0161estruke \u0161ampionke, Majlinde Kelmendi - Predsednik Republike Kosovo - DR. VJOSA OSMANI - SADRIU","og_description":"Govor predsednice Osmani na posebnoj aktivnosti u &ccaron;ast na\u0161e vi\u0161estruke \u0161ampionke, Majlinde Kelmendi - Predsednik Republike Kosovo - DR. VJOSA OSMANI - SADRIU -","og_url":"https:\/\/president-ksgov.net\/sr\/govor-predsednice-osmani-na-posebnoj-aktivnosti-u-ast-nase-visestruke-sampionke-majlinde-kelmendi\/","og_site_name":"Predsednik Republike Kosovo - DR. VJOSA OSMANI - SADRIU","article_published_time":"2021-12-07T08:30:18+00:00","article_modified_time":"2023-03-08T09:00:37+00:00","og_image":[{"width":721,"height":480,"url":"https:\/\/president-ksgov.net\/wp-content\/uploads\/07_12_2021_9307360_IMG_cde31aa75962992dccaa180b865a5cc4_V.jpg","type":"image\/jpeg"}],"author":"admin","twitter_card":"summary_large_image","twitter_misc":{"\u041d\u0430\u043f\u0438\u0441\u0430\u043d\u043e \u043e\u0434":"admin","\u041f\u0440\u043e\u0446\u0435\u045a\u0435\u043d\u043e \u0432\u0440\u0435\u043c\u0435 \u0447\u0438\u0442\u0430\u045a\u0430":"5 \u043c\u0438\u043d\u0443\u0442\u0430"},"schema":{"@context":"https:\/\/schema.org","@graph":[{"@type":"WebPage","@id":"https:\/\/president-ksgov.net\/sr\/govor-predsednice-osmani-na-posebnoj-aktivnosti-u-ast-nase-visestruke-sampionke-majlinde-kelmendi\/","url":"https:\/\/president-ksgov.net\/sr\/govor-predsednice-osmani-na-posebnoj-aktivnosti-u-ast-nase-visestruke-sampionke-majlinde-kelmendi\/","name":"Govor predsednice Osmani na posebnoj aktivnosti u &ccaron;ast na\u0161e vi\u0161estruke \u0161ampionke, Majlinde Kelmendi - Predsednik Republike Kosovo - DR. VJOSA OSMANI - SADRIU","isPartOf":{"@id":"https:\/\/president-ksgov.net\/#website"},"primaryImageOfPage":{"@id":"https:\/\/president-ksgov.net\/sr\/govor-predsednice-osmani-na-posebnoj-aktivnosti-u-ast-nase-visestruke-sampionke-majlinde-kelmendi\/#primaryimage"},"image":{"@id":"https:\/\/president-ksgov.net\/sr\/govor-predsednice-osmani-na-posebnoj-aktivnosti-u-ast-nase-visestruke-sampionke-majlinde-kelmendi\/#primaryimage"},"thumbnailUrl":"https:\/\/president-ksgov.net\/wp-content\/uploads\/07_12_2021_9307360_IMG_cde31aa75962992dccaa180b865a5cc4_V.jpg","datePublished":"2021-12-07T08:30:18+00:00","dateModified":"2023-03-08T09:00:37+00:00","author":{"@id":"https:\/\/president-ksgov.net\/#\/schema\/person\/bb4337a5fb147cb2046d80548172cbee"},"description":"Govor predsednice Osmani na posebnoj aktivnosti u &ccaron;ast na\u0161e vi\u0161estruke \u0161ampionke, Majlinde Kelmendi - Predsednik Republike Kosovo - DR. VJOSA OSMANI - SADRIU -","breadcrumb":{"@id":"https:\/\/president-ksgov.net\/sr\/govor-predsednice-osmani-na-posebnoj-aktivnosti-u-ast-nase-visestruke-sampionke-majlinde-kelmendi\/#breadcrumb"},"inLanguage":"sr-RS","potentialAction":[{"@type":"ReadAction","target":["https:\/\/president-ksgov.net\/sr\/govor-predsednice-osmani-na-posebnoj-aktivnosti-u-ast-nase-visestruke-sampionke-majlinde-kelmendi\/"]}]},{"@type":"ImageObject","inLanguage":"sr-RS","@id":"https:\/\/president-ksgov.net\/sr\/govor-predsednice-osmani-na-posebnoj-aktivnosti-u-ast-nase-visestruke-sampionke-majlinde-kelmendi\/#primaryimage","url":"https:\/\/president-ksgov.net\/wp-content\/uploads\/07_12_2021_9307360_IMG_cde31aa75962992dccaa180b865a5cc4_V.jpg","contentUrl":"https:\/\/president-ksgov.net\/wp-content\/uploads\/07_12_2021_9307360_IMG_cde31aa75962992dccaa180b865a5cc4_V.jpg","width":721,"height":480},{"@type":"BreadcrumbList","@id":"https:\/\/president-ksgov.net\/sr\/govor-predsednice-osmani-na-posebnoj-aktivnosti-u-ast-nase-visestruke-sampionke-majlinde-kelmendi\/#breadcrumb","itemListElement":[{"@type":"ListItem","position":1,"name":"Home","item":"https:\/\/president-ksgov.net\/sr\/"},{"@type":"ListItem","position":2,"name":"Govor predsednice Osmani na posebnoj aktivnosti u &ccaron;ast na\u0161e vi\u0161estruke \u0161ampionke, Majlinde Kelmendi"}]},{"@type":"WebSite","@id":"https:\/\/president-ksgov.net\/#website","url":"https:\/\/president-ksgov.net\/","name":"Presidente e Republik\u00ebs s\u00eb Kosov\u00ebs","description":"Presidente e Republik\u00ebs s\u00eb Kosov\u00ebs","alternateName":"DR. VJOSA OSMANI - SADRIU","potentialAction":[{"@type":"SearchAction","target":{"@type":"EntryPoint","urlTemplate":"https:\/\/president-ksgov.net\/?s={search_term_string}"},"query-input":{"@type":"PropertyValueSpecification","valueRequired":true,"valueName":"search_term_string"}}],"inLanguage":"sr-RS"},{"@type":"Person","@id":"https:\/\/president-ksgov.net\/#\/schema\/person\/bb4337a5fb147cb2046d80548172cbee","name":"admin","image":{"@type":"ImageObject","inLanguage":"sr-RS","@id":"https:\/\/president-ksgov.net\/#\/schema\/person\/image\/","url":"https:\/\/secure.gravatar.com\/avatar\/36156ca0fa3b8d9d25174f146e16beea0cf28f37adf1b9e19b6c9c279a7c9dd3?s=96&d=mm&r=g","contentUrl":"https:\/\/secure.gravatar.com\/avatar\/36156ca0fa3b8d9d25174f146e16beea0cf28f37adf1b9e19b6c9c279a7c9dd3?s=96&d=mm&r=g","caption":"admin"},"sameAs":["https:\/\/president-ksgov.net"]}]}},"_links":{"self":[{"href":"https:\/\/president-ksgov.net\/sr\/wp-json\/wp\/v2\/posts\/74655","targetHints":{"allow":["GET"]}}],"collection":[{"href":"https:\/\/president-ksgov.net\/sr\/wp-json\/wp\/v2\/posts"}],"about":[{"href":"https:\/\/president-ksgov.net\/sr\/wp-json\/wp\/v2\/types\/post"}],"author":[{"embeddable":true,"href":"https:\/\/president-ksgov.net\/sr\/wp-json\/wp\/v2\/users\/1"}],"replies":[{"embeddable":true,"href":"https:\/\/president-ksgov.net\/sr\/wp-json\/wp\/v2\/comments?post=74655"}],"version-history":[{"count":1,"href":"https:\/\/president-ksgov.net\/sr\/wp-json\/wp\/v2\/posts\/74655\/revisions"}],"predecessor-version":[{"id":81471,"href":"https:\/\/president-ksgov.net\/sr\/wp-json\/wp\/v2\/posts\/74655\/revisions\/81471"}],"wp:featuredmedia":[{"embeddable":true,"href":"https:\/\/president-ksgov.net\/sr\/wp-json\/wp\/v2\/media\/17263"}],"wp:attachment":[{"href":"https:\/\/president-ksgov.net\/sr\/wp-json\/wp\/v2\/media?parent=74655"}],"wp:term":[{"taxonomy":"category","embeddable":true,"href":"https:\/\/president-ksgov.net\/sr\/wp-json\/wp\/v2\/categories?post=74655"},{"taxonomy":"post_tag","embeddable":true,"href":"https:\/\/president-ksgov.net\/sr\/wp-json\/wp\/v2\/tags?post=74655"}],"curies":[{"name":"wp","href":"https:\/\/api.w.org\/{rel}","templated":true}]}}