{"id":74647,"date":"2021-12-09T08:16:08","date_gmt":"2021-12-09T08:16:08","guid":{"rendered":"https:\/\/dev.president-ksgov.net\/predsednica-osmani-e-uestvovati-na-samitu-za-demokratiju-koji-organizuje-ameriki-predsednik-joe-biden\/"},"modified":"2021-12-09T08:16:08","modified_gmt":"2021-12-09T08:16:08","slug":"predsednica-osmani-e-uestvovati-na-samitu-za-demokratiju-koji-organizuje-ameriki-predsednik-joe-biden","status":"publish","type":"post","link":"https:\/\/president-ksgov.net\/sr\/predsednica-osmani-e-uestvovati-na-samitu-za-demokratiju-koji-organizuje-ameriki-predsednik-joe-biden\/","title":{"rendered":"Predsednica Osmani &cacute;e u&ccaron;estvovati na Samitu za demokratiju koji organizuje ameri&ccaron;ki predsednik Joe Biden"},"content":{"rendered":"<p>Predsednica Republike Kosovo Vjosa Osmani &cacute;e predstavljati Kosovo na Samitu za demokratiju, koji &cacute;e odvijati radove virtuelno 9. i 10. decembra i na kojem &cacute;e u&ccaron;estvovati vi\u0161e od 100 dr&#382;ava iz celog sveta.<\/p>\n<p>Samit &cacute;e otvoriti predsednik SAD-a Joe Biden, a predsednica Osmani &cacute;e u svom govoru predstaviti klju&ccaron;ne ciljeve Kosova u oblasti vladavine prava, me&dstrok;unarodne saradnje u borbi protiv autokratija, ja&ccaron;anju uloge &#382;ena u dru\u0161tvu i stvaranju mehanizama radi obezbe&dstrok;ivanja sprovo&dstrok;enja ovih ciljeva.<br \/>\n\u00a0<br \/>\nNa ovom Samitu &cacute;e u&ccaron;estvovati svetski lideri, predstavnici civilnog dru\u0161tva i oni iz privatnog sektora, a predvi&dstrok;eno je da se diskutuje o: ja&ccaron;anju demokratske odr&#382;ivosti, spre&ccaron;avanju borbe protiv korupcije, za\u0161titi ljudskih prava, ja&ccaron;anju demokratije i za\u0161titi protiv autoritarizma, za\u0161titi demokratskih institucija, osporavanju digitalnog autoritarizma i pribli&#382;avanju demokratskih vrednosti.<br \/>\n\u00a0<br \/>\nPoziv za u&ccaron;e\u0161&cacute;e na Samitu za demokratiju predsednici Osmani je poslao predsednik Biden 9. novembra. Predsednica je u svoju delegaciju, koja &cacute;e virtuelno u&ccaron;estvovati na Samitu, uklju&ccaron;ila i predstavnike ostalih javnih institucija i civilnog dru\u0161tva.<br \/>\n\u00a0<br \/>\nGovor predsednice Osmani mo&#382;e se pratiti danas od 16.00 &ccaron;asova (prema kosovskom vremenu) na zvani&ccaron;nom linku Samita:<br \/>\n\u00a0<br \/>\nhttps:\/\/www.state.gov\/<br \/>\nofficial-intervention-<br \/>\nschedule-the-summit-for-<br \/>\ndemocracy\/<\/p>\n","protected":false},"excerpt":{"rendered":"<p>Predsednica Republike Kosovo Vjosa Osmani &cacute;e predstavljati Kosovo na Samitu za demokratiju, koji &cacute;e odvijati radove virtuelno 9. i 10. decembra i na kojem &cacute;e u&ccaron;estvovati vi\u0161e od 100 dr&#382;ava iz celog sveta.<\/p>\n","protected":false},"author":1,"featured_media":17234,"comment_status":"open","ping_status":"closed","sticky":false,"template":"","format":"standard","meta":{"_eb_attr":"","footnotes":""},"categories":[101],"tags":[],"class_list":["post-74647","post","type-post","status-publish","format-standard","has-post-thumbnail","hentry","category-vesti"],"yoast_head":"<!-- This site is optimized with the Yoast SEO plugin v23.5 - https:\/\/yoast.com\/wordpress\/plugins\/seo\/ -->\n<title>Predsednica Osmani &amp;cacute;e u&amp;ccaron;estvovati na Samitu za demokratiju koji organizuje ameri&amp;ccaron;ki predsednik Joe Biden - Predsednik Republike Kosovo - DR. VJOSA OSMANI - SADRIU<\/title>\n<meta name=\"description\" content=\"Predsednica Osmani &amp;cacute;e u&amp;ccaron;estvovati na Samitu za demokratiju koji organizuje ameri&amp;ccaron;ki predsednik Joe Biden - Predsednik Republike Kosovo - DR. VJOSA OSMANI - SADRIU -\" \/>\n<meta name=\"robots\" content=\"index, follow, max-snippet:-1, max-image-preview:large, max-video-preview:-1\" \/>\n<link rel=\"canonical\" href=\"https:\/\/president-ksgov.net\/sr\/predsednica-osmani-e-uestvovati-na-samitu-za-demokratiju-koji-organizuje-ameriki-predsednik-joe-biden\/\" \/>\n<meta property=\"og:locale\" content=\"sr_RS\" \/>\n<meta property=\"og:type\" content=\"article\" \/>\n<meta property=\"og:title\" content=\"Predsednica Osmani &amp;cacute;e u&amp;ccaron;estvovati na Samitu za demokratiju koji organizuje ameri&amp;ccaron;ki predsednik Joe Biden - Predsednik Republike Kosovo - DR. VJOSA OSMANI - SADRIU\" \/>\n<meta property=\"og:description\" content=\"Predsednica Osmani &amp;cacute;e u&amp;ccaron;estvovati na Samitu za demokratiju koji organizuje ameri&amp;ccaron;ki predsednik Joe Biden - Predsednik Republike Kosovo - DR. VJOSA OSMANI - SADRIU -\" \/>\n<meta property=\"og:url\" content=\"https:\/\/president-ksgov.net\/sr\/predsednica-osmani-e-uestvovati-na-samitu-za-demokratiju-koji-organizuje-ameriki-predsednik-joe-biden\/\" \/>\n<meta property=\"og:site_name\" content=\"Predsednik Republike Kosovo - DR. VJOSA OSMANI - SADRIU\" \/>\n<meta property=\"article:published_time\" content=\"2021-12-09T08:16:08+00:00\" \/>\n<meta property=\"og:image\" content=\"https:\/\/president-ksgov.net\/wp-content\/uploads\/09_12_2021_6246084_IMG_20211209_WA0000.jpg\" \/>\n\t<meta property=\"og:image:width\" content=\"800\" \/>\n\t<meta property=\"og:image:height\" content=\"533\" \/>\n\t<meta property=\"og:image:type\" content=\"image\/jpeg\" \/>\n<meta name=\"author\" content=\"admin\" \/>\n<meta name=\"twitter:card\" content=\"summary_large_image\" \/>\n<meta name=\"twitter:label1\" content=\"\u041d\u0430\u043f\u0438\u0441\u0430\u043d\u043e \u043e\u0434\" \/>\n\t<meta name=\"twitter:data1\" content=\"admin\" \/>\n\t<meta name=\"twitter:label2\" content=\"\u041f\u0440\u043e\u0446\u0435\u045a\u0435\u043d\u043e \u0432\u0440\u0435\u043c\u0435 \u0447\u0438\u0442\u0430\u045a\u0430\" \/>\n\t<meta name=\"twitter:data2\" content=\"1 \u043c\u0438\u043d\u0443\u0442\" \/>\n<script type=\"application\/ld+json\" class=\"yoast-schema-graph\">{\"@context\":\"https:\/\/schema.org\",\"@graph\":[{\"@type\":\"WebPage\",\"@id\":\"https:\/\/president-ksgov.net\/sr\/predsednica-osmani-e-uestvovati-na-samitu-za-demokratiju-koji-organizuje-ameriki-predsednik-joe-biden\/\",\"url\":\"https:\/\/president-ksgov.net\/sr\/predsednica-osmani-e-uestvovati-na-samitu-za-demokratiju-koji-organizuje-ameriki-predsednik-joe-biden\/\",\"name\":\"Predsednica Osmani &cacute;e u&ccaron;estvovati na Samitu za demokratiju koji organizuje ameri&ccaron;ki predsednik Joe Biden - Predsednik Republike Kosovo - DR. VJOSA OSMANI - SADRIU\",\"isPartOf\":{\"@id\":\"https:\/\/president-ksgov.net\/#website\"},\"primaryImageOfPage\":{\"@id\":\"https:\/\/president-ksgov.net\/sr\/predsednica-osmani-e-uestvovati-na-samitu-za-demokratiju-koji-organizuje-ameriki-predsednik-joe-biden\/#primaryimage\"},\"image\":{\"@id\":\"https:\/\/president-ksgov.net\/sr\/predsednica-osmani-e-uestvovati-na-samitu-za-demokratiju-koji-organizuje-ameriki-predsednik-joe-biden\/#primaryimage\"},\"thumbnailUrl\":\"https:\/\/president-ksgov.net\/wp-content\/uploads\/09_12_2021_6246084_IMG_20211209_WA0000.jpg\",\"datePublished\":\"2021-12-09T08:16:08+00:00\",\"dateModified\":\"2021-12-09T08:16:08+00:00\",\"author\":{\"@id\":\"https:\/\/president-ksgov.net\/#\/schema\/person\/bb4337a5fb147cb2046d80548172cbee\"},\"description\":\"Predsednica Osmani &cacute;e u&ccaron;estvovati na Samitu za demokratiju koji organizuje ameri&ccaron;ki predsednik Joe Biden - Predsednik Republike Kosovo - DR. VJOSA OSMANI - SADRIU -\",\"breadcrumb\":{\"@id\":\"https:\/\/president-ksgov.net\/sr\/predsednica-osmani-e-uestvovati-na-samitu-za-demokratiju-koji-organizuje-ameriki-predsednik-joe-biden\/#breadcrumb\"},\"inLanguage\":\"sr-RS\",\"potentialAction\":[{\"@type\":\"ReadAction\",\"target\":[\"https:\/\/president-ksgov.net\/sr\/predsednica-osmani-e-uestvovati-na-samitu-za-demokratiju-koji-organizuje-ameriki-predsednik-joe-biden\/\"]}]},{\"@type\":\"ImageObject\",\"inLanguage\":\"sr-RS\",\"@id\":\"https:\/\/president-ksgov.net\/sr\/predsednica-osmani-e-uestvovati-na-samitu-za-demokratiju-koji-organizuje-ameriki-predsednik-joe-biden\/#primaryimage\",\"url\":\"https:\/\/president-ksgov.net\/wp-content\/uploads\/09_12_2021_6246084_IMG_20211209_WA0000.jpg\",\"contentUrl\":\"https:\/\/president-ksgov.net\/wp-content\/uploads\/09_12_2021_6246084_IMG_20211209_WA0000.jpg\",\"width\":800,\"height\":533},{\"@type\":\"BreadcrumbList\",\"@id\":\"https:\/\/president-ksgov.net\/sr\/predsednica-osmani-e-uestvovati-na-samitu-za-demokratiju-koji-organizuje-ameriki-predsednik-joe-biden\/#breadcrumb\",\"itemListElement\":[{\"@type\":\"ListItem\",\"position\":1,\"name\":\"Home\",\"item\":\"https:\/\/president-ksgov.net\/sr\/\"},{\"@type\":\"ListItem\",\"position\":2,\"name\":\"Predsednica Osmani &cacute;e u&ccaron;estvovati na Samitu za demokratiju koji organizuje ameri&ccaron;ki predsednik Joe Biden\"}]},{\"@type\":\"WebSite\",\"@id\":\"https:\/\/president-ksgov.net\/#website\",\"url\":\"https:\/\/president-ksgov.net\/\",\"name\":\"Presidente e Republik\u00ebs s\u00eb Kosov\u00ebs\",\"description\":\"Presidente e Republik\u00ebs s\u00eb Kosov\u00ebs\",\"alternateName\":\"DR. VJOSA OSMANI - SADRIU\",\"potentialAction\":[{\"@type\":\"SearchAction\",\"target\":{\"@type\":\"EntryPoint\",\"urlTemplate\":\"https:\/\/president-ksgov.net\/?s={search_term_string}\"},\"query-input\":{\"@type\":\"PropertyValueSpecification\",\"valueRequired\":true,\"valueName\":\"search_term_string\"}}],\"inLanguage\":\"sr-RS\"},{\"@type\":\"Person\",\"@id\":\"https:\/\/president-ksgov.net\/#\/schema\/person\/bb4337a5fb147cb2046d80548172cbee\",\"name\":\"admin\",\"image\":{\"@type\":\"ImageObject\",\"inLanguage\":\"sr-RS\",\"@id\":\"https:\/\/president-ksgov.net\/#\/schema\/person\/image\/\",\"url\":\"https:\/\/secure.gravatar.com\/avatar\/36156ca0fa3b8d9d25174f146e16beea0cf28f37adf1b9e19b6c9c279a7c9dd3?s=96&d=mm&r=g\",\"contentUrl\":\"https:\/\/secure.gravatar.com\/avatar\/36156ca0fa3b8d9d25174f146e16beea0cf28f37adf1b9e19b6c9c279a7c9dd3?s=96&d=mm&r=g\",\"caption\":\"admin\"},\"sameAs\":[\"https:\/\/president-ksgov.net\"]}]}<\/script>\n<!-- \/ Yoast SEO plugin. -->","yoast_head_json":{"title":"Predsednica Osmani &cacute;e u&ccaron;estvovati na Samitu za demokratiju koji organizuje ameri&ccaron;ki predsednik Joe Biden - Predsednik Republike Kosovo - DR. VJOSA OSMANI - SADRIU","description":"Predsednica Osmani &cacute;e u&ccaron;estvovati na Samitu za demokratiju koji organizuje ameri&ccaron;ki predsednik Joe Biden - Predsednik Republike Kosovo - DR. VJOSA OSMANI - SADRIU -","robots":{"index":"index","follow":"follow","max-snippet":"max-snippet:-1","max-image-preview":"max-image-preview:large","max-video-preview":"max-video-preview:-1"},"canonical":"https:\/\/president-ksgov.net\/sr\/predsednica-osmani-e-uestvovati-na-samitu-za-demokratiju-koji-organizuje-ameriki-predsednik-joe-biden\/","og_locale":"sr_RS","og_type":"article","og_title":"Predsednica Osmani &cacute;e u&ccaron;estvovati na Samitu za demokratiju koji organizuje ameri&ccaron;ki predsednik Joe Biden - Predsednik Republike Kosovo - DR. VJOSA OSMANI - SADRIU","og_description":"Predsednica Osmani &cacute;e u&ccaron;estvovati na Samitu za demokratiju koji organizuje ameri&ccaron;ki predsednik Joe Biden - Predsednik Republike Kosovo - DR. VJOSA OSMANI - SADRIU -","og_url":"https:\/\/president-ksgov.net\/sr\/predsednica-osmani-e-uestvovati-na-samitu-za-demokratiju-koji-organizuje-ameriki-predsednik-joe-biden\/","og_site_name":"Predsednik Republike Kosovo - DR. VJOSA OSMANI - SADRIU","article_published_time":"2021-12-09T08:16:08+00:00","og_image":[{"width":800,"height":533,"url":"https:\/\/president-ksgov.net\/wp-content\/uploads\/09_12_2021_6246084_IMG_20211209_WA0000.jpg","type":"image\/jpeg"}],"author":"admin","twitter_card":"summary_large_image","twitter_misc":{"\u041d\u0430\u043f\u0438\u0441\u0430\u043d\u043e \u043e\u0434":"admin","\u041f\u0440\u043e\u0446\u0435\u045a\u0435\u043d\u043e \u0432\u0440\u0435\u043c\u0435 \u0447\u0438\u0442\u0430\u045a\u0430":"1 \u043c\u0438\u043d\u0443\u0442"},"schema":{"@context":"https:\/\/schema.org","@graph":[{"@type":"WebPage","@id":"https:\/\/president-ksgov.net\/sr\/predsednica-osmani-e-uestvovati-na-samitu-za-demokratiju-koji-organizuje-ameriki-predsednik-joe-biden\/","url":"https:\/\/president-ksgov.net\/sr\/predsednica-osmani-e-uestvovati-na-samitu-za-demokratiju-koji-organizuje-ameriki-predsednik-joe-biden\/","name":"Predsednica Osmani &cacute;e u&ccaron;estvovati na Samitu za demokratiju koji organizuje ameri&ccaron;ki predsednik Joe Biden - Predsednik Republike Kosovo - DR. VJOSA OSMANI - SADRIU","isPartOf":{"@id":"https:\/\/president-ksgov.net\/#website"},"primaryImageOfPage":{"@id":"https:\/\/president-ksgov.net\/sr\/predsednica-osmani-e-uestvovati-na-samitu-za-demokratiju-koji-organizuje-ameriki-predsednik-joe-biden\/#primaryimage"},"image":{"@id":"https:\/\/president-ksgov.net\/sr\/predsednica-osmani-e-uestvovati-na-samitu-za-demokratiju-koji-organizuje-ameriki-predsednik-joe-biden\/#primaryimage"},"thumbnailUrl":"https:\/\/president-ksgov.net\/wp-content\/uploads\/09_12_2021_6246084_IMG_20211209_WA0000.jpg","datePublished":"2021-12-09T08:16:08+00:00","dateModified":"2021-12-09T08:16:08+00:00","author":{"@id":"https:\/\/president-ksgov.net\/#\/schema\/person\/bb4337a5fb147cb2046d80548172cbee"},"description":"Predsednica Osmani &cacute;e u&ccaron;estvovati na Samitu za demokratiju koji organizuje ameri&ccaron;ki predsednik Joe Biden - Predsednik Republike Kosovo - DR. VJOSA OSMANI - SADRIU -","breadcrumb":{"@id":"https:\/\/president-ksgov.net\/sr\/predsednica-osmani-e-uestvovati-na-samitu-za-demokratiju-koji-organizuje-ameriki-predsednik-joe-biden\/#breadcrumb"},"inLanguage":"sr-RS","potentialAction":[{"@type":"ReadAction","target":["https:\/\/president-ksgov.net\/sr\/predsednica-osmani-e-uestvovati-na-samitu-za-demokratiju-koji-organizuje-ameriki-predsednik-joe-biden\/"]}]},{"@type":"ImageObject","inLanguage":"sr-RS","@id":"https:\/\/president-ksgov.net\/sr\/predsednica-osmani-e-uestvovati-na-samitu-za-demokratiju-koji-organizuje-ameriki-predsednik-joe-biden\/#primaryimage","url":"https:\/\/president-ksgov.net\/wp-content\/uploads\/09_12_2021_6246084_IMG_20211209_WA0000.jpg","contentUrl":"https:\/\/president-ksgov.net\/wp-content\/uploads\/09_12_2021_6246084_IMG_20211209_WA0000.jpg","width":800,"height":533},{"@type":"BreadcrumbList","@id":"https:\/\/president-ksgov.net\/sr\/predsednica-osmani-e-uestvovati-na-samitu-za-demokratiju-koji-organizuje-ameriki-predsednik-joe-biden\/#breadcrumb","itemListElement":[{"@type":"ListItem","position":1,"name":"Home","item":"https:\/\/president-ksgov.net\/sr\/"},{"@type":"ListItem","position":2,"name":"Predsednica Osmani &cacute;e u&ccaron;estvovati na Samitu za demokratiju koji organizuje ameri&ccaron;ki predsednik Joe Biden"}]},{"@type":"WebSite","@id":"https:\/\/president-ksgov.net\/#website","url":"https:\/\/president-ksgov.net\/","name":"Presidente e Republik\u00ebs s\u00eb Kosov\u00ebs","description":"Presidente e Republik\u00ebs s\u00eb Kosov\u00ebs","alternateName":"DR. VJOSA OSMANI - SADRIU","potentialAction":[{"@type":"SearchAction","target":{"@type":"EntryPoint","urlTemplate":"https:\/\/president-ksgov.net\/?s={search_term_string}"},"query-input":{"@type":"PropertyValueSpecification","valueRequired":true,"valueName":"search_term_string"}}],"inLanguage":"sr-RS"},{"@type":"Person","@id":"https:\/\/president-ksgov.net\/#\/schema\/person\/bb4337a5fb147cb2046d80548172cbee","name":"admin","image":{"@type":"ImageObject","inLanguage":"sr-RS","@id":"https:\/\/president-ksgov.net\/#\/schema\/person\/image\/","url":"https:\/\/secure.gravatar.com\/avatar\/36156ca0fa3b8d9d25174f146e16beea0cf28f37adf1b9e19b6c9c279a7c9dd3?s=96&d=mm&r=g","contentUrl":"https:\/\/secure.gravatar.com\/avatar\/36156ca0fa3b8d9d25174f146e16beea0cf28f37adf1b9e19b6c9c279a7c9dd3?s=96&d=mm&r=g","caption":"admin"},"sameAs":["https:\/\/president-ksgov.net"]}]}},"_links":{"self":[{"href":"https:\/\/president-ksgov.net\/sr\/wp-json\/wp\/v2\/posts\/74647","targetHints":{"allow":["GET"]}}],"collection":[{"href":"https:\/\/president-ksgov.net\/sr\/wp-json\/wp\/v2\/posts"}],"about":[{"href":"https:\/\/president-ksgov.net\/sr\/wp-json\/wp\/v2\/types\/post"}],"author":[{"embeddable":true,"href":"https:\/\/president-ksgov.net\/sr\/wp-json\/wp\/v2\/users\/1"}],"replies":[{"embeddable":true,"href":"https:\/\/president-ksgov.net\/sr\/wp-json\/wp\/v2\/comments?post=74647"}],"version-history":[{"count":0,"href":"https:\/\/president-ksgov.net\/sr\/wp-json\/wp\/v2\/posts\/74647\/revisions"}],"wp:featuredmedia":[{"embeddable":true,"href":"https:\/\/president-ksgov.net\/sr\/wp-json\/wp\/v2\/media\/17234"}],"wp:attachment":[{"href":"https:\/\/president-ksgov.net\/sr\/wp-json\/wp\/v2\/media?parent=74647"}],"wp:term":[{"taxonomy":"category","embeddable":true,"href":"https:\/\/president-ksgov.net\/sr\/wp-json\/wp\/v2\/categories?post=74647"},{"taxonomy":"post_tag","embeddable":true,"href":"https:\/\/president-ksgov.net\/sr\/wp-json\/wp\/v2\/tags?post=74647"}],"curies":[{"name":"wp","href":"https:\/\/api.w.org\/{rel}","templated":true}]}}