{"id":74646,"date":"2021-12-09T15:13:44","date_gmt":"2021-12-09T15:13:44","guid":{"rendered":"https:\/\/dev.president-ksgov.net\/izjava-predsednice-republike-kosovo-vjose-osmani-na-samitu-za-demokratiju-2\/"},"modified":"2021-12-09T15:13:44","modified_gmt":"2021-12-09T15:13:44","slug":"izjava-predsednice-republike-kosovo-vjose-osmani-na-samitu-za-demokratiju-2","status":"publish","type":"post","link":"https:\/\/president-ksgov.net\/sr\/izjava-predsednice-republike-kosovo-vjose-osmani-na-samitu-za-demokratiju-2\/","title":{"rendered":"Izjava predsednice Republike Kosovo Vjose Osmani na Samitu za Demokratiju"},"content":{"rendered":"<p>Po\u0161tovani predsedni&ccaron;e Baiden,<br \/>\nPo\u0161tovani u&ccaron;esnici,<br \/>\n\u00a0<br \/>\nObra&cacute;am vam se kao predsednica Republike Kosovo, jedne od najmla&dstrok;ih, ali i najaktivnijih demokratija u svetu.<br \/>\n\u00a0<br \/>\nKosovo &cacute;e uskoro obele&#382;iti 14. godi\u0161njicu nezavisnosti, ali protiv autoritarnih i genocidnih re&#382;ima smo se borili mnogo du&#382;e od toga. Demokratija je u osnovi na\u0161eg dru\u0161tva, duboko je ukorenjena u na\u0161oj istorijskoj borbi za slobodu i ljudska prava. I, kao \u0161to je na\u0161 otac osniva&ccaron;, predsednik Rugova, predvideo, na\u0161a Republika se u velikoj meri oslanja na tri stuba: slobodu, nezavisnost, demokratiju.<br \/>\n\u00a0<br \/>\nDanas Kosovo nastavlja da napreduje kroz slobodne i fer izbore, sa mirnom tranzicijom vlasti, netaknutom slobodom medija i najvi\u0161im standardima ljudskih prava koji su ope&ccaron;a&cacute;eni na\u0161im ustavom.<br \/>\n\u00a0<br \/>\nAli demokratija nikada nije zavr\u0161en ili vremenski ograni&ccaron;en projekat. Stoga &cacute;u danas predstaviti ciljeve Kosova za ja&ccaron;anje i razvoj na\u0161e demokratije kako bi se obezbedilo da ona odoleva vremenu. Mi &cacute;emo:<br \/>\n\u00a0<br \/>\n1. Oja&ccaron;ati vladavinu prava kroz potpuno sprovo&dstrok;enje Nacionalne strategije vladavine prava i procesa provere koji &cacute;e ukoreniti integritet, nepristrasnost i profesionalizam u srce na\u0161eg pravosudnog sistema. Posve&cacute;eni smo usvajanju i primeni unapre&dstrok;enog zakonodavstva o konfiskaciji nelegalne imovine, nametanju zabrane putovanja stranim pojedincima koji su ume\u0161ani u ozbiljne povrede ljudskih prava, zabrani finansiranja politi&ccaron;kih partija od strane stranih vlada i zabrani javnih institucija da koriste tehnologije posmatranja od nepouzdanih proizvo&dstrok;a&ccaron;a.<br \/>\n\u00a0<br \/>\n2. Ja&ccaron;amo ulogu &#382;ena u na\u0161em dru\u0161tvu pokretanjem akcija za uskla&dstrok;ivanje svih relevantnih zakona sa odredbama Zakona o rodnoj ravnopravnosti, kako bismo garantovali odgovaraju&cacute;e mesto\u00a0&#382;enama u javnim institucijama i u ulogama u odlu&ccaron;ivanju. Tako&dstrok;e &cacute;emo usvojiti smelu nacionalnu strategiju protiv rodno zasnovanog nasilja kako bismo primenili Istambulsku konvenciju i obuzdali ovu epidemiju prevencijom i za\u0161titom i pove&cacute;ali minimalne kazne kako bi se odrazila te&#382;ine rodno zasnovanih zlo&ccaron;ina.<br \/>\n\u00a0<br \/>\n3. Osnova&cacute;u Predsedni&ccaron;ki savet za demokratiju i ljudska prava, koji &cacute;e okupiti javne institucije i civilno dru\u0161tvo kako bi unapredili i pratili sprovo&dstrok;enje na\u0161ih obaveza. Ovaj savet pokazuje na\u0161u dugoro&ccaron;nu posve&cacute;enost unapre&dstrok;enju na\u0161e demokratije.<br \/>\n\u00a0<br \/>\nDemokratiju ne smemo uzimati zdravo za gotovo i moramo je braniti bez predaje. Bilo da je velika ili mala zemlja, svi mo&#382;emo da napravimo razliku, posebno ako udru&#382;imo snage. Stoga se obavezujemo da &cacute;emo raditi sa svima vama na postizanju na\u0161ih ciljeva, da delimo najbolje prakse, da se suprotstavimo ruskom me\u0161anju i propagandi i da promovi\u0161emo mir \u0161irom sveta.<br \/>\n\u00a0<br \/>\nU tom duhu, organizova&cacute;u Globalni samit za &#382;ene u miru i bezbednosti 2022. koji &cacute;\u00cce okupiti lidere iz celog sveta.<br \/>\n\u00a0<br \/>\nU borbi izme&dstrok;u demokratije i autokratije, istorija nas u&ccaron;i da prilago&dstrok;avanje autokrata nikada ne funkcioni\u0161e. Danas je ovo ne\u0161to vi\u0161e od samita. Na\u0161 zajedni&ccaron;ki glas je taj koji odbacuje autokratske tendencije i na\u0161 zajedni&ccaron;ki glas je u odbrani demokratije.<br \/>\n\u00a0<br \/>\n&Zcaron;elim da se zahvalim predsedniku Baidenu na njegovom lider\u0161ipu u ovim naporima!<br \/>\nOd najvi\u0161e proameri&ccaron;kog naroda na svetu, hvala svima i dovi&dstrok;enja!<br \/>\n\u00a0<\/p>\n","protected":false},"excerpt":{"rendered":"<p>Po\u0161tovani predsedni&ccaron;e Baiden, Po\u0161tovani u&ccaron;esnici, \u00a0 Obra&cacute;am vam se kao predsednica Republike Kosovo, jedne od najmla&dstrok;ih, ali i najaktivnijih demokratija u svetu. \u00a0 Kosovo &cacute;e uskoro obele&#382;iti 14. godi\u0161njicu nezavisnosti, ali protiv autoritarnih i genocidnih re&#382;ima smo se borili mnogo du&#382;e od toga. Demokratija je u osnovi na\u0161eg dru\u0161tva, duboko je ukorenjena u na\u0161oj istorijskoj borbi za slobodu i ljudska prava. I, kao \u0161to je na\u0161 otac osniva&ccaron;, predsednik Rugova, predvideo, na\u0161a Republika se u velikoj meri oslanja na tri stuba: slobodu, nezavisnost, demokratiju. \u00a0 Danas Kosovo nastavlja da napreduje kroz slobodne i fer izbore, sa mirnom tranzicijom vlasti, netaknutom slobodom medija i najvi\u0161im standardima ljudskih prava koji su ope&ccaron;a&cacute;eni na\u0161im ustavom. \u00a0 Ali demokratija nikada nije zavr\u0161en ili vremenski ograni&ccaron;en projekat. Stoga &cacute;u danas predstaviti ciljeve Kosova za ja&ccaron;anje i razvoj na\u0161e demokratije kako bi se obezbedilo da ona odoleva vremenu. Mi &cacute;emo: \u00a0 1. Oja&ccaron;ati vladavinu prava kroz potpuno sprovo&dstrok;enje Nacionalne strategije vladavine prava i procesa provere koji &cacute;e ukoreniti integritet, nepristrasnost i profesionalizam u srce na\u0161eg pravosudnog sistema. Posve&cacute;eni smo usvajanju i primeni unapre&dstrok;enog zakonodavstva o konfiskaciji nelegalne imovine, nametanju zabrane putovanja stranim pojedincima koji su ume\u0161ani u ozbiljne povrede ljudskih prava, zabrani finansiranja politi&ccaron;kih partija od strane stranih vlada i zabrani javnih institucija da koriste tehnologije posmatranja od nepouzdanih proizvo&dstrok;a&ccaron;a. \u00a0 2. Ja&ccaron;amo ulogu &#382;ena u na\u0161em dru\u0161tvu pokretanjem akcija za uskla&dstrok;ivanje svih relevantnih zakona sa odredbama Zakona o rodnoj ravnopravnosti, kako bismo garantovali odgovaraju&cacute;e mesto\u00a0&#382;enama u javnim institucijama i u ulogama u odlu&ccaron;ivanju. Tako&dstrok;e &cacute;emo usvojiti smelu nacionalnu strategiju protiv rodno zasnovanog nasilja kako bismo primenili Istambulsku konvenciju i obuzdali ovu epidemiju prevencijom i za\u0161titom i pove&cacute;ali minimalne kazne kako bi se odrazila te&#382;ine rodno zasnovanih zlo&ccaron;ina. \u00a0 3. Osnova&cacute;u Predsedni&ccaron;ki savet za demokratiju i ljudska prava, koji &cacute;e okupiti javne institucije i civilno dru\u0161tvo kako bi unapredili i pratili sprovo&dstrok;enje na\u0161ih obaveza. Ovaj savet pokazuje na\u0161u dugoro&ccaron;nu posve&cacute;enost unapre&dstrok;enju na\u0161e demokratije. \u00a0 Demokratiju ne smemo uzimati zdravo za gotovo i moramo je braniti bez predaje. Bilo da je velika ili mala zemlja, svi mo&#382;emo da napravimo razliku, posebno ako udru&#382;imo snage. Stoga se obavezujemo da &cacute;emo raditi sa svima vama na postizanju na\u0161ih ciljeva, da delimo najbolje prakse, da se suprotstavimo ruskom me\u0161anju i propagandi i da promovi\u0161emo mir \u0161irom sveta. \u00a0 U tom duhu, organizova&cacute;u Globalni samit za &#382;ene u miru i bezbednosti 2022. koji &cacute;\u00cce okupiti lidere iz celog sveta. \u00a0 U borbi izme&dstrok;u demokratije i autokratije, istorija nas u&ccaron;i da prilago&dstrok;avanje autokrata nikada ne funkcioni\u0161e. Danas je ovo ne\u0161to vi\u0161e od samita. Na\u0161 zajedni&ccaron;ki glas je taj koji odbacuje autokratske tendencije i na\u0161 zajedni&ccaron;ki glas je u odbrani demokratije. \u00a0 &Zcaron;elim da se zahvalim predsedniku Baidenu na njegovom lider\u0161ipu u ovim naporima! Od najvi\u0161e proameri&ccaron;kog naroda na svetu, hvala svima i dovi&dstrok;enja! \u00a0<\/p>\n","protected":false},"author":1,"featured_media":17227,"comment_status":"open","ping_status":"closed","sticky":false,"template":"","format":"standard","meta":{"_eb_attr":"","footnotes":""},"categories":[101],"tags":[],"class_list":["post-74646","post","type-post","status-publish","format-standard","has-post-thumbnail","hentry","category-vesti"],"yoast_head":"<!-- This site is optimized with the Yoast SEO plugin v23.5 - https:\/\/yoast.com\/wordpress\/plugins\/seo\/ -->\n<title>Izjava predsednice Republike Kosovo Vjose Osmani na Samitu za Demokratiju - Predsednik Republike Kosovo - DR. VJOSA OSMANI - SADRIU<\/title>\n<meta name=\"description\" content=\"Izjava predsednice Republike Kosovo Vjose Osmani na Samitu za Demokratiju - Predsednik Republike Kosovo - DR. VJOSA OSMANI - SADRIU -\" \/>\n<meta name=\"robots\" content=\"index, follow, max-snippet:-1, max-image-preview:large, max-video-preview:-1\" \/>\n<link rel=\"canonical\" href=\"https:\/\/president-ksgov.net\/sr\/izjava-predsednice-republike-kosovo-vjose-osmani-na-samitu-za-demokratiju-2\/\" \/>\n<meta property=\"og:locale\" content=\"sr_RS\" \/>\n<meta property=\"og:type\" content=\"article\" \/>\n<meta property=\"og:title\" content=\"Izjava predsednice Republike Kosovo Vjose Osmani na Samitu za Demokratiju - Predsednik Republike Kosovo - DR. VJOSA OSMANI - SADRIU\" \/>\n<meta property=\"og:description\" content=\"Izjava predsednice Republike Kosovo Vjose Osmani na Samitu za Demokratiju - Predsednik Republike Kosovo - DR. VJOSA OSMANI - SADRIU -\" \/>\n<meta property=\"og:url\" content=\"https:\/\/president-ksgov.net\/sr\/izjava-predsednice-republike-kosovo-vjose-osmani-na-samitu-za-demokratiju-2\/\" \/>\n<meta property=\"og:site_name\" content=\"Predsednik Republike Kosovo - DR. VJOSA OSMANI - SADRIU\" \/>\n<meta property=\"article:published_time\" content=\"2021-12-09T15:13:44+00:00\" \/>\n<meta property=\"og:image\" content=\"https:\/\/president-ksgov.net\/wp-content\/uploads\/09_12_2021_761790_9_12_21_2-scaled.jpg\" \/>\n\t<meta property=\"og:image:width\" content=\"2560\" \/>\n\t<meta property=\"og:image:height\" content=\"1707\" \/>\n\t<meta property=\"og:image:type\" content=\"image\/jpeg\" \/>\n<meta name=\"author\" content=\"admin\" \/>\n<meta name=\"twitter:card\" content=\"summary_large_image\" \/>\n<meta name=\"twitter:label1\" content=\"\u041d\u0430\u043f\u0438\u0441\u0430\u043d\u043e \u043e\u0434\" \/>\n\t<meta name=\"twitter:data1\" content=\"admin\" \/>\n\t<meta name=\"twitter:label2\" content=\"\u041f\u0440\u043e\u0446\u0435\u045a\u0435\u043d\u043e \u0432\u0440\u0435\u043c\u0435 \u0447\u0438\u0442\u0430\u045a\u0430\" \/>\n\t<meta name=\"twitter:data2\" content=\"3 \u043c\u0438\u043d\u0443\u0442\u0430\" \/>\n<script type=\"application\/ld+json\" class=\"yoast-schema-graph\">{\"@context\":\"https:\/\/schema.org\",\"@graph\":[{\"@type\":\"WebPage\",\"@id\":\"https:\/\/president-ksgov.net\/sr\/izjava-predsednice-republike-kosovo-vjose-osmani-na-samitu-za-demokratiju-2\/\",\"url\":\"https:\/\/president-ksgov.net\/sr\/izjava-predsednice-republike-kosovo-vjose-osmani-na-samitu-za-demokratiju-2\/\",\"name\":\"Izjava predsednice Republike Kosovo Vjose Osmani na Samitu za Demokratiju - Predsednik Republike Kosovo - DR. VJOSA OSMANI - SADRIU\",\"isPartOf\":{\"@id\":\"https:\/\/president-ksgov.net\/#website\"},\"primaryImageOfPage\":{\"@id\":\"https:\/\/president-ksgov.net\/sr\/izjava-predsednice-republike-kosovo-vjose-osmani-na-samitu-za-demokratiju-2\/#primaryimage\"},\"image\":{\"@id\":\"https:\/\/president-ksgov.net\/sr\/izjava-predsednice-republike-kosovo-vjose-osmani-na-samitu-za-demokratiju-2\/#primaryimage\"},\"thumbnailUrl\":\"https:\/\/president-ksgov.net\/wp-content\/uploads\/09_12_2021_761790_9_12_21_2-scaled.jpg\",\"datePublished\":\"2021-12-09T15:13:44+00:00\",\"dateModified\":\"2021-12-09T15:13:44+00:00\",\"author\":{\"@id\":\"https:\/\/president-ksgov.net\/#\/schema\/person\/bb4337a5fb147cb2046d80548172cbee\"},\"description\":\"Izjava predsednice Republike Kosovo Vjose Osmani na Samitu za Demokratiju - Predsednik Republike Kosovo - DR. VJOSA OSMANI - SADRIU -\",\"breadcrumb\":{\"@id\":\"https:\/\/president-ksgov.net\/sr\/izjava-predsednice-republike-kosovo-vjose-osmani-na-samitu-za-demokratiju-2\/#breadcrumb\"},\"inLanguage\":\"sr-RS\",\"potentialAction\":[{\"@type\":\"ReadAction\",\"target\":[\"https:\/\/president-ksgov.net\/sr\/izjava-predsednice-republike-kosovo-vjose-osmani-na-samitu-za-demokratiju-2\/\"]}]},{\"@type\":\"ImageObject\",\"inLanguage\":\"sr-RS\",\"@id\":\"https:\/\/president-ksgov.net\/sr\/izjava-predsednice-republike-kosovo-vjose-osmani-na-samitu-za-demokratiju-2\/#primaryimage\",\"url\":\"https:\/\/president-ksgov.net\/wp-content\/uploads\/09_12_2021_761790_9_12_21_2-scaled.jpg\",\"contentUrl\":\"https:\/\/president-ksgov.net\/wp-content\/uploads\/09_12_2021_761790_9_12_21_2-scaled.jpg\",\"width\":2560,\"height\":1707},{\"@type\":\"BreadcrumbList\",\"@id\":\"https:\/\/president-ksgov.net\/sr\/izjava-predsednice-republike-kosovo-vjose-osmani-na-samitu-za-demokratiju-2\/#breadcrumb\",\"itemListElement\":[{\"@type\":\"ListItem\",\"position\":1,\"name\":\"Home\",\"item\":\"https:\/\/president-ksgov.net\/sr\/\"},{\"@type\":\"ListItem\",\"position\":2,\"name\":\"Izjava predsednice Republike Kosovo Vjose Osmani na Samitu za Demokratiju\"}]},{\"@type\":\"WebSite\",\"@id\":\"https:\/\/president-ksgov.net\/#website\",\"url\":\"https:\/\/president-ksgov.net\/\",\"name\":\"Presidente e Republik\u00ebs s\u00eb Kosov\u00ebs\",\"description\":\"Presidente e Republik\u00ebs s\u00eb Kosov\u00ebs\",\"alternateName\":\"DR. VJOSA OSMANI - SADRIU\",\"potentialAction\":[{\"@type\":\"SearchAction\",\"target\":{\"@type\":\"EntryPoint\",\"urlTemplate\":\"https:\/\/president-ksgov.net\/?s={search_term_string}\"},\"query-input\":{\"@type\":\"PropertyValueSpecification\",\"valueRequired\":true,\"valueName\":\"search_term_string\"}}],\"inLanguage\":\"sr-RS\"},{\"@type\":\"Person\",\"@id\":\"https:\/\/president-ksgov.net\/#\/schema\/person\/bb4337a5fb147cb2046d80548172cbee\",\"name\":\"admin\",\"image\":{\"@type\":\"ImageObject\",\"inLanguage\":\"sr-RS\",\"@id\":\"https:\/\/president-ksgov.net\/#\/schema\/person\/image\/\",\"url\":\"https:\/\/secure.gravatar.com\/avatar\/36156ca0fa3b8d9d25174f146e16beea0cf28f37adf1b9e19b6c9c279a7c9dd3?s=96&d=mm&r=g\",\"contentUrl\":\"https:\/\/secure.gravatar.com\/avatar\/36156ca0fa3b8d9d25174f146e16beea0cf28f37adf1b9e19b6c9c279a7c9dd3?s=96&d=mm&r=g\",\"caption\":\"admin\"},\"sameAs\":[\"https:\/\/president-ksgov.net\"]}]}<\/script>\n<!-- \/ Yoast SEO plugin. -->","yoast_head_json":{"title":"Izjava predsednice Republike Kosovo Vjose Osmani na Samitu za Demokratiju - Predsednik Republike Kosovo - DR. VJOSA OSMANI - SADRIU","description":"Izjava predsednice Republike Kosovo Vjose Osmani na Samitu za Demokratiju - Predsednik Republike Kosovo - DR. VJOSA OSMANI - SADRIU -","robots":{"index":"index","follow":"follow","max-snippet":"max-snippet:-1","max-image-preview":"max-image-preview:large","max-video-preview":"max-video-preview:-1"},"canonical":"https:\/\/president-ksgov.net\/sr\/izjava-predsednice-republike-kosovo-vjose-osmani-na-samitu-za-demokratiju-2\/","og_locale":"sr_RS","og_type":"article","og_title":"Izjava predsednice Republike Kosovo Vjose Osmani na Samitu za Demokratiju - Predsednik Republike Kosovo - DR. VJOSA OSMANI - SADRIU","og_description":"Izjava predsednice Republike Kosovo Vjose Osmani na Samitu za Demokratiju - Predsednik Republike Kosovo - DR. VJOSA OSMANI - SADRIU -","og_url":"https:\/\/president-ksgov.net\/sr\/izjava-predsednice-republike-kosovo-vjose-osmani-na-samitu-za-demokratiju-2\/","og_site_name":"Predsednik Republike Kosovo - DR. VJOSA OSMANI - SADRIU","article_published_time":"2021-12-09T15:13:44+00:00","og_image":[{"width":2560,"height":1707,"url":"https:\/\/president-ksgov.net\/wp-content\/uploads\/09_12_2021_761790_9_12_21_2-scaled.jpg","type":"image\/jpeg"}],"author":"admin","twitter_card":"summary_large_image","twitter_misc":{"\u041d\u0430\u043f\u0438\u0441\u0430\u043d\u043e \u043e\u0434":"admin","\u041f\u0440\u043e\u0446\u0435\u045a\u0435\u043d\u043e \u0432\u0440\u0435\u043c\u0435 \u0447\u0438\u0442\u0430\u045a\u0430":"3 \u043c\u0438\u043d\u0443\u0442\u0430"},"schema":{"@context":"https:\/\/schema.org","@graph":[{"@type":"WebPage","@id":"https:\/\/president-ksgov.net\/sr\/izjava-predsednice-republike-kosovo-vjose-osmani-na-samitu-za-demokratiju-2\/","url":"https:\/\/president-ksgov.net\/sr\/izjava-predsednice-republike-kosovo-vjose-osmani-na-samitu-za-demokratiju-2\/","name":"Izjava predsednice Republike Kosovo Vjose Osmani na Samitu za Demokratiju - Predsednik Republike Kosovo - DR. VJOSA OSMANI - SADRIU","isPartOf":{"@id":"https:\/\/president-ksgov.net\/#website"},"primaryImageOfPage":{"@id":"https:\/\/president-ksgov.net\/sr\/izjava-predsednice-republike-kosovo-vjose-osmani-na-samitu-za-demokratiju-2\/#primaryimage"},"image":{"@id":"https:\/\/president-ksgov.net\/sr\/izjava-predsednice-republike-kosovo-vjose-osmani-na-samitu-za-demokratiju-2\/#primaryimage"},"thumbnailUrl":"https:\/\/president-ksgov.net\/wp-content\/uploads\/09_12_2021_761790_9_12_21_2-scaled.jpg","datePublished":"2021-12-09T15:13:44+00:00","dateModified":"2021-12-09T15:13:44+00:00","author":{"@id":"https:\/\/president-ksgov.net\/#\/schema\/person\/bb4337a5fb147cb2046d80548172cbee"},"description":"Izjava predsednice Republike Kosovo Vjose Osmani na Samitu za Demokratiju - Predsednik Republike Kosovo - DR. VJOSA OSMANI - SADRIU -","breadcrumb":{"@id":"https:\/\/president-ksgov.net\/sr\/izjava-predsednice-republike-kosovo-vjose-osmani-na-samitu-za-demokratiju-2\/#breadcrumb"},"inLanguage":"sr-RS","potentialAction":[{"@type":"ReadAction","target":["https:\/\/president-ksgov.net\/sr\/izjava-predsednice-republike-kosovo-vjose-osmani-na-samitu-za-demokratiju-2\/"]}]},{"@type":"ImageObject","inLanguage":"sr-RS","@id":"https:\/\/president-ksgov.net\/sr\/izjava-predsednice-republike-kosovo-vjose-osmani-na-samitu-za-demokratiju-2\/#primaryimage","url":"https:\/\/president-ksgov.net\/wp-content\/uploads\/09_12_2021_761790_9_12_21_2-scaled.jpg","contentUrl":"https:\/\/president-ksgov.net\/wp-content\/uploads\/09_12_2021_761790_9_12_21_2-scaled.jpg","width":2560,"height":1707},{"@type":"BreadcrumbList","@id":"https:\/\/president-ksgov.net\/sr\/izjava-predsednice-republike-kosovo-vjose-osmani-na-samitu-za-demokratiju-2\/#breadcrumb","itemListElement":[{"@type":"ListItem","position":1,"name":"Home","item":"https:\/\/president-ksgov.net\/sr\/"},{"@type":"ListItem","position":2,"name":"Izjava predsednice Republike Kosovo Vjose Osmani na Samitu za Demokratiju"}]},{"@type":"WebSite","@id":"https:\/\/president-ksgov.net\/#website","url":"https:\/\/president-ksgov.net\/","name":"Presidente e Republik\u00ebs s\u00eb Kosov\u00ebs","description":"Presidente e Republik\u00ebs s\u00eb Kosov\u00ebs","alternateName":"DR. VJOSA OSMANI - SADRIU","potentialAction":[{"@type":"SearchAction","target":{"@type":"EntryPoint","urlTemplate":"https:\/\/president-ksgov.net\/?s={search_term_string}"},"query-input":{"@type":"PropertyValueSpecification","valueRequired":true,"valueName":"search_term_string"}}],"inLanguage":"sr-RS"},{"@type":"Person","@id":"https:\/\/president-ksgov.net\/#\/schema\/person\/bb4337a5fb147cb2046d80548172cbee","name":"admin","image":{"@type":"ImageObject","inLanguage":"sr-RS","@id":"https:\/\/president-ksgov.net\/#\/schema\/person\/image\/","url":"https:\/\/secure.gravatar.com\/avatar\/36156ca0fa3b8d9d25174f146e16beea0cf28f37adf1b9e19b6c9c279a7c9dd3?s=96&d=mm&r=g","contentUrl":"https:\/\/secure.gravatar.com\/avatar\/36156ca0fa3b8d9d25174f146e16beea0cf28f37adf1b9e19b6c9c279a7c9dd3?s=96&d=mm&r=g","caption":"admin"},"sameAs":["https:\/\/president-ksgov.net"]}]}},"_links":{"self":[{"href":"https:\/\/president-ksgov.net\/sr\/wp-json\/wp\/v2\/posts\/74646","targetHints":{"allow":["GET"]}}],"collection":[{"href":"https:\/\/president-ksgov.net\/sr\/wp-json\/wp\/v2\/posts"}],"about":[{"href":"https:\/\/president-ksgov.net\/sr\/wp-json\/wp\/v2\/types\/post"}],"author":[{"embeddable":true,"href":"https:\/\/president-ksgov.net\/sr\/wp-json\/wp\/v2\/users\/1"}],"replies":[{"embeddable":true,"href":"https:\/\/president-ksgov.net\/sr\/wp-json\/wp\/v2\/comments?post=74646"}],"version-history":[{"count":0,"href":"https:\/\/president-ksgov.net\/sr\/wp-json\/wp\/v2\/posts\/74646\/revisions"}],"wp:featuredmedia":[{"embeddable":true,"href":"https:\/\/president-ksgov.net\/sr\/wp-json\/wp\/v2\/media\/17227"}],"wp:attachment":[{"href":"https:\/\/president-ksgov.net\/sr\/wp-json\/wp\/v2\/media?parent=74646"}],"wp:term":[{"taxonomy":"category","embeddable":true,"href":"https:\/\/president-ksgov.net\/sr\/wp-json\/wp\/v2\/categories?post=74646"},{"taxonomy":"post_tag","embeddable":true,"href":"https:\/\/president-ksgov.net\/sr\/wp-json\/wp\/v2\/tags?post=74646"}],"curies":[{"name":"wp","href":"https:\/\/api.w.org\/{rel}","templated":true}]}}