{"id":74644,"date":"2021-12-10T10:35:44","date_gmt":"2021-12-10T10:35:44","guid":{"rendered":"https:\/\/dev.president-ksgov.net\/predsednica-osmani-povodom-meunarodnog-dana-seanja-na-rtve-genocida-nasa-misija-ostaje-da-uradimo-i-nemogue-kako-bi-poinioci-masakra-bili-izvedeni-pred-lice-prav\/"},"modified":"2021-12-10T10:35:44","modified_gmt":"2021-12-10T10:35:44","slug":"predsednica-osmani-povodom-meunarodnog-dana-seanja-na-rtve-genocida-nasa-misija-ostaje-da-uradimo-i-nemogue-kako-bi-poinioci-masakra-bili-izvedeni-pred-lice-prav","status":"publish","type":"post","link":"https:\/\/president-ksgov.net\/sr\/predsednica-osmani-povodom-meunarodnog-dana-seanja-na-rtve-genocida-nasa-misija-ostaje-da-uradimo-i-nemogue-kako-bi-poinioci-masakra-bili-izvedeni-pred-lice-prav\/","title":{"rendered":"Predsednica Osmani povodom Me&dstrok;unarodnog dana se&cacute;anja na &#158;rtve genocida: Na\u0161a misija ostaje da uradimo i nemogu&cacute;e kako bi po&ccaron;inioci masakra bili izvedeni pred lice pravde"},"content":{"rendered":"<p>Na Me&dstrok;unarodni dan se&cacute;anja na &#382;rtve genocida, 9. decembra, predsednica Osmani je rekla da je ovo trenutak za razmi\u0161ljanje o te\u0161kom putu kroz koji smo pro\u0161li i visokoj ceni koju smo platili za na\u0161u slobodu.<\/p>\n<p>\u201eNe mo&#382;emo okrenuti le&dstrok;a na\u0161oj pro\u0161losti. Pamti&cacute;emo je iz predostro&#382;nosti da se takve stvari ne bi ponovile ni u jednom kutku zemaljske kugle. Preduslov za prevenciju je pravda. Dela genocida od strane Srbije desila su se na o&ccaron;i sveta. U poslednjem ratu na Kosovu ima preko 13 hiljada poginulih, za kojima danas ose&cacute;amo bol, pred kojima se klanjamo i koji &cacute;e zauvek biti upam&cacute;eni. Oni su dokaz zlo&ccaron;ina genocida i jasne namere Srbije da nas izbri\u0161e sa lica zemlje\u201c, rekla je ona.<br \/>\n\u00a0<br \/>\nU nastavku teksta je ceo post predsednice Osmani:<br \/>\n\u00a0<br \/>\nMe&dstrok;unarodni dan se&cacute;anja na &#382;rtve genocida, 9. decembar, trenutak je razmi\u0161ljanja o te\u0161kom putu kroz koji smo pro\u0161li i visokoj ceni koju smo platili za na\u0161u slobodu. Ne mo&#382;emo okrenuti le&dstrok;a na\u0161oj pro\u0161losti. Pamti&cacute;emo je iz predostro&#382;nosti da se takve stvari ne bi ponovile ni u jednom kutku zemaljske kugle. Preduslov za prevenciju je pravda. Dela genocida od strane Srbije desila su se na o&ccaron;i sveta. U poslednjem ratu na Kosovu ima preko 13 hiljada poginulih, za kojima danas ose&cacute;amo bol, pred kojima se klanjamo i koji &cacute;e zauvek biti upam&cacute;eni. Oni su dokaz zlo&ccaron;ina genocida i jasne namere Srbije da nas izbri\u0161e sa lica zemlje.<br \/>\n\u00a0<br \/>\nJedan od mnogih slu&ccaron;ajeva koji dokazuje ovu nameru istrebljenja je masakr u Pokleku. Tragovi krvi 54 civila ubijenih u masakru u Pokleku, me&dstrok;u kojima 24 dece, jo\u0161 uvek su sve&#382;i u podrumu ku&cacute;e u kojoj su prvo ubijeni, a zatim dva puta zaredom spaljeni. Mlada (zelena) tela dece, zajedno sa njihovim porodicama, pretvorena su u pepeo,\u00a0\u0161to je onemogu&cacute;ilo identifikaciju i prikrivanje okrutnog zlo&ccaron;ina. Ovaj zlo&ccaron;in je imao jasnu svrhu: istrebljenje na\u0161eg naroda sa lica zemlje. Namerno istrebljenje koje predstavlja glavni element genocida. Ubijena deca su bila uzrasta od \u0161est meseci do 17 godina.<br \/>\n\u00a0<br \/>\nMi koji u&#382;ivamo u slobodi imamo misiju da u&ccaron;inimo i nemogu&cacute;e da po&ccaron;inioci ovog jezivog\u00a0&ccaron;ina i mnogih drugih masakra da budu izvedeni pred lice pravde.<\/p>\n","protected":false},"excerpt":{"rendered":"<p>Na Me&dstrok;unarodni dan se&cacute;anja na &#382;rtve genocida, 9. decembra, predsednica Osmani je rekla da je ovo trenutak za razmi\u0161ljanje o te\u0161kom putu kroz koji smo pro\u0161li i visokoj ceni koju smo platili za na\u0161u slobodu.<\/p>\n","protected":false},"author":1,"featured_media":17216,"comment_status":"open","ping_status":"closed","sticky":false,"template":"","format":"standard","meta":{"_eb_attr":"","footnotes":""},"categories":[101],"tags":[],"class_list":["post-74644","post","type-post","status-publish","format-standard","has-post-thumbnail","hentry","category-vesti"],"yoast_head":"<!-- This site is optimized with the Yoast SEO plugin v23.5 - https:\/\/yoast.com\/wordpress\/plugins\/seo\/ -->\n<title>Predsednica Osmani povodom Me&amp;dstrok;unarodnog dana se&amp;cacute;anja na &#158;rtve genocida: Na\u0161a misija ostaje da uradimo i nemogu&amp;cacute;e kako bi po&amp;ccaron;inioci masakra bili izvedeni pred lice pravde - Predsednik Republike Kosovo - DR. VJOSA OSMANI - SADRIU<\/title>\n<meta name=\"description\" content=\"Predsednica Osmani povodom Me&amp;dstrok;unarodnog dana se&amp;cacute;anja na &#158;rtve genocida: Na\u0161a misija ostaje da uradimo i nemogu&amp;cacute;e kako bi po&amp;ccaron;inioci masakra bili izvedeni pred lice pravde - Predsednik Republike Kosovo - DR. VJOSA OSMANI - SADRIU -\" \/>\n<meta name=\"robots\" content=\"index, follow, max-snippet:-1, max-image-preview:large, max-video-preview:-1\" \/>\n<link rel=\"canonical\" href=\"https:\/\/president-ksgov.net\/sr\/predsednica-osmani-povodom-meunarodnog-dana-seanja-na-rtve-genocida-nasa-misija-ostaje-da-uradimo-i-nemogue-kako-bi-poinioci-masakra-bili-izvedeni-pred-lice-prav\/\" \/>\n<meta property=\"og:locale\" content=\"sr_RS\" \/>\n<meta property=\"og:type\" content=\"article\" \/>\n<meta property=\"og:title\" content=\"Predsednica Osmani povodom Me&amp;dstrok;unarodnog dana se&amp;cacute;anja na &#158;rtve genocida: Na\u0161a misija ostaje da uradimo i nemogu&amp;cacute;e kako bi po&amp;ccaron;inioci masakra bili izvedeni pred lice pravde - Predsednik Republike Kosovo - DR. VJOSA OSMANI - SADRIU\" \/>\n<meta property=\"og:description\" content=\"Predsednica Osmani povodom Me&amp;dstrok;unarodnog dana se&amp;cacute;anja na &#158;rtve genocida: Na\u0161a misija ostaje da uradimo i nemogu&amp;cacute;e kako bi po&amp;ccaron;inioci masakra bili izvedeni pred lice pravde - Predsednik Republike Kosovo - DR. VJOSA OSMANI - SADRIU -\" \/>\n<meta property=\"og:url\" content=\"https:\/\/president-ksgov.net\/sr\/predsednica-osmani-povodom-meunarodnog-dana-seanja-na-rtve-genocida-nasa-misija-ostaje-da-uradimo-i-nemogue-kako-bi-poinioci-masakra-bili-izvedeni-pred-lice-prav\/\" \/>\n<meta property=\"og:site_name\" content=\"Predsednik Republike Kosovo - DR. VJOSA OSMANI - SADRIU\" \/>\n<meta property=\"article:published_time\" content=\"2021-12-10T10:35:44+00:00\" \/>\n<meta property=\"og:image\" content=\"https:\/\/president-ksgov.net\/wp-content\/uploads\/10_12_2021_4312787_20_10_2021_5044797_IMG_7d6066f79ffeee59ef2b1238de4e2ed5_V1.jpg\" \/>\n\t<meta property=\"og:image:width\" content=\"1600\" \/>\n\t<meta property=\"og:image:height\" content=\"708\" \/>\n\t<meta property=\"og:image:type\" content=\"image\/jpeg\" \/>\n<meta name=\"author\" content=\"admin\" \/>\n<meta name=\"twitter:card\" content=\"summary_large_image\" \/>\n<meta name=\"twitter:label1\" content=\"\u041d\u0430\u043f\u0438\u0441\u0430\u043d\u043e \u043e\u0434\" \/>\n\t<meta name=\"twitter:data1\" content=\"admin\" \/>\n\t<meta name=\"twitter:label2\" content=\"\u041f\u0440\u043e\u0446\u0435\u045a\u0435\u043d\u043e \u0432\u0440\u0435\u043c\u0435 \u0447\u0438\u0442\u0430\u045a\u0430\" \/>\n\t<meta name=\"twitter:data2\" content=\"2 \u043c\u0438\u043d\u0443\u0442\u0430\" \/>\n<script type=\"application\/ld+json\" class=\"yoast-schema-graph\">{\"@context\":\"https:\/\/schema.org\",\"@graph\":[{\"@type\":\"WebPage\",\"@id\":\"https:\/\/president-ksgov.net\/sr\/predsednica-osmani-povodom-meunarodnog-dana-seanja-na-rtve-genocida-nasa-misija-ostaje-da-uradimo-i-nemogue-kako-bi-poinioci-masakra-bili-izvedeni-pred-lice-prav\/\",\"url\":\"https:\/\/president-ksgov.net\/sr\/predsednica-osmani-povodom-meunarodnog-dana-seanja-na-rtve-genocida-nasa-misija-ostaje-da-uradimo-i-nemogue-kako-bi-poinioci-masakra-bili-izvedeni-pred-lice-prav\/\",\"name\":\"Predsednica Osmani povodom Me&dstrok;unarodnog dana se&cacute;anja na &#158;rtve genocida: Na\u0161a misija ostaje da uradimo i nemogu&cacute;e kako bi po&ccaron;inioci masakra bili izvedeni pred lice pravde - Predsednik Republike Kosovo - DR. VJOSA OSMANI - SADRIU\",\"isPartOf\":{\"@id\":\"https:\/\/president-ksgov.net\/#website\"},\"primaryImageOfPage\":{\"@id\":\"https:\/\/president-ksgov.net\/sr\/predsednica-osmani-povodom-meunarodnog-dana-seanja-na-rtve-genocida-nasa-misija-ostaje-da-uradimo-i-nemogue-kako-bi-poinioci-masakra-bili-izvedeni-pred-lice-prav\/#primaryimage\"},\"image\":{\"@id\":\"https:\/\/president-ksgov.net\/sr\/predsednica-osmani-povodom-meunarodnog-dana-seanja-na-rtve-genocida-nasa-misija-ostaje-da-uradimo-i-nemogue-kako-bi-poinioci-masakra-bili-izvedeni-pred-lice-prav\/#primaryimage\"},\"thumbnailUrl\":\"https:\/\/president-ksgov.net\/wp-content\/uploads\/10_12_2021_4312787_20_10_2021_5044797_IMG_7d6066f79ffeee59ef2b1238de4e2ed5_V1.jpg\",\"datePublished\":\"2021-12-10T10:35:44+00:00\",\"dateModified\":\"2021-12-10T10:35:44+00:00\",\"author\":{\"@id\":\"https:\/\/president-ksgov.net\/#\/schema\/person\/bb4337a5fb147cb2046d80548172cbee\"},\"description\":\"Predsednica Osmani povodom Me&dstrok;unarodnog dana se&cacute;anja na &#158;rtve genocida: Na\u0161a misija ostaje da uradimo i nemogu&cacute;e kako bi po&ccaron;inioci masakra bili izvedeni pred lice pravde - Predsednik Republike Kosovo - DR. VJOSA OSMANI - SADRIU -\",\"breadcrumb\":{\"@id\":\"https:\/\/president-ksgov.net\/sr\/predsednica-osmani-povodom-meunarodnog-dana-seanja-na-rtve-genocida-nasa-misija-ostaje-da-uradimo-i-nemogue-kako-bi-poinioci-masakra-bili-izvedeni-pred-lice-prav\/#breadcrumb\"},\"inLanguage\":\"sr-RS\",\"potentialAction\":[{\"@type\":\"ReadAction\",\"target\":[\"https:\/\/president-ksgov.net\/sr\/predsednica-osmani-povodom-meunarodnog-dana-seanja-na-rtve-genocida-nasa-misija-ostaje-da-uradimo-i-nemogue-kako-bi-poinioci-masakra-bili-izvedeni-pred-lice-prav\/\"]}]},{\"@type\":\"ImageObject\",\"inLanguage\":\"sr-RS\",\"@id\":\"https:\/\/president-ksgov.net\/sr\/predsednica-osmani-povodom-meunarodnog-dana-seanja-na-rtve-genocida-nasa-misija-ostaje-da-uradimo-i-nemogue-kako-bi-poinioci-masakra-bili-izvedeni-pred-lice-prav\/#primaryimage\",\"url\":\"https:\/\/president-ksgov.net\/wp-content\/uploads\/10_12_2021_4312787_20_10_2021_5044797_IMG_7d6066f79ffeee59ef2b1238de4e2ed5_V1.jpg\",\"contentUrl\":\"https:\/\/president-ksgov.net\/wp-content\/uploads\/10_12_2021_4312787_20_10_2021_5044797_IMG_7d6066f79ffeee59ef2b1238de4e2ed5_V1.jpg\",\"width\":1600,\"height\":708},{\"@type\":\"BreadcrumbList\",\"@id\":\"https:\/\/president-ksgov.net\/sr\/predsednica-osmani-povodom-meunarodnog-dana-seanja-na-rtve-genocida-nasa-misija-ostaje-da-uradimo-i-nemogue-kako-bi-poinioci-masakra-bili-izvedeni-pred-lice-prav\/#breadcrumb\",\"itemListElement\":[{\"@type\":\"ListItem\",\"position\":1,\"name\":\"Home\",\"item\":\"https:\/\/president-ksgov.net\/sr\/\"},{\"@type\":\"ListItem\",\"position\":2,\"name\":\"Predsednica Osmani povodom Me&dstrok;unarodnog dana se&cacute;anja na &#158;rtve genocida: Na\u0161a misija ostaje da uradimo i nemogu&cacute;e kako bi po&ccaron;inioci masakra bili izvedeni pred lice pravde\"}]},{\"@type\":\"WebSite\",\"@id\":\"https:\/\/president-ksgov.net\/#website\",\"url\":\"https:\/\/president-ksgov.net\/\",\"name\":\"Presidente e Republik\u00ebs s\u00eb Kosov\u00ebs\",\"description\":\"Presidente e Republik\u00ebs s\u00eb Kosov\u00ebs\",\"alternateName\":\"DR. VJOSA OSMANI - SADRIU\",\"potentialAction\":[{\"@type\":\"SearchAction\",\"target\":{\"@type\":\"EntryPoint\",\"urlTemplate\":\"https:\/\/president-ksgov.net\/?s={search_term_string}\"},\"query-input\":{\"@type\":\"PropertyValueSpecification\",\"valueRequired\":true,\"valueName\":\"search_term_string\"}}],\"inLanguage\":\"sr-RS\"},{\"@type\":\"Person\",\"@id\":\"https:\/\/president-ksgov.net\/#\/schema\/person\/bb4337a5fb147cb2046d80548172cbee\",\"name\":\"admin\",\"image\":{\"@type\":\"ImageObject\",\"inLanguage\":\"sr-RS\",\"@id\":\"https:\/\/president-ksgov.net\/#\/schema\/person\/image\/\",\"url\":\"https:\/\/secure.gravatar.com\/avatar\/36156ca0fa3b8d9d25174f146e16beea0cf28f37adf1b9e19b6c9c279a7c9dd3?s=96&d=mm&r=g\",\"contentUrl\":\"https:\/\/secure.gravatar.com\/avatar\/36156ca0fa3b8d9d25174f146e16beea0cf28f37adf1b9e19b6c9c279a7c9dd3?s=96&d=mm&r=g\",\"caption\":\"admin\"},\"sameAs\":[\"https:\/\/president-ksgov.net\"]}]}<\/script>\n<!-- \/ Yoast SEO plugin. -->","yoast_head_json":{"title":"Predsednica Osmani povodom Me&dstrok;unarodnog dana se&cacute;anja na &#158;rtve genocida: Na\u0161a misija ostaje da uradimo i nemogu&cacute;e kako bi po&ccaron;inioci masakra bili izvedeni pred lice pravde - Predsednik Republike Kosovo - DR. VJOSA OSMANI - SADRIU","description":"Predsednica Osmani povodom Me&dstrok;unarodnog dana se&cacute;anja na &#158;rtve genocida: Na\u0161a misija ostaje da uradimo i nemogu&cacute;e kako bi po&ccaron;inioci masakra bili izvedeni pred lice pravde - Predsednik Republike Kosovo - DR. VJOSA OSMANI - SADRIU -","robots":{"index":"index","follow":"follow","max-snippet":"max-snippet:-1","max-image-preview":"max-image-preview:large","max-video-preview":"max-video-preview:-1"},"canonical":"https:\/\/president-ksgov.net\/sr\/predsednica-osmani-povodom-meunarodnog-dana-seanja-na-rtve-genocida-nasa-misija-ostaje-da-uradimo-i-nemogue-kako-bi-poinioci-masakra-bili-izvedeni-pred-lice-prav\/","og_locale":"sr_RS","og_type":"article","og_title":"Predsednica Osmani povodom Me&dstrok;unarodnog dana se&cacute;anja na &#158;rtve genocida: Na\u0161a misija ostaje da uradimo i nemogu&cacute;e kako bi po&ccaron;inioci masakra bili izvedeni pred lice pravde - Predsednik Republike Kosovo - DR. VJOSA OSMANI - SADRIU","og_description":"Predsednica Osmani povodom Me&dstrok;unarodnog dana se&cacute;anja na &#158;rtve genocida: Na\u0161a misija ostaje da uradimo i nemogu&cacute;e kako bi po&ccaron;inioci masakra bili izvedeni pred lice pravde - Predsednik Republike Kosovo - DR. VJOSA OSMANI - SADRIU -","og_url":"https:\/\/president-ksgov.net\/sr\/predsednica-osmani-povodom-meunarodnog-dana-seanja-na-rtve-genocida-nasa-misija-ostaje-da-uradimo-i-nemogue-kako-bi-poinioci-masakra-bili-izvedeni-pred-lice-prav\/","og_site_name":"Predsednik Republike Kosovo - DR. VJOSA OSMANI - SADRIU","article_published_time":"2021-12-10T10:35:44+00:00","og_image":[{"width":1600,"height":708,"url":"https:\/\/president-ksgov.net\/wp-content\/uploads\/10_12_2021_4312787_20_10_2021_5044797_IMG_7d6066f79ffeee59ef2b1238de4e2ed5_V1.jpg","type":"image\/jpeg"}],"author":"admin","twitter_card":"summary_large_image","twitter_misc":{"\u041d\u0430\u043f\u0438\u0441\u0430\u043d\u043e \u043e\u0434":"admin","\u041f\u0440\u043e\u0446\u0435\u045a\u0435\u043d\u043e \u0432\u0440\u0435\u043c\u0435 \u0447\u0438\u0442\u0430\u045a\u0430":"2 \u043c\u0438\u043d\u0443\u0442\u0430"},"schema":{"@context":"https:\/\/schema.org","@graph":[{"@type":"WebPage","@id":"https:\/\/president-ksgov.net\/sr\/predsednica-osmani-povodom-meunarodnog-dana-seanja-na-rtve-genocida-nasa-misija-ostaje-da-uradimo-i-nemogue-kako-bi-poinioci-masakra-bili-izvedeni-pred-lice-prav\/","url":"https:\/\/president-ksgov.net\/sr\/predsednica-osmani-povodom-meunarodnog-dana-seanja-na-rtve-genocida-nasa-misija-ostaje-da-uradimo-i-nemogue-kako-bi-poinioci-masakra-bili-izvedeni-pred-lice-prav\/","name":"Predsednica Osmani povodom Me&dstrok;unarodnog dana se&cacute;anja na &#158;rtve genocida: Na\u0161a misija ostaje da uradimo i nemogu&cacute;e kako bi po&ccaron;inioci masakra bili izvedeni pred lice pravde - Predsednik Republike Kosovo - DR. VJOSA OSMANI - SADRIU","isPartOf":{"@id":"https:\/\/president-ksgov.net\/#website"},"primaryImageOfPage":{"@id":"https:\/\/president-ksgov.net\/sr\/predsednica-osmani-povodom-meunarodnog-dana-seanja-na-rtve-genocida-nasa-misija-ostaje-da-uradimo-i-nemogue-kako-bi-poinioci-masakra-bili-izvedeni-pred-lice-prav\/#primaryimage"},"image":{"@id":"https:\/\/president-ksgov.net\/sr\/predsednica-osmani-povodom-meunarodnog-dana-seanja-na-rtve-genocida-nasa-misija-ostaje-da-uradimo-i-nemogue-kako-bi-poinioci-masakra-bili-izvedeni-pred-lice-prav\/#primaryimage"},"thumbnailUrl":"https:\/\/president-ksgov.net\/wp-content\/uploads\/10_12_2021_4312787_20_10_2021_5044797_IMG_7d6066f79ffeee59ef2b1238de4e2ed5_V1.jpg","datePublished":"2021-12-10T10:35:44+00:00","dateModified":"2021-12-10T10:35:44+00:00","author":{"@id":"https:\/\/president-ksgov.net\/#\/schema\/person\/bb4337a5fb147cb2046d80548172cbee"},"description":"Predsednica Osmani povodom Me&dstrok;unarodnog dana se&cacute;anja na &#158;rtve genocida: Na\u0161a misija ostaje da uradimo i nemogu&cacute;e kako bi po&ccaron;inioci masakra bili izvedeni pred lice pravde - Predsednik Republike Kosovo - DR. VJOSA OSMANI - SADRIU -","breadcrumb":{"@id":"https:\/\/president-ksgov.net\/sr\/predsednica-osmani-povodom-meunarodnog-dana-seanja-na-rtve-genocida-nasa-misija-ostaje-da-uradimo-i-nemogue-kako-bi-poinioci-masakra-bili-izvedeni-pred-lice-prav\/#breadcrumb"},"inLanguage":"sr-RS","potentialAction":[{"@type":"ReadAction","target":["https:\/\/president-ksgov.net\/sr\/predsednica-osmani-povodom-meunarodnog-dana-seanja-na-rtve-genocida-nasa-misija-ostaje-da-uradimo-i-nemogue-kako-bi-poinioci-masakra-bili-izvedeni-pred-lice-prav\/"]}]},{"@type":"ImageObject","inLanguage":"sr-RS","@id":"https:\/\/president-ksgov.net\/sr\/predsednica-osmani-povodom-meunarodnog-dana-seanja-na-rtve-genocida-nasa-misija-ostaje-da-uradimo-i-nemogue-kako-bi-poinioci-masakra-bili-izvedeni-pred-lice-prav\/#primaryimage","url":"https:\/\/president-ksgov.net\/wp-content\/uploads\/10_12_2021_4312787_20_10_2021_5044797_IMG_7d6066f79ffeee59ef2b1238de4e2ed5_V1.jpg","contentUrl":"https:\/\/president-ksgov.net\/wp-content\/uploads\/10_12_2021_4312787_20_10_2021_5044797_IMG_7d6066f79ffeee59ef2b1238de4e2ed5_V1.jpg","width":1600,"height":708},{"@type":"BreadcrumbList","@id":"https:\/\/president-ksgov.net\/sr\/predsednica-osmani-povodom-meunarodnog-dana-seanja-na-rtve-genocida-nasa-misija-ostaje-da-uradimo-i-nemogue-kako-bi-poinioci-masakra-bili-izvedeni-pred-lice-prav\/#breadcrumb","itemListElement":[{"@type":"ListItem","position":1,"name":"Home","item":"https:\/\/president-ksgov.net\/sr\/"},{"@type":"ListItem","position":2,"name":"Predsednica Osmani povodom Me&dstrok;unarodnog dana se&cacute;anja na &#158;rtve genocida: Na\u0161a misija ostaje da uradimo i nemogu&cacute;e kako bi po&ccaron;inioci masakra bili izvedeni pred lice pravde"}]},{"@type":"WebSite","@id":"https:\/\/president-ksgov.net\/#website","url":"https:\/\/president-ksgov.net\/","name":"Presidente e Republik\u00ebs s\u00eb Kosov\u00ebs","description":"Presidente e Republik\u00ebs s\u00eb Kosov\u00ebs","alternateName":"DR. VJOSA OSMANI - SADRIU","potentialAction":[{"@type":"SearchAction","target":{"@type":"EntryPoint","urlTemplate":"https:\/\/president-ksgov.net\/?s={search_term_string}"},"query-input":{"@type":"PropertyValueSpecification","valueRequired":true,"valueName":"search_term_string"}}],"inLanguage":"sr-RS"},{"@type":"Person","@id":"https:\/\/president-ksgov.net\/#\/schema\/person\/bb4337a5fb147cb2046d80548172cbee","name":"admin","image":{"@type":"ImageObject","inLanguage":"sr-RS","@id":"https:\/\/president-ksgov.net\/#\/schema\/person\/image\/","url":"https:\/\/secure.gravatar.com\/avatar\/36156ca0fa3b8d9d25174f146e16beea0cf28f37adf1b9e19b6c9c279a7c9dd3?s=96&d=mm&r=g","contentUrl":"https:\/\/secure.gravatar.com\/avatar\/36156ca0fa3b8d9d25174f146e16beea0cf28f37adf1b9e19b6c9c279a7c9dd3?s=96&d=mm&r=g","caption":"admin"},"sameAs":["https:\/\/president-ksgov.net"]}]}},"_links":{"self":[{"href":"https:\/\/president-ksgov.net\/sr\/wp-json\/wp\/v2\/posts\/74644","targetHints":{"allow":["GET"]}}],"collection":[{"href":"https:\/\/president-ksgov.net\/sr\/wp-json\/wp\/v2\/posts"}],"about":[{"href":"https:\/\/president-ksgov.net\/sr\/wp-json\/wp\/v2\/types\/post"}],"author":[{"embeddable":true,"href":"https:\/\/president-ksgov.net\/sr\/wp-json\/wp\/v2\/users\/1"}],"replies":[{"embeddable":true,"href":"https:\/\/president-ksgov.net\/sr\/wp-json\/wp\/v2\/comments?post=74644"}],"version-history":[{"count":0,"href":"https:\/\/president-ksgov.net\/sr\/wp-json\/wp\/v2\/posts\/74644\/revisions"}],"wp:featuredmedia":[{"embeddable":true,"href":"https:\/\/president-ksgov.net\/sr\/wp-json\/wp\/v2\/media\/17216"}],"wp:attachment":[{"href":"https:\/\/president-ksgov.net\/sr\/wp-json\/wp\/v2\/media?parent=74644"}],"wp:term":[{"taxonomy":"category","embeddable":true,"href":"https:\/\/president-ksgov.net\/sr\/wp-json\/wp\/v2\/categories?post=74644"},{"taxonomy":"post_tag","embeddable":true,"href":"https:\/\/president-ksgov.net\/sr\/wp-json\/wp\/v2\/tags?post=74644"}],"curies":[{"name":"wp","href":"https:\/\/api.w.org\/{rel}","templated":true}]}}