{"id":74642,"date":"2021-12-10T14:28:02","date_gmt":"2021-12-10T14:28:02","guid":{"rendered":"https:\/\/dev.president-ksgov.net\/govor-predsednice-osmani-diskusija-o-zastiti-izbeglica-iz-perspektive-ljudskih-prava-2\/"},"modified":"2021-12-10T14:28:02","modified_gmt":"2021-12-10T14:28:02","slug":"govor-predsednice-osmani-diskusija-o-zastiti-izbeglica-iz-perspektive-ljudskih-prava-2","status":"publish","type":"post","link":"https:\/\/president-ksgov.net\/sr\/govor-predsednice-osmani-diskusija-o-zastiti-izbeglica-iz-perspektive-ljudskih-prava-2\/","title":{"rendered":"Govor predsednice Osmani: Diskusija o za\u0161titi izbeglica iz perspektive ljudskih prava"},"content":{"rendered":"<p>Profesore Sejdiu!\u00a0<br \/>\nPo\u0161tovani prisutni!\u00a0<br \/>\nPo\u0161tovani g. Ardu\u00e7!<br \/>\nPo\u0161tovani dekane g. Puka!<br \/>\nG&dstrok;o Richardson!<br \/>\nG. Ogasavara!<br \/>\nVeoma drage kolege, profesori i nastavnici!\u00a0<br \/>\nPo\u0161tovani u&ccaron;esnici!\u00a0<\/p>\n<p>Posebno mi je zadovoljstvo \u0161to danas u&ccaron;estvujem na ovom forumu koji su zajedno organizovali UNHCR i Pravni fakultet Univerziteta u Pri\u0161tini. Jer ovaj forum postavlja jedno od najosetljivijih pitanja za moderna dru\u0161tva i mogu&cacute;nost je stvaranja politi&ccaron;ke i dru\u0161tvene kohezije po pitanju izbeglica. S toga, cenim va\u0161 poziv i mogu&cacute;nost da diskutujemo o na\u0161im iskustvima, ali i o na\u0161oj ta&ccaron;ki gledi\u0161ta o ovom pitanju.\u00a0<\/p>\n<p>Pre oko 23 godine, svako od nas, skoro milion gra&dstrok;ana Kosova, iskusio je tu&#382;an i te&#382;ak ose&cacute;aj biti izbeglica. Jedan od najte&#382;ih ose&cacute;aja i do&#382;ivljaja koje neko mo&#382;e do&#382;iveti. Mo&#382;da na samom po&ccaron;etku treba da ka&#382;em da nas je to iskustvo sve nau&ccaron;ilo da niko ne bira da bude izbeglica, me&dstrok;utim da svako mo&#382;e postati izbeglica.\u00a0<\/p>\n<p>Zato moram pomenuti, da dok je Kosovo prolazilo kroz razne istorijske izazove, a me&dstrok;u najte&#382;ima je bilo suo&ccaron;avanje sa bolnim iskustvom progona, ubistava, mnogobrojnih masakra i masovne deportacije vi\u0161e od milion njegovih gra&dstrok;ana, pored toga \u0161to u nama o&#382;ivljava se&cacute;anja na devedesete godine i podsti&ccaron;e du\u0161evni bol, tako&dstrok;e nas tera da cenimo na\u0161u dana\u0161nju ulogu koju imamo u spre&ccaron;avanju takvih situacija ili u podr\u0161ci koju mo&#382;e pru&#382;ati svako od nas svakoj izbeglici bilo gde da se on ili ona nalazi. Jer pitanje izbeglica i raseljenih lica predstavlja i ljudsku dimenziju za nas, a ne samo me&dstrok;unarodnu pravnu obavezu.\u00a0<\/p>\n<p>Stoga &#382;elim da se usredsredim upravo na ovaj segment uzimaju&cacute;i u obzir i na\u0161e iskustvo, koje nas &ccaron;ini izuzetno osetljivim na ugro&#382;avanje ljudskih prava i sloboda izbeglica, ali i azilanata. Kao ratnim izbeglicama, nama je pru&#382;ana ruka pomo&cacute;i od strane mnogih miroljubivih dr&#382;ava u svetu, koje su nam otvorile vrata, u vreme kada smo bili izlo&#382;eni nestajanju kao narod i kada se i nada &ccaron;inila dalekom, skoro izgubljenom. Ali, danas smo ovde, slobodni i odlu&ccaron;ni u tome da doprinesemo da se takve situacije, kao ona na\u0161a 1999. godine ne ponavljaju, svesni da se danas mo&#382;e tra&#382;iti da mi pru&#382;amo ruku drugim izbeglicama i raseljenima, &ccaron;ija su ljudska prava mo&#382;da povre&dstrok;ena, kada su ona &ccaron;esto povre&dstrok;ena i od strane samih njihovih dr&#382;ava i kada im je jedini pokriva&ccaron; nebo. Zato, najmanje \u0161to mi sada mo&#382;emo uraditi, jeste da pru&#382;amo na\u0161 doprinos, da pru&#382;amo uto&ccaron;i\u0161te licima koja su primorana da napuste njihove ku&cacute;e i zemlje, &ccaron;ija nada u &#382;ivot danas, kao i u blagostanje sutra, zavisi i od postupaka koje mi preduzmemo kao dru\u0161tvo.\u00a0<\/p>\n<p>Ali, nezavisno od te pru&#382;ane ruke i pomo&cacute;i koju mo&#382;emo pru&#382;ati u jednom odre&dstrok;enom trenutku, mi cenimo da izbeglice tra&#382;e dugoro&ccaron;no tretiranje i trajnu posve&cacute;enost, ne samo kako bi se njihovo trenutno stanje pobolj\u0161alo i kako bi im se otklonio strah, ve&cacute; kako bi im pomogli da se oporave. Mi smo na Kosovu zahvalni Visokom komesarijatu Ujedinjenih nacija za izbeglice \/ UNHCR-u na velikoj podr\u0161ci koju pru&#382;a Kosovu du&#382;e od dve decenije.\u00a0<\/p>\n<p>Kosovski narod &cacute;e se uvek s najdubljim po\u0161tovanjem se&cacute;ati posve&cacute;enosti i strasti gospo&dstrok;e Sadako Ogata (1927 \u2013 2019. godine), prve &#382;ene koja je slu&#382;ila kao visoki komesar OUN-a za izbeglice. Ona je posetila nekoliko puta Kosovo, pokazuju&cacute;i tako posve&cacute;enost pitanju na\u0161ih izbeglica. Tako&dstrok;e izuzetno cenimo i konstantnu pomo&cacute; japanske Vlade i naroda preko agencije JAICA i pomo&cacute; koju je pru&#382;ala svaka miroljubiva i slobodoljubiva dr&#382;ava\u00a0 kako bi nama otvorile vrata, kako nam ne bi okrenule le&dstrok;a i kako bi spasile na\u0161e &#382;ivote.\u00a0<\/p>\n<p>Danas, mi smo konsolidovani kao demokratija, i postupamo kao odgovorna dr&#382;ava i zahvaljuju&cacute;i ulozi na\u0161ih prijatelja svuda u svetu, koji su nam se na\u0161li i u najte&#382;im momentima u na\u0161oj istoriji. Od vremena kada smo mi sami bili izbeglice koje su nasilno raseljene iz na\u0161ih ku&cacute;a, do danas, kada mi, u Republici Kosovo, &ccaron;inimo sve da damo na\u0161 doprinos, mi smo dokazali da su suo&ccaron;avanje sa izbegli&ccaron;kim krizama i povezanim pitanjima, kao \u0161to su azil i migracija, trajni globalni izazovi, na koje me&dstrok;unarodna zajednica mo&#382;e da odgovori samo duhom ljudske solidarnosti i preduzimaju&cacute;i zajedni&ccaron;ke i koordinisane postupke.\u00a0<\/p>\n<p>Konvencija o statusu izbeglica iz 1951. godine je temelj nad kojim se mo&#382;e stvoriti odr&#382;iva platforma za za\u0161titu prava izbeglica. Osnivanje UNHCR-a je najsna&#382;niji primer \u0161ta mo&#382;emo posti&cacute;i kao dr&#382;ave, narodi i kao pojedinci, ukoliko radimo zajedno i u partnerstvu jedni sa drugima, u ime uzvi\u0161enih ljudskih vrednosti, kao \u0161to je za\u0161tita onih koji su zbog razli&ccaron;itih razloga bili primorani da napuste svoje ku&cacute;e.<\/p>\n<p>Kada govorimo o osetljivom pitanju izbeglica i &#382;elimo da ga tretiramo i iz gledi\u0161ta ljudskih prava, dozvolite mi da podvu&ccaron;em i jo\u0161 jednu drugu dimenziju: za\u0161tita izbeglica se ne ti&ccaron;e samo za\u0161tite njihovog &#382;ivota, ve&cacute; i njihovog dostojanstva.\u00a0 Kao takva, za\u0161tita izbeglica nije samo pitanje hitnog pru&#382;anja hrane i uto&ccaron;i\u0161ta, ve&cacute; i pravnih garancija o njihovim pravima i interesima koje mora \u0161titi svako od nas i od me&dstrok;unarodne zajednice uop\u0161teno \u2013 u vreme kada oni ne mogu u&#382;ivati za\u0161titu od strane njihovih vlada koje su, veoma &ccaron;esto, i klju&ccaron;ni izaziva&ccaron;i kriza i imigracija, povreda ljudskih prava.\u00a0<\/p>\n<p>Zato je uloga me&dstrok;unarodnih pravnih instrumenata, u prvom redu Konvencije o statusu izbeglica, ali i ostalih me&dstrok;unarodnih akata o ljudskim pravima, prvi i nezamenjiv uslov za za\u0161titu prava izbeglica. Stoga, i organizovanje stru&ccaron;nih foruma i debata sa cenjenim ekspertima, kao \u0161to je ovaj forum koji su zajedno organizovali UNHCR i Pravni fakultet, doprinosi unapre&dstrok;enju me&dstrok;unarodnih pravnih standarda za za\u0161titu izbeglica.\u00a0<\/p>\n<p>Iako mi kao Republika Kosovo jo\u0161 uvek nismo stranka u Konvenciji o statutu izbeglica iz 1951. godine, preko principa automatizma, na\u0161e Deklaracije nezavisnosti i Ustava Kosova, posvetili smo se tome da primenimo sve konvencije koje su se primenjivale u biv\u0161oj Jugoslaviji, a zatim i dokumenta u kojima je UNMIK postao stranka u na\u0161e ime do 2008. godine. Ali, pored ove konvencije tako&dstrok;e imamo i Ustav Republike Kosovo koji pru&#382;a \u0161irok spektar ljudskih prava svim licima koja su pod jurisdikcijom Republike Kosovo. Mi smo tako&dstrok;e 2018. godine doneli Zakon o azilu\u00a0 koji je sastavljen po\u0161tuju&cacute;i navi\u0161e standarde za\u0161tite statusa prava izbeglica i azilanata.\u00a0<\/p>\n<p>Me&dstrok;utim, stvaranje pravnog osnova nije klju&ccaron;ni aspekat na\u0161ih napora u tom pravcu. Kao malo dr&#382;ava na svetu, uz na\u0161e skromne mogu&cacute;nosti, otvorili smo vrata i na\u0161a srca izbeglicama, postavljaju&cacute;i Kosovo na mapu zemalja doma&cacute;ina za afganistanske izbeglice. Kao predsednica zemlje, ponosna sam \u0161to je Kosovo moglo da napravi mali, ali bitan korak, kako bi vratilo se&cacute;anje na svoj bol radi pru&#382;anja pomo&cacute;i drugima, u te\u0161kim trenucima za njih.\u00a0<br \/>\nZato &cacute;e Kosovo nastaviti da sara&dstrok;uje blisko sa svim organizacijama i partnerima, i sa &ccaron;itavim demokratskim svetom, radi za\u0161tite ljudskih prava i sloboda izbeglica, a pre svega da obezbedi da njihovi &#382;ivoti ne&cacute;e biti dovedeni u opasnost i da im se obezbedi bolja budu&cacute;nost. Nekada je demokratski svet bio tu za nas, danas smo mi tu za sve one koji imaju potrebu!<\/p>\n<p>Hvala vam!<\/p>\n","protected":false},"excerpt":{"rendered":"<p>Profesore Sejdiu!\u00a0 Po\u0161tovani prisutni!\u00a0 Po\u0161tovani g. Ardu\u00e7! Po\u0161tovani dekane g. Puka! G&dstrok;o Richardson! G. Ogasavara! Veoma drage kolege, profesori i nastavnici!\u00a0 Po\u0161tovani u&ccaron;esnici!\u00a0 Posebno mi je zadovoljstvo \u0161to danas u&ccaron;estvujem na ovom forumu koji su zajedno organizovali UNHCR i Pravni fakultet Univerziteta u Pri\u0161tini. Jer ovaj forum postavlja jedno od najosetljivijih pitanja za moderna dru\u0161tva i mogu&cacute;nost je stvaranja politi&ccaron;ke i dru\u0161tvene kohezije po pitanju izbeglica. S toga, cenim va\u0161 poziv i mogu&cacute;nost da diskutujemo o na\u0161im iskustvima, ali i o na\u0161oj ta&ccaron;ki gledi\u0161ta o ovom pitanju.\u00a0 Pre oko 23 godine, svako od nas, skoro milion gra&dstrok;ana Kosova, iskusio je tu&#382;an i te&#382;ak ose&cacute;aj biti izbeglica. Jedan od najte&#382;ih ose&cacute;aja i do&#382;ivljaja koje neko mo&#382;e do&#382;iveti. Mo&#382;da na samom po&ccaron;etku treba da ka&#382;em da nas je to iskustvo sve nau&ccaron;ilo da niko ne bira da bude izbeglica, me&dstrok;utim da svako mo&#382;e postati izbeglica.\u00a0 Zato moram pomenuti, da dok je Kosovo prolazilo kroz razne istorijske izazove, a me&dstrok;u najte&#382;ima je bilo suo&ccaron;avanje sa bolnim iskustvom progona, ubistava, mnogobrojnih masakra i masovne deportacije vi\u0161e od milion njegovih gra&dstrok;ana, pored toga \u0161to u nama o&#382;ivljava se&cacute;anja na devedesete godine i podsti&ccaron;e du\u0161evni bol, tako&dstrok;e nas tera da cenimo na\u0161u dana\u0161nju ulogu koju imamo u spre&ccaron;avanju takvih situacija ili u podr\u0161ci koju mo&#382;e pru&#382;ati svako od nas svakoj izbeglici bilo gde da se on ili ona nalazi. Jer pitanje izbeglica i raseljenih lica predstavlja i ljudsku dimenziju za nas, a ne samo me&dstrok;unarodnu pravnu obavezu.\u00a0 Stoga &#382;elim da se usredsredim upravo na ovaj segment uzimaju&cacute;i u obzir i na\u0161e iskustvo, koje nas &ccaron;ini izuzetno osetljivim na ugro&#382;avanje ljudskih prava i sloboda izbeglica, ali i azilanata. Kao ratnim izbeglicama, nama je pru&#382;ana ruka pomo&cacute;i od strane mnogih miroljubivih dr&#382;ava u svetu, koje su nam otvorile vrata, u vreme kada smo bili izlo&#382;eni nestajanju kao narod i kada se i nada &ccaron;inila dalekom, skoro izgubljenom. Ali, danas smo ovde, slobodni i odlu&ccaron;ni u tome da doprinesemo da se takve situacije, kao ona na\u0161a 1999. godine ne ponavljaju, svesni da se danas mo&#382;e tra&#382;iti da mi pru&#382;amo ruku drugim izbeglicama i raseljenima, &ccaron;ija su ljudska prava mo&#382;da povre&dstrok;ena, kada su ona &ccaron;esto povre&dstrok;ena i od strane samih njihovih dr&#382;ava i kada im je jedini pokriva&ccaron; nebo. Zato, najmanje \u0161to mi sada mo&#382;emo uraditi, jeste da pru&#382;amo na\u0161 doprinos, da pru&#382;amo uto&ccaron;i\u0161te licima koja su primorana da napuste njihove ku&cacute;e i zemlje, &ccaron;ija nada u &#382;ivot danas, kao i u blagostanje sutra, zavisi i od postupaka koje mi preduzmemo kao dru\u0161tvo.\u00a0 Ali, nezavisno od te pru&#382;ane ruke i pomo&cacute;i koju mo&#382;emo pru&#382;ati u jednom odre&dstrok;enom trenutku, mi cenimo da izbeglice tra&#382;e dugoro&ccaron;no tretiranje i trajnu posve&cacute;enost, ne samo kako bi se njihovo trenutno stanje pobolj\u0161alo i kako bi im se otklonio strah, ve&cacute; kako bi im pomogli da se oporave. Mi smo na Kosovu zahvalni Visokom komesarijatu Ujedinjenih nacija za izbeglice \/ UNHCR-u na velikoj podr\u0161ci koju pru&#382;a Kosovu du&#382;e od dve decenije.\u00a0 Kosovski narod &cacute;e se uvek s najdubljim po\u0161tovanjem se&cacute;ati posve&cacute;enosti i strasti gospo&dstrok;e Sadako Ogata (1927 \u2013 2019. godine), prve &#382;ene koja je slu&#382;ila kao visoki komesar OUN-a za izbeglice. Ona je posetila nekoliko puta Kosovo, pokazuju&cacute;i tako posve&cacute;enost pitanju na\u0161ih izbeglica. Tako&dstrok;e izuzetno cenimo i konstantnu pomo&cacute; japanske Vlade i naroda preko agencije JAICA i pomo&cacute; koju je pru&#382;ala svaka miroljubiva i slobodoljubiva dr&#382;ava\u00a0 kako bi nama otvorile vrata, kako nam ne bi okrenule le&dstrok;a i kako bi spasile na\u0161e &#382;ivote.\u00a0 Danas, mi smo konsolidovani kao demokratija, i postupamo kao odgovorna dr&#382;ava i zahvaljuju&cacute;i ulozi na\u0161ih prijatelja svuda u svetu, koji su nam se na\u0161li i u najte&#382;im momentima u na\u0161oj istoriji. Od vremena kada smo mi sami bili izbeglice koje su nasilno raseljene iz na\u0161ih ku&cacute;a, do danas, kada mi, u Republici Kosovo, &ccaron;inimo sve da damo na\u0161 doprinos, mi smo dokazali da su suo&ccaron;avanje sa izbegli&ccaron;kim krizama i povezanim pitanjima, kao \u0161to su azil i migracija, trajni globalni izazovi, na koje me&dstrok;unarodna zajednica mo&#382;e da odgovori samo duhom ljudske solidarnosti i preduzimaju&cacute;i zajedni&ccaron;ke i koordinisane postupke.\u00a0 Konvencija o statusu izbeglica iz 1951. godine je temelj nad kojim se mo&#382;e stvoriti odr&#382;iva platforma za za\u0161titu prava izbeglica. Osnivanje UNHCR-a je najsna&#382;niji primer \u0161ta mo&#382;emo posti&cacute;i kao dr&#382;ave, narodi i kao pojedinci, ukoliko radimo zajedno i u partnerstvu jedni sa drugima, u ime uzvi\u0161enih ljudskih vrednosti, kao \u0161to je za\u0161tita onih koji su zbog razli&ccaron;itih razloga bili primorani da napuste svoje ku&cacute;e. Kada govorimo o osetljivom pitanju izbeglica i &#382;elimo da ga tretiramo i iz gledi\u0161ta ljudskih prava, dozvolite mi da podvu&ccaron;em i jo\u0161 jednu drugu dimenziju: za\u0161tita izbeglica se ne ti&ccaron;e samo za\u0161tite njihovog &#382;ivota, ve&cacute; i njihovog dostojanstva.\u00a0 Kao takva, za\u0161tita izbeglica nije samo pitanje hitnog pru&#382;anja hrane i uto&ccaron;i\u0161ta, ve&cacute; i pravnih garancija o njihovim pravima i interesima koje mora \u0161titi svako od nas i od me&dstrok;unarodne zajednice uop\u0161teno \u2013 u vreme kada oni ne mogu u&#382;ivati za\u0161titu od strane njihovih vlada koje su, veoma &ccaron;esto, i klju&ccaron;ni izaziva&ccaron;i kriza i imigracija, povreda ljudskih prava.\u00a0 Zato je uloga me&dstrok;unarodnih pravnih instrumenata, u prvom redu Konvencije o statusu izbeglica, ali i ostalih me&dstrok;unarodnih akata o ljudskim pravima, prvi i nezamenjiv uslov za za\u0161titu prava izbeglica. Stoga, i organizovanje stru&ccaron;nih foruma i debata sa cenjenim ekspertima, kao \u0161to je ovaj forum koji su zajedno organizovali UNHCR i Pravni fakultet, doprinosi unapre&dstrok;enju me&dstrok;unarodnih pravnih standarda za za\u0161titu izbeglica.\u00a0 Iako mi kao Republika Kosovo jo\u0161 uvek nismo stranka u Konvenciji o statutu izbeglica iz 1951. godine, preko principa automatizma, na\u0161e Deklaracije nezavisnosti i Ustava Kosova, posvetili smo se tome da primenimo sve konvencije koje su se primenjivale u biv\u0161oj Jugoslaviji, a zatim i dokumenta u kojima je UNMIK postao stranka u na\u0161e ime do 2008. godine. Ali, pored ove konvencije tako&dstrok;e imamo i Ustav Republike Kosovo koji pru&#382;a \u0161irok spektar ljudskih prava svim licima koja su pod jurisdikcijom Republike Kosovo. Mi smo tako&dstrok;e 2018. godine doneli Zakon o azilu\u00a0 koji je sastavljen po\u0161tuju&cacute;i navi\u0161e standarde za\u0161tite statusa prava izbeglica i azilanata.\u00a0 Me&dstrok;utim, stvaranje pravnog osnova nije klju&ccaron;ni aspekat na\u0161ih napora u tom pravcu. Kao<\/p>\n","protected":false},"author":1,"featured_media":17208,"comment_status":"open","ping_status":"closed","sticky":false,"template":"","format":"standard","meta":{"_eb_attr":"","footnotes":""},"categories":[101],"tags":[],"class_list":["post-74642","post","type-post","status-publish","format-standard","has-post-thumbnail","hentry","category-vesti"],"yoast_head":"<!-- This site is optimized with the Yoast SEO plugin v23.5 - https:\/\/yoast.com\/wordpress\/plugins\/seo\/ -->\n<title>Govor predsednice Osmani: Diskusija o za\u0161titi izbeglica iz perspektive ljudskih prava - Predsednik Republike Kosovo - DR. VJOSA OSMANI - SADRIU<\/title>\n<meta name=\"description\" content=\"Govor predsednice Osmani: Diskusija o za\u0161titi izbeglica iz perspektive ljudskih prava - Predsednik Republike Kosovo - DR. VJOSA OSMANI - SADRIU -\" \/>\n<meta name=\"robots\" content=\"index, follow, max-snippet:-1, max-image-preview:large, max-video-preview:-1\" \/>\n<link rel=\"canonical\" href=\"https:\/\/president-ksgov.net\/sr\/govor-predsednice-osmani-diskusija-o-zastiti-izbeglica-iz-perspektive-ljudskih-prava-2\/\" \/>\n<meta property=\"og:locale\" content=\"sr_RS\" \/>\n<meta property=\"og:type\" content=\"article\" \/>\n<meta property=\"og:title\" content=\"Govor predsednice Osmani: Diskusija o za\u0161titi izbeglica iz perspektive ljudskih prava - Predsednik Republike Kosovo - DR. VJOSA OSMANI - SADRIU\" \/>\n<meta property=\"og:description\" content=\"Govor predsednice Osmani: Diskusija o za\u0161titi izbeglica iz perspektive ljudskih prava - Predsednik Republike Kosovo - DR. VJOSA OSMANI - SADRIU -\" \/>\n<meta property=\"og:url\" content=\"https:\/\/president-ksgov.net\/sr\/govor-predsednice-osmani-diskusija-o-zastiti-izbeglica-iz-perspektive-ljudskih-prava-2\/\" \/>\n<meta property=\"og:site_name\" content=\"Predsednik Republike Kosovo - DR. VJOSA OSMANI - SADRIU\" \/>\n<meta property=\"article:published_time\" content=\"2021-12-10T14:28:02+00:00\" \/>\n<meta property=\"og:image\" content=\"https:\/\/president-ksgov.net\/wp-content\/uploads\/10_12_2021_3640960_IMG_2d578e3ae1042bdf60bf49c0f0a81419_V.jpg\" \/>\n\t<meta property=\"og:image:width\" content=\"1280\" \/>\n\t<meta property=\"og:image:height\" content=\"851\" \/>\n\t<meta property=\"og:image:type\" content=\"image\/jpeg\" \/>\n<meta name=\"author\" content=\"admin\" \/>\n<meta name=\"twitter:card\" content=\"summary_large_image\" \/>\n<meta name=\"twitter:label1\" content=\"\u041d\u0430\u043f\u0438\u0441\u0430\u043d\u043e \u043e\u0434\" \/>\n\t<meta name=\"twitter:data1\" content=\"admin\" \/>\n\t<meta name=\"twitter:label2\" content=\"\u041f\u0440\u043e\u0446\u0435\u045a\u0435\u043d\u043e \u0432\u0440\u0435\u043c\u0435 \u0447\u0438\u0442\u0430\u045a\u0430\" \/>\n\t<meta name=\"twitter:data2\" content=\"7 \u043c\u0438\u043d\u0443\u0442\u0430\" \/>\n<script type=\"application\/ld+json\" class=\"yoast-schema-graph\">{\"@context\":\"https:\/\/schema.org\",\"@graph\":[{\"@type\":\"WebPage\",\"@id\":\"https:\/\/president-ksgov.net\/sr\/govor-predsednice-osmani-diskusija-o-zastiti-izbeglica-iz-perspektive-ljudskih-prava-2\/\",\"url\":\"https:\/\/president-ksgov.net\/sr\/govor-predsednice-osmani-diskusija-o-zastiti-izbeglica-iz-perspektive-ljudskih-prava-2\/\",\"name\":\"Govor predsednice Osmani: Diskusija o za\u0161titi izbeglica iz perspektive ljudskih prava - Predsednik Republike Kosovo - DR. VJOSA OSMANI - SADRIU\",\"isPartOf\":{\"@id\":\"https:\/\/president-ksgov.net\/#website\"},\"primaryImageOfPage\":{\"@id\":\"https:\/\/president-ksgov.net\/sr\/govor-predsednice-osmani-diskusija-o-zastiti-izbeglica-iz-perspektive-ljudskih-prava-2\/#primaryimage\"},\"image\":{\"@id\":\"https:\/\/president-ksgov.net\/sr\/govor-predsednice-osmani-diskusija-o-zastiti-izbeglica-iz-perspektive-ljudskih-prava-2\/#primaryimage\"},\"thumbnailUrl\":\"https:\/\/president-ksgov.net\/wp-content\/uploads\/10_12_2021_3640960_IMG_2d578e3ae1042bdf60bf49c0f0a81419_V.jpg\",\"datePublished\":\"2021-12-10T14:28:02+00:00\",\"dateModified\":\"2021-12-10T14:28:02+00:00\",\"author\":{\"@id\":\"https:\/\/president-ksgov.net\/#\/schema\/person\/bb4337a5fb147cb2046d80548172cbee\"},\"description\":\"Govor predsednice Osmani: Diskusija o za\u0161titi izbeglica iz perspektive ljudskih prava - Predsednik Republike Kosovo - DR. VJOSA OSMANI - SADRIU -\",\"breadcrumb\":{\"@id\":\"https:\/\/president-ksgov.net\/sr\/govor-predsednice-osmani-diskusija-o-zastiti-izbeglica-iz-perspektive-ljudskih-prava-2\/#breadcrumb\"},\"inLanguage\":\"sr-RS\",\"potentialAction\":[{\"@type\":\"ReadAction\",\"target\":[\"https:\/\/president-ksgov.net\/sr\/govor-predsednice-osmani-diskusija-o-zastiti-izbeglica-iz-perspektive-ljudskih-prava-2\/\"]}]},{\"@type\":\"ImageObject\",\"inLanguage\":\"sr-RS\",\"@id\":\"https:\/\/president-ksgov.net\/sr\/govor-predsednice-osmani-diskusija-o-zastiti-izbeglica-iz-perspektive-ljudskih-prava-2\/#primaryimage\",\"url\":\"https:\/\/president-ksgov.net\/wp-content\/uploads\/10_12_2021_3640960_IMG_2d578e3ae1042bdf60bf49c0f0a81419_V.jpg\",\"contentUrl\":\"https:\/\/president-ksgov.net\/wp-content\/uploads\/10_12_2021_3640960_IMG_2d578e3ae1042bdf60bf49c0f0a81419_V.jpg\",\"width\":1280,\"height\":851},{\"@type\":\"BreadcrumbList\",\"@id\":\"https:\/\/president-ksgov.net\/sr\/govor-predsednice-osmani-diskusija-o-zastiti-izbeglica-iz-perspektive-ljudskih-prava-2\/#breadcrumb\",\"itemListElement\":[{\"@type\":\"ListItem\",\"position\":1,\"name\":\"Home\",\"item\":\"https:\/\/president-ksgov.net\/sr\/\"},{\"@type\":\"ListItem\",\"position\":2,\"name\":\"Govor predsednice Osmani: Diskusija o za\u0161titi izbeglica iz perspektive ljudskih prava\"}]},{\"@type\":\"WebSite\",\"@id\":\"https:\/\/president-ksgov.net\/#website\",\"url\":\"https:\/\/president-ksgov.net\/\",\"name\":\"Presidente e Republik\u00ebs s\u00eb Kosov\u00ebs\",\"description\":\"Presidente e Republik\u00ebs s\u00eb Kosov\u00ebs\",\"alternateName\":\"DR. VJOSA OSMANI - SADRIU\",\"potentialAction\":[{\"@type\":\"SearchAction\",\"target\":{\"@type\":\"EntryPoint\",\"urlTemplate\":\"https:\/\/president-ksgov.net\/?s={search_term_string}\"},\"query-input\":{\"@type\":\"PropertyValueSpecification\",\"valueRequired\":true,\"valueName\":\"search_term_string\"}}],\"inLanguage\":\"sr-RS\"},{\"@type\":\"Person\",\"@id\":\"https:\/\/president-ksgov.net\/#\/schema\/person\/bb4337a5fb147cb2046d80548172cbee\",\"name\":\"admin\",\"image\":{\"@type\":\"ImageObject\",\"inLanguage\":\"sr-RS\",\"@id\":\"https:\/\/president-ksgov.net\/#\/schema\/person\/image\/\",\"url\":\"https:\/\/secure.gravatar.com\/avatar\/36156ca0fa3b8d9d25174f146e16beea0cf28f37adf1b9e19b6c9c279a7c9dd3?s=96&d=mm&r=g\",\"contentUrl\":\"https:\/\/secure.gravatar.com\/avatar\/36156ca0fa3b8d9d25174f146e16beea0cf28f37adf1b9e19b6c9c279a7c9dd3?s=96&d=mm&r=g\",\"caption\":\"admin\"},\"sameAs\":[\"https:\/\/president-ksgov.net\"]}]}<\/script>\n<!-- \/ Yoast SEO plugin. -->","yoast_head_json":{"title":"Govor predsednice Osmani: Diskusija o za\u0161titi izbeglica iz perspektive ljudskih prava - Predsednik Republike Kosovo - DR. VJOSA OSMANI - SADRIU","description":"Govor predsednice Osmani: Diskusija o za\u0161titi izbeglica iz perspektive ljudskih prava - Predsednik Republike Kosovo - DR. VJOSA OSMANI - SADRIU -","robots":{"index":"index","follow":"follow","max-snippet":"max-snippet:-1","max-image-preview":"max-image-preview:large","max-video-preview":"max-video-preview:-1"},"canonical":"https:\/\/president-ksgov.net\/sr\/govor-predsednice-osmani-diskusija-o-zastiti-izbeglica-iz-perspektive-ljudskih-prava-2\/","og_locale":"sr_RS","og_type":"article","og_title":"Govor predsednice Osmani: Diskusija o za\u0161titi izbeglica iz perspektive ljudskih prava - Predsednik Republike Kosovo - DR. VJOSA OSMANI - SADRIU","og_description":"Govor predsednice Osmani: Diskusija o za\u0161titi izbeglica iz perspektive ljudskih prava - Predsednik Republike Kosovo - DR. VJOSA OSMANI - SADRIU -","og_url":"https:\/\/president-ksgov.net\/sr\/govor-predsednice-osmani-diskusija-o-zastiti-izbeglica-iz-perspektive-ljudskih-prava-2\/","og_site_name":"Predsednik Republike Kosovo - DR. VJOSA OSMANI - SADRIU","article_published_time":"2021-12-10T14:28:02+00:00","og_image":[{"width":1280,"height":851,"url":"https:\/\/president-ksgov.net\/wp-content\/uploads\/10_12_2021_3640960_IMG_2d578e3ae1042bdf60bf49c0f0a81419_V.jpg","type":"image\/jpeg"}],"author":"admin","twitter_card":"summary_large_image","twitter_misc":{"\u041d\u0430\u043f\u0438\u0441\u0430\u043d\u043e \u043e\u0434":"admin","\u041f\u0440\u043e\u0446\u0435\u045a\u0435\u043d\u043e \u0432\u0440\u0435\u043c\u0435 \u0447\u0438\u0442\u0430\u045a\u0430":"7 \u043c\u0438\u043d\u0443\u0442\u0430"},"schema":{"@context":"https:\/\/schema.org","@graph":[{"@type":"WebPage","@id":"https:\/\/president-ksgov.net\/sr\/govor-predsednice-osmani-diskusija-o-zastiti-izbeglica-iz-perspektive-ljudskih-prava-2\/","url":"https:\/\/president-ksgov.net\/sr\/govor-predsednice-osmani-diskusija-o-zastiti-izbeglica-iz-perspektive-ljudskih-prava-2\/","name":"Govor predsednice Osmani: Diskusija o za\u0161titi izbeglica iz perspektive ljudskih prava - Predsednik Republike Kosovo - DR. VJOSA OSMANI - SADRIU","isPartOf":{"@id":"https:\/\/president-ksgov.net\/#website"},"primaryImageOfPage":{"@id":"https:\/\/president-ksgov.net\/sr\/govor-predsednice-osmani-diskusija-o-zastiti-izbeglica-iz-perspektive-ljudskih-prava-2\/#primaryimage"},"image":{"@id":"https:\/\/president-ksgov.net\/sr\/govor-predsednice-osmani-diskusija-o-zastiti-izbeglica-iz-perspektive-ljudskih-prava-2\/#primaryimage"},"thumbnailUrl":"https:\/\/president-ksgov.net\/wp-content\/uploads\/10_12_2021_3640960_IMG_2d578e3ae1042bdf60bf49c0f0a81419_V.jpg","datePublished":"2021-12-10T14:28:02+00:00","dateModified":"2021-12-10T14:28:02+00:00","author":{"@id":"https:\/\/president-ksgov.net\/#\/schema\/person\/bb4337a5fb147cb2046d80548172cbee"},"description":"Govor predsednice Osmani: Diskusija o za\u0161titi izbeglica iz perspektive ljudskih prava - Predsednik Republike Kosovo - DR. VJOSA OSMANI - SADRIU -","breadcrumb":{"@id":"https:\/\/president-ksgov.net\/sr\/govor-predsednice-osmani-diskusija-o-zastiti-izbeglica-iz-perspektive-ljudskih-prava-2\/#breadcrumb"},"inLanguage":"sr-RS","potentialAction":[{"@type":"ReadAction","target":["https:\/\/president-ksgov.net\/sr\/govor-predsednice-osmani-diskusija-o-zastiti-izbeglica-iz-perspektive-ljudskih-prava-2\/"]}]},{"@type":"ImageObject","inLanguage":"sr-RS","@id":"https:\/\/president-ksgov.net\/sr\/govor-predsednice-osmani-diskusija-o-zastiti-izbeglica-iz-perspektive-ljudskih-prava-2\/#primaryimage","url":"https:\/\/president-ksgov.net\/wp-content\/uploads\/10_12_2021_3640960_IMG_2d578e3ae1042bdf60bf49c0f0a81419_V.jpg","contentUrl":"https:\/\/president-ksgov.net\/wp-content\/uploads\/10_12_2021_3640960_IMG_2d578e3ae1042bdf60bf49c0f0a81419_V.jpg","width":1280,"height":851},{"@type":"BreadcrumbList","@id":"https:\/\/president-ksgov.net\/sr\/govor-predsednice-osmani-diskusija-o-zastiti-izbeglica-iz-perspektive-ljudskih-prava-2\/#breadcrumb","itemListElement":[{"@type":"ListItem","position":1,"name":"Home","item":"https:\/\/president-ksgov.net\/sr\/"},{"@type":"ListItem","position":2,"name":"Govor predsednice Osmani: Diskusija o za\u0161titi izbeglica iz perspektive ljudskih prava"}]},{"@type":"WebSite","@id":"https:\/\/president-ksgov.net\/#website","url":"https:\/\/president-ksgov.net\/","name":"Presidente e Republik\u00ebs s\u00eb Kosov\u00ebs","description":"Presidente e Republik\u00ebs s\u00eb Kosov\u00ebs","alternateName":"DR. VJOSA OSMANI - SADRIU","potentialAction":[{"@type":"SearchAction","target":{"@type":"EntryPoint","urlTemplate":"https:\/\/president-ksgov.net\/?s={search_term_string}"},"query-input":{"@type":"PropertyValueSpecification","valueRequired":true,"valueName":"search_term_string"}}],"inLanguage":"sr-RS"},{"@type":"Person","@id":"https:\/\/president-ksgov.net\/#\/schema\/person\/bb4337a5fb147cb2046d80548172cbee","name":"admin","image":{"@type":"ImageObject","inLanguage":"sr-RS","@id":"https:\/\/president-ksgov.net\/#\/schema\/person\/image\/","url":"https:\/\/secure.gravatar.com\/avatar\/36156ca0fa3b8d9d25174f146e16beea0cf28f37adf1b9e19b6c9c279a7c9dd3?s=96&d=mm&r=g","contentUrl":"https:\/\/secure.gravatar.com\/avatar\/36156ca0fa3b8d9d25174f146e16beea0cf28f37adf1b9e19b6c9c279a7c9dd3?s=96&d=mm&r=g","caption":"admin"},"sameAs":["https:\/\/president-ksgov.net"]}]}},"_links":{"self":[{"href":"https:\/\/president-ksgov.net\/sr\/wp-json\/wp\/v2\/posts\/74642","targetHints":{"allow":["GET"]}}],"collection":[{"href":"https:\/\/president-ksgov.net\/sr\/wp-json\/wp\/v2\/posts"}],"about":[{"href":"https:\/\/president-ksgov.net\/sr\/wp-json\/wp\/v2\/types\/post"}],"author":[{"embeddable":true,"href":"https:\/\/president-ksgov.net\/sr\/wp-json\/wp\/v2\/users\/1"}],"replies":[{"embeddable":true,"href":"https:\/\/president-ksgov.net\/sr\/wp-json\/wp\/v2\/comments?post=74642"}],"version-history":[{"count":0,"href":"https:\/\/president-ksgov.net\/sr\/wp-json\/wp\/v2\/posts\/74642\/revisions"}],"wp:featuredmedia":[{"embeddable":true,"href":"https:\/\/president-ksgov.net\/sr\/wp-json\/wp\/v2\/media\/17208"}],"wp:attachment":[{"href":"https:\/\/president-ksgov.net\/sr\/wp-json\/wp\/v2\/media?parent=74642"}],"wp:term":[{"taxonomy":"category","embeddable":true,"href":"https:\/\/president-ksgov.net\/sr\/wp-json\/wp\/v2\/categories?post=74642"},{"taxonomy":"post_tag","embeddable":true,"href":"https:\/\/president-ksgov.net\/sr\/wp-json\/wp\/v2\/tags?post=74642"}],"curies":[{"name":"wp","href":"https:\/\/api.w.org\/{rel}","templated":true}]}}