{"id":74632,"date":"2021-12-20T12:11:53","date_gmt":"2021-12-20T12:11:53","guid":{"rendered":"https:\/\/dev.president-ksgov.net\/govor-predsednice-osmani-na-konferenciji-agenda-za-rodnu-ravnopravnost-policije-kosova-i-akcioni-plan-2021-2023-2\/"},"modified":"2023-03-08T09:00:37","modified_gmt":"2023-03-08T09:00:37","slug":"govor-predsednice-osmani-na-konferenciji-agenda-za-rodnu-ravnopravnost-policije-kosova-i-akcioni-plan-2021-2023-2","status":"publish","type":"post","link":"https:\/\/president-ksgov.net\/sr\/govor-predsednice-osmani-na-konferenciji-agenda-za-rodnu-ravnopravnost-policije-kosova-i-akcioni-plan-2021-2023-2\/","title":{"rendered":"Govor predsednice Osmani na konferenciji \u201eAgenda za rodnu ravnopravnost Policije Kosova i Akcioni plan 2021-2023\u201c"},"content":{"rendered":"<p>Po\u0161tovani g. premijeru Kurti,<br \/>\nPo\u0161tovani ministre Sve\u00e7la,<br \/>\nPo\u0161tovani generalni direktore Policije g. Mehmeti,<br \/>\nVeoma po\u0161tovani prisutni ambasadori i svi vi predstavnici Policije Kosova i drugih bezbednosnih institucija<\/p>\n<p>Sre&cacute;na sam \u0161to smo se danas svi okupili kako bismo diskutovali o pitanju koje smatram nacionalnim prioritetom, jer spada u okvire &Zcaron;enske agende za mir i bezbednost. Kao predsednica, duboko sam posve&cacute;ena ne samo osna&#382;ivanju i unapre&dstrok;enju &#382;ene uop\u0161te, ve&cacute; s posebnim naglaskom na njihovo unapre&dstrok;enje u sektoru bezbednosti, vide&cacute;i to kao preduslov za sveukupni uspeh na\u0161eg dru\u0161tva.<\/p>\n<p>Svesna sam da je mnogo truda ulo&#382;eno u istra&#382;ivanje, izradu i finalizaciju Agende i Akcionog plana za rodnu ravnopravnost Kosovske Policije. Stoga, dozvolite mi da &ccaron;estitam svima vama koji ste dali doprinos ovoj Agendi i Akcionom planu. U sredi\u0161tu ove agende su jednakost, razli&ccaron;itost i ljudska prava, koji su stubovi na kojima je izgra&dstrok;ena na\u0161a Republika.<\/p>\n<p>Svi smo vi\u0161e puta isticali va&#382;nost vladavine prava kao su\u0161tinskog stuba uspeha na\u0161e dr&#382;ave u razli&ccaron;itim oblastima. A me&dstrok;u glavnim elementima vladavine prava je jednakost svih pred zakonom i princip nediskriminacije, principi koji poma&#382;u da postignemo rodnu ravnopravnost u svakoj oblasti, uklju&ccaron;uj&cacute;i i bezbednost.<\/p>\n<p>U ovom kontekstu posebno treba pomenuti &#382;ene i mu\u0161karce, koji su izuzetno naporno radili da nas dovedu do ove faze u kojoj se danas nalazimo, a svesni su da &cacute;e na\u0161a institucionalna podr\u0161ka njima odrediti uslove za danas, ali i za budu&cacute;nost na\u0161ih devojaka u svim &#382;ivotnim oblastima i iz svih zajednica koje &cacute;e &ccaron;asno i ponosno slu&#382;iti zemlji, jednake u izazovima i jednake u napredovanju.<\/p>\n<p>Kao \u0161to znate, rodne nejednakosti uti&ccaron;u i na razmere zlo&ccaron;ina i njegove &#382;rtve. Ove nejednakosti tako&dstrok;e uti&ccaron;u na na&ccaron;in na koji se bori protiv kriminala. \u0160to je ve&cacute;a ravnopravnost u bezbednosnim institucijama, to &cacute;e vi\u0161e &#382;rtava biti za\u0161ti&cacute;eno, a u istoj meri &cacute;e po&ccaron;inioci biti privedeni pravdi.<\/p>\n<p>To je i razlog zato je rodna ravnopravnost u Policiji i drugim bezbednosnim institucijama toliko va&#382;na, ali i neophodna.<\/p>\n<p>Rodna ravnopravnost ima svoje izazove, koji su se pove&cacute;ali u sektoru bezbednosti iz razli&ccaron;itih razloga. Zapo\u0161ljavanje u policiji, obuka, profesionalni razvoj, specijalizacije, napredovanje u karijeri, dono\u0161enje odluka, liderstvo i izvr\u0161no rukovo&dstrok;enje \u2013 jednake mogu&cacute;nosti zasnovane na zaslugama i profesionalizmu \u2013 stalni su izazovi u sektoru bezbednosti.<\/p>\n<p>Institucije imaju trajnu du&#382;nost da rodnu ravnopravnost u&ccaron;ine delom svog svakodnevnog anga&#382;mana, u funkciji efikasnosti, kvaliteta i profesionalnosti usluga, koje potom pove&cacute;avaju gra&dstrok;ansko blagostanje.<\/p>\n<p>&Zcaron;ene u uniformama bile su deo prvih generacija Policije Kosova. Ova te&#382;nja je tada zapo&ccaron;eta, a sada bi trebalo da se jo\u0161 ja&ccaron;e nastavi. Pre svega, bilo je mnogo &#382;ena koje su dale doprinos na\u0161em otporu i koje su tokom rata branile svoju otad&#382;binu i koje su dale izuzetan doprinos na\u0161oj slobodi, doprinos koji se &ccaron;esto ignori\u0161e. One &#382;ene koje su dale sve kako bismo mi danas imali slobodne, nezavisne i jednake institucije za sve gra&dstrok;ane stalni su izvor inspiracije za put koji je pred nama.<\/p>\n<p>Po\u0161tovani u&ccaron;esnici,<\/p>\n<p>Nema ravnopravnog dru\u0161tva, ako jednakost ne uti&ccaron;e na sve sektore, uklju&ccaron;uju&cacute;i i sektor bezbednosti, kao jednog od osovinskih sektora dr&#382;ave. Moramo da ohrabrimo &#382;ene da postanu deo ovog sektora, obezbe&dstrok;ivanjem adekvatnih mehanizama za eliminisanje rodnih razlika u ovoj strukturi svakim danom sve vi\u0161e.<\/p>\n<p>Moramo izbegavati ukorenjene stereotipe o sektoru bezbednosti, kao o mu\u0161kom sektoru. Ne postoji mu\u0161ki sektor, postoji sektor bezbednosti sa mu\u0161karcima i &#382;enama koji jedni uz druge brinu o bezbednosti svih na\u0161ih gra&dstrok;ana bez razlike.<\/p>\n<p>Zvani&ccaron;ni podaci govore da u Policiji Kosova ima oko 15 odsto &#382;ena. Ali, ova cifra je ni&#382;a u Kazneno-popravnoj slu&#382;bi sa 13 odsto, u KBS-u sa 11 odsto itd.<\/p>\n<p>Iako ove statistike mogu delovati pozitivno, zapravo nisu ohrabruju&cacute;e za ve&cacute;inu bezbednosnih institucija, ali posebno za devojke i &#382;ene koje jo\u0161 nisu u ovim institucijama, a koje te&#382;e da postanu u budu&cacute;nosti. Stoga, svi imamo mnogo posla na pove&cacute;anju posve&cacute;enosti kako bi ova statistika do&#382;ivela vidnu promenu, ne samo u brojkama, ve&cacute; i u zastupljenosti pove&cacute;anju uloge &#382;ena u dono\u0161enju odluka u ovim institucijama. &Zcaron;ene u ovom sektoru ne bi trebalo da budu tu samo da poprave statistiku, kako neki s vremena na vreme ka&#382;u, ve&cacute; im treba dati odgovornost koja im pripada, odnosno odgovornost na najvi\u0161im nivoima odlu&ccaron;ivanja, jer tamo i zaslu&#382;uju da budu. Trebalo bi da zauzmu \u0161to vi\u0161e rukovode&cacute;ih pozicija da poka&#382;u svoje izuzetno znanje i hrabrost i da ispune svoje dr&#382;avni&ccaron;ke obaveze.<\/p>\n<p>Dakle, jednostavno re&ccaron;eno, &#382;ene mogu biti izvanredni policajci, pukovnici, vojnici, generali ili &ccaron;ak na drugim rukovode&cacute;im pozicijama, koje su tradicionalno zami\u0161ljane kao pozicije koje su posve&cacute;ene mu\u0161karcima. I ne samo da budu tu, ve&cacute; i da radikalno doprinesu guranju napred institucije koje vode i guranju napred svoju dr&#382;avu.<\/p>\n<p>Da bi rodna ravnopravnost zaista funkcionisala, ona mora biti zajedni&ccaron;ki poduhvat svih nas, i &#382;ena i mu\u0161karaca, koji moraju biti posve&cacute;eni delovanju na osnovu po\u0161tovanja, zasluga i profesionalizma.<\/p>\n<p>Nejednakosti su rezultat mnogih stereotipa prisutnih u na\u0161em dru\u0161tvu, tako da su nam potrebne strukturne promene da bismo promenili i transformisali postoje&cacute;e stanje.<\/p>\n<p>\u0160to je vi\u0161e &#382;ena uklju&ccaron;enih u sektor bezbednosti, to je ve&cacute;a sigurnost za na\u0161u dr&#382;avu i ve&cacute;i kredibilitet gra&dstrok;ana u odnosu na ove institucije. Ovo &cacute;e dodatno konsolidovati bezbednost, &ccaron;ine&cacute;i uklju&ccaron;ivanje &#382;ena u nju internalizovanom akcijom svake bezbednosne institucije. Dakle, sa zakonske osnove moramo pre&cacute;i na kreiranje institucionalnog mentaliteta, pre svega kulturnog, po kome institucije postaju stabilne, profesionalne i efikasne kada su jednake mogu&cacute;nosti za oba pola azbuka na\u0161eg delovanja.<\/p>\n<p>Po\u0161to smo na kraju godine, dozvolite mi da prenesem sve iskrene &ccaron;estitke svim &#382;enama i mu\u0161karcima koji rade u sektoru bezbednosti i svima vama koji ste danas ovde, &#382;ele&cacute;i vam zdravlja i uspeha u radu tokom 2022. godine!<\/p>\n","protected":false},"excerpt":{"rendered":"<p>Po\u0161tovani g. premijeru Kurti, Po\u0161tovani ministre Sve\u00e7la, Po\u0161tovani generalni direktore Policije g. Mehmeti, Veoma po\u0161tovani prisutni ambasadori i svi vi predstavnici Policije Kosova i drugih bezbednosnih institucija Sre&cacute;na sam \u0161to smo se danas svi okupili kako bismo diskutovali o pitanju koje smatram nacionalnim prioritetom, jer spada u okvire &Zcaron;enske agende za mir i bezbednost. Kao predsednica, duboko sam posve&cacute;ena ne samo osna&#382;ivanju i unapre&dstrok;enju &#382;ene uop\u0161te, ve&cacute; s posebnim naglaskom na njihovo unapre&dstrok;enje u sektoru bezbednosti, vide&cacute;i to kao preduslov za sveukupni uspeh na\u0161eg dru\u0161tva. Svesna sam da je mnogo truda ulo&#382;eno u istra&#382;ivanje, izradu i finalizaciju Agende i Akcionog plana za rodnu ravnopravnost Kosovske Policije. Stoga, dozvolite mi da &ccaron;estitam svima vama koji ste dali doprinos ovoj Agendi i Akcionom planu. U sredi\u0161tu ove agende su jednakost, razli&ccaron;itost i ljudska prava, koji su stubovi na kojima je izgra&dstrok;ena na\u0161a Republika. Svi smo vi\u0161e puta isticali va&#382;nost vladavine prava kao su\u0161tinskog stuba uspeha na\u0161e dr&#382;ave u razli&ccaron;itim oblastima. A me&dstrok;u glavnim elementima vladavine prava je jednakost svih pred zakonom i princip nediskriminacije, principi koji poma&#382;u da postignemo rodnu ravnopravnost u svakoj oblasti, uklju&ccaron;uj&cacute;i i bezbednost. U ovom kontekstu posebno treba pomenuti &#382;ene i mu\u0161karce, koji su izuzetno naporno radili da nas dovedu do ove faze u kojoj se danas nalazimo, a svesni su da &cacute;e na\u0161a institucionalna podr\u0161ka njima odrediti uslove za danas, ali i za budu&cacute;nost na\u0161ih devojaka u svim &#382;ivotnim oblastima i iz svih zajednica koje &cacute;e &ccaron;asno i ponosno slu&#382;iti zemlji, jednake u izazovima i jednake u napredovanju. Kao \u0161to znate, rodne nejednakosti uti&ccaron;u i na razmere zlo&ccaron;ina i njegove &#382;rtve. Ove nejednakosti tako&dstrok;e uti&ccaron;u na na&ccaron;in na koji se bori protiv kriminala. \u0160to je ve&cacute;a ravnopravnost u bezbednosnim institucijama, to &cacute;e vi\u0161e &#382;rtava biti za\u0161ti&cacute;eno, a u istoj meri &cacute;e po&ccaron;inioci biti privedeni pravdi. To je i razlog zato je rodna ravnopravnost u Policiji i drugim bezbednosnim institucijama toliko va&#382;na, ali i neophodna. Rodna ravnopravnost ima svoje izazove, koji su se pove&cacute;ali u sektoru bezbednosti iz razli&ccaron;itih razloga. Zapo\u0161ljavanje u policiji, obuka, profesionalni razvoj, specijalizacije, napredovanje u karijeri, dono\u0161enje odluka, liderstvo i izvr\u0161no rukovo&dstrok;enje \u2013 jednake mogu&cacute;nosti zasnovane na zaslugama i profesionalizmu \u2013 stalni su izazovi u sektoru bezbednosti. Institucije imaju trajnu du&#382;nost da rodnu ravnopravnost u&ccaron;ine delom svog svakodnevnog anga&#382;mana, u funkciji efikasnosti, kvaliteta i profesionalnosti usluga, koje potom pove&cacute;avaju gra&dstrok;ansko blagostanje. &Zcaron;ene u uniformama bile su deo prvih generacija Policije Kosova. Ova te&#382;nja je tada zapo&ccaron;eta, a sada bi trebalo da se jo\u0161 ja&ccaron;e nastavi. Pre svega, bilo je mnogo &#382;ena koje su dale doprinos na\u0161em otporu i koje su tokom rata branile svoju otad&#382;binu i koje su dale izuzetan doprinos na\u0161oj slobodi, doprinos koji se &ccaron;esto ignori\u0161e. One &#382;ene koje su dale sve kako bismo mi danas imali slobodne, nezavisne i jednake institucije za sve gra&dstrok;ane stalni su izvor inspiracije za put koji je pred nama. Po\u0161tovani u&ccaron;esnici, Nema ravnopravnog dru\u0161tva, ako jednakost ne uti&ccaron;e na sve sektore, uklju&ccaron;uju&cacute;i i sektor bezbednosti, kao jednog od osovinskih sektora dr&#382;ave. Moramo da ohrabrimo &#382;ene da postanu deo ovog sektora, obezbe&dstrok;ivanjem adekvatnih mehanizama za eliminisanje rodnih razlika u ovoj strukturi svakim danom sve vi\u0161e. Moramo izbegavati ukorenjene stereotipe o sektoru bezbednosti, kao o mu\u0161kom sektoru. Ne postoji mu\u0161ki sektor, postoji sektor bezbednosti sa mu\u0161karcima i &#382;enama koji jedni uz druge brinu o bezbednosti svih na\u0161ih gra&dstrok;ana bez razlike. Zvani&ccaron;ni podaci govore da u Policiji Kosova ima oko 15 odsto &#382;ena. Ali, ova cifra je ni&#382;a u Kazneno-popravnoj slu&#382;bi sa 13 odsto, u KBS-u sa 11 odsto itd. Iako ove statistike mogu delovati pozitivno, zapravo nisu ohrabruju&cacute;e za ve&cacute;inu bezbednosnih institucija, ali posebno za devojke i &#382;ene koje jo\u0161 nisu u ovim institucijama, a koje te&#382;e da postanu u budu&cacute;nosti. Stoga, svi imamo mnogo posla na pove&cacute;anju posve&cacute;enosti kako bi ova statistika do&#382;ivela vidnu promenu, ne samo u brojkama, ve&cacute; i u zastupljenosti pove&cacute;anju uloge &#382;ena u dono\u0161enju odluka u ovim institucijama. &Zcaron;ene u ovom sektoru ne bi trebalo da budu tu samo da poprave statistiku, kako neki s vremena na vreme ka&#382;u, ve&cacute; im treba dati odgovornost koja im pripada, odnosno odgovornost na najvi\u0161im nivoima odlu&ccaron;ivanja, jer tamo i zaslu&#382;uju da budu. Trebalo bi da zauzmu \u0161to vi\u0161e rukovode&cacute;ih pozicija da poka&#382;u svoje izuzetno znanje i hrabrost i da ispune svoje dr&#382;avni&ccaron;ke obaveze. Dakle, jednostavno re&ccaron;eno, &#382;ene mogu biti izvanredni policajci, pukovnici, vojnici, generali ili &ccaron;ak na drugim rukovode&cacute;im pozicijama, koje su tradicionalno zami\u0161ljane kao pozicije koje su posve&cacute;ene mu\u0161karcima. I ne samo da budu tu, ve&cacute; i da radikalno doprinesu guranju napred institucije koje vode i guranju napred svoju dr&#382;avu. Da bi rodna ravnopravnost zaista funkcionisala, ona mora biti zajedni&ccaron;ki poduhvat svih nas, i &#382;ena i mu\u0161karaca, koji moraju biti posve&cacute;eni delovanju na osnovu po\u0161tovanja, zasluga i profesionalizma. Nejednakosti su rezultat mnogih stereotipa prisutnih u na\u0161em dru\u0161tvu, tako da su nam potrebne strukturne promene da bismo promenili i transformisali postoje&cacute;e stanje. \u0160to je vi\u0161e &#382;ena uklju&ccaron;enih u sektor bezbednosti, to je ve&cacute;a sigurnost za na\u0161u dr&#382;avu i ve&cacute;i kredibilitet gra&dstrok;ana u odnosu na ove institucije. Ovo &cacute;e dodatno konsolidovati bezbednost, &ccaron;ine&cacute;i uklju&ccaron;ivanje &#382;ena u nju internalizovanom akcijom svake bezbednosne institucije. Dakle, sa zakonske osnove moramo pre&cacute;i na kreiranje institucionalnog mentaliteta, pre svega kulturnog, po kome institucije postaju stabilne, profesionalne i efikasne kada su jednake mogu&cacute;nosti za oba pola azbuka na\u0161eg delovanja. Po\u0161to smo na kraju godine, dozvolite mi da prenesem sve iskrene &ccaron;estitke svim &#382;enama i mu\u0161karcima koji rade u sektoru bezbednosti i svima vama koji ste danas ovde, &#382;ele&cacute;i vam zdravlja i uspeha u radu tokom 2022. godine!<\/p>\n","protected":false},"author":1,"featured_media":17111,"comment_status":"open","ping_status":"closed","sticky":false,"template":"","format":"standard","meta":{"_eb_attr":"","footnotes":""},"categories":[106],"tags":[],"class_list":["post-74632","post","type-post","status-publish","format-standard","has-post-thumbnail","hentry","category-govori"],"yoast_head":"<!-- This site is optimized with the Yoast SEO plugin v23.5 - https:\/\/yoast.com\/wordpress\/plugins\/seo\/ -->\n<title>Govor predsednice Osmani na konferenciji \u201eAgenda za rodnu ravnopravnost Policije Kosova i Akcioni plan 2021-2023\u201c - Predsednik Republike Kosovo - DR. VJOSA OSMANI - SADRIU<\/title>\n<meta name=\"description\" content=\"Govor predsednice Osmani na konferenciji \u201eAgenda za rodnu ravnopravnost Policije Kosova i Akcioni plan 2021-2023\u201c - Predsednik Republike Kosovo - DR. VJOSA OSMANI - SADRIU -\" \/>\n<meta name=\"robots\" content=\"index, follow, max-snippet:-1, max-image-preview:large, max-video-preview:-1\" \/>\n<link rel=\"canonical\" href=\"https:\/\/president-ksgov.net\/sr\/govor-predsednice-osmani-na-konferenciji-agenda-za-rodnu-ravnopravnost-policije-kosova-i-akcioni-plan-2021-2023-2\/\" \/>\n<meta property=\"og:locale\" content=\"sr_RS\" \/>\n<meta property=\"og:type\" content=\"article\" \/>\n<meta property=\"og:title\" content=\"Govor predsednice Osmani na konferenciji \u201eAgenda za rodnu ravnopravnost Policije Kosova i Akcioni plan 2021-2023\u201c - Predsednik Republike Kosovo - DR. VJOSA OSMANI - SADRIU\" \/>\n<meta property=\"og:description\" content=\"Govor predsednice Osmani na konferenciji \u201eAgenda za rodnu ravnopravnost Policije Kosova i Akcioni plan 2021-2023\u201c - Predsednik Republike Kosovo - DR. VJOSA OSMANI - SADRIU -\" \/>\n<meta property=\"og:url\" content=\"https:\/\/president-ksgov.net\/sr\/govor-predsednice-osmani-na-konferenciji-agenda-za-rodnu-ravnopravnost-policije-kosova-i-akcioni-plan-2021-2023-2\/\" \/>\n<meta property=\"og:site_name\" content=\"Predsednik Republike Kosovo - DR. VJOSA OSMANI - SADRIU\" \/>\n<meta property=\"article:published_time\" content=\"2021-12-20T12:11:53+00:00\" \/>\n<meta property=\"article:modified_time\" content=\"2023-03-08T09:00:37+00:00\" \/>\n<meta property=\"og:image\" content=\"https:\/\/president-ksgov.net\/wp-content\/uploads\/20_12_2021_4910735_269386161_3039431589633676_2502378843228402938_n.jpg\" \/>\n\t<meta property=\"og:image:width\" content=\"2048\" \/>\n\t<meta property=\"og:image:height\" content=\"1365\" \/>\n\t<meta property=\"og:image:type\" content=\"image\/jpeg\" \/>\n<meta name=\"author\" content=\"admin\" \/>\n<meta name=\"twitter:card\" content=\"summary_large_image\" \/>\n<meta name=\"twitter:label1\" content=\"\u041d\u0430\u043f\u0438\u0441\u0430\u043d\u043e \u043e\u0434\" \/>\n\t<meta name=\"twitter:data1\" content=\"admin\" \/>\n\t<meta name=\"twitter:label2\" content=\"\u041f\u0440\u043e\u0446\u0435\u045a\u0435\u043d\u043e \u0432\u0440\u0435\u043c\u0435 \u0447\u0438\u0442\u0430\u045a\u0430\" \/>\n\t<meta name=\"twitter:data2\" content=\"6 \u043c\u0438\u043d\u0443\u0442\u0430\" \/>\n<script type=\"application\/ld+json\" class=\"yoast-schema-graph\">{\"@context\":\"https:\/\/schema.org\",\"@graph\":[{\"@type\":\"WebPage\",\"@id\":\"https:\/\/president-ksgov.net\/sr\/govor-predsednice-osmani-na-konferenciji-agenda-za-rodnu-ravnopravnost-policije-kosova-i-akcioni-plan-2021-2023-2\/\",\"url\":\"https:\/\/president-ksgov.net\/sr\/govor-predsednice-osmani-na-konferenciji-agenda-za-rodnu-ravnopravnost-policije-kosova-i-akcioni-plan-2021-2023-2\/\",\"name\":\"Govor predsednice Osmani na konferenciji \u201eAgenda za rodnu ravnopravnost Policije Kosova i Akcioni plan 2021-2023\u201c - Predsednik Republike Kosovo - DR. VJOSA OSMANI - SADRIU\",\"isPartOf\":{\"@id\":\"https:\/\/president-ksgov.net\/#website\"},\"primaryImageOfPage\":{\"@id\":\"https:\/\/president-ksgov.net\/sr\/govor-predsednice-osmani-na-konferenciji-agenda-za-rodnu-ravnopravnost-policije-kosova-i-akcioni-plan-2021-2023-2\/#primaryimage\"},\"image\":{\"@id\":\"https:\/\/president-ksgov.net\/sr\/govor-predsednice-osmani-na-konferenciji-agenda-za-rodnu-ravnopravnost-policije-kosova-i-akcioni-plan-2021-2023-2\/#primaryimage\"},\"thumbnailUrl\":\"https:\/\/president-ksgov.net\/wp-content\/uploads\/20_12_2021_4910735_269386161_3039431589633676_2502378843228402938_n.jpg\",\"datePublished\":\"2021-12-20T12:11:53+00:00\",\"dateModified\":\"2023-03-08T09:00:37+00:00\",\"author\":{\"@id\":\"https:\/\/president-ksgov.net\/#\/schema\/person\/bb4337a5fb147cb2046d80548172cbee\"},\"description\":\"Govor predsednice Osmani na konferenciji \u201eAgenda za rodnu ravnopravnost Policije Kosova i Akcioni plan 2021-2023\u201c - Predsednik Republike Kosovo - DR. VJOSA OSMANI - SADRIU -\",\"breadcrumb\":{\"@id\":\"https:\/\/president-ksgov.net\/sr\/govor-predsednice-osmani-na-konferenciji-agenda-za-rodnu-ravnopravnost-policije-kosova-i-akcioni-plan-2021-2023-2\/#breadcrumb\"},\"inLanguage\":\"sr-RS\",\"potentialAction\":[{\"@type\":\"ReadAction\",\"target\":[\"https:\/\/president-ksgov.net\/sr\/govor-predsednice-osmani-na-konferenciji-agenda-za-rodnu-ravnopravnost-policije-kosova-i-akcioni-plan-2021-2023-2\/\"]}]},{\"@type\":\"ImageObject\",\"inLanguage\":\"sr-RS\",\"@id\":\"https:\/\/president-ksgov.net\/sr\/govor-predsednice-osmani-na-konferenciji-agenda-za-rodnu-ravnopravnost-policije-kosova-i-akcioni-plan-2021-2023-2\/#primaryimage\",\"url\":\"https:\/\/president-ksgov.net\/wp-content\/uploads\/20_12_2021_4910735_269386161_3039431589633676_2502378843228402938_n.jpg\",\"contentUrl\":\"https:\/\/president-ksgov.net\/wp-content\/uploads\/20_12_2021_4910735_269386161_3039431589633676_2502378843228402938_n.jpg\",\"width\":2048,\"height\":1365},{\"@type\":\"BreadcrumbList\",\"@id\":\"https:\/\/president-ksgov.net\/sr\/govor-predsednice-osmani-na-konferenciji-agenda-za-rodnu-ravnopravnost-policije-kosova-i-akcioni-plan-2021-2023-2\/#breadcrumb\",\"itemListElement\":[{\"@type\":\"ListItem\",\"position\":1,\"name\":\"Home\",\"item\":\"https:\/\/president-ksgov.net\/sr\/\"},{\"@type\":\"ListItem\",\"position\":2,\"name\":\"Govor predsednice Osmani na konferenciji \u201eAgenda za rodnu ravnopravnost Policije Kosova i Akcioni plan 2021-2023\u201c\"}]},{\"@type\":\"WebSite\",\"@id\":\"https:\/\/president-ksgov.net\/#website\",\"url\":\"https:\/\/president-ksgov.net\/\",\"name\":\"Presidente e Republik\u00ebs s\u00eb Kosov\u00ebs\",\"description\":\"Presidente e Republik\u00ebs s\u00eb Kosov\u00ebs\",\"alternateName\":\"DR. VJOSA OSMANI - SADRIU\",\"potentialAction\":[{\"@type\":\"SearchAction\",\"target\":{\"@type\":\"EntryPoint\",\"urlTemplate\":\"https:\/\/president-ksgov.net\/?s={search_term_string}\"},\"query-input\":{\"@type\":\"PropertyValueSpecification\",\"valueRequired\":true,\"valueName\":\"search_term_string\"}}],\"inLanguage\":\"sr-RS\"},{\"@type\":\"Person\",\"@id\":\"https:\/\/president-ksgov.net\/#\/schema\/person\/bb4337a5fb147cb2046d80548172cbee\",\"name\":\"admin\",\"image\":{\"@type\":\"ImageObject\",\"inLanguage\":\"sr-RS\",\"@id\":\"https:\/\/president-ksgov.net\/#\/schema\/person\/image\/\",\"url\":\"https:\/\/secure.gravatar.com\/avatar\/36156ca0fa3b8d9d25174f146e16beea0cf28f37adf1b9e19b6c9c279a7c9dd3?s=96&d=mm&r=g\",\"contentUrl\":\"https:\/\/secure.gravatar.com\/avatar\/36156ca0fa3b8d9d25174f146e16beea0cf28f37adf1b9e19b6c9c279a7c9dd3?s=96&d=mm&r=g\",\"caption\":\"admin\"},\"sameAs\":[\"https:\/\/president-ksgov.net\"]}]}<\/script>\n<!-- \/ Yoast SEO plugin. -->","yoast_head_json":{"title":"Govor predsednice Osmani na konferenciji \u201eAgenda za rodnu ravnopravnost Policije Kosova i Akcioni plan 2021-2023\u201c - Predsednik Republike Kosovo - DR. VJOSA OSMANI - SADRIU","description":"Govor predsednice Osmani na konferenciji \u201eAgenda za rodnu ravnopravnost Policije Kosova i Akcioni plan 2021-2023\u201c - Predsednik Republike Kosovo - DR. VJOSA OSMANI - SADRIU -","robots":{"index":"index","follow":"follow","max-snippet":"max-snippet:-1","max-image-preview":"max-image-preview:large","max-video-preview":"max-video-preview:-1"},"canonical":"https:\/\/president-ksgov.net\/sr\/govor-predsednice-osmani-na-konferenciji-agenda-za-rodnu-ravnopravnost-policije-kosova-i-akcioni-plan-2021-2023-2\/","og_locale":"sr_RS","og_type":"article","og_title":"Govor predsednice Osmani na konferenciji \u201eAgenda za rodnu ravnopravnost Policije Kosova i Akcioni plan 2021-2023\u201c - Predsednik Republike Kosovo - DR. VJOSA OSMANI - SADRIU","og_description":"Govor predsednice Osmani na konferenciji \u201eAgenda za rodnu ravnopravnost Policije Kosova i Akcioni plan 2021-2023\u201c - Predsednik Republike Kosovo - DR. VJOSA OSMANI - SADRIU -","og_url":"https:\/\/president-ksgov.net\/sr\/govor-predsednice-osmani-na-konferenciji-agenda-za-rodnu-ravnopravnost-policije-kosova-i-akcioni-plan-2021-2023-2\/","og_site_name":"Predsednik Republike Kosovo - DR. VJOSA OSMANI - SADRIU","article_published_time":"2021-12-20T12:11:53+00:00","article_modified_time":"2023-03-08T09:00:37+00:00","og_image":[{"width":2048,"height":1365,"url":"https:\/\/president-ksgov.net\/wp-content\/uploads\/20_12_2021_4910735_269386161_3039431589633676_2502378843228402938_n.jpg","type":"image\/jpeg"}],"author":"admin","twitter_card":"summary_large_image","twitter_misc":{"\u041d\u0430\u043f\u0438\u0441\u0430\u043d\u043e \u043e\u0434":"admin","\u041f\u0440\u043e\u0446\u0435\u045a\u0435\u043d\u043e \u0432\u0440\u0435\u043c\u0435 \u0447\u0438\u0442\u0430\u045a\u0430":"6 \u043c\u0438\u043d\u0443\u0442\u0430"},"schema":{"@context":"https:\/\/schema.org","@graph":[{"@type":"WebPage","@id":"https:\/\/president-ksgov.net\/sr\/govor-predsednice-osmani-na-konferenciji-agenda-za-rodnu-ravnopravnost-policije-kosova-i-akcioni-plan-2021-2023-2\/","url":"https:\/\/president-ksgov.net\/sr\/govor-predsednice-osmani-na-konferenciji-agenda-za-rodnu-ravnopravnost-policije-kosova-i-akcioni-plan-2021-2023-2\/","name":"Govor predsednice Osmani na konferenciji \u201eAgenda za rodnu ravnopravnost Policije Kosova i Akcioni plan 2021-2023\u201c - Predsednik Republike Kosovo - DR. VJOSA OSMANI - SADRIU","isPartOf":{"@id":"https:\/\/president-ksgov.net\/#website"},"primaryImageOfPage":{"@id":"https:\/\/president-ksgov.net\/sr\/govor-predsednice-osmani-na-konferenciji-agenda-za-rodnu-ravnopravnost-policije-kosova-i-akcioni-plan-2021-2023-2\/#primaryimage"},"image":{"@id":"https:\/\/president-ksgov.net\/sr\/govor-predsednice-osmani-na-konferenciji-agenda-za-rodnu-ravnopravnost-policije-kosova-i-akcioni-plan-2021-2023-2\/#primaryimage"},"thumbnailUrl":"https:\/\/president-ksgov.net\/wp-content\/uploads\/20_12_2021_4910735_269386161_3039431589633676_2502378843228402938_n.jpg","datePublished":"2021-12-20T12:11:53+00:00","dateModified":"2023-03-08T09:00:37+00:00","author":{"@id":"https:\/\/president-ksgov.net\/#\/schema\/person\/bb4337a5fb147cb2046d80548172cbee"},"description":"Govor predsednice Osmani na konferenciji \u201eAgenda za rodnu ravnopravnost Policije Kosova i Akcioni plan 2021-2023\u201c - Predsednik Republike Kosovo - DR. VJOSA OSMANI - SADRIU -","breadcrumb":{"@id":"https:\/\/president-ksgov.net\/sr\/govor-predsednice-osmani-na-konferenciji-agenda-za-rodnu-ravnopravnost-policije-kosova-i-akcioni-plan-2021-2023-2\/#breadcrumb"},"inLanguage":"sr-RS","potentialAction":[{"@type":"ReadAction","target":["https:\/\/president-ksgov.net\/sr\/govor-predsednice-osmani-na-konferenciji-agenda-za-rodnu-ravnopravnost-policije-kosova-i-akcioni-plan-2021-2023-2\/"]}]},{"@type":"ImageObject","inLanguage":"sr-RS","@id":"https:\/\/president-ksgov.net\/sr\/govor-predsednice-osmani-na-konferenciji-agenda-za-rodnu-ravnopravnost-policije-kosova-i-akcioni-plan-2021-2023-2\/#primaryimage","url":"https:\/\/president-ksgov.net\/wp-content\/uploads\/20_12_2021_4910735_269386161_3039431589633676_2502378843228402938_n.jpg","contentUrl":"https:\/\/president-ksgov.net\/wp-content\/uploads\/20_12_2021_4910735_269386161_3039431589633676_2502378843228402938_n.jpg","width":2048,"height":1365},{"@type":"BreadcrumbList","@id":"https:\/\/president-ksgov.net\/sr\/govor-predsednice-osmani-na-konferenciji-agenda-za-rodnu-ravnopravnost-policije-kosova-i-akcioni-plan-2021-2023-2\/#breadcrumb","itemListElement":[{"@type":"ListItem","position":1,"name":"Home","item":"https:\/\/president-ksgov.net\/sr\/"},{"@type":"ListItem","position":2,"name":"Govor predsednice Osmani na konferenciji \u201eAgenda za rodnu ravnopravnost Policije Kosova i Akcioni plan 2021-2023\u201c"}]},{"@type":"WebSite","@id":"https:\/\/president-ksgov.net\/#website","url":"https:\/\/president-ksgov.net\/","name":"Presidente e Republik\u00ebs s\u00eb Kosov\u00ebs","description":"Presidente e Republik\u00ebs s\u00eb Kosov\u00ebs","alternateName":"DR. VJOSA OSMANI - SADRIU","potentialAction":[{"@type":"SearchAction","target":{"@type":"EntryPoint","urlTemplate":"https:\/\/president-ksgov.net\/?s={search_term_string}"},"query-input":{"@type":"PropertyValueSpecification","valueRequired":true,"valueName":"search_term_string"}}],"inLanguage":"sr-RS"},{"@type":"Person","@id":"https:\/\/president-ksgov.net\/#\/schema\/person\/bb4337a5fb147cb2046d80548172cbee","name":"admin","image":{"@type":"ImageObject","inLanguage":"sr-RS","@id":"https:\/\/president-ksgov.net\/#\/schema\/person\/image\/","url":"https:\/\/secure.gravatar.com\/avatar\/36156ca0fa3b8d9d25174f146e16beea0cf28f37adf1b9e19b6c9c279a7c9dd3?s=96&d=mm&r=g","contentUrl":"https:\/\/secure.gravatar.com\/avatar\/36156ca0fa3b8d9d25174f146e16beea0cf28f37adf1b9e19b6c9c279a7c9dd3?s=96&d=mm&r=g","caption":"admin"},"sameAs":["https:\/\/president-ksgov.net"]}]}},"_links":{"self":[{"href":"https:\/\/president-ksgov.net\/sr\/wp-json\/wp\/v2\/posts\/74632","targetHints":{"allow":["GET"]}}],"collection":[{"href":"https:\/\/president-ksgov.net\/sr\/wp-json\/wp\/v2\/posts"}],"about":[{"href":"https:\/\/president-ksgov.net\/sr\/wp-json\/wp\/v2\/types\/post"}],"author":[{"embeddable":true,"href":"https:\/\/president-ksgov.net\/sr\/wp-json\/wp\/v2\/users\/1"}],"replies":[{"embeddable":true,"href":"https:\/\/president-ksgov.net\/sr\/wp-json\/wp\/v2\/comments?post=74632"}],"version-history":[{"count":1,"href":"https:\/\/president-ksgov.net\/sr\/wp-json\/wp\/v2\/posts\/74632\/revisions"}],"predecessor-version":[{"id":81467,"href":"https:\/\/president-ksgov.net\/sr\/wp-json\/wp\/v2\/posts\/74632\/revisions\/81467"}],"wp:featuredmedia":[{"embeddable":true,"href":"https:\/\/president-ksgov.net\/sr\/wp-json\/wp\/v2\/media\/17111"}],"wp:attachment":[{"href":"https:\/\/president-ksgov.net\/sr\/wp-json\/wp\/v2\/media?parent=74632"}],"wp:term":[{"taxonomy":"category","embeddable":true,"href":"https:\/\/president-ksgov.net\/sr\/wp-json\/wp\/v2\/categories?post=74632"},{"taxonomy":"post_tag","embeddable":true,"href":"https:\/\/president-ksgov.net\/sr\/wp-json\/wp\/v2\/tags?post=74632"}],"curies":[{"name":"wp","href":"https:\/\/api.w.org\/{rel}","templated":true}]}}