{"id":74629,"date":"2021-12-23T14:46:52","date_gmt":"2021-12-23T14:46:52","guid":{"rendered":"https:\/\/dev.president-ksgov.net\/predsednica-osmani-doekala-predsednika-zorana-milanovia\/"},"modified":"2021-12-23T14:46:52","modified_gmt":"2021-12-23T14:46:52","slug":"predsednica-osmani-doekala-predsednika-zorana-milanovia","status":"publish","type":"post","link":"https:\/\/president-ksgov.net\/sr\/predsednica-osmani-doekala-predsednika-zorana-milanovia\/","title":{"rendered":"Predsednica Osmani do&ccaron;ekala predsednika Zorana Milanovi&cacute;a"},"content":{"rendered":"<p>Predsednica Republike Kosovo Vjosa Osmani \u2013 Sadriu do&ccaron;ekala je danas, uz najvi\u0161e dr&#382;avne po&ccaron;asti, u zvani&ccaron;noj poseti predsednika Republike Hrvatske Zorana Milanovi&cacute;a.<\/p>\n<p>Predsednica Osmani i predsednik Milanovi&cacute; su zatim odr&#382;ali sastanak, a na kraju su odr&#382;ali konferenciju za medije. Predsednica Osmani je rekla da je Hrvatska jedna od dr&#382;ava koja je bila uz Kosovo u najte&#382;im trenucima, ali da je i danas.<br \/>\n\u00a0<br \/>\n\u201eZa ovu izuzetno veliku podr\u0161ku, narod Republike Kosovo je izuzetno zahvalan Republici Hrvatskoj, a zahvaljujem i samom predsedniku Milanovi&cacute;u na njegovoj li&ccaron;noj podr\u0161ci da Kosovo napreduje kao nezavisna, suverena i razvijena dr&#382;ava i jednaka me&dstrok;u slobodnim nacijama\u201c, rekla je predsednica Osmani.<br \/>\n\u00a0<br \/>\nPrva &#382;ena u dr&#382;avi je dalje dodala da Republika Kosovo i Republika Hrvatska imaju sjajne odnose.<br \/>\n\u00a0<br \/>\n\u201eHrvatsku zaista smatramo klju&ccaron;nim saveznikom. Odnosi izme&dstrok;u dve dr&#382;ave se grade na jakim prijateljskim vezama koje istorijski postoje izme&dstrok;u na\u0161ih nacija. Prijateljstvo i solidarnost, naravno da datiraju iz 90-tih godina, kada su obe nacije bile izlo&#382;ene u&#382;asnim ratovima\u201c, istakla je predsednica Osmani.<br \/>\n\u00a0<br \/>\nPredsednica Osmani je rekla da smo sre&cacute;ni \u0161to su se hrvatski gra&dstrok;ani albanskog porekla dobro integrisali i \u0161to se ose&cacute;aju ponosnim gra&dstrok;anima Republike Hrvatske, kao \u0161to smo ponosni \u0161to su mnogu gra&dstrok;ani Republike Kosovo doprineli hrvatskoj dr&#382;avi kako u vojsci, ekonomiji, politici, sportu, tako i u mnogim drugim oblastima.<br \/>\n\u00a0<br \/>\nOna je dalje rekla da je i na Kosovu prisutna hrvatska zajednica, koja se smatra izuzetno bitnim \u00a0delom na\u0161eg dru\u0161tva i kao jak most koji povezuje na\u0161e dve dr&#382;ave.<br \/>\n\u00a0<br \/>\n\u201eUradi&cacute;emo sve \u0161to je u na\u0161im kapacitetima, kako bi oni prosperirali i napredovali u njihovoj dr&#382;avi, Republici Kosovo\u201c, potvrdila je predsednica.<br \/>\n\u00a0<br \/>\nPredsednica Osmani je izrazila zahvalnost hrvatskoj dr&#382;avi i na kontigentu antikovid vakcina koji je poslat Kosovu u dosta te\u0161kom vremenu, kada mi nismo imali vakcine, ali tako&dstrok;e i duboko po\u0161tovanje Hrvatskoj zbog solidarnosti sa Kosovom nakon tragi&ccaron;ne saobra&cacute;ajne nesre&cacute;e sa putnicima sa Kosova u julu ove godine u Slavonskom Brodu u Hrvatskoj.<br \/>\n\u00a0<br \/>\nPrema mi\u0161ljenju predsednice Osmani, u regionalnom kontekstu na\u0161a dr&#382;ava je u&ccaron;inila jasnim da je vizija ne samo politi&ccaron;kih zastupnika, ve&cacute; i svih gra&dstrok;ana Republike Kosovo da se Kosovo u&ccaron;lani u evroatlantske strukture.<br \/>\n\u00a0<br \/>\n\u201eNaravno, da nikada nismo gledali negde drugde. Stoga, i pomo&cacute; i podr\u0161ku Hrvatske u ovom smeru veoma cenimo.<br \/>\n\u00a0<br \/>\nU prvom redu, jer kao dr&#382;ava iz na\u0161eg regiona koja je ve&cacute; &ccaron;lanica Evropske unije i mo&#382;emo mnogo toga nau&ccaron;imo iz iskustva ove dr&#382;ave, a kao drugo kao &ccaron;lanica NATO-a pravi&ccaron;no razume koliko je bitno da Kosovo bude tamo gde mu je i mesto, doprinose&cacute;i miru i stabilnosti u regionu u&ccaron;lanjuju&cacute;i se u NATO\u201c, istakla je predsednica.<br \/>\n\u00a0<br \/>\nPrva &#382;ena u dr&#382;avi, rekla je da je veoma bitno da Kosovo nastavi da konsoliduje svoju dr&#382;avnost i u tom pravcu je izrazila nadu da &cacute;e Hrvatska nastaviti da podr&#382;ava Republiku Kosovo na ovom te\u0161kom putu, ali putu koji je svakako nezaustavljiv, jer Kosovo kao nezavisna, suverena i slobodna dr&#382;ava nema povratka nazad.<br \/>\n\u00a0<br \/>\n\u201eDakle, u ovom smeru &cacute;emo nastaviti da radimo i u bilateralnom kontekstu sa Hrvatskom, jer ima mnogih polja u kojima mo&#382;emo posti&cacute;i napredak.<br \/>\n\u00a0<br \/>\nDo sada imamo oko 30 sklopljenih sporazuma izme&dstrok;u dve dr&#382;ave, imamo jo\u0161 neke koji su u postupku, za koje se nadamo da &cacute;emo ih pogurati napred.<br \/>\n\u00a0<br \/>\nPosebno smo zainteresovani da podr&#382;imo saradnju u oblasti spoljne politike, oblasti odbrane preko dve vojske i preko dva ministra odbrane u oblasti privrede, jer kao dve dr&#382;ave koje imaju i me&dstrok;usobne istorijske veze imamo i puno neiskori\u0161&cacute;enog prostora u trgovinskoj i privrednoj saradnji, kao i u ostalim oblastima od obostranog interesa\u201c, rekla je predsednica Osmani.<br \/>\n\u00a0<br \/>\nPrema njenom mi\u0161ljenju poseta predsednika Republike Hrvatske je bitan korak u unapre&dstrok;enju odnosa izme&dstrok;u na\u0161e dve dr&#382;ave i na\u0161a dva naroda.<\/p>\n","protected":false},"excerpt":{"rendered":"<p>Predsednica Republike Kosovo Vjosa Osmani \u2013 Sadriu do&ccaron;ekala je danas, uz najvi\u0161e dr&#382;avne po&ccaron;asti, u zvani&ccaron;noj poseti predsednika Republike Hrvatske Zorana Milanovi&cacute;a.<\/p>\n","protected":false},"author":1,"featured_media":17069,"comment_status":"open","ping_status":"closed","sticky":false,"template":"","format":"standard","meta":{"_eb_attr":"","footnotes":""},"categories":[101],"tags":[],"class_list":["post-74629","post","type-post","status-publish","format-standard","has-post-thumbnail","hentry","category-vesti"],"yoast_head":"<!-- This site is optimized with the Yoast SEO plugin v23.5 - https:\/\/yoast.com\/wordpress\/plugins\/seo\/ -->\n<title>Predsednica Osmani do&amp;ccaron;ekala predsednika Zorana Milanovi&amp;cacute;a - Predsednik Republike Kosovo - DR. VJOSA OSMANI - SADRIU<\/title>\n<meta name=\"description\" content=\"Predsednica Osmani do&amp;ccaron;ekala predsednika Zorana Milanovi&amp;cacute;a - Predsednik Republike Kosovo - DR. VJOSA OSMANI - SADRIU -\" \/>\n<meta name=\"robots\" content=\"index, follow, max-snippet:-1, max-image-preview:large, max-video-preview:-1\" \/>\n<link rel=\"canonical\" href=\"https:\/\/president-ksgov.net\/sr\/predsednica-osmani-doekala-predsednika-zorana-milanovia\/\" \/>\n<meta property=\"og:locale\" content=\"sr_RS\" \/>\n<meta property=\"og:type\" content=\"article\" \/>\n<meta property=\"og:title\" content=\"Predsednica Osmani do&amp;ccaron;ekala predsednika Zorana Milanovi&amp;cacute;a - Predsednik Republike Kosovo - DR. VJOSA OSMANI - SADRIU\" \/>\n<meta property=\"og:description\" content=\"Predsednica Osmani do&amp;ccaron;ekala predsednika Zorana Milanovi&amp;cacute;a - Predsednik Republike Kosovo - DR. VJOSA OSMANI - SADRIU -\" \/>\n<meta property=\"og:url\" content=\"https:\/\/president-ksgov.net\/sr\/predsednica-osmani-doekala-predsednika-zorana-milanovia\/\" \/>\n<meta property=\"og:site_name\" content=\"Predsednik Republike Kosovo - DR. VJOSA OSMANI - SADRIU\" \/>\n<meta property=\"article:published_time\" content=\"2021-12-23T14:46:52+00:00\" \/>\n<meta property=\"og:image\" content=\"https:\/\/president-ksgov.net\/wp-content\/uploads\/23_12_2021_3586041_265962972_663572771325362_9180436067627820862_n.jpg\" \/>\n\t<meta property=\"og:image:width\" content=\"1280\" \/>\n\t<meta property=\"og:image:height\" content=\"851\" \/>\n\t<meta property=\"og:image:type\" content=\"image\/jpeg\" \/>\n<meta name=\"author\" content=\"admin\" \/>\n<meta name=\"twitter:card\" content=\"summary_large_image\" \/>\n<meta name=\"twitter:label1\" content=\"\u041d\u0430\u043f\u0438\u0441\u0430\u043d\u043e \u043e\u0434\" \/>\n\t<meta name=\"twitter:data1\" content=\"admin\" \/>\n\t<meta name=\"twitter:label2\" content=\"\u041f\u0440\u043e\u0446\u0435\u045a\u0435\u043d\u043e \u0432\u0440\u0435\u043c\u0435 \u0447\u0438\u0442\u0430\u045a\u0430\" \/>\n\t<meta name=\"twitter:data2\" content=\"4 \u043c\u0438\u043d\u0443\u0442\u0430\" \/>\n<script type=\"application\/ld+json\" class=\"yoast-schema-graph\">{\"@context\":\"https:\/\/schema.org\",\"@graph\":[{\"@type\":\"WebPage\",\"@id\":\"https:\/\/president-ksgov.net\/sr\/predsednica-osmani-doekala-predsednika-zorana-milanovia\/\",\"url\":\"https:\/\/president-ksgov.net\/sr\/predsednica-osmani-doekala-predsednika-zorana-milanovia\/\",\"name\":\"Predsednica Osmani do&ccaron;ekala predsednika Zorana Milanovi&cacute;a - Predsednik Republike Kosovo - DR. VJOSA OSMANI - SADRIU\",\"isPartOf\":{\"@id\":\"https:\/\/president-ksgov.net\/#website\"},\"primaryImageOfPage\":{\"@id\":\"https:\/\/president-ksgov.net\/sr\/predsednica-osmani-doekala-predsednika-zorana-milanovia\/#primaryimage\"},\"image\":{\"@id\":\"https:\/\/president-ksgov.net\/sr\/predsednica-osmani-doekala-predsednika-zorana-milanovia\/#primaryimage\"},\"thumbnailUrl\":\"https:\/\/president-ksgov.net\/wp-content\/uploads\/23_12_2021_3586041_265962972_663572771325362_9180436067627820862_n.jpg\",\"datePublished\":\"2021-12-23T14:46:52+00:00\",\"dateModified\":\"2021-12-23T14:46:52+00:00\",\"author\":{\"@id\":\"https:\/\/president-ksgov.net\/#\/schema\/person\/bb4337a5fb147cb2046d80548172cbee\"},\"description\":\"Predsednica Osmani do&ccaron;ekala predsednika Zorana Milanovi&cacute;a - Predsednik Republike Kosovo - DR. VJOSA OSMANI - SADRIU -\",\"breadcrumb\":{\"@id\":\"https:\/\/president-ksgov.net\/sr\/predsednica-osmani-doekala-predsednika-zorana-milanovia\/#breadcrumb\"},\"inLanguage\":\"sr-RS\",\"potentialAction\":[{\"@type\":\"ReadAction\",\"target\":[\"https:\/\/president-ksgov.net\/sr\/predsednica-osmani-doekala-predsednika-zorana-milanovia\/\"]}]},{\"@type\":\"ImageObject\",\"inLanguage\":\"sr-RS\",\"@id\":\"https:\/\/president-ksgov.net\/sr\/predsednica-osmani-doekala-predsednika-zorana-milanovia\/#primaryimage\",\"url\":\"https:\/\/president-ksgov.net\/wp-content\/uploads\/23_12_2021_3586041_265962972_663572771325362_9180436067627820862_n.jpg\",\"contentUrl\":\"https:\/\/president-ksgov.net\/wp-content\/uploads\/23_12_2021_3586041_265962972_663572771325362_9180436067627820862_n.jpg\",\"width\":1280,\"height\":851},{\"@type\":\"BreadcrumbList\",\"@id\":\"https:\/\/president-ksgov.net\/sr\/predsednica-osmani-doekala-predsednika-zorana-milanovia\/#breadcrumb\",\"itemListElement\":[{\"@type\":\"ListItem\",\"position\":1,\"name\":\"Home\",\"item\":\"https:\/\/president-ksgov.net\/sr\/\"},{\"@type\":\"ListItem\",\"position\":2,\"name\":\"Predsednica Osmani do&ccaron;ekala predsednika Zorana Milanovi&cacute;a\"}]},{\"@type\":\"WebSite\",\"@id\":\"https:\/\/president-ksgov.net\/#website\",\"url\":\"https:\/\/president-ksgov.net\/\",\"name\":\"Presidente e Republik\u00ebs s\u00eb Kosov\u00ebs\",\"description\":\"Presidente e Republik\u00ebs s\u00eb Kosov\u00ebs\",\"alternateName\":\"DR. VJOSA OSMANI - SADRIU\",\"potentialAction\":[{\"@type\":\"SearchAction\",\"target\":{\"@type\":\"EntryPoint\",\"urlTemplate\":\"https:\/\/president-ksgov.net\/?s={search_term_string}\"},\"query-input\":{\"@type\":\"PropertyValueSpecification\",\"valueRequired\":true,\"valueName\":\"search_term_string\"}}],\"inLanguage\":\"sr-RS\"},{\"@type\":\"Person\",\"@id\":\"https:\/\/president-ksgov.net\/#\/schema\/person\/bb4337a5fb147cb2046d80548172cbee\",\"name\":\"admin\",\"image\":{\"@type\":\"ImageObject\",\"inLanguage\":\"sr-RS\",\"@id\":\"https:\/\/president-ksgov.net\/#\/schema\/person\/image\/\",\"url\":\"https:\/\/secure.gravatar.com\/avatar\/36156ca0fa3b8d9d25174f146e16beea0cf28f37adf1b9e19b6c9c279a7c9dd3?s=96&d=mm&r=g\",\"contentUrl\":\"https:\/\/secure.gravatar.com\/avatar\/36156ca0fa3b8d9d25174f146e16beea0cf28f37adf1b9e19b6c9c279a7c9dd3?s=96&d=mm&r=g\",\"caption\":\"admin\"},\"sameAs\":[\"https:\/\/president-ksgov.net\"]}]}<\/script>\n<!-- \/ Yoast SEO plugin. -->","yoast_head_json":{"title":"Predsednica Osmani do&ccaron;ekala predsednika Zorana Milanovi&cacute;a - Predsednik Republike Kosovo - DR. VJOSA OSMANI - SADRIU","description":"Predsednica Osmani do&ccaron;ekala predsednika Zorana Milanovi&cacute;a - Predsednik Republike Kosovo - DR. VJOSA OSMANI - SADRIU -","robots":{"index":"index","follow":"follow","max-snippet":"max-snippet:-1","max-image-preview":"max-image-preview:large","max-video-preview":"max-video-preview:-1"},"canonical":"https:\/\/president-ksgov.net\/sr\/predsednica-osmani-doekala-predsednika-zorana-milanovia\/","og_locale":"sr_RS","og_type":"article","og_title":"Predsednica Osmani do&ccaron;ekala predsednika Zorana Milanovi&cacute;a - Predsednik Republike Kosovo - DR. VJOSA OSMANI - SADRIU","og_description":"Predsednica Osmani do&ccaron;ekala predsednika Zorana Milanovi&cacute;a - Predsednik Republike Kosovo - DR. VJOSA OSMANI - SADRIU -","og_url":"https:\/\/president-ksgov.net\/sr\/predsednica-osmani-doekala-predsednika-zorana-milanovia\/","og_site_name":"Predsednik Republike Kosovo - DR. VJOSA OSMANI - SADRIU","article_published_time":"2021-12-23T14:46:52+00:00","og_image":[{"width":1280,"height":851,"url":"https:\/\/president-ksgov.net\/wp-content\/uploads\/23_12_2021_3586041_265962972_663572771325362_9180436067627820862_n.jpg","type":"image\/jpeg"}],"author":"admin","twitter_card":"summary_large_image","twitter_misc":{"\u041d\u0430\u043f\u0438\u0441\u0430\u043d\u043e \u043e\u0434":"admin","\u041f\u0440\u043e\u0446\u0435\u045a\u0435\u043d\u043e \u0432\u0440\u0435\u043c\u0435 \u0447\u0438\u0442\u0430\u045a\u0430":"4 \u043c\u0438\u043d\u0443\u0442\u0430"},"schema":{"@context":"https:\/\/schema.org","@graph":[{"@type":"WebPage","@id":"https:\/\/president-ksgov.net\/sr\/predsednica-osmani-doekala-predsednika-zorana-milanovia\/","url":"https:\/\/president-ksgov.net\/sr\/predsednica-osmani-doekala-predsednika-zorana-milanovia\/","name":"Predsednica Osmani do&ccaron;ekala predsednika Zorana Milanovi&cacute;a - Predsednik Republike Kosovo - DR. VJOSA OSMANI - SADRIU","isPartOf":{"@id":"https:\/\/president-ksgov.net\/#website"},"primaryImageOfPage":{"@id":"https:\/\/president-ksgov.net\/sr\/predsednica-osmani-doekala-predsednika-zorana-milanovia\/#primaryimage"},"image":{"@id":"https:\/\/president-ksgov.net\/sr\/predsednica-osmani-doekala-predsednika-zorana-milanovia\/#primaryimage"},"thumbnailUrl":"https:\/\/president-ksgov.net\/wp-content\/uploads\/23_12_2021_3586041_265962972_663572771325362_9180436067627820862_n.jpg","datePublished":"2021-12-23T14:46:52+00:00","dateModified":"2021-12-23T14:46:52+00:00","author":{"@id":"https:\/\/president-ksgov.net\/#\/schema\/person\/bb4337a5fb147cb2046d80548172cbee"},"description":"Predsednica Osmani do&ccaron;ekala predsednika Zorana Milanovi&cacute;a - Predsednik Republike Kosovo - DR. VJOSA OSMANI - SADRIU -","breadcrumb":{"@id":"https:\/\/president-ksgov.net\/sr\/predsednica-osmani-doekala-predsednika-zorana-milanovia\/#breadcrumb"},"inLanguage":"sr-RS","potentialAction":[{"@type":"ReadAction","target":["https:\/\/president-ksgov.net\/sr\/predsednica-osmani-doekala-predsednika-zorana-milanovia\/"]}]},{"@type":"ImageObject","inLanguage":"sr-RS","@id":"https:\/\/president-ksgov.net\/sr\/predsednica-osmani-doekala-predsednika-zorana-milanovia\/#primaryimage","url":"https:\/\/president-ksgov.net\/wp-content\/uploads\/23_12_2021_3586041_265962972_663572771325362_9180436067627820862_n.jpg","contentUrl":"https:\/\/president-ksgov.net\/wp-content\/uploads\/23_12_2021_3586041_265962972_663572771325362_9180436067627820862_n.jpg","width":1280,"height":851},{"@type":"BreadcrumbList","@id":"https:\/\/president-ksgov.net\/sr\/predsednica-osmani-doekala-predsednika-zorana-milanovia\/#breadcrumb","itemListElement":[{"@type":"ListItem","position":1,"name":"Home","item":"https:\/\/president-ksgov.net\/sr\/"},{"@type":"ListItem","position":2,"name":"Predsednica Osmani do&ccaron;ekala predsednika Zorana Milanovi&cacute;a"}]},{"@type":"WebSite","@id":"https:\/\/president-ksgov.net\/#website","url":"https:\/\/president-ksgov.net\/","name":"Presidente e Republik\u00ebs s\u00eb Kosov\u00ebs","description":"Presidente e Republik\u00ebs s\u00eb Kosov\u00ebs","alternateName":"DR. VJOSA OSMANI - SADRIU","potentialAction":[{"@type":"SearchAction","target":{"@type":"EntryPoint","urlTemplate":"https:\/\/president-ksgov.net\/?s={search_term_string}"},"query-input":{"@type":"PropertyValueSpecification","valueRequired":true,"valueName":"search_term_string"}}],"inLanguage":"sr-RS"},{"@type":"Person","@id":"https:\/\/president-ksgov.net\/#\/schema\/person\/bb4337a5fb147cb2046d80548172cbee","name":"admin","image":{"@type":"ImageObject","inLanguage":"sr-RS","@id":"https:\/\/president-ksgov.net\/#\/schema\/person\/image\/","url":"https:\/\/secure.gravatar.com\/avatar\/36156ca0fa3b8d9d25174f146e16beea0cf28f37adf1b9e19b6c9c279a7c9dd3?s=96&d=mm&r=g","contentUrl":"https:\/\/secure.gravatar.com\/avatar\/36156ca0fa3b8d9d25174f146e16beea0cf28f37adf1b9e19b6c9c279a7c9dd3?s=96&d=mm&r=g","caption":"admin"},"sameAs":["https:\/\/president-ksgov.net"]}]}},"_links":{"self":[{"href":"https:\/\/president-ksgov.net\/sr\/wp-json\/wp\/v2\/posts\/74629","targetHints":{"allow":["GET"]}}],"collection":[{"href":"https:\/\/president-ksgov.net\/sr\/wp-json\/wp\/v2\/posts"}],"about":[{"href":"https:\/\/president-ksgov.net\/sr\/wp-json\/wp\/v2\/types\/post"}],"author":[{"embeddable":true,"href":"https:\/\/president-ksgov.net\/sr\/wp-json\/wp\/v2\/users\/1"}],"replies":[{"embeddable":true,"href":"https:\/\/president-ksgov.net\/sr\/wp-json\/wp\/v2\/comments?post=74629"}],"version-history":[{"count":0,"href":"https:\/\/president-ksgov.net\/sr\/wp-json\/wp\/v2\/posts\/74629\/revisions"}],"wp:featuredmedia":[{"embeddable":true,"href":"https:\/\/president-ksgov.net\/sr\/wp-json\/wp\/v2\/media\/17069"}],"wp:attachment":[{"href":"https:\/\/president-ksgov.net\/sr\/wp-json\/wp\/v2\/media?parent=74629"}],"wp:term":[{"taxonomy":"category","embeddable":true,"href":"https:\/\/president-ksgov.net\/sr\/wp-json\/wp\/v2\/categories?post=74629"},{"taxonomy":"post_tag","embeddable":true,"href":"https:\/\/president-ksgov.net\/sr\/wp-json\/wp\/v2\/tags?post=74629"}],"curies":[{"name":"wp","href":"https:\/\/api.w.org\/{rel}","templated":true}]}}