{"id":74628,"date":"2021-12-24T13:18:53","date_gmt":"2021-12-24T13:18:53","guid":{"rendered":"https:\/\/dev.president-ksgov.net\/govor-na-ceremoniji-sertifikovanja-regruta-bsk-a-2\/"},"modified":"2021-12-24T13:18:53","modified_gmt":"2021-12-24T13:18:53","slug":"govor-na-ceremoniji-sertifikovanja-regruta-bsk-a-2","status":"publish","type":"post","link":"https:\/\/president-ksgov.net\/sr\/govor-na-ceremoniji-sertifikovanja-regruta-bsk-a-2\/","title":{"rendered":"Govor na ceremoniji sertifikovanja regruta BSK-a"},"content":{"rendered":"<p>Po\u0161tovani premijeru Republike g. Kurti,<br \/>\nPo\u0161tovani ministre odbrane g. Mehaj,<br \/>\nPo\u0161tovani komandante BSK-a, general-poru&ccaron;ni&ccaron;e Jashari,<br \/>\nPo\u0161tovana brigadni generalu Irfete Spahiu,<br \/>\nPo\u0161tovani regruti, vojnici, podoficiri i oficiri Bezbednosnih snaga Republike Kosovo!<br \/>\nPo\u0161tovane porodice regruta, &ccaron;estitam vam na ovom izvanrednom uspehu va\u0161ih &ccaron;lanova porodice!<br \/>\nPo\u0161tovani prisutni,<\/p>\n<p>Pre dva meseca na ovom mestu smo sertifikovali 180 novih regruta, koji su pove&cacute;ali kapacitete na\u0161e vojske. Danas smo ponovo na ovom mestu da sertifikujemo jo\u0161 190 drugih regruta, sa kojima KBS zaklju&ccaron;uje izuzetno uspe\u0161nu godinu anga&#382;ovanja i pove&cacute;anja snage, uvek u skladu sa profesionalnim standardima i u skladu sa praksom modernih vojski.<\/p>\n<p>Svaki dan sertifikacije novih regruta je poseban za vojsku i na\u0161u dr&#382;avu, jer pored pove&cacute;anja kapaciteta, KBS se sigurnim koracima kre&cacute;u ka zavr\u0161etku procesa tranzicije.<\/p>\n<p>Sa ovom investicijom, stvaramo priliku za sigurnu budu&cacute;nost sa na\u0161im regrutima, koji &cacute;e motivisani, profesionalni i sa integritetom ostati verni svojoj domovini i bi&cacute;e uvek spremni da slu&#382;e Kosovu.<\/p>\n<p>Ovaj kontingent regruta, kao i prethodni su na\u0161i vojnici, vojnici Republike Kosovo, koji su branioci otad&#382;bine.<\/p>\n<p>Ponosni smo \u0161to na\u0161e Snage svakim danom rastu, postaju&cacute;i doprinosilac miru, ali i ozbiljan partner vojske SAD-a, ali i drugih partnera u NATO-u, &ccaron;iji deo te&#382;imo da postanemo radi blistave budu&cacute;nosti na\u0161ih Snaga.<\/p>\n<p>Ovogodi\u0161nja misija na\u0161ih vojnika u Kuvajtu nije samo uspe\u0161na, ve&cacute; je i me&dstrok;unarodna potvrda profesionalizma KBS-a.<\/p>\n<p>U svojstvu vrhovnog komandanta ove vojske, &#382;elim da u godini u koju ulazimo, na\u0161i vojnici, rame uz rame sa savezni&ccaron;kim snagama, ponovo budu u drugim me&dstrok;unarodnim misijama gde &cacute;e podizati KBS, na\u0161u dr&#382;avu i zastavu na\u0161e Republike.<\/p>\n<p>Ovo je prirodan razvoj doga&dstrok;aja, jer su ovi vojnici, koje danas promovi\u0161emo, rezultat zalaganja mnogih generacija, gra&dstrok;anskog otpora, oru&#382;ane borbe Oslobodila&ccaron;ke vojske Kosova, ali i perioda nakon sticanja nezavisnosti zemlje.<\/p>\n<p>Ovi vojnici su izgra&dstrok;eni na na\u0161oj iskonskoj viziji, na\u0161oj evroatlantskoj orijentaciji, strukturisani u modernu vojsku, profesionalno i takti&ccaron;ki sposobnu.<\/p>\n<p>Dragi regruti i vojnici,<\/p>\n<p>Treba da budete ponosni \u0161to od danas prelazite na drugi nivo svojih odgovornosti i svi smo izuzetno ponosni na vas.<\/p>\n<p>Poznato je da biti deo KBS-a nije lak izazov, ali je najve&cacute;a &ccaron;ast za svakog gra&dstrok;anina Republike Kosovo. Onog trenutka kada obu&ccaron;ete ovu svetu uniformu, znate da se paralelno spremate da sutra obu&ccaron;ete NATO uniformu, \u0161to bi trebalo da bude dodatni motiv u va\u0161oj obu&ccaron;enosti i profesionalnosti.<\/p>\n<p>&Ccaron;estitam vam na volji, ali i na velikoj &#382;rtvi, kao i va\u0161im instruktorima koji su dugo radili sa vama.<\/p>\n<p>Sa ovom generacijom vojnika, KBS ne samo da pove&cacute;ava svoje kapacitete, ve&cacute; i gradi budu&cacute;nost Oru&#382;anih snaga na\u0161e Republike. Mnogi od vas &cacute;e mo&#382;da sutra biti na rukovode&cacute;im pozicijama u vojsci, \u0161to je jo\u0161 jedan dodatni podstrek za dalji rad sa uverenjem da je ovo samo prva provera va\u0161eg profesionalnog opredeljenja, koju &cacute;e pratiti dodatna odgovornost, ali i ose&cacute;aj ponosa za slu&#382;enje otad&#382;bini.<\/p>\n<p>Sa devojkama i momcima kao \u0161to ste vi, gradimo sigurniju budu&cacute;nost. Va\u0161e porodice treba da budu ponosne, kao \u0161to i vi treba da budete zahvalni svojim porodicama na dosada\u0161njoj podr\u0161ci, ali podr\u0161ci u budu&cacute;nosti.<\/p>\n<p>Po\u0161to smo na kraju ove kalendarske godine, dozvolite mi, da vama, svim va\u0161im porodicama, kao i svim pripadnicima BSK-a &ccaron;estitam Novu godinu, novogodi\u0161nje praznike, sa &#382;eljom da 2022. godine bude godina zdravlja, prosperiteta i uspeha na\u0161e vojske!<\/p>\n<p>Ube&dstrok;ena sam i imam puno poverenje da &cacute;ete se predano i odgovorno anga&#382;ovati na ispunjenju va\u0161e misije!<\/p>\n<p>Bog blagoslovio Kosovske bezbednosne snage!<br \/>\nBog blagoslovio na\u0161u Republiku!<\/p>\n<p>Hvala vam!<\/p>\n","protected":false},"excerpt":{"rendered":"<p>Po\u0161tovani premijeru Republike g. Kurti, Po\u0161tovani ministre odbrane g. Mehaj, Po\u0161tovani komandante BSK-a, general-poru&ccaron;ni&ccaron;e Jashari, Po\u0161tovana brigadni generalu Irfete Spahiu, Po\u0161tovani regruti, vojnici, podoficiri i oficiri Bezbednosnih snaga Republike Kosovo! Po\u0161tovane porodice regruta, &ccaron;estitam vam na ovom izvanrednom uspehu va\u0161ih &ccaron;lanova porodice! Po\u0161tovani prisutni, Pre dva meseca na ovom mestu smo sertifikovali 180 novih regruta, koji su pove&cacute;ali kapacitete na\u0161e vojske. Danas smo ponovo na ovom mestu da sertifikujemo jo\u0161 190 drugih regruta, sa kojima KBS zaklju&ccaron;uje izuzetno uspe\u0161nu godinu anga&#382;ovanja i pove&cacute;anja snage, uvek u skladu sa profesionalnim standardima i u skladu sa praksom modernih vojski. Svaki dan sertifikacije novih regruta je poseban za vojsku i na\u0161u dr&#382;avu, jer pored pove&cacute;anja kapaciteta, KBS se sigurnim koracima kre&cacute;u ka zavr\u0161etku procesa tranzicije. Sa ovom investicijom, stvaramo priliku za sigurnu budu&cacute;nost sa na\u0161im regrutima, koji &cacute;e motivisani, profesionalni i sa integritetom ostati verni svojoj domovini i bi&cacute;e uvek spremni da slu&#382;e Kosovu. Ovaj kontingent regruta, kao i prethodni su na\u0161i vojnici, vojnici Republike Kosovo, koji su branioci otad&#382;bine. Ponosni smo \u0161to na\u0161e Snage svakim danom rastu, postaju&cacute;i doprinosilac miru, ali i ozbiljan partner vojske SAD-a, ali i drugih partnera u NATO-u, &ccaron;iji deo te&#382;imo da postanemo radi blistave budu&cacute;nosti na\u0161ih Snaga. Ovogodi\u0161nja misija na\u0161ih vojnika u Kuvajtu nije samo uspe\u0161na, ve&cacute; je i me&dstrok;unarodna potvrda profesionalizma KBS-a. U svojstvu vrhovnog komandanta ove vojske, &#382;elim da u godini u koju ulazimo, na\u0161i vojnici, rame uz rame sa savezni&ccaron;kim snagama, ponovo budu u drugim me&dstrok;unarodnim misijama gde &cacute;e podizati KBS, na\u0161u dr&#382;avu i zastavu na\u0161e Republike. Ovo je prirodan razvoj doga&dstrok;aja, jer su ovi vojnici, koje danas promovi\u0161emo, rezultat zalaganja mnogih generacija, gra&dstrok;anskog otpora, oru&#382;ane borbe Oslobodila&ccaron;ke vojske Kosova, ali i perioda nakon sticanja nezavisnosti zemlje. Ovi vojnici su izgra&dstrok;eni na na\u0161oj iskonskoj viziji, na\u0161oj evroatlantskoj orijentaciji, strukturisani u modernu vojsku, profesionalno i takti&ccaron;ki sposobnu. Dragi regruti i vojnici, Treba da budete ponosni \u0161to od danas prelazite na drugi nivo svojih odgovornosti i svi smo izuzetno ponosni na vas. Poznato je da biti deo KBS-a nije lak izazov, ali je najve&cacute;a &ccaron;ast za svakog gra&dstrok;anina Republike Kosovo. Onog trenutka kada obu&ccaron;ete ovu svetu uniformu, znate da se paralelno spremate da sutra obu&ccaron;ete NATO uniformu, \u0161to bi trebalo da bude dodatni motiv u va\u0161oj obu&ccaron;enosti i profesionalnosti. &Ccaron;estitam vam na volji, ali i na velikoj &#382;rtvi, kao i va\u0161im instruktorima koji su dugo radili sa vama. Sa ovom generacijom vojnika, KBS ne samo da pove&cacute;ava svoje kapacitete, ve&cacute; i gradi budu&cacute;nost Oru&#382;anih snaga na\u0161e Republike. Mnogi od vas &cacute;e mo&#382;da sutra biti na rukovode&cacute;im pozicijama u vojsci, \u0161to je jo\u0161 jedan dodatni podstrek za dalji rad sa uverenjem da je ovo samo prva provera va\u0161eg profesionalnog opredeljenja, koju &cacute;e pratiti dodatna odgovornost, ali i ose&cacute;aj ponosa za slu&#382;enje otad&#382;bini. Sa devojkama i momcima kao \u0161to ste vi, gradimo sigurniju budu&cacute;nost. Va\u0161e porodice treba da budu ponosne, kao \u0161to i vi treba da budete zahvalni svojim porodicama na dosada\u0161njoj podr\u0161ci, ali podr\u0161ci u budu&cacute;nosti. Po\u0161to smo na kraju ove kalendarske godine, dozvolite mi, da vama, svim va\u0161im porodicama, kao i svim pripadnicima BSK-a &ccaron;estitam Novu godinu, novogodi\u0161nje praznike, sa &#382;eljom da 2022. godine bude godina zdravlja, prosperiteta i uspeha na\u0161e vojske! Ube&dstrok;ena sam i imam puno poverenje da &cacute;ete se predano i odgovorno anga&#382;ovati na ispunjenju va\u0161e misije! Bog blagoslovio Kosovske bezbednosne snage! Bog blagoslovio na\u0161u Republiku! Hvala vam!<\/p>\n","protected":false},"author":1,"featured_media":17047,"comment_status":"open","ping_status":"closed","sticky":false,"template":"","format":"standard","meta":{"_eb_attr":"","footnotes":""},"categories":[101],"tags":[],"class_list":["post-74628","post","type-post","status-publish","format-standard","has-post-thumbnail","hentry","category-vesti"],"yoast_head":"<!-- This site is optimized with the Yoast SEO plugin v23.5 - https:\/\/yoast.com\/wordpress\/plugins\/seo\/ -->\n<title>Govor na ceremoniji sertifikovanja regruta BSK-a - Predsednik Republike Kosovo - DR. VJOSA OSMANI - SADRIU<\/title>\n<meta name=\"description\" content=\"Govor na ceremoniji sertifikovanja regruta BSK-a - Predsednik Republike Kosovo - DR. VJOSA OSMANI - SADRIU -\" \/>\n<meta name=\"robots\" content=\"index, follow, max-snippet:-1, max-image-preview:large, max-video-preview:-1\" \/>\n<link rel=\"canonical\" href=\"https:\/\/president-ksgov.net\/sr\/govor-na-ceremoniji-sertifikovanja-regruta-bsk-a-2\/\" \/>\n<meta property=\"og:locale\" content=\"sr_RS\" \/>\n<meta property=\"og:type\" content=\"article\" \/>\n<meta property=\"og:title\" content=\"Govor na ceremoniji sertifikovanja regruta BSK-a - Predsednik Republike Kosovo - DR. VJOSA OSMANI - SADRIU\" \/>\n<meta property=\"og:description\" content=\"Govor na ceremoniji sertifikovanja regruta BSK-a - Predsednik Republike Kosovo - DR. VJOSA OSMANI - SADRIU -\" \/>\n<meta property=\"og:url\" content=\"https:\/\/president-ksgov.net\/sr\/govor-na-ceremoniji-sertifikovanja-regruta-bsk-a-2\/\" \/>\n<meta property=\"og:site_name\" content=\"Predsednik Republike Kosovo - DR. VJOSA OSMANI - SADRIU\" \/>\n<meta property=\"article:published_time\" content=\"2021-12-24T13:18:53+00:00\" \/>\n<meta property=\"og:image\" content=\"https:\/\/president-ksgov.net\/wp-content\/uploads\/24_12_2021_4869599_1.jpg\" \/>\n\t<meta property=\"og:image:width\" content=\"803\" \/>\n\t<meta property=\"og:image:height\" content=\"536\" \/>\n\t<meta property=\"og:image:type\" content=\"image\/jpeg\" \/>\n<meta name=\"author\" content=\"admin\" \/>\n<meta name=\"twitter:card\" content=\"summary_large_image\" \/>\n<meta name=\"twitter:label1\" content=\"\u041d\u0430\u043f\u0438\u0441\u0430\u043d\u043e \u043e\u0434\" \/>\n\t<meta name=\"twitter:data1\" content=\"admin\" \/>\n\t<meta name=\"twitter:label2\" content=\"\u041f\u0440\u043e\u0446\u0435\u045a\u0435\u043d\u043e \u0432\u0440\u0435\u043c\u0435 \u0447\u0438\u0442\u0430\u045a\u0430\" \/>\n\t<meta name=\"twitter:data2\" content=\"3 \u043c\u0438\u043d\u0443\u0442\u0430\" \/>\n<script type=\"application\/ld+json\" class=\"yoast-schema-graph\">{\"@context\":\"https:\/\/schema.org\",\"@graph\":[{\"@type\":\"WebPage\",\"@id\":\"https:\/\/president-ksgov.net\/sr\/govor-na-ceremoniji-sertifikovanja-regruta-bsk-a-2\/\",\"url\":\"https:\/\/president-ksgov.net\/sr\/govor-na-ceremoniji-sertifikovanja-regruta-bsk-a-2\/\",\"name\":\"Govor na ceremoniji sertifikovanja regruta BSK-a - Predsednik Republike Kosovo - DR. VJOSA OSMANI - SADRIU\",\"isPartOf\":{\"@id\":\"https:\/\/president-ksgov.net\/#website\"},\"primaryImageOfPage\":{\"@id\":\"https:\/\/president-ksgov.net\/sr\/govor-na-ceremoniji-sertifikovanja-regruta-bsk-a-2\/#primaryimage\"},\"image\":{\"@id\":\"https:\/\/president-ksgov.net\/sr\/govor-na-ceremoniji-sertifikovanja-regruta-bsk-a-2\/#primaryimage\"},\"thumbnailUrl\":\"https:\/\/president-ksgov.net\/wp-content\/uploads\/24_12_2021_4869599_1.jpg\",\"datePublished\":\"2021-12-24T13:18:53+00:00\",\"dateModified\":\"2021-12-24T13:18:53+00:00\",\"author\":{\"@id\":\"https:\/\/president-ksgov.net\/#\/schema\/person\/bb4337a5fb147cb2046d80548172cbee\"},\"description\":\"Govor na ceremoniji sertifikovanja regruta BSK-a - Predsednik Republike Kosovo - DR. VJOSA OSMANI - SADRIU -\",\"breadcrumb\":{\"@id\":\"https:\/\/president-ksgov.net\/sr\/govor-na-ceremoniji-sertifikovanja-regruta-bsk-a-2\/#breadcrumb\"},\"inLanguage\":\"sr-RS\",\"potentialAction\":[{\"@type\":\"ReadAction\",\"target\":[\"https:\/\/president-ksgov.net\/sr\/govor-na-ceremoniji-sertifikovanja-regruta-bsk-a-2\/\"]}]},{\"@type\":\"ImageObject\",\"inLanguage\":\"sr-RS\",\"@id\":\"https:\/\/president-ksgov.net\/sr\/govor-na-ceremoniji-sertifikovanja-regruta-bsk-a-2\/#primaryimage\",\"url\":\"https:\/\/president-ksgov.net\/wp-content\/uploads\/24_12_2021_4869599_1.jpg\",\"contentUrl\":\"https:\/\/president-ksgov.net\/wp-content\/uploads\/24_12_2021_4869599_1.jpg\",\"width\":803,\"height\":536},{\"@type\":\"BreadcrumbList\",\"@id\":\"https:\/\/president-ksgov.net\/sr\/govor-na-ceremoniji-sertifikovanja-regruta-bsk-a-2\/#breadcrumb\",\"itemListElement\":[{\"@type\":\"ListItem\",\"position\":1,\"name\":\"Home\",\"item\":\"https:\/\/president-ksgov.net\/sr\/\"},{\"@type\":\"ListItem\",\"position\":2,\"name\":\"Govor na ceremoniji sertifikovanja regruta BSK-a\"}]},{\"@type\":\"WebSite\",\"@id\":\"https:\/\/president-ksgov.net\/#website\",\"url\":\"https:\/\/president-ksgov.net\/\",\"name\":\"Presidente e Republik\u00ebs s\u00eb Kosov\u00ebs\",\"description\":\"Presidente e Republik\u00ebs s\u00eb Kosov\u00ebs\",\"alternateName\":\"DR. VJOSA OSMANI - SADRIU\",\"potentialAction\":[{\"@type\":\"SearchAction\",\"target\":{\"@type\":\"EntryPoint\",\"urlTemplate\":\"https:\/\/president-ksgov.net\/?s={search_term_string}\"},\"query-input\":{\"@type\":\"PropertyValueSpecification\",\"valueRequired\":true,\"valueName\":\"search_term_string\"}}],\"inLanguage\":\"sr-RS\"},{\"@type\":\"Person\",\"@id\":\"https:\/\/president-ksgov.net\/#\/schema\/person\/bb4337a5fb147cb2046d80548172cbee\",\"name\":\"admin\",\"image\":{\"@type\":\"ImageObject\",\"inLanguage\":\"sr-RS\",\"@id\":\"https:\/\/president-ksgov.net\/#\/schema\/person\/image\/\",\"url\":\"https:\/\/secure.gravatar.com\/avatar\/36156ca0fa3b8d9d25174f146e16beea0cf28f37adf1b9e19b6c9c279a7c9dd3?s=96&d=mm&r=g\",\"contentUrl\":\"https:\/\/secure.gravatar.com\/avatar\/36156ca0fa3b8d9d25174f146e16beea0cf28f37adf1b9e19b6c9c279a7c9dd3?s=96&d=mm&r=g\",\"caption\":\"admin\"},\"sameAs\":[\"https:\/\/president-ksgov.net\"]}]}<\/script>\n<!-- \/ Yoast SEO plugin. -->","yoast_head_json":{"title":"Govor na ceremoniji sertifikovanja regruta BSK-a - Predsednik Republike Kosovo - DR. VJOSA OSMANI - SADRIU","description":"Govor na ceremoniji sertifikovanja regruta BSK-a - Predsednik Republike Kosovo - DR. VJOSA OSMANI - SADRIU -","robots":{"index":"index","follow":"follow","max-snippet":"max-snippet:-1","max-image-preview":"max-image-preview:large","max-video-preview":"max-video-preview:-1"},"canonical":"https:\/\/president-ksgov.net\/sr\/govor-na-ceremoniji-sertifikovanja-regruta-bsk-a-2\/","og_locale":"sr_RS","og_type":"article","og_title":"Govor na ceremoniji sertifikovanja regruta BSK-a - Predsednik Republike Kosovo - DR. VJOSA OSMANI - SADRIU","og_description":"Govor na ceremoniji sertifikovanja regruta BSK-a - Predsednik Republike Kosovo - DR. VJOSA OSMANI - SADRIU -","og_url":"https:\/\/president-ksgov.net\/sr\/govor-na-ceremoniji-sertifikovanja-regruta-bsk-a-2\/","og_site_name":"Predsednik Republike Kosovo - DR. VJOSA OSMANI - SADRIU","article_published_time":"2021-12-24T13:18:53+00:00","og_image":[{"width":803,"height":536,"url":"https:\/\/president-ksgov.net\/wp-content\/uploads\/24_12_2021_4869599_1.jpg","type":"image\/jpeg"}],"author":"admin","twitter_card":"summary_large_image","twitter_misc":{"\u041d\u0430\u043f\u0438\u0441\u0430\u043d\u043e \u043e\u0434":"admin","\u041f\u0440\u043e\u0446\u0435\u045a\u0435\u043d\u043e \u0432\u0440\u0435\u043c\u0435 \u0447\u0438\u0442\u0430\u045a\u0430":"3 \u043c\u0438\u043d\u0443\u0442\u0430"},"schema":{"@context":"https:\/\/schema.org","@graph":[{"@type":"WebPage","@id":"https:\/\/president-ksgov.net\/sr\/govor-na-ceremoniji-sertifikovanja-regruta-bsk-a-2\/","url":"https:\/\/president-ksgov.net\/sr\/govor-na-ceremoniji-sertifikovanja-regruta-bsk-a-2\/","name":"Govor na ceremoniji sertifikovanja regruta BSK-a - Predsednik Republike Kosovo - DR. VJOSA OSMANI - SADRIU","isPartOf":{"@id":"https:\/\/president-ksgov.net\/#website"},"primaryImageOfPage":{"@id":"https:\/\/president-ksgov.net\/sr\/govor-na-ceremoniji-sertifikovanja-regruta-bsk-a-2\/#primaryimage"},"image":{"@id":"https:\/\/president-ksgov.net\/sr\/govor-na-ceremoniji-sertifikovanja-regruta-bsk-a-2\/#primaryimage"},"thumbnailUrl":"https:\/\/president-ksgov.net\/wp-content\/uploads\/24_12_2021_4869599_1.jpg","datePublished":"2021-12-24T13:18:53+00:00","dateModified":"2021-12-24T13:18:53+00:00","author":{"@id":"https:\/\/president-ksgov.net\/#\/schema\/person\/bb4337a5fb147cb2046d80548172cbee"},"description":"Govor na ceremoniji sertifikovanja regruta BSK-a - Predsednik Republike Kosovo - DR. VJOSA OSMANI - SADRIU -","breadcrumb":{"@id":"https:\/\/president-ksgov.net\/sr\/govor-na-ceremoniji-sertifikovanja-regruta-bsk-a-2\/#breadcrumb"},"inLanguage":"sr-RS","potentialAction":[{"@type":"ReadAction","target":["https:\/\/president-ksgov.net\/sr\/govor-na-ceremoniji-sertifikovanja-regruta-bsk-a-2\/"]}]},{"@type":"ImageObject","inLanguage":"sr-RS","@id":"https:\/\/president-ksgov.net\/sr\/govor-na-ceremoniji-sertifikovanja-regruta-bsk-a-2\/#primaryimage","url":"https:\/\/president-ksgov.net\/wp-content\/uploads\/24_12_2021_4869599_1.jpg","contentUrl":"https:\/\/president-ksgov.net\/wp-content\/uploads\/24_12_2021_4869599_1.jpg","width":803,"height":536},{"@type":"BreadcrumbList","@id":"https:\/\/president-ksgov.net\/sr\/govor-na-ceremoniji-sertifikovanja-regruta-bsk-a-2\/#breadcrumb","itemListElement":[{"@type":"ListItem","position":1,"name":"Home","item":"https:\/\/president-ksgov.net\/sr\/"},{"@type":"ListItem","position":2,"name":"Govor na ceremoniji sertifikovanja regruta BSK-a"}]},{"@type":"WebSite","@id":"https:\/\/president-ksgov.net\/#website","url":"https:\/\/president-ksgov.net\/","name":"Presidente e Republik\u00ebs s\u00eb Kosov\u00ebs","description":"Presidente e Republik\u00ebs s\u00eb Kosov\u00ebs","alternateName":"DR. VJOSA OSMANI - SADRIU","potentialAction":[{"@type":"SearchAction","target":{"@type":"EntryPoint","urlTemplate":"https:\/\/president-ksgov.net\/?s={search_term_string}"},"query-input":{"@type":"PropertyValueSpecification","valueRequired":true,"valueName":"search_term_string"}}],"inLanguage":"sr-RS"},{"@type":"Person","@id":"https:\/\/president-ksgov.net\/#\/schema\/person\/bb4337a5fb147cb2046d80548172cbee","name":"admin","image":{"@type":"ImageObject","inLanguage":"sr-RS","@id":"https:\/\/president-ksgov.net\/#\/schema\/person\/image\/","url":"https:\/\/secure.gravatar.com\/avatar\/36156ca0fa3b8d9d25174f146e16beea0cf28f37adf1b9e19b6c9c279a7c9dd3?s=96&d=mm&r=g","contentUrl":"https:\/\/secure.gravatar.com\/avatar\/36156ca0fa3b8d9d25174f146e16beea0cf28f37adf1b9e19b6c9c279a7c9dd3?s=96&d=mm&r=g","caption":"admin"},"sameAs":["https:\/\/president-ksgov.net"]}]}},"_links":{"self":[{"href":"https:\/\/president-ksgov.net\/sr\/wp-json\/wp\/v2\/posts\/74628","targetHints":{"allow":["GET"]}}],"collection":[{"href":"https:\/\/president-ksgov.net\/sr\/wp-json\/wp\/v2\/posts"}],"about":[{"href":"https:\/\/president-ksgov.net\/sr\/wp-json\/wp\/v2\/types\/post"}],"author":[{"embeddable":true,"href":"https:\/\/president-ksgov.net\/sr\/wp-json\/wp\/v2\/users\/1"}],"replies":[{"embeddable":true,"href":"https:\/\/president-ksgov.net\/sr\/wp-json\/wp\/v2\/comments?post=74628"}],"version-history":[{"count":0,"href":"https:\/\/president-ksgov.net\/sr\/wp-json\/wp\/v2\/posts\/74628\/revisions"}],"wp:featuredmedia":[{"embeddable":true,"href":"https:\/\/president-ksgov.net\/sr\/wp-json\/wp\/v2\/media\/17047"}],"wp:attachment":[{"href":"https:\/\/president-ksgov.net\/sr\/wp-json\/wp\/v2\/media?parent=74628"}],"wp:term":[{"taxonomy":"category","embeddable":true,"href":"https:\/\/president-ksgov.net\/sr\/wp-json\/wp\/v2\/categories?post=74628"},{"taxonomy":"post_tag","embeddable":true,"href":"https:\/\/president-ksgov.net\/sr\/wp-json\/wp\/v2\/tags?post=74628"}],"curies":[{"name":"wp","href":"https:\/\/api.w.org\/{rel}","templated":true}]}}