{"id":74564,"date":"2022-02-11T14:28:23","date_gmt":"2022-02-11T14:28:23","guid":{"rendered":"https:\/\/dev.president-ksgov.net\/govor-predsednice-osmani-na-ceremoniji-primanja-vise-od-500-hiljada-vakcina-fajzer-kao-donacije-sad-a-2\/"},"modified":"2022-02-11T14:28:23","modified_gmt":"2022-02-11T14:28:23","slug":"govor-predsednice-osmani-na-ceremoniji-primanja-vise-od-500-hiljada-vakcina-fajzer-kao-donacije-sad-a-2","status":"publish","type":"post","link":"https:\/\/president-ksgov.net\/sr\/govor-predsednice-osmani-na-ceremoniji-primanja-vise-od-500-hiljada-vakcina-fajzer-kao-donacije-sad-a-2\/","title":{"rendered":"Govor predsednice Osmani na ceremoniji primanja vi\u0161e od 500 hiljada vakcina Fajzer kao donacije SAD-a"},"content":{"rendered":"<p>Predsednica Republike Kosovo Vjosa Osmani &#8211; Sadriu u&ccaron;estvovala je danas u ceremoniji primanja vi\u0161e od 500 hiljada Fajzerovih vakcina kao donacije Sjedinjenih Ameri&ccaron;kih Dr&#382;ava.<\/p>\n<p>U nastavku pro&ccaron;itajte ceo govor predsednice Osmani:<\/p>\n<p>Po\u0161tovani premijeru Kurti,<br \/>\nPo\u0161tovani ministre Latifi,<br \/>\nPo\u0161tovani ambasadore Hovenijer,<br \/>\nPo\u0161tovana gospo&dstrok;o Ri&ccaron;ardson, gospo&dstrok;o Zejna,<br \/>\nPo\u0161tovani prisutni,<br \/>\nDirektore instituta, profesore Ramadani,<br \/>\nPo\u0161tovani zdravstveni stru&ccaron;njaci,<br \/>\nPrisutni mediji i svi vi ostali koji ste doprineli tome da se okupimo na ovaj dan.<\/p>\n<p>Marta meseca 2021. kada je pandemija predstavljala ozbiljnu pretnju za &ccaron;itav svet, uputila sam pismo predsedniku Bajdenu da nam pomogne da se snabdemo vakcinama za gra&dstrok;ane na\u0161e zemlje u momentu kada nismo imali nijednu vakcinu.<\/p>\n<p>Bila je to senzitivna situacija kada je opasnost od virusa rasla sve vi\u0161e i kada se na vakcine gledalo kao na jedinu nadu da se pre&#382;ivi.<\/p>\n<p>Dok je rastao broj zara&#382;enih, napori da obezbedimo vakcine postali su nam deo dnevnog reda.<\/p>\n<p>Na\u0161 anga&#382;man, a pre svega velikodu\u0161nost na\u0161ih prijatelja, doveo je do toga da povratimo nadu u &#382;ivot, obezbedimo velike koli&ccaron;ine vakcina i spasimo &#382;ivote.<\/p>\n<p>Kao i 1999. godine, i sada su nam SAD ponovo pritekle upomo&cacute;. Tada su nas spasile od smrti koju je nosio rat, a danas nas spa\u0161avaju od Kovida i svih njegovih varijanti putem vakcinisanja.<\/p>\n<p>Stoga jo\u0161 jednom upu&cacute;ujemo na\u0161u zahvalnost od srca predsedniku Bajdenu u ime svih gra&dstrok;ana Republike Kosova za ova dva kontingenta vakcina \u0161to su sad ve&cacute; prevazi\u0161la broj od milion vakcina koje su donirane na\u0161oj republici. Amerika jeste i osta&cacute;e ve&ccaron;an prijatelj i saveznik Republike Kosovo!<\/p>\n<p>Na dana\u0161nji dan, kada primamo koli&ccaron;inu od vi\u0161e od 515 hiljada Fajzerovih vakcina, nastavljamo da se suo&ccaron;avamo sa pandemijom, kao i sa opasno\u0161&cacute;u od novih varijanti ovog virusa.<\/p>\n<p>Stoga, moramo svaki dan da ponavljamo da vakcine spa\u0161avaju &#382;ivote i da niko ne treba da se ustru&ccaron;ava od vakcinisanja. Ono je jedina za\u0161titna mera i svako mora da se vakcini\u0161e kako bi se izbegao fatalni rizik od virusa.<\/p>\n<p>Za manje od godinu dana od kada je vakcinacija u na\u0161oj zemlji po&ccaron;ela, danas imamo, kako je rekao ministar, 63% na\u0161e populacije starije od 12 godina koja je primila jednu dozu, oko 57% koji su primili obe doze i, ako se ima u vidu mnogo ve&cacute;i procenat gra&dstrok;ana starijih od 18 godina koji su primili vakcinu, to onda &ccaron;ini Kosovo liderom u regionu. Me&dstrok;utim, ove dve doze same po sebi nisu dovoljne, zato i danas pozivamo na\u0161e gra&dstrok;ane da se vakcini\u0161u busterom, jer time stvaramo olak\u0161avaju&cacute;e okolnosti ne samo za pojedinca, vec\u00cc\u00c2 i za na\u0161u dr&#382;avu i privredu na\u0161e zemlje.<\/p>\n<p>Po\u0161tovani u&ccaron;esnici<\/p>\n<p>Kao \u0161to znate, nismo ostali ravnodu\u0161ni sve ovo vreme za koje se suo&ccaron;avamo sa pandemijom, i deo na\u0161e svakodnevne anga&#382;ovanosti je bio i napor da se obezbede vakcine od na\u0161ih prijatelja. Sre&cacute;na sam \u0161to je kao posledica ovog na\u0161eg zajedni&ccaron;kog anga&#382;ovanja na\u0161a zemlja u vi\u0161e navrata dobila kontingente vakcina koje su nam, koliko god to bilo malo, olak\u0161ale suo&ccaron;avanje sa pandemijom.<\/p>\n<p>Bitke, kao \u0161to je ova protiv Kovida, zahtevaju me&dstrok;unarodnu solidarnost. Sre&cacute;om, Kosovo ni u jednom trenutku nije bilo samo u ovoj bici.<\/p>\n<p>Moramo da budemo zahvalni za podr\u0161ku koju dobijamo od na\u0161ih prijatelja, po&ccaron;ev od SAD-a, Evropske Unije, a zatim i pojedina&ccaron;nih dr&#382;ava kao \u0161to su Francuska, Hrvatska, Poljska, Albanija, Austrija, Inicijativa COVAX, UNICEF i mnogo drugih organizacija koje su nam pomogle u ovome.<\/p>\n<p>Me&dstrok;utim, bez obzira na sve ovo, opasnost od Kovida nije pro\u0161la. Svi mi moramo da budemo svesni da &cacute;e bez vakcinisanja svih gra&dstrok;ana koji imaju pravo na vakcinaciju bitka protiv pandemije biti te\u0161ka, a mo&#382;da i nemogu&cacute;a.<\/p>\n<p>Svako od nas je odgovoran, ne samo za na\u0161e li&ccaron;no zdravlje, ve&cacute; i za zdravlje svih na\u0161ih gra&dstrok;ana. Stoga, treba da poja&ccaron;amo na\u0161e napore za vakcinaciju, uzimaju&cacute;i je kao gra&dstrok;ansku i ljudsku obavezu i kao neophodnu meru za na\u0161u bezbednost, kao i za dobro na\u0161e zemlje!<\/p>\n<p>Danas kada imamo zna&ccaron;ajnu koli&ccaron;inu vakcina, moramo da oja&ccaron;amo nadu i napore u suo&ccaron;avanju sa virusom Kovid. \u0160to vi\u0161e vakcina, to manje smrti, \u0161to vi\u0161e vakcina i vakcinacija, vi\u0161e optimizma za trijumf nad ovakvim zlom, \u0161to vi\u0161e vakcinacija, to su ve&cacute;e \u0161anse za otvaranje, pomaganje ekonomiji i povratak u normalnost. A sve je to omogu&cacute;eno zahvaljuju&cacute;i pomo&cacute;i na\u0161ih prijatelja.<\/p>\n<p>Hvala vam!<\/p>\n","protected":false},"excerpt":{"rendered":"<p>Predsednica Republike Kosovo Vjosa Osmani &#8211; Sadriu u&ccaron;estvovala je danas u ceremoniji primanja vi\u0161e od 500 hiljada Fajzerovih vakcina kao donacije Sjedinjenih Ameri&ccaron;kih Dr&#382;ava.<\/p>\n","protected":false},"author":1,"featured_media":16285,"comment_status":"open","ping_status":"closed","sticky":false,"template":"","format":"standard","meta":{"_eb_attr":"","footnotes":""},"categories":[101],"tags":[],"class_list":["post-74564","post","type-post","status-publish","format-standard","has-post-thumbnail","hentry","category-vesti"],"yoast_head":"<!-- This site is optimized with the Yoast SEO plugin v23.5 - https:\/\/yoast.com\/wordpress\/plugins\/seo\/ -->\n<title>Govor predsednice Osmani na ceremoniji primanja vi\u0161e od 500 hiljada vakcina Fajzer kao donacije SAD-a - Predsednik Republike Kosovo - DR. VJOSA OSMANI - SADRIU<\/title>\n<meta name=\"description\" content=\"Govor predsednice Osmani na ceremoniji primanja vi\u0161e od 500 hiljada vakcina Fajzer kao donacije SAD-a - Predsednik Republike Kosovo - DR. VJOSA OSMANI - SADRIU -\" \/>\n<meta name=\"robots\" content=\"index, follow, max-snippet:-1, max-image-preview:large, max-video-preview:-1\" \/>\n<link rel=\"canonical\" href=\"https:\/\/president-ksgov.net\/sr\/govor-predsednice-osmani-na-ceremoniji-primanja-vise-od-500-hiljada-vakcina-fajzer-kao-donacije-sad-a-2\/\" \/>\n<meta property=\"og:locale\" content=\"sr_RS\" \/>\n<meta property=\"og:type\" content=\"article\" \/>\n<meta property=\"og:title\" content=\"Govor predsednice Osmani na ceremoniji primanja vi\u0161e od 500 hiljada vakcina Fajzer kao donacije SAD-a - Predsednik Republike Kosovo - DR. VJOSA OSMANI - SADRIU\" \/>\n<meta property=\"og:description\" content=\"Govor predsednice Osmani na ceremoniji primanja vi\u0161e od 500 hiljada vakcina Fajzer kao donacije SAD-a - Predsednik Republike Kosovo - DR. VJOSA OSMANI - SADRIU -\" \/>\n<meta property=\"og:url\" content=\"https:\/\/president-ksgov.net\/sr\/govor-predsednice-osmani-na-ceremoniji-primanja-vise-od-500-hiljada-vakcina-fajzer-kao-donacije-sad-a-2\/\" \/>\n<meta property=\"og:site_name\" content=\"Predsednik Republike Kosovo - DR. VJOSA OSMANI - SADRIU\" \/>\n<meta property=\"article:published_time\" content=\"2022-02-11T14:28:23+00:00\" \/>\n<meta property=\"og:image\" content=\"https:\/\/president-ksgov.net\/wp-content\/uploads\/11_02_2022_2061821_WhatsApp_Image_2022_02_11_at_3_27_11_PM.jpeg\" \/>\n\t<meta property=\"og:image:width\" content=\"1280\" \/>\n\t<meta property=\"og:image:height\" content=\"850\" \/>\n\t<meta property=\"og:image:type\" content=\"image\/jpeg\" \/>\n<meta name=\"author\" content=\"admin\" \/>\n<meta name=\"twitter:card\" content=\"summary_large_image\" \/>\n<meta name=\"twitter:label1\" content=\"\u041d\u0430\u043f\u0438\u0441\u0430\u043d\u043e \u043e\u0434\" \/>\n\t<meta name=\"twitter:data1\" content=\"admin\" \/>\n\t<meta name=\"twitter:label2\" content=\"\u041f\u0440\u043e\u0446\u0435\u045a\u0435\u043d\u043e \u0432\u0440\u0435\u043c\u0435 \u0447\u0438\u0442\u0430\u045a\u0430\" \/>\n\t<meta name=\"twitter:data2\" content=\"4 \u043c\u0438\u043d\u0443\u0442\u0430\" \/>\n<script type=\"application\/ld+json\" class=\"yoast-schema-graph\">{\"@context\":\"https:\/\/schema.org\",\"@graph\":[{\"@type\":\"WebPage\",\"@id\":\"https:\/\/president-ksgov.net\/sr\/govor-predsednice-osmani-na-ceremoniji-primanja-vise-od-500-hiljada-vakcina-fajzer-kao-donacije-sad-a-2\/\",\"url\":\"https:\/\/president-ksgov.net\/sr\/govor-predsednice-osmani-na-ceremoniji-primanja-vise-od-500-hiljada-vakcina-fajzer-kao-donacije-sad-a-2\/\",\"name\":\"Govor predsednice Osmani na ceremoniji primanja vi\u0161e od 500 hiljada vakcina Fajzer kao donacije SAD-a - Predsednik Republike Kosovo - DR. VJOSA OSMANI - SADRIU\",\"isPartOf\":{\"@id\":\"https:\/\/president-ksgov.net\/#website\"},\"primaryImageOfPage\":{\"@id\":\"https:\/\/president-ksgov.net\/sr\/govor-predsednice-osmani-na-ceremoniji-primanja-vise-od-500-hiljada-vakcina-fajzer-kao-donacije-sad-a-2\/#primaryimage\"},\"image\":{\"@id\":\"https:\/\/president-ksgov.net\/sr\/govor-predsednice-osmani-na-ceremoniji-primanja-vise-od-500-hiljada-vakcina-fajzer-kao-donacije-sad-a-2\/#primaryimage\"},\"thumbnailUrl\":\"https:\/\/president-ksgov.net\/wp-content\/uploads\/11_02_2022_2061821_WhatsApp_Image_2022_02_11_at_3_27_11_PM.jpeg\",\"datePublished\":\"2022-02-11T14:28:23+00:00\",\"dateModified\":\"2022-02-11T14:28:23+00:00\",\"author\":{\"@id\":\"https:\/\/president-ksgov.net\/#\/schema\/person\/bb4337a5fb147cb2046d80548172cbee\"},\"description\":\"Govor predsednice Osmani na ceremoniji primanja vi\u0161e od 500 hiljada vakcina Fajzer kao donacije SAD-a - Predsednik Republike Kosovo - DR. VJOSA OSMANI - SADRIU -\",\"breadcrumb\":{\"@id\":\"https:\/\/president-ksgov.net\/sr\/govor-predsednice-osmani-na-ceremoniji-primanja-vise-od-500-hiljada-vakcina-fajzer-kao-donacije-sad-a-2\/#breadcrumb\"},\"inLanguage\":\"sr-RS\",\"potentialAction\":[{\"@type\":\"ReadAction\",\"target\":[\"https:\/\/president-ksgov.net\/sr\/govor-predsednice-osmani-na-ceremoniji-primanja-vise-od-500-hiljada-vakcina-fajzer-kao-donacije-sad-a-2\/\"]}]},{\"@type\":\"ImageObject\",\"inLanguage\":\"sr-RS\",\"@id\":\"https:\/\/president-ksgov.net\/sr\/govor-predsednice-osmani-na-ceremoniji-primanja-vise-od-500-hiljada-vakcina-fajzer-kao-donacije-sad-a-2\/#primaryimage\",\"url\":\"https:\/\/president-ksgov.net\/wp-content\/uploads\/11_02_2022_2061821_WhatsApp_Image_2022_02_11_at_3_27_11_PM.jpeg\",\"contentUrl\":\"https:\/\/president-ksgov.net\/wp-content\/uploads\/11_02_2022_2061821_WhatsApp_Image_2022_02_11_at_3_27_11_PM.jpeg\",\"width\":1280,\"height\":850},{\"@type\":\"BreadcrumbList\",\"@id\":\"https:\/\/president-ksgov.net\/sr\/govor-predsednice-osmani-na-ceremoniji-primanja-vise-od-500-hiljada-vakcina-fajzer-kao-donacije-sad-a-2\/#breadcrumb\",\"itemListElement\":[{\"@type\":\"ListItem\",\"position\":1,\"name\":\"Home\",\"item\":\"https:\/\/president-ksgov.net\/sr\/\"},{\"@type\":\"ListItem\",\"position\":2,\"name\":\"Govor predsednice Osmani na ceremoniji primanja vi\u0161e od 500 hiljada vakcina Fajzer kao donacije SAD-a\"}]},{\"@type\":\"WebSite\",\"@id\":\"https:\/\/president-ksgov.net\/#website\",\"url\":\"https:\/\/president-ksgov.net\/\",\"name\":\"Presidente e Republik\u00ebs s\u00eb Kosov\u00ebs\",\"description\":\"Presidente e Republik\u00ebs s\u00eb Kosov\u00ebs\",\"alternateName\":\"DR. VJOSA OSMANI - SADRIU\",\"potentialAction\":[{\"@type\":\"SearchAction\",\"target\":{\"@type\":\"EntryPoint\",\"urlTemplate\":\"https:\/\/president-ksgov.net\/?s={search_term_string}\"},\"query-input\":{\"@type\":\"PropertyValueSpecification\",\"valueRequired\":true,\"valueName\":\"search_term_string\"}}],\"inLanguage\":\"sr-RS\"},{\"@type\":\"Person\",\"@id\":\"https:\/\/president-ksgov.net\/#\/schema\/person\/bb4337a5fb147cb2046d80548172cbee\",\"name\":\"admin\",\"image\":{\"@type\":\"ImageObject\",\"inLanguage\":\"sr-RS\",\"@id\":\"https:\/\/president-ksgov.net\/#\/schema\/person\/image\/\",\"url\":\"https:\/\/secure.gravatar.com\/avatar\/36156ca0fa3b8d9d25174f146e16beea0cf28f37adf1b9e19b6c9c279a7c9dd3?s=96&d=mm&r=g\",\"contentUrl\":\"https:\/\/secure.gravatar.com\/avatar\/36156ca0fa3b8d9d25174f146e16beea0cf28f37adf1b9e19b6c9c279a7c9dd3?s=96&d=mm&r=g\",\"caption\":\"admin\"},\"sameAs\":[\"https:\/\/president-ksgov.net\"]}]}<\/script>\n<!-- \/ Yoast SEO plugin. -->","yoast_head_json":{"title":"Govor predsednice Osmani na ceremoniji primanja vi\u0161e od 500 hiljada vakcina Fajzer kao donacije SAD-a - Predsednik Republike Kosovo - DR. VJOSA OSMANI - SADRIU","description":"Govor predsednice Osmani na ceremoniji primanja vi\u0161e od 500 hiljada vakcina Fajzer kao donacije SAD-a - Predsednik Republike Kosovo - DR. VJOSA OSMANI - SADRIU -","robots":{"index":"index","follow":"follow","max-snippet":"max-snippet:-1","max-image-preview":"max-image-preview:large","max-video-preview":"max-video-preview:-1"},"canonical":"https:\/\/president-ksgov.net\/sr\/govor-predsednice-osmani-na-ceremoniji-primanja-vise-od-500-hiljada-vakcina-fajzer-kao-donacije-sad-a-2\/","og_locale":"sr_RS","og_type":"article","og_title":"Govor predsednice Osmani na ceremoniji primanja vi\u0161e od 500 hiljada vakcina Fajzer kao donacije SAD-a - Predsednik Republike Kosovo - DR. VJOSA OSMANI - SADRIU","og_description":"Govor predsednice Osmani na ceremoniji primanja vi\u0161e od 500 hiljada vakcina Fajzer kao donacije SAD-a - Predsednik Republike Kosovo - DR. VJOSA OSMANI - SADRIU -","og_url":"https:\/\/president-ksgov.net\/sr\/govor-predsednice-osmani-na-ceremoniji-primanja-vise-od-500-hiljada-vakcina-fajzer-kao-donacije-sad-a-2\/","og_site_name":"Predsednik Republike Kosovo - DR. VJOSA OSMANI - SADRIU","article_published_time":"2022-02-11T14:28:23+00:00","og_image":[{"width":1280,"height":850,"url":"https:\/\/president-ksgov.net\/wp-content\/uploads\/11_02_2022_2061821_WhatsApp_Image_2022_02_11_at_3_27_11_PM.jpeg","type":"image\/jpeg"}],"author":"admin","twitter_card":"summary_large_image","twitter_misc":{"\u041d\u0430\u043f\u0438\u0441\u0430\u043d\u043e \u043e\u0434":"admin","\u041f\u0440\u043e\u0446\u0435\u045a\u0435\u043d\u043e \u0432\u0440\u0435\u043c\u0435 \u0447\u0438\u0442\u0430\u045a\u0430":"4 \u043c\u0438\u043d\u0443\u0442\u0430"},"schema":{"@context":"https:\/\/schema.org","@graph":[{"@type":"WebPage","@id":"https:\/\/president-ksgov.net\/sr\/govor-predsednice-osmani-na-ceremoniji-primanja-vise-od-500-hiljada-vakcina-fajzer-kao-donacije-sad-a-2\/","url":"https:\/\/president-ksgov.net\/sr\/govor-predsednice-osmani-na-ceremoniji-primanja-vise-od-500-hiljada-vakcina-fajzer-kao-donacije-sad-a-2\/","name":"Govor predsednice Osmani na ceremoniji primanja vi\u0161e od 500 hiljada vakcina Fajzer kao donacije SAD-a - Predsednik Republike Kosovo - DR. VJOSA OSMANI - SADRIU","isPartOf":{"@id":"https:\/\/president-ksgov.net\/#website"},"primaryImageOfPage":{"@id":"https:\/\/president-ksgov.net\/sr\/govor-predsednice-osmani-na-ceremoniji-primanja-vise-od-500-hiljada-vakcina-fajzer-kao-donacije-sad-a-2\/#primaryimage"},"image":{"@id":"https:\/\/president-ksgov.net\/sr\/govor-predsednice-osmani-na-ceremoniji-primanja-vise-od-500-hiljada-vakcina-fajzer-kao-donacije-sad-a-2\/#primaryimage"},"thumbnailUrl":"https:\/\/president-ksgov.net\/wp-content\/uploads\/11_02_2022_2061821_WhatsApp_Image_2022_02_11_at_3_27_11_PM.jpeg","datePublished":"2022-02-11T14:28:23+00:00","dateModified":"2022-02-11T14:28:23+00:00","author":{"@id":"https:\/\/president-ksgov.net\/#\/schema\/person\/bb4337a5fb147cb2046d80548172cbee"},"description":"Govor predsednice Osmani na ceremoniji primanja vi\u0161e od 500 hiljada vakcina Fajzer kao donacije SAD-a - Predsednik Republike Kosovo - DR. VJOSA OSMANI - SADRIU -","breadcrumb":{"@id":"https:\/\/president-ksgov.net\/sr\/govor-predsednice-osmani-na-ceremoniji-primanja-vise-od-500-hiljada-vakcina-fajzer-kao-donacije-sad-a-2\/#breadcrumb"},"inLanguage":"sr-RS","potentialAction":[{"@type":"ReadAction","target":["https:\/\/president-ksgov.net\/sr\/govor-predsednice-osmani-na-ceremoniji-primanja-vise-od-500-hiljada-vakcina-fajzer-kao-donacije-sad-a-2\/"]}]},{"@type":"ImageObject","inLanguage":"sr-RS","@id":"https:\/\/president-ksgov.net\/sr\/govor-predsednice-osmani-na-ceremoniji-primanja-vise-od-500-hiljada-vakcina-fajzer-kao-donacije-sad-a-2\/#primaryimage","url":"https:\/\/president-ksgov.net\/wp-content\/uploads\/11_02_2022_2061821_WhatsApp_Image_2022_02_11_at_3_27_11_PM.jpeg","contentUrl":"https:\/\/president-ksgov.net\/wp-content\/uploads\/11_02_2022_2061821_WhatsApp_Image_2022_02_11_at_3_27_11_PM.jpeg","width":1280,"height":850},{"@type":"BreadcrumbList","@id":"https:\/\/president-ksgov.net\/sr\/govor-predsednice-osmani-na-ceremoniji-primanja-vise-od-500-hiljada-vakcina-fajzer-kao-donacije-sad-a-2\/#breadcrumb","itemListElement":[{"@type":"ListItem","position":1,"name":"Home","item":"https:\/\/president-ksgov.net\/sr\/"},{"@type":"ListItem","position":2,"name":"Govor predsednice Osmani na ceremoniji primanja vi\u0161e od 500 hiljada vakcina Fajzer kao donacije SAD-a"}]},{"@type":"WebSite","@id":"https:\/\/president-ksgov.net\/#website","url":"https:\/\/president-ksgov.net\/","name":"Presidente e Republik\u00ebs s\u00eb Kosov\u00ebs","description":"Presidente e Republik\u00ebs s\u00eb Kosov\u00ebs","alternateName":"DR. VJOSA OSMANI - SADRIU","potentialAction":[{"@type":"SearchAction","target":{"@type":"EntryPoint","urlTemplate":"https:\/\/president-ksgov.net\/?s={search_term_string}"},"query-input":{"@type":"PropertyValueSpecification","valueRequired":true,"valueName":"search_term_string"}}],"inLanguage":"sr-RS"},{"@type":"Person","@id":"https:\/\/president-ksgov.net\/#\/schema\/person\/bb4337a5fb147cb2046d80548172cbee","name":"admin","image":{"@type":"ImageObject","inLanguage":"sr-RS","@id":"https:\/\/president-ksgov.net\/#\/schema\/person\/image\/","url":"https:\/\/secure.gravatar.com\/avatar\/36156ca0fa3b8d9d25174f146e16beea0cf28f37adf1b9e19b6c9c279a7c9dd3?s=96&d=mm&r=g","contentUrl":"https:\/\/secure.gravatar.com\/avatar\/36156ca0fa3b8d9d25174f146e16beea0cf28f37adf1b9e19b6c9c279a7c9dd3?s=96&d=mm&r=g","caption":"admin"},"sameAs":["https:\/\/president-ksgov.net"]}]}},"_links":{"self":[{"href":"https:\/\/president-ksgov.net\/sr\/wp-json\/wp\/v2\/posts\/74564","targetHints":{"allow":["GET"]}}],"collection":[{"href":"https:\/\/president-ksgov.net\/sr\/wp-json\/wp\/v2\/posts"}],"about":[{"href":"https:\/\/president-ksgov.net\/sr\/wp-json\/wp\/v2\/types\/post"}],"author":[{"embeddable":true,"href":"https:\/\/president-ksgov.net\/sr\/wp-json\/wp\/v2\/users\/1"}],"replies":[{"embeddable":true,"href":"https:\/\/president-ksgov.net\/sr\/wp-json\/wp\/v2\/comments?post=74564"}],"version-history":[{"count":0,"href":"https:\/\/president-ksgov.net\/sr\/wp-json\/wp\/v2\/posts\/74564\/revisions"}],"wp:featuredmedia":[{"embeddable":true,"href":"https:\/\/president-ksgov.net\/sr\/wp-json\/wp\/v2\/media\/16285"}],"wp:attachment":[{"href":"https:\/\/president-ksgov.net\/sr\/wp-json\/wp\/v2\/media?parent=74564"}],"wp:term":[{"taxonomy":"category","embeddable":true,"href":"https:\/\/president-ksgov.net\/sr\/wp-json\/wp\/v2\/categories?post=74564"},{"taxonomy":"post_tag","embeddable":true,"href":"https:\/\/president-ksgov.net\/sr\/wp-json\/wp\/v2\/tags?post=74564"}],"curies":[{"name":"wp","href":"https:\/\/api.w.org\/{rel}","templated":true}]}}