{"id":74559,"date":"2022-02-15T11:23:52","date_gmt":"2022-02-15T11:23:52","guid":{"rendered":"https:\/\/dev.president-ksgov.net\/predsednica-vjosa-osmani-sastala-se-sa-holandskom-ambasadorkom-carin-lobbezoo\/"},"modified":"2022-02-15T11:23:52","modified_gmt":"2022-02-15T11:23:52","slug":"predsednica-vjosa-osmani-sastala-se-sa-holandskom-ambasadorkom-carin-lobbezoo","status":"publish","type":"post","link":"https:\/\/president-ksgov.net\/sr\/predsednica-vjosa-osmani-sastala-se-sa-holandskom-ambasadorkom-carin-lobbezoo\/","title":{"rendered":"Predsednica Vjosa Osmani sastala se sa holandskom ambasadorkom Carin Lobbezoo"},"content":{"rendered":"<p>Predsednica Vjosa Osmani danas se sastala sa holandskom ambasadorkom na Kosovu Carin Lobbezoo.<\/p>\n<p>Na sastanku se diskutovalo o op\u0161toj situaciji u zemlji, suo&ccaron;avanju sa pandemijom i mogu&cacute;nostima intenziviranja saradnje izme&dstrok;u dve dr&#382;ave.\u00a0<\/p>\n<p>Predsednica Osmani je ponovila da je Kosovo ve&cacute; ispunilo kriterijume za liberalizaciju viza, s toga je u tom kontekstu izrazila nadu da &cacute;e imati podr\u0161ku holandske dr&#382;ave. Prema mi\u0161ljenju predsednice Osmani, red je da EU odr&#382;i datu re&ccaron; prema gra&dstrok;anima Kosova \u0161to se ti&ccaron;e liberalizacije viza. Diskutovalo se i o doga&dstrok;anjima u regionu i potrebi integrisanja dr&#382;ava iz regiona Zapadnog Balkana u EU.<\/p>\n<p>Predsednica Osmani i ambasadorka Lobbezoo su diskutovale i o politi&ccaron;koj i ekonomskoj saradnji izme&dstrok;u Holandije i Kosova. Predsednica Osmani je istakla da je Kosovo na&ccaron;inilo klju&ccaron;ne korake u vladavini prava i stvaranju pogodne klime za strane investitore.<\/p>\n<p>Na samom kraju sastanka, ambasadorka Lobbezoo je predala predsednici Osmani telegram &ccaron;estitke od kralja Holandije Willem-Alexander R. radi 14. godi\u0161njice nezavisnosti Kosova.<\/p>\n","protected":false},"excerpt":{"rendered":"<p>Predsednica Vjosa Osmani danas se sastala sa holandskom ambasadorkom na Kosovu Carin Lobbezoo.<\/p>\n","protected":false},"author":1,"featured_media":16259,"comment_status":"open","ping_status":"closed","sticky":false,"template":"","format":"standard","meta":{"_eb_attr":"","footnotes":""},"categories":[101],"tags":[],"class_list":["post-74559","post","type-post","status-publish","format-standard","has-post-thumbnail","hentry","category-vesti"],"yoast_head":"<!-- This site is optimized with the Yoast SEO plugin v23.5 - https:\/\/yoast.com\/wordpress\/plugins\/seo\/ -->\n<title>Predsednica Vjosa Osmani sastala se sa holandskom ambasadorkom Carin Lobbezoo - Predsednik Republike Kosovo - DR. VJOSA OSMANI - SADRIU<\/title>\n<meta name=\"description\" content=\"Predsednica Vjosa Osmani sastala se sa holandskom ambasadorkom Carin Lobbezoo - Predsednik Republike Kosovo - DR. VJOSA OSMANI - SADRIU -\" \/>\n<meta name=\"robots\" content=\"index, follow, max-snippet:-1, max-image-preview:large, max-video-preview:-1\" \/>\n<link rel=\"canonical\" href=\"https:\/\/president-ksgov.net\/sr\/predsednica-vjosa-osmani-sastala-se-sa-holandskom-ambasadorkom-carin-lobbezoo\/\" \/>\n<meta property=\"og:locale\" content=\"sr_RS\" \/>\n<meta property=\"og:type\" content=\"article\" \/>\n<meta property=\"og:title\" content=\"Predsednica Vjosa Osmani sastala se sa holandskom ambasadorkom Carin Lobbezoo - Predsednik Republike Kosovo - DR. VJOSA OSMANI - SADRIU\" \/>\n<meta property=\"og:description\" content=\"Predsednica Vjosa Osmani sastala se sa holandskom ambasadorkom Carin Lobbezoo - Predsednik Republike Kosovo - DR. VJOSA OSMANI - SADRIU -\" \/>\n<meta property=\"og:url\" content=\"https:\/\/president-ksgov.net\/sr\/predsednica-vjosa-osmani-sastala-se-sa-holandskom-ambasadorkom-carin-lobbezoo\/\" \/>\n<meta property=\"og:site_name\" content=\"Predsednik Republike Kosovo - DR. VJOSA OSMANI - SADRIU\" \/>\n<meta property=\"article:published_time\" content=\"2022-02-15T11:23:52+00:00\" \/>\n<meta property=\"og:image\" content=\"https:\/\/president-ksgov.net\/wp-content\/uploads\/15_02_2022_2739518_Presidentja_Vjosa_Osmani_takoi_ambasadoren_holandeze_ne_Kosove__Carin_Lobbezoo_2.jpg\" \/>\n\t<meta property=\"og:image:width\" content=\"960\" \/>\n\t<meta property=\"og:image:height\" content=\"639\" \/>\n\t<meta property=\"og:image:type\" content=\"image\/jpeg\" \/>\n<meta name=\"author\" content=\"admin\" \/>\n<meta name=\"twitter:card\" content=\"summary_large_image\" \/>\n<meta name=\"twitter:label1\" content=\"\u041d\u0430\u043f\u0438\u0441\u0430\u043d\u043e \u043e\u0434\" \/>\n\t<meta name=\"twitter:data1\" content=\"admin\" \/>\n\t<meta name=\"twitter:label2\" content=\"\u041f\u0440\u043e\u0446\u0435\u045a\u0435\u043d\u043e \u0432\u0440\u0435\u043c\u0435 \u0447\u0438\u0442\u0430\u045a\u0430\" \/>\n\t<meta name=\"twitter:data2\" content=\"1 \u043c\u0438\u043d\u0443\u0442\" \/>\n<script type=\"application\/ld+json\" class=\"yoast-schema-graph\">{\"@context\":\"https:\/\/schema.org\",\"@graph\":[{\"@type\":\"WebPage\",\"@id\":\"https:\/\/president-ksgov.net\/sr\/predsednica-vjosa-osmani-sastala-se-sa-holandskom-ambasadorkom-carin-lobbezoo\/\",\"url\":\"https:\/\/president-ksgov.net\/sr\/predsednica-vjosa-osmani-sastala-se-sa-holandskom-ambasadorkom-carin-lobbezoo\/\",\"name\":\"Predsednica Vjosa Osmani sastala se sa holandskom ambasadorkom Carin Lobbezoo - Predsednik Republike Kosovo - DR. VJOSA OSMANI - SADRIU\",\"isPartOf\":{\"@id\":\"https:\/\/president-ksgov.net\/#website\"},\"primaryImageOfPage\":{\"@id\":\"https:\/\/president-ksgov.net\/sr\/predsednica-vjosa-osmani-sastala-se-sa-holandskom-ambasadorkom-carin-lobbezoo\/#primaryimage\"},\"image\":{\"@id\":\"https:\/\/president-ksgov.net\/sr\/predsednica-vjosa-osmani-sastala-se-sa-holandskom-ambasadorkom-carin-lobbezoo\/#primaryimage\"},\"thumbnailUrl\":\"https:\/\/president-ksgov.net\/wp-content\/uploads\/15_02_2022_2739518_Presidentja_Vjosa_Osmani_takoi_ambasadoren_holandeze_ne_Kosove__Carin_Lobbezoo_2.jpg\",\"datePublished\":\"2022-02-15T11:23:52+00:00\",\"dateModified\":\"2022-02-15T11:23:52+00:00\",\"author\":{\"@id\":\"https:\/\/president-ksgov.net\/#\/schema\/person\/bb4337a5fb147cb2046d80548172cbee\"},\"description\":\"Predsednica Vjosa Osmani sastala se sa holandskom ambasadorkom Carin Lobbezoo - Predsednik Republike Kosovo - DR. VJOSA OSMANI - SADRIU -\",\"breadcrumb\":{\"@id\":\"https:\/\/president-ksgov.net\/sr\/predsednica-vjosa-osmani-sastala-se-sa-holandskom-ambasadorkom-carin-lobbezoo\/#breadcrumb\"},\"inLanguage\":\"sr-RS\",\"potentialAction\":[{\"@type\":\"ReadAction\",\"target\":[\"https:\/\/president-ksgov.net\/sr\/predsednica-vjosa-osmani-sastala-se-sa-holandskom-ambasadorkom-carin-lobbezoo\/\"]}]},{\"@type\":\"ImageObject\",\"inLanguage\":\"sr-RS\",\"@id\":\"https:\/\/president-ksgov.net\/sr\/predsednica-vjosa-osmani-sastala-se-sa-holandskom-ambasadorkom-carin-lobbezoo\/#primaryimage\",\"url\":\"https:\/\/president-ksgov.net\/wp-content\/uploads\/15_02_2022_2739518_Presidentja_Vjosa_Osmani_takoi_ambasadoren_holandeze_ne_Kosove__Carin_Lobbezoo_2.jpg\",\"contentUrl\":\"https:\/\/president-ksgov.net\/wp-content\/uploads\/15_02_2022_2739518_Presidentja_Vjosa_Osmani_takoi_ambasadoren_holandeze_ne_Kosove__Carin_Lobbezoo_2.jpg\",\"width\":960,\"height\":639},{\"@type\":\"BreadcrumbList\",\"@id\":\"https:\/\/president-ksgov.net\/sr\/predsednica-vjosa-osmani-sastala-se-sa-holandskom-ambasadorkom-carin-lobbezoo\/#breadcrumb\",\"itemListElement\":[{\"@type\":\"ListItem\",\"position\":1,\"name\":\"Home\",\"item\":\"https:\/\/president-ksgov.net\/sr\/\"},{\"@type\":\"ListItem\",\"position\":2,\"name\":\"Predsednica Vjosa Osmani sastala se sa holandskom ambasadorkom Carin Lobbezoo\"}]},{\"@type\":\"WebSite\",\"@id\":\"https:\/\/president-ksgov.net\/#website\",\"url\":\"https:\/\/president-ksgov.net\/\",\"name\":\"Presidente e Republik\u00ebs s\u00eb Kosov\u00ebs\",\"description\":\"Presidente e Republik\u00ebs s\u00eb Kosov\u00ebs\",\"alternateName\":\"DR. VJOSA OSMANI - SADRIU\",\"potentialAction\":[{\"@type\":\"SearchAction\",\"target\":{\"@type\":\"EntryPoint\",\"urlTemplate\":\"https:\/\/president-ksgov.net\/?s={search_term_string}\"},\"query-input\":{\"@type\":\"PropertyValueSpecification\",\"valueRequired\":true,\"valueName\":\"search_term_string\"}}],\"inLanguage\":\"sr-RS\"},{\"@type\":\"Person\",\"@id\":\"https:\/\/president-ksgov.net\/#\/schema\/person\/bb4337a5fb147cb2046d80548172cbee\",\"name\":\"admin\",\"image\":{\"@type\":\"ImageObject\",\"inLanguage\":\"sr-RS\",\"@id\":\"https:\/\/president-ksgov.net\/#\/schema\/person\/image\/\",\"url\":\"https:\/\/secure.gravatar.com\/avatar\/36156ca0fa3b8d9d25174f146e16beea0cf28f37adf1b9e19b6c9c279a7c9dd3?s=96&d=mm&r=g\",\"contentUrl\":\"https:\/\/secure.gravatar.com\/avatar\/36156ca0fa3b8d9d25174f146e16beea0cf28f37adf1b9e19b6c9c279a7c9dd3?s=96&d=mm&r=g\",\"caption\":\"admin\"},\"sameAs\":[\"https:\/\/president-ksgov.net\"]}]}<\/script>\n<!-- \/ Yoast SEO plugin. -->","yoast_head_json":{"title":"Predsednica Vjosa Osmani sastala se sa holandskom ambasadorkom Carin Lobbezoo - Predsednik Republike Kosovo - DR. VJOSA OSMANI - SADRIU","description":"Predsednica Vjosa Osmani sastala se sa holandskom ambasadorkom Carin Lobbezoo - Predsednik Republike Kosovo - DR. VJOSA OSMANI - SADRIU -","robots":{"index":"index","follow":"follow","max-snippet":"max-snippet:-1","max-image-preview":"max-image-preview:large","max-video-preview":"max-video-preview:-1"},"canonical":"https:\/\/president-ksgov.net\/sr\/predsednica-vjosa-osmani-sastala-se-sa-holandskom-ambasadorkom-carin-lobbezoo\/","og_locale":"sr_RS","og_type":"article","og_title":"Predsednica Vjosa Osmani sastala se sa holandskom ambasadorkom Carin Lobbezoo - Predsednik Republike Kosovo - DR. VJOSA OSMANI - SADRIU","og_description":"Predsednica Vjosa Osmani sastala se sa holandskom ambasadorkom Carin Lobbezoo - Predsednik Republike Kosovo - DR. VJOSA OSMANI - SADRIU -","og_url":"https:\/\/president-ksgov.net\/sr\/predsednica-vjosa-osmani-sastala-se-sa-holandskom-ambasadorkom-carin-lobbezoo\/","og_site_name":"Predsednik Republike Kosovo - DR. VJOSA OSMANI - SADRIU","article_published_time":"2022-02-15T11:23:52+00:00","og_image":[{"width":960,"height":639,"url":"https:\/\/president-ksgov.net\/wp-content\/uploads\/15_02_2022_2739518_Presidentja_Vjosa_Osmani_takoi_ambasadoren_holandeze_ne_Kosove__Carin_Lobbezoo_2.jpg","type":"image\/jpeg"}],"author":"admin","twitter_card":"summary_large_image","twitter_misc":{"\u041d\u0430\u043f\u0438\u0441\u0430\u043d\u043e \u043e\u0434":"admin","\u041f\u0440\u043e\u0446\u0435\u045a\u0435\u043d\u043e \u0432\u0440\u0435\u043c\u0435 \u0447\u0438\u0442\u0430\u045a\u0430":"1 \u043c\u0438\u043d\u0443\u0442"},"schema":{"@context":"https:\/\/schema.org","@graph":[{"@type":"WebPage","@id":"https:\/\/president-ksgov.net\/sr\/predsednica-vjosa-osmani-sastala-se-sa-holandskom-ambasadorkom-carin-lobbezoo\/","url":"https:\/\/president-ksgov.net\/sr\/predsednica-vjosa-osmani-sastala-se-sa-holandskom-ambasadorkom-carin-lobbezoo\/","name":"Predsednica Vjosa Osmani sastala se sa holandskom ambasadorkom Carin Lobbezoo - Predsednik Republike Kosovo - DR. VJOSA OSMANI - SADRIU","isPartOf":{"@id":"https:\/\/president-ksgov.net\/#website"},"primaryImageOfPage":{"@id":"https:\/\/president-ksgov.net\/sr\/predsednica-vjosa-osmani-sastala-se-sa-holandskom-ambasadorkom-carin-lobbezoo\/#primaryimage"},"image":{"@id":"https:\/\/president-ksgov.net\/sr\/predsednica-vjosa-osmani-sastala-se-sa-holandskom-ambasadorkom-carin-lobbezoo\/#primaryimage"},"thumbnailUrl":"https:\/\/president-ksgov.net\/wp-content\/uploads\/15_02_2022_2739518_Presidentja_Vjosa_Osmani_takoi_ambasadoren_holandeze_ne_Kosove__Carin_Lobbezoo_2.jpg","datePublished":"2022-02-15T11:23:52+00:00","dateModified":"2022-02-15T11:23:52+00:00","author":{"@id":"https:\/\/president-ksgov.net\/#\/schema\/person\/bb4337a5fb147cb2046d80548172cbee"},"description":"Predsednica Vjosa Osmani sastala se sa holandskom ambasadorkom Carin Lobbezoo - Predsednik Republike Kosovo - DR. VJOSA OSMANI - SADRIU -","breadcrumb":{"@id":"https:\/\/president-ksgov.net\/sr\/predsednica-vjosa-osmani-sastala-se-sa-holandskom-ambasadorkom-carin-lobbezoo\/#breadcrumb"},"inLanguage":"sr-RS","potentialAction":[{"@type":"ReadAction","target":["https:\/\/president-ksgov.net\/sr\/predsednica-vjosa-osmani-sastala-se-sa-holandskom-ambasadorkom-carin-lobbezoo\/"]}]},{"@type":"ImageObject","inLanguage":"sr-RS","@id":"https:\/\/president-ksgov.net\/sr\/predsednica-vjosa-osmani-sastala-se-sa-holandskom-ambasadorkom-carin-lobbezoo\/#primaryimage","url":"https:\/\/president-ksgov.net\/wp-content\/uploads\/15_02_2022_2739518_Presidentja_Vjosa_Osmani_takoi_ambasadoren_holandeze_ne_Kosove__Carin_Lobbezoo_2.jpg","contentUrl":"https:\/\/president-ksgov.net\/wp-content\/uploads\/15_02_2022_2739518_Presidentja_Vjosa_Osmani_takoi_ambasadoren_holandeze_ne_Kosove__Carin_Lobbezoo_2.jpg","width":960,"height":639},{"@type":"BreadcrumbList","@id":"https:\/\/president-ksgov.net\/sr\/predsednica-vjosa-osmani-sastala-se-sa-holandskom-ambasadorkom-carin-lobbezoo\/#breadcrumb","itemListElement":[{"@type":"ListItem","position":1,"name":"Home","item":"https:\/\/president-ksgov.net\/sr\/"},{"@type":"ListItem","position":2,"name":"Predsednica Vjosa Osmani sastala se sa holandskom ambasadorkom Carin Lobbezoo"}]},{"@type":"WebSite","@id":"https:\/\/president-ksgov.net\/#website","url":"https:\/\/president-ksgov.net\/","name":"Presidente e Republik\u00ebs s\u00eb Kosov\u00ebs","description":"Presidente e Republik\u00ebs s\u00eb Kosov\u00ebs","alternateName":"DR. VJOSA OSMANI - SADRIU","potentialAction":[{"@type":"SearchAction","target":{"@type":"EntryPoint","urlTemplate":"https:\/\/president-ksgov.net\/?s={search_term_string}"},"query-input":{"@type":"PropertyValueSpecification","valueRequired":true,"valueName":"search_term_string"}}],"inLanguage":"sr-RS"},{"@type":"Person","@id":"https:\/\/president-ksgov.net\/#\/schema\/person\/bb4337a5fb147cb2046d80548172cbee","name":"admin","image":{"@type":"ImageObject","inLanguage":"sr-RS","@id":"https:\/\/president-ksgov.net\/#\/schema\/person\/image\/","url":"https:\/\/secure.gravatar.com\/avatar\/36156ca0fa3b8d9d25174f146e16beea0cf28f37adf1b9e19b6c9c279a7c9dd3?s=96&d=mm&r=g","contentUrl":"https:\/\/secure.gravatar.com\/avatar\/36156ca0fa3b8d9d25174f146e16beea0cf28f37adf1b9e19b6c9c279a7c9dd3?s=96&d=mm&r=g","caption":"admin"},"sameAs":["https:\/\/president-ksgov.net"]}]}},"_links":{"self":[{"href":"https:\/\/president-ksgov.net\/sr\/wp-json\/wp\/v2\/posts\/74559","targetHints":{"allow":["GET"]}}],"collection":[{"href":"https:\/\/president-ksgov.net\/sr\/wp-json\/wp\/v2\/posts"}],"about":[{"href":"https:\/\/president-ksgov.net\/sr\/wp-json\/wp\/v2\/types\/post"}],"author":[{"embeddable":true,"href":"https:\/\/president-ksgov.net\/sr\/wp-json\/wp\/v2\/users\/1"}],"replies":[{"embeddable":true,"href":"https:\/\/president-ksgov.net\/sr\/wp-json\/wp\/v2\/comments?post=74559"}],"version-history":[{"count":0,"href":"https:\/\/president-ksgov.net\/sr\/wp-json\/wp\/v2\/posts\/74559\/revisions"}],"wp:featuredmedia":[{"embeddable":true,"href":"https:\/\/president-ksgov.net\/sr\/wp-json\/wp\/v2\/media\/16259"}],"wp:attachment":[{"href":"https:\/\/president-ksgov.net\/sr\/wp-json\/wp\/v2\/media?parent=74559"}],"wp:term":[{"taxonomy":"category","embeddable":true,"href":"https:\/\/president-ksgov.net\/sr\/wp-json\/wp\/v2\/categories?post=74559"},{"taxonomy":"post_tag","embeddable":true,"href":"https:\/\/president-ksgov.net\/sr\/wp-json\/wp\/v2\/tags?post=74559"}],"curies":[{"name":"wp","href":"https:\/\/api.w.org\/{rel}","templated":true}]}}