{"id":74556,"date":"2022-02-15T17:44:46","date_gmt":"2022-02-15T17:44:46","guid":{"rendered":"https:\/\/dev.president-ksgov.net\/biden-osmanijevoj-tokom-prosle-godine-kosovo-je-konstantno-pokazivalo-lidersip-u-meunarodnoj-areni\/"},"modified":"2022-02-15T17:44:46","modified_gmt":"2022-02-15T17:44:46","slug":"biden-osmanijevoj-tokom-prosle-godine-kosovo-je-konstantno-pokazivalo-lidersip-u-meunarodnoj-areni","status":"publish","type":"post","link":"https:\/\/president-ksgov.net\/sr\/biden-osmanijevoj-tokom-prosle-godine-kosovo-je-konstantno-pokazivalo-lidersip-u-meunarodnoj-areni\/","title":{"rendered":"Biden Osmanijevoj: Tokom pro\u0161le godine Kosovo je konstantno pokazivalo lider\u0161ip u me&dstrok;unarodnoj areni"},"content":{"rendered":"<p>Predsednik Sjedinjenih Ameri&ccaron;kih Dr&#382;ava Joe Biden je predsednici Osmani &ccaron;estitao 17. februar Dan nezavisnosti Republike Kosovo.<\/p>\n<p>U ovom pismu, on potencira da su Sjedinjene Ameri&ccaron;ke Dr&#382;ave i dalje nepokolebljivi partner Kosova. Predsednik Biden aplaudira radu i posve&cacute;enosti Kosova u ja&ccaron;anju demokratije i u borbi protiv kriminala i korupcije. Dalje, predsednik Biden isti&ccaron;e da je na Samitu za demokratiju Kosovo dokazalo da je spremno da podeli iskustvo sa ostalim dr&#382;avama, a ujedno isti&ccaron;e da je tokom pro\u0161le godine Kosovo konstantno pokazivalo lider\u0161ip u me&dstrok;unarodnoj areni. Cene&cacute;i anga&#382;ovanje Kosova na izgradnji dobrih susedskih odnosa, predsednik Biden govori o dijalogu Kosovo-Srbija i tra&#382;i da se dijalog usredsredi na me&dstrok;usobno priznanje.\u00a0<\/p>\n<p>U ovoj &ccaron;estitki, predsednik Biden ponovo govori o posebnoj vezi koju porodica Biden ima sa na\u0161om zemljom.\u00a0<\/p>\n<p>&Ccaron;estitku mo&#382;ete prona&cacute;i na dole navedenom linku na engleskom i albanskom jeziku, a u nastavku je ceo tekst &ccaron;estitke na srpskom jeziku jeziku:<\/p>\n<p>Po\u0161tovana gospo&dstrok;o predsednice,<\/p>\n<p>U ime ameri&ccaron;kog naroda, vama i va\u0161im sugra&dstrok;anima &ccaron;estitam povodom proslavljanja Nacionalnog dana Kosova, 17. februara.<\/p>\n<p>Kosovo je izuzetno napredovalo tokom 14 godina svoje nezavisnosti, postaju&cacute;i tako od krhke demokratije dr&#382;ava koja je spremna da svoja iskustva podeli sa svetom, kao \u0161to ste i Vi pokazali tokom Samita za demokratiju u decembru. Pozdravljam Va\u0161u posve&cacute;enost konstantnom i izuzetno bitnom radu u ja&ccaron;anju institucija Kosova kako biste obezbedili da kosovska demokratija donese rezultate svim gra&dstrok;anima va\u0161e zemlje. Sjedinjene Dr&#382;ave &cacute;e ostati nepokolebljivi partner Kosova, dok se vi trudite da se borite protive korupcije i ja&ccaron;ate vladavinu prava, da branite prava verskih i etni&ccaron;kih zajednica, da podsti&ccaron;ete pravi&ccaron;an i transparentan privredni rast i da obezbedite odr&#382;ivu energetsku budu&cacute;nosti.<\/p>\n<p>Zadovoljni smo \u0161to Kosovo nastavlja da gradi i ja&ccaron;a svoje pozitivne odnose sa susednim zemljama i nastavi&cacute;emo da podr&#382;avamo va\u0161e napore u smeru sveobuhvatnog sporazuma o normalizaciji sa Srbijom, koji je usredsre&dstrok;en na me&dstrok;usobno priznanje.<\/p>\n<p>Pro\u0161le godine Kosovo je konstantno pokazivalo lider\u0161ip na me&dstrok;unarodnoj sceni. Od pru&#382;anja sigurnog uto&ccaron;i\u0161ta neza\u0161ti&cacute;enima, do ja&ccaron;anja globalne bezbednosti i sme\u0161tanja zajedno sa ameri&ccaron;kom vojskom u Kuvajtu, narod Kosova je dokazao svetu svoju hrabrost i velikodu\u0161nost. I dok se zajedno suo&ccaron;avamo sa pandemijom KOVID-19, sre&cacute;an sam \u0161to su Sjedinjene Dr&#382;ave imale mogu&cacute;nost da ovog meseca ponude jo\u0161 pola miliona sigurnih i efikasnih doza vakcine KOVID-19 kako bi za\u0161titili i pomogli Kosovu u uzdizanju od pandemije.<\/p>\n<p>Kao \u0161to znate, Kosovo zauzima posebno mesto u srcima &ccaron;lanova porodice Biden. Ponovo Vam se zahvaljujem na velikoj po&ccaron;asti koju ste odali mom sinu Beau, kada ste mu posthumno dodelili Predsedni&ccaron;ku medalju za vladavinu prava, pro\u0161le godine. &Zcaron;eljno i\u0161&ccaron;ekujem da nastavimo na\u0161e napore da o&#382;ivimo budu&cacute;nost Kosova kao jedne dinami&ccaron;ne, suverene i multietni&ccaron;ke demokratije, koja zauzima zaslu&#382;eno mesto u evropskim i evroatlantskim institucijama.<\/p>\n<p>Vama i &ccaron;itavom narodu Kosova &#382;elim bezbedan i radostan praznik, dok slavite va\u0161u nezavisnost.<\/p>\n<p>Iskreno,<\/p>\n<p>Joseph R. Biden Jr.\u00a0<br \/>\n\u00a0<br \/>\nLetter<\/p>\n","protected":false},"excerpt":{"rendered":"<p>Predsednik Sjedinjenih Ameri&ccaron;kih Dr&#382;ava Joe Biden je predsednici Osmani &ccaron;estitao 17. februar Dan nezavisnosti Republike Kosovo.<\/p>\n","protected":false},"author":1,"featured_media":16247,"comment_status":"open","ping_status":"closed","sticky":false,"template":"","format":"standard","meta":{"_eb_attr":"","footnotes":""},"categories":[101],"tags":[],"class_list":["post-74556","post","type-post","status-publish","format-standard","has-post-thumbnail","hentry","category-vesti"],"yoast_head":"<!-- This site is optimized with the Yoast SEO plugin v23.5 - https:\/\/yoast.com\/wordpress\/plugins\/seo\/ -->\n<title>Biden Osmanijevoj: Tokom pro\u0161le godine Kosovo je konstantno pokazivalo lider\u0161ip u me&amp;dstrok;unarodnoj areni - Predsednik Republike Kosovo - DR. VJOSA OSMANI - SADRIU<\/title>\n<meta name=\"description\" content=\"Biden Osmanijevoj: Tokom pro\u0161le godine Kosovo je konstantno pokazivalo lider\u0161ip u me&amp;dstrok;unarodnoj areni - Predsednik Republike Kosovo - DR. VJOSA OSMANI - SADRIU -\" \/>\n<meta name=\"robots\" content=\"index, follow, max-snippet:-1, max-image-preview:large, max-video-preview:-1\" \/>\n<link rel=\"canonical\" href=\"https:\/\/president-ksgov.net\/sr\/biden-osmanijevoj-tokom-prosle-godine-kosovo-je-konstantno-pokazivalo-lidersip-u-meunarodnoj-areni\/\" \/>\n<meta property=\"og:locale\" content=\"sr_RS\" \/>\n<meta property=\"og:type\" content=\"article\" \/>\n<meta property=\"og:title\" content=\"Biden Osmanijevoj: Tokom pro\u0161le godine Kosovo je konstantno pokazivalo lider\u0161ip u me&amp;dstrok;unarodnoj areni - Predsednik Republike Kosovo - DR. VJOSA OSMANI - SADRIU\" \/>\n<meta property=\"og:description\" content=\"Biden Osmanijevoj: Tokom pro\u0161le godine Kosovo je konstantno pokazivalo lider\u0161ip u me&amp;dstrok;unarodnoj areni - Predsednik Republike Kosovo - DR. VJOSA OSMANI - SADRIU -\" \/>\n<meta property=\"og:url\" content=\"https:\/\/president-ksgov.net\/sr\/biden-osmanijevoj-tokom-prosle-godine-kosovo-je-konstantno-pokazivalo-lidersip-u-meunarodnoj-areni\/\" \/>\n<meta property=\"og:site_name\" content=\"Predsednik Republike Kosovo - DR. VJOSA OSMANI - SADRIU\" \/>\n<meta property=\"article:published_time\" content=\"2022-02-15T17:44:46+00:00\" \/>\n<meta property=\"og:image\" content=\"https:\/\/president-ksgov.net\/wp-content\/uploads\/15_02_2022_385602_image0.jpeg\" \/>\n\t<meta property=\"og:image:width\" content=\"1280\" \/>\n\t<meta property=\"og:image:height\" content=\"851\" \/>\n\t<meta property=\"og:image:type\" content=\"image\/jpeg\" \/>\n<meta name=\"author\" content=\"admin\" \/>\n<meta name=\"twitter:card\" content=\"summary_large_image\" \/>\n<meta name=\"twitter:label1\" content=\"\u041d\u0430\u043f\u0438\u0441\u0430\u043d\u043e \u043e\u0434\" \/>\n\t<meta name=\"twitter:data1\" content=\"admin\" \/>\n\t<meta name=\"twitter:label2\" content=\"\u041f\u0440\u043e\u0446\u0435\u045a\u0435\u043d\u043e \u0432\u0440\u0435\u043c\u0435 \u0447\u0438\u0442\u0430\u045a\u0430\" \/>\n\t<meta name=\"twitter:data2\" content=\"3 \u043c\u0438\u043d\u0443\u0442\u0430\" \/>\n<script type=\"application\/ld+json\" class=\"yoast-schema-graph\">{\"@context\":\"https:\/\/schema.org\",\"@graph\":[{\"@type\":\"WebPage\",\"@id\":\"https:\/\/president-ksgov.net\/sr\/biden-osmanijevoj-tokom-prosle-godine-kosovo-je-konstantno-pokazivalo-lidersip-u-meunarodnoj-areni\/\",\"url\":\"https:\/\/president-ksgov.net\/sr\/biden-osmanijevoj-tokom-prosle-godine-kosovo-je-konstantno-pokazivalo-lidersip-u-meunarodnoj-areni\/\",\"name\":\"Biden Osmanijevoj: Tokom pro\u0161le godine Kosovo je konstantno pokazivalo lider\u0161ip u me&dstrok;unarodnoj areni - Predsednik Republike Kosovo - DR. VJOSA OSMANI - SADRIU\",\"isPartOf\":{\"@id\":\"https:\/\/president-ksgov.net\/#website\"},\"primaryImageOfPage\":{\"@id\":\"https:\/\/president-ksgov.net\/sr\/biden-osmanijevoj-tokom-prosle-godine-kosovo-je-konstantno-pokazivalo-lidersip-u-meunarodnoj-areni\/#primaryimage\"},\"image\":{\"@id\":\"https:\/\/president-ksgov.net\/sr\/biden-osmanijevoj-tokom-prosle-godine-kosovo-je-konstantno-pokazivalo-lidersip-u-meunarodnoj-areni\/#primaryimage\"},\"thumbnailUrl\":\"https:\/\/president-ksgov.net\/wp-content\/uploads\/15_02_2022_385602_image0.jpeg\",\"datePublished\":\"2022-02-15T17:44:46+00:00\",\"dateModified\":\"2022-02-15T17:44:46+00:00\",\"author\":{\"@id\":\"https:\/\/president-ksgov.net\/#\/schema\/person\/bb4337a5fb147cb2046d80548172cbee\"},\"description\":\"Biden Osmanijevoj: Tokom pro\u0161le godine Kosovo je konstantno pokazivalo lider\u0161ip u me&dstrok;unarodnoj areni - Predsednik Republike Kosovo - DR. VJOSA OSMANI - SADRIU -\",\"breadcrumb\":{\"@id\":\"https:\/\/president-ksgov.net\/sr\/biden-osmanijevoj-tokom-prosle-godine-kosovo-je-konstantno-pokazivalo-lidersip-u-meunarodnoj-areni\/#breadcrumb\"},\"inLanguage\":\"sr-RS\",\"potentialAction\":[{\"@type\":\"ReadAction\",\"target\":[\"https:\/\/president-ksgov.net\/sr\/biden-osmanijevoj-tokom-prosle-godine-kosovo-je-konstantno-pokazivalo-lidersip-u-meunarodnoj-areni\/\"]}]},{\"@type\":\"ImageObject\",\"inLanguage\":\"sr-RS\",\"@id\":\"https:\/\/president-ksgov.net\/sr\/biden-osmanijevoj-tokom-prosle-godine-kosovo-je-konstantno-pokazivalo-lidersip-u-meunarodnoj-areni\/#primaryimage\",\"url\":\"https:\/\/president-ksgov.net\/wp-content\/uploads\/15_02_2022_385602_image0.jpeg\",\"contentUrl\":\"https:\/\/president-ksgov.net\/wp-content\/uploads\/15_02_2022_385602_image0.jpeg\",\"width\":1280,\"height\":851},{\"@type\":\"BreadcrumbList\",\"@id\":\"https:\/\/president-ksgov.net\/sr\/biden-osmanijevoj-tokom-prosle-godine-kosovo-je-konstantno-pokazivalo-lidersip-u-meunarodnoj-areni\/#breadcrumb\",\"itemListElement\":[{\"@type\":\"ListItem\",\"position\":1,\"name\":\"Home\",\"item\":\"https:\/\/president-ksgov.net\/sr\/\"},{\"@type\":\"ListItem\",\"position\":2,\"name\":\"Biden Osmanijevoj: Tokom pro\u0161le godine Kosovo je konstantno pokazivalo lider\u0161ip u me&dstrok;unarodnoj areni\"}]},{\"@type\":\"WebSite\",\"@id\":\"https:\/\/president-ksgov.net\/#website\",\"url\":\"https:\/\/president-ksgov.net\/\",\"name\":\"Presidente e Republik\u00ebs s\u00eb Kosov\u00ebs\",\"description\":\"Presidente e Republik\u00ebs s\u00eb Kosov\u00ebs\",\"alternateName\":\"DR. VJOSA OSMANI - SADRIU\",\"potentialAction\":[{\"@type\":\"SearchAction\",\"target\":{\"@type\":\"EntryPoint\",\"urlTemplate\":\"https:\/\/president-ksgov.net\/?s={search_term_string}\"},\"query-input\":{\"@type\":\"PropertyValueSpecification\",\"valueRequired\":true,\"valueName\":\"search_term_string\"}}],\"inLanguage\":\"sr-RS\"},{\"@type\":\"Person\",\"@id\":\"https:\/\/president-ksgov.net\/#\/schema\/person\/bb4337a5fb147cb2046d80548172cbee\",\"name\":\"admin\",\"image\":{\"@type\":\"ImageObject\",\"inLanguage\":\"sr-RS\",\"@id\":\"https:\/\/president-ksgov.net\/#\/schema\/person\/image\/\",\"url\":\"https:\/\/secure.gravatar.com\/avatar\/36156ca0fa3b8d9d25174f146e16beea0cf28f37adf1b9e19b6c9c279a7c9dd3?s=96&d=mm&r=g\",\"contentUrl\":\"https:\/\/secure.gravatar.com\/avatar\/36156ca0fa3b8d9d25174f146e16beea0cf28f37adf1b9e19b6c9c279a7c9dd3?s=96&d=mm&r=g\",\"caption\":\"admin\"},\"sameAs\":[\"https:\/\/president-ksgov.net\"]}]}<\/script>\n<!-- \/ Yoast SEO plugin. -->","yoast_head_json":{"title":"Biden Osmanijevoj: Tokom pro\u0161le godine Kosovo je konstantno pokazivalo lider\u0161ip u me&dstrok;unarodnoj areni - Predsednik Republike Kosovo - DR. VJOSA OSMANI - SADRIU","description":"Biden Osmanijevoj: Tokom pro\u0161le godine Kosovo je konstantno pokazivalo lider\u0161ip u me&dstrok;unarodnoj areni - Predsednik Republike Kosovo - DR. VJOSA OSMANI - SADRIU -","robots":{"index":"index","follow":"follow","max-snippet":"max-snippet:-1","max-image-preview":"max-image-preview:large","max-video-preview":"max-video-preview:-1"},"canonical":"https:\/\/president-ksgov.net\/sr\/biden-osmanijevoj-tokom-prosle-godine-kosovo-je-konstantno-pokazivalo-lidersip-u-meunarodnoj-areni\/","og_locale":"sr_RS","og_type":"article","og_title":"Biden Osmanijevoj: Tokom pro\u0161le godine Kosovo je konstantno pokazivalo lider\u0161ip u me&dstrok;unarodnoj areni - Predsednik Republike Kosovo - DR. VJOSA OSMANI - SADRIU","og_description":"Biden Osmanijevoj: Tokom pro\u0161le godine Kosovo je konstantno pokazivalo lider\u0161ip u me&dstrok;unarodnoj areni - Predsednik Republike Kosovo - DR. VJOSA OSMANI - SADRIU -","og_url":"https:\/\/president-ksgov.net\/sr\/biden-osmanijevoj-tokom-prosle-godine-kosovo-je-konstantno-pokazivalo-lidersip-u-meunarodnoj-areni\/","og_site_name":"Predsednik Republike Kosovo - DR. VJOSA OSMANI - SADRIU","article_published_time":"2022-02-15T17:44:46+00:00","og_image":[{"width":1280,"height":851,"url":"https:\/\/president-ksgov.net\/wp-content\/uploads\/15_02_2022_385602_image0.jpeg","type":"image\/jpeg"}],"author":"admin","twitter_card":"summary_large_image","twitter_misc":{"\u041d\u0430\u043f\u0438\u0441\u0430\u043d\u043e \u043e\u0434":"admin","\u041f\u0440\u043e\u0446\u0435\u045a\u0435\u043d\u043e \u0432\u0440\u0435\u043c\u0435 \u0447\u0438\u0442\u0430\u045a\u0430":"3 \u043c\u0438\u043d\u0443\u0442\u0430"},"schema":{"@context":"https:\/\/schema.org","@graph":[{"@type":"WebPage","@id":"https:\/\/president-ksgov.net\/sr\/biden-osmanijevoj-tokom-prosle-godine-kosovo-je-konstantno-pokazivalo-lidersip-u-meunarodnoj-areni\/","url":"https:\/\/president-ksgov.net\/sr\/biden-osmanijevoj-tokom-prosle-godine-kosovo-je-konstantno-pokazivalo-lidersip-u-meunarodnoj-areni\/","name":"Biden Osmanijevoj: Tokom pro\u0161le godine Kosovo je konstantno pokazivalo lider\u0161ip u me&dstrok;unarodnoj areni - Predsednik Republike Kosovo - DR. VJOSA OSMANI - SADRIU","isPartOf":{"@id":"https:\/\/president-ksgov.net\/#website"},"primaryImageOfPage":{"@id":"https:\/\/president-ksgov.net\/sr\/biden-osmanijevoj-tokom-prosle-godine-kosovo-je-konstantno-pokazivalo-lidersip-u-meunarodnoj-areni\/#primaryimage"},"image":{"@id":"https:\/\/president-ksgov.net\/sr\/biden-osmanijevoj-tokom-prosle-godine-kosovo-je-konstantno-pokazivalo-lidersip-u-meunarodnoj-areni\/#primaryimage"},"thumbnailUrl":"https:\/\/president-ksgov.net\/wp-content\/uploads\/15_02_2022_385602_image0.jpeg","datePublished":"2022-02-15T17:44:46+00:00","dateModified":"2022-02-15T17:44:46+00:00","author":{"@id":"https:\/\/president-ksgov.net\/#\/schema\/person\/bb4337a5fb147cb2046d80548172cbee"},"description":"Biden Osmanijevoj: Tokom pro\u0161le godine Kosovo je konstantno pokazivalo lider\u0161ip u me&dstrok;unarodnoj areni - Predsednik Republike Kosovo - DR. VJOSA OSMANI - SADRIU -","breadcrumb":{"@id":"https:\/\/president-ksgov.net\/sr\/biden-osmanijevoj-tokom-prosle-godine-kosovo-je-konstantno-pokazivalo-lidersip-u-meunarodnoj-areni\/#breadcrumb"},"inLanguage":"sr-RS","potentialAction":[{"@type":"ReadAction","target":["https:\/\/president-ksgov.net\/sr\/biden-osmanijevoj-tokom-prosle-godine-kosovo-je-konstantno-pokazivalo-lidersip-u-meunarodnoj-areni\/"]}]},{"@type":"ImageObject","inLanguage":"sr-RS","@id":"https:\/\/president-ksgov.net\/sr\/biden-osmanijevoj-tokom-prosle-godine-kosovo-je-konstantno-pokazivalo-lidersip-u-meunarodnoj-areni\/#primaryimage","url":"https:\/\/president-ksgov.net\/wp-content\/uploads\/15_02_2022_385602_image0.jpeg","contentUrl":"https:\/\/president-ksgov.net\/wp-content\/uploads\/15_02_2022_385602_image0.jpeg","width":1280,"height":851},{"@type":"BreadcrumbList","@id":"https:\/\/president-ksgov.net\/sr\/biden-osmanijevoj-tokom-prosle-godine-kosovo-je-konstantno-pokazivalo-lidersip-u-meunarodnoj-areni\/#breadcrumb","itemListElement":[{"@type":"ListItem","position":1,"name":"Home","item":"https:\/\/president-ksgov.net\/sr\/"},{"@type":"ListItem","position":2,"name":"Biden Osmanijevoj: Tokom pro\u0161le godine Kosovo je konstantno pokazivalo lider\u0161ip u me&dstrok;unarodnoj areni"}]},{"@type":"WebSite","@id":"https:\/\/president-ksgov.net\/#website","url":"https:\/\/president-ksgov.net\/","name":"Presidente e Republik\u00ebs s\u00eb Kosov\u00ebs","description":"Presidente e Republik\u00ebs s\u00eb Kosov\u00ebs","alternateName":"DR. VJOSA OSMANI - SADRIU","potentialAction":[{"@type":"SearchAction","target":{"@type":"EntryPoint","urlTemplate":"https:\/\/president-ksgov.net\/?s={search_term_string}"},"query-input":{"@type":"PropertyValueSpecification","valueRequired":true,"valueName":"search_term_string"}}],"inLanguage":"sr-RS"},{"@type":"Person","@id":"https:\/\/president-ksgov.net\/#\/schema\/person\/bb4337a5fb147cb2046d80548172cbee","name":"admin","image":{"@type":"ImageObject","inLanguage":"sr-RS","@id":"https:\/\/president-ksgov.net\/#\/schema\/person\/image\/","url":"https:\/\/secure.gravatar.com\/avatar\/36156ca0fa3b8d9d25174f146e16beea0cf28f37adf1b9e19b6c9c279a7c9dd3?s=96&d=mm&r=g","contentUrl":"https:\/\/secure.gravatar.com\/avatar\/36156ca0fa3b8d9d25174f146e16beea0cf28f37adf1b9e19b6c9c279a7c9dd3?s=96&d=mm&r=g","caption":"admin"},"sameAs":["https:\/\/president-ksgov.net"]}]}},"_links":{"self":[{"href":"https:\/\/president-ksgov.net\/sr\/wp-json\/wp\/v2\/posts\/74556","targetHints":{"allow":["GET"]}}],"collection":[{"href":"https:\/\/president-ksgov.net\/sr\/wp-json\/wp\/v2\/posts"}],"about":[{"href":"https:\/\/president-ksgov.net\/sr\/wp-json\/wp\/v2\/types\/post"}],"author":[{"embeddable":true,"href":"https:\/\/president-ksgov.net\/sr\/wp-json\/wp\/v2\/users\/1"}],"replies":[{"embeddable":true,"href":"https:\/\/president-ksgov.net\/sr\/wp-json\/wp\/v2\/comments?post=74556"}],"version-history":[{"count":0,"href":"https:\/\/president-ksgov.net\/sr\/wp-json\/wp\/v2\/posts\/74556\/revisions"}],"wp:featuredmedia":[{"embeddable":true,"href":"https:\/\/president-ksgov.net\/sr\/wp-json\/wp\/v2\/media\/16247"}],"wp:attachment":[{"href":"https:\/\/president-ksgov.net\/sr\/wp-json\/wp\/v2\/media?parent=74556"}],"wp:term":[{"taxonomy":"category","embeddable":true,"href":"https:\/\/president-ksgov.net\/sr\/wp-json\/wp\/v2\/categories?post=74556"},{"taxonomy":"post_tag","embeddable":true,"href":"https:\/\/president-ksgov.net\/sr\/wp-json\/wp\/v2\/tags?post=74556"}],"curies":[{"name":"wp","href":"https:\/\/api.w.org\/{rel}","templated":true}]}}