{"id":74549,"date":"2022-02-17T08:06:10","date_gmt":"2022-02-17T08:06:10","guid":{"rendered":"https:\/\/dev.president-ksgov.net\/predsednica-17-februara-2008-godine-jednom-zauvek-je-odreena-nasa-sudbina-kao-nezavisne-i-suverene-drave\/"},"modified":"2022-02-17T08:06:10","modified_gmt":"2022-02-17T08:06:10","slug":"predsednica-17-februara-2008-godine-jednom-zauvek-je-odreena-nasa-sudbina-kao-nezavisne-i-suverene-drave","status":"publish","type":"post","link":"https:\/\/president-ksgov.net\/sr\/predsednica-17-februara-2008-godine-jednom-zauvek-je-odreena-nasa-sudbina-kao-nezavisne-i-suverene-drave\/","title":{"rendered":"Predsednica: 17. februara 2008. godine jednom zauvek je odre&dstrok;ena na\u0161a sudbina kao nezavisne i suverene dr&#158;ave"},"content":{"rendered":"<p>Predsednica Republike Kosovo Vjosa Osmani -Sadriu je zajedno sa predsednikom Skup\u0161tine Glaukom Konjufcom i premijerom Albinom Kurtijem zapo&ccaron;ela aktivnosti povodom 14. godi\u0161njice nezavisnosti Kosova, sve&ccaron;anim podizanjem zastave Republike Kosovo.<\/p>\n<p>Predsednica Osmani je &ccaron;estitala svim gra&dstrok;anima 14. godi\u0161njicu na\u0161e dr&#382;ave, 14. godi\u0161njicu najkulminantnijeg dostignu&cacute;a koje je kosovski narod imao u svojoj istoriji, dakle nezavisnu, suverenu i demokratsku d&#382;avu Kosovo.<\/p>\n<p>\u201cNaravno da i ovog dana, kao i svakog dana na\u0161eg rada i napora, &#382;elim da iskoristim priliku da zahvalim i da odam po&ccaron;asti svima onima koji su dali sve kako bismo mi danas u&#382;ivali u dr&#382;avi koju imamo, po&ccaron;ev od vizionara i arhitekte nezavisnosti Republike Kosovo, predsednika Rugove, koji je znao da pojasni volju naroda Kosova pred svetom i stvorio je prijateljstva koja i dan danas u&#382;ivamo, i dalje nastavljaju&cacute;i sa preko 3 hiljade palih boraca koji su &#382;rvovali svoje &#382;ivote kako bismo danas &#382;iveli slobodni, na &ccaron;elu sa legendarnim komandantom Ademom Jasharijem i porodicom Jashari&#8220;, rekla je predsednica Osmani.\u00a0<\/p>\n<p>Predsednica Osmani ke dalje istakla da je &#382;rtva za na\u0161u dr&#382;avu bila izuzetno velika.<\/p>\n<p>&#8222;Naravno da je &#382;rtva za na\u0161u dr&#382;avu bila izuzetno velika, preko 13 hiljafa civila, od kojih 1133 i vi\u0161e dece, oko 20 hiljada pre&#382;ivelih seksualnog nasilja tokom rata, preko 130 hilajda razorenih ku&cacute;a, mnogo kulturnih spomenika i preko 1600 nestalih su jo\u0161 uvek otvorena rana na\u0161e Republike i na\u0161a sloboda &cacute;e biti potpuna onoga dana kada bude bilo pravde za sve &#382;rtve i onoga dana kada se i poslednji gra&dstrok;anin vrati u na\u0161u Republiku, u svoju dr&#382;avu, svojoj porodici&#8220;, potvrdila je oredseenica.<\/p>\n<p>Prva &#382;ena dr&#382;ave je rekla da je na\u0161a dr&#382;ava posao koji je zavr\u0161en 17. februara 2008. godine i to je zauvek odlu&ccaron;ena stvar. &#8222;Na ovaj dan, naravno da slavimo i dostignu&cacute;a Republike Kosovo, jer je na\u0161a dr&#382;ava posao koji je zavr\u0161en 17. februara 2008. godine i jednom zauvek je odre&dstrok;ena na\u0161a sudbina kao nezavisne i suverene dr&#382;ave, iako izazova jo\u0161 uvek ima.<\/p>\n<p>U ovim izazovima treba da budemo ujedinjeni, jer je na\u0161a istorija dokaz da uvek i samo onda kada smo bili ujedinjeni oko cilja da Kosovo u&ccaron;inimo uspe\u0161nom dr&#382;avom, dr&#382;avom koja brani svoje gra&dstrok;ane, dr&#382;avom na koju su ponosni svi mladi i stari, &#382;ene i mu\u0161karci, onda zaista mo&#382;emo imati uspeha. Ube&dstrok;ena sam da smo do sada u&ccaron;inili ponosnim na\u0161e prijatelje\u00a0 koji su nam pomogli tokom perioda slobode, perioda nezavisnosti, ali i u procesu izgradnje dr&#382;ave, a koji su uz nas i danas, zato &#382;elim da iskoristim ovu priliku da im zahvalim \u0161to nas nikada nisu ostavili same, jer kao \u0161to je rekao na\u0161 istorijski predsednik ku&cacute;a ne mo&#382;e biti bez prijatelja, a Republika Kodovo je veliki dokaz tih re&ccaron;i&#8220;, rekla je predsednica Osmani.<\/p>\n<p>Predsednik Skup\u0161tine Glauk Konjufca je rekao da je danas bez sumnje najbitniji dan za na\u0161u Republiku, jer je Dan nezavisnosti.<\/p>\n<p>&#8222;Ovaj dan otelovljava i uzvi\u0161ava sve napore i svu &#382;rtvu generacija za na\u0161u politi&ccaron;ku slobodu, s toga i sama &ccaron;injenica \u0161to ovaj dan zapo&ccaron;injemo podizanjem zastave na\u0161e dr&#382;ave, je simbolika koja pokazuje da &cacute;e na\u0161a dr&#382;ava uvek stajati visoko i &ccaron;vrsto, tokom dana obele&#382;i&cacute;emo ovaj bitan dan na\u0161e dr&#382;ave mnogobrojnim aktivnostima kako to ovaj bitan dan zaslu&#382;uje, zato koristim priliku da svim gra&dstrok;anima Republike osovo &ccaron;estitam Dan nezavisnosti&#8220;, rekao je Konjufca.<\/p>\n<p>A premijer Kurti je rekao da dok slavimo, radujemo se i &ccaron;estitamo jedni drugima, ne mo&#382;emo a da se ne setimo onih koji su radili i koji su se borili za slobodu naroda i nezavisnost zemlje.<\/p>\n<p>&#8222;Zato iz glavnog grada na\u0161e Republike, ovde u zajedni&ccaron;kom dvori\u0161tu Predsedni\u0161tva, Skup\u0161tine i Vlade, gde smo odali po&ccaron;asti i podigli dr&#382;avnu zastavu, odlazimo u glavni centar ustanka na\u0161eg naroda, u Prekaz, dakle u Kompleks &#8222;Adem Jashari&#8220;, a zatim na grob predsednika Ibrahima Rugove i aktiviste Adema Dema\u00e7ija. Svi oni koji su radili i koji su se borili, ostavili su neizbrisiv trag za na\u0161u dana\u0161njicu i budu&cacute;nost, zato smo do&#382;ivotno zahvalni svima&#8220;, rekao je Kurti.\u00a0<\/p>\n","protected":false},"excerpt":{"rendered":"<p>Predsednica Republike Kosovo Vjosa Osmani -Sadriu je zajedno sa predsednikom Skup\u0161tine Glaukom Konjufcom i premijerom Albinom Kurtijem zapo&ccaron;ela aktivnosti povodom 14. godi\u0161njice nezavisnosti Kosova, sve&ccaron;anim podizanjem zastave Republike Kosovo.<\/p>\n","protected":false},"author":1,"featured_media":16213,"comment_status":"open","ping_status":"closed","sticky":false,"template":"","format":"standard","meta":{"_eb_attr":"","footnotes":""},"categories":[101],"tags":[],"class_list":["post-74549","post","type-post","status-publish","format-standard","has-post-thumbnail","hentry","category-vesti"],"yoast_head":"<!-- This site is optimized with the Yoast SEO plugin v23.5 - https:\/\/yoast.com\/wordpress\/plugins\/seo\/ -->\n<title>Predsednica: 17. februara 2008. godine jednom zauvek je odre&amp;dstrok;ena na\u0161a sudbina kao nezavisne i suverene dr&#158;ave - Predsednik Republike Kosovo - DR. VJOSA OSMANI - SADRIU<\/title>\n<meta name=\"description\" content=\"Predsednica: 17. februara 2008. godine jednom zauvek je odre&amp;dstrok;ena na\u0161a sudbina kao nezavisne i suverene dr&#158;ave - Predsednik Republike Kosovo - DR. VJOSA OSMANI - SADRIU -\" \/>\n<meta name=\"robots\" content=\"index, follow, max-snippet:-1, max-image-preview:large, max-video-preview:-1\" \/>\n<link rel=\"canonical\" href=\"https:\/\/president-ksgov.net\/sr\/predsednica-17-februara-2008-godine-jednom-zauvek-je-odreena-nasa-sudbina-kao-nezavisne-i-suverene-drave\/\" \/>\n<meta property=\"og:locale\" content=\"sr_RS\" \/>\n<meta property=\"og:type\" content=\"article\" \/>\n<meta property=\"og:title\" content=\"Predsednica: 17. februara 2008. godine jednom zauvek je odre&amp;dstrok;ena na\u0161a sudbina kao nezavisne i suverene dr&#158;ave - Predsednik Republike Kosovo - DR. VJOSA OSMANI - SADRIU\" \/>\n<meta property=\"og:description\" content=\"Predsednica: 17. februara 2008. godine jednom zauvek je odre&amp;dstrok;ena na\u0161a sudbina kao nezavisne i suverene dr&#158;ave - Predsednik Republike Kosovo - DR. VJOSA OSMANI - SADRIU -\" \/>\n<meta property=\"og:url\" content=\"https:\/\/president-ksgov.net\/sr\/predsednica-17-februara-2008-godine-jednom-zauvek-je-odreena-nasa-sudbina-kao-nezavisne-i-suverene-drave\/\" \/>\n<meta property=\"og:site_name\" content=\"Predsednik Republike Kosovo - DR. VJOSA OSMANI - SADRIU\" \/>\n<meta property=\"article:published_time\" content=\"2022-02-17T08:06:10+00:00\" \/>\n<meta property=\"og:image\" content=\"https:\/\/president-ksgov.net\/wp-content\/uploads\/17_02_2022_3175503_DSC_4491-scaled.jpg\" \/>\n\t<meta property=\"og:image:width\" content=\"2560\" \/>\n\t<meta property=\"og:image:height\" content=\"1703\" \/>\n\t<meta property=\"og:image:type\" content=\"image\/jpeg\" \/>\n<meta name=\"author\" content=\"admin\" \/>\n<meta name=\"twitter:card\" content=\"summary_large_image\" \/>\n<meta name=\"twitter:label1\" content=\"\u041d\u0430\u043f\u0438\u0441\u0430\u043d\u043e \u043e\u0434\" \/>\n\t<meta name=\"twitter:data1\" content=\"admin\" \/>\n\t<meta name=\"twitter:label2\" content=\"\u041f\u0440\u043e\u0446\u0435\u045a\u0435\u043d\u043e \u0432\u0440\u0435\u043c\u0435 \u0447\u0438\u0442\u0430\u045a\u0430\" \/>\n\t<meta name=\"twitter:data2\" content=\"4 \u043c\u0438\u043d\u0443\u0442\u0430\" \/>\n<script type=\"application\/ld+json\" class=\"yoast-schema-graph\">{\"@context\":\"https:\/\/schema.org\",\"@graph\":[{\"@type\":\"WebPage\",\"@id\":\"https:\/\/president-ksgov.net\/sr\/predsednica-17-februara-2008-godine-jednom-zauvek-je-odreena-nasa-sudbina-kao-nezavisne-i-suverene-drave\/\",\"url\":\"https:\/\/president-ksgov.net\/sr\/predsednica-17-februara-2008-godine-jednom-zauvek-je-odreena-nasa-sudbina-kao-nezavisne-i-suverene-drave\/\",\"name\":\"Predsednica: 17. februara 2008. godine jednom zauvek je odre&dstrok;ena na\u0161a sudbina kao nezavisne i suverene dr&#158;ave - Predsednik Republike Kosovo - DR. VJOSA OSMANI - SADRIU\",\"isPartOf\":{\"@id\":\"https:\/\/president-ksgov.net\/#website\"},\"primaryImageOfPage\":{\"@id\":\"https:\/\/president-ksgov.net\/sr\/predsednica-17-februara-2008-godine-jednom-zauvek-je-odreena-nasa-sudbina-kao-nezavisne-i-suverene-drave\/#primaryimage\"},\"image\":{\"@id\":\"https:\/\/president-ksgov.net\/sr\/predsednica-17-februara-2008-godine-jednom-zauvek-je-odreena-nasa-sudbina-kao-nezavisne-i-suverene-drave\/#primaryimage\"},\"thumbnailUrl\":\"https:\/\/president-ksgov.net\/wp-content\/uploads\/17_02_2022_3175503_DSC_4491-scaled.jpg\",\"datePublished\":\"2022-02-17T08:06:10+00:00\",\"dateModified\":\"2022-02-17T08:06:10+00:00\",\"author\":{\"@id\":\"https:\/\/president-ksgov.net\/#\/schema\/person\/bb4337a5fb147cb2046d80548172cbee\"},\"description\":\"Predsednica: 17. februara 2008. godine jednom zauvek je odre&dstrok;ena na\u0161a sudbina kao nezavisne i suverene dr&#158;ave - Predsednik Republike Kosovo - DR. VJOSA OSMANI - SADRIU -\",\"breadcrumb\":{\"@id\":\"https:\/\/president-ksgov.net\/sr\/predsednica-17-februara-2008-godine-jednom-zauvek-je-odreena-nasa-sudbina-kao-nezavisne-i-suverene-drave\/#breadcrumb\"},\"inLanguage\":\"sr-RS\",\"potentialAction\":[{\"@type\":\"ReadAction\",\"target\":[\"https:\/\/president-ksgov.net\/sr\/predsednica-17-februara-2008-godine-jednom-zauvek-je-odreena-nasa-sudbina-kao-nezavisne-i-suverene-drave\/\"]}]},{\"@type\":\"ImageObject\",\"inLanguage\":\"sr-RS\",\"@id\":\"https:\/\/president-ksgov.net\/sr\/predsednica-17-februara-2008-godine-jednom-zauvek-je-odreena-nasa-sudbina-kao-nezavisne-i-suverene-drave\/#primaryimage\",\"url\":\"https:\/\/president-ksgov.net\/wp-content\/uploads\/17_02_2022_3175503_DSC_4491-scaled.jpg\",\"contentUrl\":\"https:\/\/president-ksgov.net\/wp-content\/uploads\/17_02_2022_3175503_DSC_4491-scaled.jpg\",\"width\":2560,\"height\":1703},{\"@type\":\"BreadcrumbList\",\"@id\":\"https:\/\/president-ksgov.net\/sr\/predsednica-17-februara-2008-godine-jednom-zauvek-je-odreena-nasa-sudbina-kao-nezavisne-i-suverene-drave\/#breadcrumb\",\"itemListElement\":[{\"@type\":\"ListItem\",\"position\":1,\"name\":\"Home\",\"item\":\"https:\/\/president-ksgov.net\/sr\/\"},{\"@type\":\"ListItem\",\"position\":2,\"name\":\"Predsednica: 17. februara 2008. godine jednom zauvek je odre&dstrok;ena na\u0161a sudbina kao nezavisne i suverene dr&#158;ave\"}]},{\"@type\":\"WebSite\",\"@id\":\"https:\/\/president-ksgov.net\/#website\",\"url\":\"https:\/\/president-ksgov.net\/\",\"name\":\"Presidente e Republik\u00ebs s\u00eb Kosov\u00ebs\",\"description\":\"Presidente e Republik\u00ebs s\u00eb Kosov\u00ebs\",\"alternateName\":\"DR. VJOSA OSMANI - SADRIU\",\"potentialAction\":[{\"@type\":\"SearchAction\",\"target\":{\"@type\":\"EntryPoint\",\"urlTemplate\":\"https:\/\/president-ksgov.net\/?s={search_term_string}\"},\"query-input\":{\"@type\":\"PropertyValueSpecification\",\"valueRequired\":true,\"valueName\":\"search_term_string\"}}],\"inLanguage\":\"sr-RS\"},{\"@type\":\"Person\",\"@id\":\"https:\/\/president-ksgov.net\/#\/schema\/person\/bb4337a5fb147cb2046d80548172cbee\",\"name\":\"admin\",\"image\":{\"@type\":\"ImageObject\",\"inLanguage\":\"sr-RS\",\"@id\":\"https:\/\/president-ksgov.net\/#\/schema\/person\/image\/\",\"url\":\"https:\/\/secure.gravatar.com\/avatar\/36156ca0fa3b8d9d25174f146e16beea0cf28f37adf1b9e19b6c9c279a7c9dd3?s=96&d=mm&r=g\",\"contentUrl\":\"https:\/\/secure.gravatar.com\/avatar\/36156ca0fa3b8d9d25174f146e16beea0cf28f37adf1b9e19b6c9c279a7c9dd3?s=96&d=mm&r=g\",\"caption\":\"admin\"},\"sameAs\":[\"https:\/\/president-ksgov.net\"]}]}<\/script>\n<!-- \/ Yoast SEO plugin. -->","yoast_head_json":{"title":"Predsednica: 17. februara 2008. godine jednom zauvek je odre&dstrok;ena na\u0161a sudbina kao nezavisne i suverene dr&#158;ave - Predsednik Republike Kosovo - DR. VJOSA OSMANI - SADRIU","description":"Predsednica: 17. februara 2008. godine jednom zauvek je odre&dstrok;ena na\u0161a sudbina kao nezavisne i suverene dr&#158;ave - Predsednik Republike Kosovo - DR. VJOSA OSMANI - SADRIU -","robots":{"index":"index","follow":"follow","max-snippet":"max-snippet:-1","max-image-preview":"max-image-preview:large","max-video-preview":"max-video-preview:-1"},"canonical":"https:\/\/president-ksgov.net\/sr\/predsednica-17-februara-2008-godine-jednom-zauvek-je-odreena-nasa-sudbina-kao-nezavisne-i-suverene-drave\/","og_locale":"sr_RS","og_type":"article","og_title":"Predsednica: 17. februara 2008. godine jednom zauvek je odre&dstrok;ena na\u0161a sudbina kao nezavisne i suverene dr&#158;ave - Predsednik Republike Kosovo - DR. VJOSA OSMANI - SADRIU","og_description":"Predsednica: 17. februara 2008. godine jednom zauvek je odre&dstrok;ena na\u0161a sudbina kao nezavisne i suverene dr&#158;ave - Predsednik Republike Kosovo - DR. VJOSA OSMANI - SADRIU -","og_url":"https:\/\/president-ksgov.net\/sr\/predsednica-17-februara-2008-godine-jednom-zauvek-je-odreena-nasa-sudbina-kao-nezavisne-i-suverene-drave\/","og_site_name":"Predsednik Republike Kosovo - DR. VJOSA OSMANI - SADRIU","article_published_time":"2022-02-17T08:06:10+00:00","og_image":[{"width":2560,"height":1703,"url":"https:\/\/president-ksgov.net\/wp-content\/uploads\/17_02_2022_3175503_DSC_4491-scaled.jpg","type":"image\/jpeg"}],"author":"admin","twitter_card":"summary_large_image","twitter_misc":{"\u041d\u0430\u043f\u0438\u0441\u0430\u043d\u043e \u043e\u0434":"admin","\u041f\u0440\u043e\u0446\u0435\u045a\u0435\u043d\u043e \u0432\u0440\u0435\u043c\u0435 \u0447\u0438\u0442\u0430\u045a\u0430":"4 \u043c\u0438\u043d\u0443\u0442\u0430"},"schema":{"@context":"https:\/\/schema.org","@graph":[{"@type":"WebPage","@id":"https:\/\/president-ksgov.net\/sr\/predsednica-17-februara-2008-godine-jednom-zauvek-je-odreena-nasa-sudbina-kao-nezavisne-i-suverene-drave\/","url":"https:\/\/president-ksgov.net\/sr\/predsednica-17-februara-2008-godine-jednom-zauvek-je-odreena-nasa-sudbina-kao-nezavisne-i-suverene-drave\/","name":"Predsednica: 17. februara 2008. godine jednom zauvek je odre&dstrok;ena na\u0161a sudbina kao nezavisne i suverene dr&#158;ave - Predsednik Republike Kosovo - DR. VJOSA OSMANI - SADRIU","isPartOf":{"@id":"https:\/\/president-ksgov.net\/#website"},"primaryImageOfPage":{"@id":"https:\/\/president-ksgov.net\/sr\/predsednica-17-februara-2008-godine-jednom-zauvek-je-odreena-nasa-sudbina-kao-nezavisne-i-suverene-drave\/#primaryimage"},"image":{"@id":"https:\/\/president-ksgov.net\/sr\/predsednica-17-februara-2008-godine-jednom-zauvek-je-odreena-nasa-sudbina-kao-nezavisne-i-suverene-drave\/#primaryimage"},"thumbnailUrl":"https:\/\/president-ksgov.net\/wp-content\/uploads\/17_02_2022_3175503_DSC_4491-scaled.jpg","datePublished":"2022-02-17T08:06:10+00:00","dateModified":"2022-02-17T08:06:10+00:00","author":{"@id":"https:\/\/president-ksgov.net\/#\/schema\/person\/bb4337a5fb147cb2046d80548172cbee"},"description":"Predsednica: 17. februara 2008. godine jednom zauvek je odre&dstrok;ena na\u0161a sudbina kao nezavisne i suverene dr&#158;ave - Predsednik Republike Kosovo - DR. VJOSA OSMANI - SADRIU -","breadcrumb":{"@id":"https:\/\/president-ksgov.net\/sr\/predsednica-17-februara-2008-godine-jednom-zauvek-je-odreena-nasa-sudbina-kao-nezavisne-i-suverene-drave\/#breadcrumb"},"inLanguage":"sr-RS","potentialAction":[{"@type":"ReadAction","target":["https:\/\/president-ksgov.net\/sr\/predsednica-17-februara-2008-godine-jednom-zauvek-je-odreena-nasa-sudbina-kao-nezavisne-i-suverene-drave\/"]}]},{"@type":"ImageObject","inLanguage":"sr-RS","@id":"https:\/\/president-ksgov.net\/sr\/predsednica-17-februara-2008-godine-jednom-zauvek-je-odreena-nasa-sudbina-kao-nezavisne-i-suverene-drave\/#primaryimage","url":"https:\/\/president-ksgov.net\/wp-content\/uploads\/17_02_2022_3175503_DSC_4491-scaled.jpg","contentUrl":"https:\/\/president-ksgov.net\/wp-content\/uploads\/17_02_2022_3175503_DSC_4491-scaled.jpg","width":2560,"height":1703},{"@type":"BreadcrumbList","@id":"https:\/\/president-ksgov.net\/sr\/predsednica-17-februara-2008-godine-jednom-zauvek-je-odreena-nasa-sudbina-kao-nezavisne-i-suverene-drave\/#breadcrumb","itemListElement":[{"@type":"ListItem","position":1,"name":"Home","item":"https:\/\/president-ksgov.net\/sr\/"},{"@type":"ListItem","position":2,"name":"Predsednica: 17. februara 2008. godine jednom zauvek je odre&dstrok;ena na\u0161a sudbina kao nezavisne i suverene dr&#158;ave"}]},{"@type":"WebSite","@id":"https:\/\/president-ksgov.net\/#website","url":"https:\/\/president-ksgov.net\/","name":"Presidente e Republik\u00ebs s\u00eb Kosov\u00ebs","description":"Presidente e Republik\u00ebs s\u00eb Kosov\u00ebs","alternateName":"DR. VJOSA OSMANI - SADRIU","potentialAction":[{"@type":"SearchAction","target":{"@type":"EntryPoint","urlTemplate":"https:\/\/president-ksgov.net\/?s={search_term_string}"},"query-input":{"@type":"PropertyValueSpecification","valueRequired":true,"valueName":"search_term_string"}}],"inLanguage":"sr-RS"},{"@type":"Person","@id":"https:\/\/president-ksgov.net\/#\/schema\/person\/bb4337a5fb147cb2046d80548172cbee","name":"admin","image":{"@type":"ImageObject","inLanguage":"sr-RS","@id":"https:\/\/president-ksgov.net\/#\/schema\/person\/image\/","url":"https:\/\/secure.gravatar.com\/avatar\/36156ca0fa3b8d9d25174f146e16beea0cf28f37adf1b9e19b6c9c279a7c9dd3?s=96&d=mm&r=g","contentUrl":"https:\/\/secure.gravatar.com\/avatar\/36156ca0fa3b8d9d25174f146e16beea0cf28f37adf1b9e19b6c9c279a7c9dd3?s=96&d=mm&r=g","caption":"admin"},"sameAs":["https:\/\/president-ksgov.net"]}]}},"_links":{"self":[{"href":"https:\/\/president-ksgov.net\/sr\/wp-json\/wp\/v2\/posts\/74549","targetHints":{"allow":["GET"]}}],"collection":[{"href":"https:\/\/president-ksgov.net\/sr\/wp-json\/wp\/v2\/posts"}],"about":[{"href":"https:\/\/president-ksgov.net\/sr\/wp-json\/wp\/v2\/types\/post"}],"author":[{"embeddable":true,"href":"https:\/\/president-ksgov.net\/sr\/wp-json\/wp\/v2\/users\/1"}],"replies":[{"embeddable":true,"href":"https:\/\/president-ksgov.net\/sr\/wp-json\/wp\/v2\/comments?post=74549"}],"version-history":[{"count":0,"href":"https:\/\/president-ksgov.net\/sr\/wp-json\/wp\/v2\/posts\/74549\/revisions"}],"wp:featuredmedia":[{"embeddable":true,"href":"https:\/\/president-ksgov.net\/sr\/wp-json\/wp\/v2\/media\/16213"}],"wp:attachment":[{"href":"https:\/\/president-ksgov.net\/sr\/wp-json\/wp\/v2\/media?parent=74549"}],"wp:term":[{"taxonomy":"category","embeddable":true,"href":"https:\/\/president-ksgov.net\/sr\/wp-json\/wp\/v2\/categories?post=74549"},{"taxonomy":"post_tag","embeddable":true,"href":"https:\/\/president-ksgov.net\/sr\/wp-json\/wp\/v2\/tags?post=74549"}],"curies":[{"name":"wp","href":"https:\/\/api.w.org\/{rel}","templated":true}]}}