{"id":74491,"date":"2022-03-05T13:08:16","date_gmt":"2022-03-05T13:08:16","guid":{"rendered":"https:\/\/dev.president-ksgov.net\/govor-predsednice-osmani-na-sveanoj-sednici-skupstine-kosova-povodom-24-godisnjice-epopeje-ovk-a\/"},"modified":"2023-03-08T09:00:34","modified_gmt":"2023-03-08T09:00:34","slug":"govor-predsednice-osmani-na-sveanoj-sednici-skupstine-kosova-povodom-24-godisnjice-epopeje-ovk-a","status":"publish","type":"post","link":"https:\/\/president-ksgov.net\/sr\/govor-predsednice-osmani-na-sveanoj-sednici-skupstine-kosova-povodom-24-godisnjice-epopeje-ovk-a\/","title":{"rendered":"Govor predsednice Osmani na sve&ccaron;anoj sednici Skup\u0161tine Kosova povodom 24. godi\u0161njice Epopeje OVK-a"},"content":{"rendered":"<p>Veoma po\u0161tovani &ccaron;ika Rifate,<br \/>\nPo\u0161tovana porodico Jashari,<br \/>\nPo\u0161tovani predsedni&ccaron;e Skup\u0161tine g. Konjufca,<br \/>\nPo\u0161tovani premijeru Republike, g. Kurti,<br \/>\n&Ccaron;lanovi vladinog kabineta,<br \/>\nPo\u0161tovani predstavnici centralnih i lokalnih institucija Republike Kosovo,<br \/>\nVeoma dragi poslanici,<br \/>\nPo\u0161tovani predsedni&ccaron;e Skup\u0161tine Severne Makedonije, predsedni&ccaron;e Xhaferi,<br \/>\nAmbasadori i predstavnici diplomatskih misija u na\u0161oj zemlji,<br \/>\nPo\u0161tovani predstavnici BSK-a,<br \/>\nKomandante BSK-a, general-poru&ccaron;ni&ccaron;e, Bashkimw Jashari,<br \/>\nPo\u0161tovane porodice palih boraca!<br \/>\nRatni veterani i invalidi OVK-a,<br \/>\nPo\u0161tovani u&ccaron;esnici!<\/p>\n<p>Danas smo okupljeni na ovoj posebnoj sednici da se prisetimo &#382;rtve porodice Jashari, istorijske te&#382;ine doga&dstrok;aja od 5, 6. i 7. marta 1998. godine, kao i uticaja koji je &#382;rtva ove porodice, ali i svih mu\u0161karaca i &#382;ena, devojaka i mladi&cacute;a, koji su &#382;rtvovani na oltaru slobode, imao u na\u0161oj novijoj istoriji.<\/p>\n<p>Na&#382;alost, danas, kada se prise&cacute;amo ove pri&ccaron;e, &ccaron;ini se da se ponavlja, samo drugom narodu. Sli&ccaron;ni ciljevi, sli&ccaron;ne metode, ista ideologija. I, iste, nevine &#382;rtve, &#382;ene, deca i starci, koji su \u201ekrivi\u201c samo onoliko koliko ih hegemonije nazivaju takvima.<br \/>\nPorodica Jashari na\u0161la se u ovoj situaciji pre 24 godine. Pred stra\u0161nom hegemonijom ubila&ccaron;kog re&#382;ima, koji nije ostavio neiskori\u0161&cacute;eno sredstvo nasilja u cilju istrebljenja Albanaca. Ali, kao \u0161to je poznato, ne postoji sredstvo nasilja koje pobe&dstrok;uje uverenje naroda da &#382;ivi slobodan.<\/p>\n<p>Adem Jashari i porodica Jashari su bili svesni ovoga. Narod Kosova je to znao. Stoga je sna&#382;no istrajao i iza\u0161ao kao pobednik protiv ideologije genocidnog re&#382;ima.<\/p>\n<p>To je poruka koju mi, predstavnici slobodne Republike, koji smo do&#382;iveli hegemonisti&ccaron;ko nasilje, moramo danas, u ovim mra&ccaron;nim danima moderne evropske istorije, poslati svim ljudima i slobodoljubivim narodima.<\/p>\n<p>Nas je danas ovde na ovoj sednici okupio upravo ponos, ponos na na\u0161eg legendarnog heroja, ponos na porodicu Jashari, na na\u0161e heroje, na otpor na\u0161eg naroda.\u00a0<br \/>\nA uz to nas neizbe&#382;no dr&#382;i zajedno bol uzvi\u0161ene &#382;rtve cele porodice i &ccaron;itavog naroda.<\/p>\n<p>Po\u0161tovani poslanici!\t<\/p>\n<p>Danas, 24 godine nakon napada na porodicu Jashari i njenog herojskog pada, okupili smo se da evociramo uspomene, da obnovimo se&cacute;anje na na\u0161e heroje. Na na\u0161u bolnu istoriju, ali i na ponos kojim smo obu&ccaron;eni. Jer, odupreli smo se. Ostali smo, do kona&ccaron;ne pobede. I pored toga \u0161to smo se suo&ccaron;ili sa velikim nepravdama, od kojih smo jednu, onu istorijsku, pretrpeli na prelazu iz 20. u 20. vek. &Ccaron;itave generacije su podnosile ovaj bol. Stoga je ostvarenje nezavisne dr&#382;ave, bilo da se pominje u porodi&ccaron;nom okru&#382;enju ili kada je postala elitna maksima, bio trajni cilj.<\/p>\n<p>To je postalo imperativ, krajem osamdesetih i po&ccaron;etkom devedesetih kada se Jugoslavija raspadala, zajedno sa komunisti&ccaron;kom ideologijom na kojoj je bila formirana i kojom jo\u0161 odi\u0161e. U to vreme Kosovo se suo&ccaron;ilo sa divljim re&#382;imom, koji je imao za cilj da istrebi albanski narod na Kosovu, pa je po&ccaron;elo da pru&#382;a otpor re&#382;imu i da artikuli\u0161e zahteve za slobodom i nezavisno\u0161&cacute;u.<\/p>\n<p>Pored politi&ccaron;ke artikulacije legitimnih zahteva, ve&cacute; 1991. godine po&ccaron;ela je da organizuje odbranu i Adem Jashari je me&dstrok;u prvima oti\u0161ao u Albaniju na obuku sa prvim dobrovoljcima Oslobodila&ccaron;ke vojske Kosova. Stalna pretnja postala je svakodnevna pojava za njega i za Kosovo. Sistematsko nasilje je samo oja&ccaron;alo ose&cacute;aj odba&ccaron;enosti i otpora, po\u0161to su tirani kroz istoriju prekrajali sopstvenu sudbinu ote&#382;avaju&cacute;i teret nasilja. Za porodicu Jashari, kao i za celo Kosovo, opsedanja, mu&ccaron;enja, ubijanja i zatvaranja postali su svakodnevnica. Porodica Jashari je bila opkoljena 30. decembra 1991. i 22. januara 1998. godine, ali se nikada nije predala. &Ccaron;ak ni u odlu&ccaron;uju&cacute;oj bici od 5, 6. i 7. marta, kada su brojne paravojne i vojne snage opkolile naselje Jasharijevih u Prekazu. Porodica sa me\u0161tanima i saborcima pru&#382;ala je vi\u0161esatni otpor, iako su mnogi njeni &ccaron;lanovi pali od granata koje su sru\u0161ile krov ku&cacute;e i zidove kule.\u00a0<br \/>\nMe&dstrok;u njima je mnogo dece do 16 godina, ali i sam Adem Jashari, koji je postao simbol ljudske &#382;rtve i simbol otpora, postavljaju&cacute;i tako na\u0161e &ccaron;vrste temelje za slobodu.<\/p>\n<p>Po\u0161tovani gra&dstrok;ani!<\/p>\n<p>U se&cacute;anju naroda postoje doga&dstrok;aji za koje se procenjuje da su doneli veliku prekretnicu u njihovoj borbi za slobodu. Oni su urezani u njihov zajedni&ccaron;ki kalendar i &ccaron;uvaju se kao drago kamenje u se&cacute;anju svakog &ccaron;lana nacije.<\/p>\n<p>Herojski akt komandanta OVK-a Adema Jasharija i uzvi\u0161ena &#382;rtva cele porodice Jashari za slobodu je najva&#382;niji doga&dstrok;aj koji je postavio temelje dr&#382;ave i koji &cacute;e zauvek ostati u se&cacute;anju albanskog naroda i tamo se zauvek mora &ccaron;uvati.<\/p>\n<p>Herojstvo i po&#382;rtvovanost porodice Jashari ozna&ccaron;ili su ovu va&#382;nu prekretnicu u novoj istoriji Kosova, ali su i uticali na priznavanje tu&#382;ne realnosti na Kosovu, a samim tim i na mobilizaciju me&dstrok;unarodne zajednice za kosovsko pitanje. Slike dece, &#382;ena i staraca palih na pragu svojih domova, brane&cacute;i prag celog Kosova, brzo su se pretvorile u pozive na za\u0161titu ljudskih vrednosti svuda u svetu. Ali, vi\u0161e od toga, doti&ccaron;u svest civilizovanog sveta, koji je trebalo da za\u0161titi potla&ccaron;eni narod, a \u0161tite&cacute;i njega da brani vrednosti sopstvene civilizacije.<\/p>\n<p>U Evropi kasnog dvadesetog veka odvijao se naj&#382;e\u0161&cacute;i napad totalitarnog i genocidnog re&#382;ima na porodicu i narod, koji je sve \u0161to je tra&#382;io i &#382;eleo bila sloboda sopstvene nacije, slobodan &#382;ivot, bez ugnjetavanja i li\u0161avanja slobode. Ali ova porodica, porodica Jashari bila je celo Kosovo. Postala je &#382;rtva svojih napora za slobodu. Stoga su njen otpor, njena uzvi\u0161ena &#382;rtva, stvorili izuzetnu solidarnost me&dstrok;u Albancima.<\/p>\n<p>Bitka Jasharijevih bila je prekretnica u na\u0161im naporima za oru&#382;ani pokret. Ona je postala inspiracija hiljadama mladih ljudi da se pridru&#382;e OVK i &#382;rtvuju sve u sebi da ostvare na\u0161 san o slobodi. Odjek doga&dstrok;aja u Prekazu dirnuo je u srce svakog Albanca, pa su hrlili iz celog sveta da postanu nosioci ideala Adama i porodice Jashari. Oni su branili svoju zemlju, zemlju svojih predaka, i, odbraniv\u0161i je, odu&#382;ili su &#382;rtvu ove porodice, od &ccaron;ika Shabana do male Blerine, kao i svih generacija boraca, koji ni\u0161ta nisu \u0161tedeli za slobodu njihove zemlje.<\/p>\n<p>Danas komandant Adem Jashari mirno po&ccaron;iva na pa\u0161njaku groblja u Prekazu, jer njegova krv nije potekla uzaludno. Zato se klanjamo njegovom herojstvu i herojstvu cele porodice Jashari, na uzvi\u0161enoj &#382;rtvi koju su dali za slobodu svoje zemlje. Zahvaljujemo svakome ponaosob i svakom palom borcu koji je pao za na\u0161u slobodu. I, klanjaju&cacute;i im se, mobili\u0161emo se da unapredimo njihov amanet, obavezujemo se da &cacute;emo &ccaron;asno raditi da Kosovo, za koje su oni &#382;rtvovani, u&ccaron;inimo dostojanstvenim mestom za &#382;ivot; da se &#382;ivi ose&cacute;aju ponosnim na svoju zemlju i svaki dan sebi priznaju koliko je bitna sloboda i koliko je lepa domovina kada se volim svim srcem.<\/p>\n<p>Na\u0161a istorija uop\u0161te, ali i istorija porodice Jashari posebno, u&ccaron;i nas da, kako je rekao Ismail Qemali, sudbine malih naroda prolaze kroz vrata velikih tragedija. Svako od nas ima svoju pri&ccaron;u o ratu. Svako je zakora&ccaron;io kroz vrata tragedije koja je zahvatila na\u0161u zemlju i na\u0161 narod krajem pro\u0161log veka. Ali, svako odr&#382;ava &#382;ivom pri&ccaron;u o slobodi, se&cacute;anje na pakao kroz koji smo pro\u0161li, ali i na svetlost koja nas je tada prekrila, zbog na\u0161eg truda, na\u0161e &#382;rtve i zalaganja da je ostvarimo, a pre svega zbog juna\u0161tva porodice Jashari.<\/p>\n<p>Pri&ccaron;a svakog &ccaron;lana porodice Jashari je pri&ccaron;a o na\u0161oj Republici, deli&cacute; slike u bolnoj slici, ali i ponos na ra&dstrok;anje dr&#382;ave Kosovo. Zato moramo govoriti i svedo&ccaron;iti o njihovoj &#382;rtvi i &ccaron;itavog Kosova. Istorija se mora pisati i pamtiti, podse&cacute;ati svakoga dana, da nas surova sudbina ne gura ka njenom ponavljanju.<\/p>\n<p>Dragi gra&dstrok;ani!<\/p>\n<p>Adem Jashari i porodica Jashari napadnuti su u svojoj ku&cacute;i. Dakle, branili su je, kao \u0161to su branili celo Kosovo. Krov ove ku&cacute;e se sru\u0161io, ali pad krova nikada nije zna&ccaron;io pad. Naprotiv. Iz njenih ru\u0161evina je nastao ceo pokret, ustao je ceo narod, koji je obnovio na\u0161 zajedni&ccaron;ki dom, Kosovo.<\/p>\n<p>Dakle, njegov izbor dokazuje ono \u0161to je odavno poznato u na\u0161oj albanskoj kulturi i tradiciji: da je za\u0161tita zemlje, doma i dr&#382;ave, osim \u0161to je sveta du&#382;nost, i temelj na\u0161e tradicije. A deo ove tradicije je odupiranje zlu, odbacivanje zla po svaku cenu, borba protiv njega po svaku cenu. Otpor porodice Jashari rezultat je ove rane tradicije otpora, ali i svesti da je cena slobode najskuplja, ali i najdragocenija.<\/p>\n<p>Po\u0161tovani poslanici!<\/p>\n<p>Po\u0161tovani gra&dstrok;ani na\u0161e zemlje!<\/p>\n<p>Dozvolite mi, na kraju, da pozovem sve na\u0161e gra&dstrok;ane da , kao u godinama velikog otpora devedesetih, tako i u vreme velike solidarnosti sa &#382;rtvom porodice Jashari i svih onih koji su im uzeli pu\u0161ku u ruke i branili zemlju, se&cacute;anje na njih, pretvorimo u podsticaj za zajedni&ccaron;ko delovanje za dobro na\u0161e zemlje, Republike Kosovo. Suo&ccaron;imo se sa izazovima koji su u ovom trenutku brojni. Sigurnost je najve&cacute;i izazov. A ovi izazovi &ccaron;ine &ccaron;lanstvo Kosova u NATO i EU jo\u0161 imperativnijim. Da se \u00e2&#8364;&#8249;\u00e2&#8364;&#8249;ujedinimo uz na\u0161e saveznike i naporno radimo na tome da na\u0161a zemlja bude jo\u0161 sigurnija i prosperitetnija; da svet u&ccaron;inimo sigurnijim i boljim.<\/p>\n<p>Bog blagoslovio porodicu Jashari!<br \/>\nBog blagoslovio sve one koji su pali za slobodu!<br \/>\nNeka je ve&ccaron;no se&cacute;anje na njih!\u00a0<br \/>\nHvala vam!<\/p>\n","protected":false},"excerpt":{"rendered":"<p>Veoma po\u0161tovani &ccaron;ika Rifate, Po\u0161tovana porodico Jashari, Po\u0161tovani predsedni&ccaron;e Skup\u0161tine g. Konjufca, Po\u0161tovani premijeru Republike, g. Kurti, &Ccaron;lanovi vladinog kabineta, Po\u0161tovani predstavnici centralnih i lokalnih institucija Republike Kosovo, Veoma dragi poslanici, Po\u0161tovani predsedni&ccaron;e Skup\u0161tine Severne Makedonije, predsedni&ccaron;e Xhaferi, Ambasadori i predstavnici diplomatskih misija u na\u0161oj zemlji, Po\u0161tovani predstavnici BSK-a, Komandante BSK-a, general-poru&ccaron;ni&ccaron;e, Bashkimw Jashari, Po\u0161tovane porodice palih boraca! Ratni veterani i invalidi OVK-a, Po\u0161tovani u&ccaron;esnici! Danas smo okupljeni na ovoj posebnoj sednici da se prisetimo &#382;rtve porodice Jashari, istorijske te&#382;ine doga&dstrok;aja od 5, 6. i 7. marta 1998. godine, kao i uticaja koji je &#382;rtva ove porodice, ali i svih mu\u0161karaca i &#382;ena, devojaka i mladi&cacute;a, koji su &#382;rtvovani na oltaru slobode, imao u na\u0161oj novijoj istoriji. Na&#382;alost, danas, kada se prise&cacute;amo ove pri&ccaron;e, &ccaron;ini se da se ponavlja, samo drugom narodu. Sli&ccaron;ni ciljevi, sli&ccaron;ne metode, ista ideologija. I, iste, nevine &#382;rtve, &#382;ene, deca i starci, koji su \u201ekrivi\u201c samo onoliko koliko ih hegemonije nazivaju takvima. Porodica Jashari na\u0161la se u ovoj situaciji pre 24 godine. Pred stra\u0161nom hegemonijom ubila&ccaron;kog re&#382;ima, koji nije ostavio neiskori\u0161&cacute;eno sredstvo nasilja u cilju istrebljenja Albanaca. Ali, kao \u0161to je poznato, ne postoji sredstvo nasilja koje pobe&dstrok;uje uverenje naroda da &#382;ivi slobodan. Adem Jashari i porodica Jashari su bili svesni ovoga. Narod Kosova je to znao. Stoga je sna&#382;no istrajao i iza\u0161ao kao pobednik protiv ideologije genocidnog re&#382;ima. To je poruka koju mi, predstavnici slobodne Republike, koji smo do&#382;iveli hegemonisti&ccaron;ko nasilje, moramo danas, u ovim mra&ccaron;nim danima moderne evropske istorije, poslati svim ljudima i slobodoljubivim narodima. Nas je danas ovde na ovoj sednici okupio upravo ponos, ponos na na\u0161eg legendarnog heroja, ponos na porodicu Jashari, na na\u0161e heroje, na otpor na\u0161eg naroda.\u00a0 A uz to nas neizbe&#382;no dr&#382;i zajedno bol uzvi\u0161ene &#382;rtve cele porodice i &ccaron;itavog naroda. Po\u0161tovani poslanici! Danas, 24 godine nakon napada na porodicu Jashari i njenog herojskog pada, okupili smo se da evociramo uspomene, da obnovimo se&cacute;anje na na\u0161e heroje. Na na\u0161u bolnu istoriju, ali i na ponos kojim smo obu&ccaron;eni. Jer, odupreli smo se. Ostali smo, do kona&ccaron;ne pobede. I pored toga \u0161to smo se suo&ccaron;ili sa velikim nepravdama, od kojih smo jednu, onu istorijsku, pretrpeli na prelazu iz 20. u 20. vek. &Ccaron;itave generacije su podnosile ovaj bol. Stoga je ostvarenje nezavisne dr&#382;ave, bilo da se pominje u porodi&ccaron;nom okru&#382;enju ili kada je postala elitna maksima, bio trajni cilj. To je postalo imperativ, krajem osamdesetih i po&ccaron;etkom devedesetih kada se Jugoslavija raspadala, zajedno sa komunisti&ccaron;kom ideologijom na kojoj je bila formirana i kojom jo\u0161 odi\u0161e. U to vreme Kosovo se suo&ccaron;ilo sa divljim re&#382;imom, koji je imao za cilj da istrebi albanski narod na Kosovu, pa je po&ccaron;elo da pru&#382;a otpor re&#382;imu i da artikuli\u0161e zahteve za slobodom i nezavisno\u0161&cacute;u. Pored politi&ccaron;ke artikulacije legitimnih zahteva, ve&cacute; 1991. godine po&ccaron;ela je da organizuje odbranu i Adem Jashari je me&dstrok;u prvima oti\u0161ao u Albaniju na obuku sa prvim dobrovoljcima Oslobodila&ccaron;ke vojske Kosova. Stalna pretnja postala je svakodnevna pojava za njega i za Kosovo. Sistematsko nasilje je samo oja&ccaron;alo ose&cacute;aj odba&ccaron;enosti i otpora, po\u0161to su tirani kroz istoriju prekrajali sopstvenu sudbinu ote&#382;avaju&cacute;i teret nasilja. Za porodicu Jashari, kao i za celo Kosovo, opsedanja, mu&ccaron;enja, ubijanja i zatvaranja postali su svakodnevnica. Porodica Jashari je bila opkoljena 30. decembra 1991. i 22. januara 1998. godine, ali se nikada nije predala. &Ccaron;ak ni u odlu&ccaron;uju&cacute;oj bici od 5, 6. i 7. marta, kada su brojne paravojne i vojne snage opkolile naselje Jasharijevih u Prekazu. Porodica sa me\u0161tanima i saborcima pru&#382;ala je vi\u0161esatni otpor, iako su mnogi njeni &ccaron;lanovi pali od granata koje su sru\u0161ile krov ku&cacute;e i zidove kule.\u00a0 Me&dstrok;u njima je mnogo dece do 16 godina, ali i sam Adem Jashari, koji je postao simbol ljudske &#382;rtve i simbol otpora, postavljaju&cacute;i tako na\u0161e &ccaron;vrste temelje za slobodu. Po\u0161tovani gra&dstrok;ani! U se&cacute;anju naroda postoje doga&dstrok;aji za koje se procenjuje da su doneli veliku prekretnicu u njihovoj borbi za slobodu. Oni su urezani u njihov zajedni&ccaron;ki kalendar i &ccaron;uvaju se kao drago kamenje u se&cacute;anju svakog &ccaron;lana nacije. Herojski akt komandanta OVK-a Adema Jasharija i uzvi\u0161ena &#382;rtva cele porodice Jashari za slobodu je najva&#382;niji doga&dstrok;aj koji je postavio temelje dr&#382;ave i koji &cacute;e zauvek ostati u se&cacute;anju albanskog naroda i tamo se zauvek mora &ccaron;uvati. Herojstvo i po&#382;rtvovanost porodice Jashari ozna&ccaron;ili su ovu va&#382;nu prekretnicu u novoj istoriji Kosova, ali su i uticali na priznavanje tu&#382;ne realnosti na Kosovu, a samim tim i na mobilizaciju me&dstrok;unarodne zajednice za kosovsko pitanje. Slike dece, &#382;ena i staraca palih na pragu svojih domova, brane&cacute;i prag celog Kosova, brzo su se pretvorile u pozive na za\u0161titu ljudskih vrednosti svuda u svetu. Ali, vi\u0161e od toga, doti&ccaron;u svest civilizovanog sveta, koji je trebalo da za\u0161titi potla&ccaron;eni narod, a \u0161tite&cacute;i njega da brani vrednosti sopstvene civilizacije. U Evropi kasnog dvadesetog veka odvijao se naj&#382;e\u0161&cacute;i napad totalitarnog i genocidnog re&#382;ima na porodicu i narod, koji je sve \u0161to je tra&#382;io i &#382;eleo bila sloboda sopstvene nacije, slobodan &#382;ivot, bez ugnjetavanja i li\u0161avanja slobode. Ali ova porodica, porodica Jashari bila je celo Kosovo. Postala je &#382;rtva svojih napora za slobodu. Stoga su njen otpor, njena uzvi\u0161ena &#382;rtva, stvorili izuzetnu solidarnost me&dstrok;u Albancima. Bitka Jasharijevih bila je prekretnica u na\u0161im naporima za oru&#382;ani pokret. Ona je postala inspiracija hiljadama mladih ljudi da se pridru&#382;e OVK i &#382;rtvuju sve u sebi da ostvare na\u0161 san o slobodi. Odjek doga&dstrok;aja u Prekazu dirnuo je u srce svakog Albanca, pa su hrlili iz celog sveta da postanu nosioci ideala Adama i porodice Jashari. Oni su branili svoju zemlju, zemlju svojih predaka, i, odbraniv\u0161i je, odu&#382;ili su &#382;rtvu ove porodice, od &ccaron;ika Shabana do male Blerine, kao i svih generacija boraca, koji ni\u0161ta nisu \u0161tedeli za slobodu njihove zemlje. Danas komandant Adem Jashari mirno po&ccaron;iva na pa\u0161njaku groblja u Prekazu, jer njegova krv nije potekla uzaludno. Zato se klanjamo njegovom herojstvu i herojstvu cele porodice Jashari, na uzvi\u0161enoj &#382;rtvi koju su dali za slobodu svoje zemlje. Zahvaljujemo svakome ponaosob i svakom palom borcu koji je pao za na\u0161u slobodu. I, klanjaju&cacute;i im se, mobili\u0161emo se da unapredimo njihov amanet,<\/p>\n","protected":false},"author":1,"featured_media":15496,"comment_status":"open","ping_status":"closed","sticky":false,"template":"","format":"standard","meta":{"_eb_attr":"","footnotes":""},"categories":[106],"tags":[],"class_list":["post-74491","post","type-post","status-publish","format-standard","has-post-thumbnail","hentry","category-govori"],"yoast_head":"<!-- This site is optimized with the Yoast SEO plugin v23.5 - https:\/\/yoast.com\/wordpress\/plugins\/seo\/ -->\n<title>Govor predsednice Osmani na sve&amp;ccaron;anoj sednici Skup\u0161tine Kosova povodom 24. godi\u0161njice Epopeje OVK-a - Predsednik Republike Kosovo - DR. VJOSA OSMANI - SADRIU<\/title>\n<meta name=\"description\" content=\"Govor predsednice Osmani na sve&amp;ccaron;anoj sednici Skup\u0161tine Kosova povodom 24. godi\u0161njice Epopeje OVK-a - Predsednik Republike Kosovo - DR. VJOSA OSMANI - SADRIU -\" \/>\n<meta name=\"robots\" content=\"index, follow, max-snippet:-1, max-image-preview:large, max-video-preview:-1\" \/>\n<link rel=\"canonical\" href=\"https:\/\/president-ksgov.net\/sr\/govor-predsednice-osmani-na-sveanoj-sednici-skupstine-kosova-povodom-24-godisnjice-epopeje-ovk-a\/\" \/>\n<meta property=\"og:locale\" content=\"sr_RS\" \/>\n<meta property=\"og:type\" content=\"article\" \/>\n<meta property=\"og:title\" content=\"Govor predsednice Osmani na sve&amp;ccaron;anoj sednici Skup\u0161tine Kosova povodom 24. godi\u0161njice Epopeje OVK-a - Predsednik Republike Kosovo - DR. VJOSA OSMANI - SADRIU\" \/>\n<meta property=\"og:description\" content=\"Govor predsednice Osmani na sve&amp;ccaron;anoj sednici Skup\u0161tine Kosova povodom 24. godi\u0161njice Epopeje OVK-a - Predsednik Republike Kosovo - DR. VJOSA OSMANI - SADRIU -\" \/>\n<meta property=\"og:url\" content=\"https:\/\/president-ksgov.net\/sr\/govor-predsednice-osmani-na-sveanoj-sednici-skupstine-kosova-povodom-24-godisnjice-epopeje-ovk-a\/\" \/>\n<meta property=\"og:site_name\" content=\"Predsednik Republike Kosovo - DR. VJOSA OSMANI - SADRIU\" \/>\n<meta property=\"article:published_time\" content=\"2022-03-05T13:08:16+00:00\" \/>\n<meta property=\"article:modified_time\" content=\"2023-03-08T09:00:34+00:00\" \/>\n<meta property=\"og:image\" content=\"https:\/\/president-ksgov.net\/wp-content\/uploads\/05_03_2022_379082_3.jpg\" \/>\n\t<meta property=\"og:image:width\" content=\"1600\" \/>\n\t<meta property=\"og:image:height\" content=\"1066\" \/>\n\t<meta property=\"og:image:type\" content=\"image\/jpeg\" \/>\n<meta name=\"author\" content=\"admin\" \/>\n<meta name=\"twitter:card\" content=\"summary_large_image\" \/>\n<meta name=\"twitter:label1\" content=\"\u041d\u0430\u043f\u0438\u0441\u0430\u043d\u043e \u043e\u0434\" \/>\n\t<meta name=\"twitter:data1\" content=\"admin\" \/>\n\t<meta name=\"twitter:label2\" content=\"\u041f\u0440\u043e\u0446\u0435\u045a\u0435\u043d\u043e \u0432\u0440\u0435\u043c\u0435 \u0447\u0438\u0442\u0430\u045a\u0430\" \/>\n\t<meta name=\"twitter:data2\" content=\"9 \u043c\u0438\u043d\u0443\u0442\u0430\" \/>\n<script type=\"application\/ld+json\" class=\"yoast-schema-graph\">{\"@context\":\"https:\/\/schema.org\",\"@graph\":[{\"@type\":\"WebPage\",\"@id\":\"https:\/\/president-ksgov.net\/sr\/govor-predsednice-osmani-na-sveanoj-sednici-skupstine-kosova-povodom-24-godisnjice-epopeje-ovk-a\/\",\"url\":\"https:\/\/president-ksgov.net\/sr\/govor-predsednice-osmani-na-sveanoj-sednici-skupstine-kosova-povodom-24-godisnjice-epopeje-ovk-a\/\",\"name\":\"Govor predsednice Osmani na sve&ccaron;anoj sednici Skup\u0161tine Kosova povodom 24. godi\u0161njice Epopeje OVK-a - Predsednik Republike Kosovo - DR. VJOSA OSMANI - SADRIU\",\"isPartOf\":{\"@id\":\"https:\/\/president-ksgov.net\/#website\"},\"primaryImageOfPage\":{\"@id\":\"https:\/\/president-ksgov.net\/sr\/govor-predsednice-osmani-na-sveanoj-sednici-skupstine-kosova-povodom-24-godisnjice-epopeje-ovk-a\/#primaryimage\"},\"image\":{\"@id\":\"https:\/\/president-ksgov.net\/sr\/govor-predsednice-osmani-na-sveanoj-sednici-skupstine-kosova-povodom-24-godisnjice-epopeje-ovk-a\/#primaryimage\"},\"thumbnailUrl\":\"https:\/\/president-ksgov.net\/wp-content\/uploads\/05_03_2022_379082_3.jpg\",\"datePublished\":\"2022-03-05T13:08:16+00:00\",\"dateModified\":\"2023-03-08T09:00:34+00:00\",\"author\":{\"@id\":\"https:\/\/president-ksgov.net\/#\/schema\/person\/bb4337a5fb147cb2046d80548172cbee\"},\"description\":\"Govor predsednice Osmani na sve&ccaron;anoj sednici Skup\u0161tine Kosova povodom 24. godi\u0161njice Epopeje OVK-a - Predsednik Republike Kosovo - DR. VJOSA OSMANI - SADRIU -\",\"breadcrumb\":{\"@id\":\"https:\/\/president-ksgov.net\/sr\/govor-predsednice-osmani-na-sveanoj-sednici-skupstine-kosova-povodom-24-godisnjice-epopeje-ovk-a\/#breadcrumb\"},\"inLanguage\":\"sr-RS\",\"potentialAction\":[{\"@type\":\"ReadAction\",\"target\":[\"https:\/\/president-ksgov.net\/sr\/govor-predsednice-osmani-na-sveanoj-sednici-skupstine-kosova-povodom-24-godisnjice-epopeje-ovk-a\/\"]}]},{\"@type\":\"ImageObject\",\"inLanguage\":\"sr-RS\",\"@id\":\"https:\/\/president-ksgov.net\/sr\/govor-predsednice-osmani-na-sveanoj-sednici-skupstine-kosova-povodom-24-godisnjice-epopeje-ovk-a\/#primaryimage\",\"url\":\"https:\/\/president-ksgov.net\/wp-content\/uploads\/05_03_2022_379082_3.jpg\",\"contentUrl\":\"https:\/\/president-ksgov.net\/wp-content\/uploads\/05_03_2022_379082_3.jpg\",\"width\":1600,\"height\":1066},{\"@type\":\"BreadcrumbList\",\"@id\":\"https:\/\/president-ksgov.net\/sr\/govor-predsednice-osmani-na-sveanoj-sednici-skupstine-kosova-povodom-24-godisnjice-epopeje-ovk-a\/#breadcrumb\",\"itemListElement\":[{\"@type\":\"ListItem\",\"position\":1,\"name\":\"Home\",\"item\":\"https:\/\/president-ksgov.net\/sr\/\"},{\"@type\":\"ListItem\",\"position\":2,\"name\":\"Govor predsednice Osmani na sve&ccaron;anoj sednici Skup\u0161tine Kosova povodom 24. godi\u0161njice Epopeje OVK-a\"}]},{\"@type\":\"WebSite\",\"@id\":\"https:\/\/president-ksgov.net\/#website\",\"url\":\"https:\/\/president-ksgov.net\/\",\"name\":\"Presidente e Republik\u00ebs s\u00eb Kosov\u00ebs\",\"description\":\"Presidente e Republik\u00ebs s\u00eb Kosov\u00ebs\",\"alternateName\":\"DR. VJOSA OSMANI - SADRIU\",\"potentialAction\":[{\"@type\":\"SearchAction\",\"target\":{\"@type\":\"EntryPoint\",\"urlTemplate\":\"https:\/\/president-ksgov.net\/?s={search_term_string}\"},\"query-input\":{\"@type\":\"PropertyValueSpecification\",\"valueRequired\":true,\"valueName\":\"search_term_string\"}}],\"inLanguage\":\"sr-RS\"},{\"@type\":\"Person\",\"@id\":\"https:\/\/president-ksgov.net\/#\/schema\/person\/bb4337a5fb147cb2046d80548172cbee\",\"name\":\"admin\",\"image\":{\"@type\":\"ImageObject\",\"inLanguage\":\"sr-RS\",\"@id\":\"https:\/\/president-ksgov.net\/#\/schema\/person\/image\/\",\"url\":\"https:\/\/secure.gravatar.com\/avatar\/36156ca0fa3b8d9d25174f146e16beea0cf28f37adf1b9e19b6c9c279a7c9dd3?s=96&d=mm&r=g\",\"contentUrl\":\"https:\/\/secure.gravatar.com\/avatar\/36156ca0fa3b8d9d25174f146e16beea0cf28f37adf1b9e19b6c9c279a7c9dd3?s=96&d=mm&r=g\",\"caption\":\"admin\"},\"sameAs\":[\"https:\/\/president-ksgov.net\"]}]}<\/script>\n<!-- \/ Yoast SEO plugin. -->","yoast_head_json":{"title":"Govor predsednice Osmani na sve&ccaron;anoj sednici Skup\u0161tine Kosova povodom 24. godi\u0161njice Epopeje OVK-a - Predsednik Republike Kosovo - DR. VJOSA OSMANI - SADRIU","description":"Govor predsednice Osmani na sve&ccaron;anoj sednici Skup\u0161tine Kosova povodom 24. godi\u0161njice Epopeje OVK-a - Predsednik Republike Kosovo - DR. VJOSA OSMANI - SADRIU -","robots":{"index":"index","follow":"follow","max-snippet":"max-snippet:-1","max-image-preview":"max-image-preview:large","max-video-preview":"max-video-preview:-1"},"canonical":"https:\/\/president-ksgov.net\/sr\/govor-predsednice-osmani-na-sveanoj-sednici-skupstine-kosova-povodom-24-godisnjice-epopeje-ovk-a\/","og_locale":"sr_RS","og_type":"article","og_title":"Govor predsednice Osmani na sve&ccaron;anoj sednici Skup\u0161tine Kosova povodom 24. godi\u0161njice Epopeje OVK-a - Predsednik Republike Kosovo - DR. VJOSA OSMANI - SADRIU","og_description":"Govor predsednice Osmani na sve&ccaron;anoj sednici Skup\u0161tine Kosova povodom 24. godi\u0161njice Epopeje OVK-a - Predsednik Republike Kosovo - DR. VJOSA OSMANI - SADRIU -","og_url":"https:\/\/president-ksgov.net\/sr\/govor-predsednice-osmani-na-sveanoj-sednici-skupstine-kosova-povodom-24-godisnjice-epopeje-ovk-a\/","og_site_name":"Predsednik Republike Kosovo - DR. VJOSA OSMANI - SADRIU","article_published_time":"2022-03-05T13:08:16+00:00","article_modified_time":"2023-03-08T09:00:34+00:00","og_image":[{"width":1600,"height":1066,"url":"https:\/\/president-ksgov.net\/wp-content\/uploads\/05_03_2022_379082_3.jpg","type":"image\/jpeg"}],"author":"admin","twitter_card":"summary_large_image","twitter_misc":{"\u041d\u0430\u043f\u0438\u0441\u0430\u043d\u043e \u043e\u0434":"admin","\u041f\u0440\u043e\u0446\u0435\u045a\u0435\u043d\u043e \u0432\u0440\u0435\u043c\u0435 \u0447\u0438\u0442\u0430\u045a\u0430":"9 \u043c\u0438\u043d\u0443\u0442\u0430"},"schema":{"@context":"https:\/\/schema.org","@graph":[{"@type":"WebPage","@id":"https:\/\/president-ksgov.net\/sr\/govor-predsednice-osmani-na-sveanoj-sednici-skupstine-kosova-povodom-24-godisnjice-epopeje-ovk-a\/","url":"https:\/\/president-ksgov.net\/sr\/govor-predsednice-osmani-na-sveanoj-sednici-skupstine-kosova-povodom-24-godisnjice-epopeje-ovk-a\/","name":"Govor predsednice Osmani na sve&ccaron;anoj sednici Skup\u0161tine Kosova povodom 24. godi\u0161njice Epopeje OVK-a - Predsednik Republike Kosovo - DR. VJOSA OSMANI - SADRIU","isPartOf":{"@id":"https:\/\/president-ksgov.net\/#website"},"primaryImageOfPage":{"@id":"https:\/\/president-ksgov.net\/sr\/govor-predsednice-osmani-na-sveanoj-sednici-skupstine-kosova-povodom-24-godisnjice-epopeje-ovk-a\/#primaryimage"},"image":{"@id":"https:\/\/president-ksgov.net\/sr\/govor-predsednice-osmani-na-sveanoj-sednici-skupstine-kosova-povodom-24-godisnjice-epopeje-ovk-a\/#primaryimage"},"thumbnailUrl":"https:\/\/president-ksgov.net\/wp-content\/uploads\/05_03_2022_379082_3.jpg","datePublished":"2022-03-05T13:08:16+00:00","dateModified":"2023-03-08T09:00:34+00:00","author":{"@id":"https:\/\/president-ksgov.net\/#\/schema\/person\/bb4337a5fb147cb2046d80548172cbee"},"description":"Govor predsednice Osmani na sve&ccaron;anoj sednici Skup\u0161tine Kosova povodom 24. godi\u0161njice Epopeje OVK-a - Predsednik Republike Kosovo - DR. VJOSA OSMANI - SADRIU -","breadcrumb":{"@id":"https:\/\/president-ksgov.net\/sr\/govor-predsednice-osmani-na-sveanoj-sednici-skupstine-kosova-povodom-24-godisnjice-epopeje-ovk-a\/#breadcrumb"},"inLanguage":"sr-RS","potentialAction":[{"@type":"ReadAction","target":["https:\/\/president-ksgov.net\/sr\/govor-predsednice-osmani-na-sveanoj-sednici-skupstine-kosova-povodom-24-godisnjice-epopeje-ovk-a\/"]}]},{"@type":"ImageObject","inLanguage":"sr-RS","@id":"https:\/\/president-ksgov.net\/sr\/govor-predsednice-osmani-na-sveanoj-sednici-skupstine-kosova-povodom-24-godisnjice-epopeje-ovk-a\/#primaryimage","url":"https:\/\/president-ksgov.net\/wp-content\/uploads\/05_03_2022_379082_3.jpg","contentUrl":"https:\/\/president-ksgov.net\/wp-content\/uploads\/05_03_2022_379082_3.jpg","width":1600,"height":1066},{"@type":"BreadcrumbList","@id":"https:\/\/president-ksgov.net\/sr\/govor-predsednice-osmani-na-sveanoj-sednici-skupstine-kosova-povodom-24-godisnjice-epopeje-ovk-a\/#breadcrumb","itemListElement":[{"@type":"ListItem","position":1,"name":"Home","item":"https:\/\/president-ksgov.net\/sr\/"},{"@type":"ListItem","position":2,"name":"Govor predsednice Osmani na sve&ccaron;anoj sednici Skup\u0161tine Kosova povodom 24. godi\u0161njice Epopeje OVK-a"}]},{"@type":"WebSite","@id":"https:\/\/president-ksgov.net\/#website","url":"https:\/\/president-ksgov.net\/","name":"Presidente e Republik\u00ebs s\u00eb Kosov\u00ebs","description":"Presidente e Republik\u00ebs s\u00eb Kosov\u00ebs","alternateName":"DR. VJOSA OSMANI - SADRIU","potentialAction":[{"@type":"SearchAction","target":{"@type":"EntryPoint","urlTemplate":"https:\/\/president-ksgov.net\/?s={search_term_string}"},"query-input":{"@type":"PropertyValueSpecification","valueRequired":true,"valueName":"search_term_string"}}],"inLanguage":"sr-RS"},{"@type":"Person","@id":"https:\/\/president-ksgov.net\/#\/schema\/person\/bb4337a5fb147cb2046d80548172cbee","name":"admin","image":{"@type":"ImageObject","inLanguage":"sr-RS","@id":"https:\/\/president-ksgov.net\/#\/schema\/person\/image\/","url":"https:\/\/secure.gravatar.com\/avatar\/36156ca0fa3b8d9d25174f146e16beea0cf28f37adf1b9e19b6c9c279a7c9dd3?s=96&d=mm&r=g","contentUrl":"https:\/\/secure.gravatar.com\/avatar\/36156ca0fa3b8d9d25174f146e16beea0cf28f37adf1b9e19b6c9c279a7c9dd3?s=96&d=mm&r=g","caption":"admin"},"sameAs":["https:\/\/president-ksgov.net"]}]}},"_links":{"self":[{"href":"https:\/\/president-ksgov.net\/sr\/wp-json\/wp\/v2\/posts\/74491","targetHints":{"allow":["GET"]}}],"collection":[{"href":"https:\/\/president-ksgov.net\/sr\/wp-json\/wp\/v2\/posts"}],"about":[{"href":"https:\/\/president-ksgov.net\/sr\/wp-json\/wp\/v2\/types\/post"}],"author":[{"embeddable":true,"href":"https:\/\/president-ksgov.net\/sr\/wp-json\/wp\/v2\/users\/1"}],"replies":[{"embeddable":true,"href":"https:\/\/president-ksgov.net\/sr\/wp-json\/wp\/v2\/comments?post=74491"}],"version-history":[{"count":1,"href":"https:\/\/president-ksgov.net\/sr\/wp-json\/wp\/v2\/posts\/74491\/revisions"}],"predecessor-version":[{"id":81449,"href":"https:\/\/president-ksgov.net\/sr\/wp-json\/wp\/v2\/posts\/74491\/revisions\/81449"}],"wp:featuredmedia":[{"embeddable":true,"href":"https:\/\/president-ksgov.net\/sr\/wp-json\/wp\/v2\/media\/15496"}],"wp:attachment":[{"href":"https:\/\/president-ksgov.net\/sr\/wp-json\/wp\/v2\/media?parent=74491"}],"wp:term":[{"taxonomy":"category","embeddable":true,"href":"https:\/\/president-ksgov.net\/sr\/wp-json\/wp\/v2\/categories?post=74491"},{"taxonomy":"post_tag","embeddable":true,"href":"https:\/\/president-ksgov.net\/sr\/wp-json\/wp\/v2\/tags?post=74491"}],"curies":[{"name":"wp","href":"https:\/\/api.w.org\/{rel}","templated":true}]}}