{"id":74489,"date":"2022-03-06T17:53:26","date_gmt":"2022-03-06T17:53:26","guid":{"rendered":"https:\/\/dev.president-ksgov.net\/govor-predsednice-osmani-na-memorijalnoj-akademiji-u-ast-24-godisnjice-epopeje-ovk-a-2\/"},"modified":"2022-03-06T17:53:26","modified_gmt":"2022-03-06T17:53:26","slug":"govor-predsednice-osmani-na-memorijalnoj-akademiji-u-ast-24-godisnjice-epopeje-ovk-a-2","status":"publish","type":"post","link":"https:\/\/president-ksgov.net\/sr\/govor-predsednice-osmani-na-memorijalnoj-akademiji-u-ast-24-godisnjice-epopeje-ovk-a-2\/","title":{"rendered":"Govor predsednice Osmani na Memorijalnoj akademiji u &ccaron;ast 24. godi\u0161njice Epopeje OVK-a"},"content":{"rendered":"<p>Po\u0161tovana porodico,<br \/>\n&Ccaron;ika Rifate i svi prisutni,<br \/>\nVeoma voljeni i po\u0161tovani potomci porodice Jashari,<br \/>\nPo\u0161tovani predsedni&ccaron;e Skup\u0161tine, g. Konjufca,<br \/>\nPo\u0161tovani premijeru g. Kurti,\u00a0<br \/>\nPotpredsednici Vlade, ministri, &ccaron;lanovi vladinog kabineta,<br \/>\nPo\u0161tovana udru&#382;enja proizi\u0161la iz rata Oslobodila&ccaron;ke vojske Kosova,<br \/>\nPorodice palih boraca, ratnih veterana i invalida,<br \/>\nPredstavnici institucija,<br \/>\nPo\u0161tovani u&ccaron;esnici,<br \/>\n\u00a0<br \/>\nDanas se navr\u0161ava dvadeset &ccaron;etiri godine od herojskog pada porodice Jashari, koja je, tri dana i tri no&cacute;i zaredom, opkoljena bezbrojnim snagama tada\u0161nje jugoslovenske vojske i policije, stoi&ccaron;ki stajala, juna&ccaron;ki je delovala, brane&cacute;i prag ku&cacute;e, prag Kosova i ideal slobode.<\/p>\n<p>Dvadeset &ccaron;etiri godine se&cacute;anja na njihovu svetu &#382;rtvu, &#382;rtvu koja se mora pamtiti svakog dana, jer bez nje ne bismo imali ni slobodu ni dr&#382;avu.<\/p>\n<p>Ovo se&cacute;anje &cacute;emo prenositi s kolena na koleno, jer ove pri&ccaron;e ne treba u&ccaron;iti samo u istorijskim knjigama, treba ih pri&ccaron;ati u svakoj prilici i u svakoj ku&cacute;i.<\/p>\n<p>To je zato \u0161to je na Kosovu dokazan ne samo patriotizam porodica, kao \u0161to je porodica Jashari, ve&cacute; i zlo hegemonije u srcu Evrope, tako da moramo biti posve&cacute;eni spre&ccaron;avanju takvih zala.<\/p>\n<p>Danas se navr\u0161ava dvadeset &ccaron;etiri godine od kada je na\u0161a zemlja prepoznala neizmernu hrabrost i smelost ove porodice u neravnopravnoj borbi sa agresorom.<\/p>\n<p>Klanjamo se na dana\u0161nji dan pred legendarnim komandantom Ademom Jasharijem, pred celom porodicom Jashari i pred svim na\u0161im herojima. Se&cacute;amo se i odajemo po&ccaron;ast svim palim borcima i mu&ccaron;enicima koji su pali za na\u0161u zemlju.<\/p>\n<p>Odjek hrabrosti i smelosti Jasharijevih pre\u0161ao je granice Kosova, granice Balkana, granice Evrope i preko Atlantskog okeana, probudiv\u0161i tako savest slobodoljubivih dr&#382;ava i naroda \u0161irom sveta, za malu dr&#382;avu sa velikim srcem, kao \u0161to je Kosovo.<\/p>\n<p>Nikada ne&cacute;emo zaboraviti obavezu koju imamo prema onima koji su dali svoje &#382;ivote za slobodu Kosova i koji su &#382;rtvovali sve za nju.<\/p>\n<p>Epopeja OVK je deo na\u0161e istorije kako bismo ponovo potvrdili na\u0161e anga&#382;ovanje nesebi&ccaron;nom slu&#382;enju zemlji.<\/p>\n<p>Time ne samo da po\u0161tujemo uspomenu na na\u0161e prethodnike, ve&cacute; se i obavezujemo da &cacute;emo nastaviti sa zaostav\u0161tinom savr\u0161enstva i patriotizma koju su pokazali, rade&cacute;i jako da na\u0161oj deci ostavimo mnogo bolje mesto!<\/p>\n<p>Danas, kao nikada ranije u periodu mira u Evropi, novi destruktivni instrumenti i novi ratni sistemi, ali sa starim ideologijama i mentalitetima, prete miru u regionu, i celoj Evropi, prete&cacute;i tako i celom svetu.<\/p>\n<p>U ovoj situaciji neophodno je da oja&ccaron;amo na\u0161u vojsku.<\/p>\n<p>Ova na\u0161a vojska je najbolji garant na\u0161e bezbednosti i mira i na to treba da se ponosimo. Stoga, u ovakvim vremenima kada je svetski mir naru\u0161en, potrebno nam je jedinstvo, jer samo tako &cacute;emo mo&cacute;i da se suo&ccaron;imo sa izazovima.<\/p>\n<p>Kosovo jeste i uvek &cacute;e biti na strani slobodoljubivih naroda i na strani demokratije, ali su rusko-srpske hegemonisti&ccaron;ke tendencije prisutne i na u na\u0161em regionu. O&ccaron;igledni su njihovi napori da destabilizuju region Zapadnog Balkana, a posebno Kosovo. Stoga je &ccaron;lanstvo Kosova u NATO i druge me&dstrok;unarodne organizacije neophodnije nego ikada da bi se stvorila mogu&cacute;nost za dugoro&ccaron;ni mir i stabilnost u regionu i \u0161ire.<\/p>\n<p>Na\u0161e svakodnevno opredeljenje je Kosovo orijentisano ka evroatlantskim vrednostima, Kosovo na koje su na\u0161i gra&dstrok;ani ponosni i na koje bi bili ponosni svi koji su pali za njegovu slobodu i nezavisnost. Legendarni komandant Adem Jashari i cela porodica Jashari zauvek &cacute;e ostati svetionik na na\u0161em putu i \u00e2&#8364;&#8249;\u00e2&#8364;&#8249;generacijama koje &cacute;e do&cacute;i posle nas.<br \/>\n\u00a0<br \/>\nBog blagoslovio porodicu Jashari!<br \/>\nBog blagoslovio sve pale za slobodu!<br \/>\nNeka je ve&cacute;na uspomena na njih!<br \/>\nHvala vam!<\/p>\n","protected":false},"excerpt":{"rendered":"<p>Po\u0161tovana porodico, &Ccaron;ika Rifate i svi prisutni, Veoma voljeni i po\u0161tovani potomci porodice Jashari, Po\u0161tovani predsedni&ccaron;e Skup\u0161tine, g. Konjufca, Po\u0161tovani premijeru g. Kurti,\u00a0 Potpredsednici Vlade, ministri, &ccaron;lanovi vladinog kabineta, Po\u0161tovana udru&#382;enja proizi\u0161la iz rata Oslobodila&ccaron;ke vojske Kosova, Porodice palih boraca, ratnih veterana i invalida, Predstavnici institucija, Po\u0161tovani u&ccaron;esnici, \u00a0 Danas se navr\u0161ava dvadeset &ccaron;etiri godine od herojskog pada porodice Jashari, koja je, tri dana i tri no&cacute;i zaredom, opkoljena bezbrojnim snagama tada\u0161nje jugoslovenske vojske i policije, stoi&ccaron;ki stajala, juna&ccaron;ki je delovala, brane&cacute;i prag ku&cacute;e, prag Kosova i ideal slobode. Dvadeset &ccaron;etiri godine se&cacute;anja na njihovu svetu &#382;rtvu, &#382;rtvu koja se mora pamtiti svakog dana, jer bez nje ne bismo imali ni slobodu ni dr&#382;avu. Ovo se&cacute;anje &cacute;emo prenositi s kolena na koleno, jer ove pri&ccaron;e ne treba u&ccaron;iti samo u istorijskim knjigama, treba ih pri&ccaron;ati u svakoj prilici i u svakoj ku&cacute;i. To je zato \u0161to je na Kosovu dokazan ne samo patriotizam porodica, kao \u0161to je porodica Jashari, ve&cacute; i zlo hegemonije u srcu Evrope, tako da moramo biti posve&cacute;eni spre&ccaron;avanju takvih zala. Danas se navr\u0161ava dvadeset &ccaron;etiri godine od kada je na\u0161a zemlja prepoznala neizmernu hrabrost i smelost ove porodice u neravnopravnoj borbi sa agresorom. Klanjamo se na dana\u0161nji dan pred legendarnim komandantom Ademom Jasharijem, pred celom porodicom Jashari i pred svim na\u0161im herojima. Se&cacute;amo se i odajemo po&ccaron;ast svim palim borcima i mu&ccaron;enicima koji su pali za na\u0161u zemlju. Odjek hrabrosti i smelosti Jasharijevih pre\u0161ao je granice Kosova, granice Balkana, granice Evrope i preko Atlantskog okeana, probudiv\u0161i tako savest slobodoljubivih dr&#382;ava i naroda \u0161irom sveta, za malu dr&#382;avu sa velikim srcem, kao \u0161to je Kosovo. Nikada ne&cacute;emo zaboraviti obavezu koju imamo prema onima koji su dali svoje &#382;ivote za slobodu Kosova i koji su &#382;rtvovali sve za nju. Epopeja OVK je deo na\u0161e istorije kako bismo ponovo potvrdili na\u0161e anga&#382;ovanje nesebi&ccaron;nom slu&#382;enju zemlji. Time ne samo da po\u0161tujemo uspomenu na na\u0161e prethodnike, ve&cacute; se i obavezujemo da &cacute;emo nastaviti sa zaostav\u0161tinom savr\u0161enstva i patriotizma koju su pokazali, rade&cacute;i jako da na\u0161oj deci ostavimo mnogo bolje mesto! Danas, kao nikada ranije u periodu mira u Evropi, novi destruktivni instrumenti i novi ratni sistemi, ali sa starim ideologijama i mentalitetima, prete miru u regionu, i celoj Evropi, prete&cacute;i tako i celom svetu. U ovoj situaciji neophodno je da oja&ccaron;amo na\u0161u vojsku. Ova na\u0161a vojska je najbolji garant na\u0161e bezbednosti i mira i na to treba da se ponosimo. Stoga, u ovakvim vremenima kada je svetski mir naru\u0161en, potrebno nam je jedinstvo, jer samo tako &cacute;emo mo&cacute;i da se suo&ccaron;imo sa izazovima. Kosovo jeste i uvek &cacute;e biti na strani slobodoljubivih naroda i na strani demokratije, ali su rusko-srpske hegemonisti&ccaron;ke tendencije prisutne i na u na\u0161em regionu. O&ccaron;igledni su njihovi napori da destabilizuju region Zapadnog Balkana, a posebno Kosovo. Stoga je &ccaron;lanstvo Kosova u NATO i druge me&dstrok;unarodne organizacije neophodnije nego ikada da bi se stvorila mogu&cacute;nost za dugoro&ccaron;ni mir i stabilnost u regionu i \u0161ire. Na\u0161e svakodnevno opredeljenje je Kosovo orijentisano ka evroatlantskim vrednostima, Kosovo na koje su na\u0161i gra&dstrok;ani ponosni i na koje bi bili ponosni svi koji su pali za njegovu slobodu i nezavisnost. Legendarni komandant Adem Jashari i cela porodica Jashari zauvek &cacute;e ostati svetionik na na\u0161em putu i \u00e2&#8364;&#8249;\u00e2&#8364;&#8249;generacijama koje &cacute;e do&cacute;i posle nas. \u00a0 Bog blagoslovio porodicu Jashari! Bog blagoslovio sve pale za slobodu! Neka je ve&cacute;na uspomena na njih! Hvala vam!<\/p>\n","protected":false},"author":1,"featured_media":15467,"comment_status":"open","ping_status":"closed","sticky":false,"template":"","format":"standard","meta":{"_eb_attr":"","footnotes":""},"categories":[101],"tags":[],"class_list":["post-74489","post","type-post","status-publish","format-standard","has-post-thumbnail","hentry","category-vesti"],"yoast_head":"<!-- This site is optimized with the Yoast SEO plugin v23.5 - https:\/\/yoast.com\/wordpress\/plugins\/seo\/ -->\n<title>Govor predsednice Osmani na Memorijalnoj akademiji u &amp;ccaron;ast 24. godi\u0161njice Epopeje OVK-a - Predsednik Republike Kosovo - DR. VJOSA OSMANI - SADRIU<\/title>\n<meta name=\"description\" content=\"Govor predsednice Osmani na Memorijalnoj akademiji u &amp;ccaron;ast 24. godi\u0161njice Epopeje OVK-a - Predsednik Republike Kosovo - DR. VJOSA OSMANI - SADRIU -\" \/>\n<meta name=\"robots\" content=\"index, follow, max-snippet:-1, max-image-preview:large, max-video-preview:-1\" \/>\n<link rel=\"canonical\" href=\"https:\/\/president-ksgov.net\/sr\/govor-predsednice-osmani-na-memorijalnoj-akademiji-u-ast-24-godisnjice-epopeje-ovk-a-2\/\" \/>\n<meta property=\"og:locale\" content=\"sr_RS\" \/>\n<meta property=\"og:type\" content=\"article\" \/>\n<meta property=\"og:title\" content=\"Govor predsednice Osmani na Memorijalnoj akademiji u &amp;ccaron;ast 24. godi\u0161njice Epopeje OVK-a - Predsednik Republike Kosovo - DR. VJOSA OSMANI - SADRIU\" \/>\n<meta property=\"og:description\" content=\"Govor predsednice Osmani na Memorijalnoj akademiji u &amp;ccaron;ast 24. godi\u0161njice Epopeje OVK-a - Predsednik Republike Kosovo - DR. VJOSA OSMANI - SADRIU -\" \/>\n<meta property=\"og:url\" content=\"https:\/\/president-ksgov.net\/sr\/govor-predsednice-osmani-na-memorijalnoj-akademiji-u-ast-24-godisnjice-epopeje-ovk-a-2\/\" \/>\n<meta property=\"og:site_name\" content=\"Predsednik Republike Kosovo - DR. VJOSA OSMANI - SADRIU\" \/>\n<meta property=\"article:published_time\" content=\"2022-03-06T17:53:26+00:00\" \/>\n<meta property=\"og:image\" content=\"https:\/\/president-ksgov.net\/wp-content\/uploads\/06_03_2022_2590548_IMG_56b2d4756276b71453f1954f3139d304_V.jpg\" \/>\n\t<meta property=\"og:image:width\" content=\"1600\" \/>\n\t<meta property=\"og:image:height\" content=\"1064\" \/>\n\t<meta property=\"og:image:type\" content=\"image\/jpeg\" \/>\n<meta name=\"author\" content=\"admin\" \/>\n<meta name=\"twitter:card\" content=\"summary_large_image\" \/>\n<meta name=\"twitter:label1\" content=\"\u041d\u0430\u043f\u0438\u0441\u0430\u043d\u043e \u043e\u0434\" \/>\n\t<meta name=\"twitter:data1\" content=\"admin\" \/>\n\t<meta name=\"twitter:label2\" content=\"\u041f\u0440\u043e\u0446\u0435\u045a\u0435\u043d\u043e \u0432\u0440\u0435\u043c\u0435 \u0447\u0438\u0442\u0430\u045a\u0430\" \/>\n\t<meta name=\"twitter:data2\" content=\"3 \u043c\u0438\u043d\u0443\u0442\u0430\" \/>\n<script type=\"application\/ld+json\" class=\"yoast-schema-graph\">{\"@context\":\"https:\/\/schema.org\",\"@graph\":[{\"@type\":\"WebPage\",\"@id\":\"https:\/\/president-ksgov.net\/sr\/govor-predsednice-osmani-na-memorijalnoj-akademiji-u-ast-24-godisnjice-epopeje-ovk-a-2\/\",\"url\":\"https:\/\/president-ksgov.net\/sr\/govor-predsednice-osmani-na-memorijalnoj-akademiji-u-ast-24-godisnjice-epopeje-ovk-a-2\/\",\"name\":\"Govor predsednice Osmani na Memorijalnoj akademiji u &ccaron;ast 24. godi\u0161njice Epopeje OVK-a - Predsednik Republike Kosovo - DR. VJOSA OSMANI - SADRIU\",\"isPartOf\":{\"@id\":\"https:\/\/president-ksgov.net\/#website\"},\"primaryImageOfPage\":{\"@id\":\"https:\/\/president-ksgov.net\/sr\/govor-predsednice-osmani-na-memorijalnoj-akademiji-u-ast-24-godisnjice-epopeje-ovk-a-2\/#primaryimage\"},\"image\":{\"@id\":\"https:\/\/president-ksgov.net\/sr\/govor-predsednice-osmani-na-memorijalnoj-akademiji-u-ast-24-godisnjice-epopeje-ovk-a-2\/#primaryimage\"},\"thumbnailUrl\":\"https:\/\/president-ksgov.net\/wp-content\/uploads\/06_03_2022_2590548_IMG_56b2d4756276b71453f1954f3139d304_V.jpg\",\"datePublished\":\"2022-03-06T17:53:26+00:00\",\"dateModified\":\"2022-03-06T17:53:26+00:00\",\"author\":{\"@id\":\"https:\/\/president-ksgov.net\/#\/schema\/person\/bb4337a5fb147cb2046d80548172cbee\"},\"description\":\"Govor predsednice Osmani na Memorijalnoj akademiji u &ccaron;ast 24. godi\u0161njice Epopeje OVK-a - Predsednik Republike Kosovo - DR. VJOSA OSMANI - SADRIU -\",\"breadcrumb\":{\"@id\":\"https:\/\/president-ksgov.net\/sr\/govor-predsednice-osmani-na-memorijalnoj-akademiji-u-ast-24-godisnjice-epopeje-ovk-a-2\/#breadcrumb\"},\"inLanguage\":\"sr-RS\",\"potentialAction\":[{\"@type\":\"ReadAction\",\"target\":[\"https:\/\/president-ksgov.net\/sr\/govor-predsednice-osmani-na-memorijalnoj-akademiji-u-ast-24-godisnjice-epopeje-ovk-a-2\/\"]}]},{\"@type\":\"ImageObject\",\"inLanguage\":\"sr-RS\",\"@id\":\"https:\/\/president-ksgov.net\/sr\/govor-predsednice-osmani-na-memorijalnoj-akademiji-u-ast-24-godisnjice-epopeje-ovk-a-2\/#primaryimage\",\"url\":\"https:\/\/president-ksgov.net\/wp-content\/uploads\/06_03_2022_2590548_IMG_56b2d4756276b71453f1954f3139d304_V.jpg\",\"contentUrl\":\"https:\/\/president-ksgov.net\/wp-content\/uploads\/06_03_2022_2590548_IMG_56b2d4756276b71453f1954f3139d304_V.jpg\",\"width\":1600,\"height\":1064},{\"@type\":\"BreadcrumbList\",\"@id\":\"https:\/\/president-ksgov.net\/sr\/govor-predsednice-osmani-na-memorijalnoj-akademiji-u-ast-24-godisnjice-epopeje-ovk-a-2\/#breadcrumb\",\"itemListElement\":[{\"@type\":\"ListItem\",\"position\":1,\"name\":\"Home\",\"item\":\"https:\/\/president-ksgov.net\/sr\/\"},{\"@type\":\"ListItem\",\"position\":2,\"name\":\"Govor predsednice Osmani na Memorijalnoj akademiji u &ccaron;ast 24. godi\u0161njice Epopeje OVK-a\"}]},{\"@type\":\"WebSite\",\"@id\":\"https:\/\/president-ksgov.net\/#website\",\"url\":\"https:\/\/president-ksgov.net\/\",\"name\":\"Presidente e Republik\u00ebs s\u00eb Kosov\u00ebs\",\"description\":\"Presidente e Republik\u00ebs s\u00eb Kosov\u00ebs\",\"alternateName\":\"DR. VJOSA OSMANI - SADRIU\",\"potentialAction\":[{\"@type\":\"SearchAction\",\"target\":{\"@type\":\"EntryPoint\",\"urlTemplate\":\"https:\/\/president-ksgov.net\/?s={search_term_string}\"},\"query-input\":{\"@type\":\"PropertyValueSpecification\",\"valueRequired\":true,\"valueName\":\"search_term_string\"}}],\"inLanguage\":\"sr-RS\"},{\"@type\":\"Person\",\"@id\":\"https:\/\/president-ksgov.net\/#\/schema\/person\/bb4337a5fb147cb2046d80548172cbee\",\"name\":\"admin\",\"image\":{\"@type\":\"ImageObject\",\"inLanguage\":\"sr-RS\",\"@id\":\"https:\/\/president-ksgov.net\/#\/schema\/person\/image\/\",\"url\":\"https:\/\/secure.gravatar.com\/avatar\/36156ca0fa3b8d9d25174f146e16beea0cf28f37adf1b9e19b6c9c279a7c9dd3?s=96&d=mm&r=g\",\"contentUrl\":\"https:\/\/secure.gravatar.com\/avatar\/36156ca0fa3b8d9d25174f146e16beea0cf28f37adf1b9e19b6c9c279a7c9dd3?s=96&d=mm&r=g\",\"caption\":\"admin\"},\"sameAs\":[\"https:\/\/president-ksgov.net\"]}]}<\/script>\n<!-- \/ Yoast SEO plugin. -->","yoast_head_json":{"title":"Govor predsednice Osmani na Memorijalnoj akademiji u &ccaron;ast 24. godi\u0161njice Epopeje OVK-a - Predsednik Republike Kosovo - DR. VJOSA OSMANI - SADRIU","description":"Govor predsednice Osmani na Memorijalnoj akademiji u &ccaron;ast 24. godi\u0161njice Epopeje OVK-a - Predsednik Republike Kosovo - DR. VJOSA OSMANI - SADRIU -","robots":{"index":"index","follow":"follow","max-snippet":"max-snippet:-1","max-image-preview":"max-image-preview:large","max-video-preview":"max-video-preview:-1"},"canonical":"https:\/\/president-ksgov.net\/sr\/govor-predsednice-osmani-na-memorijalnoj-akademiji-u-ast-24-godisnjice-epopeje-ovk-a-2\/","og_locale":"sr_RS","og_type":"article","og_title":"Govor predsednice Osmani na Memorijalnoj akademiji u &ccaron;ast 24. godi\u0161njice Epopeje OVK-a - Predsednik Republike Kosovo - DR. VJOSA OSMANI - SADRIU","og_description":"Govor predsednice Osmani na Memorijalnoj akademiji u &ccaron;ast 24. godi\u0161njice Epopeje OVK-a - Predsednik Republike Kosovo - DR. VJOSA OSMANI - SADRIU -","og_url":"https:\/\/president-ksgov.net\/sr\/govor-predsednice-osmani-na-memorijalnoj-akademiji-u-ast-24-godisnjice-epopeje-ovk-a-2\/","og_site_name":"Predsednik Republike Kosovo - DR. VJOSA OSMANI - SADRIU","article_published_time":"2022-03-06T17:53:26+00:00","og_image":[{"width":1600,"height":1064,"url":"https:\/\/president-ksgov.net\/wp-content\/uploads\/06_03_2022_2590548_IMG_56b2d4756276b71453f1954f3139d304_V.jpg","type":"image\/jpeg"}],"author":"admin","twitter_card":"summary_large_image","twitter_misc":{"\u041d\u0430\u043f\u0438\u0441\u0430\u043d\u043e \u043e\u0434":"admin","\u041f\u0440\u043e\u0446\u0435\u045a\u0435\u043d\u043e \u0432\u0440\u0435\u043c\u0435 \u0447\u0438\u0442\u0430\u045a\u0430":"3 \u043c\u0438\u043d\u0443\u0442\u0430"},"schema":{"@context":"https:\/\/schema.org","@graph":[{"@type":"WebPage","@id":"https:\/\/president-ksgov.net\/sr\/govor-predsednice-osmani-na-memorijalnoj-akademiji-u-ast-24-godisnjice-epopeje-ovk-a-2\/","url":"https:\/\/president-ksgov.net\/sr\/govor-predsednice-osmani-na-memorijalnoj-akademiji-u-ast-24-godisnjice-epopeje-ovk-a-2\/","name":"Govor predsednice Osmani na Memorijalnoj akademiji u &ccaron;ast 24. godi\u0161njice Epopeje OVK-a - Predsednik Republike Kosovo - DR. VJOSA OSMANI - SADRIU","isPartOf":{"@id":"https:\/\/president-ksgov.net\/#website"},"primaryImageOfPage":{"@id":"https:\/\/president-ksgov.net\/sr\/govor-predsednice-osmani-na-memorijalnoj-akademiji-u-ast-24-godisnjice-epopeje-ovk-a-2\/#primaryimage"},"image":{"@id":"https:\/\/president-ksgov.net\/sr\/govor-predsednice-osmani-na-memorijalnoj-akademiji-u-ast-24-godisnjice-epopeje-ovk-a-2\/#primaryimage"},"thumbnailUrl":"https:\/\/president-ksgov.net\/wp-content\/uploads\/06_03_2022_2590548_IMG_56b2d4756276b71453f1954f3139d304_V.jpg","datePublished":"2022-03-06T17:53:26+00:00","dateModified":"2022-03-06T17:53:26+00:00","author":{"@id":"https:\/\/president-ksgov.net\/#\/schema\/person\/bb4337a5fb147cb2046d80548172cbee"},"description":"Govor predsednice Osmani na Memorijalnoj akademiji u &ccaron;ast 24. godi\u0161njice Epopeje OVK-a - Predsednik Republike Kosovo - DR. VJOSA OSMANI - SADRIU -","breadcrumb":{"@id":"https:\/\/president-ksgov.net\/sr\/govor-predsednice-osmani-na-memorijalnoj-akademiji-u-ast-24-godisnjice-epopeje-ovk-a-2\/#breadcrumb"},"inLanguage":"sr-RS","potentialAction":[{"@type":"ReadAction","target":["https:\/\/president-ksgov.net\/sr\/govor-predsednice-osmani-na-memorijalnoj-akademiji-u-ast-24-godisnjice-epopeje-ovk-a-2\/"]}]},{"@type":"ImageObject","inLanguage":"sr-RS","@id":"https:\/\/president-ksgov.net\/sr\/govor-predsednice-osmani-na-memorijalnoj-akademiji-u-ast-24-godisnjice-epopeje-ovk-a-2\/#primaryimage","url":"https:\/\/president-ksgov.net\/wp-content\/uploads\/06_03_2022_2590548_IMG_56b2d4756276b71453f1954f3139d304_V.jpg","contentUrl":"https:\/\/president-ksgov.net\/wp-content\/uploads\/06_03_2022_2590548_IMG_56b2d4756276b71453f1954f3139d304_V.jpg","width":1600,"height":1064},{"@type":"BreadcrumbList","@id":"https:\/\/president-ksgov.net\/sr\/govor-predsednice-osmani-na-memorijalnoj-akademiji-u-ast-24-godisnjice-epopeje-ovk-a-2\/#breadcrumb","itemListElement":[{"@type":"ListItem","position":1,"name":"Home","item":"https:\/\/president-ksgov.net\/sr\/"},{"@type":"ListItem","position":2,"name":"Govor predsednice Osmani na Memorijalnoj akademiji u &ccaron;ast 24. godi\u0161njice Epopeje OVK-a"}]},{"@type":"WebSite","@id":"https:\/\/president-ksgov.net\/#website","url":"https:\/\/president-ksgov.net\/","name":"Presidente e Republik\u00ebs s\u00eb Kosov\u00ebs","description":"Presidente e Republik\u00ebs s\u00eb Kosov\u00ebs","alternateName":"DR. VJOSA OSMANI - SADRIU","potentialAction":[{"@type":"SearchAction","target":{"@type":"EntryPoint","urlTemplate":"https:\/\/president-ksgov.net\/?s={search_term_string}"},"query-input":{"@type":"PropertyValueSpecification","valueRequired":true,"valueName":"search_term_string"}}],"inLanguage":"sr-RS"},{"@type":"Person","@id":"https:\/\/president-ksgov.net\/#\/schema\/person\/bb4337a5fb147cb2046d80548172cbee","name":"admin","image":{"@type":"ImageObject","inLanguage":"sr-RS","@id":"https:\/\/president-ksgov.net\/#\/schema\/person\/image\/","url":"https:\/\/secure.gravatar.com\/avatar\/36156ca0fa3b8d9d25174f146e16beea0cf28f37adf1b9e19b6c9c279a7c9dd3?s=96&d=mm&r=g","contentUrl":"https:\/\/secure.gravatar.com\/avatar\/36156ca0fa3b8d9d25174f146e16beea0cf28f37adf1b9e19b6c9c279a7c9dd3?s=96&d=mm&r=g","caption":"admin"},"sameAs":["https:\/\/president-ksgov.net"]}]}},"_links":{"self":[{"href":"https:\/\/president-ksgov.net\/sr\/wp-json\/wp\/v2\/posts\/74489","targetHints":{"allow":["GET"]}}],"collection":[{"href":"https:\/\/president-ksgov.net\/sr\/wp-json\/wp\/v2\/posts"}],"about":[{"href":"https:\/\/president-ksgov.net\/sr\/wp-json\/wp\/v2\/types\/post"}],"author":[{"embeddable":true,"href":"https:\/\/president-ksgov.net\/sr\/wp-json\/wp\/v2\/users\/1"}],"replies":[{"embeddable":true,"href":"https:\/\/president-ksgov.net\/sr\/wp-json\/wp\/v2\/comments?post=74489"}],"version-history":[{"count":0,"href":"https:\/\/president-ksgov.net\/sr\/wp-json\/wp\/v2\/posts\/74489\/revisions"}],"wp:featuredmedia":[{"embeddable":true,"href":"https:\/\/president-ksgov.net\/sr\/wp-json\/wp\/v2\/media\/15467"}],"wp:attachment":[{"href":"https:\/\/president-ksgov.net\/sr\/wp-json\/wp\/v2\/media?parent=74489"}],"wp:term":[{"taxonomy":"category","embeddable":true,"href":"https:\/\/president-ksgov.net\/sr\/wp-json\/wp\/v2\/categories?post=74489"},{"taxonomy":"post_tag","embeddable":true,"href":"https:\/\/president-ksgov.net\/sr\/wp-json\/wp\/v2\/tags?post=74489"}],"curies":[{"name":"wp","href":"https:\/\/api.w.org\/{rel}","templated":true}]}}