{"id":74487,"date":"2022-03-07T12:37:40","date_gmt":"2022-03-07T12:37:40","guid":{"rendered":"https:\/\/dev.president-ksgov.net\/predsednica-osmani-ono-sto-narod-ukrajine-proivljava-budi-seanja-na-teske-rane-koje-je-graanima-kosova-tokom-devedesetih-naneo-genocidni-reim-srbije\/"},"modified":"2022-03-07T12:37:40","modified_gmt":"2022-03-07T12:37:40","slug":"predsednica-osmani-ono-sto-narod-ukrajine-proivljava-budi-seanja-na-teske-rane-koje-je-graanima-kosova-tokom-devedesetih-naneo-genocidni-reim-srbije","status":"publish","type":"post","link":"https:\/\/president-ksgov.net\/sr\/predsednica-osmani-ono-sto-narod-ukrajine-proivljava-budi-seanja-na-teske-rane-koje-je-graanima-kosova-tokom-devedesetih-naneo-genocidni-reim-srbije\/","title":{"rendered":"Predsednica Osmani: Ono \u0161to narod Ukrajine pro&#158;ivljava budi se&cacute;anja na te\u0161ke rane koje je gra&dstrok;anima Kosova tokom devedesetih naneo genocidni re&#158;im Srbije"},"content":{"rendered":"<p>Predsednica Republike Kosovo Vjosa Osmani &#8211; Sadriu u&ccaron;estvovala je na mitingu i mar\u0161u solidarnosti sa Ukrajinom, koji su danas u Pri\u0161tini organizovale organizacije civilnog dru\u0161tva. Predsednica Osmani je zahvalila svima na prisustvu, ali pre svega organizacijama civilnog dru\u0161tva na ovoj organizaciji, koja prema njenim re&ccaron;ima jo\u0161 jednom dokazuje da Kosovo stoji sna&#382;no uz narod Ukrajine, kao \u0161to je stajalo kroz istoriju sa slobodoljubivim narodima \u0161irom sveta.<\/p>\n<p>\u201eNaravno, ono \u0161to u ovim trenucima do&#382;ivljava narod Ukrajine budi se&cacute;anja na te\u0161ke rane koje je genocidni re&#382;im Srbije tokom devedesetih\u00a0 naneo svakom gra&dstrok;aninu Kosova. Dakle, pridru&#382;ili smo se demokratskom svetu, pridru&#382;ili smo se na\u0161im saveznicima ne samo da osudimo rusku agresiju na Ukrajinu, ve&cacute; da istovremeno tra&#382;imo odgovornost za zlo&ccaron;ine koje je po&ccaron;inio ratni zlo&ccaron;inac, diktator Putin. Osta&cacute;emo ujedinjeni, ujedini&cacute;emo svoj glas i postupke kao i ranije, i uverena sam da &cacute;e kao i u slu&ccaron;aju Kosova 1999. godine, sada u Ukrajini 2022. godine, trijumfovati sloboda i demokratija\u201c, istakla je predsednica Osmani. Prema re&ccaron;ima predsednice Osmani, Kosovo je sa svim svojim kapacitetima spremno da primi izbeglice iz Ukrajine.<\/p>\n<p>\u201eOd prvog dana agresije Rusije na Ukrajinu pokrenuli smo ovo pitanje kod nadle&#382;nih institucija. Ve&cacute; znate da je usvojena rezolucija Skup\u0161tine Kosova, a na\u0161e institucije su pokazale spremnost da iskoriste sve one kapacitete koje imamo i koji su u me&dstrok;uvremenu izgra&dstrok;eni za prihvat izbeglica iz Ukrajine. U isto vreme, naravno da smo to stavili do znanja dr&#382;avama koje sada imaju vi\u0161e izbeglica, ali i drugim savezni&ccaron;kim dr&#382;avama. \u0160tavi\u0161e, Kosovo je pokazalo spremnost da pru&#382;i podr\u0161ku i gostoprimstvo novinarima iz Ukrajine, da se oni ne samo smeste na Kosovu, ve&cacute; i da nastave da se bave novinarstvom i izve\u0161tavanjem ovde sa bezbednog mesta, odnosno iz Republike Kosovo. Uradili smo sve \u0161to je u na\u0161oj mo&cacute;i i &ccaron;ini&cacute;emo to i dalje u okviru kapaciteta koje ima jedna mala dr&#382;ava kao \u0161to je Kosovo. Ali budimo jasni da je va&#382;no da se na\u0161 glas &ccaron;uje u svakom kutku sveta o tome \u0161ta se de\u0161ava kada se diktatori razmaze i koliko je potrebna pomo&cacute;\u00a0 na\u0161ih zapadnih saveznika i drugih miroljubivih dr&#382;ava u odnosu na narod Ukrajine koji sada Rusija bombarduje\u201c, istakla je predsednica Osmani. Prva &#382;ena zemlje je tako&dstrok;e objavila kako su institucije komunicirale sa ukrajinskim ambasadama \u0161irom sveta, posebno u zemljama u kojima Kosovo tako&dstrok;e ima ambasade. \u201eNaravno da smo komunicirali sa ukrajinskim ambasadama \u0161irom sveta, posebno u zemljama u kojima Kosovo tako&dstrok;e ima ambasade. Svoje poruke smo poslali i centralnim institucijama Ukrajine. Naravno, oni su svesni svih mera koje je preduzela Republika Kosovo u podr\u0161ci narodu Ukrajine, kao i suverenitetu i teritorijalnom integritetu ove dr&#382;ave.\u00a0 Tako&dstrok;e su svesni i koja je dr&#382;ava u na\u0161em regionu, koja nastavlja da stoji uz Putina i Rusiju, a to je naravno Srbija\u201c, rekla je predsednica Osmani.<\/p>\n","protected":false},"excerpt":{"rendered":"<p>Predsednica Republike Kosovo Vjosa Osmani &#8211; Sadriu u&ccaron;estvovala je na mitingu i mar\u0161u solidarnosti sa Ukrajinom, koji su danas u Pri\u0161tini organizovale organizacije civilnog dru\u0161tva. Predsednica Osmani je zahvalila svima na prisustvu, ali pre svega organizacijama civilnog dru\u0161tva na ovoj organizaciji, koja prema njenim re&ccaron;ima jo\u0161 jednom dokazuje da Kosovo stoji sna&#382;no uz narod Ukrajine, kao \u0161to je stajalo kroz istoriju sa slobodoljubivim narodima \u0161irom sveta. \u201eNaravno, ono \u0161to u ovim trenucima do&#382;ivljava narod Ukrajine budi se&cacute;anja na te\u0161ke rane koje je genocidni re&#382;im Srbije tokom devedesetih\u00a0 naneo svakom gra&dstrok;aninu Kosova. Dakle, pridru&#382;ili smo se demokratskom svetu, pridru&#382;ili smo se na\u0161im saveznicima ne samo da osudimo rusku agresiju na Ukrajinu, ve&cacute; da istovremeno tra&#382;imo odgovornost za zlo&ccaron;ine koje je po&ccaron;inio ratni zlo&ccaron;inac, diktator Putin. Osta&cacute;emo ujedinjeni, ujedini&cacute;emo svoj glas i postupke kao i ranije, i uverena sam da &cacute;e kao i u slu&ccaron;aju Kosova 1999. godine, sada u Ukrajini 2022. godine, trijumfovati sloboda i demokratija\u201c, istakla je predsednica Osmani. Prema re&ccaron;ima predsednice Osmani, Kosovo je sa svim svojim kapacitetima spremno da primi izbeglice iz Ukrajine. \u201eOd prvog dana agresije Rusije na Ukrajinu pokrenuli smo ovo pitanje kod nadle&#382;nih institucija. Ve&cacute; znate da je usvojena rezolucija Skup\u0161tine Kosova, a na\u0161e institucije su pokazale spremnost da iskoriste sve one kapacitete koje imamo i koji su u me&dstrok;uvremenu izgra&dstrok;eni za prihvat izbeglica iz Ukrajine. U isto vreme, naravno da smo to stavili do znanja dr&#382;avama koje sada imaju vi\u0161e izbeglica, ali i drugim savezni&ccaron;kim dr&#382;avama. \u0160tavi\u0161e, Kosovo je pokazalo spremnost da pru&#382;i podr\u0161ku i gostoprimstvo novinarima iz Ukrajine, da se oni ne samo smeste na Kosovu, ve&cacute; i da nastave da se bave novinarstvom i izve\u0161tavanjem ovde sa bezbednog mesta, odnosno iz Republike Kosovo. Uradili smo sve \u0161to je u na\u0161oj mo&cacute;i i &ccaron;ini&cacute;emo to i dalje u okviru kapaciteta koje ima jedna mala dr&#382;ava kao \u0161to je Kosovo. Ali budimo jasni da je va&#382;no da se na\u0161 glas &ccaron;uje u svakom kutku sveta o tome \u0161ta se de\u0161ava kada se diktatori razmaze i koliko je potrebna pomo&cacute;\u00a0 na\u0161ih zapadnih saveznika i drugih miroljubivih dr&#382;ava u odnosu na narod Ukrajine koji sada Rusija bombarduje\u201c, istakla je predsednica Osmani. Prva &#382;ena zemlje je tako&dstrok;e objavila kako su institucije komunicirale sa ukrajinskim ambasadama \u0161irom sveta, posebno u zemljama u kojima Kosovo tako&dstrok;e ima ambasade. \u201eNaravno da smo komunicirali sa ukrajinskim ambasadama \u0161irom sveta, posebno u zemljama u kojima Kosovo tako&dstrok;e ima ambasade. Svoje poruke smo poslali i centralnim institucijama Ukrajine. Naravno, oni su svesni svih mera koje je preduzela Republika Kosovo u podr\u0161ci narodu Ukrajine, kao i suverenitetu i teritorijalnom integritetu ove dr&#382;ave.\u00a0 Tako&dstrok;e su svesni i koja je dr&#382;ava u na\u0161em regionu, koja nastavlja da stoji uz Putina i Rusiju, a to je naravno Srbija\u201c, rekla je predsednica Osmani.<\/p>\n","protected":false},"author":1,"featured_media":15444,"comment_status":"open","ping_status":"closed","sticky":false,"template":"","format":"standard","meta":{"_eb_attr":"","footnotes":""},"categories":[101],"tags":[],"class_list":["post-74487","post","type-post","status-publish","format-standard","has-post-thumbnail","hentry","category-vesti"],"yoast_head":"<!-- This site is optimized with the Yoast SEO plugin v23.5 - https:\/\/yoast.com\/wordpress\/plugins\/seo\/ -->\n<title>Predsednica Osmani: Ono \u0161to narod Ukrajine pro&#158;ivljava budi se&amp;cacute;anja na te\u0161ke rane koje je gra&amp;dstrok;anima Kosova tokom devedesetih naneo genocidni re&#158;im Srbije - Predsednik Republike Kosovo - DR. VJOSA OSMANI - SADRIU<\/title>\n<meta name=\"description\" content=\"Predsednica Osmani: Ono \u0161to narod Ukrajine pro&#158;ivljava budi se&amp;cacute;anja na te\u0161ke rane koje je gra&amp;dstrok;anima Kosova tokom devedesetih naneo genocidni re&#158;im Srbije - Predsednik Republike Kosovo - DR. VJOSA OSMANI - SADRIU -\" \/>\n<meta name=\"robots\" content=\"index, follow, max-snippet:-1, max-image-preview:large, max-video-preview:-1\" \/>\n<link rel=\"canonical\" href=\"https:\/\/president-ksgov.net\/sr\/predsednica-osmani-ono-sto-narod-ukrajine-proivljava-budi-seanja-na-teske-rane-koje-je-graanima-kosova-tokom-devedesetih-naneo-genocidni-reim-srbije\/\" \/>\n<meta property=\"og:locale\" content=\"sr_RS\" \/>\n<meta property=\"og:type\" content=\"article\" \/>\n<meta property=\"og:title\" content=\"Predsednica Osmani: Ono \u0161to narod Ukrajine pro&#158;ivljava budi se&amp;cacute;anja na te\u0161ke rane koje je gra&amp;dstrok;anima Kosova tokom devedesetih naneo genocidni re&#158;im Srbije - Predsednik Republike Kosovo - DR. VJOSA OSMANI - SADRIU\" \/>\n<meta property=\"og:description\" content=\"Predsednica Osmani: Ono \u0161to narod Ukrajine pro&#158;ivljava budi se&amp;cacute;anja na te\u0161ke rane koje je gra&amp;dstrok;anima Kosova tokom devedesetih naneo genocidni re&#158;im Srbije - Predsednik Republike Kosovo - DR. VJOSA OSMANI - SADRIU -\" \/>\n<meta property=\"og:url\" content=\"https:\/\/president-ksgov.net\/sr\/predsednica-osmani-ono-sto-narod-ukrajine-proivljava-budi-seanja-na-teske-rane-koje-je-graanima-kosova-tokom-devedesetih-naneo-genocidni-reim-srbije\/\" \/>\n<meta property=\"og:site_name\" content=\"Predsednik Republike Kosovo - DR. VJOSA OSMANI - SADRIU\" \/>\n<meta property=\"article:published_time\" content=\"2022-03-07T12:37:40+00:00\" \/>\n<meta property=\"og:image\" content=\"https:\/\/president-ksgov.net\/wp-content\/uploads\/07_03_2022_5139532_7_3_22_5.jpg\" \/>\n\t<meta property=\"og:image:width\" content=\"1280\" \/>\n\t<meta property=\"og:image:height\" content=\"853\" \/>\n\t<meta property=\"og:image:type\" content=\"image\/jpeg\" \/>\n<meta name=\"author\" content=\"admin\" \/>\n<meta name=\"twitter:card\" content=\"summary_large_image\" \/>\n<meta name=\"twitter:label1\" content=\"\u041d\u0430\u043f\u0438\u0441\u0430\u043d\u043e \u043e\u0434\" \/>\n\t<meta name=\"twitter:data1\" content=\"admin\" \/>\n\t<meta name=\"twitter:label2\" content=\"\u041f\u0440\u043e\u0446\u0435\u045a\u0435\u043d\u043e \u0432\u0440\u0435\u043c\u0435 \u0447\u0438\u0442\u0430\u045a\u0430\" \/>\n\t<meta name=\"twitter:data2\" content=\"3 \u043c\u0438\u043d\u0443\u0442\u0430\" \/>\n<script type=\"application\/ld+json\" class=\"yoast-schema-graph\">{\"@context\":\"https:\/\/schema.org\",\"@graph\":[{\"@type\":\"WebPage\",\"@id\":\"https:\/\/president-ksgov.net\/sr\/predsednica-osmani-ono-sto-narod-ukrajine-proivljava-budi-seanja-na-teske-rane-koje-je-graanima-kosova-tokom-devedesetih-naneo-genocidni-reim-srbije\/\",\"url\":\"https:\/\/president-ksgov.net\/sr\/predsednica-osmani-ono-sto-narod-ukrajine-proivljava-budi-seanja-na-teske-rane-koje-je-graanima-kosova-tokom-devedesetih-naneo-genocidni-reim-srbije\/\",\"name\":\"Predsednica Osmani: Ono \u0161to narod Ukrajine pro&#158;ivljava budi se&cacute;anja na te\u0161ke rane koje je gra&dstrok;anima Kosova tokom devedesetih naneo genocidni re&#158;im Srbije - Predsednik Republike Kosovo - DR. VJOSA OSMANI - SADRIU\",\"isPartOf\":{\"@id\":\"https:\/\/president-ksgov.net\/#website\"},\"primaryImageOfPage\":{\"@id\":\"https:\/\/president-ksgov.net\/sr\/predsednica-osmani-ono-sto-narod-ukrajine-proivljava-budi-seanja-na-teske-rane-koje-je-graanima-kosova-tokom-devedesetih-naneo-genocidni-reim-srbije\/#primaryimage\"},\"image\":{\"@id\":\"https:\/\/president-ksgov.net\/sr\/predsednica-osmani-ono-sto-narod-ukrajine-proivljava-budi-seanja-na-teske-rane-koje-je-graanima-kosova-tokom-devedesetih-naneo-genocidni-reim-srbije\/#primaryimage\"},\"thumbnailUrl\":\"https:\/\/president-ksgov.net\/wp-content\/uploads\/07_03_2022_5139532_7_3_22_5.jpg\",\"datePublished\":\"2022-03-07T12:37:40+00:00\",\"dateModified\":\"2022-03-07T12:37:40+00:00\",\"author\":{\"@id\":\"https:\/\/president-ksgov.net\/#\/schema\/person\/bb4337a5fb147cb2046d80548172cbee\"},\"description\":\"Predsednica Osmani: Ono \u0161to narod Ukrajine pro&#158;ivljava budi se&cacute;anja na te\u0161ke rane koje je gra&dstrok;anima Kosova tokom devedesetih naneo genocidni re&#158;im Srbije - Predsednik Republike Kosovo - DR. VJOSA OSMANI - SADRIU -\",\"breadcrumb\":{\"@id\":\"https:\/\/president-ksgov.net\/sr\/predsednica-osmani-ono-sto-narod-ukrajine-proivljava-budi-seanja-na-teske-rane-koje-je-graanima-kosova-tokom-devedesetih-naneo-genocidni-reim-srbije\/#breadcrumb\"},\"inLanguage\":\"sr-RS\",\"potentialAction\":[{\"@type\":\"ReadAction\",\"target\":[\"https:\/\/president-ksgov.net\/sr\/predsednica-osmani-ono-sto-narod-ukrajine-proivljava-budi-seanja-na-teske-rane-koje-je-graanima-kosova-tokom-devedesetih-naneo-genocidni-reim-srbije\/\"]}]},{\"@type\":\"ImageObject\",\"inLanguage\":\"sr-RS\",\"@id\":\"https:\/\/president-ksgov.net\/sr\/predsednica-osmani-ono-sto-narod-ukrajine-proivljava-budi-seanja-na-teske-rane-koje-je-graanima-kosova-tokom-devedesetih-naneo-genocidni-reim-srbije\/#primaryimage\",\"url\":\"https:\/\/president-ksgov.net\/wp-content\/uploads\/07_03_2022_5139532_7_3_22_5.jpg\",\"contentUrl\":\"https:\/\/president-ksgov.net\/wp-content\/uploads\/07_03_2022_5139532_7_3_22_5.jpg\",\"width\":1280,\"height\":853},{\"@type\":\"BreadcrumbList\",\"@id\":\"https:\/\/president-ksgov.net\/sr\/predsednica-osmani-ono-sto-narod-ukrajine-proivljava-budi-seanja-na-teske-rane-koje-je-graanima-kosova-tokom-devedesetih-naneo-genocidni-reim-srbije\/#breadcrumb\",\"itemListElement\":[{\"@type\":\"ListItem\",\"position\":1,\"name\":\"Home\",\"item\":\"https:\/\/president-ksgov.net\/sr\/\"},{\"@type\":\"ListItem\",\"position\":2,\"name\":\"Predsednica Osmani: Ono \u0161to narod Ukrajine pro&#158;ivljava budi se&cacute;anja na te\u0161ke rane koje je gra&dstrok;anima Kosova tokom devedesetih naneo genocidni re&#158;im Srbije\"}]},{\"@type\":\"WebSite\",\"@id\":\"https:\/\/president-ksgov.net\/#website\",\"url\":\"https:\/\/president-ksgov.net\/\",\"name\":\"Presidente e Republik\u00ebs s\u00eb Kosov\u00ebs\",\"description\":\"Presidente e Republik\u00ebs s\u00eb Kosov\u00ebs\",\"alternateName\":\"DR. VJOSA OSMANI - SADRIU\",\"potentialAction\":[{\"@type\":\"SearchAction\",\"target\":{\"@type\":\"EntryPoint\",\"urlTemplate\":\"https:\/\/president-ksgov.net\/?s={search_term_string}\"},\"query-input\":{\"@type\":\"PropertyValueSpecification\",\"valueRequired\":true,\"valueName\":\"search_term_string\"}}],\"inLanguage\":\"sr-RS\"},{\"@type\":\"Person\",\"@id\":\"https:\/\/president-ksgov.net\/#\/schema\/person\/bb4337a5fb147cb2046d80548172cbee\",\"name\":\"admin\",\"image\":{\"@type\":\"ImageObject\",\"inLanguage\":\"sr-RS\",\"@id\":\"https:\/\/president-ksgov.net\/#\/schema\/person\/image\/\",\"url\":\"https:\/\/secure.gravatar.com\/avatar\/36156ca0fa3b8d9d25174f146e16beea0cf28f37adf1b9e19b6c9c279a7c9dd3?s=96&d=mm&r=g\",\"contentUrl\":\"https:\/\/secure.gravatar.com\/avatar\/36156ca0fa3b8d9d25174f146e16beea0cf28f37adf1b9e19b6c9c279a7c9dd3?s=96&d=mm&r=g\",\"caption\":\"admin\"},\"sameAs\":[\"https:\/\/president-ksgov.net\"]}]}<\/script>\n<!-- \/ Yoast SEO plugin. -->","yoast_head_json":{"title":"Predsednica Osmani: Ono \u0161to narod Ukrajine pro&#158;ivljava budi se&cacute;anja na te\u0161ke rane koje je gra&dstrok;anima Kosova tokom devedesetih naneo genocidni re&#158;im Srbije - Predsednik Republike Kosovo - DR. VJOSA OSMANI - SADRIU","description":"Predsednica Osmani: Ono \u0161to narod Ukrajine pro&#158;ivljava budi se&cacute;anja na te\u0161ke rane koje je gra&dstrok;anima Kosova tokom devedesetih naneo genocidni re&#158;im Srbije - Predsednik Republike Kosovo - DR. VJOSA OSMANI - SADRIU -","robots":{"index":"index","follow":"follow","max-snippet":"max-snippet:-1","max-image-preview":"max-image-preview:large","max-video-preview":"max-video-preview:-1"},"canonical":"https:\/\/president-ksgov.net\/sr\/predsednica-osmani-ono-sto-narod-ukrajine-proivljava-budi-seanja-na-teske-rane-koje-je-graanima-kosova-tokom-devedesetih-naneo-genocidni-reim-srbije\/","og_locale":"sr_RS","og_type":"article","og_title":"Predsednica Osmani: Ono \u0161to narod Ukrajine pro&#158;ivljava budi se&cacute;anja na te\u0161ke rane koje je gra&dstrok;anima Kosova tokom devedesetih naneo genocidni re&#158;im Srbije - Predsednik Republike Kosovo - DR. VJOSA OSMANI - SADRIU","og_description":"Predsednica Osmani: Ono \u0161to narod Ukrajine pro&#158;ivljava budi se&cacute;anja na te\u0161ke rane koje je gra&dstrok;anima Kosova tokom devedesetih naneo genocidni re&#158;im Srbije - Predsednik Republike Kosovo - DR. VJOSA OSMANI - SADRIU -","og_url":"https:\/\/president-ksgov.net\/sr\/predsednica-osmani-ono-sto-narod-ukrajine-proivljava-budi-seanja-na-teske-rane-koje-je-graanima-kosova-tokom-devedesetih-naneo-genocidni-reim-srbije\/","og_site_name":"Predsednik Republike Kosovo - DR. VJOSA OSMANI - SADRIU","article_published_time":"2022-03-07T12:37:40+00:00","og_image":[{"width":1280,"height":853,"url":"https:\/\/president-ksgov.net\/wp-content\/uploads\/07_03_2022_5139532_7_3_22_5.jpg","type":"image\/jpeg"}],"author":"admin","twitter_card":"summary_large_image","twitter_misc":{"\u041d\u0430\u043f\u0438\u0441\u0430\u043d\u043e \u043e\u0434":"admin","\u041f\u0440\u043e\u0446\u0435\u045a\u0435\u043d\u043e \u0432\u0440\u0435\u043c\u0435 \u0447\u0438\u0442\u0430\u045a\u0430":"3 \u043c\u0438\u043d\u0443\u0442\u0430"},"schema":{"@context":"https:\/\/schema.org","@graph":[{"@type":"WebPage","@id":"https:\/\/president-ksgov.net\/sr\/predsednica-osmani-ono-sto-narod-ukrajine-proivljava-budi-seanja-na-teske-rane-koje-je-graanima-kosova-tokom-devedesetih-naneo-genocidni-reim-srbije\/","url":"https:\/\/president-ksgov.net\/sr\/predsednica-osmani-ono-sto-narod-ukrajine-proivljava-budi-seanja-na-teske-rane-koje-je-graanima-kosova-tokom-devedesetih-naneo-genocidni-reim-srbije\/","name":"Predsednica Osmani: Ono \u0161to narod Ukrajine pro&#158;ivljava budi se&cacute;anja na te\u0161ke rane koje je gra&dstrok;anima Kosova tokom devedesetih naneo genocidni re&#158;im Srbije - Predsednik Republike Kosovo - DR. VJOSA OSMANI - SADRIU","isPartOf":{"@id":"https:\/\/president-ksgov.net\/#website"},"primaryImageOfPage":{"@id":"https:\/\/president-ksgov.net\/sr\/predsednica-osmani-ono-sto-narod-ukrajine-proivljava-budi-seanja-na-teske-rane-koje-je-graanima-kosova-tokom-devedesetih-naneo-genocidni-reim-srbije\/#primaryimage"},"image":{"@id":"https:\/\/president-ksgov.net\/sr\/predsednica-osmani-ono-sto-narod-ukrajine-proivljava-budi-seanja-na-teske-rane-koje-je-graanima-kosova-tokom-devedesetih-naneo-genocidni-reim-srbije\/#primaryimage"},"thumbnailUrl":"https:\/\/president-ksgov.net\/wp-content\/uploads\/07_03_2022_5139532_7_3_22_5.jpg","datePublished":"2022-03-07T12:37:40+00:00","dateModified":"2022-03-07T12:37:40+00:00","author":{"@id":"https:\/\/president-ksgov.net\/#\/schema\/person\/bb4337a5fb147cb2046d80548172cbee"},"description":"Predsednica Osmani: Ono \u0161to narod Ukrajine pro&#158;ivljava budi se&cacute;anja na te\u0161ke rane koje je gra&dstrok;anima Kosova tokom devedesetih naneo genocidni re&#158;im Srbije - Predsednik Republike Kosovo - DR. VJOSA OSMANI - SADRIU -","breadcrumb":{"@id":"https:\/\/president-ksgov.net\/sr\/predsednica-osmani-ono-sto-narod-ukrajine-proivljava-budi-seanja-na-teske-rane-koje-je-graanima-kosova-tokom-devedesetih-naneo-genocidni-reim-srbije\/#breadcrumb"},"inLanguage":"sr-RS","potentialAction":[{"@type":"ReadAction","target":["https:\/\/president-ksgov.net\/sr\/predsednica-osmani-ono-sto-narod-ukrajine-proivljava-budi-seanja-na-teske-rane-koje-je-graanima-kosova-tokom-devedesetih-naneo-genocidni-reim-srbije\/"]}]},{"@type":"ImageObject","inLanguage":"sr-RS","@id":"https:\/\/president-ksgov.net\/sr\/predsednica-osmani-ono-sto-narod-ukrajine-proivljava-budi-seanja-na-teske-rane-koje-je-graanima-kosova-tokom-devedesetih-naneo-genocidni-reim-srbije\/#primaryimage","url":"https:\/\/president-ksgov.net\/wp-content\/uploads\/07_03_2022_5139532_7_3_22_5.jpg","contentUrl":"https:\/\/president-ksgov.net\/wp-content\/uploads\/07_03_2022_5139532_7_3_22_5.jpg","width":1280,"height":853},{"@type":"BreadcrumbList","@id":"https:\/\/president-ksgov.net\/sr\/predsednica-osmani-ono-sto-narod-ukrajine-proivljava-budi-seanja-na-teske-rane-koje-je-graanima-kosova-tokom-devedesetih-naneo-genocidni-reim-srbije\/#breadcrumb","itemListElement":[{"@type":"ListItem","position":1,"name":"Home","item":"https:\/\/president-ksgov.net\/sr\/"},{"@type":"ListItem","position":2,"name":"Predsednica Osmani: Ono \u0161to narod Ukrajine pro&#158;ivljava budi se&cacute;anja na te\u0161ke rane koje je gra&dstrok;anima Kosova tokom devedesetih naneo genocidni re&#158;im Srbije"}]},{"@type":"WebSite","@id":"https:\/\/president-ksgov.net\/#website","url":"https:\/\/president-ksgov.net\/","name":"Presidente e Republik\u00ebs s\u00eb Kosov\u00ebs","description":"Presidente e Republik\u00ebs s\u00eb Kosov\u00ebs","alternateName":"DR. VJOSA OSMANI - SADRIU","potentialAction":[{"@type":"SearchAction","target":{"@type":"EntryPoint","urlTemplate":"https:\/\/president-ksgov.net\/?s={search_term_string}"},"query-input":{"@type":"PropertyValueSpecification","valueRequired":true,"valueName":"search_term_string"}}],"inLanguage":"sr-RS"},{"@type":"Person","@id":"https:\/\/president-ksgov.net\/#\/schema\/person\/bb4337a5fb147cb2046d80548172cbee","name":"admin","image":{"@type":"ImageObject","inLanguage":"sr-RS","@id":"https:\/\/president-ksgov.net\/#\/schema\/person\/image\/","url":"https:\/\/secure.gravatar.com\/avatar\/36156ca0fa3b8d9d25174f146e16beea0cf28f37adf1b9e19b6c9c279a7c9dd3?s=96&d=mm&r=g","contentUrl":"https:\/\/secure.gravatar.com\/avatar\/36156ca0fa3b8d9d25174f146e16beea0cf28f37adf1b9e19b6c9c279a7c9dd3?s=96&d=mm&r=g","caption":"admin"},"sameAs":["https:\/\/president-ksgov.net"]}]}},"_links":{"self":[{"href":"https:\/\/president-ksgov.net\/sr\/wp-json\/wp\/v2\/posts\/74487","targetHints":{"allow":["GET"]}}],"collection":[{"href":"https:\/\/president-ksgov.net\/sr\/wp-json\/wp\/v2\/posts"}],"about":[{"href":"https:\/\/president-ksgov.net\/sr\/wp-json\/wp\/v2\/types\/post"}],"author":[{"embeddable":true,"href":"https:\/\/president-ksgov.net\/sr\/wp-json\/wp\/v2\/users\/1"}],"replies":[{"embeddable":true,"href":"https:\/\/president-ksgov.net\/sr\/wp-json\/wp\/v2\/comments?post=74487"}],"version-history":[{"count":0,"href":"https:\/\/president-ksgov.net\/sr\/wp-json\/wp\/v2\/posts\/74487\/revisions"}],"wp:featuredmedia":[{"embeddable":true,"href":"https:\/\/president-ksgov.net\/sr\/wp-json\/wp\/v2\/media\/15444"}],"wp:attachment":[{"href":"https:\/\/president-ksgov.net\/sr\/wp-json\/wp\/v2\/media?parent=74487"}],"wp:term":[{"taxonomy":"category","embeddable":true,"href":"https:\/\/president-ksgov.net\/sr\/wp-json\/wp\/v2\/categories?post=74487"},{"taxonomy":"post_tag","embeddable":true,"href":"https:\/\/president-ksgov.net\/sr\/wp-json\/wp\/v2\/tags?post=74487"}],"curies":[{"name":"wp","href":"https:\/\/api.w.org\/{rel}","templated":true}]}}