{"id":74481,"date":"2022-03-03T11:02:18","date_gmt":"2022-03-03T11:02:18","guid":{"rendered":"https:\/\/dev.president-ksgov.net\/uloga-svetskih-lidera\/"},"modified":"2023-03-08T09:00:34","modified_gmt":"2023-03-08T09:00:34","slug":"uloga-svetskih-lidera","status":"publish","type":"post","link":"https:\/\/president-ksgov.net\/sr\/uloga-svetskih-lidera\/","title":{"rendered":"ULOGA SVETSKIH LIDERA"},"content":{"rendered":"<p>Po\u0161tovani predsedni&ccaron;e Vella,<br \/>\nPredsedni&ccaron;e Meta,<br \/>\nPredsedni&ccaron;e Mesi&cacute;u,<br \/>\nPo\u0161tovani organizatori, g. AbdulAziz Saud Al-Babtain,<br \/>\nPo\u0161tovani u&ccaron;esnici Svetskog foruma za kulturu mira,<br \/>\nDame i gospodo,<\/p>\n<p>Zadovoljstvo je biti ovde danas, u prelepoj Valeti, i hvala vam \u0161to ste izabrali mir kao ujedinjuju&cacute;u snagu. Jer mir je zaista ono \u0161to spaja ljude.<\/p>\n<p>Po&ccaron;astvovana sam \u0161to imam priliku da razgovaram sa vama danas ovde i da predstavljam miroljubivi narod Republike Kosovo na ovom forumu.<\/p>\n<p>Mir je, po\u0161tovani u&ccaron;esnici, ne\u0161to \u0161to moj narod veoma ceni, jer poznajemo ono \u0161to mu je suprotno. Razumemo apsolutno uni\u0161tenje koje dolazi kada mir izostane.<\/p>\n<p>Mi razumemo i cenimo slobodu i demokratiju &#8211; ali iznad svega, narod Kosova po\u0161tuje ljudske vrednosti i ljudska prava.<\/p>\n<p>Dragi prijatelji, svaka osoba na ovoj planeti ne samo da zaslu&#382;uje, ve&cacute; i ima pravo na mir.<\/p>\n<p>I ja verujem da postoji jo\u0161 mnogo toga, kao svetski lideri, ali i kao pojedinci, \u0161to mo&#382;emo da u&ccaron;inimo da tome doprinesemo slu\u0161aju&cacute;i jedni druge i kroz dijalog i posredovanje.<\/p>\n<p>Da citiram biv\u0161u prvu damu, diplomatu i aktivistu Eleanor Roosevelt:<\/p>\n<p>\u201eNije dovoljno govoriti o miru. &Ccaron;ovek mora verovati u njega. I nije dovoljno verovati u njega. Moramo da radimo na njemu\u201c.<\/p>\n<p>Moramo raditi na njemu, jer mir i sigurnost su su\u0161tinski faktor ljudskog &#382;ivota. Mirno i sigurno okru&#382;enje je klju&ccaron;no za svako dru\u0161tvo, jer uti&ccaron;e na sve aspekte ekonomskog i dru\u0161tvenog razvoja zemlje.<\/p>\n<p>Imaju&cacute;i to na umu, bilo bi neoprezno od mene da stojim ovde danas i pri&ccaron;am o miru, kada se tako flagrantno naru\u0161ava dok govorimo.<\/p>\n<p>Evropski kontinent je u vanrednom stanju.<\/p>\n<p>Dok se danas okupljamo ovde da razgovaramo o \u201evo&dstrok;stvu za pravi&ccaron;an mir\u201c, narod Ukrajine se suo&ccaron;ava sa agresijom, terorom i ozbiljnim kr\u0161enjima njihovih ljudskih prava. Jo\u0161 jednom, skoro 80 \u00e2\u20ac\u2039\u00e2\u20ac\u2039godina nakon zavr\u0161etka Drugog svetskog rata i 23 godine nakon zavr\u0161etka rata na Kosovu, Evropa je \u0161okirana onim \u0161to smo obe&cacute;ali da se nikada vi\u0161e ne&cacute;e ponoviti.<\/p>\n<p>Ali dragi prijatelji, ono \u0161to se de\u0161ava u Ukrajini jednostavno ne&cacute;e prestati da se de\u0161ava, niti &cacute;e se ono \u0161to se de\u0161avalo u pro\u0161losti ikada prestati da se ponavlja, sve dok se koristi jezik i praksa smirivanja diktatora. U ovakvim situacijama, &cacute;utanje i izbor da &cacute;uti\u0161 &ccaron;ini osobu kooperativnom. Jer, pred nepravdom, ratnim zlo&ccaron;inima i zlo&ccaron;inima protiv &ccaron;ove&ccaron;nosti, moramo da podignemo svoj kolektivni glas ZA &ccaron;ove&ccaron;anstvo, za pravdu i mir.<br \/>\n\u00a0<br \/>\nDok se Ukrajina suo&ccaron;ava sa ni&ccaron;im izazvanim ratom, i dok ostatak sveta gleda kako se odvija pred na\u0161im o&ccaron;ima, ne mo&#382;emo da zastanemo, a da se ne zapitamo kakva je zapravo uloga svetskih lidera?<br \/>\nIako mnogima ovo mo&#382;e zvu&ccaron;ati kao veli&ccaron;anstvena retorika, odgovor na to mo&#382;e odrediti sudbinu na\u0161ih dru\u0161tava i sudbinu na\u0161e dana\u0161nje istorije. Tokom ovih mra&ccaron;nih sati za na\u0161 kontinent, moramo se podsetiti su\u0161tinske istine:<\/p>\n<p>Ako mir u Ukrajini ne prevlada, globalni mir tako&dstrok;e rizikuje neuspeh. A ako svetski lideri ne uspeju da se ujedine i odupru agresiji i hegemonisti&ccaron;kom apetitu dana\u0161njih autokrata, demokratija mo&#382;e propasti.<\/p>\n<p>Divno je videti da je u ovim trenucima demokratski svet koji je ujedinjen vi\u0161e nego ikada. Jasan jezik, jezik istine, saose&cacute;anja i podr\u0161ke jedni drugima, kao i akcije koje odgovaraju tom jeziku, najbolje su oru&dstrok;e koje imamo da izazovemo sile koje stoje na drugoj strani. Jedini na&ccaron;in da se odr&#382;i mir je kroz razumevanje i komunikaciju. Iako ponekad mo&#382;e izgledati izazovno ili &ccaron;ak nemogu&cacute;e, to je na\u0161a najbolja \u0161ansa da napredujemo.<\/p>\n<p>Ekselencije,<br \/>\nDame i gospodo,<\/p>\n<p>Uprkos ogromnom napretku koji smo postigli kao dr&#382;ava i zapravo kao kontinent, danas smo svi svesni da su pretnje miru i bezbednosti stalne i aktivne.<\/p>\n<p>I dok mi je zadovoljstvo \u0161to sa ponosom gledam na napredak Kosova i ostajem izuzetno optimisti&ccaron;na u pogledu na\u0161e budu&cacute;nosti kao suverene i nezavisne nacije.<\/p>\n<p>Flagrantni napad Rusije na suverenitet i teritorijalni integritet Ukrajine s pravom je \u0161okirao svet. To nas je \u0161okiralo jer pokazuje da je bitka izme&dstrok;u demokratije i hegemonije koja se vodi u Ukrajini zapravo mnogo vi\u0161e od zemlje i agresivnog suseda.<\/p>\n<p>Na kraju krajeva i u potpunosti, to je sukob vrednosti. Aktivan napad na vrednosti koje &ccaron;vrsto stoje u temeljima na\u0161eg kontinenta i Unije.<\/p>\n<p>Me&dstrok;utim, ono &ccaron;emu nas ovi najmra&ccaron;niji trenuci u&ccaron;e jeste potreba da se dr&#382;imo zajedno i vrednosti humanizma, mira i demokratskih sloboda.<\/p>\n<p>Kada je na\u0161 na&ccaron;in &#382;ivota na neki na&ccaron;in ugro&#382;en toliko namerno, moramo raditi zajedno za svetliju budu&cacute;nost. U ovim te\u0161kim trenucima za &ccaron;ove&ccaron;anstvo, hajde da se svi zalo&#382;imo da &cacute;emo biti glas nevinog naroda Ukrajine, koji je na udaru agresora koji ne poznaje granice svoje hegemonije. Ujedinimo svoje glasove da se svi zajedno &ccaron;uju kada ka&#382;emo da &cacute;e sloboda i demokratija ponovo trijumfovati. Oni su dominirali Kosovom 1999. godine i dominira&cacute;e Ukrajinom sada 2022. godine.<\/p>\n<p>I dok se zajedno borimo protiv ruske propagande, ne zaboravimo da su koordinacija i komunikacija, bez sumnje, su\u0161tinski stubovi te svetliju, prosperitetniju i mirniju budu&cacute;nost.<\/p>\n<p>Dame i gospodo,<\/p>\n<p>&Zcaron;elim na trenutak da ka&#382;em da je ovo na\u0161a \u0161ansa da poka&#382;emo na\u0161oj deci i budu&cacute;im generacijama da svet u kome kultura ujedinjuje ljude i prevazilazi podele; svet u kome su za\u0161ti&cacute;ena prava dr&#382;ava, bez obzira koliko su velike ili male; a svet u kome mir &#8211; samo mir &#8211; cveta, je zaista mogu&cacute;\u00cc\u00c2 svet.<\/p>\n<p>Sa sve ve&cacute;im tendencijama dezinformacija, la&#382;nih vesti i fenomena trola, stalno smo izlo&#382;eni razli&ccaron;itim realnostima, la&#382;nim realnostima, realnostima koje su prilago&dstrok;ene da izazivaju emotivne, impulsivne, a ponekad i iracionalne reakcije. To je ogromna mo&cacute; dezinformacija i la&#382;nih vesti koja preti demokratijama i uni\u0161tava stvarnost zasnovanu na &ccaron;injenicama. Ali &ccaron;ak i za ovo postoji lek i trajno re\u0161enje.<\/p>\n<p>Odgovor na ovo je jednostavan: moramo koristiti svoje glasove &#8211; na\u0161e kolektivne glasove. Moramo da koristimo dru\u0161tvene medije upravo da bismo razotkrili njihovu negativnu stvarnost. Moramo naporno da radimo kako bismo bili sigurni da dru\u0161tveni mediji rade za na\u0161e dobro, umesto obrnuto. Moramo staviti dru\u0161tvene medije u slu&#382;bu mira.<\/p>\n<p>I, suo&ccaron;eni sa ovim doga&dstrok;ajima, svetski lideri ne mogu da miruju. Ne bi trebalo da stoje u mestu. Na\u0161a je moralna i ustavna obaveza da obezbedimo da patnje i gubici na\u0161ih gra&dstrok;ana prestanu, a da se na isti na&ccaron;in borimo protiv nepravde i nejednakosti u svim oblastima &#382;ivota.<\/p>\n<p>Na\u0161a je krajnja odgovornost da govorimo re&ccaron;i istine i da stvari nazovemo onakvima kakve one zaista jesu. I dok nastojimo da to uradimo, potrudimo se da prenesemo jasnu poruku na\u0161im ljudima, na\u0161im zemljama i svetu: Osigurajmo da se anga&#382;ujemo i uvek biramo mir na prvom mestu.<\/p>\n<p>Dame i gospodo,<\/p>\n<p>Dana\u0161nji doga&dstrok;aji u svetu su upravo razlog za\u0161to treba da cenimo mir i da radimo na tome. Jer suprotno je smrt i uni\u0161tenje. Narod Kosova je spoznao\u00a0 suprotno od mira i dobro je svestan bola i patnje koje izaziva suprotnost mira i demokratije.<\/p>\n<p>Iz tog razloga, na\u0161e aktivno anga&#382;ovanje za mir, bezbednost i stabilnost u na\u0161em regionu i \u0161ire je vi\u0161e od posla. To je sveta du&#382;nost koju dugujemo budu&cacute;im generacijama, da nikada ne pro&dstrok;u ono \u0161to smo mi morali. Mir je harmonija, a harmonija je solidarnost, to je sloboda. Mir je jedinstvo i zajedni&ccaron;ko anga&#382;ovanje da se realnost \u201eNikad vi\u0161e\u201c o&#382;ivi. Ali dugoro&ccaron;ni mir je mogu&cacute; samo kada postoji pravda. Radimo zajedno da to bude mogu&cacute;e. Udru&#382;imo snage i glasove da poka&#382;emo istinsko vo&dstrok;stvo u ovim destruktivnim vremenima, kako bi nas sve &ccaron;ekala svetlija, bolja i mirnija budu&cacute;nost.<\/p>\n<p>Dok stojimo ovde danas i nakon \u0161to se vratimo u na\u0161e zemlje, postarajte se da uvek zadr&#382;imo srce koje slu\u0161a, otvoren um i posvetimo se stalnom odr&#382;avanju i negovanju volje da se anga&#382;ujemo za ve&cacute;e dobro.\u00a0<\/p>\n<p>Hvala vam.<\/p>\n","protected":false},"excerpt":{"rendered":"<p>Po\u0161tovani predsedni&ccaron;e Vella, Predsedni&ccaron;e Meta, Predsedni&ccaron;e Mesi&cacute;u, Po\u0161tovani organizatori, g. AbdulAziz Saud Al-Babtain, Po\u0161tovani u&ccaron;esnici Svetskog foruma za kulturu mira, Dame i gospodo, Zadovoljstvo je biti ovde danas, u prelepoj Valeti, i hvala vam \u0161to ste izabrali mir kao ujedinjuju&cacute;u snagu. Jer mir je zaista ono \u0161to spaja ljude. Po&ccaron;astvovana sam \u0161to imam priliku da razgovaram sa vama danas ovde i da predstavljam miroljubivi narod Republike Kosovo na ovom forumu. Mir je, po\u0161tovani u&ccaron;esnici, ne\u0161to \u0161to moj narod veoma ceni, jer poznajemo ono \u0161to mu je suprotno. Razumemo apsolutno uni\u0161tenje koje dolazi kada mir izostane. Mi razumemo i cenimo slobodu i demokratiju &#8211; ali iznad svega, narod Kosova po\u0161tuje ljudske vrednosti i ljudska prava. Dragi prijatelji, svaka osoba na ovoj planeti ne samo da zaslu&#382;uje, ve&cacute; i ima pravo na mir. I ja verujem da postoji jo\u0161 mnogo toga, kao svetski lideri, ali i kao pojedinci, \u0161to mo&#382;emo da u&ccaron;inimo da tome doprinesemo slu\u0161aju&cacute;i jedni druge i kroz dijalog i posredovanje. Da citiram biv\u0161u prvu damu, diplomatu i aktivistu Eleanor Roosevelt: \u201eNije dovoljno govoriti o miru. &Ccaron;ovek mora verovati u njega. I nije dovoljno verovati u njega. Moramo da radimo na njemu\u201c. Moramo raditi na njemu, jer mir i sigurnost su su\u0161tinski faktor ljudskog &#382;ivota. Mirno i sigurno okru&#382;enje je klju&ccaron;no za svako dru\u0161tvo, jer uti&ccaron;e na sve aspekte ekonomskog i dru\u0161tvenog razvoja zemlje. Imaju&cacute;i to na umu, bilo bi neoprezno od mene da stojim ovde danas i pri&ccaron;am o miru, kada se tako flagrantno naru\u0161ava dok govorimo. Evropski kontinent je u vanrednom stanju. Dok se danas okupljamo ovde da razgovaramo o \u201evo&dstrok;stvu za pravi&ccaron;an mir\u201c, narod Ukrajine se suo&ccaron;ava sa agresijom, terorom i ozbiljnim kr\u0161enjima njihovih ljudskih prava. Jo\u0161 jednom, skoro 80 \u00e2\u20ac\u2039\u00e2\u20ac\u2039godina nakon zavr\u0161etka Drugog svetskog rata i 23 godine nakon zavr\u0161etka rata na Kosovu, Evropa je \u0161okirana onim \u0161to smo obe&cacute;ali da se nikada vi\u0161e ne&cacute;e ponoviti. Ali dragi prijatelji, ono \u0161to se de\u0161ava u Ukrajini jednostavno ne&cacute;e prestati da se de\u0161ava, niti &cacute;e se ono \u0161to se de\u0161avalo u pro\u0161losti ikada prestati da se ponavlja, sve dok se koristi jezik i praksa smirivanja diktatora. U ovakvim situacijama, &cacute;utanje i izbor da &cacute;uti\u0161 &ccaron;ini osobu kooperativnom. Jer, pred nepravdom, ratnim zlo&ccaron;inima i zlo&ccaron;inima protiv &ccaron;ove&ccaron;nosti, moramo da podignemo svoj kolektivni glas ZA &ccaron;ove&ccaron;anstvo, za pravdu i mir. \u00a0 Dok se Ukrajina suo&ccaron;ava sa ni&ccaron;im izazvanim ratom, i dok ostatak sveta gleda kako se odvija pred na\u0161im o&ccaron;ima, ne mo&#382;emo da zastanemo, a da se ne zapitamo kakva je zapravo uloga svetskih lidera? Iako mnogima ovo mo&#382;e zvu&ccaron;ati kao veli&ccaron;anstvena retorika, odgovor na to mo&#382;e odrediti sudbinu na\u0161ih dru\u0161tava i sudbinu na\u0161e dana\u0161nje istorije. Tokom ovih mra&ccaron;nih sati za na\u0161 kontinent, moramo se podsetiti su\u0161tinske istine: Ako mir u Ukrajini ne prevlada, globalni mir tako&dstrok;e rizikuje neuspeh. A ako svetski lideri ne uspeju da se ujedine i odupru agresiji i hegemonisti&ccaron;kom apetitu dana\u0161njih autokrata, demokratija mo&#382;e propasti. Divno je videti da je u ovim trenucima demokratski svet koji je ujedinjen vi\u0161e nego ikada. Jasan jezik, jezik istine, saose&cacute;anja i podr\u0161ke jedni drugima, kao i akcije koje odgovaraju tom jeziku, najbolje su oru&dstrok;e koje imamo da izazovemo sile koje stoje na drugoj strani. Jedini na&ccaron;in da se odr&#382;i mir je kroz razumevanje i komunikaciju. Iako ponekad mo&#382;e izgledati izazovno ili &ccaron;ak nemogu&cacute;e, to je na\u0161a najbolja \u0161ansa da napredujemo. Ekselencije, Dame i gospodo, Uprkos ogromnom napretku koji smo postigli kao dr&#382;ava i zapravo kao kontinent, danas smo svi svesni da su pretnje miru i bezbednosti stalne i aktivne. I dok mi je zadovoljstvo \u0161to sa ponosom gledam na napredak Kosova i ostajem izuzetno optimisti&ccaron;na u pogledu na\u0161e budu&cacute;nosti kao suverene i nezavisne nacije. Flagrantni napad Rusije na suverenitet i teritorijalni integritet Ukrajine s pravom je \u0161okirao svet. To nas je \u0161okiralo jer pokazuje da je bitka izme&dstrok;u demokratije i hegemonije koja se vodi u Ukrajini zapravo mnogo vi\u0161e od zemlje i agresivnog suseda. Na kraju krajeva i u potpunosti, to je sukob vrednosti. Aktivan napad na vrednosti koje &ccaron;vrsto stoje u temeljima na\u0161eg kontinenta i Unije. Me&dstrok;utim, ono &ccaron;emu nas ovi najmra&ccaron;niji trenuci u&ccaron;e jeste potreba da se dr&#382;imo zajedno i vrednosti humanizma, mira i demokratskih sloboda. Kada je na\u0161 na&ccaron;in &#382;ivota na neki na&ccaron;in ugro&#382;en toliko namerno, moramo raditi zajedno za svetliju budu&cacute;nost. U ovim te\u0161kim trenucima za &ccaron;ove&ccaron;anstvo, hajde da se svi zalo&#382;imo da &cacute;emo biti glas nevinog naroda Ukrajine, koji je na udaru agresora koji ne poznaje granice svoje hegemonije. Ujedinimo svoje glasove da se svi zajedno &ccaron;uju kada ka&#382;emo da &cacute;e sloboda i demokratija ponovo trijumfovati. Oni su dominirali Kosovom 1999. godine i dominira&cacute;e Ukrajinom sada 2022. godine. I dok se zajedno borimo protiv ruske propagande, ne zaboravimo da su koordinacija i komunikacija, bez sumnje, su\u0161tinski stubovi te svetliju, prosperitetniju i mirniju budu&cacute;nost. Dame i gospodo, &Zcaron;elim na trenutak da ka&#382;em da je ovo na\u0161a \u0161ansa da poka&#382;emo na\u0161oj deci i budu&cacute;im generacijama da svet u kome kultura ujedinjuje ljude i prevazilazi podele; svet u kome su za\u0161ti&cacute;ena prava dr&#382;ava, bez obzira koliko su velike ili male; a svet u kome mir &#8211; samo mir &#8211; cveta, je zaista mogu&cacute;\u00cc\u00c2 svet. Sa sve ve&cacute;im tendencijama dezinformacija, la&#382;nih vesti i fenomena trola, stalno smo izlo&#382;eni razli&ccaron;itim realnostima, la&#382;nim realnostima, realnostima koje su prilago&dstrok;ene da izazivaju emotivne, impulsivne, a ponekad i iracionalne reakcije. To je ogromna mo&cacute; dezinformacija i la&#382;nih vesti koja preti demokratijama i uni\u0161tava stvarnost zasnovanu na &ccaron;injenicama. Ali &ccaron;ak i za ovo postoji lek i trajno re\u0161enje. Odgovor na ovo je jednostavan: moramo koristiti svoje glasove &#8211; na\u0161e kolektivne glasove. Moramo da koristimo dru\u0161tvene medije upravo da bismo razotkrili njihovu negativnu stvarnost. Moramo naporno da radimo kako bismo bili sigurni da dru\u0161tveni mediji rade za na\u0161e dobro, umesto obrnuto. Moramo staviti dru\u0161tvene medije u slu&#382;bu mira. I, suo&ccaron;eni sa ovim doga&dstrok;ajima, svetski lideri ne mogu da miruju. Ne bi trebalo da stoje u mestu. Na\u0161a je moralna i ustavna obaveza da obezbedimo da patnje i gubici na\u0161ih gra&dstrok;ana prestanu, a da se na isti na&ccaron;in borimo protiv nepravde i nejednakosti u svim oblastima<\/p>\n","protected":false},"author":1,"featured_media":15390,"comment_status":"open","ping_status":"closed","sticky":false,"template":"","format":"standard","meta":{"_eb_attr":"","footnotes":""},"categories":[106],"tags":[],"class_list":["post-74481","post","type-post","status-publish","format-standard","has-post-thumbnail","hentry","category-govori"],"yoast_head":"<!-- This site is optimized with the Yoast SEO plugin v23.5 - https:\/\/yoast.com\/wordpress\/plugins\/seo\/ -->\n<title>ULOGA SVETSKIH LIDERA - Predsednik Republike Kosovo - DR. VJOSA OSMANI - SADRIU<\/title>\n<meta name=\"description\" content=\"ULOGA SVETSKIH LIDERA - Predsednik Republike Kosovo - DR. VJOSA OSMANI - SADRIU -\" \/>\n<meta name=\"robots\" content=\"index, follow, max-snippet:-1, max-image-preview:large, max-video-preview:-1\" \/>\n<link rel=\"canonical\" href=\"https:\/\/president-ksgov.net\/sr\/uloga-svetskih-lidera\/\" \/>\n<meta property=\"og:locale\" content=\"sr_RS\" \/>\n<meta property=\"og:type\" content=\"article\" \/>\n<meta property=\"og:title\" content=\"ULOGA SVETSKIH LIDERA - Predsednik Republike Kosovo - DR. VJOSA OSMANI - SADRIU\" \/>\n<meta property=\"og:description\" content=\"ULOGA SVETSKIH LIDERA - Predsednik Republike Kosovo - DR. VJOSA OSMANI - SADRIU -\" \/>\n<meta property=\"og:url\" content=\"https:\/\/president-ksgov.net\/sr\/uloga-svetskih-lidera\/\" \/>\n<meta property=\"og:site_name\" content=\"Predsednik Republike Kosovo - DR. VJOSA OSMANI - SADRIU\" \/>\n<meta property=\"article:published_time\" content=\"2022-03-03T11:02:18+00:00\" \/>\n<meta property=\"article:modified_time\" content=\"2023-03-08T09:00:34+00:00\" \/>\n<meta property=\"og:image\" content=\"https:\/\/president-ksgov.net\/wp-content\/uploads\/08_03_2022_7672253_mq1.jpg\" \/>\n\t<meta property=\"og:image:width\" content=\"320\" \/>\n\t<meta property=\"og:image:height\" content=\"180\" \/>\n\t<meta property=\"og:image:type\" content=\"image\/jpeg\" \/>\n<meta name=\"author\" content=\"admin\" \/>\n<meta name=\"twitter:card\" content=\"summary_large_image\" \/>\n<meta name=\"twitter:label1\" content=\"\u041d\u0430\u043f\u0438\u0441\u0430\u043d\u043e \u043e\u0434\" \/>\n\t<meta name=\"twitter:data1\" content=\"admin\" \/>\n\t<meta name=\"twitter:label2\" content=\"\u041f\u0440\u043e\u0446\u0435\u045a\u0435\u043d\u043e \u0432\u0440\u0435\u043c\u0435 \u0447\u0438\u0442\u0430\u045a\u0430\" \/>\n\t<meta name=\"twitter:data2\" content=\"7 \u043c\u0438\u043d\u0443\u0442\u0430\" \/>\n<script type=\"application\/ld+json\" class=\"yoast-schema-graph\">{\"@context\":\"https:\/\/schema.org\",\"@graph\":[{\"@type\":\"WebPage\",\"@id\":\"https:\/\/president-ksgov.net\/sr\/uloga-svetskih-lidera\/\",\"url\":\"https:\/\/president-ksgov.net\/sr\/uloga-svetskih-lidera\/\",\"name\":\"ULOGA SVETSKIH LIDERA - Predsednik Republike Kosovo - DR. VJOSA OSMANI - SADRIU\",\"isPartOf\":{\"@id\":\"https:\/\/president-ksgov.net\/#website\"},\"primaryImageOfPage\":{\"@id\":\"https:\/\/president-ksgov.net\/sr\/uloga-svetskih-lidera\/#primaryimage\"},\"image\":{\"@id\":\"https:\/\/president-ksgov.net\/sr\/uloga-svetskih-lidera\/#primaryimage\"},\"thumbnailUrl\":\"https:\/\/president-ksgov.net\/wp-content\/uploads\/08_03_2022_7672253_mq1.jpg\",\"datePublished\":\"2022-03-03T11:02:18+00:00\",\"dateModified\":\"2023-03-08T09:00:34+00:00\",\"author\":{\"@id\":\"https:\/\/president-ksgov.net\/#\/schema\/person\/bb4337a5fb147cb2046d80548172cbee\"},\"description\":\"ULOGA SVETSKIH LIDERA - Predsednik Republike Kosovo - DR. VJOSA OSMANI - SADRIU -\",\"breadcrumb\":{\"@id\":\"https:\/\/president-ksgov.net\/sr\/uloga-svetskih-lidera\/#breadcrumb\"},\"inLanguage\":\"sr-RS\",\"potentialAction\":[{\"@type\":\"ReadAction\",\"target\":[\"https:\/\/president-ksgov.net\/sr\/uloga-svetskih-lidera\/\"]}]},{\"@type\":\"ImageObject\",\"inLanguage\":\"sr-RS\",\"@id\":\"https:\/\/president-ksgov.net\/sr\/uloga-svetskih-lidera\/#primaryimage\",\"url\":\"https:\/\/president-ksgov.net\/wp-content\/uploads\/08_03_2022_7672253_mq1.jpg\",\"contentUrl\":\"https:\/\/president-ksgov.net\/wp-content\/uploads\/08_03_2022_7672253_mq1.jpg\",\"width\":320,\"height\":180},{\"@type\":\"BreadcrumbList\",\"@id\":\"https:\/\/president-ksgov.net\/sr\/uloga-svetskih-lidera\/#breadcrumb\",\"itemListElement\":[{\"@type\":\"ListItem\",\"position\":1,\"name\":\"Home\",\"item\":\"https:\/\/president-ksgov.net\/sr\/\"},{\"@type\":\"ListItem\",\"position\":2,\"name\":\"ULOGA SVETSKIH LIDERA\"}]},{\"@type\":\"WebSite\",\"@id\":\"https:\/\/president-ksgov.net\/#website\",\"url\":\"https:\/\/president-ksgov.net\/\",\"name\":\"Presidente e Republik\u00ebs s\u00eb Kosov\u00ebs\",\"description\":\"Presidente e Republik\u00ebs s\u00eb Kosov\u00ebs\",\"alternateName\":\"DR. VJOSA OSMANI - SADRIU\",\"potentialAction\":[{\"@type\":\"SearchAction\",\"target\":{\"@type\":\"EntryPoint\",\"urlTemplate\":\"https:\/\/president-ksgov.net\/?s={search_term_string}\"},\"query-input\":{\"@type\":\"PropertyValueSpecification\",\"valueRequired\":true,\"valueName\":\"search_term_string\"}}],\"inLanguage\":\"sr-RS\"},{\"@type\":\"Person\",\"@id\":\"https:\/\/president-ksgov.net\/#\/schema\/person\/bb4337a5fb147cb2046d80548172cbee\",\"name\":\"admin\",\"image\":{\"@type\":\"ImageObject\",\"inLanguage\":\"sr-RS\",\"@id\":\"https:\/\/president-ksgov.net\/#\/schema\/person\/image\/\",\"url\":\"https:\/\/secure.gravatar.com\/avatar\/36156ca0fa3b8d9d25174f146e16beea0cf28f37adf1b9e19b6c9c279a7c9dd3?s=96&d=mm&r=g\",\"contentUrl\":\"https:\/\/secure.gravatar.com\/avatar\/36156ca0fa3b8d9d25174f146e16beea0cf28f37adf1b9e19b6c9c279a7c9dd3?s=96&d=mm&r=g\",\"caption\":\"admin\"},\"sameAs\":[\"https:\/\/president-ksgov.net\"]}]}<\/script>\n<!-- \/ Yoast SEO plugin. -->","yoast_head_json":{"title":"ULOGA SVETSKIH LIDERA - Predsednik Republike Kosovo - DR. VJOSA OSMANI - SADRIU","description":"ULOGA SVETSKIH LIDERA - Predsednik Republike Kosovo - DR. VJOSA OSMANI - SADRIU -","robots":{"index":"index","follow":"follow","max-snippet":"max-snippet:-1","max-image-preview":"max-image-preview:large","max-video-preview":"max-video-preview:-1"},"canonical":"https:\/\/president-ksgov.net\/sr\/uloga-svetskih-lidera\/","og_locale":"sr_RS","og_type":"article","og_title":"ULOGA SVETSKIH LIDERA - Predsednik Republike Kosovo - DR. VJOSA OSMANI - SADRIU","og_description":"ULOGA SVETSKIH LIDERA - Predsednik Republike Kosovo - DR. VJOSA OSMANI - SADRIU -","og_url":"https:\/\/president-ksgov.net\/sr\/uloga-svetskih-lidera\/","og_site_name":"Predsednik Republike Kosovo - DR. VJOSA OSMANI - SADRIU","article_published_time":"2022-03-03T11:02:18+00:00","article_modified_time":"2023-03-08T09:00:34+00:00","og_image":[{"width":320,"height":180,"url":"https:\/\/president-ksgov.net\/wp-content\/uploads\/08_03_2022_7672253_mq1.jpg","type":"image\/jpeg"}],"author":"admin","twitter_card":"summary_large_image","twitter_misc":{"\u041d\u0430\u043f\u0438\u0441\u0430\u043d\u043e \u043e\u0434":"admin","\u041f\u0440\u043e\u0446\u0435\u045a\u0435\u043d\u043e \u0432\u0440\u0435\u043c\u0435 \u0447\u0438\u0442\u0430\u045a\u0430":"7 \u043c\u0438\u043d\u0443\u0442\u0430"},"schema":{"@context":"https:\/\/schema.org","@graph":[{"@type":"WebPage","@id":"https:\/\/president-ksgov.net\/sr\/uloga-svetskih-lidera\/","url":"https:\/\/president-ksgov.net\/sr\/uloga-svetskih-lidera\/","name":"ULOGA SVETSKIH LIDERA - Predsednik Republike Kosovo - DR. VJOSA OSMANI - SADRIU","isPartOf":{"@id":"https:\/\/president-ksgov.net\/#website"},"primaryImageOfPage":{"@id":"https:\/\/president-ksgov.net\/sr\/uloga-svetskih-lidera\/#primaryimage"},"image":{"@id":"https:\/\/president-ksgov.net\/sr\/uloga-svetskih-lidera\/#primaryimage"},"thumbnailUrl":"https:\/\/president-ksgov.net\/wp-content\/uploads\/08_03_2022_7672253_mq1.jpg","datePublished":"2022-03-03T11:02:18+00:00","dateModified":"2023-03-08T09:00:34+00:00","author":{"@id":"https:\/\/president-ksgov.net\/#\/schema\/person\/bb4337a5fb147cb2046d80548172cbee"},"description":"ULOGA SVETSKIH LIDERA - Predsednik Republike Kosovo - DR. VJOSA OSMANI - SADRIU -","breadcrumb":{"@id":"https:\/\/president-ksgov.net\/sr\/uloga-svetskih-lidera\/#breadcrumb"},"inLanguage":"sr-RS","potentialAction":[{"@type":"ReadAction","target":["https:\/\/president-ksgov.net\/sr\/uloga-svetskih-lidera\/"]}]},{"@type":"ImageObject","inLanguage":"sr-RS","@id":"https:\/\/president-ksgov.net\/sr\/uloga-svetskih-lidera\/#primaryimage","url":"https:\/\/president-ksgov.net\/wp-content\/uploads\/08_03_2022_7672253_mq1.jpg","contentUrl":"https:\/\/president-ksgov.net\/wp-content\/uploads\/08_03_2022_7672253_mq1.jpg","width":320,"height":180},{"@type":"BreadcrumbList","@id":"https:\/\/president-ksgov.net\/sr\/uloga-svetskih-lidera\/#breadcrumb","itemListElement":[{"@type":"ListItem","position":1,"name":"Home","item":"https:\/\/president-ksgov.net\/sr\/"},{"@type":"ListItem","position":2,"name":"ULOGA SVETSKIH LIDERA"}]},{"@type":"WebSite","@id":"https:\/\/president-ksgov.net\/#website","url":"https:\/\/president-ksgov.net\/","name":"Presidente e Republik\u00ebs s\u00eb Kosov\u00ebs","description":"Presidente e Republik\u00ebs s\u00eb Kosov\u00ebs","alternateName":"DR. VJOSA OSMANI - SADRIU","potentialAction":[{"@type":"SearchAction","target":{"@type":"EntryPoint","urlTemplate":"https:\/\/president-ksgov.net\/?s={search_term_string}"},"query-input":{"@type":"PropertyValueSpecification","valueRequired":true,"valueName":"search_term_string"}}],"inLanguage":"sr-RS"},{"@type":"Person","@id":"https:\/\/president-ksgov.net\/#\/schema\/person\/bb4337a5fb147cb2046d80548172cbee","name":"admin","image":{"@type":"ImageObject","inLanguage":"sr-RS","@id":"https:\/\/president-ksgov.net\/#\/schema\/person\/image\/","url":"https:\/\/secure.gravatar.com\/avatar\/36156ca0fa3b8d9d25174f146e16beea0cf28f37adf1b9e19b6c9c279a7c9dd3?s=96&d=mm&r=g","contentUrl":"https:\/\/secure.gravatar.com\/avatar\/36156ca0fa3b8d9d25174f146e16beea0cf28f37adf1b9e19b6c9c279a7c9dd3?s=96&d=mm&r=g","caption":"admin"},"sameAs":["https:\/\/president-ksgov.net"]}]}},"_links":{"self":[{"href":"https:\/\/president-ksgov.net\/sr\/wp-json\/wp\/v2\/posts\/74481","targetHints":{"allow":["GET"]}}],"collection":[{"href":"https:\/\/president-ksgov.net\/sr\/wp-json\/wp\/v2\/posts"}],"about":[{"href":"https:\/\/president-ksgov.net\/sr\/wp-json\/wp\/v2\/types\/post"}],"author":[{"embeddable":true,"href":"https:\/\/president-ksgov.net\/sr\/wp-json\/wp\/v2\/users\/1"}],"replies":[{"embeddable":true,"href":"https:\/\/president-ksgov.net\/sr\/wp-json\/wp\/v2\/comments?post=74481"}],"version-history":[{"count":1,"href":"https:\/\/president-ksgov.net\/sr\/wp-json\/wp\/v2\/posts\/74481\/revisions"}],"predecessor-version":[{"id":81451,"href":"https:\/\/president-ksgov.net\/sr\/wp-json\/wp\/v2\/posts\/74481\/revisions\/81451"}],"wp:featuredmedia":[{"embeddable":true,"href":"https:\/\/president-ksgov.net\/sr\/wp-json\/wp\/v2\/media\/15390"}],"wp:attachment":[{"href":"https:\/\/president-ksgov.net\/sr\/wp-json\/wp\/v2\/media?parent=74481"}],"wp:term":[{"taxonomy":"category","embeddable":true,"href":"https:\/\/president-ksgov.net\/sr\/wp-json\/wp\/v2\/categories?post=74481"},{"taxonomy":"post_tag","embeddable":true,"href":"https:\/\/president-ksgov.net\/sr\/wp-json\/wp\/v2\/tags?post=74481"}],"curies":[{"name":"wp","href":"https:\/\/api.w.org\/{rel}","templated":true}]}}