{"id":74448,"date":"2022-03-21T19:44:16","date_gmt":"2022-03-21T19:44:16","guid":{"rendered":"https:\/\/dev.president-ksgov.net\/predsednica-osmani-lica-sa-daunovim-sindromom-imaju-ogroman-potencijal-i-moraju-biti-podrani-u-svakom-segmentu\/"},"modified":"2022-03-21T19:44:16","modified_gmt":"2022-03-21T19:44:16","slug":"predsednica-osmani-lica-sa-daunovim-sindromom-imaju-ogroman-potencijal-i-moraju-biti-podrani-u-svakom-segmentu","status":"publish","type":"post","link":"https:\/\/president-ksgov.net\/sr\/predsednica-osmani-lica-sa-daunovim-sindromom-imaju-ogroman-potencijal-i-moraju-biti-podrani-u-svakom-segmentu\/","title":{"rendered":"Predsednica Osmani: Lica sa Daunovim sindromom imaju ogroman potencijal i moraju biti podr&#158;ani u svakom segmentu"},"content":{"rendered":"<p>Predsednica Republike Kosovo Vjosa Osmani Sadriu na Svetski dan osoba sa Daunovim sindromom primila je u kabinetu grupu dece sa Daunovim sindromom, sa kojima su pravili razglednicu sa 21 &#382;eljom u znak podr\u0161ke kampanji \u201eRazglednica za tebe\u201c.<\/p>\n<p>Potom je predsednica Osmani, zajedno sa decom, roditeljima i gra&dstrok;anima, u&ccaron;estvovala u mar\u0161u pod nazivom \u201ePro\u0161etaj u mojim cipelama\u201c, posve&cacute;enom deci sa Daunovim sindromom.<\/p>\n<p>Predsednica Osmani je rekla da je va&#382;no da se danas mnogo gra&dstrok;ana pridru&#382;ilo ovom mar\u0161u, pokazuju&cacute;i na taj na&ccaron;in da se nivo svesti u na\u0161em dru\u0161tvu podi&#382;e u vezi potencijala koji imaju sva na\u0161a deca bez razlike. \u201eZbog toga, na prvom mestu kao institucije, a na drugom mestu kao dru\u0161tvo, ali i kao pojedinci, moramo razumeti da ljudi sa Daunovim sindromom, posebno na\u0161a deca koja su danas ovde, i mnoga druga koja danas nisu ovde u Pri\u0161tini, su izuzetan potencijal za na\u0161e dru\u0161tvo koji se mora podr&#382;ati u svakom segmentu i u svakoj fazi njihovog &#382;ivota. Zato \u0161to je ono \u0161to nam daju je mnogo vi\u0161e ljubavi, mnogo vi\u0161e boje u na\u0161im &#382;ivotima\u201c, istakla je predsednica Osmani. Prema re&ccaron;ima predsednice Osmani, neophodno je da im kao institucije obezbedimo sve uslove koji su im potrebni. \u201eNaravno da smo na&ccaron;inili tek prve korake i potrebno je jo\u0161 mnogo posla, ali uradi&cacute;emo sve \u0161to je u na\u0161oj mo&cacute;i, sve \u0161to je u na\u0161im nadle&#382;nostima da se svaki &ccaron;lan na\u0161eg dru\u0161tva ose&cacute;a ravnopravnim, da se ose&cacute;a ispunjeno i na\u0161em dru\u0161tvu ponudi svoj potencijal\u201c, potvrdila je predsednica. Prva &#382;ena u zemlji je dalje rekla da im svako od nas duguje da radimo zajedno, a da pored inkluzivnosti, pored saradnje, razumemo kako je hodati njihovim cipelama. \u201eDanas smo proveli veoma lep dan, mnoga od ove dece koju vidite blistaju u raznim oblastima od sporta do muzike. Dakle, svako od nas im duguje da zajedno radimo i da pored inkluzivnosti, pored saradnje, shvatimo kako je hodati u njihovim cipelama u dru\u0161tvu koje im do sada, na&#382;alost, nije pru&#382;alo ravnopravan tretman. Dakle, shvatimo to kao moralnu i ljudsku obavezu za svakog od nas, pre svega kao pojedinca, zatim i kao kolektiva, kao dru\u0161tvo i kao institucije\u201c, rekla je predsednica. U me&dstrok;uvremenu, direktorka udru&#382;enja \u201eDaunov sindrom\u201d Sebahate Hajdini Beqiri zahvalila je predsednici na podr\u0161ci.<\/p>\n<p>\u201eVerujemo da &cacute;ete svaki dan vi i svi predstavnici institucija Republike Kosovo biti uz nas, jer je ljudima sa Daunovim sindromom potrebna podr\u0161ka, potrebna im je podr\u0161ka i ostvarivanje njihovih prava u svim oblastima &#382;ivota. Jer se zajednica, ljudi u ovom slu&ccaron;aju sa Daunovim sindromom i njihove porodice svakodnevno suo&ccaron;avaju sa razli&ccaron;itim izazovima. Me&dstrok;utim, podr\u0161ka predsednice u na\u0161oj kampanji i svih drugih predstavnika nas motivi\u0161e i daje nam nadu da &cacute;e prava osoba sa Daunovim sindromom biti prioritet institucija na\u0161e zemlje\u201c, rekla je Hajdini Beqiri.<\/p>\n","protected":false},"excerpt":{"rendered":"<p>Predsednica Republike Kosovo Vjosa Osmani Sadriu na Svetski dan osoba sa Daunovim sindromom primila je u kabinetu grupu dece sa Daunovim sindromom, sa kojima su pravili razglednicu sa 21 &#382;eljom u znak podr\u0161ke kampanji \u201eRazglednica za tebe\u201c.<\/p>\n","protected":false},"author":1,"featured_media":15108,"comment_status":"open","ping_status":"closed","sticky":false,"template":"","format":"standard","meta":{"_eb_attr":"","footnotes":""},"categories":[101],"tags":[],"class_list":["post-74448","post","type-post","status-publish","format-standard","has-post-thumbnail","hentry","category-vesti"],"yoast_head":"<!-- This site is optimized with the Yoast SEO plugin v23.5 - https:\/\/yoast.com\/wordpress\/plugins\/seo\/ -->\n<title>Predsednica Osmani: Lica sa Daunovim sindromom imaju ogroman potencijal i moraju biti podr&#158;ani u svakom segmentu - Predsednik Republike Kosovo - DR. VJOSA OSMANI - SADRIU<\/title>\n<meta name=\"description\" content=\"Predsednica Osmani: Lica sa Daunovim sindromom imaju ogroman potencijal i moraju biti podr&#158;ani u svakom segmentu - Predsednik Republike Kosovo - DR. VJOSA OSMANI - SADRIU -\" \/>\n<meta name=\"robots\" content=\"index, follow, max-snippet:-1, max-image-preview:large, max-video-preview:-1\" \/>\n<link rel=\"canonical\" href=\"https:\/\/president-ksgov.net\/sr\/predsednica-osmani-lica-sa-daunovim-sindromom-imaju-ogroman-potencijal-i-moraju-biti-podrani-u-svakom-segmentu\/\" \/>\n<meta property=\"og:locale\" content=\"sr_RS\" \/>\n<meta property=\"og:type\" content=\"article\" \/>\n<meta property=\"og:title\" content=\"Predsednica Osmani: Lica sa Daunovim sindromom imaju ogroman potencijal i moraju biti podr&#158;ani u svakom segmentu - Predsednik Republike Kosovo - DR. VJOSA OSMANI - SADRIU\" \/>\n<meta property=\"og:description\" content=\"Predsednica Osmani: Lica sa Daunovim sindromom imaju ogroman potencijal i moraju biti podr&#158;ani u svakom segmentu - Predsednik Republike Kosovo - DR. VJOSA OSMANI - SADRIU -\" \/>\n<meta property=\"og:url\" content=\"https:\/\/president-ksgov.net\/sr\/predsednica-osmani-lica-sa-daunovim-sindromom-imaju-ogroman-potencijal-i-moraju-biti-podrani-u-svakom-segmentu\/\" \/>\n<meta property=\"og:site_name\" content=\"Predsednik Republike Kosovo - DR. VJOSA OSMANI - SADRIU\" \/>\n<meta property=\"article:published_time\" content=\"2022-03-21T19:44:16+00:00\" \/>\n<meta property=\"og:image\" content=\"https:\/\/president-ksgov.net\/wp-content\/uploads\/22_03_2022_7581248_5.jpg\" \/>\n\t<meta property=\"og:image:width\" content=\"1280\" \/>\n\t<meta property=\"og:image:height\" content=\"853\" \/>\n\t<meta property=\"og:image:type\" content=\"image\/jpeg\" \/>\n<meta name=\"author\" content=\"admin\" \/>\n<meta name=\"twitter:card\" content=\"summary_large_image\" \/>\n<meta name=\"twitter:label1\" content=\"\u041d\u0430\u043f\u0438\u0441\u0430\u043d\u043e \u043e\u0434\" \/>\n\t<meta name=\"twitter:data1\" content=\"admin\" \/>\n\t<meta name=\"twitter:label2\" content=\"\u041f\u0440\u043e\u0446\u0435\u045a\u0435\u043d\u043e \u0432\u0440\u0435\u043c\u0435 \u0447\u0438\u0442\u0430\u045a\u0430\" \/>\n\t<meta name=\"twitter:data2\" content=\"3 \u043c\u0438\u043d\u0443\u0442\u0430\" \/>\n<script type=\"application\/ld+json\" class=\"yoast-schema-graph\">{\"@context\":\"https:\/\/schema.org\",\"@graph\":[{\"@type\":\"WebPage\",\"@id\":\"https:\/\/president-ksgov.net\/sr\/predsednica-osmani-lica-sa-daunovim-sindromom-imaju-ogroman-potencijal-i-moraju-biti-podrani-u-svakom-segmentu\/\",\"url\":\"https:\/\/president-ksgov.net\/sr\/predsednica-osmani-lica-sa-daunovim-sindromom-imaju-ogroman-potencijal-i-moraju-biti-podrani-u-svakom-segmentu\/\",\"name\":\"Predsednica Osmani: Lica sa Daunovim sindromom imaju ogroman potencijal i moraju biti podr&#158;ani u svakom segmentu - Predsednik Republike Kosovo - DR. VJOSA OSMANI - SADRIU\",\"isPartOf\":{\"@id\":\"https:\/\/president-ksgov.net\/#website\"},\"primaryImageOfPage\":{\"@id\":\"https:\/\/president-ksgov.net\/sr\/predsednica-osmani-lica-sa-daunovim-sindromom-imaju-ogroman-potencijal-i-moraju-biti-podrani-u-svakom-segmentu\/#primaryimage\"},\"image\":{\"@id\":\"https:\/\/president-ksgov.net\/sr\/predsednica-osmani-lica-sa-daunovim-sindromom-imaju-ogroman-potencijal-i-moraju-biti-podrani-u-svakom-segmentu\/#primaryimage\"},\"thumbnailUrl\":\"https:\/\/president-ksgov.net\/wp-content\/uploads\/22_03_2022_7581248_5.jpg\",\"datePublished\":\"2022-03-21T19:44:16+00:00\",\"dateModified\":\"2022-03-21T19:44:16+00:00\",\"author\":{\"@id\":\"https:\/\/president-ksgov.net\/#\/schema\/person\/bb4337a5fb147cb2046d80548172cbee\"},\"description\":\"Predsednica Osmani: Lica sa Daunovim sindromom imaju ogroman potencijal i moraju biti podr&#158;ani u svakom segmentu - Predsednik Republike Kosovo - DR. VJOSA OSMANI - SADRIU -\",\"breadcrumb\":{\"@id\":\"https:\/\/president-ksgov.net\/sr\/predsednica-osmani-lica-sa-daunovim-sindromom-imaju-ogroman-potencijal-i-moraju-biti-podrani-u-svakom-segmentu\/#breadcrumb\"},\"inLanguage\":\"sr-RS\",\"potentialAction\":[{\"@type\":\"ReadAction\",\"target\":[\"https:\/\/president-ksgov.net\/sr\/predsednica-osmani-lica-sa-daunovim-sindromom-imaju-ogroman-potencijal-i-moraju-biti-podrani-u-svakom-segmentu\/\"]}]},{\"@type\":\"ImageObject\",\"inLanguage\":\"sr-RS\",\"@id\":\"https:\/\/president-ksgov.net\/sr\/predsednica-osmani-lica-sa-daunovim-sindromom-imaju-ogroman-potencijal-i-moraju-biti-podrani-u-svakom-segmentu\/#primaryimage\",\"url\":\"https:\/\/president-ksgov.net\/wp-content\/uploads\/22_03_2022_7581248_5.jpg\",\"contentUrl\":\"https:\/\/president-ksgov.net\/wp-content\/uploads\/22_03_2022_7581248_5.jpg\",\"width\":1280,\"height\":853},{\"@type\":\"BreadcrumbList\",\"@id\":\"https:\/\/president-ksgov.net\/sr\/predsednica-osmani-lica-sa-daunovim-sindromom-imaju-ogroman-potencijal-i-moraju-biti-podrani-u-svakom-segmentu\/#breadcrumb\",\"itemListElement\":[{\"@type\":\"ListItem\",\"position\":1,\"name\":\"Home\",\"item\":\"https:\/\/president-ksgov.net\/sr\/\"},{\"@type\":\"ListItem\",\"position\":2,\"name\":\"Predsednica Osmani: Lica sa Daunovim sindromom imaju ogroman potencijal i moraju biti podr&#158;ani u svakom segmentu\"}]},{\"@type\":\"WebSite\",\"@id\":\"https:\/\/president-ksgov.net\/#website\",\"url\":\"https:\/\/president-ksgov.net\/\",\"name\":\"Presidente e Republik\u00ebs s\u00eb Kosov\u00ebs\",\"description\":\"Presidente e Republik\u00ebs s\u00eb Kosov\u00ebs\",\"alternateName\":\"DR. VJOSA OSMANI - SADRIU\",\"potentialAction\":[{\"@type\":\"SearchAction\",\"target\":{\"@type\":\"EntryPoint\",\"urlTemplate\":\"https:\/\/president-ksgov.net\/?s={search_term_string}\"},\"query-input\":{\"@type\":\"PropertyValueSpecification\",\"valueRequired\":true,\"valueName\":\"search_term_string\"}}],\"inLanguage\":\"sr-RS\"},{\"@type\":\"Person\",\"@id\":\"https:\/\/president-ksgov.net\/#\/schema\/person\/bb4337a5fb147cb2046d80548172cbee\",\"name\":\"admin\",\"image\":{\"@type\":\"ImageObject\",\"inLanguage\":\"sr-RS\",\"@id\":\"https:\/\/president-ksgov.net\/#\/schema\/person\/image\/\",\"url\":\"https:\/\/secure.gravatar.com\/avatar\/36156ca0fa3b8d9d25174f146e16beea0cf28f37adf1b9e19b6c9c279a7c9dd3?s=96&d=mm&r=g\",\"contentUrl\":\"https:\/\/secure.gravatar.com\/avatar\/36156ca0fa3b8d9d25174f146e16beea0cf28f37adf1b9e19b6c9c279a7c9dd3?s=96&d=mm&r=g\",\"caption\":\"admin\"},\"sameAs\":[\"https:\/\/president-ksgov.net\"]}]}<\/script>\n<!-- \/ Yoast SEO plugin. -->","yoast_head_json":{"title":"Predsednica Osmani: Lica sa Daunovim sindromom imaju ogroman potencijal i moraju biti podr&#158;ani u svakom segmentu - Predsednik Republike Kosovo - DR. VJOSA OSMANI - SADRIU","description":"Predsednica Osmani: Lica sa Daunovim sindromom imaju ogroman potencijal i moraju biti podr&#158;ani u svakom segmentu - Predsednik Republike Kosovo - DR. VJOSA OSMANI - SADRIU -","robots":{"index":"index","follow":"follow","max-snippet":"max-snippet:-1","max-image-preview":"max-image-preview:large","max-video-preview":"max-video-preview:-1"},"canonical":"https:\/\/president-ksgov.net\/sr\/predsednica-osmani-lica-sa-daunovim-sindromom-imaju-ogroman-potencijal-i-moraju-biti-podrani-u-svakom-segmentu\/","og_locale":"sr_RS","og_type":"article","og_title":"Predsednica Osmani: Lica sa Daunovim sindromom imaju ogroman potencijal i moraju biti podr&#158;ani u svakom segmentu - Predsednik Republike Kosovo - DR. VJOSA OSMANI - SADRIU","og_description":"Predsednica Osmani: Lica sa Daunovim sindromom imaju ogroman potencijal i moraju biti podr&#158;ani u svakom segmentu - Predsednik Republike Kosovo - DR. VJOSA OSMANI - SADRIU -","og_url":"https:\/\/president-ksgov.net\/sr\/predsednica-osmani-lica-sa-daunovim-sindromom-imaju-ogroman-potencijal-i-moraju-biti-podrani-u-svakom-segmentu\/","og_site_name":"Predsednik Republike Kosovo - DR. VJOSA OSMANI - SADRIU","article_published_time":"2022-03-21T19:44:16+00:00","og_image":[{"width":1280,"height":853,"url":"https:\/\/president-ksgov.net\/wp-content\/uploads\/22_03_2022_7581248_5.jpg","type":"image\/jpeg"}],"author":"admin","twitter_card":"summary_large_image","twitter_misc":{"\u041d\u0430\u043f\u0438\u0441\u0430\u043d\u043e \u043e\u0434":"admin","\u041f\u0440\u043e\u0446\u0435\u045a\u0435\u043d\u043e \u0432\u0440\u0435\u043c\u0435 \u0447\u0438\u0442\u0430\u045a\u0430":"3 \u043c\u0438\u043d\u0443\u0442\u0430"},"schema":{"@context":"https:\/\/schema.org","@graph":[{"@type":"WebPage","@id":"https:\/\/president-ksgov.net\/sr\/predsednica-osmani-lica-sa-daunovim-sindromom-imaju-ogroman-potencijal-i-moraju-biti-podrani-u-svakom-segmentu\/","url":"https:\/\/president-ksgov.net\/sr\/predsednica-osmani-lica-sa-daunovim-sindromom-imaju-ogroman-potencijal-i-moraju-biti-podrani-u-svakom-segmentu\/","name":"Predsednica Osmani: Lica sa Daunovim sindromom imaju ogroman potencijal i moraju biti podr&#158;ani u svakom segmentu - Predsednik Republike Kosovo - DR. VJOSA OSMANI - SADRIU","isPartOf":{"@id":"https:\/\/president-ksgov.net\/#website"},"primaryImageOfPage":{"@id":"https:\/\/president-ksgov.net\/sr\/predsednica-osmani-lica-sa-daunovim-sindromom-imaju-ogroman-potencijal-i-moraju-biti-podrani-u-svakom-segmentu\/#primaryimage"},"image":{"@id":"https:\/\/president-ksgov.net\/sr\/predsednica-osmani-lica-sa-daunovim-sindromom-imaju-ogroman-potencijal-i-moraju-biti-podrani-u-svakom-segmentu\/#primaryimage"},"thumbnailUrl":"https:\/\/president-ksgov.net\/wp-content\/uploads\/22_03_2022_7581248_5.jpg","datePublished":"2022-03-21T19:44:16+00:00","dateModified":"2022-03-21T19:44:16+00:00","author":{"@id":"https:\/\/president-ksgov.net\/#\/schema\/person\/bb4337a5fb147cb2046d80548172cbee"},"description":"Predsednica Osmani: Lica sa Daunovim sindromom imaju ogroman potencijal i moraju biti podr&#158;ani u svakom segmentu - Predsednik Republike Kosovo - DR. VJOSA OSMANI - SADRIU -","breadcrumb":{"@id":"https:\/\/president-ksgov.net\/sr\/predsednica-osmani-lica-sa-daunovim-sindromom-imaju-ogroman-potencijal-i-moraju-biti-podrani-u-svakom-segmentu\/#breadcrumb"},"inLanguage":"sr-RS","potentialAction":[{"@type":"ReadAction","target":["https:\/\/president-ksgov.net\/sr\/predsednica-osmani-lica-sa-daunovim-sindromom-imaju-ogroman-potencijal-i-moraju-biti-podrani-u-svakom-segmentu\/"]}]},{"@type":"ImageObject","inLanguage":"sr-RS","@id":"https:\/\/president-ksgov.net\/sr\/predsednica-osmani-lica-sa-daunovim-sindromom-imaju-ogroman-potencijal-i-moraju-biti-podrani-u-svakom-segmentu\/#primaryimage","url":"https:\/\/president-ksgov.net\/wp-content\/uploads\/22_03_2022_7581248_5.jpg","contentUrl":"https:\/\/president-ksgov.net\/wp-content\/uploads\/22_03_2022_7581248_5.jpg","width":1280,"height":853},{"@type":"BreadcrumbList","@id":"https:\/\/president-ksgov.net\/sr\/predsednica-osmani-lica-sa-daunovim-sindromom-imaju-ogroman-potencijal-i-moraju-biti-podrani-u-svakom-segmentu\/#breadcrumb","itemListElement":[{"@type":"ListItem","position":1,"name":"Home","item":"https:\/\/president-ksgov.net\/sr\/"},{"@type":"ListItem","position":2,"name":"Predsednica Osmani: Lica sa Daunovim sindromom imaju ogroman potencijal i moraju biti podr&#158;ani u svakom segmentu"}]},{"@type":"WebSite","@id":"https:\/\/president-ksgov.net\/#website","url":"https:\/\/president-ksgov.net\/","name":"Presidente e Republik\u00ebs s\u00eb Kosov\u00ebs","description":"Presidente e Republik\u00ebs s\u00eb Kosov\u00ebs","alternateName":"DR. VJOSA OSMANI - SADRIU","potentialAction":[{"@type":"SearchAction","target":{"@type":"EntryPoint","urlTemplate":"https:\/\/president-ksgov.net\/?s={search_term_string}"},"query-input":{"@type":"PropertyValueSpecification","valueRequired":true,"valueName":"search_term_string"}}],"inLanguage":"sr-RS"},{"@type":"Person","@id":"https:\/\/president-ksgov.net\/#\/schema\/person\/bb4337a5fb147cb2046d80548172cbee","name":"admin","image":{"@type":"ImageObject","inLanguage":"sr-RS","@id":"https:\/\/president-ksgov.net\/#\/schema\/person\/image\/","url":"https:\/\/secure.gravatar.com\/avatar\/36156ca0fa3b8d9d25174f146e16beea0cf28f37adf1b9e19b6c9c279a7c9dd3?s=96&d=mm&r=g","contentUrl":"https:\/\/secure.gravatar.com\/avatar\/36156ca0fa3b8d9d25174f146e16beea0cf28f37adf1b9e19b6c9c279a7c9dd3?s=96&d=mm&r=g","caption":"admin"},"sameAs":["https:\/\/president-ksgov.net"]}]}},"_links":{"self":[{"href":"https:\/\/president-ksgov.net\/sr\/wp-json\/wp\/v2\/posts\/74448","targetHints":{"allow":["GET"]}}],"collection":[{"href":"https:\/\/president-ksgov.net\/sr\/wp-json\/wp\/v2\/posts"}],"about":[{"href":"https:\/\/president-ksgov.net\/sr\/wp-json\/wp\/v2\/types\/post"}],"author":[{"embeddable":true,"href":"https:\/\/president-ksgov.net\/sr\/wp-json\/wp\/v2\/users\/1"}],"replies":[{"embeddable":true,"href":"https:\/\/president-ksgov.net\/sr\/wp-json\/wp\/v2\/comments?post=74448"}],"version-history":[{"count":0,"href":"https:\/\/president-ksgov.net\/sr\/wp-json\/wp\/v2\/posts\/74448\/revisions"}],"wp:featuredmedia":[{"embeddable":true,"href":"https:\/\/president-ksgov.net\/sr\/wp-json\/wp\/v2\/media\/15108"}],"wp:attachment":[{"href":"https:\/\/president-ksgov.net\/sr\/wp-json\/wp\/v2\/media?parent=74448"}],"wp:term":[{"taxonomy":"category","embeddable":true,"href":"https:\/\/president-ksgov.net\/sr\/wp-json\/wp\/v2\/categories?post=74448"},{"taxonomy":"post_tag","embeddable":true,"href":"https:\/\/president-ksgov.net\/sr\/wp-json\/wp\/v2\/tags?post=74448"}],"curies":[{"name":"wp","href":"https:\/\/api.w.org\/{rel}","templated":true}]}}