{"id":74435,"date":"2022-03-24T14:20:18","date_gmt":"2022-03-24T14:20:18","guid":{"rendered":"https:\/\/dev.president-ksgov.net\/obraanje-predsednice-vjose-osmani-povodom-23-godisnjice-intervencije-nato-a\/"},"modified":"2022-03-24T14:20:18","modified_gmt":"2022-03-24T14:20:18","slug":"obraanje-predsednice-vjose-osmani-povodom-23-godisnjice-intervencije-nato-a","status":"publish","type":"post","link":"https:\/\/president-ksgov.net\/sr\/obraanje-predsednice-vjose-osmani-povodom-23-godisnjice-intervencije-nato-a\/","title":{"rendered":"Obra&cacute;anje predsednice Vjose Osmani povodom 23. godi\u0161njice intervencije NATO-a"},"content":{"rendered":"<p>Na dana\u0161nji dan, pre 23 godine, 24. marta 1999. godine, sudbina i &#382;ivot svakog od nas preokrenuli su se u nadu. I to, uz pomo&cacute; na\u0161ih saveznika, koji su odlu&ccaron;ili da stave ta&ccaron;ku na genocid i beskrupulozne zlo&ccaron;ine koje je po&ccaron;inio Milo\u0161evi&cacute;, koji je te&#382;io istrebljenju na\u0161eg naroda po svaku cenu.<\/p>\n<p>Bombe usmerene na mete srpske vojske i policije bile su prvi signal da se ostvaruje nada i pravo dva miliona Albanaca na slobodu i demokratiju.<\/p>\n<p>Zato smo danas ve&ccaron;no zahvalni NATO-u, kao \u0161to smo zahvalni mirovnim trupama, &#382;enama i mu\u0161karcima koji su se zalagali za pravdu i mir, zape&ccaron;ativ\u0161i za\u0161titu, slobodu i bezbednost svakog gra&dstrok;anina Kosova.<\/p>\n<p>Intervencija NATO-a utrla je put ponovnom ra&dstrok;anju slobode i demokratije na Kosovu. I to posle decenija nasilja, aparthejda i sistematske diskriminacije koja je rezultirala krvavim ratom vo&dstrok;enim fa\u0161isti&ccaron;kim namerama da se ubija, siluje i nasilno raseljava narod Kosova sa svoje zemlje.<\/p>\n<p>&Zcaron;alosno je \u0161to se danas nalazimo u poziciji da moramo da branimo ispravnu odluku NATO-a da zaustavi genocid na Kosovu. Ali budite sigurni da nikada ne&cacute;emo prestati da branimo istinu!<\/p>\n<p>Istina je slede&cacute;a: intervencija NATO-a ne samo da je bila neophodna, ve&cacute; je bila vi\u0161e nego pozdravljena od strane naroda Kosova. Samo na\u0161e postojanje kao slobodnog i nezavisnog naroda zajedni&ccaron;ki je uspeh na\u0161eg oslobodila&ccaron;kog otpora i odluke NATO-a da interveni\u0161e.<\/p>\n<p>U ove 23 godine dokazali smo na\u0161im saveznicima da intervencija nije bila samo human i plemenit gest, ve&cacute; i jedina mogu&cacute;a akcija. Intervencija je spasila &#382;ivote, stvorila nadu, dala nam je krila da izgradimo zemlju koju danas volimo i omog&cacute;ila nam da damo glas uspesima Kosova kao nezavisne i suverene dr&#382;ave.<\/p>\n<p>Za destruktivne snage koje danas dovode u pitanje ciljeve NATO-a, najva&#382;nije je da narod Kosova \u2013 narod koji je najvi\u0161e pro NATO-a na svetu \u2013 zna istinu. I demokratski svet zna istinu.<\/p>\n<p>Po\u0161tovani gra&dstrok;ani,<\/p>\n<p>Danas ponovo vidimo kako se naru\u0161ava demokratija i ubija sloboda. Upravo danas, 24. marta, NATO se sastao da razgovara o ruskoj vojnoj agresiji na Ukrajinu. Jezive slike napada na nevine ukrajinske civile te&#382;ak su podsetnik mra&ccaron;ne pro\u0161losti za na\u0161 narod.<\/p>\n<p>Ali mi, kao dr&#382;ava, nikada nismo uzimali zdravo za gotovo akcije na\u0161ih saveznika u podr\u0161ci Kosovu. To smo im dokazali tako \u0161to smo se postrojili sa njima i stajali ujedinjeni pred tiranijom i autokratijom.<\/p>\n<p>Tako&dstrok;e, jedno je sigurno: lekcije iz pro\u0161losti razja\u0161njavaju viziju budu&cacute;nosti, stoga Kosovo i mi kao njegovi gra&dstrok;ani imamo stalnu posve&cacute;enost putu ka &ccaron;lanstvu u evroatlantskoj porodici brane&cacute;i zajedni&ccaron;ke vrednosti slobode i demokratije.<\/p>\n<p>Bog blagoslovio Kosovo i njegove saveznike!\u00a0<\/p>\n","protected":false},"excerpt":{"rendered":"<p>Na dana\u0161nji dan, pre 23 godine, 24. marta 1999. godine, sudbina i &#382;ivot svakog od nas preokrenuli su se u nadu. I to, uz pomo&cacute; na\u0161ih saveznika, koji su odlu&ccaron;ili da stave ta&ccaron;ku na genocid i beskrupulozne zlo&ccaron;ine koje je po&ccaron;inio Milo\u0161evi&cacute;, koji je te&#382;io istrebljenju na\u0161eg naroda po svaku cenu.<\/p>\n","protected":false},"author":1,"featured_media":15047,"comment_status":"open","ping_status":"closed","sticky":false,"template":"","format":"standard","meta":{"_eb_attr":"","footnotes":""},"categories":[101],"tags":[],"class_list":["post-74435","post","type-post","status-publish","format-standard","has-post-thumbnail","hentry","category-vesti"],"yoast_head":"<!-- This site is optimized with the Yoast SEO plugin v23.5 - https:\/\/yoast.com\/wordpress\/plugins\/seo\/ -->\n<title>Obra&amp;cacute;anje predsednice Vjose Osmani povodom 23. godi\u0161njice intervencije NATO-a - Predsednik Republike Kosovo - DR. VJOSA OSMANI - SADRIU<\/title>\n<meta name=\"description\" content=\"Obra&amp;cacute;anje predsednice Vjose Osmani povodom 23. godi\u0161njice intervencije NATO-a - Predsednik Republike Kosovo - DR. VJOSA OSMANI - SADRIU -\" \/>\n<meta name=\"robots\" content=\"index, follow, max-snippet:-1, max-image-preview:large, max-video-preview:-1\" \/>\n<link rel=\"canonical\" href=\"https:\/\/president-ksgov.net\/sr\/obraanje-predsednice-vjose-osmani-povodom-23-godisnjice-intervencije-nato-a\/\" \/>\n<meta property=\"og:locale\" content=\"sr_RS\" \/>\n<meta property=\"og:type\" content=\"article\" \/>\n<meta property=\"og:title\" content=\"Obra&amp;cacute;anje predsednice Vjose Osmani povodom 23. godi\u0161njice intervencije NATO-a - Predsednik Republike Kosovo - DR. VJOSA OSMANI - SADRIU\" \/>\n<meta property=\"og:description\" content=\"Obra&amp;cacute;anje predsednice Vjose Osmani povodom 23. godi\u0161njice intervencije NATO-a - Predsednik Republike Kosovo - DR. VJOSA OSMANI - SADRIU -\" \/>\n<meta property=\"og:url\" content=\"https:\/\/president-ksgov.net\/sr\/obraanje-predsednice-vjose-osmani-povodom-23-godisnjice-intervencije-nato-a\/\" \/>\n<meta property=\"og:site_name\" content=\"Predsednik Republike Kosovo - DR. VJOSA OSMANI - SADRIU\" \/>\n<meta property=\"article:published_time\" content=\"2022-03-24T14:20:18+00:00\" \/>\n<meta property=\"og:image\" content=\"https:\/\/president-ksgov.net\/wp-content\/uploads\/25_03_2022_5004654_24_03_2022_3276634_23_11_2021_8456991_20_10_2021_5044797_IMG_7d6066f79ffeee59ef2b1238de4e2ed5_V.jpg\" \/>\n\t<meta property=\"og:image:width\" content=\"1388\" \/>\n\t<meta property=\"og:image:height\" content=\"761\" \/>\n\t<meta property=\"og:image:type\" content=\"image\/jpeg\" \/>\n<meta name=\"author\" content=\"admin\" \/>\n<meta name=\"twitter:card\" content=\"summary_large_image\" \/>\n<meta name=\"twitter:label1\" content=\"\u041d\u0430\u043f\u0438\u0441\u0430\u043d\u043e \u043e\u0434\" \/>\n\t<meta name=\"twitter:data1\" content=\"admin\" \/>\n\t<meta name=\"twitter:label2\" content=\"\u041f\u0440\u043e\u0446\u0435\u045a\u0435\u043d\u043e \u0432\u0440\u0435\u043c\u0435 \u0447\u0438\u0442\u0430\u045a\u0430\" \/>\n\t<meta name=\"twitter:data2\" content=\"2 \u043c\u0438\u043d\u0443\u0442\u0430\" \/>\n<script type=\"application\/ld+json\" class=\"yoast-schema-graph\">{\"@context\":\"https:\/\/schema.org\",\"@graph\":[{\"@type\":\"WebPage\",\"@id\":\"https:\/\/president-ksgov.net\/sr\/obraanje-predsednice-vjose-osmani-povodom-23-godisnjice-intervencije-nato-a\/\",\"url\":\"https:\/\/president-ksgov.net\/sr\/obraanje-predsednice-vjose-osmani-povodom-23-godisnjice-intervencije-nato-a\/\",\"name\":\"Obra&cacute;anje predsednice Vjose Osmani povodom 23. godi\u0161njice intervencije NATO-a - Predsednik Republike Kosovo - DR. VJOSA OSMANI - SADRIU\",\"isPartOf\":{\"@id\":\"https:\/\/president-ksgov.net\/#website\"},\"primaryImageOfPage\":{\"@id\":\"https:\/\/president-ksgov.net\/sr\/obraanje-predsednice-vjose-osmani-povodom-23-godisnjice-intervencije-nato-a\/#primaryimage\"},\"image\":{\"@id\":\"https:\/\/president-ksgov.net\/sr\/obraanje-predsednice-vjose-osmani-povodom-23-godisnjice-intervencije-nato-a\/#primaryimage\"},\"thumbnailUrl\":\"https:\/\/president-ksgov.net\/wp-content\/uploads\/25_03_2022_5004654_24_03_2022_3276634_23_11_2021_8456991_20_10_2021_5044797_IMG_7d6066f79ffeee59ef2b1238de4e2ed5_V.jpg\",\"datePublished\":\"2022-03-24T14:20:18+00:00\",\"dateModified\":\"2022-03-24T14:20:18+00:00\",\"author\":{\"@id\":\"https:\/\/president-ksgov.net\/#\/schema\/person\/bb4337a5fb147cb2046d80548172cbee\"},\"description\":\"Obra&cacute;anje predsednice Vjose Osmani povodom 23. godi\u0161njice intervencije NATO-a - Predsednik Republike Kosovo - DR. VJOSA OSMANI - SADRIU -\",\"breadcrumb\":{\"@id\":\"https:\/\/president-ksgov.net\/sr\/obraanje-predsednice-vjose-osmani-povodom-23-godisnjice-intervencije-nato-a\/#breadcrumb\"},\"inLanguage\":\"sr-RS\",\"potentialAction\":[{\"@type\":\"ReadAction\",\"target\":[\"https:\/\/president-ksgov.net\/sr\/obraanje-predsednice-vjose-osmani-povodom-23-godisnjice-intervencije-nato-a\/\"]}]},{\"@type\":\"ImageObject\",\"inLanguage\":\"sr-RS\",\"@id\":\"https:\/\/president-ksgov.net\/sr\/obraanje-predsednice-vjose-osmani-povodom-23-godisnjice-intervencije-nato-a\/#primaryimage\",\"url\":\"https:\/\/president-ksgov.net\/wp-content\/uploads\/25_03_2022_5004654_24_03_2022_3276634_23_11_2021_8456991_20_10_2021_5044797_IMG_7d6066f79ffeee59ef2b1238de4e2ed5_V.jpg\",\"contentUrl\":\"https:\/\/president-ksgov.net\/wp-content\/uploads\/25_03_2022_5004654_24_03_2022_3276634_23_11_2021_8456991_20_10_2021_5044797_IMG_7d6066f79ffeee59ef2b1238de4e2ed5_V.jpg\",\"width\":1388,\"height\":761},{\"@type\":\"BreadcrumbList\",\"@id\":\"https:\/\/president-ksgov.net\/sr\/obraanje-predsednice-vjose-osmani-povodom-23-godisnjice-intervencije-nato-a\/#breadcrumb\",\"itemListElement\":[{\"@type\":\"ListItem\",\"position\":1,\"name\":\"Home\",\"item\":\"https:\/\/president-ksgov.net\/sr\/\"},{\"@type\":\"ListItem\",\"position\":2,\"name\":\"Obra&cacute;anje predsednice Vjose Osmani povodom 23. godi\u0161njice intervencije NATO-a\"}]},{\"@type\":\"WebSite\",\"@id\":\"https:\/\/president-ksgov.net\/#website\",\"url\":\"https:\/\/president-ksgov.net\/\",\"name\":\"Presidente e Republik\u00ebs s\u00eb Kosov\u00ebs\",\"description\":\"Presidente e Republik\u00ebs s\u00eb Kosov\u00ebs\",\"alternateName\":\"DR. VJOSA OSMANI - SADRIU\",\"potentialAction\":[{\"@type\":\"SearchAction\",\"target\":{\"@type\":\"EntryPoint\",\"urlTemplate\":\"https:\/\/president-ksgov.net\/?s={search_term_string}\"},\"query-input\":{\"@type\":\"PropertyValueSpecification\",\"valueRequired\":true,\"valueName\":\"search_term_string\"}}],\"inLanguage\":\"sr-RS\"},{\"@type\":\"Person\",\"@id\":\"https:\/\/president-ksgov.net\/#\/schema\/person\/bb4337a5fb147cb2046d80548172cbee\",\"name\":\"admin\",\"image\":{\"@type\":\"ImageObject\",\"inLanguage\":\"sr-RS\",\"@id\":\"https:\/\/president-ksgov.net\/#\/schema\/person\/image\/\",\"url\":\"https:\/\/secure.gravatar.com\/avatar\/36156ca0fa3b8d9d25174f146e16beea0cf28f37adf1b9e19b6c9c279a7c9dd3?s=96&d=mm&r=g\",\"contentUrl\":\"https:\/\/secure.gravatar.com\/avatar\/36156ca0fa3b8d9d25174f146e16beea0cf28f37adf1b9e19b6c9c279a7c9dd3?s=96&d=mm&r=g\",\"caption\":\"admin\"},\"sameAs\":[\"https:\/\/president-ksgov.net\"]}]}<\/script>\n<!-- \/ Yoast SEO plugin. -->","yoast_head_json":{"title":"Obra&cacute;anje predsednice Vjose Osmani povodom 23. godi\u0161njice intervencije NATO-a - Predsednik Republike Kosovo - DR. VJOSA OSMANI - SADRIU","description":"Obra&cacute;anje predsednice Vjose Osmani povodom 23. godi\u0161njice intervencije NATO-a - Predsednik Republike Kosovo - DR. VJOSA OSMANI - SADRIU -","robots":{"index":"index","follow":"follow","max-snippet":"max-snippet:-1","max-image-preview":"max-image-preview:large","max-video-preview":"max-video-preview:-1"},"canonical":"https:\/\/president-ksgov.net\/sr\/obraanje-predsednice-vjose-osmani-povodom-23-godisnjice-intervencije-nato-a\/","og_locale":"sr_RS","og_type":"article","og_title":"Obra&cacute;anje predsednice Vjose Osmani povodom 23. godi\u0161njice intervencije NATO-a - Predsednik Republike Kosovo - DR. VJOSA OSMANI - SADRIU","og_description":"Obra&cacute;anje predsednice Vjose Osmani povodom 23. godi\u0161njice intervencije NATO-a - Predsednik Republike Kosovo - DR. VJOSA OSMANI - SADRIU -","og_url":"https:\/\/president-ksgov.net\/sr\/obraanje-predsednice-vjose-osmani-povodom-23-godisnjice-intervencije-nato-a\/","og_site_name":"Predsednik Republike Kosovo - DR. VJOSA OSMANI - SADRIU","article_published_time":"2022-03-24T14:20:18+00:00","og_image":[{"width":1388,"height":761,"url":"https:\/\/president-ksgov.net\/wp-content\/uploads\/25_03_2022_5004654_24_03_2022_3276634_23_11_2021_8456991_20_10_2021_5044797_IMG_7d6066f79ffeee59ef2b1238de4e2ed5_V.jpg","type":"image\/jpeg"}],"author":"admin","twitter_card":"summary_large_image","twitter_misc":{"\u041d\u0430\u043f\u0438\u0441\u0430\u043d\u043e \u043e\u0434":"admin","\u041f\u0440\u043e\u0446\u0435\u045a\u0435\u043d\u043e \u0432\u0440\u0435\u043c\u0435 \u0447\u0438\u0442\u0430\u045a\u0430":"2 \u043c\u0438\u043d\u0443\u0442\u0430"},"schema":{"@context":"https:\/\/schema.org","@graph":[{"@type":"WebPage","@id":"https:\/\/president-ksgov.net\/sr\/obraanje-predsednice-vjose-osmani-povodom-23-godisnjice-intervencije-nato-a\/","url":"https:\/\/president-ksgov.net\/sr\/obraanje-predsednice-vjose-osmani-povodom-23-godisnjice-intervencije-nato-a\/","name":"Obra&cacute;anje predsednice Vjose Osmani povodom 23. godi\u0161njice intervencije NATO-a - Predsednik Republike Kosovo - DR. VJOSA OSMANI - SADRIU","isPartOf":{"@id":"https:\/\/president-ksgov.net\/#website"},"primaryImageOfPage":{"@id":"https:\/\/president-ksgov.net\/sr\/obraanje-predsednice-vjose-osmani-povodom-23-godisnjice-intervencije-nato-a\/#primaryimage"},"image":{"@id":"https:\/\/president-ksgov.net\/sr\/obraanje-predsednice-vjose-osmani-povodom-23-godisnjice-intervencije-nato-a\/#primaryimage"},"thumbnailUrl":"https:\/\/president-ksgov.net\/wp-content\/uploads\/25_03_2022_5004654_24_03_2022_3276634_23_11_2021_8456991_20_10_2021_5044797_IMG_7d6066f79ffeee59ef2b1238de4e2ed5_V.jpg","datePublished":"2022-03-24T14:20:18+00:00","dateModified":"2022-03-24T14:20:18+00:00","author":{"@id":"https:\/\/president-ksgov.net\/#\/schema\/person\/bb4337a5fb147cb2046d80548172cbee"},"description":"Obra&cacute;anje predsednice Vjose Osmani povodom 23. godi\u0161njice intervencije NATO-a - Predsednik Republike Kosovo - DR. VJOSA OSMANI - SADRIU -","breadcrumb":{"@id":"https:\/\/president-ksgov.net\/sr\/obraanje-predsednice-vjose-osmani-povodom-23-godisnjice-intervencije-nato-a\/#breadcrumb"},"inLanguage":"sr-RS","potentialAction":[{"@type":"ReadAction","target":["https:\/\/president-ksgov.net\/sr\/obraanje-predsednice-vjose-osmani-povodom-23-godisnjice-intervencije-nato-a\/"]}]},{"@type":"ImageObject","inLanguage":"sr-RS","@id":"https:\/\/president-ksgov.net\/sr\/obraanje-predsednice-vjose-osmani-povodom-23-godisnjice-intervencije-nato-a\/#primaryimage","url":"https:\/\/president-ksgov.net\/wp-content\/uploads\/25_03_2022_5004654_24_03_2022_3276634_23_11_2021_8456991_20_10_2021_5044797_IMG_7d6066f79ffeee59ef2b1238de4e2ed5_V.jpg","contentUrl":"https:\/\/president-ksgov.net\/wp-content\/uploads\/25_03_2022_5004654_24_03_2022_3276634_23_11_2021_8456991_20_10_2021_5044797_IMG_7d6066f79ffeee59ef2b1238de4e2ed5_V.jpg","width":1388,"height":761},{"@type":"BreadcrumbList","@id":"https:\/\/president-ksgov.net\/sr\/obraanje-predsednice-vjose-osmani-povodom-23-godisnjice-intervencije-nato-a\/#breadcrumb","itemListElement":[{"@type":"ListItem","position":1,"name":"Home","item":"https:\/\/president-ksgov.net\/sr\/"},{"@type":"ListItem","position":2,"name":"Obra&cacute;anje predsednice Vjose Osmani povodom 23. godi\u0161njice intervencije NATO-a"}]},{"@type":"WebSite","@id":"https:\/\/president-ksgov.net\/#website","url":"https:\/\/president-ksgov.net\/","name":"Presidente e Republik\u00ebs s\u00eb Kosov\u00ebs","description":"Presidente e Republik\u00ebs s\u00eb Kosov\u00ebs","alternateName":"DR. VJOSA OSMANI - SADRIU","potentialAction":[{"@type":"SearchAction","target":{"@type":"EntryPoint","urlTemplate":"https:\/\/president-ksgov.net\/?s={search_term_string}"},"query-input":{"@type":"PropertyValueSpecification","valueRequired":true,"valueName":"search_term_string"}}],"inLanguage":"sr-RS"},{"@type":"Person","@id":"https:\/\/president-ksgov.net\/#\/schema\/person\/bb4337a5fb147cb2046d80548172cbee","name":"admin","image":{"@type":"ImageObject","inLanguage":"sr-RS","@id":"https:\/\/president-ksgov.net\/#\/schema\/person\/image\/","url":"https:\/\/secure.gravatar.com\/avatar\/36156ca0fa3b8d9d25174f146e16beea0cf28f37adf1b9e19b6c9c279a7c9dd3?s=96&d=mm&r=g","contentUrl":"https:\/\/secure.gravatar.com\/avatar\/36156ca0fa3b8d9d25174f146e16beea0cf28f37adf1b9e19b6c9c279a7c9dd3?s=96&d=mm&r=g","caption":"admin"},"sameAs":["https:\/\/president-ksgov.net"]}]}},"_links":{"self":[{"href":"https:\/\/president-ksgov.net\/sr\/wp-json\/wp\/v2\/posts\/74435","targetHints":{"allow":["GET"]}}],"collection":[{"href":"https:\/\/president-ksgov.net\/sr\/wp-json\/wp\/v2\/posts"}],"about":[{"href":"https:\/\/president-ksgov.net\/sr\/wp-json\/wp\/v2\/types\/post"}],"author":[{"embeddable":true,"href":"https:\/\/president-ksgov.net\/sr\/wp-json\/wp\/v2\/users\/1"}],"replies":[{"embeddable":true,"href":"https:\/\/president-ksgov.net\/sr\/wp-json\/wp\/v2\/comments?post=74435"}],"version-history":[{"count":0,"href":"https:\/\/president-ksgov.net\/sr\/wp-json\/wp\/v2\/posts\/74435\/revisions"}],"wp:featuredmedia":[{"embeddable":true,"href":"https:\/\/president-ksgov.net\/sr\/wp-json\/wp\/v2\/media\/15047"}],"wp:attachment":[{"href":"https:\/\/president-ksgov.net\/sr\/wp-json\/wp\/v2\/media?parent=74435"}],"wp:term":[{"taxonomy":"category","embeddable":true,"href":"https:\/\/president-ksgov.net\/sr\/wp-json\/wp\/v2\/categories?post=74435"},{"taxonomy":"post_tag","embeddable":true,"href":"https:\/\/president-ksgov.net\/sr\/wp-json\/wp\/v2\/tags?post=74435"}],"curies":[{"name":"wp","href":"https:\/\/api.w.org\/{rel}","templated":true}]}}