{"id":74408,"date":"2022-04-05T14:55:10","date_gmt":"2022-04-05T14:55:10","guid":{"rendered":"https:\/\/dev.president-ksgov.net\/godinu-dana-kao-vasa-predsednica-nastaviemo-da-putujemo-zajedno-na-svakom-koraku-2\/"},"modified":"2022-04-05T14:55:10","modified_gmt":"2022-04-05T14:55:10","slug":"godinu-dana-kao-vasa-predsednica-nastaviemo-da-putujemo-zajedno-na-svakom-koraku-2","status":"publish","type":"post","link":"https:\/\/president-ksgov.net\/sr\/godinu-dana-kao-vasa-predsednica-nastaviemo-da-putujemo-zajedno-na-svakom-koraku-2\/","title":{"rendered":"Godinu dana kao va\u0161a predsednica Nastavi&cacute;emo da putujemo zajedno na svakom koraku"},"content":{"rendered":"<p>Po\u0161tovani gra&dstrok;ani Republike Kosovo!<\/p>\n<p>Danas se navr\u0161ava godinu dana od kada sam preuzela du&#382;nost predsednice Republike Kosovo kao rezultat va\u0161e istorijske vere i zajedni&ccaron;ke vizije za bolju budu&cacute;nost.<\/p>\n<p>Pro\u0161la godina je bila jednako posebna koliko su je karakterisali mnogi lokalni i globalni izazovi. Pandemija i njeni efekti, energetska kriza, pa &ccaron;ak i najnovija bezbednosna de\u0161avanja na evropskom kontinentu, dokazali su nam da nam u izazovima ovolikih razmera samo saradnja, poverenje i komunikacija omogu&cacute;avaju da napredujemo.<\/p>\n<p>Kosovo je danas aktivan doprinosilac i cenjeni &ccaron;lan me&dstrok;unarodne zajednice. Kao rukovodilac spoljne politike, radila sam iz dana u dan na tome da budemo predstavljeni sa dostojanstvom i ponosom u svakom kutku sveta. Na ovom putu, na\u0161 glavni fokus je bilo ispunjavanje na\u0161ih dr&#382;avnih ciljeva usmerenih na ja&ccaron;anje i unapre&dstrok;enje dobrih odnosa sa prijateljskim dr&#382;avama \u0161irom sveta. I ja sam se isto tako marljivo anga&#382;ovala na tome da se na\u0161 glas &ccaron;uje u zemljama koje jo\u0161 nisu priznale na\u0161u nezavisnost.<\/p>\n<p>Kao vrhovni komandant Bezbednosnih snaga Kosova, posve&cacute;eno sam radila na daljem ja&ccaron;anju nacionalnog interesa i bezbednosti na\u0161e Republike. Blisko sara&dstrok;uju&cacute;i sa na\u0161im bezbednosnim institucijama i na\u0161im me&dstrok;unarodnim partnerima, fokusirala sam se na to da Kosovo napreduje kao kredibilan partner koji slu&#382;i globalnom miru. Konstantno radimo na unapre&dstrok;enju na\u0161eg puta ka evroatlantskim integracijama \u2013 \u0161to je jasna te&#382;nja na\u0161ih ljudi za budu&cacute;nost.<\/p>\n<p>Obe&cacute;ala sam vam odgovorno i po\u0161teno rukovodstvo, i to su bili vodi&ccaron;i u mom svakodnevnom radu.<\/p>\n<p>Kao \u0161to znate, vladavina prava je moja stalna posve&cacute;enost kako bismo je ukorenili \u0161irom zemlje. U tom duhu sam radila svaki put kada sam donosila odluku, svaki put kada sam nekoga imenovala, i to je odjekivalo u svakoj mojoj izjavi i na svakom mom sastanku. Jer, uverena sam da jednakost pred zakonom, meritokratija, integritet i profesionalizam predstavljaju glavne stubove pravne dr&#382;ave, razvijene zemlje i konsolidovane demokratije.<\/p>\n<p>Pored ja&ccaron;anja na\u0161e me&dstrok;unarodne pozicije i ja&ccaron;anja vladavine prava, ove godine sam se anga&#382;ovala i na podizanju svesti i saradnji sa vama na tri va&#382;na pitanja: ja&ccaron;anje uloge &#382;ena u dru\u0161tvu, podizanje svesti i suo&ccaron;avanje sa izazovima sa kojima se suo&ccaron;avaju deca sa posebnim potrebama i podizanje svesti o pretnjama po na\u0161e zdravlje kao rezultat uni\u0161tavanja &#382;ivotne sredine.<br \/>\nUvek ka&#382;em da uspeh Kosova ne pripada jednom pojedincu. Na\u0161i uspesi kao dr&#382;ave su zajedni&ccaron;ki uspesi. I tu je na\u0161a dijaspora dala izuzetan doprinos. Kao mala, ali ambiciozna zemlja, &ccaron;vrsto verujem da mo&#382;emo da postignemo i vi\u0161e nego \u0161to smo postigli do sada. Stoga se radujem \u0161to &cacute;u raditi sa vama na postizanju novih uspeha.<\/p>\n<p>Na\u0161a zajedni&ccaron;ka obaveza je da radimo za na\u0161u zemlju i da se pobrinemo da iskoristimo potencijal na\u0161e omladine, na\u0161ih sportista, na\u0161ih umetnika, na\u0161ih devojaka i momaka koji svakim danom sve vi\u0161e dokazuju da ambicije jedne zemlje ne poznaju granice.<\/p>\n<p>Dok razmi\u0161ljamo o onome \u0161to smo ostavili za sobom, uvek gledamo unapred.<\/p>\n<p>Naredne &ccaron;etiri godine nastavi&cacute;u da radim: da vodim na\u0161u spoljnu politiku i da dokazujem svetu da je Kosovo vi\u0161e od dnevne politi&ccaron;ke dinamike, ve&cacute; da je miroljubiva zemlja sa dinami&ccaron;nom demokratijom; da garantujem bezbednost svakog gra&dstrok;anina Kosova i ustavno funkcionisanje institucija; da promovi\u0161em Kosovo kao zemlju koja je spremna i pravu zemlju za strane investicije, sa raznovrsno\u0161&cacute;u ekonomskog potencijala; da garantujem i promovi\u0161em ravnopravno dru\u0161tvo u kojem se diskriminacija ne toleri\u0161e; da promovi\u0161em meritokratiju i integritet; da poka&#382;em mladima da je budu&cacute;nost ovde;<\/p>\n<p>Jer ovo je Kosovo budu&cacute;nosti.<\/p>\n<p>Jer ovo je Kosovo svih njegovih gra&dstrok;ana bez razlike.<\/p>\n","protected":false},"excerpt":{"rendered":"<p>Po\u0161tovani gra&dstrok;ani Republike Kosovo! Danas se navr\u0161ava godinu dana od kada sam preuzela du&#382;nost predsednice Republike Kosovo kao rezultat va\u0161e istorijske vere i zajedni&ccaron;ke vizije za bolju budu&cacute;nost. Pro\u0161la godina je bila jednako posebna koliko su je karakterisali mnogi lokalni i globalni izazovi. Pandemija i njeni efekti, energetska kriza, pa &ccaron;ak i najnovija bezbednosna de\u0161avanja na evropskom kontinentu, dokazali su nam da nam u izazovima ovolikih razmera samo saradnja, poverenje i komunikacija omogu&cacute;avaju da napredujemo. Kosovo je danas aktivan doprinosilac i cenjeni &ccaron;lan me&dstrok;unarodne zajednice. Kao rukovodilac spoljne politike, radila sam iz dana u dan na tome da budemo predstavljeni sa dostojanstvom i ponosom u svakom kutku sveta. Na ovom putu, na\u0161 glavni fokus je bilo ispunjavanje na\u0161ih dr&#382;avnih ciljeva usmerenih na ja&ccaron;anje i unapre&dstrok;enje dobrih odnosa sa prijateljskim dr&#382;avama \u0161irom sveta. I ja sam se isto tako marljivo anga&#382;ovala na tome da se na\u0161 glas &ccaron;uje u zemljama koje jo\u0161 nisu priznale na\u0161u nezavisnost. Kao vrhovni komandant Bezbednosnih snaga Kosova, posve&cacute;eno sam radila na daljem ja&ccaron;anju nacionalnog interesa i bezbednosti na\u0161e Republike. Blisko sara&dstrok;uju&cacute;i sa na\u0161im bezbednosnim institucijama i na\u0161im me&dstrok;unarodnim partnerima, fokusirala sam se na to da Kosovo napreduje kao kredibilan partner koji slu&#382;i globalnom miru. Konstantno radimo na unapre&dstrok;enju na\u0161eg puta ka evroatlantskim integracijama \u2013 \u0161to je jasna te&#382;nja na\u0161ih ljudi za budu&cacute;nost. Obe&cacute;ala sam vam odgovorno i po\u0161teno rukovodstvo, i to su bili vodi&ccaron;i u mom svakodnevnom radu. Kao \u0161to znate, vladavina prava je moja stalna posve&cacute;enost kako bismo je ukorenili \u0161irom zemlje. U tom duhu sam radila svaki put kada sam donosila odluku, svaki put kada sam nekoga imenovala, i to je odjekivalo u svakoj mojoj izjavi i na svakom mom sastanku. Jer, uverena sam da jednakost pred zakonom, meritokratija, integritet i profesionalizam predstavljaju glavne stubove pravne dr&#382;ave, razvijene zemlje i konsolidovane demokratije. Pored ja&ccaron;anja na\u0161e me&dstrok;unarodne pozicije i ja&ccaron;anja vladavine prava, ove godine sam se anga&#382;ovala i na podizanju svesti i saradnji sa vama na tri va&#382;na pitanja: ja&ccaron;anje uloge &#382;ena u dru\u0161tvu, podizanje svesti i suo&ccaron;avanje sa izazovima sa kojima se suo&ccaron;avaju deca sa posebnim potrebama i podizanje svesti o pretnjama po na\u0161e zdravlje kao rezultat uni\u0161tavanja &#382;ivotne sredine. Uvek ka&#382;em da uspeh Kosova ne pripada jednom pojedincu. Na\u0161i uspesi kao dr&#382;ave su zajedni&ccaron;ki uspesi. I tu je na\u0161a dijaspora dala izuzetan doprinos. Kao mala, ali ambiciozna zemlja, &ccaron;vrsto verujem da mo&#382;emo da postignemo i vi\u0161e nego \u0161to smo postigli do sada. Stoga se radujem \u0161to &cacute;u raditi sa vama na postizanju novih uspeha. Na\u0161a zajedni&ccaron;ka obaveza je da radimo za na\u0161u zemlju i da se pobrinemo da iskoristimo potencijal na\u0161e omladine, na\u0161ih sportista, na\u0161ih umetnika, na\u0161ih devojaka i momaka koji svakim danom sve vi\u0161e dokazuju da ambicije jedne zemlje ne poznaju granice. Dok razmi\u0161ljamo o onome \u0161to smo ostavili za sobom, uvek gledamo unapred. Naredne &ccaron;etiri godine nastavi&cacute;u da radim: da vodim na\u0161u spoljnu politiku i da dokazujem svetu da je Kosovo vi\u0161e od dnevne politi&ccaron;ke dinamike, ve&cacute; da je miroljubiva zemlja sa dinami&ccaron;nom demokratijom; da garantujem bezbednost svakog gra&dstrok;anina Kosova i ustavno funkcionisanje institucija; da promovi\u0161em Kosovo kao zemlju koja je spremna i pravu zemlju za strane investicije, sa raznovrsno\u0161&cacute;u ekonomskog potencijala; da garantujem i promovi\u0161em ravnopravno dru\u0161tvo u kojem se diskriminacija ne toleri\u0161e; da promovi\u0161em meritokratiju i integritet; da poka&#382;em mladima da je budu&cacute;nost ovde; Jer ovo je Kosovo budu&cacute;nosti. Jer ovo je Kosovo svih njegovih gra&dstrok;ana bez razlike.<\/p>\n","protected":false},"author":1,"featured_media":14819,"comment_status":"open","ping_status":"closed","sticky":false,"template":"","format":"standard","meta":{"_eb_attr":"","footnotes":""},"categories":[101],"tags":[],"class_list":["post-74408","post","type-post","status-publish","format-standard","has-post-thumbnail","hentry","category-vesti"],"yoast_head":"<!-- This site is optimized with the Yoast SEO plugin v23.5 - https:\/\/yoast.com\/wordpress\/plugins\/seo\/ -->\n<title>Godinu dana kao va\u0161a predsednica Nastavi&amp;cacute;emo da putujemo zajedno na svakom koraku - Predsednik Republike Kosovo - DR. VJOSA OSMANI - SADRIU<\/title>\n<meta name=\"description\" content=\"Godinu dana kao va\u0161a predsednica Nastavi&amp;cacute;emo da putujemo zajedno na svakom koraku - Predsednik Republike Kosovo - DR. VJOSA OSMANI - SADRIU -\" \/>\n<meta name=\"robots\" content=\"index, follow, max-snippet:-1, max-image-preview:large, max-video-preview:-1\" \/>\n<link rel=\"canonical\" href=\"https:\/\/president-ksgov.net\/sr\/godinu-dana-kao-vasa-predsednica-nastaviemo-da-putujemo-zajedno-na-svakom-koraku-2\/\" \/>\n<meta property=\"og:locale\" content=\"sr_RS\" \/>\n<meta property=\"og:type\" content=\"article\" \/>\n<meta property=\"og:title\" content=\"Godinu dana kao va\u0161a predsednica Nastavi&amp;cacute;emo da putujemo zajedno na svakom koraku - Predsednik Republike Kosovo - DR. VJOSA OSMANI - SADRIU\" \/>\n<meta property=\"og:description\" content=\"Godinu dana kao va\u0161a predsednica Nastavi&amp;cacute;emo da putujemo zajedno na svakom koraku - Predsednik Republike Kosovo - DR. VJOSA OSMANI - SADRIU -\" \/>\n<meta property=\"og:url\" content=\"https:\/\/president-ksgov.net\/sr\/godinu-dana-kao-vasa-predsednica-nastaviemo-da-putujemo-zajedno-na-svakom-koraku-2\/\" \/>\n<meta property=\"og:site_name\" content=\"Predsednik Republike Kosovo - DR. VJOSA OSMANI - SADRIU\" \/>\n<meta property=\"article:published_time\" content=\"2022-04-05T14:55:10+00:00\" \/>\n<meta property=\"og:image\" content=\"https:\/\/president-ksgov.net\/wp-content\/uploads\/05_04_2022_3987993_1vit.jpg\" \/>\n\t<meta property=\"og:image:width\" content=\"2048\" \/>\n\t<meta property=\"og:image:height\" content=\"1365\" \/>\n\t<meta property=\"og:image:type\" content=\"image\/jpeg\" \/>\n<meta name=\"author\" content=\"admin\" \/>\n<meta name=\"twitter:card\" content=\"summary_large_image\" \/>\n<meta name=\"twitter:label1\" content=\"\u041d\u0430\u043f\u0438\u0441\u0430\u043d\u043e \u043e\u0434\" \/>\n\t<meta name=\"twitter:data1\" content=\"admin\" \/>\n\t<meta name=\"twitter:label2\" content=\"\u041f\u0440\u043e\u0446\u0435\u045a\u0435\u043d\u043e \u0432\u0440\u0435\u043c\u0435 \u0447\u0438\u0442\u0430\u045a\u0430\" \/>\n\t<meta name=\"twitter:data2\" content=\"3 \u043c\u0438\u043d\u0443\u0442\u0430\" \/>\n<script type=\"application\/ld+json\" class=\"yoast-schema-graph\">{\"@context\":\"https:\/\/schema.org\",\"@graph\":[{\"@type\":\"WebPage\",\"@id\":\"https:\/\/president-ksgov.net\/sr\/godinu-dana-kao-vasa-predsednica-nastaviemo-da-putujemo-zajedno-na-svakom-koraku-2\/\",\"url\":\"https:\/\/president-ksgov.net\/sr\/godinu-dana-kao-vasa-predsednica-nastaviemo-da-putujemo-zajedno-na-svakom-koraku-2\/\",\"name\":\"Godinu dana kao va\u0161a predsednica Nastavi&cacute;emo da putujemo zajedno na svakom koraku - Predsednik Republike Kosovo - DR. VJOSA OSMANI - SADRIU\",\"isPartOf\":{\"@id\":\"https:\/\/president-ksgov.net\/#website\"},\"primaryImageOfPage\":{\"@id\":\"https:\/\/president-ksgov.net\/sr\/godinu-dana-kao-vasa-predsednica-nastaviemo-da-putujemo-zajedno-na-svakom-koraku-2\/#primaryimage\"},\"image\":{\"@id\":\"https:\/\/president-ksgov.net\/sr\/godinu-dana-kao-vasa-predsednica-nastaviemo-da-putujemo-zajedno-na-svakom-koraku-2\/#primaryimage\"},\"thumbnailUrl\":\"https:\/\/president-ksgov.net\/wp-content\/uploads\/05_04_2022_3987993_1vit.jpg\",\"datePublished\":\"2022-04-05T14:55:10+00:00\",\"dateModified\":\"2022-04-05T14:55:10+00:00\",\"author\":{\"@id\":\"https:\/\/president-ksgov.net\/#\/schema\/person\/bb4337a5fb147cb2046d80548172cbee\"},\"description\":\"Godinu dana kao va\u0161a predsednica Nastavi&cacute;emo da putujemo zajedno na svakom koraku - Predsednik Republike Kosovo - DR. VJOSA OSMANI - SADRIU -\",\"breadcrumb\":{\"@id\":\"https:\/\/president-ksgov.net\/sr\/godinu-dana-kao-vasa-predsednica-nastaviemo-da-putujemo-zajedno-na-svakom-koraku-2\/#breadcrumb\"},\"inLanguage\":\"sr-RS\",\"potentialAction\":[{\"@type\":\"ReadAction\",\"target\":[\"https:\/\/president-ksgov.net\/sr\/godinu-dana-kao-vasa-predsednica-nastaviemo-da-putujemo-zajedno-na-svakom-koraku-2\/\"]}]},{\"@type\":\"ImageObject\",\"inLanguage\":\"sr-RS\",\"@id\":\"https:\/\/president-ksgov.net\/sr\/godinu-dana-kao-vasa-predsednica-nastaviemo-da-putujemo-zajedno-na-svakom-koraku-2\/#primaryimage\",\"url\":\"https:\/\/president-ksgov.net\/wp-content\/uploads\/05_04_2022_3987993_1vit.jpg\",\"contentUrl\":\"https:\/\/president-ksgov.net\/wp-content\/uploads\/05_04_2022_3987993_1vit.jpg\",\"width\":2048,\"height\":1365},{\"@type\":\"BreadcrumbList\",\"@id\":\"https:\/\/president-ksgov.net\/sr\/godinu-dana-kao-vasa-predsednica-nastaviemo-da-putujemo-zajedno-na-svakom-koraku-2\/#breadcrumb\",\"itemListElement\":[{\"@type\":\"ListItem\",\"position\":1,\"name\":\"Home\",\"item\":\"https:\/\/president-ksgov.net\/sr\/\"},{\"@type\":\"ListItem\",\"position\":2,\"name\":\"Godinu dana kao va\u0161a predsednica Nastavi&cacute;emo da putujemo zajedno na svakom koraku\"}]},{\"@type\":\"WebSite\",\"@id\":\"https:\/\/president-ksgov.net\/#website\",\"url\":\"https:\/\/president-ksgov.net\/\",\"name\":\"Presidente e Republik\u00ebs s\u00eb Kosov\u00ebs\",\"description\":\"Presidente e Republik\u00ebs s\u00eb Kosov\u00ebs\",\"alternateName\":\"DR. VJOSA OSMANI - SADRIU\",\"potentialAction\":[{\"@type\":\"SearchAction\",\"target\":{\"@type\":\"EntryPoint\",\"urlTemplate\":\"https:\/\/president-ksgov.net\/?s={search_term_string}\"},\"query-input\":{\"@type\":\"PropertyValueSpecification\",\"valueRequired\":true,\"valueName\":\"search_term_string\"}}],\"inLanguage\":\"sr-RS\"},{\"@type\":\"Person\",\"@id\":\"https:\/\/president-ksgov.net\/#\/schema\/person\/bb4337a5fb147cb2046d80548172cbee\",\"name\":\"admin\",\"image\":{\"@type\":\"ImageObject\",\"inLanguage\":\"sr-RS\",\"@id\":\"https:\/\/president-ksgov.net\/#\/schema\/person\/image\/\",\"url\":\"https:\/\/secure.gravatar.com\/avatar\/36156ca0fa3b8d9d25174f146e16beea0cf28f37adf1b9e19b6c9c279a7c9dd3?s=96&d=mm&r=g\",\"contentUrl\":\"https:\/\/secure.gravatar.com\/avatar\/36156ca0fa3b8d9d25174f146e16beea0cf28f37adf1b9e19b6c9c279a7c9dd3?s=96&d=mm&r=g\",\"caption\":\"admin\"},\"sameAs\":[\"https:\/\/president-ksgov.net\"]}]}<\/script>\n<!-- \/ Yoast SEO plugin. -->","yoast_head_json":{"title":"Godinu dana kao va\u0161a predsednica Nastavi&cacute;emo da putujemo zajedno na svakom koraku - Predsednik Republike Kosovo - DR. VJOSA OSMANI - SADRIU","description":"Godinu dana kao va\u0161a predsednica Nastavi&cacute;emo da putujemo zajedno na svakom koraku - Predsednik Republike Kosovo - DR. VJOSA OSMANI - SADRIU -","robots":{"index":"index","follow":"follow","max-snippet":"max-snippet:-1","max-image-preview":"max-image-preview:large","max-video-preview":"max-video-preview:-1"},"canonical":"https:\/\/president-ksgov.net\/sr\/godinu-dana-kao-vasa-predsednica-nastaviemo-da-putujemo-zajedno-na-svakom-koraku-2\/","og_locale":"sr_RS","og_type":"article","og_title":"Godinu dana kao va\u0161a predsednica Nastavi&cacute;emo da putujemo zajedno na svakom koraku - Predsednik Republike Kosovo - DR. VJOSA OSMANI - SADRIU","og_description":"Godinu dana kao va\u0161a predsednica Nastavi&cacute;emo da putujemo zajedno na svakom koraku - Predsednik Republike Kosovo - DR. VJOSA OSMANI - SADRIU -","og_url":"https:\/\/president-ksgov.net\/sr\/godinu-dana-kao-vasa-predsednica-nastaviemo-da-putujemo-zajedno-na-svakom-koraku-2\/","og_site_name":"Predsednik Republike Kosovo - DR. VJOSA OSMANI - SADRIU","article_published_time":"2022-04-05T14:55:10+00:00","og_image":[{"width":2048,"height":1365,"url":"https:\/\/president-ksgov.net\/wp-content\/uploads\/05_04_2022_3987993_1vit.jpg","type":"image\/jpeg"}],"author":"admin","twitter_card":"summary_large_image","twitter_misc":{"\u041d\u0430\u043f\u0438\u0441\u0430\u043d\u043e \u043e\u0434":"admin","\u041f\u0440\u043e\u0446\u0435\u045a\u0435\u043d\u043e \u0432\u0440\u0435\u043c\u0435 \u0447\u0438\u0442\u0430\u045a\u0430":"3 \u043c\u0438\u043d\u0443\u0442\u0430"},"schema":{"@context":"https:\/\/schema.org","@graph":[{"@type":"WebPage","@id":"https:\/\/president-ksgov.net\/sr\/godinu-dana-kao-vasa-predsednica-nastaviemo-da-putujemo-zajedno-na-svakom-koraku-2\/","url":"https:\/\/president-ksgov.net\/sr\/godinu-dana-kao-vasa-predsednica-nastaviemo-da-putujemo-zajedno-na-svakom-koraku-2\/","name":"Godinu dana kao va\u0161a predsednica Nastavi&cacute;emo da putujemo zajedno na svakom koraku - Predsednik Republike Kosovo - DR. VJOSA OSMANI - SADRIU","isPartOf":{"@id":"https:\/\/president-ksgov.net\/#website"},"primaryImageOfPage":{"@id":"https:\/\/president-ksgov.net\/sr\/godinu-dana-kao-vasa-predsednica-nastaviemo-da-putujemo-zajedno-na-svakom-koraku-2\/#primaryimage"},"image":{"@id":"https:\/\/president-ksgov.net\/sr\/godinu-dana-kao-vasa-predsednica-nastaviemo-da-putujemo-zajedno-na-svakom-koraku-2\/#primaryimage"},"thumbnailUrl":"https:\/\/president-ksgov.net\/wp-content\/uploads\/05_04_2022_3987993_1vit.jpg","datePublished":"2022-04-05T14:55:10+00:00","dateModified":"2022-04-05T14:55:10+00:00","author":{"@id":"https:\/\/president-ksgov.net\/#\/schema\/person\/bb4337a5fb147cb2046d80548172cbee"},"description":"Godinu dana kao va\u0161a predsednica Nastavi&cacute;emo da putujemo zajedno na svakom koraku - Predsednik Republike Kosovo - DR. VJOSA OSMANI - SADRIU -","breadcrumb":{"@id":"https:\/\/president-ksgov.net\/sr\/godinu-dana-kao-vasa-predsednica-nastaviemo-da-putujemo-zajedno-na-svakom-koraku-2\/#breadcrumb"},"inLanguage":"sr-RS","potentialAction":[{"@type":"ReadAction","target":["https:\/\/president-ksgov.net\/sr\/godinu-dana-kao-vasa-predsednica-nastaviemo-da-putujemo-zajedno-na-svakom-koraku-2\/"]}]},{"@type":"ImageObject","inLanguage":"sr-RS","@id":"https:\/\/president-ksgov.net\/sr\/godinu-dana-kao-vasa-predsednica-nastaviemo-da-putujemo-zajedno-na-svakom-koraku-2\/#primaryimage","url":"https:\/\/president-ksgov.net\/wp-content\/uploads\/05_04_2022_3987993_1vit.jpg","contentUrl":"https:\/\/president-ksgov.net\/wp-content\/uploads\/05_04_2022_3987993_1vit.jpg","width":2048,"height":1365},{"@type":"BreadcrumbList","@id":"https:\/\/president-ksgov.net\/sr\/godinu-dana-kao-vasa-predsednica-nastaviemo-da-putujemo-zajedno-na-svakom-koraku-2\/#breadcrumb","itemListElement":[{"@type":"ListItem","position":1,"name":"Home","item":"https:\/\/president-ksgov.net\/sr\/"},{"@type":"ListItem","position":2,"name":"Godinu dana kao va\u0161a predsednica Nastavi&cacute;emo da putujemo zajedno na svakom koraku"}]},{"@type":"WebSite","@id":"https:\/\/president-ksgov.net\/#website","url":"https:\/\/president-ksgov.net\/","name":"Presidente e Republik\u00ebs s\u00eb Kosov\u00ebs","description":"Presidente e Republik\u00ebs s\u00eb Kosov\u00ebs","alternateName":"DR. VJOSA OSMANI - SADRIU","potentialAction":[{"@type":"SearchAction","target":{"@type":"EntryPoint","urlTemplate":"https:\/\/president-ksgov.net\/?s={search_term_string}"},"query-input":{"@type":"PropertyValueSpecification","valueRequired":true,"valueName":"search_term_string"}}],"inLanguage":"sr-RS"},{"@type":"Person","@id":"https:\/\/president-ksgov.net\/#\/schema\/person\/bb4337a5fb147cb2046d80548172cbee","name":"admin","image":{"@type":"ImageObject","inLanguage":"sr-RS","@id":"https:\/\/president-ksgov.net\/#\/schema\/person\/image\/","url":"https:\/\/secure.gravatar.com\/avatar\/36156ca0fa3b8d9d25174f146e16beea0cf28f37adf1b9e19b6c9c279a7c9dd3?s=96&d=mm&r=g","contentUrl":"https:\/\/secure.gravatar.com\/avatar\/36156ca0fa3b8d9d25174f146e16beea0cf28f37adf1b9e19b6c9c279a7c9dd3?s=96&d=mm&r=g","caption":"admin"},"sameAs":["https:\/\/president-ksgov.net"]}]}},"_links":{"self":[{"href":"https:\/\/president-ksgov.net\/sr\/wp-json\/wp\/v2\/posts\/74408","targetHints":{"allow":["GET"]}}],"collection":[{"href":"https:\/\/president-ksgov.net\/sr\/wp-json\/wp\/v2\/posts"}],"about":[{"href":"https:\/\/president-ksgov.net\/sr\/wp-json\/wp\/v2\/types\/post"}],"author":[{"embeddable":true,"href":"https:\/\/president-ksgov.net\/sr\/wp-json\/wp\/v2\/users\/1"}],"replies":[{"embeddable":true,"href":"https:\/\/president-ksgov.net\/sr\/wp-json\/wp\/v2\/comments?post=74408"}],"version-history":[{"count":0,"href":"https:\/\/president-ksgov.net\/sr\/wp-json\/wp\/v2\/posts\/74408\/revisions"}],"wp:featuredmedia":[{"embeddable":true,"href":"https:\/\/president-ksgov.net\/sr\/wp-json\/wp\/v2\/media\/14819"}],"wp:attachment":[{"href":"https:\/\/president-ksgov.net\/sr\/wp-json\/wp\/v2\/media?parent=74408"}],"wp:term":[{"taxonomy":"category","embeddable":true,"href":"https:\/\/president-ksgov.net\/sr\/wp-json\/wp\/v2\/categories?post=74408"},{"taxonomy":"post_tag","embeddable":true,"href":"https:\/\/president-ksgov.net\/sr\/wp-json\/wp\/v2\/tags?post=74408"}],"curies":[{"name":"wp","href":"https:\/\/api.w.org\/{rel}","templated":true}]}}