{"id":74391,"date":"2022-04-09T14:54:12","date_gmt":"2022-04-09T14:54:12","guid":{"rendered":"https:\/\/dev.president-ksgov.net\/govor-predsednice-osmanija-povodom-23-godisnjice-bitke-na-kosarama-2\/"},"modified":"2022-04-09T14:54:12","modified_gmt":"2022-04-09T14:54:12","slug":"govor-predsednice-osmanija-povodom-23-godisnjice-bitke-na-kosarama-2","status":"publish","type":"post","link":"https:\/\/president-ksgov.net\/sr\/govor-predsednice-osmanija-povodom-23-godisnjice-bitke-na-kosarama-2\/","title":{"rendered":"Govor predsednice Osmanija povodom 23. godi\u0161njice bitke na Ko\u0161arama"},"content":{"rendered":"<p>Drage porodice palih boraca, na\u0161ih heroja!<br \/>\nPo\u0161tovani predstavnici institucija Republike Kosovo, uva&#382;eni poslanici Skup\u0161tine Kosova, ministri Vlade Kosova,<br \/>\nPo\u0161tovani predsednici politi&ccaron;kih partija u zemlji,<br \/>\nPo\u0161tovani predstavnici Kosovskih bezbednosnih snaga, generali KBS-a,<br \/>\nVeoma dragi sunarodnici koji ste do\u0161li iz raznih zemalja Evrope, ali i dalje da odate po&ccaron;ast na\u0161im herojima danas,<br \/>\nPo\u0161tovani biv\u0161i pripadnici Oslobodila&ccaron;ke vojske Kosova, saborci Agima Ramadanija, Salija \u00c7ekaja i drugih palih boraca,<br \/>\nDraga bra&cacute;o i sestre iz Republike Albanije!<br \/>\nPo\u0161tovani predstavnici lokalne samouprave, gradona&ccaron;elnici i mnogi prisutni,<br \/>\n\u00a0<br \/>\n9. april je poseban dan u istoriji Republike Kosovo: on obele&#382;ava frontalni rat u \u0161irem regionu pograni&ccaron;nog pojasa Ko\u0161ara, sa ciljem proterivanja srpskih okupatorskih snaga sa albansko-albanskog pograni&ccaron;nog podru&ccaron;ja i sa ciljem oslobo&dstrok;enja na\u0161e zemlje.<br \/>\n\u00a0<br \/>\nOvo je bila jedna od najslavnijih bitaka koje je vodila Oslobodila&ccaron;ka vojska Kosova, ta&ccaron;nije Tre&cacute;a operativna grupa, koju su &ccaron;inile 131. i 134. brigada i diverzantsko-posmatra&ccaron;ki bataljon, koji su se kasnije stopili u 138. brigadu.<\/p>\n<p>U me&dstrok;uvremenu, 9. aprila usvojen je Ustav na\u0161e Republike, koji simbolizuje cilj za koji su mnogi heroji kao \u0161to su: Agim Ramadani, Salih \u00c7ekaj i mnogi, mnogi drugi pali borci koji su se &#382;rtvovali na slavnim Ko\u0161arama. Oni su se pridru&#382;ili ve&ccaron;nosti zajedno sa herojima i herojima pu\u0161ke i pera koji su se &#382;rtvovali za slobodu i nezavisnost na\u0161e zemlje.<\/p>\n<p>Zato, &ccaron;estitaju&cacute;i danas za Dan Ustava, &ccaron;estitamo i simboliku oslobo&dstrok;enja Kosova i odajemo po&ccaron;ast slavnoj bici na Ko\u0161arama i herojskoj borbi Oslobodila&ccaron;ke vojske Kosova. Ustav, osnovni akt dr&#382;ave, tako&dstrok;e je vezan za bitku za slobodu, za njeno krvoproli&cacute;e i za odlu&ccaron;nost koju su kosovske &#382;ene i mu\u0161karci otvoreno iskazali u bici na Ko\u0161arama. Jer, imamo Ustav i dr&#382;avu, jer smo imali svoje heroje.<\/p>\n<p>Bitka na Ko\u0161arama je tako&dstrok;e pokazala da nejednakost u naoru&#382;anju nije odlu&ccaron;uju&cacute;i faktor za ratove. Borbeni duh, odlu&ccaron;nost da se zemlja vidi slobodnom i spremnost da se sve &#382;rtvuje za nju mo&cacute;niji su od bilo kojeg vojnog arsenala.<\/p>\n<p>Zato se danas prise&cacute;amo ove bitke kao jedanog od najponosnijih trenutaka na\u0161e slavne istorije. Ova bitka je dokazala da sloboda nema cenu, ali i da je cena slobode koju smo platili kao narod izuzetno visoka. Ali je tako&dstrok;e pokazala da su odlu&ccaron;nost da se postigne sloboda, a tako&dstrok;e i duh jednog naroda nepobedivi.<\/p>\n<p>U svojoj veli&ccaron;ini, u nepremostivoj i odlu&ccaron;uju&cacute;oj ulozi koju je ova bitka odigrala u borbi OVK-a za slobodu, ona &ccaron;uva po&ccaron;asno mesto u na\u0161em kolektivnom se&cacute;anju kao naroda. Bez preterivanja, kako je rekao komandant diverzantsko-osmatra&ccaron;kog bataljona g. Quni, ona doti&ccaron;e granice legendi na&ccaron;inom na koji je organizovana. Kada su junaci Xhemajl Fetahaj i Milazim Shalja pali u borbi, nepuna tri dana kasnije, zamenila su ih njihova bra&cacute;a Xhevat Fetahaj i Xhevdet Shalja, &ccaron;ime su u pravoj bici ispunjene legende o obnovi i na\u0161oj epskoj tradiciji.<\/p>\n<p>Ko\u0161are je probudio nadu u slobodu i upotpunio simboliku kona&ccaron;nog uklanjanja gvozdenih barijera u Evropi dvadesetog veka. Ko\u0161are je bila pe&ccaron;at slobode koja je nedostajala u albanskim zemljama. &Zcaron;rtvovanje albanskih sinova i k&cacute;eri iz svih krajeva svedo&ccaron;ilo je o nesaglasnosti, ali i spremnosti Albanaca da se bore sa nepravdama koje su im nanete dugi niz vekova.<\/p>\n<p>Slamanje granice izme&dstrok;u Kosova i Albanije 9. aprila 1999. godine ozna&ccaron;ilo je ne samo moralnu pobedu OVK-a, ve&cacute; je utrlo put za snabdevanje oru&#382;jem i logisti&ccaron;kom podr\u0161kom mnogih ratnih zona unutar Kosova. U me&dstrok;uvremenu, probudilo je nadu hiljada proteranih iz zemlje da je gvozdena linija slomljena i da je povratak u zemlju predaka ne samo mogu&cacute; ve&cacute;i neizbe&#382;an.<\/p>\n<p>Ali Ko\u0161are je tako&dstrok;e bio svedok na\u0161eg ranog savezni\u0161tva sa Zapadom i sa demokratskim zemljama \u0161irom sveta, Zapadom koji se na\u0161ao uz na\u0161e napore za slobodu u te\u0161kom trenutku istorije, kada se albanski narod suo&ccaron;avao sa genocidom koji je nad njim izvr\u0161io ubila&ccaron;ki re&#382;im, &ccaron;ije su&dstrok;enje jo\u0161 nije zavr\u0161eno, a pravda za &#382;rtve jo\u0161 nije uspostavljena. Koordinacija sa stru&ccaron;njacima NATO-a za preciziranje lokacije srpskih snaga na teritoriji Kosova bio je prvi zajedni&ccaron;ki korak u ostvarenju na\u0161eg sna o zajedni&ccaron;koj pripadnosti i u&ccaron;e\u0161&cacute;u u vojnim operacijama sa NATO-om, koji Kosovske bezbednosne snage otelotvore\u00a0 iz dana u dan.<\/p>\n<p>Evroatlantska vizija predsednika Rugove i &#382;rtvovanje sinova i k&cacute;eri OVK-a ostvaruje se na slobodnom Kosovu, &ccaron;ije institucije rade na sna&#382;nom konsolidovanju zemlje u zajednici zapadnih vrednosti. Ovo na\u0161e strate\u0161ko opredeljenje i ova na\u0161a vizija bila bi nemogu&cacute;a bez &#382;rtvovanja hiljada na\u0161ih sinova i k&cacute;eri, zato je se&cacute;anje na njih ve&ccaron;no. Obnavlja&cacute;e se ne samo na godi\u0161njice poput ove dana\u0161nje, ve&cacute; i tokom &ccaron;itavog na\u0161eg puta.<\/p>\n<p>Klanjamo im se, &#382;rtvi Agima Ramadanija, &#382;rtvi Salija \u00c7ekaja, Xhemajla Fetahua i hiljadama drugih palih boraca za slobodu Kosova. Oni su u temeljima na\u0161e slobode i dr&#382;avnosti. Institucionalna briga za svedo&ccaron;enje je neophodna. Isto tako, briga o porodicama palih boraca, ratnim vojnim invalidima, boracima i svima onima koji su dali sve za na\u0161u dr&#382;avu.<br \/>\n\u00a0<br \/>\nIstorijsko pam&cacute;enje Ko\u0161ara, zbog &#382;rtvovanja i hrabrosti koje su tamo iskazane, neophodno je u izgradnji dr&#382;ave kakvu su &#382;eleli na\u0161i heroji.<br \/>\n\u00a0<br \/>\nKo\u0161are &cacute;e uvek ostati na\u0161 putokaz u svakom koraku ka ja&ccaron;anju na\u0161e voljene dr&#382;ave.<\/p>\n<p>Slava herojskom delu borcima na Ko\u0161arama!<br \/>\nSlava svim palim borcima Oslobodila&ccaron;ke vojske Kosova!<br \/>\nNeka je ve&ccaron;no se&cacute;anje na na\u0161e heroje!<br \/>\nHvala!<\/p>\n","protected":false},"excerpt":{"rendered":"<p>Drage porodice palih boraca, na\u0161ih heroja! Po\u0161tovani predstavnici institucija Republike Kosovo, uva&#382;eni poslanici Skup\u0161tine Kosova, ministri Vlade Kosova, Po\u0161tovani predsednici politi&ccaron;kih partija u zemlji, Po\u0161tovani predstavnici Kosovskih bezbednosnih snaga, generali KBS-a, Veoma dragi sunarodnici koji ste do\u0161li iz raznih zemalja Evrope, ali i dalje da odate po&ccaron;ast na\u0161im herojima danas, Po\u0161tovani biv\u0161i pripadnici Oslobodila&ccaron;ke vojske Kosova, saborci Agima Ramadanija, Salija \u00c7ekaja i drugih palih boraca, Draga bra&cacute;o i sestre iz Republike Albanije! Po\u0161tovani predstavnici lokalne samouprave, gradona&ccaron;elnici i mnogi prisutni, \u00a0 9. april je poseban dan u istoriji Republike Kosovo: on obele&#382;ava frontalni rat u \u0161irem regionu pograni&ccaron;nog pojasa Ko\u0161ara, sa ciljem proterivanja srpskih okupatorskih snaga sa albansko-albanskog pograni&ccaron;nog podru&ccaron;ja i sa ciljem oslobo&dstrok;enja na\u0161e zemlje. \u00a0 Ovo je bila jedna od najslavnijih bitaka koje je vodila Oslobodila&ccaron;ka vojska Kosova, ta&ccaron;nije Tre&cacute;a operativna grupa, koju su &ccaron;inile 131. i 134. brigada i diverzantsko-posmatra&ccaron;ki bataljon, koji su se kasnije stopili u 138. brigadu. U me&dstrok;uvremenu, 9. aprila usvojen je Ustav na\u0161e Republike, koji simbolizuje cilj za koji su mnogi heroji kao \u0161to su: Agim Ramadani, Salih \u00c7ekaj i mnogi, mnogi drugi pali borci koji su se &#382;rtvovali na slavnim Ko\u0161arama. Oni su se pridru&#382;ili ve&ccaron;nosti zajedno sa herojima i herojima pu\u0161ke i pera koji su se &#382;rtvovali za slobodu i nezavisnost na\u0161e zemlje. Zato, &ccaron;estitaju&cacute;i danas za Dan Ustava, &ccaron;estitamo i simboliku oslobo&dstrok;enja Kosova i odajemo po&ccaron;ast slavnoj bici na Ko\u0161arama i herojskoj borbi Oslobodila&ccaron;ke vojske Kosova. Ustav, osnovni akt dr&#382;ave, tako&dstrok;e je vezan za bitku za slobodu, za njeno krvoproli&cacute;e i za odlu&ccaron;nost koju su kosovske &#382;ene i mu\u0161karci otvoreno iskazali u bici na Ko\u0161arama. Jer, imamo Ustav i dr&#382;avu, jer smo imali svoje heroje. Bitka na Ko\u0161arama je tako&dstrok;e pokazala da nejednakost u naoru&#382;anju nije odlu&ccaron;uju&cacute;i faktor za ratove. Borbeni duh, odlu&ccaron;nost da se zemlja vidi slobodnom i spremnost da se sve &#382;rtvuje za nju mo&cacute;niji su od bilo kojeg vojnog arsenala. Zato se danas prise&cacute;amo ove bitke kao jedanog od najponosnijih trenutaka na\u0161e slavne istorije. Ova bitka je dokazala da sloboda nema cenu, ali i da je cena slobode koju smo platili kao narod izuzetno visoka. Ali je tako&dstrok;e pokazala da su odlu&ccaron;nost da se postigne sloboda, a tako&dstrok;e i duh jednog naroda nepobedivi. U svojoj veli&ccaron;ini, u nepremostivoj i odlu&ccaron;uju&cacute;oj ulozi koju je ova bitka odigrala u borbi OVK-a za slobodu, ona &ccaron;uva po&ccaron;asno mesto u na\u0161em kolektivnom se&cacute;anju kao naroda. Bez preterivanja, kako je rekao komandant diverzantsko-osmatra&ccaron;kog bataljona g. Quni, ona doti&ccaron;e granice legendi na&ccaron;inom na koji je organizovana. Kada su junaci Xhemajl Fetahaj i Milazim Shalja pali u borbi, nepuna tri dana kasnije, zamenila su ih njihova bra&cacute;a Xhevat Fetahaj i Xhevdet Shalja, &ccaron;ime su u pravoj bici ispunjene legende o obnovi i na\u0161oj epskoj tradiciji. Ko\u0161are je probudio nadu u slobodu i upotpunio simboliku kona&ccaron;nog uklanjanja gvozdenih barijera u Evropi dvadesetog veka. Ko\u0161are je bila pe&ccaron;at slobode koja je nedostajala u albanskim zemljama. &Zcaron;rtvovanje albanskih sinova i k&cacute;eri iz svih krajeva svedo&ccaron;ilo je o nesaglasnosti, ali i spremnosti Albanaca da se bore sa nepravdama koje su im nanete dugi niz vekova. Slamanje granice izme&dstrok;u Kosova i Albanije 9. aprila 1999. godine ozna&ccaron;ilo je ne samo moralnu pobedu OVK-a, ve&cacute; je utrlo put za snabdevanje oru&#382;jem i logisti&ccaron;kom podr\u0161kom mnogih ratnih zona unutar Kosova. U me&dstrok;uvremenu, probudilo je nadu hiljada proteranih iz zemlje da je gvozdena linija slomljena i da je povratak u zemlju predaka ne samo mogu&cacute; ve&cacute;i neizbe&#382;an. Ali Ko\u0161are je tako&dstrok;e bio svedok na\u0161eg ranog savezni\u0161tva sa Zapadom i sa demokratskim zemljama \u0161irom sveta, Zapadom koji se na\u0161ao uz na\u0161e napore za slobodu u te\u0161kom trenutku istorije, kada se albanski narod suo&ccaron;avao sa genocidom koji je nad njim izvr\u0161io ubila&ccaron;ki re&#382;im, &ccaron;ije su&dstrok;enje jo\u0161 nije zavr\u0161eno, a pravda za &#382;rtve jo\u0161 nije uspostavljena. Koordinacija sa stru&ccaron;njacima NATO-a za preciziranje lokacije srpskih snaga na teritoriji Kosova bio je prvi zajedni&ccaron;ki korak u ostvarenju na\u0161eg sna o zajedni&ccaron;koj pripadnosti i u&ccaron;e\u0161&cacute;u u vojnim operacijama sa NATO-om, koji Kosovske bezbednosne snage otelotvore\u00a0 iz dana u dan. Evroatlantska vizija predsednika Rugove i &#382;rtvovanje sinova i k&cacute;eri OVK-a ostvaruje se na slobodnom Kosovu, &ccaron;ije institucije rade na sna&#382;nom konsolidovanju zemlje u zajednici zapadnih vrednosti. Ovo na\u0161e strate\u0161ko opredeljenje i ova na\u0161a vizija bila bi nemogu&cacute;a bez &#382;rtvovanja hiljada na\u0161ih sinova i k&cacute;eri, zato je se&cacute;anje na njih ve&ccaron;no. Obnavlja&cacute;e se ne samo na godi\u0161njice poput ove dana\u0161nje, ve&cacute; i tokom &ccaron;itavog na\u0161eg puta. Klanjamo im se, &#382;rtvi Agima Ramadanija, &#382;rtvi Salija \u00c7ekaja, Xhemajla Fetahua i hiljadama drugih palih boraca za slobodu Kosova. Oni su u temeljima na\u0161e slobode i dr&#382;avnosti. Institucionalna briga za svedo&ccaron;enje je neophodna. Isto tako, briga o porodicama palih boraca, ratnim vojnim invalidima, boracima i svima onima koji su dali sve za na\u0161u dr&#382;avu. \u00a0 Istorijsko pam&cacute;enje Ko\u0161ara, zbog &#382;rtvovanja i hrabrosti koje su tamo iskazane, neophodno je u izgradnji dr&#382;ave kakvu su &#382;eleli na\u0161i heroji. \u00a0 Ko\u0161are &cacute;e uvek ostati na\u0161 putokaz u svakom koraku ka ja&ccaron;anju na\u0161e voljene dr&#382;ave. Slava herojskom delu borcima na Ko\u0161arama! Slava svim palim borcima Oslobodila&ccaron;ke vojske Kosova! Neka je ve&ccaron;no se&cacute;anje na na\u0161e heroje! Hvala!<\/p>\n","protected":false},"author":1,"featured_media":14607,"comment_status":"open","ping_status":"closed","sticky":false,"template":"","format":"standard","meta":{"_eb_attr":"","footnotes":""},"categories":[101],"tags":[],"class_list":["post-74391","post","type-post","status-publish","format-standard","has-post-thumbnail","hentry","category-vesti"],"yoast_head":"<!-- This site is optimized with the Yoast SEO plugin v23.5 - https:\/\/yoast.com\/wordpress\/plugins\/seo\/ -->\n<title>Govor predsednice Osmanija povodom 23. godi\u0161njice bitke na Ko\u0161arama - Predsednik Republike Kosovo - DR. VJOSA OSMANI - SADRIU<\/title>\n<meta name=\"description\" content=\"Govor predsednice Osmanija povodom 23. godi\u0161njice bitke na Ko\u0161arama - Predsednik Republike Kosovo - DR. VJOSA OSMANI - SADRIU -\" \/>\n<meta name=\"robots\" content=\"index, follow, max-snippet:-1, max-image-preview:large, max-video-preview:-1\" \/>\n<link rel=\"canonical\" href=\"https:\/\/president-ksgov.net\/sr\/govor-predsednice-osmanija-povodom-23-godisnjice-bitke-na-kosarama-2\/\" \/>\n<meta property=\"og:locale\" content=\"sr_RS\" \/>\n<meta property=\"og:type\" content=\"article\" \/>\n<meta property=\"og:title\" content=\"Govor predsednice Osmanija povodom 23. godi\u0161njice bitke na Ko\u0161arama - Predsednik Republike Kosovo - DR. VJOSA OSMANI - SADRIU\" \/>\n<meta property=\"og:description\" content=\"Govor predsednice Osmanija povodom 23. godi\u0161njice bitke na Ko\u0161arama - Predsednik Republike Kosovo - DR. VJOSA OSMANI - SADRIU -\" \/>\n<meta property=\"og:url\" content=\"https:\/\/president-ksgov.net\/sr\/govor-predsednice-osmanija-povodom-23-godisnjice-bitke-na-kosarama-2\/\" \/>\n<meta property=\"og:site_name\" content=\"Predsednik Republike Kosovo - DR. VJOSA OSMANI - SADRIU\" \/>\n<meta property=\"article:published_time\" content=\"2022-04-09T14:54:12+00:00\" \/>\n<meta property=\"og:image\" content=\"https:\/\/president-ksgov.net\/wp-content\/uploads\/09_04_2022_5474408_13.jpg\" \/>\n\t<meta property=\"og:image:width\" content=\"1280\" \/>\n\t<meta property=\"og:image:height\" content=\"852\" \/>\n\t<meta property=\"og:image:type\" content=\"image\/jpeg\" \/>\n<meta name=\"author\" content=\"admin\" \/>\n<meta name=\"twitter:card\" content=\"summary_large_image\" \/>\n<meta name=\"twitter:label1\" content=\"\u041d\u0430\u043f\u0438\u0441\u0430\u043d\u043e \u043e\u0434\" \/>\n\t<meta name=\"twitter:data1\" content=\"admin\" \/>\n\t<meta name=\"twitter:label2\" content=\"\u041f\u0440\u043e\u0446\u0435\u045a\u0435\u043d\u043e \u0432\u0440\u0435\u043c\u0435 \u0447\u0438\u0442\u0430\u045a\u0430\" \/>\n\t<meta name=\"twitter:data2\" content=\"5 \u043c\u0438\u043d\u0443\u0442\u0430\" \/>\n<script type=\"application\/ld+json\" class=\"yoast-schema-graph\">{\"@context\":\"https:\/\/schema.org\",\"@graph\":[{\"@type\":\"WebPage\",\"@id\":\"https:\/\/president-ksgov.net\/sr\/govor-predsednice-osmanija-povodom-23-godisnjice-bitke-na-kosarama-2\/\",\"url\":\"https:\/\/president-ksgov.net\/sr\/govor-predsednice-osmanija-povodom-23-godisnjice-bitke-na-kosarama-2\/\",\"name\":\"Govor predsednice Osmanija povodom 23. godi\u0161njice bitke na Ko\u0161arama - Predsednik Republike Kosovo - DR. VJOSA OSMANI - SADRIU\",\"isPartOf\":{\"@id\":\"https:\/\/president-ksgov.net\/#website\"},\"primaryImageOfPage\":{\"@id\":\"https:\/\/president-ksgov.net\/sr\/govor-predsednice-osmanija-povodom-23-godisnjice-bitke-na-kosarama-2\/#primaryimage\"},\"image\":{\"@id\":\"https:\/\/president-ksgov.net\/sr\/govor-predsednice-osmanija-povodom-23-godisnjice-bitke-na-kosarama-2\/#primaryimage\"},\"thumbnailUrl\":\"https:\/\/president-ksgov.net\/wp-content\/uploads\/09_04_2022_5474408_13.jpg\",\"datePublished\":\"2022-04-09T14:54:12+00:00\",\"dateModified\":\"2022-04-09T14:54:12+00:00\",\"author\":{\"@id\":\"https:\/\/president-ksgov.net\/#\/schema\/person\/bb4337a5fb147cb2046d80548172cbee\"},\"description\":\"Govor predsednice Osmanija povodom 23. godi\u0161njice bitke na Ko\u0161arama - Predsednik Republike Kosovo - DR. VJOSA OSMANI - SADRIU -\",\"breadcrumb\":{\"@id\":\"https:\/\/president-ksgov.net\/sr\/govor-predsednice-osmanija-povodom-23-godisnjice-bitke-na-kosarama-2\/#breadcrumb\"},\"inLanguage\":\"sr-RS\",\"potentialAction\":[{\"@type\":\"ReadAction\",\"target\":[\"https:\/\/president-ksgov.net\/sr\/govor-predsednice-osmanija-povodom-23-godisnjice-bitke-na-kosarama-2\/\"]}]},{\"@type\":\"ImageObject\",\"inLanguage\":\"sr-RS\",\"@id\":\"https:\/\/president-ksgov.net\/sr\/govor-predsednice-osmanija-povodom-23-godisnjice-bitke-na-kosarama-2\/#primaryimage\",\"url\":\"https:\/\/president-ksgov.net\/wp-content\/uploads\/09_04_2022_5474408_13.jpg\",\"contentUrl\":\"https:\/\/president-ksgov.net\/wp-content\/uploads\/09_04_2022_5474408_13.jpg\",\"width\":1280,\"height\":852},{\"@type\":\"BreadcrumbList\",\"@id\":\"https:\/\/president-ksgov.net\/sr\/govor-predsednice-osmanija-povodom-23-godisnjice-bitke-na-kosarama-2\/#breadcrumb\",\"itemListElement\":[{\"@type\":\"ListItem\",\"position\":1,\"name\":\"Home\",\"item\":\"https:\/\/president-ksgov.net\/sr\/\"},{\"@type\":\"ListItem\",\"position\":2,\"name\":\"Govor predsednice Osmanija povodom 23. godi\u0161njice bitke na Ko\u0161arama\"}]},{\"@type\":\"WebSite\",\"@id\":\"https:\/\/president-ksgov.net\/#website\",\"url\":\"https:\/\/president-ksgov.net\/\",\"name\":\"Presidente e Republik\u00ebs s\u00eb Kosov\u00ebs\",\"description\":\"Presidente e Republik\u00ebs s\u00eb Kosov\u00ebs\",\"alternateName\":\"DR. VJOSA OSMANI - SADRIU\",\"potentialAction\":[{\"@type\":\"SearchAction\",\"target\":{\"@type\":\"EntryPoint\",\"urlTemplate\":\"https:\/\/president-ksgov.net\/?s={search_term_string}\"},\"query-input\":{\"@type\":\"PropertyValueSpecification\",\"valueRequired\":true,\"valueName\":\"search_term_string\"}}],\"inLanguage\":\"sr-RS\"},{\"@type\":\"Person\",\"@id\":\"https:\/\/president-ksgov.net\/#\/schema\/person\/bb4337a5fb147cb2046d80548172cbee\",\"name\":\"admin\",\"image\":{\"@type\":\"ImageObject\",\"inLanguage\":\"sr-RS\",\"@id\":\"https:\/\/president-ksgov.net\/#\/schema\/person\/image\/\",\"url\":\"https:\/\/secure.gravatar.com\/avatar\/36156ca0fa3b8d9d25174f146e16beea0cf28f37adf1b9e19b6c9c279a7c9dd3?s=96&d=mm&r=g\",\"contentUrl\":\"https:\/\/secure.gravatar.com\/avatar\/36156ca0fa3b8d9d25174f146e16beea0cf28f37adf1b9e19b6c9c279a7c9dd3?s=96&d=mm&r=g\",\"caption\":\"admin\"},\"sameAs\":[\"https:\/\/president-ksgov.net\"]}]}<\/script>\n<!-- \/ Yoast SEO plugin. -->","yoast_head_json":{"title":"Govor predsednice Osmanija povodom 23. godi\u0161njice bitke na Ko\u0161arama - Predsednik Republike Kosovo - DR. VJOSA OSMANI - SADRIU","description":"Govor predsednice Osmanija povodom 23. godi\u0161njice bitke na Ko\u0161arama - Predsednik Republike Kosovo - DR. VJOSA OSMANI - SADRIU -","robots":{"index":"index","follow":"follow","max-snippet":"max-snippet:-1","max-image-preview":"max-image-preview:large","max-video-preview":"max-video-preview:-1"},"canonical":"https:\/\/president-ksgov.net\/sr\/govor-predsednice-osmanija-povodom-23-godisnjice-bitke-na-kosarama-2\/","og_locale":"sr_RS","og_type":"article","og_title":"Govor predsednice Osmanija povodom 23. godi\u0161njice bitke na Ko\u0161arama - Predsednik Republike Kosovo - DR. VJOSA OSMANI - SADRIU","og_description":"Govor predsednice Osmanija povodom 23. godi\u0161njice bitke na Ko\u0161arama - Predsednik Republike Kosovo - DR. VJOSA OSMANI - SADRIU -","og_url":"https:\/\/president-ksgov.net\/sr\/govor-predsednice-osmanija-povodom-23-godisnjice-bitke-na-kosarama-2\/","og_site_name":"Predsednik Republike Kosovo - DR. VJOSA OSMANI - SADRIU","article_published_time":"2022-04-09T14:54:12+00:00","og_image":[{"width":1280,"height":852,"url":"https:\/\/president-ksgov.net\/wp-content\/uploads\/09_04_2022_5474408_13.jpg","type":"image\/jpeg"}],"author":"admin","twitter_card":"summary_large_image","twitter_misc":{"\u041d\u0430\u043f\u0438\u0441\u0430\u043d\u043e \u043e\u0434":"admin","\u041f\u0440\u043e\u0446\u0435\u045a\u0435\u043d\u043e \u0432\u0440\u0435\u043c\u0435 \u0447\u0438\u0442\u0430\u045a\u0430":"5 \u043c\u0438\u043d\u0443\u0442\u0430"},"schema":{"@context":"https:\/\/schema.org","@graph":[{"@type":"WebPage","@id":"https:\/\/president-ksgov.net\/sr\/govor-predsednice-osmanija-povodom-23-godisnjice-bitke-na-kosarama-2\/","url":"https:\/\/president-ksgov.net\/sr\/govor-predsednice-osmanija-povodom-23-godisnjice-bitke-na-kosarama-2\/","name":"Govor predsednice Osmanija povodom 23. godi\u0161njice bitke na Ko\u0161arama - Predsednik Republike Kosovo - DR. VJOSA OSMANI - SADRIU","isPartOf":{"@id":"https:\/\/president-ksgov.net\/#website"},"primaryImageOfPage":{"@id":"https:\/\/president-ksgov.net\/sr\/govor-predsednice-osmanija-povodom-23-godisnjice-bitke-na-kosarama-2\/#primaryimage"},"image":{"@id":"https:\/\/president-ksgov.net\/sr\/govor-predsednice-osmanija-povodom-23-godisnjice-bitke-na-kosarama-2\/#primaryimage"},"thumbnailUrl":"https:\/\/president-ksgov.net\/wp-content\/uploads\/09_04_2022_5474408_13.jpg","datePublished":"2022-04-09T14:54:12+00:00","dateModified":"2022-04-09T14:54:12+00:00","author":{"@id":"https:\/\/president-ksgov.net\/#\/schema\/person\/bb4337a5fb147cb2046d80548172cbee"},"description":"Govor predsednice Osmanija povodom 23. godi\u0161njice bitke na Ko\u0161arama - Predsednik Republike Kosovo - DR. VJOSA OSMANI - SADRIU -","breadcrumb":{"@id":"https:\/\/president-ksgov.net\/sr\/govor-predsednice-osmanija-povodom-23-godisnjice-bitke-na-kosarama-2\/#breadcrumb"},"inLanguage":"sr-RS","potentialAction":[{"@type":"ReadAction","target":["https:\/\/president-ksgov.net\/sr\/govor-predsednice-osmanija-povodom-23-godisnjice-bitke-na-kosarama-2\/"]}]},{"@type":"ImageObject","inLanguage":"sr-RS","@id":"https:\/\/president-ksgov.net\/sr\/govor-predsednice-osmanija-povodom-23-godisnjice-bitke-na-kosarama-2\/#primaryimage","url":"https:\/\/president-ksgov.net\/wp-content\/uploads\/09_04_2022_5474408_13.jpg","contentUrl":"https:\/\/president-ksgov.net\/wp-content\/uploads\/09_04_2022_5474408_13.jpg","width":1280,"height":852},{"@type":"BreadcrumbList","@id":"https:\/\/president-ksgov.net\/sr\/govor-predsednice-osmanija-povodom-23-godisnjice-bitke-na-kosarama-2\/#breadcrumb","itemListElement":[{"@type":"ListItem","position":1,"name":"Home","item":"https:\/\/president-ksgov.net\/sr\/"},{"@type":"ListItem","position":2,"name":"Govor predsednice Osmanija povodom 23. godi\u0161njice bitke na Ko\u0161arama"}]},{"@type":"WebSite","@id":"https:\/\/president-ksgov.net\/#website","url":"https:\/\/president-ksgov.net\/","name":"Presidente e Republik\u00ebs s\u00eb Kosov\u00ebs","description":"Presidente e Republik\u00ebs s\u00eb Kosov\u00ebs","alternateName":"DR. VJOSA OSMANI - SADRIU","potentialAction":[{"@type":"SearchAction","target":{"@type":"EntryPoint","urlTemplate":"https:\/\/president-ksgov.net\/?s={search_term_string}"},"query-input":{"@type":"PropertyValueSpecification","valueRequired":true,"valueName":"search_term_string"}}],"inLanguage":"sr-RS"},{"@type":"Person","@id":"https:\/\/president-ksgov.net\/#\/schema\/person\/bb4337a5fb147cb2046d80548172cbee","name":"admin","image":{"@type":"ImageObject","inLanguage":"sr-RS","@id":"https:\/\/president-ksgov.net\/#\/schema\/person\/image\/","url":"https:\/\/secure.gravatar.com\/avatar\/36156ca0fa3b8d9d25174f146e16beea0cf28f37adf1b9e19b6c9c279a7c9dd3?s=96&d=mm&r=g","contentUrl":"https:\/\/secure.gravatar.com\/avatar\/36156ca0fa3b8d9d25174f146e16beea0cf28f37adf1b9e19b6c9c279a7c9dd3?s=96&d=mm&r=g","caption":"admin"},"sameAs":["https:\/\/president-ksgov.net"]}]}},"_links":{"self":[{"href":"https:\/\/president-ksgov.net\/sr\/wp-json\/wp\/v2\/posts\/74391","targetHints":{"allow":["GET"]}}],"collection":[{"href":"https:\/\/president-ksgov.net\/sr\/wp-json\/wp\/v2\/posts"}],"about":[{"href":"https:\/\/president-ksgov.net\/sr\/wp-json\/wp\/v2\/types\/post"}],"author":[{"embeddable":true,"href":"https:\/\/president-ksgov.net\/sr\/wp-json\/wp\/v2\/users\/1"}],"replies":[{"embeddable":true,"href":"https:\/\/president-ksgov.net\/sr\/wp-json\/wp\/v2\/comments?post=74391"}],"version-history":[{"count":0,"href":"https:\/\/president-ksgov.net\/sr\/wp-json\/wp\/v2\/posts\/74391\/revisions"}],"wp:featuredmedia":[{"embeddable":true,"href":"https:\/\/president-ksgov.net\/sr\/wp-json\/wp\/v2\/media\/14607"}],"wp:attachment":[{"href":"https:\/\/president-ksgov.net\/sr\/wp-json\/wp\/v2\/media?parent=74391"}],"wp:term":[{"taxonomy":"category","embeddable":true,"href":"https:\/\/president-ksgov.net\/sr\/wp-json\/wp\/v2\/categories?post=74391"},{"taxonomy":"post_tag","embeddable":true,"href":"https:\/\/president-ksgov.net\/sr\/wp-json\/wp\/v2\/tags?post=74391"}],"curies":[{"name":"wp","href":"https:\/\/api.w.org\/{rel}","templated":true}]}}