{"id":74251,"date":"2022-06-08T14:56:48","date_gmt":"2022-06-08T14:56:48","guid":{"rendered":"https:\/\/dev.president-ksgov.net\/predsednica-osmani-sastala-se-sa-generalnim-direktorom-opec-fonda-abdulhamidom-alkhalifom\/"},"modified":"2022-06-08T14:56:48","modified_gmt":"2022-06-08T14:56:48","slug":"predsednica-osmani-sastala-se-sa-generalnim-direktorom-opec-fonda-abdulhamidom-alkhalifom","status":"publish","type":"post","link":"https:\/\/president-ksgov.net\/sr\/predsednica-osmani-sastala-se-sa-generalnim-direktorom-opec-fonda-abdulhamidom-alkhalifom\/","title":{"rendered":"Predsednica Osmani sastala se sa generalnim direktorom OPEC fonda Abdulhamidom Alkhalifom"},"content":{"rendered":"<p>Predsednica Republike Kosovo Vjosa Osmani-Sadriu do&ccaron;ekala je na sastanku delegaciju Fonda OPEC, koju je predvodio generalni direktor Abdulhamid Alkhalifa.<\/p>\n<p>Poseta delegacije Fonda OPEC Kosovu odvija se uo&ccaron;i potpisivanja sporazuma o zajmu izme&dstrok;u Republike Kosovo i Fonda OPEC za program \u201eJavne finansije Kosova i ekonomski rast\u201c.<\/p>\n<p>Predsednica Osmani je obavestila g. Alkhalifa o reformama na Kosovu u oblasti ekonomije i dobrog upravljanja, a potvrdila je i posve&cacute;enost kosovskih institucija kontinuiranim reformama, koje direktno uti&ccaron;u na pobolj\u0161anje &#382;ivota gra&dstrok;ana. Isti&ccaron;u&cacute;i zna&ccaron;aj posve&cacute;enosti odr&#382;ivom razvoju u zemlji, predsednica Osmani je govorila o konkretnim koracima koji se preduzimaju u oblasti Zelene agende i istakla je va&#382;nu ulogu podr\u0161ke privatnom sektoru u ispunjavanju ovih zajedni&ccaron;kih ciljeva.<\/p>\n<p>S druge strane, predstavnici OPEC fonda su pohvalili u&ccaron;inak Kosova u pogledu ekonomskog oporavka nakon pandemije, \u0161to je, prema njihovim re&ccaron;ima pokazalo da postoje povoljni uslovi za plodnu saradnju Kosova i Fonda OPEC.<\/p>\n<p>Stranke su visoko ocenile intenziviranje bilateralne saradnje i razgovarale su o zna&ccaron;aju nastavka ove saradnje promovisanjem dobrog upravljanja, zelene energije, za\u0161tite &#382;ivotne sredine i odr&#382;ivog razvoja uop\u0161te.<\/p>\n","protected":false},"excerpt":{"rendered":"<p>Predsednica Republike Kosovo Vjosa Osmani-Sadriu do&ccaron;ekala je na sastanku delegaciju Fonda OPEC, koju je predvodio generalni direktor Abdulhamid Alkhalifa.<\/p>\n","protected":false},"author":1,"featured_media":13117,"comment_status":"open","ping_status":"closed","sticky":false,"template":"","format":"standard","meta":{"_eb_attr":"","footnotes":""},"categories":[101],"tags":[],"class_list":["post-74251","post","type-post","status-publish","format-standard","has-post-thumbnail","hentry","category-vesti"],"yoast_head":"<!-- This site is optimized with the Yoast SEO plugin v23.5 - https:\/\/yoast.com\/wordpress\/plugins\/seo\/ -->\n<title>Predsednica Osmani sastala se sa generalnim direktorom OPEC fonda Abdulhamidom Alkhalifom - Predsednik Republike Kosovo - DR. VJOSA OSMANI - SADRIU<\/title>\n<meta name=\"description\" content=\"Predsednica Osmani sastala se sa generalnim direktorom OPEC fonda Abdulhamidom Alkhalifom - Predsednik Republike Kosovo - DR. VJOSA OSMANI - SADRIU -\" \/>\n<meta name=\"robots\" content=\"index, follow, max-snippet:-1, max-image-preview:large, max-video-preview:-1\" \/>\n<link rel=\"canonical\" href=\"https:\/\/president-ksgov.net\/sr\/predsednica-osmani-sastala-se-sa-generalnim-direktorom-opec-fonda-abdulhamidom-alkhalifom\/\" \/>\n<meta property=\"og:locale\" content=\"sr_RS\" \/>\n<meta property=\"og:type\" content=\"article\" \/>\n<meta property=\"og:title\" content=\"Predsednica Osmani sastala se sa generalnim direktorom OPEC fonda Abdulhamidom Alkhalifom - Predsednik Republike Kosovo - DR. VJOSA OSMANI - SADRIU\" \/>\n<meta property=\"og:description\" content=\"Predsednica Osmani sastala se sa generalnim direktorom OPEC fonda Abdulhamidom Alkhalifom - Predsednik Republike Kosovo - DR. VJOSA OSMANI - SADRIU -\" \/>\n<meta property=\"og:url\" content=\"https:\/\/president-ksgov.net\/sr\/predsednica-osmani-sastala-se-sa-generalnim-direktorom-opec-fonda-abdulhamidom-alkhalifom\/\" \/>\n<meta property=\"og:site_name\" content=\"Predsednik Republike Kosovo - DR. VJOSA OSMANI - SADRIU\" \/>\n<meta property=\"article:published_time\" content=\"2022-06-08T14:56:48+00:00\" \/>\n<meta property=\"og:image\" content=\"https:\/\/president-ksgov.net\/wp-content\/uploads\/08_06_2022_1495680_IMG_20220608_WA0000.jpg\" \/>\n\t<meta property=\"og:image:width\" content=\"1226\" \/>\n\t<meta property=\"og:image:height\" content=\"695\" \/>\n\t<meta property=\"og:image:type\" content=\"image\/jpeg\" \/>\n<meta name=\"author\" content=\"admin\" \/>\n<meta name=\"twitter:card\" content=\"summary_large_image\" \/>\n<meta name=\"twitter:label1\" content=\"\u041d\u0430\u043f\u0438\u0441\u0430\u043d\u043e \u043e\u0434\" \/>\n\t<meta name=\"twitter:data1\" content=\"admin\" \/>\n\t<meta name=\"twitter:label2\" content=\"\u041f\u0440\u043e\u0446\u0435\u045a\u0435\u043d\u043e \u0432\u0440\u0435\u043c\u0435 \u0447\u0438\u0442\u0430\u045a\u0430\" \/>\n\t<meta name=\"twitter:data2\" content=\"1 \u043c\u0438\u043d\u0443\u0442\" \/>\n<script type=\"application\/ld+json\" class=\"yoast-schema-graph\">{\"@context\":\"https:\/\/schema.org\",\"@graph\":[{\"@type\":\"WebPage\",\"@id\":\"https:\/\/president-ksgov.net\/sr\/predsednica-osmani-sastala-se-sa-generalnim-direktorom-opec-fonda-abdulhamidom-alkhalifom\/\",\"url\":\"https:\/\/president-ksgov.net\/sr\/predsednica-osmani-sastala-se-sa-generalnim-direktorom-opec-fonda-abdulhamidom-alkhalifom\/\",\"name\":\"Predsednica Osmani sastala se sa generalnim direktorom OPEC fonda Abdulhamidom Alkhalifom - Predsednik Republike Kosovo - DR. VJOSA OSMANI - SADRIU\",\"isPartOf\":{\"@id\":\"https:\/\/president-ksgov.net\/#website\"},\"primaryImageOfPage\":{\"@id\":\"https:\/\/president-ksgov.net\/sr\/predsednica-osmani-sastala-se-sa-generalnim-direktorom-opec-fonda-abdulhamidom-alkhalifom\/#primaryimage\"},\"image\":{\"@id\":\"https:\/\/president-ksgov.net\/sr\/predsednica-osmani-sastala-se-sa-generalnim-direktorom-opec-fonda-abdulhamidom-alkhalifom\/#primaryimage\"},\"thumbnailUrl\":\"https:\/\/president-ksgov.net\/wp-content\/uploads\/08_06_2022_1495680_IMG_20220608_WA0000.jpg\",\"datePublished\":\"2022-06-08T14:56:48+00:00\",\"dateModified\":\"2022-06-08T14:56:48+00:00\",\"author\":{\"@id\":\"https:\/\/president-ksgov.net\/#\/schema\/person\/bb4337a5fb147cb2046d80548172cbee\"},\"description\":\"Predsednica Osmani sastala se sa generalnim direktorom OPEC fonda Abdulhamidom Alkhalifom - Predsednik Republike Kosovo - DR. VJOSA OSMANI - SADRIU -\",\"breadcrumb\":{\"@id\":\"https:\/\/president-ksgov.net\/sr\/predsednica-osmani-sastala-se-sa-generalnim-direktorom-opec-fonda-abdulhamidom-alkhalifom\/#breadcrumb\"},\"inLanguage\":\"sr-RS\",\"potentialAction\":[{\"@type\":\"ReadAction\",\"target\":[\"https:\/\/president-ksgov.net\/sr\/predsednica-osmani-sastala-se-sa-generalnim-direktorom-opec-fonda-abdulhamidom-alkhalifom\/\"]}]},{\"@type\":\"ImageObject\",\"inLanguage\":\"sr-RS\",\"@id\":\"https:\/\/president-ksgov.net\/sr\/predsednica-osmani-sastala-se-sa-generalnim-direktorom-opec-fonda-abdulhamidom-alkhalifom\/#primaryimage\",\"url\":\"https:\/\/president-ksgov.net\/wp-content\/uploads\/08_06_2022_1495680_IMG_20220608_WA0000.jpg\",\"contentUrl\":\"https:\/\/president-ksgov.net\/wp-content\/uploads\/08_06_2022_1495680_IMG_20220608_WA0000.jpg\",\"width\":1226,\"height\":695},{\"@type\":\"BreadcrumbList\",\"@id\":\"https:\/\/president-ksgov.net\/sr\/predsednica-osmani-sastala-se-sa-generalnim-direktorom-opec-fonda-abdulhamidom-alkhalifom\/#breadcrumb\",\"itemListElement\":[{\"@type\":\"ListItem\",\"position\":1,\"name\":\"Home\",\"item\":\"https:\/\/president-ksgov.net\/sr\/\"},{\"@type\":\"ListItem\",\"position\":2,\"name\":\"Predsednica Osmani sastala se sa generalnim direktorom OPEC fonda Abdulhamidom Alkhalifom\"}]},{\"@type\":\"WebSite\",\"@id\":\"https:\/\/president-ksgov.net\/#website\",\"url\":\"https:\/\/president-ksgov.net\/\",\"name\":\"Presidente e Republik\u00ebs s\u00eb Kosov\u00ebs\",\"description\":\"Presidente e Republik\u00ebs s\u00eb Kosov\u00ebs\",\"alternateName\":\"DR. VJOSA OSMANI - SADRIU\",\"potentialAction\":[{\"@type\":\"SearchAction\",\"target\":{\"@type\":\"EntryPoint\",\"urlTemplate\":\"https:\/\/president-ksgov.net\/?s={search_term_string}\"},\"query-input\":{\"@type\":\"PropertyValueSpecification\",\"valueRequired\":true,\"valueName\":\"search_term_string\"}}],\"inLanguage\":\"sr-RS\"},{\"@type\":\"Person\",\"@id\":\"https:\/\/president-ksgov.net\/#\/schema\/person\/bb4337a5fb147cb2046d80548172cbee\",\"name\":\"admin\",\"image\":{\"@type\":\"ImageObject\",\"inLanguage\":\"sr-RS\",\"@id\":\"https:\/\/president-ksgov.net\/#\/schema\/person\/image\/\",\"url\":\"https:\/\/secure.gravatar.com\/avatar\/36156ca0fa3b8d9d25174f146e16beea0cf28f37adf1b9e19b6c9c279a7c9dd3?s=96&d=mm&r=g\",\"contentUrl\":\"https:\/\/secure.gravatar.com\/avatar\/36156ca0fa3b8d9d25174f146e16beea0cf28f37adf1b9e19b6c9c279a7c9dd3?s=96&d=mm&r=g\",\"caption\":\"admin\"},\"sameAs\":[\"https:\/\/president-ksgov.net\"]}]}<\/script>\n<!-- \/ Yoast SEO plugin. -->","yoast_head_json":{"title":"Predsednica Osmani sastala se sa generalnim direktorom OPEC fonda Abdulhamidom Alkhalifom - Predsednik Republike Kosovo - DR. VJOSA OSMANI - SADRIU","description":"Predsednica Osmani sastala se sa generalnim direktorom OPEC fonda Abdulhamidom Alkhalifom - Predsednik Republike Kosovo - DR. VJOSA OSMANI - SADRIU -","robots":{"index":"index","follow":"follow","max-snippet":"max-snippet:-1","max-image-preview":"max-image-preview:large","max-video-preview":"max-video-preview:-1"},"canonical":"https:\/\/president-ksgov.net\/sr\/predsednica-osmani-sastala-se-sa-generalnim-direktorom-opec-fonda-abdulhamidom-alkhalifom\/","og_locale":"sr_RS","og_type":"article","og_title":"Predsednica Osmani sastala se sa generalnim direktorom OPEC fonda Abdulhamidom Alkhalifom - Predsednik Republike Kosovo - DR. VJOSA OSMANI - SADRIU","og_description":"Predsednica Osmani sastala se sa generalnim direktorom OPEC fonda Abdulhamidom Alkhalifom - Predsednik Republike Kosovo - DR. VJOSA OSMANI - SADRIU -","og_url":"https:\/\/president-ksgov.net\/sr\/predsednica-osmani-sastala-se-sa-generalnim-direktorom-opec-fonda-abdulhamidom-alkhalifom\/","og_site_name":"Predsednik Republike Kosovo - DR. VJOSA OSMANI - SADRIU","article_published_time":"2022-06-08T14:56:48+00:00","og_image":[{"width":1226,"height":695,"url":"https:\/\/president-ksgov.net\/wp-content\/uploads\/08_06_2022_1495680_IMG_20220608_WA0000.jpg","type":"image\/jpeg"}],"author":"admin","twitter_card":"summary_large_image","twitter_misc":{"\u041d\u0430\u043f\u0438\u0441\u0430\u043d\u043e \u043e\u0434":"admin","\u041f\u0440\u043e\u0446\u0435\u045a\u0435\u043d\u043e \u0432\u0440\u0435\u043c\u0435 \u0447\u0438\u0442\u0430\u045a\u0430":"1 \u043c\u0438\u043d\u0443\u0442"},"schema":{"@context":"https:\/\/schema.org","@graph":[{"@type":"WebPage","@id":"https:\/\/president-ksgov.net\/sr\/predsednica-osmani-sastala-se-sa-generalnim-direktorom-opec-fonda-abdulhamidom-alkhalifom\/","url":"https:\/\/president-ksgov.net\/sr\/predsednica-osmani-sastala-se-sa-generalnim-direktorom-opec-fonda-abdulhamidom-alkhalifom\/","name":"Predsednica Osmani sastala se sa generalnim direktorom OPEC fonda Abdulhamidom Alkhalifom - Predsednik Republike Kosovo - DR. VJOSA OSMANI - SADRIU","isPartOf":{"@id":"https:\/\/president-ksgov.net\/#website"},"primaryImageOfPage":{"@id":"https:\/\/president-ksgov.net\/sr\/predsednica-osmani-sastala-se-sa-generalnim-direktorom-opec-fonda-abdulhamidom-alkhalifom\/#primaryimage"},"image":{"@id":"https:\/\/president-ksgov.net\/sr\/predsednica-osmani-sastala-se-sa-generalnim-direktorom-opec-fonda-abdulhamidom-alkhalifom\/#primaryimage"},"thumbnailUrl":"https:\/\/president-ksgov.net\/wp-content\/uploads\/08_06_2022_1495680_IMG_20220608_WA0000.jpg","datePublished":"2022-06-08T14:56:48+00:00","dateModified":"2022-06-08T14:56:48+00:00","author":{"@id":"https:\/\/president-ksgov.net\/#\/schema\/person\/bb4337a5fb147cb2046d80548172cbee"},"description":"Predsednica Osmani sastala se sa generalnim direktorom OPEC fonda Abdulhamidom Alkhalifom - Predsednik Republike Kosovo - DR. VJOSA OSMANI - SADRIU -","breadcrumb":{"@id":"https:\/\/president-ksgov.net\/sr\/predsednica-osmani-sastala-se-sa-generalnim-direktorom-opec-fonda-abdulhamidom-alkhalifom\/#breadcrumb"},"inLanguage":"sr-RS","potentialAction":[{"@type":"ReadAction","target":["https:\/\/president-ksgov.net\/sr\/predsednica-osmani-sastala-se-sa-generalnim-direktorom-opec-fonda-abdulhamidom-alkhalifom\/"]}]},{"@type":"ImageObject","inLanguage":"sr-RS","@id":"https:\/\/president-ksgov.net\/sr\/predsednica-osmani-sastala-se-sa-generalnim-direktorom-opec-fonda-abdulhamidom-alkhalifom\/#primaryimage","url":"https:\/\/president-ksgov.net\/wp-content\/uploads\/08_06_2022_1495680_IMG_20220608_WA0000.jpg","contentUrl":"https:\/\/president-ksgov.net\/wp-content\/uploads\/08_06_2022_1495680_IMG_20220608_WA0000.jpg","width":1226,"height":695},{"@type":"BreadcrumbList","@id":"https:\/\/president-ksgov.net\/sr\/predsednica-osmani-sastala-se-sa-generalnim-direktorom-opec-fonda-abdulhamidom-alkhalifom\/#breadcrumb","itemListElement":[{"@type":"ListItem","position":1,"name":"Home","item":"https:\/\/president-ksgov.net\/sr\/"},{"@type":"ListItem","position":2,"name":"Predsednica Osmani sastala se sa generalnim direktorom OPEC fonda Abdulhamidom Alkhalifom"}]},{"@type":"WebSite","@id":"https:\/\/president-ksgov.net\/#website","url":"https:\/\/president-ksgov.net\/","name":"Presidente e Republik\u00ebs s\u00eb Kosov\u00ebs","description":"Presidente e Republik\u00ebs s\u00eb Kosov\u00ebs","alternateName":"DR. VJOSA OSMANI - SADRIU","potentialAction":[{"@type":"SearchAction","target":{"@type":"EntryPoint","urlTemplate":"https:\/\/president-ksgov.net\/?s={search_term_string}"},"query-input":{"@type":"PropertyValueSpecification","valueRequired":true,"valueName":"search_term_string"}}],"inLanguage":"sr-RS"},{"@type":"Person","@id":"https:\/\/president-ksgov.net\/#\/schema\/person\/bb4337a5fb147cb2046d80548172cbee","name":"admin","image":{"@type":"ImageObject","inLanguage":"sr-RS","@id":"https:\/\/president-ksgov.net\/#\/schema\/person\/image\/","url":"https:\/\/secure.gravatar.com\/avatar\/36156ca0fa3b8d9d25174f146e16beea0cf28f37adf1b9e19b6c9c279a7c9dd3?s=96&d=mm&r=g","contentUrl":"https:\/\/secure.gravatar.com\/avatar\/36156ca0fa3b8d9d25174f146e16beea0cf28f37adf1b9e19b6c9c279a7c9dd3?s=96&d=mm&r=g","caption":"admin"},"sameAs":["https:\/\/president-ksgov.net"]}]}},"_links":{"self":[{"href":"https:\/\/president-ksgov.net\/sr\/wp-json\/wp\/v2\/posts\/74251","targetHints":{"allow":["GET"]}}],"collection":[{"href":"https:\/\/president-ksgov.net\/sr\/wp-json\/wp\/v2\/posts"}],"about":[{"href":"https:\/\/president-ksgov.net\/sr\/wp-json\/wp\/v2\/types\/post"}],"author":[{"embeddable":true,"href":"https:\/\/president-ksgov.net\/sr\/wp-json\/wp\/v2\/users\/1"}],"replies":[{"embeddable":true,"href":"https:\/\/president-ksgov.net\/sr\/wp-json\/wp\/v2\/comments?post=74251"}],"version-history":[{"count":0,"href":"https:\/\/president-ksgov.net\/sr\/wp-json\/wp\/v2\/posts\/74251\/revisions"}],"wp:featuredmedia":[{"embeddable":true,"href":"https:\/\/president-ksgov.net\/sr\/wp-json\/wp\/v2\/media\/13117"}],"wp:attachment":[{"href":"https:\/\/president-ksgov.net\/sr\/wp-json\/wp\/v2\/media?parent=74251"}],"wp:term":[{"taxonomy":"category","embeddable":true,"href":"https:\/\/president-ksgov.net\/sr\/wp-json\/wp\/v2\/categories?post=74251"},{"taxonomy":"post_tag","embeddable":true,"href":"https:\/\/president-ksgov.net\/sr\/wp-json\/wp\/v2\/tags?post=74251"}],"curies":[{"name":"wp","href":"https:\/\/api.w.org\/{rel}","templated":true}]}}