{"id":74171,"date":"2022-07-08T10:55:49","date_gmt":"2022-07-08T10:55:49","guid":{"rendered":"https:\/\/dev.president-ksgov.net\/predsednica-osmani-sastala-se-sa-delegacijom-iz-drave-ajove\/"},"modified":"2022-07-08T10:55:49","modified_gmt":"2022-07-08T10:55:49","slug":"predsednica-osmani-sastala-se-sa-delegacijom-iz-drave-ajove","status":"publish","type":"post","link":"https:\/\/president-ksgov.net\/sr\/predsednica-osmani-sastala-se-sa-delegacijom-iz-drave-ajove\/","title":{"rendered":"Predsednica Osmani sastala se sa delegacijom iz dr&#158;ave Ajove"},"content":{"rendered":"<p>Predsednica Republike Kosovo Vjosa Osmani -Sadriu sastala se danas sa delegacijom dr&#382;ave Ajove, u sastavu od institucionalnih predstavnika, predsednika op\u0161tina, vjonih lica, predstavnika univerziteta, umetnosti, kulture, sporta, medija i mladih, koju je predvodio general Nacionalne garde Ajove Timothy E. Orr.<\/p>\n<p>Predsednica je zahvalila dr&#382;avi Ajovi na konstantnoj podr\u0161ci Kosovu. Ona je ocenila posetu predstavnika dr&#382;ave Ajove kao signal me&dstrok;usobne posve&cacute;enosti da se na\u0161e dve zemlje konstantno pribli&#382;avaju jedna drugoj i da se na\u0161i sjajni odnosi sa stalnim saveznikom Kosova, Sjedinjenim Ameri&ccaron;kim Dr&#382;avama, osna&#382;e.\u00a0<\/p>\n<p>Pred ameri&ccaron;kom delegacijom predsednica Osmani je govorila i o potencijalu koji nudi Kosovo, pominju&cacute;i veliki procenat mladih, njihovo \u0161kolovanje, kao i uspehe kosovskih sportista na Mediteranskim igrama u Al&#382;iru, gde su osvojili 6 olimpijskih medalja.<\/p>\n<p>Na sastanku sa delegacijom iz Ajove, predsednica Osmani je zahvalila generalu Orru na konstantoj podr\u0161ci Nacionalne garde Ajove Bezbednosnim snagama Kosova, govore&cacute;i da je Kosovo i dalje koordinisano sa njegovim saveznicima kako bi doprinelo miru, sigurnosti i stabilnosti u regionu i \u0161ire.\u00a0<\/p>\n<p>U tom kontekstu, predsednica Osmani je istakla kontinuiranu pomo&cacute; Amerike, kako u mra&ccaron;nim danima, tako i u naporima Kosova za nezavisnost, pa je zato zatra&#382;ila da se ta podr\u0161ka nastavi, smatraju&cacute;i ovu dr&#382;avu glasom Kosova.\u00a0<\/p>\n<p>A predstavnici dr&#382;ave Ajove zahvalili su predsednici Osmani na srda&ccaron;nosti i obavestili su je o dobroj saradnji sa kosovskim op\u0161tinama, pominju&cacute;i bratimljenje sa nekima od njih, kao i potpisivanje memoranduma o saradnji sa nekoliko univerziteta na Kosovu.\u00a0<\/p>\n","protected":false},"excerpt":{"rendered":"<p>Predsednica Republike Kosovo Vjosa Osmani -Sadriu sastala se danas sa delegacijom dr&#382;ave Ajove, u sastavu od institucionalnih predstavnika, predsednika op\u0161tina, vjonih lica, predstavnika univerziteta, umetnosti, kulture, sporta, medija i mladih, koju je predvodio general Nacionalne garde Ajove Timothy E. Orr.<\/p>\n","protected":false},"author":1,"featured_media":12312,"comment_status":"open","ping_status":"closed","sticky":false,"template":"","format":"standard","meta":{"_eb_attr":"","footnotes":""},"categories":[101],"tags":[],"class_list":["post-74171","post","type-post","status-publish","format-standard","has-post-thumbnail","hentry","category-vesti"],"yoast_head":"<!-- This site is optimized with the Yoast SEO plugin v23.5 - https:\/\/yoast.com\/wordpress\/plugins\/seo\/ -->\n<title>Predsednica Osmani sastala se sa delegacijom iz dr&#158;ave Ajove - Predsednik Republike Kosovo - DR. VJOSA OSMANI - SADRIU<\/title>\n<meta name=\"description\" content=\"Predsednica Osmani sastala se sa delegacijom iz dr&#158;ave Ajove - Predsednik Republike Kosovo - DR. VJOSA OSMANI - SADRIU -\" \/>\n<meta name=\"robots\" content=\"index, follow, max-snippet:-1, max-image-preview:large, max-video-preview:-1\" \/>\n<link rel=\"canonical\" href=\"https:\/\/president-ksgov.net\/sr\/predsednica-osmani-sastala-se-sa-delegacijom-iz-drave-ajove\/\" \/>\n<meta property=\"og:locale\" content=\"sr_RS\" \/>\n<meta property=\"og:type\" content=\"article\" \/>\n<meta property=\"og:title\" content=\"Predsednica Osmani sastala se sa delegacijom iz dr&#158;ave Ajove - Predsednik Republike Kosovo - DR. VJOSA OSMANI - SADRIU\" \/>\n<meta property=\"og:description\" content=\"Predsednica Osmani sastala se sa delegacijom iz dr&#158;ave Ajove - Predsednik Republike Kosovo - DR. VJOSA OSMANI - SADRIU -\" \/>\n<meta property=\"og:url\" content=\"https:\/\/president-ksgov.net\/sr\/predsednica-osmani-sastala-se-sa-delegacijom-iz-drave-ajove\/\" \/>\n<meta property=\"og:site_name\" content=\"Predsednik Republike Kosovo - DR. VJOSA OSMANI - SADRIU\" \/>\n<meta property=\"article:published_time\" content=\"2022-07-08T10:55:49+00:00\" \/>\n<meta property=\"og:image\" content=\"https:\/\/president-ksgov.net\/wp-content\/uploads\/08_07_2022_5738716_4.jpeg\" \/>\n\t<meta property=\"og:image:width\" content=\"1280\" \/>\n\t<meta property=\"og:image:height\" content=\"854\" \/>\n\t<meta property=\"og:image:type\" content=\"image\/jpeg\" \/>\n<meta name=\"author\" content=\"admin\" \/>\n<meta name=\"twitter:card\" content=\"summary_large_image\" \/>\n<meta name=\"twitter:label1\" content=\"\u041d\u0430\u043f\u0438\u0441\u0430\u043d\u043e \u043e\u0434\" \/>\n\t<meta name=\"twitter:data1\" content=\"admin\" \/>\n\t<meta name=\"twitter:label2\" content=\"\u041f\u0440\u043e\u0446\u0435\u045a\u0435\u043d\u043e \u0432\u0440\u0435\u043c\u0435 \u0447\u0438\u0442\u0430\u045a\u0430\" \/>\n\t<meta name=\"twitter:data2\" content=\"1 \u043c\u0438\u043d\u0443\u0442\" \/>\n<script type=\"application\/ld+json\" class=\"yoast-schema-graph\">{\"@context\":\"https:\/\/schema.org\",\"@graph\":[{\"@type\":\"WebPage\",\"@id\":\"https:\/\/president-ksgov.net\/sr\/predsednica-osmani-sastala-se-sa-delegacijom-iz-drave-ajove\/\",\"url\":\"https:\/\/president-ksgov.net\/sr\/predsednica-osmani-sastala-se-sa-delegacijom-iz-drave-ajove\/\",\"name\":\"Predsednica Osmani sastala se sa delegacijom iz dr&#158;ave Ajove - Predsednik Republike Kosovo - DR. VJOSA OSMANI - SADRIU\",\"isPartOf\":{\"@id\":\"https:\/\/president-ksgov.net\/#website\"},\"primaryImageOfPage\":{\"@id\":\"https:\/\/president-ksgov.net\/sr\/predsednica-osmani-sastala-se-sa-delegacijom-iz-drave-ajove\/#primaryimage\"},\"image\":{\"@id\":\"https:\/\/president-ksgov.net\/sr\/predsednica-osmani-sastala-se-sa-delegacijom-iz-drave-ajove\/#primaryimage\"},\"thumbnailUrl\":\"https:\/\/president-ksgov.net\/wp-content\/uploads\/08_07_2022_5738716_4.jpeg\",\"datePublished\":\"2022-07-08T10:55:49+00:00\",\"dateModified\":\"2022-07-08T10:55:49+00:00\",\"author\":{\"@id\":\"https:\/\/president-ksgov.net\/#\/schema\/person\/bb4337a5fb147cb2046d80548172cbee\"},\"description\":\"Predsednica Osmani sastala se sa delegacijom iz dr&#158;ave Ajove - Predsednik Republike Kosovo - DR. VJOSA OSMANI - SADRIU -\",\"breadcrumb\":{\"@id\":\"https:\/\/president-ksgov.net\/sr\/predsednica-osmani-sastala-se-sa-delegacijom-iz-drave-ajove\/#breadcrumb\"},\"inLanguage\":\"sr-RS\",\"potentialAction\":[{\"@type\":\"ReadAction\",\"target\":[\"https:\/\/president-ksgov.net\/sr\/predsednica-osmani-sastala-se-sa-delegacijom-iz-drave-ajove\/\"]}]},{\"@type\":\"ImageObject\",\"inLanguage\":\"sr-RS\",\"@id\":\"https:\/\/president-ksgov.net\/sr\/predsednica-osmani-sastala-se-sa-delegacijom-iz-drave-ajove\/#primaryimage\",\"url\":\"https:\/\/president-ksgov.net\/wp-content\/uploads\/08_07_2022_5738716_4.jpeg\",\"contentUrl\":\"https:\/\/president-ksgov.net\/wp-content\/uploads\/08_07_2022_5738716_4.jpeg\",\"width\":1280,\"height\":854},{\"@type\":\"BreadcrumbList\",\"@id\":\"https:\/\/president-ksgov.net\/sr\/predsednica-osmani-sastala-se-sa-delegacijom-iz-drave-ajove\/#breadcrumb\",\"itemListElement\":[{\"@type\":\"ListItem\",\"position\":1,\"name\":\"Home\",\"item\":\"https:\/\/president-ksgov.net\/sr\/\"},{\"@type\":\"ListItem\",\"position\":2,\"name\":\"Predsednica Osmani sastala se sa delegacijom iz dr&#158;ave Ajove\"}]},{\"@type\":\"WebSite\",\"@id\":\"https:\/\/president-ksgov.net\/#website\",\"url\":\"https:\/\/president-ksgov.net\/\",\"name\":\"Presidente e Republik\u00ebs s\u00eb Kosov\u00ebs\",\"description\":\"Presidente e Republik\u00ebs s\u00eb Kosov\u00ebs\",\"alternateName\":\"DR. VJOSA OSMANI - SADRIU\",\"potentialAction\":[{\"@type\":\"SearchAction\",\"target\":{\"@type\":\"EntryPoint\",\"urlTemplate\":\"https:\/\/president-ksgov.net\/?s={search_term_string}\"},\"query-input\":{\"@type\":\"PropertyValueSpecification\",\"valueRequired\":true,\"valueName\":\"search_term_string\"}}],\"inLanguage\":\"sr-RS\"},{\"@type\":\"Person\",\"@id\":\"https:\/\/president-ksgov.net\/#\/schema\/person\/bb4337a5fb147cb2046d80548172cbee\",\"name\":\"admin\",\"image\":{\"@type\":\"ImageObject\",\"inLanguage\":\"sr-RS\",\"@id\":\"https:\/\/president-ksgov.net\/#\/schema\/person\/image\/\",\"url\":\"https:\/\/secure.gravatar.com\/avatar\/36156ca0fa3b8d9d25174f146e16beea0cf28f37adf1b9e19b6c9c279a7c9dd3?s=96&d=mm&r=g\",\"contentUrl\":\"https:\/\/secure.gravatar.com\/avatar\/36156ca0fa3b8d9d25174f146e16beea0cf28f37adf1b9e19b6c9c279a7c9dd3?s=96&d=mm&r=g\",\"caption\":\"admin\"},\"sameAs\":[\"https:\/\/president-ksgov.net\"]}]}<\/script>\n<!-- \/ Yoast SEO plugin. -->","yoast_head_json":{"title":"Predsednica Osmani sastala se sa delegacijom iz dr&#158;ave Ajove - Predsednik Republike Kosovo - DR. VJOSA OSMANI - SADRIU","description":"Predsednica Osmani sastala se sa delegacijom iz dr&#158;ave Ajove - Predsednik Republike Kosovo - DR. VJOSA OSMANI - SADRIU -","robots":{"index":"index","follow":"follow","max-snippet":"max-snippet:-1","max-image-preview":"max-image-preview:large","max-video-preview":"max-video-preview:-1"},"canonical":"https:\/\/president-ksgov.net\/sr\/predsednica-osmani-sastala-se-sa-delegacijom-iz-drave-ajove\/","og_locale":"sr_RS","og_type":"article","og_title":"Predsednica Osmani sastala se sa delegacijom iz dr&#158;ave Ajove - Predsednik Republike Kosovo - DR. VJOSA OSMANI - SADRIU","og_description":"Predsednica Osmani sastala se sa delegacijom iz dr&#158;ave Ajove - Predsednik Republike Kosovo - DR. VJOSA OSMANI - SADRIU -","og_url":"https:\/\/president-ksgov.net\/sr\/predsednica-osmani-sastala-se-sa-delegacijom-iz-drave-ajove\/","og_site_name":"Predsednik Republike Kosovo - DR. VJOSA OSMANI - SADRIU","article_published_time":"2022-07-08T10:55:49+00:00","og_image":[{"width":1280,"height":854,"url":"https:\/\/president-ksgov.net\/wp-content\/uploads\/08_07_2022_5738716_4.jpeg","type":"image\/jpeg"}],"author":"admin","twitter_card":"summary_large_image","twitter_misc":{"\u041d\u0430\u043f\u0438\u0441\u0430\u043d\u043e \u043e\u0434":"admin","\u041f\u0440\u043e\u0446\u0435\u045a\u0435\u043d\u043e \u0432\u0440\u0435\u043c\u0435 \u0447\u0438\u0442\u0430\u045a\u0430":"1 \u043c\u0438\u043d\u0443\u0442"},"schema":{"@context":"https:\/\/schema.org","@graph":[{"@type":"WebPage","@id":"https:\/\/president-ksgov.net\/sr\/predsednica-osmani-sastala-se-sa-delegacijom-iz-drave-ajove\/","url":"https:\/\/president-ksgov.net\/sr\/predsednica-osmani-sastala-se-sa-delegacijom-iz-drave-ajove\/","name":"Predsednica Osmani sastala se sa delegacijom iz dr&#158;ave Ajove - Predsednik Republike Kosovo - DR. VJOSA OSMANI - SADRIU","isPartOf":{"@id":"https:\/\/president-ksgov.net\/#website"},"primaryImageOfPage":{"@id":"https:\/\/president-ksgov.net\/sr\/predsednica-osmani-sastala-se-sa-delegacijom-iz-drave-ajove\/#primaryimage"},"image":{"@id":"https:\/\/president-ksgov.net\/sr\/predsednica-osmani-sastala-se-sa-delegacijom-iz-drave-ajove\/#primaryimage"},"thumbnailUrl":"https:\/\/president-ksgov.net\/wp-content\/uploads\/08_07_2022_5738716_4.jpeg","datePublished":"2022-07-08T10:55:49+00:00","dateModified":"2022-07-08T10:55:49+00:00","author":{"@id":"https:\/\/president-ksgov.net\/#\/schema\/person\/bb4337a5fb147cb2046d80548172cbee"},"description":"Predsednica Osmani sastala se sa delegacijom iz dr&#158;ave Ajove - Predsednik Republike Kosovo - DR. VJOSA OSMANI - SADRIU -","breadcrumb":{"@id":"https:\/\/president-ksgov.net\/sr\/predsednica-osmani-sastala-se-sa-delegacijom-iz-drave-ajove\/#breadcrumb"},"inLanguage":"sr-RS","potentialAction":[{"@type":"ReadAction","target":["https:\/\/president-ksgov.net\/sr\/predsednica-osmani-sastala-se-sa-delegacijom-iz-drave-ajove\/"]}]},{"@type":"ImageObject","inLanguage":"sr-RS","@id":"https:\/\/president-ksgov.net\/sr\/predsednica-osmani-sastala-se-sa-delegacijom-iz-drave-ajove\/#primaryimage","url":"https:\/\/president-ksgov.net\/wp-content\/uploads\/08_07_2022_5738716_4.jpeg","contentUrl":"https:\/\/president-ksgov.net\/wp-content\/uploads\/08_07_2022_5738716_4.jpeg","width":1280,"height":854},{"@type":"BreadcrumbList","@id":"https:\/\/president-ksgov.net\/sr\/predsednica-osmani-sastala-se-sa-delegacijom-iz-drave-ajove\/#breadcrumb","itemListElement":[{"@type":"ListItem","position":1,"name":"Home","item":"https:\/\/president-ksgov.net\/sr\/"},{"@type":"ListItem","position":2,"name":"Predsednica Osmani sastala se sa delegacijom iz dr&#158;ave Ajove"}]},{"@type":"WebSite","@id":"https:\/\/president-ksgov.net\/#website","url":"https:\/\/president-ksgov.net\/","name":"Presidente e Republik\u00ebs s\u00eb Kosov\u00ebs","description":"Presidente e Republik\u00ebs s\u00eb Kosov\u00ebs","alternateName":"DR. VJOSA OSMANI - SADRIU","potentialAction":[{"@type":"SearchAction","target":{"@type":"EntryPoint","urlTemplate":"https:\/\/president-ksgov.net\/?s={search_term_string}"},"query-input":{"@type":"PropertyValueSpecification","valueRequired":true,"valueName":"search_term_string"}}],"inLanguage":"sr-RS"},{"@type":"Person","@id":"https:\/\/president-ksgov.net\/#\/schema\/person\/bb4337a5fb147cb2046d80548172cbee","name":"admin","image":{"@type":"ImageObject","inLanguage":"sr-RS","@id":"https:\/\/president-ksgov.net\/#\/schema\/person\/image\/","url":"https:\/\/secure.gravatar.com\/avatar\/36156ca0fa3b8d9d25174f146e16beea0cf28f37adf1b9e19b6c9c279a7c9dd3?s=96&d=mm&r=g","contentUrl":"https:\/\/secure.gravatar.com\/avatar\/36156ca0fa3b8d9d25174f146e16beea0cf28f37adf1b9e19b6c9c279a7c9dd3?s=96&d=mm&r=g","caption":"admin"},"sameAs":["https:\/\/president-ksgov.net"]}]}},"_links":{"self":[{"href":"https:\/\/president-ksgov.net\/sr\/wp-json\/wp\/v2\/posts\/74171","targetHints":{"allow":["GET"]}}],"collection":[{"href":"https:\/\/president-ksgov.net\/sr\/wp-json\/wp\/v2\/posts"}],"about":[{"href":"https:\/\/president-ksgov.net\/sr\/wp-json\/wp\/v2\/types\/post"}],"author":[{"embeddable":true,"href":"https:\/\/president-ksgov.net\/sr\/wp-json\/wp\/v2\/users\/1"}],"replies":[{"embeddable":true,"href":"https:\/\/president-ksgov.net\/sr\/wp-json\/wp\/v2\/comments?post=74171"}],"version-history":[{"count":0,"href":"https:\/\/president-ksgov.net\/sr\/wp-json\/wp\/v2\/posts\/74171\/revisions"}],"wp:featuredmedia":[{"embeddable":true,"href":"https:\/\/president-ksgov.net\/sr\/wp-json\/wp\/v2\/media\/12312"}],"wp:attachment":[{"href":"https:\/\/president-ksgov.net\/sr\/wp-json\/wp\/v2\/media?parent=74171"}],"wp:term":[{"taxonomy":"category","embeddable":true,"href":"https:\/\/president-ksgov.net\/sr\/wp-json\/wp\/v2\/categories?post=74171"},{"taxonomy":"post_tag","embeddable":true,"href":"https:\/\/president-ksgov.net\/sr\/wp-json\/wp\/v2\/tags?post=74171"}],"curies":[{"name":"wp","href":"https:\/\/api.w.org\/{rel}","templated":true}]}}