{"id":74169,"date":"2022-07-09T07:52:33","date_gmt":"2022-07-09T07:52:33","guid":{"rendered":"https:\/\/dev.president-ksgov.net\/predsednica-osmani-estitala-je-muslimanskim-vernicima-praznik-kurban-bajrama-ovakvi-praznici-odravaju-ivim-ne-samo-nadu-ve-i-duh-solidarnosti\/"},"modified":"2022-07-09T07:52:33","modified_gmt":"2022-07-09T07:52:33","slug":"predsednica-osmani-estitala-je-muslimanskim-vernicima-praznik-kurban-bajrama-ovakvi-praznici-odravaju-ivim-ne-samo-nadu-ve-i-duh-solidarnosti","status":"publish","type":"post","link":"https:\/\/president-ksgov.net\/sr\/predsednica-osmani-estitala-je-muslimanskim-vernicima-praznik-kurban-bajrama-ovakvi-praznici-odravaju-ivim-ne-samo-nadu-ve-i-duh-solidarnosti\/","title":{"rendered":"Predsednica Osmani &ccaron;estitala je muslimanskim vernicima praznik Kurban bajrama: Ovakvi praznici odr&#158;avaju &#158;ivim ne samo nadu, ve&cacute; i duh solidarnosti"},"content":{"rendered":"<p>Predsednica Republike Kosovo Vjosa Osmani Sadriu &ccaron;estitala je svim muslimanskim vernicima povodom praznika Kurban bajrama.<\/p>\n<p>\u201e&Zcaron;elim da se Kurban bajram proslavi i do&#382;ivi na najbolji mogu&cacute;i na&ccaron;in u svim va\u0161im porodicama\u201c, rekla je predsednica Osmani.<\/p>\n<p>Prva &#382;ena zemlje je rekla da ovakvi praznici odr&#382;avaju &#382;ivim ne samo nadu, ve&cacute; i duh solidarnosti.<\/p>\n<p>\u201eOvakvi praznici odr&#382;avaju &#382;ivim ne samo nadu, ve&cacute; i duh solidarnosti da podr&#382;imo ljude u nevolji u ovom izazovnom vremenu. Neka mir, zdravlje, dobrota i blagostanje budu sa vama i va\u0161im porodicama!\u201c, navodi se u &ccaron;estitki predsednice Osmani<\/p>\n","protected":false},"excerpt":{"rendered":"<p>Predsednica Republike Kosovo Vjosa Osmani Sadriu &ccaron;estitala je svim muslimanskim vernicima povodom praznika Kurban bajrama.<\/p>\n","protected":false},"author":1,"featured_media":12295,"comment_status":"open","ping_status":"closed","sticky":false,"template":"","format":"standard","meta":{"_eb_attr":"","footnotes":""},"categories":[101],"tags":[],"class_list":["post-74169","post","type-post","status-publish","format-standard","has-post-thumbnail","hentry","category-vesti"],"yoast_head":"<!-- This site is optimized with the Yoast SEO plugin v23.5 - https:\/\/yoast.com\/wordpress\/plugins\/seo\/ -->\n<title>Predsednica Osmani &amp;ccaron;estitala je muslimanskim vernicima praznik Kurban bajrama: Ovakvi praznici odr&#158;avaju &#158;ivim ne samo nadu, ve&amp;cacute; i duh solidarnosti - Predsednik Republike Kosovo - DR. VJOSA OSMANI - SADRIU<\/title>\n<meta name=\"description\" content=\"Predsednica Osmani &amp;ccaron;estitala je muslimanskim vernicima praznik Kurban bajrama: Ovakvi praznici odr&#158;avaju &#158;ivim ne samo nadu, ve&amp;cacute; i duh solidarnosti - Predsednik Republike Kosovo - DR. VJOSA OSMANI - SADRIU -\" \/>\n<meta name=\"robots\" content=\"index, follow, max-snippet:-1, max-image-preview:large, max-video-preview:-1\" \/>\n<link rel=\"canonical\" href=\"https:\/\/president-ksgov.net\/sr\/predsednica-osmani-estitala-je-muslimanskim-vernicima-praznik-kurban-bajrama-ovakvi-praznici-odravaju-ivim-ne-samo-nadu-ve-i-duh-solidarnosti\/\" \/>\n<meta property=\"og:locale\" content=\"sr_RS\" \/>\n<meta property=\"og:type\" content=\"article\" \/>\n<meta property=\"og:title\" content=\"Predsednica Osmani &amp;ccaron;estitala je muslimanskim vernicima praznik Kurban bajrama: Ovakvi praznici odr&#158;avaju &#158;ivim ne samo nadu, ve&amp;cacute; i duh solidarnosti - Predsednik Republike Kosovo - DR. VJOSA OSMANI - SADRIU\" \/>\n<meta property=\"og:description\" content=\"Predsednica Osmani &amp;ccaron;estitala je muslimanskim vernicima praznik Kurban bajrama: Ovakvi praznici odr&#158;avaju &#158;ivim ne samo nadu, ve&amp;cacute; i duh solidarnosti - Predsednik Republike Kosovo - DR. VJOSA OSMANI - SADRIU -\" \/>\n<meta property=\"og:url\" content=\"https:\/\/president-ksgov.net\/sr\/predsednica-osmani-estitala-je-muslimanskim-vernicima-praznik-kurban-bajrama-ovakvi-praznici-odravaju-ivim-ne-samo-nadu-ve-i-duh-solidarnosti\/\" \/>\n<meta property=\"og:site_name\" content=\"Predsednik Republike Kosovo - DR. VJOSA OSMANI - SADRIU\" \/>\n<meta property=\"article:published_time\" content=\"2022-07-09T07:52:33+00:00\" \/>\n<meta property=\"og:image\" content=\"https:\/\/president-ksgov.net\/wp-content\/uploads\/09_07_2022_8784554_Gezuar.png\" \/>\n\t<meta property=\"og:image:width\" content=\"1920\" \/>\n\t<meta property=\"og:image:height\" content=\"1080\" \/>\n\t<meta property=\"og:image:type\" content=\"image\/png\" \/>\n<meta name=\"author\" content=\"admin\" \/>\n<meta name=\"twitter:card\" content=\"summary_large_image\" \/>\n<meta name=\"twitter:label1\" content=\"\u041d\u0430\u043f\u0438\u0441\u0430\u043d\u043e \u043e\u0434\" \/>\n\t<meta name=\"twitter:data1\" content=\"admin\" \/>\n\t<meta name=\"twitter:label2\" content=\"\u041f\u0440\u043e\u0446\u0435\u045a\u0435\u043d\u043e \u0432\u0440\u0435\u043c\u0435 \u0447\u0438\u0442\u0430\u045a\u0430\" \/>\n\t<meta name=\"twitter:data2\" content=\"1 \u043c\u0438\u043d\u0443\u0442\" \/>\n<script type=\"application\/ld+json\" class=\"yoast-schema-graph\">{\"@context\":\"https:\/\/schema.org\",\"@graph\":[{\"@type\":\"WebPage\",\"@id\":\"https:\/\/president-ksgov.net\/sr\/predsednica-osmani-estitala-je-muslimanskim-vernicima-praznik-kurban-bajrama-ovakvi-praznici-odravaju-ivim-ne-samo-nadu-ve-i-duh-solidarnosti\/\",\"url\":\"https:\/\/president-ksgov.net\/sr\/predsednica-osmani-estitala-je-muslimanskim-vernicima-praznik-kurban-bajrama-ovakvi-praznici-odravaju-ivim-ne-samo-nadu-ve-i-duh-solidarnosti\/\",\"name\":\"Predsednica Osmani &ccaron;estitala je muslimanskim vernicima praznik Kurban bajrama: Ovakvi praznici odr&#158;avaju &#158;ivim ne samo nadu, ve&cacute; i duh solidarnosti - Predsednik Republike Kosovo - DR. VJOSA OSMANI - SADRIU\",\"isPartOf\":{\"@id\":\"https:\/\/president-ksgov.net\/#website\"},\"primaryImageOfPage\":{\"@id\":\"https:\/\/president-ksgov.net\/sr\/predsednica-osmani-estitala-je-muslimanskim-vernicima-praznik-kurban-bajrama-ovakvi-praznici-odravaju-ivim-ne-samo-nadu-ve-i-duh-solidarnosti\/#primaryimage\"},\"image\":{\"@id\":\"https:\/\/president-ksgov.net\/sr\/predsednica-osmani-estitala-je-muslimanskim-vernicima-praznik-kurban-bajrama-ovakvi-praznici-odravaju-ivim-ne-samo-nadu-ve-i-duh-solidarnosti\/#primaryimage\"},\"thumbnailUrl\":\"https:\/\/president-ksgov.net\/wp-content\/uploads\/09_07_2022_8784554_Gezuar.png\",\"datePublished\":\"2022-07-09T07:52:33+00:00\",\"dateModified\":\"2022-07-09T07:52:33+00:00\",\"author\":{\"@id\":\"https:\/\/president-ksgov.net\/#\/schema\/person\/bb4337a5fb147cb2046d80548172cbee\"},\"description\":\"Predsednica Osmani &ccaron;estitala je muslimanskim vernicima praznik Kurban bajrama: Ovakvi praznici odr&#158;avaju &#158;ivim ne samo nadu, ve&cacute; i duh solidarnosti - Predsednik Republike Kosovo - DR. VJOSA OSMANI - SADRIU -\",\"breadcrumb\":{\"@id\":\"https:\/\/president-ksgov.net\/sr\/predsednica-osmani-estitala-je-muslimanskim-vernicima-praznik-kurban-bajrama-ovakvi-praznici-odravaju-ivim-ne-samo-nadu-ve-i-duh-solidarnosti\/#breadcrumb\"},\"inLanguage\":\"sr-RS\",\"potentialAction\":[{\"@type\":\"ReadAction\",\"target\":[\"https:\/\/president-ksgov.net\/sr\/predsednica-osmani-estitala-je-muslimanskim-vernicima-praznik-kurban-bajrama-ovakvi-praznici-odravaju-ivim-ne-samo-nadu-ve-i-duh-solidarnosti\/\"]}]},{\"@type\":\"ImageObject\",\"inLanguage\":\"sr-RS\",\"@id\":\"https:\/\/president-ksgov.net\/sr\/predsednica-osmani-estitala-je-muslimanskim-vernicima-praznik-kurban-bajrama-ovakvi-praznici-odravaju-ivim-ne-samo-nadu-ve-i-duh-solidarnosti\/#primaryimage\",\"url\":\"https:\/\/president-ksgov.net\/wp-content\/uploads\/09_07_2022_8784554_Gezuar.png\",\"contentUrl\":\"https:\/\/president-ksgov.net\/wp-content\/uploads\/09_07_2022_8784554_Gezuar.png\",\"width\":1920,\"height\":1080},{\"@type\":\"BreadcrumbList\",\"@id\":\"https:\/\/president-ksgov.net\/sr\/predsednica-osmani-estitala-je-muslimanskim-vernicima-praznik-kurban-bajrama-ovakvi-praznici-odravaju-ivim-ne-samo-nadu-ve-i-duh-solidarnosti\/#breadcrumb\",\"itemListElement\":[{\"@type\":\"ListItem\",\"position\":1,\"name\":\"Home\",\"item\":\"https:\/\/president-ksgov.net\/sr\/\"},{\"@type\":\"ListItem\",\"position\":2,\"name\":\"Predsednica Osmani &ccaron;estitala je muslimanskim vernicima praznik Kurban bajrama: Ovakvi praznici odr&#158;avaju &#158;ivim ne samo nadu, ve&cacute; i duh solidarnosti\"}]},{\"@type\":\"WebSite\",\"@id\":\"https:\/\/president-ksgov.net\/#website\",\"url\":\"https:\/\/president-ksgov.net\/\",\"name\":\"Presidente e Republik\u00ebs s\u00eb Kosov\u00ebs\",\"description\":\"Presidente e Republik\u00ebs s\u00eb Kosov\u00ebs\",\"alternateName\":\"DR. VJOSA OSMANI - SADRIU\",\"potentialAction\":[{\"@type\":\"SearchAction\",\"target\":{\"@type\":\"EntryPoint\",\"urlTemplate\":\"https:\/\/president-ksgov.net\/?s={search_term_string}\"},\"query-input\":{\"@type\":\"PropertyValueSpecification\",\"valueRequired\":true,\"valueName\":\"search_term_string\"}}],\"inLanguage\":\"sr-RS\"},{\"@type\":\"Person\",\"@id\":\"https:\/\/president-ksgov.net\/#\/schema\/person\/bb4337a5fb147cb2046d80548172cbee\",\"name\":\"admin\",\"image\":{\"@type\":\"ImageObject\",\"inLanguage\":\"sr-RS\",\"@id\":\"https:\/\/president-ksgov.net\/#\/schema\/person\/image\/\",\"url\":\"https:\/\/secure.gravatar.com\/avatar\/36156ca0fa3b8d9d25174f146e16beea0cf28f37adf1b9e19b6c9c279a7c9dd3?s=96&d=mm&r=g\",\"contentUrl\":\"https:\/\/secure.gravatar.com\/avatar\/36156ca0fa3b8d9d25174f146e16beea0cf28f37adf1b9e19b6c9c279a7c9dd3?s=96&d=mm&r=g\",\"caption\":\"admin\"},\"sameAs\":[\"https:\/\/president-ksgov.net\"]}]}<\/script>\n<!-- \/ Yoast SEO plugin. -->","yoast_head_json":{"title":"Predsednica Osmani &ccaron;estitala je muslimanskim vernicima praznik Kurban bajrama: Ovakvi praznici odr&#158;avaju &#158;ivim ne samo nadu, ve&cacute; i duh solidarnosti - Predsednik Republike Kosovo - DR. VJOSA OSMANI - SADRIU","description":"Predsednica Osmani &ccaron;estitala je muslimanskim vernicima praznik Kurban bajrama: Ovakvi praznici odr&#158;avaju &#158;ivim ne samo nadu, ve&cacute; i duh solidarnosti - Predsednik Republike Kosovo - DR. VJOSA OSMANI - SADRIU -","robots":{"index":"index","follow":"follow","max-snippet":"max-snippet:-1","max-image-preview":"max-image-preview:large","max-video-preview":"max-video-preview:-1"},"canonical":"https:\/\/president-ksgov.net\/sr\/predsednica-osmani-estitala-je-muslimanskim-vernicima-praznik-kurban-bajrama-ovakvi-praznici-odravaju-ivim-ne-samo-nadu-ve-i-duh-solidarnosti\/","og_locale":"sr_RS","og_type":"article","og_title":"Predsednica Osmani &ccaron;estitala je muslimanskim vernicima praznik Kurban bajrama: Ovakvi praznici odr&#158;avaju &#158;ivim ne samo nadu, ve&cacute; i duh solidarnosti - Predsednik Republike Kosovo - DR. VJOSA OSMANI - SADRIU","og_description":"Predsednica Osmani &ccaron;estitala je muslimanskim vernicima praznik Kurban bajrama: Ovakvi praznici odr&#158;avaju &#158;ivim ne samo nadu, ve&cacute; i duh solidarnosti - Predsednik Republike Kosovo - DR. VJOSA OSMANI - SADRIU -","og_url":"https:\/\/president-ksgov.net\/sr\/predsednica-osmani-estitala-je-muslimanskim-vernicima-praznik-kurban-bajrama-ovakvi-praznici-odravaju-ivim-ne-samo-nadu-ve-i-duh-solidarnosti\/","og_site_name":"Predsednik Republike Kosovo - DR. VJOSA OSMANI - SADRIU","article_published_time":"2022-07-09T07:52:33+00:00","og_image":[{"width":1920,"height":1080,"url":"https:\/\/president-ksgov.net\/wp-content\/uploads\/09_07_2022_8784554_Gezuar.png","type":"image\/png"}],"author":"admin","twitter_card":"summary_large_image","twitter_misc":{"\u041d\u0430\u043f\u0438\u0441\u0430\u043d\u043e \u043e\u0434":"admin","\u041f\u0440\u043e\u0446\u0435\u045a\u0435\u043d\u043e \u0432\u0440\u0435\u043c\u0435 \u0447\u0438\u0442\u0430\u045a\u0430":"1 \u043c\u0438\u043d\u0443\u0442"},"schema":{"@context":"https:\/\/schema.org","@graph":[{"@type":"WebPage","@id":"https:\/\/president-ksgov.net\/sr\/predsednica-osmani-estitala-je-muslimanskim-vernicima-praznik-kurban-bajrama-ovakvi-praznici-odravaju-ivim-ne-samo-nadu-ve-i-duh-solidarnosti\/","url":"https:\/\/president-ksgov.net\/sr\/predsednica-osmani-estitala-je-muslimanskim-vernicima-praznik-kurban-bajrama-ovakvi-praznici-odravaju-ivim-ne-samo-nadu-ve-i-duh-solidarnosti\/","name":"Predsednica Osmani &ccaron;estitala je muslimanskim vernicima praznik Kurban bajrama: Ovakvi praznici odr&#158;avaju &#158;ivim ne samo nadu, ve&cacute; i duh solidarnosti - Predsednik Republike Kosovo - DR. VJOSA OSMANI - SADRIU","isPartOf":{"@id":"https:\/\/president-ksgov.net\/#website"},"primaryImageOfPage":{"@id":"https:\/\/president-ksgov.net\/sr\/predsednica-osmani-estitala-je-muslimanskim-vernicima-praznik-kurban-bajrama-ovakvi-praznici-odravaju-ivim-ne-samo-nadu-ve-i-duh-solidarnosti\/#primaryimage"},"image":{"@id":"https:\/\/president-ksgov.net\/sr\/predsednica-osmani-estitala-je-muslimanskim-vernicima-praznik-kurban-bajrama-ovakvi-praznici-odravaju-ivim-ne-samo-nadu-ve-i-duh-solidarnosti\/#primaryimage"},"thumbnailUrl":"https:\/\/president-ksgov.net\/wp-content\/uploads\/09_07_2022_8784554_Gezuar.png","datePublished":"2022-07-09T07:52:33+00:00","dateModified":"2022-07-09T07:52:33+00:00","author":{"@id":"https:\/\/president-ksgov.net\/#\/schema\/person\/bb4337a5fb147cb2046d80548172cbee"},"description":"Predsednica Osmani &ccaron;estitala je muslimanskim vernicima praznik Kurban bajrama: Ovakvi praznici odr&#158;avaju &#158;ivim ne samo nadu, ve&cacute; i duh solidarnosti - Predsednik Republike Kosovo - DR. VJOSA OSMANI - SADRIU -","breadcrumb":{"@id":"https:\/\/president-ksgov.net\/sr\/predsednica-osmani-estitala-je-muslimanskim-vernicima-praznik-kurban-bajrama-ovakvi-praznici-odravaju-ivim-ne-samo-nadu-ve-i-duh-solidarnosti\/#breadcrumb"},"inLanguage":"sr-RS","potentialAction":[{"@type":"ReadAction","target":["https:\/\/president-ksgov.net\/sr\/predsednica-osmani-estitala-je-muslimanskim-vernicima-praznik-kurban-bajrama-ovakvi-praznici-odravaju-ivim-ne-samo-nadu-ve-i-duh-solidarnosti\/"]}]},{"@type":"ImageObject","inLanguage":"sr-RS","@id":"https:\/\/president-ksgov.net\/sr\/predsednica-osmani-estitala-je-muslimanskim-vernicima-praznik-kurban-bajrama-ovakvi-praznici-odravaju-ivim-ne-samo-nadu-ve-i-duh-solidarnosti\/#primaryimage","url":"https:\/\/president-ksgov.net\/wp-content\/uploads\/09_07_2022_8784554_Gezuar.png","contentUrl":"https:\/\/president-ksgov.net\/wp-content\/uploads\/09_07_2022_8784554_Gezuar.png","width":1920,"height":1080},{"@type":"BreadcrumbList","@id":"https:\/\/president-ksgov.net\/sr\/predsednica-osmani-estitala-je-muslimanskim-vernicima-praznik-kurban-bajrama-ovakvi-praznici-odravaju-ivim-ne-samo-nadu-ve-i-duh-solidarnosti\/#breadcrumb","itemListElement":[{"@type":"ListItem","position":1,"name":"Home","item":"https:\/\/president-ksgov.net\/sr\/"},{"@type":"ListItem","position":2,"name":"Predsednica Osmani &ccaron;estitala je muslimanskim vernicima praznik Kurban bajrama: Ovakvi praznici odr&#158;avaju &#158;ivim ne samo nadu, ve&cacute; i duh solidarnosti"}]},{"@type":"WebSite","@id":"https:\/\/president-ksgov.net\/#website","url":"https:\/\/president-ksgov.net\/","name":"Presidente e Republik\u00ebs s\u00eb Kosov\u00ebs","description":"Presidente e Republik\u00ebs s\u00eb Kosov\u00ebs","alternateName":"DR. VJOSA OSMANI - SADRIU","potentialAction":[{"@type":"SearchAction","target":{"@type":"EntryPoint","urlTemplate":"https:\/\/president-ksgov.net\/?s={search_term_string}"},"query-input":{"@type":"PropertyValueSpecification","valueRequired":true,"valueName":"search_term_string"}}],"inLanguage":"sr-RS"},{"@type":"Person","@id":"https:\/\/president-ksgov.net\/#\/schema\/person\/bb4337a5fb147cb2046d80548172cbee","name":"admin","image":{"@type":"ImageObject","inLanguage":"sr-RS","@id":"https:\/\/president-ksgov.net\/#\/schema\/person\/image\/","url":"https:\/\/secure.gravatar.com\/avatar\/36156ca0fa3b8d9d25174f146e16beea0cf28f37adf1b9e19b6c9c279a7c9dd3?s=96&d=mm&r=g","contentUrl":"https:\/\/secure.gravatar.com\/avatar\/36156ca0fa3b8d9d25174f146e16beea0cf28f37adf1b9e19b6c9c279a7c9dd3?s=96&d=mm&r=g","caption":"admin"},"sameAs":["https:\/\/president-ksgov.net"]}]}},"_links":{"self":[{"href":"https:\/\/president-ksgov.net\/sr\/wp-json\/wp\/v2\/posts\/74169","targetHints":{"allow":["GET"]}}],"collection":[{"href":"https:\/\/president-ksgov.net\/sr\/wp-json\/wp\/v2\/posts"}],"about":[{"href":"https:\/\/president-ksgov.net\/sr\/wp-json\/wp\/v2\/types\/post"}],"author":[{"embeddable":true,"href":"https:\/\/president-ksgov.net\/sr\/wp-json\/wp\/v2\/users\/1"}],"replies":[{"embeddable":true,"href":"https:\/\/president-ksgov.net\/sr\/wp-json\/wp\/v2\/comments?post=74169"}],"version-history":[{"count":0,"href":"https:\/\/president-ksgov.net\/sr\/wp-json\/wp\/v2\/posts\/74169\/revisions"}],"wp:featuredmedia":[{"embeddable":true,"href":"https:\/\/president-ksgov.net\/sr\/wp-json\/wp\/v2\/media\/12295"}],"wp:attachment":[{"href":"https:\/\/president-ksgov.net\/sr\/wp-json\/wp\/v2\/media?parent=74169"}],"wp:term":[{"taxonomy":"category","embeddable":true,"href":"https:\/\/president-ksgov.net\/sr\/wp-json\/wp\/v2\/categories?post=74169"},{"taxonomy":"post_tag","embeddable":true,"href":"https:\/\/president-ksgov.net\/sr\/wp-json\/wp\/v2\/tags?post=74169"}],"curies":[{"name":"wp","href":"https:\/\/api.w.org\/{rel}","templated":true}]}}