{"id":74153,"date":"2022-07-21T20:48:29","date_gmt":"2022-07-21T20:48:29","guid":{"rendered":"https:\/\/dev.president-ksgov.net\/govor-predsednice-osmani-povodom-obeleavanja-godisnjice-uspostavljanja-strateske-mree-za-rodnu-politiku-od-strane-ndi-a-2\/"},"modified":"2022-07-21T20:48:29","modified_gmt":"2022-07-21T20:48:29","slug":"govor-predsednice-osmani-povodom-obeleavanja-godisnjice-uspostavljanja-strateske-mree-za-rodnu-politiku-od-strane-ndi-a-2","status":"publish","type":"post","link":"https:\/\/president-ksgov.net\/sr\/govor-predsednice-osmani-povodom-obeleavanja-godisnjice-uspostavljanja-strateske-mree-za-rodnu-politiku-od-strane-ndi-a-2\/","title":{"rendered":"Govor predsednice Osmani povodom obele&#158;avanja godi\u0161njice uspostavljanja Strate\u0161ke mre&#158;e za rodnu politiku od strane NDI-a"},"content":{"rendered":"<p>Po\u0161tovani premijeru Kurti,<br \/>\nPo\u0161tovana biv\u0161a predsednice Jahjaga,<br \/>\nPo\u0161tovani ambasadore Soderberg,<br \/>\nPo\u0161tovani ministri, predsednici politi&ccaron;kih partija, potpredsednici politi&ccaron;kih partija u zemlji,<br \/>\nPo\u0161tovani &ccaron;lanovi Strate\u0161ke mre&#382;e za rodnu politiku,<br \/>\nDame i gospodo koji ste danas prisutni, i poslanici koje vidim da su tako&dstrok;e prisutni,<\/p>\n<p>Hvala vam na pozivu na dana\u0161nji doga&dstrok;aj!<br \/>\nAli, pre svega, hvala vam na trudu i na &ccaron;injenici da ste retko uspevali da konsolidujete zahtev koji prevazilazi eventualne razlike koje &ccaron;lanovi mogu imati u ovoj Mre&#382;i koja ima izuzetan i veoma bitan cilj: garantovanje i unapre&dstrok;enje rodne ravnopravnosti u zemlji. &Ccaron;injenica da je ovo jednoglasan zahtev svih predstavnika centralnih i lokalnih institucija, predstavnika politi&ccaron;kih partija, civilnog dru\u0161tva, akademske zajednice, ve&cacute;inske i neve&cacute;inske zajednice koji govori vi\u0161e od bilo koje druge re&ccaron;i.<\/p>\n<p>Pre nego \u0161to nastavim, &#382;elim da zahvalim NDI-ju na ovoj inicijativi i na &ccaron;injenici da je godinama igrao veoma va&#382;nu ulogu u osna&#382;ivanju &#382;ena u politici, posebno na rukovode&cacute;im pozicijama i pozicijama na kojima se donose odluke u zemlji, uvek doprinose&cacute;i razvoju ravnopravnije, sveobuhvatnije i jo\u0161 produktivnijeg politi&ccaron;kog okru&#382;enja.<\/p>\n<p>Rodna ravnopravnost u politici i dono\u0161enju odluka je preduslov za pravi&ccaron;no, sveobuhvatno i odr&#382;ivo stvaranje politike. Rodna ravnopravnost je zapravo sinonim za razvoj i napredak jedne zemlje. Na osnovu ove premise, jedno od na\u0161ih glavnih opredeljenja u okviru Samita za demokratiju predsednika Baidena je upravo uskla&dstrok;ivanje zakona Republike Kosovo sa Zakonom o rodnoj ravnopravnosti.<\/p>\n<p>Rodna ravnopravnost je stoga neophodna u na\u0161em svakodnevnom radu, neophodna je u svakodnevnom &#382;ivotu na\u0161ih gra&dstrok;ana. Zato smo zapo&ccaron;eli rad na usagla\u0161avanju Zakona o op\u0161tim izborima, Zakona o lokalnim izborima, Zakona o finansiranju politi&ccaron;kih partija sa Zakonom o ravnopravnosti polova, u cilju ravnopravnosti na kandidatskim listama, pove&cacute;anja nivoa zastupljenosti &#382;ena u politici, ali i u rukovode&cacute;im strukturama politi&ccaron;kih partija, u krajnjoj liniji, pove&cacute;anja broja &#382;ena na pozicijama na kojima se donose odluke i rukovode&cacute;im pozicijama, kako na lokalnom tako i na centralnom nivou. Ali rad na pribli&#382;avanju ovih zakona o rodnoj ravnopravnosti i&cacute;i &cacute;e\u00a0 mnogo dalje od zakona koje sam upravo pomenula.<br \/>\nDanas, pre nekoliko sati, naime, Radna grupa za rodnu ravnopravnost, koja funkcioni\u0161e u okviru Saveta za demokratiju i ljudska prava pri Predsedni\u0161tvu \u2013 radila je na jednoj od ve&cacute; ispunjenih obaveza ovog Samita, dakle odr&#382;ala je prvi sastanak u slu&#382;benom svojstvu upravo kako bi zapo&ccaron;ela sastavljanje ovih amandmana.<\/p>\n<p>Svesni smo da je put pred nama dug, ali smo podjednako svesni da kada govorimo o rodnoj ravnopravnosti ne postoji i ne treba da postoji alternativni narativ. Rodna ravnopravnost je prava stvar i najmudriji postupak svakog dru\u0161tva, posebno za dru\u0161tvo na\u0161ih dana, ali i za na\u0161u budu&cacute;nost.<\/p>\n<p>Dok radimo na pretvaranju re&ccaron;i u dela, potrebna nam je podr\u0161ka, znanje, profesionalizam i anga&#382;ovanje svakog od vas. \u0160to &cacute;e pripremni rad biti sveobuhvatniji, to &cacute;e biti ve&cacute;e \u0161anse za uspeh u ostvarivanju na\u0161ih zajedni&ccaron;kih ciljeva.<\/p>\n<p>Ono &ccaron;emu te&#382;imo nema veze sa unapre&dstrok;enjem polo&#382;aja &#382;ene ili grupe &#382;ena u na\u0161em dru\u0161tvu, ve&cacute; sa garantovanjem boljeg &#382;ivota za sve &#382;ene \u0161irom Kosova. I svako ko danas ne razume jasno va&#382;nost anga&#382;ovanja u ovom pravcu, on ne uspeva da jasno sagleda beskona&ccaron;an potencijal na\u0161eg dru\u0161tva, posebno &#382;ena u na\u0161em dru\u0161tvu i transformativnu sposobnost koju mo&#382;emo imati kada radimo zajedno, kada su &#382;ene i mu\u0161karci jednaki.<\/p>\n<p>Izuzetan je ose&cacute;aj predstavljati Kosovo u me&dstrok;unarodnoj areni i videti kako oni koji veruju u rodnu ravnopravnost sa divljenjem vide primer koji je Kosovo dalo kao nova demokratija sa mnogo, mnogo primera na centralnom nivou.<\/p>\n<p>Ali, sve dok imamo dostojanstveniju i ravnopravniju zastupljenost na centralnom nivou; dok vidimo pove&cacute;ano u&ccaron;e\u0161&cacute;e &#382;ena u partijskim rukovode&cacute;im strukturama, ostaje nam jo\u0161 puno posla da bismo imali jo\u0161 ravnopravniju zastupljenost, posebno na lokalnom nivou, ali i u va&#382;nim sektorima kao \u0161to su odbrana i bezbednost i drugi sektori u kojima su, na&#382;alost, tradicionalno dominirali mu\u0161karci.<\/p>\n<p>Iz tog razloga &cacute;emo u oktobru ove godine u Pri\u0161tini organizovati Prvi me&dstrok;unarodni forum za &#382;ene, mir i bezbednost. Imamo toliko toga da nau&ccaron;imo od drugih, ali tako&dstrok;e imamo toliko toga da poka&#382;emo svetu. Imamo zlatnu priliku da motivi\u0161emo &#382;ene i devojke na Kosovu, ali i van Kosova za anga&#382;ovanje i aktivizam u rukovo&dstrok;enju i upravljanju relevantnim i vitalnim procesima u na\u0161oj zemlji i \u0161ire.<\/p>\n<p>Ono \u0161to danas mo&#382;emo sa velikim uverenjem da ka&#382;emo jeste da su stranke koje su podr&#382;avale unapre&dstrok;enje &#382;ena u svojim strukturama ve&cacute; shvatile gre\u0161ke koje su na&ccaron;injene u pro\u0161losti u godinama kada je u&ccaron;e\u0161&cacute;e &#382;ena bilo slabo.<br \/>\nVe&cacute;ina partija u zemlji je, sre&cacute;om, shvatila da ravnopravno u&ccaron;e\u0161&cacute;e &#382;ena u rukovode&cacute;im strukturama zna&ccaron;i ve&cacute;u \u0161ansu za uspeh, za efikasan rad, za liderstvo i dostojanstveno predstavljanje zemlje.<\/p>\n<p>Gloria Stajn\u00ebm, jedna od najistaknutijih feministkinja na\u0161eg vremena, rekla je: \u201eAko niste feministkinja, mu\u0161karac ili &#382;ena, onda gledate na svet jednim okom.\u201c Pravo je vreme da otvorimo oba oka: dobro ih otvorimo i pogledajmo jasno!<\/p>\n<p>Uverena sam da &cacute;e dani koji su pred nama biti bolji. Vidim me&dstrok;u vama mnoge feministkinje i feministe, aktivistkinje i aktiviste, mnoge profesionalce &#8211; vidim pojedince koji veruju, ali i vredno rade da garantuju rodnu ravnopravnost u svakom koraku i sferi na\u0161ih &#382;ivota.<\/p>\n<p>Sada moramo da udru&#382;imo snage i u&ccaron;inimo najbolje \u0161to znamo i mo&#382;emo. Stoga, &ccaron;vrsto verujem da ujedinjeni i dobro koordinisani ciljevi uvek imaju potencijal za transformativne promene u na\u0161em dru\u0161tvu.<\/p>\n<p>Pozivam vas danas da sara&dstrok;ujete sa Grupom za rodnu ravnopravnost u okviru Saveta za demokratiju i sa drugim relevantnim institucijama u zemlji na realizaciji cilja koji nas ujedinjuje za jednaka prava i mogu&cacute;nosti za &#382;ene i mu\u0161karce u svim sektorima, kao i na lokalnom nivou kao i na centralnom nivou, u javnom ili privatnom sektoru, u svakom zakonu i svakom na\u0161em postupku.<\/p>\n<p>Hvala vam!<\/p>\n","protected":false},"excerpt":{"rendered":"<p>Po\u0161tovani premijeru Kurti, Po\u0161tovana biv\u0161a predsednice Jahjaga, Po\u0161tovani ambasadore Soderberg, Po\u0161tovani ministri, predsednici politi&ccaron;kih partija, potpredsednici politi&ccaron;kih partija u zemlji, Po\u0161tovani &ccaron;lanovi Strate\u0161ke mre&#382;e za rodnu politiku, Dame i gospodo koji ste danas prisutni, i poslanici koje vidim da su tako&dstrok;e prisutni, Hvala vam na pozivu na dana\u0161nji doga&dstrok;aj! Ali, pre svega, hvala vam na trudu i na &ccaron;injenici da ste retko uspevali da konsolidujete zahtev koji prevazilazi eventualne razlike koje &ccaron;lanovi mogu imati u ovoj Mre&#382;i koja ima izuzetan i veoma bitan cilj: garantovanje i unapre&dstrok;enje rodne ravnopravnosti u zemlji. &Ccaron;injenica da je ovo jednoglasan zahtev svih predstavnika centralnih i lokalnih institucija, predstavnika politi&ccaron;kih partija, civilnog dru\u0161tva, akademske zajednice, ve&cacute;inske i neve&cacute;inske zajednice koji govori vi\u0161e od bilo koje druge re&ccaron;i. Pre nego \u0161to nastavim, &#382;elim da zahvalim NDI-ju na ovoj inicijativi i na &ccaron;injenici da je godinama igrao veoma va&#382;nu ulogu u osna&#382;ivanju &#382;ena u politici, posebno na rukovode&cacute;im pozicijama i pozicijama na kojima se donose odluke u zemlji, uvek doprinose&cacute;i razvoju ravnopravnije, sveobuhvatnije i jo\u0161 produktivnijeg politi&ccaron;kog okru&#382;enja. Rodna ravnopravnost u politici i dono\u0161enju odluka je preduslov za pravi&ccaron;no, sveobuhvatno i odr&#382;ivo stvaranje politike. Rodna ravnopravnost je zapravo sinonim za razvoj i napredak jedne zemlje. Na osnovu ove premise, jedno od na\u0161ih glavnih opredeljenja u okviru Samita za demokratiju predsednika Baidena je upravo uskla&dstrok;ivanje zakona Republike Kosovo sa Zakonom o rodnoj ravnopravnosti. Rodna ravnopravnost je stoga neophodna u na\u0161em svakodnevnom radu, neophodna je u svakodnevnom &#382;ivotu na\u0161ih gra&dstrok;ana. Zato smo zapo&ccaron;eli rad na usagla\u0161avanju Zakona o op\u0161tim izborima, Zakona o lokalnim izborima, Zakona o finansiranju politi&ccaron;kih partija sa Zakonom o ravnopravnosti polova, u cilju ravnopravnosti na kandidatskim listama, pove&cacute;anja nivoa zastupljenosti &#382;ena u politici, ali i u rukovode&cacute;im strukturama politi&ccaron;kih partija, u krajnjoj liniji, pove&cacute;anja broja &#382;ena na pozicijama na kojima se donose odluke i rukovode&cacute;im pozicijama, kako na lokalnom tako i na centralnom nivou. Ali rad na pribli&#382;avanju ovih zakona o rodnoj ravnopravnosti i&cacute;i &cacute;e\u00a0 mnogo dalje od zakona koje sam upravo pomenula. Danas, pre nekoliko sati, naime, Radna grupa za rodnu ravnopravnost, koja funkcioni\u0161e u okviru Saveta za demokratiju i ljudska prava pri Predsedni\u0161tvu \u2013 radila je na jednoj od ve&cacute; ispunjenih obaveza ovog Samita, dakle odr&#382;ala je prvi sastanak u slu&#382;benom svojstvu upravo kako bi zapo&ccaron;ela sastavljanje ovih amandmana. Svesni smo da je put pred nama dug, ali smo podjednako svesni da kada govorimo o rodnoj ravnopravnosti ne postoji i ne treba da postoji alternativni narativ. Rodna ravnopravnost je prava stvar i najmudriji postupak svakog dru\u0161tva, posebno za dru\u0161tvo na\u0161ih dana, ali i za na\u0161u budu&cacute;nost. Dok radimo na pretvaranju re&ccaron;i u dela, potrebna nam je podr\u0161ka, znanje, profesionalizam i anga&#382;ovanje svakog od vas. \u0160to &cacute;e pripremni rad biti sveobuhvatniji, to &cacute;e biti ve&cacute;e \u0161anse za uspeh u ostvarivanju na\u0161ih zajedni&ccaron;kih ciljeva. Ono &ccaron;emu te&#382;imo nema veze sa unapre&dstrok;enjem polo&#382;aja &#382;ene ili grupe &#382;ena u na\u0161em dru\u0161tvu, ve&cacute; sa garantovanjem boljeg &#382;ivota za sve &#382;ene \u0161irom Kosova. I svako ko danas ne razume jasno va&#382;nost anga&#382;ovanja u ovom pravcu, on ne uspeva da jasno sagleda beskona&ccaron;an potencijal na\u0161eg dru\u0161tva, posebno &#382;ena u na\u0161em dru\u0161tvu i transformativnu sposobnost koju mo&#382;emo imati kada radimo zajedno, kada su &#382;ene i mu\u0161karci jednaki. Izuzetan je ose&cacute;aj predstavljati Kosovo u me&dstrok;unarodnoj areni i videti kako oni koji veruju u rodnu ravnopravnost sa divljenjem vide primer koji je Kosovo dalo kao nova demokratija sa mnogo, mnogo primera na centralnom nivou. Ali, sve dok imamo dostojanstveniju i ravnopravniju zastupljenost na centralnom nivou; dok vidimo pove&cacute;ano u&ccaron;e\u0161&cacute;e &#382;ena u partijskim rukovode&cacute;im strukturama, ostaje nam jo\u0161 puno posla da bismo imali jo\u0161 ravnopravniju zastupljenost, posebno na lokalnom nivou, ali i u va&#382;nim sektorima kao \u0161to su odbrana i bezbednost i drugi sektori u kojima su, na&#382;alost, tradicionalno dominirali mu\u0161karci. Iz tog razloga &cacute;emo u oktobru ove godine u Pri\u0161tini organizovati Prvi me&dstrok;unarodni forum za &#382;ene, mir i bezbednost. Imamo toliko toga da nau&ccaron;imo od drugih, ali tako&dstrok;e imamo toliko toga da poka&#382;emo svetu. Imamo zlatnu priliku da motivi\u0161emo &#382;ene i devojke na Kosovu, ali i van Kosova za anga&#382;ovanje i aktivizam u rukovo&dstrok;enju i upravljanju relevantnim i vitalnim procesima u na\u0161oj zemlji i \u0161ire. Ono \u0161to danas mo&#382;emo sa velikim uverenjem da ka&#382;emo jeste da su stranke koje su podr&#382;avale unapre&dstrok;enje &#382;ena u svojim strukturama ve&cacute; shvatile gre\u0161ke koje su na&ccaron;injene u pro\u0161losti u godinama kada je u&ccaron;e\u0161&cacute;e &#382;ena bilo slabo. Ve&cacute;ina partija u zemlji je, sre&cacute;om, shvatila da ravnopravno u&ccaron;e\u0161&cacute;e &#382;ena u rukovode&cacute;im strukturama zna&ccaron;i ve&cacute;u \u0161ansu za uspeh, za efikasan rad, za liderstvo i dostojanstveno predstavljanje zemlje. Gloria Stajn\u00ebm, jedna od najistaknutijih feministkinja na\u0161eg vremena, rekla je: \u201eAko niste feministkinja, mu\u0161karac ili &#382;ena, onda gledate na svet jednim okom.\u201c Pravo je vreme da otvorimo oba oka: dobro ih otvorimo i pogledajmo jasno! Uverena sam da &cacute;e dani koji su pred nama biti bolji. Vidim me&dstrok;u vama mnoge feministkinje i feministe, aktivistkinje i aktiviste, mnoge profesionalce &#8211; vidim pojedince koji veruju, ali i vredno rade da garantuju rodnu ravnopravnost u svakom koraku i sferi na\u0161ih &#382;ivota. Sada moramo da udru&#382;imo snage i u&ccaron;inimo najbolje \u0161to znamo i mo&#382;emo. Stoga, &ccaron;vrsto verujem da ujedinjeni i dobro koordinisani ciljevi uvek imaju potencijal za transformativne promene u na\u0161em dru\u0161tvu. Pozivam vas danas da sara&dstrok;ujete sa Grupom za rodnu ravnopravnost u okviru Saveta za demokratiju i sa drugim relevantnim institucijama u zemlji na realizaciji cilja koji nas ujedinjuje za jednaka prava i mogu&cacute;nosti za &#382;ene i mu\u0161karce u svim sektorima, kao i na lokalnom nivou kao i na centralnom nivou, u javnom ili privatnom sektoru, u svakom zakonu i svakom na\u0161em postupku. Hvala vam!<\/p>\n","protected":false},"author":1,"featured_media":12234,"comment_status":"open","ping_status":"closed","sticky":false,"template":"","format":"standard","meta":{"_eb_attr":"","footnotes":""},"categories":[101],"tags":[],"class_list":["post-74153","post","type-post","status-publish","format-standard","has-post-thumbnail","hentry","category-vesti"],"yoast_head":"<!-- This site is optimized with the Yoast SEO plugin v23.5 - https:\/\/yoast.com\/wordpress\/plugins\/seo\/ -->\n<title>Govor predsednice Osmani povodom obele&#158;avanja godi\u0161njice uspostavljanja Strate\u0161ke mre&#158;e za rodnu politiku od strane NDI-a - Predsednik Republike Kosovo - DR. VJOSA OSMANI - SADRIU<\/title>\n<meta name=\"description\" content=\"Govor predsednice Osmani povodom obele&#158;avanja godi\u0161njice uspostavljanja Strate\u0161ke mre&#158;e za rodnu politiku od strane NDI-a - Predsednik Republike Kosovo - DR. VJOSA OSMANI - SADRIU -\" \/>\n<meta name=\"robots\" content=\"index, follow, max-snippet:-1, max-image-preview:large, max-video-preview:-1\" \/>\n<link rel=\"canonical\" href=\"https:\/\/president-ksgov.net\/sr\/govor-predsednice-osmani-povodom-obeleavanja-godisnjice-uspostavljanja-strateske-mree-za-rodnu-politiku-od-strane-ndi-a-2\/\" \/>\n<meta property=\"og:locale\" content=\"sr_RS\" \/>\n<meta property=\"og:type\" content=\"article\" \/>\n<meta property=\"og:title\" content=\"Govor predsednice Osmani povodom obele&#158;avanja godi\u0161njice uspostavljanja Strate\u0161ke mre&#158;e za rodnu politiku od strane NDI-a - Predsednik Republike Kosovo - DR. VJOSA OSMANI - SADRIU\" \/>\n<meta property=\"og:description\" content=\"Govor predsednice Osmani povodom obele&#158;avanja godi\u0161njice uspostavljanja Strate\u0161ke mre&#158;e za rodnu politiku od strane NDI-a - Predsednik Republike Kosovo - DR. VJOSA OSMANI - SADRIU -\" \/>\n<meta property=\"og:url\" content=\"https:\/\/president-ksgov.net\/sr\/govor-predsednice-osmani-povodom-obeleavanja-godisnjice-uspostavljanja-strateske-mree-za-rodnu-politiku-od-strane-ndi-a-2\/\" \/>\n<meta property=\"og:site_name\" content=\"Predsednik Republike Kosovo - DR. VJOSA OSMANI - SADRIU\" \/>\n<meta property=\"article:published_time\" content=\"2022-07-21T20:48:29+00:00\" \/>\n<meta property=\"og:image\" content=\"https:\/\/president-ksgov.net\/wp-content\/uploads\/21_07_2022_4490026_Fjala_3-scaled.jpg\" \/>\n\t<meta property=\"og:image:width\" content=\"2560\" \/>\n\t<meta property=\"og:image:height\" content=\"1707\" \/>\n\t<meta property=\"og:image:type\" content=\"image\/jpeg\" \/>\n<meta name=\"author\" content=\"admin\" \/>\n<meta name=\"twitter:card\" content=\"summary_large_image\" \/>\n<meta name=\"twitter:label1\" content=\"\u041d\u0430\u043f\u0438\u0441\u0430\u043d\u043e \u043e\u0434\" \/>\n\t<meta name=\"twitter:data1\" content=\"admin\" \/>\n\t<meta name=\"twitter:label2\" content=\"\u041f\u0440\u043e\u0446\u0435\u045a\u0435\u043d\u043e \u0432\u0440\u0435\u043c\u0435 \u0447\u0438\u0442\u0430\u045a\u0430\" \/>\n\t<meta name=\"twitter:data2\" content=\"6 \u043c\u0438\u043d\u0443\u0442\u0430\" \/>\n<script type=\"application\/ld+json\" class=\"yoast-schema-graph\">{\"@context\":\"https:\/\/schema.org\",\"@graph\":[{\"@type\":\"WebPage\",\"@id\":\"https:\/\/president-ksgov.net\/sr\/govor-predsednice-osmani-povodom-obeleavanja-godisnjice-uspostavljanja-strateske-mree-za-rodnu-politiku-od-strane-ndi-a-2\/\",\"url\":\"https:\/\/president-ksgov.net\/sr\/govor-predsednice-osmani-povodom-obeleavanja-godisnjice-uspostavljanja-strateske-mree-za-rodnu-politiku-od-strane-ndi-a-2\/\",\"name\":\"Govor predsednice Osmani povodom obele&#158;avanja godi\u0161njice uspostavljanja Strate\u0161ke mre&#158;e za rodnu politiku od strane NDI-a - Predsednik Republike Kosovo - DR. VJOSA OSMANI - SADRIU\",\"isPartOf\":{\"@id\":\"https:\/\/president-ksgov.net\/#website\"},\"primaryImageOfPage\":{\"@id\":\"https:\/\/president-ksgov.net\/sr\/govor-predsednice-osmani-povodom-obeleavanja-godisnjice-uspostavljanja-strateske-mree-za-rodnu-politiku-od-strane-ndi-a-2\/#primaryimage\"},\"image\":{\"@id\":\"https:\/\/president-ksgov.net\/sr\/govor-predsednice-osmani-povodom-obeleavanja-godisnjice-uspostavljanja-strateske-mree-za-rodnu-politiku-od-strane-ndi-a-2\/#primaryimage\"},\"thumbnailUrl\":\"https:\/\/president-ksgov.net\/wp-content\/uploads\/21_07_2022_4490026_Fjala_3-scaled.jpg\",\"datePublished\":\"2022-07-21T20:48:29+00:00\",\"dateModified\":\"2022-07-21T20:48:29+00:00\",\"author\":{\"@id\":\"https:\/\/president-ksgov.net\/#\/schema\/person\/bb4337a5fb147cb2046d80548172cbee\"},\"description\":\"Govor predsednice Osmani povodom obele&#158;avanja godi\u0161njice uspostavljanja Strate\u0161ke mre&#158;e za rodnu politiku od strane NDI-a - Predsednik Republike Kosovo - DR. VJOSA OSMANI - SADRIU -\",\"breadcrumb\":{\"@id\":\"https:\/\/president-ksgov.net\/sr\/govor-predsednice-osmani-povodom-obeleavanja-godisnjice-uspostavljanja-strateske-mree-za-rodnu-politiku-od-strane-ndi-a-2\/#breadcrumb\"},\"inLanguage\":\"sr-RS\",\"potentialAction\":[{\"@type\":\"ReadAction\",\"target\":[\"https:\/\/president-ksgov.net\/sr\/govor-predsednice-osmani-povodom-obeleavanja-godisnjice-uspostavljanja-strateske-mree-za-rodnu-politiku-od-strane-ndi-a-2\/\"]}]},{\"@type\":\"ImageObject\",\"inLanguage\":\"sr-RS\",\"@id\":\"https:\/\/president-ksgov.net\/sr\/govor-predsednice-osmani-povodom-obeleavanja-godisnjice-uspostavljanja-strateske-mree-za-rodnu-politiku-od-strane-ndi-a-2\/#primaryimage\",\"url\":\"https:\/\/president-ksgov.net\/wp-content\/uploads\/21_07_2022_4490026_Fjala_3-scaled.jpg\",\"contentUrl\":\"https:\/\/president-ksgov.net\/wp-content\/uploads\/21_07_2022_4490026_Fjala_3-scaled.jpg\",\"width\":2560,\"height\":1707},{\"@type\":\"BreadcrumbList\",\"@id\":\"https:\/\/president-ksgov.net\/sr\/govor-predsednice-osmani-povodom-obeleavanja-godisnjice-uspostavljanja-strateske-mree-za-rodnu-politiku-od-strane-ndi-a-2\/#breadcrumb\",\"itemListElement\":[{\"@type\":\"ListItem\",\"position\":1,\"name\":\"Home\",\"item\":\"https:\/\/president-ksgov.net\/sr\/\"},{\"@type\":\"ListItem\",\"position\":2,\"name\":\"Govor predsednice Osmani povodom obele&#158;avanja godi\u0161njice uspostavljanja Strate\u0161ke mre&#158;e za rodnu politiku od strane NDI-a\"}]},{\"@type\":\"WebSite\",\"@id\":\"https:\/\/president-ksgov.net\/#website\",\"url\":\"https:\/\/president-ksgov.net\/\",\"name\":\"Presidente e Republik\u00ebs s\u00eb Kosov\u00ebs\",\"description\":\"Presidente e Republik\u00ebs s\u00eb Kosov\u00ebs\",\"alternateName\":\"DR. VJOSA OSMANI - SADRIU\",\"potentialAction\":[{\"@type\":\"SearchAction\",\"target\":{\"@type\":\"EntryPoint\",\"urlTemplate\":\"https:\/\/president-ksgov.net\/?s={search_term_string}\"},\"query-input\":{\"@type\":\"PropertyValueSpecification\",\"valueRequired\":true,\"valueName\":\"search_term_string\"}}],\"inLanguage\":\"sr-RS\"},{\"@type\":\"Person\",\"@id\":\"https:\/\/president-ksgov.net\/#\/schema\/person\/bb4337a5fb147cb2046d80548172cbee\",\"name\":\"admin\",\"image\":{\"@type\":\"ImageObject\",\"inLanguage\":\"sr-RS\",\"@id\":\"https:\/\/president-ksgov.net\/#\/schema\/person\/image\/\",\"url\":\"https:\/\/secure.gravatar.com\/avatar\/36156ca0fa3b8d9d25174f146e16beea0cf28f37adf1b9e19b6c9c279a7c9dd3?s=96&d=mm&r=g\",\"contentUrl\":\"https:\/\/secure.gravatar.com\/avatar\/36156ca0fa3b8d9d25174f146e16beea0cf28f37adf1b9e19b6c9c279a7c9dd3?s=96&d=mm&r=g\",\"caption\":\"admin\"},\"sameAs\":[\"https:\/\/president-ksgov.net\"]}]}<\/script>\n<!-- \/ Yoast SEO plugin. -->","yoast_head_json":{"title":"Govor predsednice Osmani povodom obele&#158;avanja godi\u0161njice uspostavljanja Strate\u0161ke mre&#158;e za rodnu politiku od strane NDI-a - Predsednik Republike Kosovo - DR. VJOSA OSMANI - SADRIU","description":"Govor predsednice Osmani povodom obele&#158;avanja godi\u0161njice uspostavljanja Strate\u0161ke mre&#158;e za rodnu politiku od strane NDI-a - Predsednik Republike Kosovo - DR. VJOSA OSMANI - SADRIU -","robots":{"index":"index","follow":"follow","max-snippet":"max-snippet:-1","max-image-preview":"max-image-preview:large","max-video-preview":"max-video-preview:-1"},"canonical":"https:\/\/president-ksgov.net\/sr\/govor-predsednice-osmani-povodom-obeleavanja-godisnjice-uspostavljanja-strateske-mree-za-rodnu-politiku-od-strane-ndi-a-2\/","og_locale":"sr_RS","og_type":"article","og_title":"Govor predsednice Osmani povodom obele&#158;avanja godi\u0161njice uspostavljanja Strate\u0161ke mre&#158;e za rodnu politiku od strane NDI-a - Predsednik Republike Kosovo - DR. VJOSA OSMANI - SADRIU","og_description":"Govor predsednice Osmani povodom obele&#158;avanja godi\u0161njice uspostavljanja Strate\u0161ke mre&#158;e za rodnu politiku od strane NDI-a - Predsednik Republike Kosovo - DR. VJOSA OSMANI - SADRIU -","og_url":"https:\/\/president-ksgov.net\/sr\/govor-predsednice-osmani-povodom-obeleavanja-godisnjice-uspostavljanja-strateske-mree-za-rodnu-politiku-od-strane-ndi-a-2\/","og_site_name":"Predsednik Republike Kosovo - DR. VJOSA OSMANI - SADRIU","article_published_time":"2022-07-21T20:48:29+00:00","og_image":[{"width":2560,"height":1707,"url":"https:\/\/president-ksgov.net\/wp-content\/uploads\/21_07_2022_4490026_Fjala_3-scaled.jpg","type":"image\/jpeg"}],"author":"admin","twitter_card":"summary_large_image","twitter_misc":{"\u041d\u0430\u043f\u0438\u0441\u0430\u043d\u043e \u043e\u0434":"admin","\u041f\u0440\u043e\u0446\u0435\u045a\u0435\u043d\u043e \u0432\u0440\u0435\u043c\u0435 \u0447\u0438\u0442\u0430\u045a\u0430":"6 \u043c\u0438\u043d\u0443\u0442\u0430"},"schema":{"@context":"https:\/\/schema.org","@graph":[{"@type":"WebPage","@id":"https:\/\/president-ksgov.net\/sr\/govor-predsednice-osmani-povodom-obeleavanja-godisnjice-uspostavljanja-strateske-mree-za-rodnu-politiku-od-strane-ndi-a-2\/","url":"https:\/\/president-ksgov.net\/sr\/govor-predsednice-osmani-povodom-obeleavanja-godisnjice-uspostavljanja-strateske-mree-za-rodnu-politiku-od-strane-ndi-a-2\/","name":"Govor predsednice Osmani povodom obele&#158;avanja godi\u0161njice uspostavljanja Strate\u0161ke mre&#158;e za rodnu politiku od strane NDI-a - Predsednik Republike Kosovo - DR. VJOSA OSMANI - SADRIU","isPartOf":{"@id":"https:\/\/president-ksgov.net\/#website"},"primaryImageOfPage":{"@id":"https:\/\/president-ksgov.net\/sr\/govor-predsednice-osmani-povodom-obeleavanja-godisnjice-uspostavljanja-strateske-mree-za-rodnu-politiku-od-strane-ndi-a-2\/#primaryimage"},"image":{"@id":"https:\/\/president-ksgov.net\/sr\/govor-predsednice-osmani-povodom-obeleavanja-godisnjice-uspostavljanja-strateske-mree-za-rodnu-politiku-od-strane-ndi-a-2\/#primaryimage"},"thumbnailUrl":"https:\/\/president-ksgov.net\/wp-content\/uploads\/21_07_2022_4490026_Fjala_3-scaled.jpg","datePublished":"2022-07-21T20:48:29+00:00","dateModified":"2022-07-21T20:48:29+00:00","author":{"@id":"https:\/\/president-ksgov.net\/#\/schema\/person\/bb4337a5fb147cb2046d80548172cbee"},"description":"Govor predsednice Osmani povodom obele&#158;avanja godi\u0161njice uspostavljanja Strate\u0161ke mre&#158;e za rodnu politiku od strane NDI-a - Predsednik Republike Kosovo - DR. VJOSA OSMANI - SADRIU -","breadcrumb":{"@id":"https:\/\/president-ksgov.net\/sr\/govor-predsednice-osmani-povodom-obeleavanja-godisnjice-uspostavljanja-strateske-mree-za-rodnu-politiku-od-strane-ndi-a-2\/#breadcrumb"},"inLanguage":"sr-RS","potentialAction":[{"@type":"ReadAction","target":["https:\/\/president-ksgov.net\/sr\/govor-predsednice-osmani-povodom-obeleavanja-godisnjice-uspostavljanja-strateske-mree-za-rodnu-politiku-od-strane-ndi-a-2\/"]}]},{"@type":"ImageObject","inLanguage":"sr-RS","@id":"https:\/\/president-ksgov.net\/sr\/govor-predsednice-osmani-povodom-obeleavanja-godisnjice-uspostavljanja-strateske-mree-za-rodnu-politiku-od-strane-ndi-a-2\/#primaryimage","url":"https:\/\/president-ksgov.net\/wp-content\/uploads\/21_07_2022_4490026_Fjala_3-scaled.jpg","contentUrl":"https:\/\/president-ksgov.net\/wp-content\/uploads\/21_07_2022_4490026_Fjala_3-scaled.jpg","width":2560,"height":1707},{"@type":"BreadcrumbList","@id":"https:\/\/president-ksgov.net\/sr\/govor-predsednice-osmani-povodom-obeleavanja-godisnjice-uspostavljanja-strateske-mree-za-rodnu-politiku-od-strane-ndi-a-2\/#breadcrumb","itemListElement":[{"@type":"ListItem","position":1,"name":"Home","item":"https:\/\/president-ksgov.net\/sr\/"},{"@type":"ListItem","position":2,"name":"Govor predsednice Osmani povodom obele&#158;avanja godi\u0161njice uspostavljanja Strate\u0161ke mre&#158;e za rodnu politiku od strane NDI-a"}]},{"@type":"WebSite","@id":"https:\/\/president-ksgov.net\/#website","url":"https:\/\/president-ksgov.net\/","name":"Presidente e Republik\u00ebs s\u00eb Kosov\u00ebs","description":"Presidente e Republik\u00ebs s\u00eb Kosov\u00ebs","alternateName":"DR. VJOSA OSMANI - SADRIU","potentialAction":[{"@type":"SearchAction","target":{"@type":"EntryPoint","urlTemplate":"https:\/\/president-ksgov.net\/?s={search_term_string}"},"query-input":{"@type":"PropertyValueSpecification","valueRequired":true,"valueName":"search_term_string"}}],"inLanguage":"sr-RS"},{"@type":"Person","@id":"https:\/\/president-ksgov.net\/#\/schema\/person\/bb4337a5fb147cb2046d80548172cbee","name":"admin","image":{"@type":"ImageObject","inLanguage":"sr-RS","@id":"https:\/\/president-ksgov.net\/#\/schema\/person\/image\/","url":"https:\/\/secure.gravatar.com\/avatar\/36156ca0fa3b8d9d25174f146e16beea0cf28f37adf1b9e19b6c9c279a7c9dd3?s=96&d=mm&r=g","contentUrl":"https:\/\/secure.gravatar.com\/avatar\/36156ca0fa3b8d9d25174f146e16beea0cf28f37adf1b9e19b6c9c279a7c9dd3?s=96&d=mm&r=g","caption":"admin"},"sameAs":["https:\/\/president-ksgov.net"]}]}},"_links":{"self":[{"href":"https:\/\/president-ksgov.net\/sr\/wp-json\/wp\/v2\/posts\/74153","targetHints":{"allow":["GET"]}}],"collection":[{"href":"https:\/\/president-ksgov.net\/sr\/wp-json\/wp\/v2\/posts"}],"about":[{"href":"https:\/\/president-ksgov.net\/sr\/wp-json\/wp\/v2\/types\/post"}],"author":[{"embeddable":true,"href":"https:\/\/president-ksgov.net\/sr\/wp-json\/wp\/v2\/users\/1"}],"replies":[{"embeddable":true,"href":"https:\/\/president-ksgov.net\/sr\/wp-json\/wp\/v2\/comments?post=74153"}],"version-history":[{"count":0,"href":"https:\/\/president-ksgov.net\/sr\/wp-json\/wp\/v2\/posts\/74153\/revisions"}],"wp:featuredmedia":[{"embeddable":true,"href":"https:\/\/president-ksgov.net\/sr\/wp-json\/wp\/v2\/media\/12234"}],"wp:attachment":[{"href":"https:\/\/president-ksgov.net\/sr\/wp-json\/wp\/v2\/media?parent=74153"}],"wp:term":[{"taxonomy":"category","embeddable":true,"href":"https:\/\/president-ksgov.net\/sr\/wp-json\/wp\/v2\/categories?post=74153"},{"taxonomy":"post_tag","embeddable":true,"href":"https:\/\/president-ksgov.net\/sr\/wp-json\/wp\/v2\/tags?post=74153"}],"curies":[{"name":"wp","href":"https:\/\/api.w.org\/{rel}","templated":true}]}}