{"id":74096,"date":"2022-08-24T11:22:54","date_gmt":"2022-08-24T11:22:54","guid":{"rendered":"https:\/\/dev.president-ksgov.net\/predsednica-osmani-estitala-predsedniku-zelenskom-dan-nezavisnosti-ukrajine-malo-je-naroda-koji-iskreno-razumeju-patnju-vase-zemlje-i-meu-njima-je-narod-kosova\/"},"modified":"2022-08-24T11:22:54","modified_gmt":"2022-08-24T11:22:54","slug":"predsednica-osmani-estitala-predsedniku-zelenskom-dan-nezavisnosti-ukrajine-malo-je-naroda-koji-iskreno-razumeju-patnju-vase-zemlje-i-meu-njima-je-narod-kosova","status":"publish","type":"post","link":"https:\/\/president-ksgov.net\/sr\/predsednica-osmani-estitala-predsedniku-zelenskom-dan-nezavisnosti-ukrajine-malo-je-naroda-koji-iskreno-razumeju-patnju-vase-zemlje-i-meu-njima-je-narod-kosova\/","title":{"rendered":"Predsednica Osmani &ccaron;estitala predsedniku Zelenskom Dan nezavisnosti Ukrajine: Malo je naroda koji iskreno razumeju patnju va\u0161e zemlje i me&dstrok;u njima je narod Kosova"},"content":{"rendered":"<p>Predsednica Republike Kosovo Vjosa Osmani Sadriju &ccaron;estitala je predsedniku Ukrajine Volodimiru Zelenskom Dan nezavisnosti Ukrajine.<\/p>\n<p>\u201eU ime naroda Republike Kosovo, izra&#382;avam Vam najlep\u0161e &#382;elje za Dan nezavisnosti Ukrajine. Ova posebna prilika bi ina&ccaron;e bila obele&#382;ena slavnim proslavama \u0161irom va\u0161e prelepe zemlje, ali dok se suo&ccaron;avate sa ovim nepravednim i ni&ccaron;im izazvanim ratom sa Rusijom, mi smo uz vas u punoj solidarnosti, zajedno sa celim demokratskim svetom, dok se borite da mir i sloboda prevladaju\u201c, rekla je predsednica Osmani.<\/p>\n<p>U teksta je cela &ccaron;estitka predsednice Osmani predsedniku Zelenskom:<\/p>\n<p>24. avgusta 2022. godine<br \/>\nPri\u0161tina, Republika Kosovo<\/p>\n<p>NJ.E. g. Volodimir Zelenski (Volodymyr Zelenskyy)<br \/>\nPredsednik Ukrajine<\/p>\n<p>Po\u0161tovani predsedni&ccaron;e Zelenski,<\/p>\n<p>U ime naroda Republike Kosovo, izra&#382;avam Vam najlep\u0161e &#382;elje za Dan nezavisnosti Ukrajine. Ova posebna prilika bi ina&ccaron;e bila obele&#382;ena slavnim proslavama \u0161irom va\u0161e prelepe zemlje, ali dok se suo&ccaron;avate sa ovim nepravednim i ni&ccaron;im izazvanim ratom sa Rusijom, mi smo uz vas u punoj solidarnosti, zajedno sa celim demokratskim svetom, dok se borite da mir i sloboda prevladaju.<\/p>\n<p>Na ovaj istorijski dan za va\u0161u zemlju, &#382;elim vama i hrabrom narodu Ukrajine trajnu snagu da nastavite da branite zemlju koju volite i duboko cenite, kao i demokratske vrednosti u koje zajedno duboko verujemo. Delimo bol va\u0161eg naroda koji pre&#382;ivljava nezamislivu patnju od strane genocidnog re&#382;ima, a na\u0161e misli su sa porodicama \u0161irom Ukrajine.<\/p>\n<p>Gospodine predsedni&ccaron;e, malo je naroda koji iskreno razumeju patnju va\u0161e zemlje, a me&dstrok;u njima je i narod Kosova. Znamo kakav je ose&cacute;aj biti na meti genocidnog i hegemonisti&ccaron;kog re&#382;ima &ccaron;ije je nasilje i brutalno i neselektivno, i koji ne po\u0161tuje ljudsko dostojanstvo ili pravo va\u0161e zemlje na postojanje. Ali moj narod tako&dstrok;e zna da kada postoji odlu&ccaron;nost, upornost i otpor, ni\u0161ta ne mo&#382;e da omete volju naroda za slobodom.<\/p>\n<p>Narod Kosova &cacute;e ostati zahvalan ukrajinskim vojnicima koji su u&ccaron;estvovali u mirovnoj misiji na Kosovu, za \u0161ta sam im nedavno dodelila Predsedni&ccaron;ku vojnu medalju. U tom duhu, danas smo spremni da vas podr&#382;imo svim kapacitetima kojima smo mogli i odmah smo uveli sankcije Rusiji. Republika Kosovo ostaje u potpunosti posve&cacute;ena daljem produbljivanju na\u0161e prijateljske veze i odnosa izme&dstrok;u na\u0161e dve zemlje i naroda.<\/p>\n<p>Uverena sam da &cacute;emo jednog dana sedeti kao jednaki u evropskoj porodici, ne samo da &cacute;emo &#382;iveti zajedno u miru, ve&cacute; i napredovati u slobodi, prosperitetu i demokratiji. Uz vas smo duhom, uz vas smo na delu i bi&cacute;emo uz vas do pobede Ukrajine.<\/p>\n<p>Primite, Va\u0161a Ekselencijo, moje najdublje po\u0161tovanje prema Vama i Va\u0161oj zemlji.<\/p>\n<p>S po\u0161tovanjem,<\/p>\n<p>Vjosa Osmani Sadriu<br \/>\nPredsednica Republike Kosovo<\/p>\n","protected":false},"excerpt":{"rendered":"<p>Predsednica Republike Kosovo Vjosa Osmani Sadriju &ccaron;estitala je predsedniku Ukrajine Volodimiru Zelenskom Dan nezavisnosti Ukrajine.<\/p>\n","protected":false},"author":1,"featured_media":11713,"comment_status":"open","ping_status":"closed","sticky":false,"template":"","format":"standard","meta":{"_eb_attr":"","footnotes":""},"categories":[101],"tags":[],"class_list":["post-74096","post","type-post","status-publish","format-standard","has-post-thumbnail","hentry","category-vesti"],"yoast_head":"<!-- This site is optimized with the Yoast SEO plugin v23.5 - https:\/\/yoast.com\/wordpress\/plugins\/seo\/ -->\n<title>Predsednica Osmani &amp;ccaron;estitala predsedniku Zelenskom Dan nezavisnosti Ukrajine: Malo je naroda koji iskreno razumeju patnju va\u0161e zemlje i me&amp;dstrok;u njima je narod Kosova - Predsednik Republike Kosovo - DR. VJOSA OSMANI - SADRIU<\/title>\n<meta name=\"description\" content=\"Predsednica Osmani &amp;ccaron;estitala predsedniku Zelenskom Dan nezavisnosti Ukrajine: Malo je naroda koji iskreno razumeju patnju va\u0161e zemlje i me&amp;dstrok;u njima je narod Kosova - Predsednik Republike Kosovo - DR. VJOSA OSMANI - SADRIU -\" \/>\n<meta name=\"robots\" content=\"index, follow, max-snippet:-1, max-image-preview:large, max-video-preview:-1\" \/>\n<link rel=\"canonical\" href=\"https:\/\/president-ksgov.net\/sr\/predsednica-osmani-estitala-predsedniku-zelenskom-dan-nezavisnosti-ukrajine-malo-je-naroda-koji-iskreno-razumeju-patnju-vase-zemlje-i-meu-njima-je-narod-kosova\/\" \/>\n<meta property=\"og:locale\" content=\"sr_RS\" \/>\n<meta property=\"og:type\" content=\"article\" \/>\n<meta property=\"og:title\" content=\"Predsednica Osmani &amp;ccaron;estitala predsedniku Zelenskom Dan nezavisnosti Ukrajine: Malo je naroda koji iskreno razumeju patnju va\u0161e zemlje i me&amp;dstrok;u njima je narod Kosova - Predsednik Republike Kosovo - DR. VJOSA OSMANI - SADRIU\" \/>\n<meta property=\"og:description\" content=\"Predsednica Osmani &amp;ccaron;estitala predsedniku Zelenskom Dan nezavisnosti Ukrajine: Malo je naroda koji iskreno razumeju patnju va\u0161e zemlje i me&amp;dstrok;u njima je narod Kosova - Predsednik Republike Kosovo - DR. VJOSA OSMANI - SADRIU -\" \/>\n<meta property=\"og:url\" content=\"https:\/\/president-ksgov.net\/sr\/predsednica-osmani-estitala-predsedniku-zelenskom-dan-nezavisnosti-ukrajine-malo-je-naroda-koji-iskreno-razumeju-patnju-vase-zemlje-i-meu-njima-je-narod-kosova\/\" \/>\n<meta property=\"og:site_name\" content=\"Predsednik Republike Kosovo - DR. VJOSA OSMANI - SADRIU\" \/>\n<meta property=\"article:published_time\" content=\"2022-08-24T11:22:54+00:00\" \/>\n<meta property=\"og:image\" content=\"https:\/\/president-ksgov.net\/wp-content\/uploads\/24_08_2022_1529501_Letra_e_Presidentes___Web.png\" \/>\n\t<meta property=\"og:image:width\" content=\"1600\" \/>\n\t<meta property=\"og:image:height\" content=\"900\" \/>\n\t<meta property=\"og:image:type\" content=\"image\/png\" \/>\n<meta name=\"author\" content=\"admin\" \/>\n<meta name=\"twitter:card\" content=\"summary_large_image\" \/>\n<meta name=\"twitter:label1\" content=\"\u041d\u0430\u043f\u0438\u0441\u0430\u043d\u043e \u043e\u0434\" \/>\n\t<meta name=\"twitter:data1\" content=\"admin\" \/>\n\t<meta name=\"twitter:label2\" content=\"\u041f\u0440\u043e\u0446\u0435\u045a\u0435\u043d\u043e \u0432\u0440\u0435\u043c\u0435 \u0447\u0438\u0442\u0430\u045a\u0430\" \/>\n\t<meta name=\"twitter:data2\" content=\"2 \u043c\u0438\u043d\u0443\u0442\u0430\" \/>\n<script type=\"application\/ld+json\" class=\"yoast-schema-graph\">{\"@context\":\"https:\/\/schema.org\",\"@graph\":[{\"@type\":\"WebPage\",\"@id\":\"https:\/\/president-ksgov.net\/sr\/predsednica-osmani-estitala-predsedniku-zelenskom-dan-nezavisnosti-ukrajine-malo-je-naroda-koji-iskreno-razumeju-patnju-vase-zemlje-i-meu-njima-je-narod-kosova\/\",\"url\":\"https:\/\/president-ksgov.net\/sr\/predsednica-osmani-estitala-predsedniku-zelenskom-dan-nezavisnosti-ukrajine-malo-je-naroda-koji-iskreno-razumeju-patnju-vase-zemlje-i-meu-njima-je-narod-kosova\/\",\"name\":\"Predsednica Osmani &ccaron;estitala predsedniku Zelenskom Dan nezavisnosti Ukrajine: Malo je naroda koji iskreno razumeju patnju va\u0161e zemlje i me&dstrok;u njima je narod Kosova - Predsednik Republike Kosovo - DR. VJOSA OSMANI - SADRIU\",\"isPartOf\":{\"@id\":\"https:\/\/president-ksgov.net\/#website\"},\"primaryImageOfPage\":{\"@id\":\"https:\/\/president-ksgov.net\/sr\/predsednica-osmani-estitala-predsedniku-zelenskom-dan-nezavisnosti-ukrajine-malo-je-naroda-koji-iskreno-razumeju-patnju-vase-zemlje-i-meu-njima-je-narod-kosova\/#primaryimage\"},\"image\":{\"@id\":\"https:\/\/president-ksgov.net\/sr\/predsednica-osmani-estitala-predsedniku-zelenskom-dan-nezavisnosti-ukrajine-malo-je-naroda-koji-iskreno-razumeju-patnju-vase-zemlje-i-meu-njima-je-narod-kosova\/#primaryimage\"},\"thumbnailUrl\":\"https:\/\/president-ksgov.net\/wp-content\/uploads\/24_08_2022_1529501_Letra_e_Presidentes___Web.png\",\"datePublished\":\"2022-08-24T11:22:54+00:00\",\"dateModified\":\"2022-08-24T11:22:54+00:00\",\"author\":{\"@id\":\"https:\/\/president-ksgov.net\/#\/schema\/person\/bb4337a5fb147cb2046d80548172cbee\"},\"description\":\"Predsednica Osmani &ccaron;estitala predsedniku Zelenskom Dan nezavisnosti Ukrajine: Malo je naroda koji iskreno razumeju patnju va\u0161e zemlje i me&dstrok;u njima je narod Kosova - Predsednik Republike Kosovo - DR. VJOSA OSMANI - SADRIU -\",\"breadcrumb\":{\"@id\":\"https:\/\/president-ksgov.net\/sr\/predsednica-osmani-estitala-predsedniku-zelenskom-dan-nezavisnosti-ukrajine-malo-je-naroda-koji-iskreno-razumeju-patnju-vase-zemlje-i-meu-njima-je-narod-kosova\/#breadcrumb\"},\"inLanguage\":\"sr-RS\",\"potentialAction\":[{\"@type\":\"ReadAction\",\"target\":[\"https:\/\/president-ksgov.net\/sr\/predsednica-osmani-estitala-predsedniku-zelenskom-dan-nezavisnosti-ukrajine-malo-je-naroda-koji-iskreno-razumeju-patnju-vase-zemlje-i-meu-njima-je-narod-kosova\/\"]}]},{\"@type\":\"ImageObject\",\"inLanguage\":\"sr-RS\",\"@id\":\"https:\/\/president-ksgov.net\/sr\/predsednica-osmani-estitala-predsedniku-zelenskom-dan-nezavisnosti-ukrajine-malo-je-naroda-koji-iskreno-razumeju-patnju-vase-zemlje-i-meu-njima-je-narod-kosova\/#primaryimage\",\"url\":\"https:\/\/president-ksgov.net\/wp-content\/uploads\/24_08_2022_1529501_Letra_e_Presidentes___Web.png\",\"contentUrl\":\"https:\/\/president-ksgov.net\/wp-content\/uploads\/24_08_2022_1529501_Letra_e_Presidentes___Web.png\",\"width\":1600,\"height\":900},{\"@type\":\"BreadcrumbList\",\"@id\":\"https:\/\/president-ksgov.net\/sr\/predsednica-osmani-estitala-predsedniku-zelenskom-dan-nezavisnosti-ukrajine-malo-je-naroda-koji-iskreno-razumeju-patnju-vase-zemlje-i-meu-njima-je-narod-kosova\/#breadcrumb\",\"itemListElement\":[{\"@type\":\"ListItem\",\"position\":1,\"name\":\"Home\",\"item\":\"https:\/\/president-ksgov.net\/sr\/\"},{\"@type\":\"ListItem\",\"position\":2,\"name\":\"Predsednica Osmani &ccaron;estitala predsedniku Zelenskom Dan nezavisnosti Ukrajine: Malo je naroda koji iskreno razumeju patnju va\u0161e zemlje i me&dstrok;u njima je narod Kosova\"}]},{\"@type\":\"WebSite\",\"@id\":\"https:\/\/president-ksgov.net\/#website\",\"url\":\"https:\/\/president-ksgov.net\/\",\"name\":\"Presidente e Republik\u00ebs s\u00eb Kosov\u00ebs\",\"description\":\"Presidente e Republik\u00ebs s\u00eb Kosov\u00ebs\",\"alternateName\":\"DR. VJOSA OSMANI - SADRIU\",\"potentialAction\":[{\"@type\":\"SearchAction\",\"target\":{\"@type\":\"EntryPoint\",\"urlTemplate\":\"https:\/\/president-ksgov.net\/?s={search_term_string}\"},\"query-input\":{\"@type\":\"PropertyValueSpecification\",\"valueRequired\":true,\"valueName\":\"search_term_string\"}}],\"inLanguage\":\"sr-RS\"},{\"@type\":\"Person\",\"@id\":\"https:\/\/president-ksgov.net\/#\/schema\/person\/bb4337a5fb147cb2046d80548172cbee\",\"name\":\"admin\",\"image\":{\"@type\":\"ImageObject\",\"inLanguage\":\"sr-RS\",\"@id\":\"https:\/\/president-ksgov.net\/#\/schema\/person\/image\/\",\"url\":\"https:\/\/secure.gravatar.com\/avatar\/36156ca0fa3b8d9d25174f146e16beea0cf28f37adf1b9e19b6c9c279a7c9dd3?s=96&d=mm&r=g\",\"contentUrl\":\"https:\/\/secure.gravatar.com\/avatar\/36156ca0fa3b8d9d25174f146e16beea0cf28f37adf1b9e19b6c9c279a7c9dd3?s=96&d=mm&r=g\",\"caption\":\"admin\"},\"sameAs\":[\"https:\/\/president-ksgov.net\"]}]}<\/script>\n<!-- \/ Yoast SEO plugin. -->","yoast_head_json":{"title":"Predsednica Osmani &ccaron;estitala predsedniku Zelenskom Dan nezavisnosti Ukrajine: Malo je naroda koji iskreno razumeju patnju va\u0161e zemlje i me&dstrok;u njima je narod Kosova - Predsednik Republike Kosovo - DR. VJOSA OSMANI - SADRIU","description":"Predsednica Osmani &ccaron;estitala predsedniku Zelenskom Dan nezavisnosti Ukrajine: Malo je naroda koji iskreno razumeju patnju va\u0161e zemlje i me&dstrok;u njima je narod Kosova - Predsednik Republike Kosovo - DR. VJOSA OSMANI - SADRIU -","robots":{"index":"index","follow":"follow","max-snippet":"max-snippet:-1","max-image-preview":"max-image-preview:large","max-video-preview":"max-video-preview:-1"},"canonical":"https:\/\/president-ksgov.net\/sr\/predsednica-osmani-estitala-predsedniku-zelenskom-dan-nezavisnosti-ukrajine-malo-je-naroda-koji-iskreno-razumeju-patnju-vase-zemlje-i-meu-njima-je-narod-kosova\/","og_locale":"sr_RS","og_type":"article","og_title":"Predsednica Osmani &ccaron;estitala predsedniku Zelenskom Dan nezavisnosti Ukrajine: Malo je naroda koji iskreno razumeju patnju va\u0161e zemlje i me&dstrok;u njima je narod Kosova - Predsednik Republike Kosovo - DR. VJOSA OSMANI - SADRIU","og_description":"Predsednica Osmani &ccaron;estitala predsedniku Zelenskom Dan nezavisnosti Ukrajine: Malo je naroda koji iskreno razumeju patnju va\u0161e zemlje i me&dstrok;u njima je narod Kosova - Predsednik Republike Kosovo - DR. VJOSA OSMANI - SADRIU -","og_url":"https:\/\/president-ksgov.net\/sr\/predsednica-osmani-estitala-predsedniku-zelenskom-dan-nezavisnosti-ukrajine-malo-je-naroda-koji-iskreno-razumeju-patnju-vase-zemlje-i-meu-njima-je-narod-kosova\/","og_site_name":"Predsednik Republike Kosovo - DR. VJOSA OSMANI - SADRIU","article_published_time":"2022-08-24T11:22:54+00:00","og_image":[{"width":1600,"height":900,"url":"https:\/\/president-ksgov.net\/wp-content\/uploads\/24_08_2022_1529501_Letra_e_Presidentes___Web.png","type":"image\/png"}],"author":"admin","twitter_card":"summary_large_image","twitter_misc":{"\u041d\u0430\u043f\u0438\u0441\u0430\u043d\u043e \u043e\u0434":"admin","\u041f\u0440\u043e\u0446\u0435\u045a\u0435\u043d\u043e \u0432\u0440\u0435\u043c\u0435 \u0447\u0438\u0442\u0430\u045a\u0430":"2 \u043c\u0438\u043d\u0443\u0442\u0430"},"schema":{"@context":"https:\/\/schema.org","@graph":[{"@type":"WebPage","@id":"https:\/\/president-ksgov.net\/sr\/predsednica-osmani-estitala-predsedniku-zelenskom-dan-nezavisnosti-ukrajine-malo-je-naroda-koji-iskreno-razumeju-patnju-vase-zemlje-i-meu-njima-je-narod-kosova\/","url":"https:\/\/president-ksgov.net\/sr\/predsednica-osmani-estitala-predsedniku-zelenskom-dan-nezavisnosti-ukrajine-malo-je-naroda-koji-iskreno-razumeju-patnju-vase-zemlje-i-meu-njima-je-narod-kosova\/","name":"Predsednica Osmani &ccaron;estitala predsedniku Zelenskom Dan nezavisnosti Ukrajine: Malo je naroda koji iskreno razumeju patnju va\u0161e zemlje i me&dstrok;u njima je narod Kosova - Predsednik Republike Kosovo - DR. VJOSA OSMANI - SADRIU","isPartOf":{"@id":"https:\/\/president-ksgov.net\/#website"},"primaryImageOfPage":{"@id":"https:\/\/president-ksgov.net\/sr\/predsednica-osmani-estitala-predsedniku-zelenskom-dan-nezavisnosti-ukrajine-malo-je-naroda-koji-iskreno-razumeju-patnju-vase-zemlje-i-meu-njima-je-narod-kosova\/#primaryimage"},"image":{"@id":"https:\/\/president-ksgov.net\/sr\/predsednica-osmani-estitala-predsedniku-zelenskom-dan-nezavisnosti-ukrajine-malo-je-naroda-koji-iskreno-razumeju-patnju-vase-zemlje-i-meu-njima-je-narod-kosova\/#primaryimage"},"thumbnailUrl":"https:\/\/president-ksgov.net\/wp-content\/uploads\/24_08_2022_1529501_Letra_e_Presidentes___Web.png","datePublished":"2022-08-24T11:22:54+00:00","dateModified":"2022-08-24T11:22:54+00:00","author":{"@id":"https:\/\/president-ksgov.net\/#\/schema\/person\/bb4337a5fb147cb2046d80548172cbee"},"description":"Predsednica Osmani &ccaron;estitala predsedniku Zelenskom Dan nezavisnosti Ukrajine: Malo je naroda koji iskreno razumeju patnju va\u0161e zemlje i me&dstrok;u njima je narod Kosova - Predsednik Republike Kosovo - DR. VJOSA OSMANI - SADRIU -","breadcrumb":{"@id":"https:\/\/president-ksgov.net\/sr\/predsednica-osmani-estitala-predsedniku-zelenskom-dan-nezavisnosti-ukrajine-malo-je-naroda-koji-iskreno-razumeju-patnju-vase-zemlje-i-meu-njima-je-narod-kosova\/#breadcrumb"},"inLanguage":"sr-RS","potentialAction":[{"@type":"ReadAction","target":["https:\/\/president-ksgov.net\/sr\/predsednica-osmani-estitala-predsedniku-zelenskom-dan-nezavisnosti-ukrajine-malo-je-naroda-koji-iskreno-razumeju-patnju-vase-zemlje-i-meu-njima-je-narod-kosova\/"]}]},{"@type":"ImageObject","inLanguage":"sr-RS","@id":"https:\/\/president-ksgov.net\/sr\/predsednica-osmani-estitala-predsedniku-zelenskom-dan-nezavisnosti-ukrajine-malo-je-naroda-koji-iskreno-razumeju-patnju-vase-zemlje-i-meu-njima-je-narod-kosova\/#primaryimage","url":"https:\/\/president-ksgov.net\/wp-content\/uploads\/24_08_2022_1529501_Letra_e_Presidentes___Web.png","contentUrl":"https:\/\/president-ksgov.net\/wp-content\/uploads\/24_08_2022_1529501_Letra_e_Presidentes___Web.png","width":1600,"height":900},{"@type":"BreadcrumbList","@id":"https:\/\/president-ksgov.net\/sr\/predsednica-osmani-estitala-predsedniku-zelenskom-dan-nezavisnosti-ukrajine-malo-je-naroda-koji-iskreno-razumeju-patnju-vase-zemlje-i-meu-njima-je-narod-kosova\/#breadcrumb","itemListElement":[{"@type":"ListItem","position":1,"name":"Home","item":"https:\/\/president-ksgov.net\/sr\/"},{"@type":"ListItem","position":2,"name":"Predsednica Osmani &ccaron;estitala predsedniku Zelenskom Dan nezavisnosti Ukrajine: Malo je naroda koji iskreno razumeju patnju va\u0161e zemlje i me&dstrok;u njima je narod Kosova"}]},{"@type":"WebSite","@id":"https:\/\/president-ksgov.net\/#website","url":"https:\/\/president-ksgov.net\/","name":"Presidente e Republik\u00ebs s\u00eb Kosov\u00ebs","description":"Presidente e Republik\u00ebs s\u00eb Kosov\u00ebs","alternateName":"DR. VJOSA OSMANI - SADRIU","potentialAction":[{"@type":"SearchAction","target":{"@type":"EntryPoint","urlTemplate":"https:\/\/president-ksgov.net\/?s={search_term_string}"},"query-input":{"@type":"PropertyValueSpecification","valueRequired":true,"valueName":"search_term_string"}}],"inLanguage":"sr-RS"},{"@type":"Person","@id":"https:\/\/president-ksgov.net\/#\/schema\/person\/bb4337a5fb147cb2046d80548172cbee","name":"admin","image":{"@type":"ImageObject","inLanguage":"sr-RS","@id":"https:\/\/president-ksgov.net\/#\/schema\/person\/image\/","url":"https:\/\/secure.gravatar.com\/avatar\/36156ca0fa3b8d9d25174f146e16beea0cf28f37adf1b9e19b6c9c279a7c9dd3?s=96&d=mm&r=g","contentUrl":"https:\/\/secure.gravatar.com\/avatar\/36156ca0fa3b8d9d25174f146e16beea0cf28f37adf1b9e19b6c9c279a7c9dd3?s=96&d=mm&r=g","caption":"admin"},"sameAs":["https:\/\/president-ksgov.net"]}]}},"_links":{"self":[{"href":"https:\/\/president-ksgov.net\/sr\/wp-json\/wp\/v2\/posts\/74096","targetHints":{"allow":["GET"]}}],"collection":[{"href":"https:\/\/president-ksgov.net\/sr\/wp-json\/wp\/v2\/posts"}],"about":[{"href":"https:\/\/president-ksgov.net\/sr\/wp-json\/wp\/v2\/types\/post"}],"author":[{"embeddable":true,"href":"https:\/\/president-ksgov.net\/sr\/wp-json\/wp\/v2\/users\/1"}],"replies":[{"embeddable":true,"href":"https:\/\/president-ksgov.net\/sr\/wp-json\/wp\/v2\/comments?post=74096"}],"version-history":[{"count":0,"href":"https:\/\/president-ksgov.net\/sr\/wp-json\/wp\/v2\/posts\/74096\/revisions"}],"wp:featuredmedia":[{"embeddable":true,"href":"https:\/\/president-ksgov.net\/sr\/wp-json\/wp\/v2\/media\/11713"}],"wp:attachment":[{"href":"https:\/\/president-ksgov.net\/sr\/wp-json\/wp\/v2\/media?parent=74096"}],"wp:term":[{"taxonomy":"category","embeddable":true,"href":"https:\/\/president-ksgov.net\/sr\/wp-json\/wp\/v2\/categories?post=74096"},{"taxonomy":"post_tag","embeddable":true,"href":"https:\/\/president-ksgov.net\/sr\/wp-json\/wp\/v2\/tags?post=74096"}],"curies":[{"name":"wp","href":"https:\/\/api.w.org\/{rel}","templated":true}]}}