{"id":74087,"date":"2022-08-30T13:37:32","date_gmt":"2022-08-30T13:37:32","guid":{"rendered":"https:\/\/dev.president-ksgov.net\/predsednica-ne-moe-biti-odrivog-mira-bez-rasvetljavanja-sudbine-nasilno-nestalih-lica-tokom-poslednjeg-rata-na-kosovu\/"},"modified":"2022-08-30T13:37:32","modified_gmt":"2022-08-30T13:37:32","slug":"predsednica-ne-moe-biti-odrivog-mira-bez-rasvetljavanja-sudbine-nasilno-nestalih-lica-tokom-poslednjeg-rata-na-kosovu","status":"publish","type":"post","link":"https:\/\/president-ksgov.net\/sr\/predsednica-ne-moe-biti-odrivog-mira-bez-rasvetljavanja-sudbine-nasilno-nestalih-lica-tokom-poslednjeg-rata-na-kosovu\/","title":{"rendered":"Predsednica: Ne mo&#158;e biti odr&#158;ivog mira bez rasvetljavanja sudbine nasilno nestalih lica tokom poslednjeg rata na Kosovu"},"content":{"rendered":"<p>Predsednica Republike Kosovo, Vjosa Osmani Sadriu, zajedno sa premijerom Kosova, Albin Kurti, ministrima, poslanicima, diplomatskim korom i &ccaron;lanovima porodica nasilno nestalih lica tokom poslednjeg rata na Kosovu, odali su po&ccaron;ast kod obeliska nestalih lica, povodom 30. avgusta, Me&dstrok;unarodnog dana nestalih lica.<\/p>\n<p>Predsednica Osmani je rekla da su \u201eoni na\u0161 kolektivni bol i se&cacute;anje. Oni su dokaz poku\u0161aja srpskog genocidnog re&#382;ima da nas istrebi. Pre svega, oni su taoci na\u0161e slobode, stoga je rasvetljavanje njihove sudbine svakodnevno zalaganje\u201d.<\/p>\n<p>Prema re&ccaron;ima predsednice Osmani, ne mo&#382;e biti odr&#382;ivog mira bez rasvetljavanja sudbine nasilno nestalih lica tokom poslednjeg rata na Kosovu.<\/p>\n<p>U nastavku sledi kompletna objava predsednice Osmani:\u00a0<\/p>\n<p>Na Me&dstrok;unarodni dan nestalih lica, &ccaron;lanovi porodica, kao i celo Kosovo, jo\u0161 uvek &ccaron;ekaju rasvetljavanje sudbine vi\u0161e od 1600 nasilno nestalih lica tokom poslednjeg rata na Kosovu.<\/p>\n<p>Oni su na\u0161 kolektivni bol i se&cacute;anje. Oni su dokaz poku\u0161aja srpskog genocidnog re&#382;ima da nas istrebi. Pre svega, oni su taoci na\u0161e slobode, stoga je rasvetljavanje njihove sudbine svakodnevno zalaganje.<\/p>\n<p>Ne mo&#382;e biti odr&#382;ivog mira bez rasvetljavanja sudbine nasilno nestalih lica tokom poslednjeg rata na Kosovu. Posve&cacute;eni smo i odlu&ccaron;ni da njihova sudbina bude rasvetljena, da pobedi istina i pravda trijumfuje.<\/p>\n","protected":false},"excerpt":{"rendered":"<p>Predsednica Republike Kosovo, Vjosa Osmani Sadriu, zajedno sa premijerom Kosova, Albin Kurti, ministrima, poslanicima, diplomatskim korom i &ccaron;lanovima porodica nasilno nestalih lica tokom poslednjeg rata na Kosovu, odali su po&ccaron;ast kod obeliska nestalih lica, povodom 30. avgusta, Me&dstrok;unarodnog dana nestalih lica.<\/p>\n","protected":false},"author":1,"featured_media":11614,"comment_status":"open","ping_status":"closed","sticky":false,"template":"","format":"standard","meta":{"_eb_attr":"","footnotes":""},"categories":[101],"tags":[],"class_list":["post-74087","post","type-post","status-publish","format-standard","has-post-thumbnail","hentry","category-vesti"],"yoast_head":"<!-- This site is optimized with the Yoast SEO plugin v23.5 - https:\/\/yoast.com\/wordpress\/plugins\/seo\/ -->\n<title>Predsednica: Ne mo&#158;e biti odr&#158;ivog mira bez rasvetljavanja sudbine nasilno nestalih lica tokom poslednjeg rata na Kosovu - Predsednik Republike Kosovo - DR. VJOSA OSMANI - SADRIU<\/title>\n<meta name=\"description\" content=\"Predsednica: Ne mo&#158;e biti odr&#158;ivog mira bez rasvetljavanja sudbine nasilno nestalih lica tokom poslednjeg rata na Kosovu - Predsednik Republike Kosovo - DR. VJOSA OSMANI - SADRIU -\" \/>\n<meta name=\"robots\" content=\"index, follow, max-snippet:-1, max-image-preview:large, max-video-preview:-1\" \/>\n<link rel=\"canonical\" href=\"https:\/\/president-ksgov.net\/sr\/predsednica-ne-moe-biti-odrivog-mira-bez-rasvetljavanja-sudbine-nasilno-nestalih-lica-tokom-poslednjeg-rata-na-kosovu\/\" \/>\n<meta property=\"og:locale\" content=\"sr_RS\" \/>\n<meta property=\"og:type\" content=\"article\" \/>\n<meta property=\"og:title\" content=\"Predsednica: Ne mo&#158;e biti odr&#158;ivog mira bez rasvetljavanja sudbine nasilno nestalih lica tokom poslednjeg rata na Kosovu - Predsednik Republike Kosovo - DR. VJOSA OSMANI - SADRIU\" \/>\n<meta property=\"og:description\" content=\"Predsednica: Ne mo&#158;e biti odr&#158;ivog mira bez rasvetljavanja sudbine nasilno nestalih lica tokom poslednjeg rata na Kosovu - Predsednik Republike Kosovo - DR. VJOSA OSMANI - SADRIU -\" \/>\n<meta property=\"og:url\" content=\"https:\/\/president-ksgov.net\/sr\/predsednica-ne-moe-biti-odrivog-mira-bez-rasvetljavanja-sudbine-nasilno-nestalih-lica-tokom-poslednjeg-rata-na-kosovu\/\" \/>\n<meta property=\"og:site_name\" content=\"Predsednik Republike Kosovo - DR. VJOSA OSMANI - SADRIU\" \/>\n<meta property=\"article:published_time\" content=\"2022-08-30T13:37:32+00:00\" \/>\n<meta property=\"og:image\" content=\"https:\/\/president-ksgov.net\/wp-content\/uploads\/30_08_2022_4268039_9.jpg\" \/>\n\t<meta property=\"og:image:width\" content=\"2048\" \/>\n\t<meta property=\"og:image:height\" content=\"1367\" \/>\n\t<meta property=\"og:image:type\" content=\"image\/jpeg\" \/>\n<meta name=\"author\" content=\"admin\" \/>\n<meta name=\"twitter:card\" content=\"summary_large_image\" \/>\n<meta name=\"twitter:label1\" content=\"\u041d\u0430\u043f\u0438\u0441\u0430\u043d\u043e \u043e\u0434\" \/>\n\t<meta name=\"twitter:data1\" content=\"admin\" \/>\n\t<meta name=\"twitter:label2\" content=\"\u041f\u0440\u043e\u0446\u0435\u045a\u0435\u043d\u043e \u0432\u0440\u0435\u043c\u0435 \u0447\u0438\u0442\u0430\u045a\u0430\" \/>\n\t<meta name=\"twitter:data2\" content=\"1 \u043c\u0438\u043d\u0443\u0442\" \/>\n<script type=\"application\/ld+json\" class=\"yoast-schema-graph\">{\"@context\":\"https:\/\/schema.org\",\"@graph\":[{\"@type\":\"WebPage\",\"@id\":\"https:\/\/president-ksgov.net\/sr\/predsednica-ne-moe-biti-odrivog-mira-bez-rasvetljavanja-sudbine-nasilno-nestalih-lica-tokom-poslednjeg-rata-na-kosovu\/\",\"url\":\"https:\/\/president-ksgov.net\/sr\/predsednica-ne-moe-biti-odrivog-mira-bez-rasvetljavanja-sudbine-nasilno-nestalih-lica-tokom-poslednjeg-rata-na-kosovu\/\",\"name\":\"Predsednica: Ne mo&#158;e biti odr&#158;ivog mira bez rasvetljavanja sudbine nasilno nestalih lica tokom poslednjeg rata na Kosovu - Predsednik Republike Kosovo - DR. VJOSA OSMANI - SADRIU\",\"isPartOf\":{\"@id\":\"https:\/\/president-ksgov.net\/#website\"},\"primaryImageOfPage\":{\"@id\":\"https:\/\/president-ksgov.net\/sr\/predsednica-ne-moe-biti-odrivog-mira-bez-rasvetljavanja-sudbine-nasilno-nestalih-lica-tokom-poslednjeg-rata-na-kosovu\/#primaryimage\"},\"image\":{\"@id\":\"https:\/\/president-ksgov.net\/sr\/predsednica-ne-moe-biti-odrivog-mira-bez-rasvetljavanja-sudbine-nasilno-nestalih-lica-tokom-poslednjeg-rata-na-kosovu\/#primaryimage\"},\"thumbnailUrl\":\"https:\/\/president-ksgov.net\/wp-content\/uploads\/30_08_2022_4268039_9.jpg\",\"datePublished\":\"2022-08-30T13:37:32+00:00\",\"dateModified\":\"2022-08-30T13:37:32+00:00\",\"author\":{\"@id\":\"https:\/\/president-ksgov.net\/#\/schema\/person\/bb4337a5fb147cb2046d80548172cbee\"},\"description\":\"Predsednica: Ne mo&#158;e biti odr&#158;ivog mira bez rasvetljavanja sudbine nasilno nestalih lica tokom poslednjeg rata na Kosovu - Predsednik Republike Kosovo - DR. VJOSA OSMANI - SADRIU -\",\"breadcrumb\":{\"@id\":\"https:\/\/president-ksgov.net\/sr\/predsednica-ne-moe-biti-odrivog-mira-bez-rasvetljavanja-sudbine-nasilno-nestalih-lica-tokom-poslednjeg-rata-na-kosovu\/#breadcrumb\"},\"inLanguage\":\"sr-RS\",\"potentialAction\":[{\"@type\":\"ReadAction\",\"target\":[\"https:\/\/president-ksgov.net\/sr\/predsednica-ne-moe-biti-odrivog-mira-bez-rasvetljavanja-sudbine-nasilno-nestalih-lica-tokom-poslednjeg-rata-na-kosovu\/\"]}]},{\"@type\":\"ImageObject\",\"inLanguage\":\"sr-RS\",\"@id\":\"https:\/\/president-ksgov.net\/sr\/predsednica-ne-moe-biti-odrivog-mira-bez-rasvetljavanja-sudbine-nasilno-nestalih-lica-tokom-poslednjeg-rata-na-kosovu\/#primaryimage\",\"url\":\"https:\/\/president-ksgov.net\/wp-content\/uploads\/30_08_2022_4268039_9.jpg\",\"contentUrl\":\"https:\/\/president-ksgov.net\/wp-content\/uploads\/30_08_2022_4268039_9.jpg\",\"width\":2048,\"height\":1367},{\"@type\":\"BreadcrumbList\",\"@id\":\"https:\/\/president-ksgov.net\/sr\/predsednica-ne-moe-biti-odrivog-mira-bez-rasvetljavanja-sudbine-nasilno-nestalih-lica-tokom-poslednjeg-rata-na-kosovu\/#breadcrumb\",\"itemListElement\":[{\"@type\":\"ListItem\",\"position\":1,\"name\":\"Home\",\"item\":\"https:\/\/president-ksgov.net\/sr\/\"},{\"@type\":\"ListItem\",\"position\":2,\"name\":\"Predsednica: Ne mo&#158;e biti odr&#158;ivog mira bez rasvetljavanja sudbine nasilno nestalih lica tokom poslednjeg rata na Kosovu\"}]},{\"@type\":\"WebSite\",\"@id\":\"https:\/\/president-ksgov.net\/#website\",\"url\":\"https:\/\/president-ksgov.net\/\",\"name\":\"Presidente e Republik\u00ebs s\u00eb Kosov\u00ebs\",\"description\":\"Presidente e Republik\u00ebs s\u00eb Kosov\u00ebs\",\"alternateName\":\"DR. VJOSA OSMANI - SADRIU\",\"potentialAction\":[{\"@type\":\"SearchAction\",\"target\":{\"@type\":\"EntryPoint\",\"urlTemplate\":\"https:\/\/president-ksgov.net\/?s={search_term_string}\"},\"query-input\":{\"@type\":\"PropertyValueSpecification\",\"valueRequired\":true,\"valueName\":\"search_term_string\"}}],\"inLanguage\":\"sr-RS\"},{\"@type\":\"Person\",\"@id\":\"https:\/\/president-ksgov.net\/#\/schema\/person\/bb4337a5fb147cb2046d80548172cbee\",\"name\":\"admin\",\"image\":{\"@type\":\"ImageObject\",\"inLanguage\":\"sr-RS\",\"@id\":\"https:\/\/president-ksgov.net\/#\/schema\/person\/image\/\",\"url\":\"https:\/\/secure.gravatar.com\/avatar\/36156ca0fa3b8d9d25174f146e16beea0cf28f37adf1b9e19b6c9c279a7c9dd3?s=96&d=mm&r=g\",\"contentUrl\":\"https:\/\/secure.gravatar.com\/avatar\/36156ca0fa3b8d9d25174f146e16beea0cf28f37adf1b9e19b6c9c279a7c9dd3?s=96&d=mm&r=g\",\"caption\":\"admin\"},\"sameAs\":[\"https:\/\/president-ksgov.net\"]}]}<\/script>\n<!-- \/ Yoast SEO plugin. -->","yoast_head_json":{"title":"Predsednica: Ne mo&#158;e biti odr&#158;ivog mira bez rasvetljavanja sudbine nasilno nestalih lica tokom poslednjeg rata na Kosovu - Predsednik Republike Kosovo - DR. VJOSA OSMANI - SADRIU","description":"Predsednica: Ne mo&#158;e biti odr&#158;ivog mira bez rasvetljavanja sudbine nasilno nestalih lica tokom poslednjeg rata na Kosovu - Predsednik Republike Kosovo - DR. VJOSA OSMANI - SADRIU -","robots":{"index":"index","follow":"follow","max-snippet":"max-snippet:-1","max-image-preview":"max-image-preview:large","max-video-preview":"max-video-preview:-1"},"canonical":"https:\/\/president-ksgov.net\/sr\/predsednica-ne-moe-biti-odrivog-mira-bez-rasvetljavanja-sudbine-nasilno-nestalih-lica-tokom-poslednjeg-rata-na-kosovu\/","og_locale":"sr_RS","og_type":"article","og_title":"Predsednica: Ne mo&#158;e biti odr&#158;ivog mira bez rasvetljavanja sudbine nasilno nestalih lica tokom poslednjeg rata na Kosovu - Predsednik Republike Kosovo - DR. VJOSA OSMANI - SADRIU","og_description":"Predsednica: Ne mo&#158;e biti odr&#158;ivog mira bez rasvetljavanja sudbine nasilno nestalih lica tokom poslednjeg rata na Kosovu - Predsednik Republike Kosovo - DR. VJOSA OSMANI - SADRIU -","og_url":"https:\/\/president-ksgov.net\/sr\/predsednica-ne-moe-biti-odrivog-mira-bez-rasvetljavanja-sudbine-nasilno-nestalih-lica-tokom-poslednjeg-rata-na-kosovu\/","og_site_name":"Predsednik Republike Kosovo - DR. VJOSA OSMANI - SADRIU","article_published_time":"2022-08-30T13:37:32+00:00","og_image":[{"width":2048,"height":1367,"url":"https:\/\/president-ksgov.net\/wp-content\/uploads\/30_08_2022_4268039_9.jpg","type":"image\/jpeg"}],"author":"admin","twitter_card":"summary_large_image","twitter_misc":{"\u041d\u0430\u043f\u0438\u0441\u0430\u043d\u043e \u043e\u0434":"admin","\u041f\u0440\u043e\u0446\u0435\u045a\u0435\u043d\u043e \u0432\u0440\u0435\u043c\u0435 \u0447\u0438\u0442\u0430\u045a\u0430":"1 \u043c\u0438\u043d\u0443\u0442"},"schema":{"@context":"https:\/\/schema.org","@graph":[{"@type":"WebPage","@id":"https:\/\/president-ksgov.net\/sr\/predsednica-ne-moe-biti-odrivog-mira-bez-rasvetljavanja-sudbine-nasilno-nestalih-lica-tokom-poslednjeg-rata-na-kosovu\/","url":"https:\/\/president-ksgov.net\/sr\/predsednica-ne-moe-biti-odrivog-mira-bez-rasvetljavanja-sudbine-nasilno-nestalih-lica-tokom-poslednjeg-rata-na-kosovu\/","name":"Predsednica: Ne mo&#158;e biti odr&#158;ivog mira bez rasvetljavanja sudbine nasilno nestalih lica tokom poslednjeg rata na Kosovu - Predsednik Republike Kosovo - DR. VJOSA OSMANI - SADRIU","isPartOf":{"@id":"https:\/\/president-ksgov.net\/#website"},"primaryImageOfPage":{"@id":"https:\/\/president-ksgov.net\/sr\/predsednica-ne-moe-biti-odrivog-mira-bez-rasvetljavanja-sudbine-nasilno-nestalih-lica-tokom-poslednjeg-rata-na-kosovu\/#primaryimage"},"image":{"@id":"https:\/\/president-ksgov.net\/sr\/predsednica-ne-moe-biti-odrivog-mira-bez-rasvetljavanja-sudbine-nasilno-nestalih-lica-tokom-poslednjeg-rata-na-kosovu\/#primaryimage"},"thumbnailUrl":"https:\/\/president-ksgov.net\/wp-content\/uploads\/30_08_2022_4268039_9.jpg","datePublished":"2022-08-30T13:37:32+00:00","dateModified":"2022-08-30T13:37:32+00:00","author":{"@id":"https:\/\/president-ksgov.net\/#\/schema\/person\/bb4337a5fb147cb2046d80548172cbee"},"description":"Predsednica: Ne mo&#158;e biti odr&#158;ivog mira bez rasvetljavanja sudbine nasilno nestalih lica tokom poslednjeg rata na Kosovu - Predsednik Republike Kosovo - DR. VJOSA OSMANI - SADRIU -","breadcrumb":{"@id":"https:\/\/president-ksgov.net\/sr\/predsednica-ne-moe-biti-odrivog-mira-bez-rasvetljavanja-sudbine-nasilno-nestalih-lica-tokom-poslednjeg-rata-na-kosovu\/#breadcrumb"},"inLanguage":"sr-RS","potentialAction":[{"@type":"ReadAction","target":["https:\/\/president-ksgov.net\/sr\/predsednica-ne-moe-biti-odrivog-mira-bez-rasvetljavanja-sudbine-nasilno-nestalih-lica-tokom-poslednjeg-rata-na-kosovu\/"]}]},{"@type":"ImageObject","inLanguage":"sr-RS","@id":"https:\/\/president-ksgov.net\/sr\/predsednica-ne-moe-biti-odrivog-mira-bez-rasvetljavanja-sudbine-nasilno-nestalih-lica-tokom-poslednjeg-rata-na-kosovu\/#primaryimage","url":"https:\/\/president-ksgov.net\/wp-content\/uploads\/30_08_2022_4268039_9.jpg","contentUrl":"https:\/\/president-ksgov.net\/wp-content\/uploads\/30_08_2022_4268039_9.jpg","width":2048,"height":1367},{"@type":"BreadcrumbList","@id":"https:\/\/president-ksgov.net\/sr\/predsednica-ne-moe-biti-odrivog-mira-bez-rasvetljavanja-sudbine-nasilno-nestalih-lica-tokom-poslednjeg-rata-na-kosovu\/#breadcrumb","itemListElement":[{"@type":"ListItem","position":1,"name":"Home","item":"https:\/\/president-ksgov.net\/sr\/"},{"@type":"ListItem","position":2,"name":"Predsednica: Ne mo&#158;e biti odr&#158;ivog mira bez rasvetljavanja sudbine nasilno nestalih lica tokom poslednjeg rata na Kosovu"}]},{"@type":"WebSite","@id":"https:\/\/president-ksgov.net\/#website","url":"https:\/\/president-ksgov.net\/","name":"Presidente e Republik\u00ebs s\u00eb Kosov\u00ebs","description":"Presidente e Republik\u00ebs s\u00eb Kosov\u00ebs","alternateName":"DR. VJOSA OSMANI - SADRIU","potentialAction":[{"@type":"SearchAction","target":{"@type":"EntryPoint","urlTemplate":"https:\/\/president-ksgov.net\/?s={search_term_string}"},"query-input":{"@type":"PropertyValueSpecification","valueRequired":true,"valueName":"search_term_string"}}],"inLanguage":"sr-RS"},{"@type":"Person","@id":"https:\/\/president-ksgov.net\/#\/schema\/person\/bb4337a5fb147cb2046d80548172cbee","name":"admin","image":{"@type":"ImageObject","inLanguage":"sr-RS","@id":"https:\/\/president-ksgov.net\/#\/schema\/person\/image\/","url":"https:\/\/secure.gravatar.com\/avatar\/36156ca0fa3b8d9d25174f146e16beea0cf28f37adf1b9e19b6c9c279a7c9dd3?s=96&d=mm&r=g","contentUrl":"https:\/\/secure.gravatar.com\/avatar\/36156ca0fa3b8d9d25174f146e16beea0cf28f37adf1b9e19b6c9c279a7c9dd3?s=96&d=mm&r=g","caption":"admin"},"sameAs":["https:\/\/president-ksgov.net"]}]}},"_links":{"self":[{"href":"https:\/\/president-ksgov.net\/sr\/wp-json\/wp\/v2\/posts\/74087","targetHints":{"allow":["GET"]}}],"collection":[{"href":"https:\/\/president-ksgov.net\/sr\/wp-json\/wp\/v2\/posts"}],"about":[{"href":"https:\/\/president-ksgov.net\/sr\/wp-json\/wp\/v2\/types\/post"}],"author":[{"embeddable":true,"href":"https:\/\/president-ksgov.net\/sr\/wp-json\/wp\/v2\/users\/1"}],"replies":[{"embeddable":true,"href":"https:\/\/president-ksgov.net\/sr\/wp-json\/wp\/v2\/comments?post=74087"}],"version-history":[{"count":0,"href":"https:\/\/president-ksgov.net\/sr\/wp-json\/wp\/v2\/posts\/74087\/revisions"}],"wp:featuredmedia":[{"embeddable":true,"href":"https:\/\/president-ksgov.net\/sr\/wp-json\/wp\/v2\/media\/11614"}],"wp:attachment":[{"href":"https:\/\/president-ksgov.net\/sr\/wp-json\/wp\/v2\/media?parent=74087"}],"wp:term":[{"taxonomy":"category","embeddable":true,"href":"https:\/\/president-ksgov.net\/sr\/wp-json\/wp\/v2\/categories?post=74087"},{"taxonomy":"post_tag","embeddable":true,"href":"https:\/\/president-ksgov.net\/sr\/wp-json\/wp\/v2\/tags?post=74087"}],"curies":[{"name":"wp","href":"https:\/\/api.w.org\/{rel}","templated":true}]}}