{"id":74025,"date":"2022-09-21T07:10:26","date_gmt":"2022-09-21T07:10:26","guid":{"rendered":"https:\/\/dev.president-ksgov.net\/predseenica-osmani-prisetila-se-pukovnika-ahmeta-krasniqija\/"},"modified":"2022-09-21T13:10:26","modified_gmt":"2022-09-21T13:10:26","slug":"predseenica-osmani-prisetila-se-pukovnika-ahmeta-krasniqija","status":"publish","type":"post","link":"https:\/\/president-ksgov.net\/sr\/predseenica-osmani-prisetila-se-pukovnika-ahmeta-krasniqija\/","title":{"rendered":"Predseenica Osmani prisetila se pukovnika Ahmeta Krasniqija"},"content":{"rendered":"<p>Predsednica Republike Kosovo Vjosa Osmani prisetila se pukovnika Ahmeta Krasniqija na 24. godinu njegovog ubistva.<\/p>\n<p>Predsednica Osmani rekla je da je pukovnik Ahmet Krasniqi dvojstvo patriote i profesionalnog vojnika, koji je dao sve za slobodu njegove zemlje.<\/p>\n<p>U nastavku teksta je ceo post:<\/p>\n<p>Uve&ccaron;e, 21. septembra u Tirani je ubijen prvi komandant Oru&#382;anih snaga Kosova, ministar odbrane, pukovnik Ahmet Krasniqi.<\/p>\n<p>Pukovnik Krasniqi ostaje simbol &ccaron;oveka, koji je posve&cacute;enost rodoljublju i viziju dr&#382;ave sproveo organizuju&cacute;i i rukovode&cacute;i odbrambenom strukturom Kosova, pod njegovim institucionalnim okriljem. On je dvojstvo patriote i profesionalnog vojnika, koji je dao sve za slobodu njegove zemlje. Heroj Kosova. Pukovnik Krasniqi, ne samo da je sanjao ovu slobodu, ve&cacute; joj se i posvetio &#8211; kako je govorio na\u0161 predsednik dr Ibrahim Rugova- &#8222;lojalno\u0161&cacute;u, posve&cacute;eno\u0161&cacute;u i jakom stra\u0161&cacute;u za stvaranje dr&#382;ave.&#8220;<\/p>\n<p>Podmuklo ubistvo pukovnika Ahmeta Krasniqija jo\u0161 je te&#382;e jer je on ubijen u sred Tirane, tokom njegovih titanskih napora da ujedini albanske snage protiv nasilja, jezivih ubistava, do razmera genocida, koje je Srbija vr\u0161ila nad kosovskim Albancima.<\/p>\n<p>Dok se se&cacute;amo slavnih dela pukovnika, moramo tako&dstrok;e sami sebe podse&cacute;ati da jedan teret prema njegovoj porodici, ali i prema saborcima ministra Krasniqija nastavlja da nam le&#382;i na grudima svakoga dana: rasvetljavanje njegovog ubistva i mnogih drugih aktivista za slobodu. Kosovo nije potpuno bez potpunog rasvetljavanja istine o ubistvu.\u00a0<\/p>\n<p>\u00a0<\/p>\n","protected":false},"excerpt":{"rendered":"<p>Predsednica Republike Kosovo Vjosa Osmani prisetila se pukovnika Ahmeta Krasniqija na 24. godinu njegovog ubistva.<\/p>\n","protected":false},"author":1,"featured_media":11186,"comment_status":"open","ping_status":"closed","sticky":false,"template":"","format":"standard","meta":{"_eb_attr":"","footnotes":""},"categories":[101],"tags":[],"class_list":["post-74025","post","type-post","status-publish","format-standard","has-post-thumbnail","hentry","category-vesti"],"yoast_head":"<!-- This site is optimized with the Yoast SEO plugin v23.5 - https:\/\/yoast.com\/wordpress\/plugins\/seo\/ -->\n<title>Predseenica Osmani prisetila se pukovnika Ahmeta Krasniqija - Predsednik Republike Kosovo - DR. VJOSA OSMANI - SADRIU<\/title>\n<meta name=\"description\" content=\"Predseenica Osmani prisetila se pukovnika Ahmeta Krasniqija - Predsednik Republike Kosovo - DR. VJOSA OSMANI - SADRIU -\" \/>\n<meta name=\"robots\" content=\"index, follow, max-snippet:-1, max-image-preview:large, max-video-preview:-1\" \/>\n<link rel=\"canonical\" href=\"https:\/\/president-ksgov.net\/sr\/predseenica-osmani-prisetila-se-pukovnika-ahmeta-krasniqija\/\" \/>\n<meta property=\"og:locale\" content=\"sr_RS\" \/>\n<meta property=\"og:type\" content=\"article\" \/>\n<meta property=\"og:title\" content=\"Predseenica Osmani prisetila se pukovnika Ahmeta Krasniqija - Predsednik Republike Kosovo - DR. VJOSA OSMANI - SADRIU\" \/>\n<meta property=\"og:description\" content=\"Predseenica Osmani prisetila se pukovnika Ahmeta Krasniqija - Predsednik Republike Kosovo - DR. VJOSA OSMANI - SADRIU -\" \/>\n<meta property=\"og:url\" content=\"https:\/\/president-ksgov.net\/sr\/predseenica-osmani-prisetila-se-pukovnika-ahmeta-krasniqija\/\" \/>\n<meta property=\"og:site_name\" content=\"Predsednik Republike Kosovo - DR. VJOSA OSMANI - SADRIU\" \/>\n<meta property=\"article:published_time\" content=\"2022-09-21T07:10:26+00:00\" \/>\n<meta property=\"article:modified_time\" content=\"2022-09-21T13:10:26+00:00\" \/>\n<meta property=\"og:image\" content=\"https:\/\/president-ksgov.net\/wp-content\/uploads\/21_09_2022_4506984_Ahmet_Krasniqi.jpeg\" \/>\n\t<meta property=\"og:image:width\" content=\"1280\" \/>\n\t<meta property=\"og:image:height\" content=\"1280\" \/>\n\t<meta property=\"og:image:type\" content=\"image\/jpeg\" \/>\n<meta name=\"author\" content=\"admin\" \/>\n<meta name=\"twitter:card\" content=\"summary_large_image\" \/>\n<meta name=\"twitter:label1\" content=\"\u041d\u0430\u043f\u0438\u0441\u0430\u043d\u043e \u043e\u0434\" \/>\n\t<meta name=\"twitter:data1\" content=\"admin\" \/>\n\t<meta name=\"twitter:label2\" content=\"\u041f\u0440\u043e\u0446\u0435\u045a\u0435\u043d\u043e \u0432\u0440\u0435\u043c\u0435 \u0447\u0438\u0442\u0430\u045a\u0430\" \/>\n\t<meta name=\"twitter:data2\" content=\"1 \u043c\u0438\u043d\u0443\u0442\" \/>\n<script type=\"application\/ld+json\" class=\"yoast-schema-graph\">{\"@context\":\"https:\/\/schema.org\",\"@graph\":[{\"@type\":\"WebPage\",\"@id\":\"https:\/\/president-ksgov.net\/sr\/predseenica-osmani-prisetila-se-pukovnika-ahmeta-krasniqija\/\",\"url\":\"https:\/\/president-ksgov.net\/sr\/predseenica-osmani-prisetila-se-pukovnika-ahmeta-krasniqija\/\",\"name\":\"Predseenica Osmani prisetila se pukovnika Ahmeta Krasniqija - Predsednik Republike Kosovo - DR. VJOSA OSMANI - SADRIU\",\"isPartOf\":{\"@id\":\"https:\/\/president-ksgov.net\/#website\"},\"primaryImageOfPage\":{\"@id\":\"https:\/\/president-ksgov.net\/sr\/predseenica-osmani-prisetila-se-pukovnika-ahmeta-krasniqija\/#primaryimage\"},\"image\":{\"@id\":\"https:\/\/president-ksgov.net\/sr\/predseenica-osmani-prisetila-se-pukovnika-ahmeta-krasniqija\/#primaryimage\"},\"thumbnailUrl\":\"https:\/\/president-ksgov.net\/wp-content\/uploads\/21_09_2022_4506984_Ahmet_Krasniqi.jpeg\",\"datePublished\":\"2022-09-21T07:10:26+00:00\",\"dateModified\":\"2022-09-21T13:10:26+00:00\",\"author\":{\"@id\":\"https:\/\/president-ksgov.net\/#\/schema\/person\/bb4337a5fb147cb2046d80548172cbee\"},\"description\":\"Predseenica Osmani prisetila se pukovnika Ahmeta Krasniqija - Predsednik Republike Kosovo - DR. VJOSA OSMANI - SADRIU -\",\"breadcrumb\":{\"@id\":\"https:\/\/president-ksgov.net\/sr\/predseenica-osmani-prisetila-se-pukovnika-ahmeta-krasniqija\/#breadcrumb\"},\"inLanguage\":\"sr-RS\",\"potentialAction\":[{\"@type\":\"ReadAction\",\"target\":[\"https:\/\/president-ksgov.net\/sr\/predseenica-osmani-prisetila-se-pukovnika-ahmeta-krasniqija\/\"]}]},{\"@type\":\"ImageObject\",\"inLanguage\":\"sr-RS\",\"@id\":\"https:\/\/president-ksgov.net\/sr\/predseenica-osmani-prisetila-se-pukovnika-ahmeta-krasniqija\/#primaryimage\",\"url\":\"https:\/\/president-ksgov.net\/wp-content\/uploads\/21_09_2022_4506984_Ahmet_Krasniqi.jpeg\",\"contentUrl\":\"https:\/\/president-ksgov.net\/wp-content\/uploads\/21_09_2022_4506984_Ahmet_Krasniqi.jpeg\",\"width\":1280,\"height\":1280},{\"@type\":\"BreadcrumbList\",\"@id\":\"https:\/\/president-ksgov.net\/sr\/predseenica-osmani-prisetila-se-pukovnika-ahmeta-krasniqija\/#breadcrumb\",\"itemListElement\":[{\"@type\":\"ListItem\",\"position\":1,\"name\":\"Home\",\"item\":\"https:\/\/president-ksgov.net\/sr\/\"},{\"@type\":\"ListItem\",\"position\":2,\"name\":\"Predseenica Osmani prisetila se pukovnika Ahmeta Krasniqija\"}]},{\"@type\":\"WebSite\",\"@id\":\"https:\/\/president-ksgov.net\/#website\",\"url\":\"https:\/\/president-ksgov.net\/\",\"name\":\"Presidente e Republik\u00ebs s\u00eb Kosov\u00ebs\",\"description\":\"Presidente e Republik\u00ebs s\u00eb Kosov\u00ebs\",\"alternateName\":\"DR. VJOSA OSMANI - SADRIU\",\"potentialAction\":[{\"@type\":\"SearchAction\",\"target\":{\"@type\":\"EntryPoint\",\"urlTemplate\":\"https:\/\/president-ksgov.net\/?s={search_term_string}\"},\"query-input\":{\"@type\":\"PropertyValueSpecification\",\"valueRequired\":true,\"valueName\":\"search_term_string\"}}],\"inLanguage\":\"sr-RS\"},{\"@type\":\"Person\",\"@id\":\"https:\/\/president-ksgov.net\/#\/schema\/person\/bb4337a5fb147cb2046d80548172cbee\",\"name\":\"admin\",\"image\":{\"@type\":\"ImageObject\",\"inLanguage\":\"sr-RS\",\"@id\":\"https:\/\/president-ksgov.net\/#\/schema\/person\/image\/\",\"url\":\"https:\/\/secure.gravatar.com\/avatar\/36156ca0fa3b8d9d25174f146e16beea0cf28f37adf1b9e19b6c9c279a7c9dd3?s=96&d=mm&r=g\",\"contentUrl\":\"https:\/\/secure.gravatar.com\/avatar\/36156ca0fa3b8d9d25174f146e16beea0cf28f37adf1b9e19b6c9c279a7c9dd3?s=96&d=mm&r=g\",\"caption\":\"admin\"},\"sameAs\":[\"https:\/\/president-ksgov.net\"]}]}<\/script>\n<!-- \/ Yoast SEO plugin. -->","yoast_head_json":{"title":"Predseenica Osmani prisetila se pukovnika Ahmeta Krasniqija - Predsednik Republike Kosovo - DR. VJOSA OSMANI - SADRIU","description":"Predseenica Osmani prisetila se pukovnika Ahmeta Krasniqija - Predsednik Republike Kosovo - DR. VJOSA OSMANI - SADRIU -","robots":{"index":"index","follow":"follow","max-snippet":"max-snippet:-1","max-image-preview":"max-image-preview:large","max-video-preview":"max-video-preview:-1"},"canonical":"https:\/\/president-ksgov.net\/sr\/predseenica-osmani-prisetila-se-pukovnika-ahmeta-krasniqija\/","og_locale":"sr_RS","og_type":"article","og_title":"Predseenica Osmani prisetila se pukovnika Ahmeta Krasniqija - Predsednik Republike Kosovo - DR. VJOSA OSMANI - SADRIU","og_description":"Predseenica Osmani prisetila se pukovnika Ahmeta Krasniqija - Predsednik Republike Kosovo - DR. VJOSA OSMANI - SADRIU -","og_url":"https:\/\/president-ksgov.net\/sr\/predseenica-osmani-prisetila-se-pukovnika-ahmeta-krasniqija\/","og_site_name":"Predsednik Republike Kosovo - DR. VJOSA OSMANI - SADRIU","article_published_time":"2022-09-21T07:10:26+00:00","article_modified_time":"2022-09-21T13:10:26+00:00","og_image":[{"width":1280,"height":1280,"url":"https:\/\/president-ksgov.net\/wp-content\/uploads\/21_09_2022_4506984_Ahmet_Krasniqi.jpeg","type":"image\/jpeg"}],"author":"admin","twitter_card":"summary_large_image","twitter_misc":{"\u041d\u0430\u043f\u0438\u0441\u0430\u043d\u043e \u043e\u0434":"admin","\u041f\u0440\u043e\u0446\u0435\u045a\u0435\u043d\u043e \u0432\u0440\u0435\u043c\u0435 \u0447\u0438\u0442\u0430\u045a\u0430":"1 \u043c\u0438\u043d\u0443\u0442"},"schema":{"@context":"https:\/\/schema.org","@graph":[{"@type":"WebPage","@id":"https:\/\/president-ksgov.net\/sr\/predseenica-osmani-prisetila-se-pukovnika-ahmeta-krasniqija\/","url":"https:\/\/president-ksgov.net\/sr\/predseenica-osmani-prisetila-se-pukovnika-ahmeta-krasniqija\/","name":"Predseenica Osmani prisetila se pukovnika Ahmeta Krasniqija - Predsednik Republike Kosovo - DR. VJOSA OSMANI - SADRIU","isPartOf":{"@id":"https:\/\/president-ksgov.net\/#website"},"primaryImageOfPage":{"@id":"https:\/\/president-ksgov.net\/sr\/predseenica-osmani-prisetila-se-pukovnika-ahmeta-krasniqija\/#primaryimage"},"image":{"@id":"https:\/\/president-ksgov.net\/sr\/predseenica-osmani-prisetila-se-pukovnika-ahmeta-krasniqija\/#primaryimage"},"thumbnailUrl":"https:\/\/president-ksgov.net\/wp-content\/uploads\/21_09_2022_4506984_Ahmet_Krasniqi.jpeg","datePublished":"2022-09-21T07:10:26+00:00","dateModified":"2022-09-21T13:10:26+00:00","author":{"@id":"https:\/\/president-ksgov.net\/#\/schema\/person\/bb4337a5fb147cb2046d80548172cbee"},"description":"Predseenica Osmani prisetila se pukovnika Ahmeta Krasniqija - Predsednik Republike Kosovo - DR. VJOSA OSMANI - SADRIU -","breadcrumb":{"@id":"https:\/\/president-ksgov.net\/sr\/predseenica-osmani-prisetila-se-pukovnika-ahmeta-krasniqija\/#breadcrumb"},"inLanguage":"sr-RS","potentialAction":[{"@type":"ReadAction","target":["https:\/\/president-ksgov.net\/sr\/predseenica-osmani-prisetila-se-pukovnika-ahmeta-krasniqija\/"]}]},{"@type":"ImageObject","inLanguage":"sr-RS","@id":"https:\/\/president-ksgov.net\/sr\/predseenica-osmani-prisetila-se-pukovnika-ahmeta-krasniqija\/#primaryimage","url":"https:\/\/president-ksgov.net\/wp-content\/uploads\/21_09_2022_4506984_Ahmet_Krasniqi.jpeg","contentUrl":"https:\/\/president-ksgov.net\/wp-content\/uploads\/21_09_2022_4506984_Ahmet_Krasniqi.jpeg","width":1280,"height":1280},{"@type":"BreadcrumbList","@id":"https:\/\/president-ksgov.net\/sr\/predseenica-osmani-prisetila-se-pukovnika-ahmeta-krasniqija\/#breadcrumb","itemListElement":[{"@type":"ListItem","position":1,"name":"Home","item":"https:\/\/president-ksgov.net\/sr\/"},{"@type":"ListItem","position":2,"name":"Predseenica Osmani prisetila se pukovnika Ahmeta Krasniqija"}]},{"@type":"WebSite","@id":"https:\/\/president-ksgov.net\/#website","url":"https:\/\/president-ksgov.net\/","name":"Presidente e Republik\u00ebs s\u00eb Kosov\u00ebs","description":"Presidente e Republik\u00ebs s\u00eb Kosov\u00ebs","alternateName":"DR. VJOSA OSMANI - SADRIU","potentialAction":[{"@type":"SearchAction","target":{"@type":"EntryPoint","urlTemplate":"https:\/\/president-ksgov.net\/?s={search_term_string}"},"query-input":{"@type":"PropertyValueSpecification","valueRequired":true,"valueName":"search_term_string"}}],"inLanguage":"sr-RS"},{"@type":"Person","@id":"https:\/\/president-ksgov.net\/#\/schema\/person\/bb4337a5fb147cb2046d80548172cbee","name":"admin","image":{"@type":"ImageObject","inLanguage":"sr-RS","@id":"https:\/\/president-ksgov.net\/#\/schema\/person\/image\/","url":"https:\/\/secure.gravatar.com\/avatar\/36156ca0fa3b8d9d25174f146e16beea0cf28f37adf1b9e19b6c9c279a7c9dd3?s=96&d=mm&r=g","contentUrl":"https:\/\/secure.gravatar.com\/avatar\/36156ca0fa3b8d9d25174f146e16beea0cf28f37adf1b9e19b6c9c279a7c9dd3?s=96&d=mm&r=g","caption":"admin"},"sameAs":["https:\/\/president-ksgov.net"]}]}},"_links":{"self":[{"href":"https:\/\/president-ksgov.net\/sr\/wp-json\/wp\/v2\/posts\/74025","targetHints":{"allow":["GET"]}}],"collection":[{"href":"https:\/\/president-ksgov.net\/sr\/wp-json\/wp\/v2\/posts"}],"about":[{"href":"https:\/\/president-ksgov.net\/sr\/wp-json\/wp\/v2\/types\/post"}],"author":[{"embeddable":true,"href":"https:\/\/president-ksgov.net\/sr\/wp-json\/wp\/v2\/users\/1"}],"replies":[{"embeddable":true,"href":"https:\/\/president-ksgov.net\/sr\/wp-json\/wp\/v2\/comments?post=74025"}],"version-history":[{"count":0,"href":"https:\/\/president-ksgov.net\/sr\/wp-json\/wp\/v2\/posts\/74025\/revisions"}],"wp:featuredmedia":[{"embeddable":true,"href":"https:\/\/president-ksgov.net\/sr\/wp-json\/wp\/v2\/media\/11186"}],"wp:attachment":[{"href":"https:\/\/president-ksgov.net\/sr\/wp-json\/wp\/v2\/media?parent=74025"}],"wp:term":[{"taxonomy":"category","embeddable":true,"href":"https:\/\/president-ksgov.net\/sr\/wp-json\/wp\/v2\/categories?post=74025"},{"taxonomy":"post_tag","embeddable":true,"href":"https:\/\/president-ksgov.net\/sr\/wp-json\/wp\/v2\/tags?post=74025"}],"curies":[{"name":"wp","href":"https:\/\/api.w.org\/{rel}","templated":true}]}}