{"id":74010,"date":"2022-09-25T17:34:33","date_gmt":"2022-09-25T17:34:33","guid":{"rendered":"https:\/\/dev.president-ksgov.net\/predsednica-osmani-odala-je-poast-rtvama-teroristikih-napada-11-septembra-2001-godine-mi-smo-uz-ameriki-narod-kao-i-uvek-i-odluni-smo-partneri-u-borbi-protiv\/"},"modified":"2022-09-25T17:34:33","modified_gmt":"2022-09-25T17:34:33","slug":"predsednica-osmani-odala-je-poast-rtvama-teroristikih-napada-11-septembra-2001-godine-mi-smo-uz-ameriki-narod-kao-i-uvek-i-odluni-smo-partneri-u-borbi-protiv","status":"publish","type":"post","link":"https:\/\/president-ksgov.net\/sr\/predsednica-osmani-odala-je-poast-rtvama-teroristikih-napada-11-septembra-2001-godine-mi-smo-uz-ameriki-narod-kao-i-uvek-i-odluni-smo-partneri-u-borbi-protiv\/","title":{"rendered":"Predsednica Osmani odala je po&ccaron;ast &#158;rtvama teroristi&ccaron;kih napada 11. septembra 2001. godine: Mi smo uz ameri&ccaron;ki narod, kao i uvek, i odlu&ccaron;ni smo partneri u borbi protiv terorizma i svakog oblika koji ugro&#158;ava slobodu drugih"},"content":{"rendered":"<p>Predsednica Republike Kosovo Vjosa Osmani, u okviru posete Njujorku, odala je po&ccaron;ast kod spomen obele&#382;ja 9\/11. septembra, gde je odala po&ccaron;ast &#382;rtvama teroristi&ccaron;kog napada 11. septembra 2001. godine.<\/p>\n<p>Predsednica Osmani je rekla da je danas odala po&ccaron;ast &#382;rtvama teroristi&ccaron;kog napada 11. septembra 2001. godine, dodaju&cacute;i da je narod Kosova uz ameri&ccaron;ki narod, protiv terorizma i svakog oblika koji ugro&#382;ava slobodu drugih.<\/p>\n<p>Ispod ceo post predsednice Osmani:<\/p>\n<p>\u201eNijedan dan ih ne&cacute;e izbrisati iz se&cacute;anja vremena\u201c\/ Vergilije<\/p>\n<p>Ovaj Vergilijev citat postavljen na prednjoj strani Memorijala 9\/11 je poziv na trajno se&cacute;anje.<\/p>\n<p>Vi\u0161e od 3 hiljade &#382;ivota uga\u0161enih u napadu 11. septembra 2001. vra&cacute;aju nam se&cacute;anje i kidaju savest koliko je sloboda dragocena!<\/p>\n<p>Merdevine za pre&#382;ivljavanje, jedini pre&#382;iveli komad drveta, fotografije nestalih, vatrogasna kola su deo izlo&#382;be u&#382;asa iz napada 11. septembra 2001. godine.<\/p>\n<p>Pro\u0161lost se prepli&cacute;e sa sada\u0161njo\u0161&cacute;u, bol sa ponosom, se&cacute;anje sa sada\u0161njo\u0161&cacute;u, neljudsko sa ljudskim.<\/p>\n<p>Iznad svega, svuda ameri&ccaron;ka zastava kao znak opstanka da Amerika i civilizovani svet ne&cacute;e ustaknuti pred zlonamernim namerama mra&ccaron;nih sila, koje su protiv slobode.<\/p>\n<p>Prikaz sina ameri&ccaron;kog vatrogasca, mu&ccaron;an i inspirativan u isto vreme. Oni koji prvi reaguju, prvi koji vide u&#382;as, prvi koji ose&cacute;aju bol i neki od njih su deo bola.<\/p>\n<p>U teroristi&ccaron;kom napadu uga\u0161eni su &#382;ivoti ljudi, me&dstrok;u kojima i troje Albanaca. Mon Gjonbalaj nije uspeo da u&#382;iva u penziji. Istog dana, umesto penzije, osvojio je ve&ccaron;nost.<\/p>\n<p>Danas sam odala po&ccaron;ast &#382;rtvama teroristi&ccaron;kog napada 11. septembra 2001. godine. Stojimo uz ameri&ccaron;ki narod, kao i uvek, i odlu&ccaron;ni smo partneri protiv terorizma i svakog oblika koji naru\u0161ava slobodu drugih. Amerika je oli&ccaron;enje slobode, pa smo uvek zajedno u njenoj odbrani!<\/p>\n","protected":false},"excerpt":{"rendered":"<p>Predsednica Republike Kosovo Vjosa Osmani, u okviru posete Njujorku, odala je po&ccaron;ast kod spomen obele&#382;ja 9\/11. septembra, gde je odala po&ccaron;ast &#382;rtvama teroristi&ccaron;kog napada 11. septembra 2001. godine.<\/p>\n","protected":false},"author":1,"featured_media":11045,"comment_status":"open","ping_status":"closed","sticky":false,"template":"","format":"standard","meta":{"_eb_attr":"","footnotes":""},"categories":[101],"tags":[],"class_list":["post-74010","post","type-post","status-publish","format-standard","has-post-thumbnail","hentry","category-vesti"],"yoast_head":"<!-- This site is optimized with the Yoast SEO plugin v23.5 - https:\/\/yoast.com\/wordpress\/plugins\/seo\/ -->\n<title>Predsednica Osmani odala je po&amp;ccaron;ast &#158;rtvama teroristi&amp;ccaron;kih napada 11. septembra 2001. godine: Mi smo uz ameri&amp;ccaron;ki narod, kao i uvek, i odlu&amp;ccaron;ni smo partneri u borbi protiv terorizma i svakog oblika koji ugro&#158;ava slobodu drugih - Predsednik Republike Kosovo - DR. VJOSA OSMANI - SADRIU<\/title>\n<meta name=\"description\" content=\"Predsednica Osmani odala je po&amp;ccaron;ast &#158;rtvama teroristi&amp;ccaron;kih napada 11. septembra 2001. godine: Mi smo uz ameri&amp;ccaron;ki narod, kao i uvek, i odlu&amp;ccaron;ni smo partneri u borbi protiv terorizma i svakog oblika koji ugro&#158;ava slobodu drugih - Predsednik Republike Kosovo - DR. VJOSA OSMANI - SADRIU -\" \/>\n<meta name=\"robots\" content=\"index, follow, max-snippet:-1, max-image-preview:large, max-video-preview:-1\" \/>\n<link rel=\"canonical\" href=\"https:\/\/president-ksgov.net\/sr\/predsednica-osmani-odala-je-poast-rtvama-teroristikih-napada-11-septembra-2001-godine-mi-smo-uz-ameriki-narod-kao-i-uvek-i-odluni-smo-partneri-u-borbi-protiv\/\" \/>\n<meta property=\"og:locale\" content=\"sr_RS\" \/>\n<meta property=\"og:type\" content=\"article\" \/>\n<meta property=\"og:title\" content=\"Predsednica Osmani odala je po&amp;ccaron;ast &#158;rtvama teroristi&amp;ccaron;kih napada 11. septembra 2001. godine: Mi smo uz ameri&amp;ccaron;ki narod, kao i uvek, i odlu&amp;ccaron;ni smo partneri u borbi protiv terorizma i svakog oblika koji ugro&#158;ava slobodu drugih - Predsednik Republike Kosovo - DR. VJOSA OSMANI - SADRIU\" \/>\n<meta property=\"og:description\" content=\"Predsednica Osmani odala je po&amp;ccaron;ast &#158;rtvama teroristi&amp;ccaron;kih napada 11. septembra 2001. godine: Mi smo uz ameri&amp;ccaron;ki narod, kao i uvek, i odlu&amp;ccaron;ni smo partneri u borbi protiv terorizma i svakog oblika koji ugro&#158;ava slobodu drugih - Predsednik Republike Kosovo - DR. VJOSA OSMANI - SADRIU -\" \/>\n<meta property=\"og:url\" content=\"https:\/\/president-ksgov.net\/sr\/predsednica-osmani-odala-je-poast-rtvama-teroristikih-napada-11-septembra-2001-godine-mi-smo-uz-ameriki-narod-kao-i-uvek-i-odluni-smo-partneri-u-borbi-protiv\/\" \/>\n<meta property=\"og:site_name\" content=\"Predsednik Republike Kosovo - DR. VJOSA OSMANI - SADRIU\" \/>\n<meta property=\"article:published_time\" content=\"2022-09-25T17:34:33+00:00\" \/>\n<meta property=\"og:image\" content=\"https:\/\/president-ksgov.net\/wp-content\/uploads\/25_09_2022_6095375_7.jpg\" \/>\n\t<meta property=\"og:image:width\" content=\"2048\" \/>\n\t<meta property=\"og:image:height\" content=\"1367\" \/>\n\t<meta property=\"og:image:type\" content=\"image\/jpeg\" \/>\n<meta name=\"author\" content=\"admin\" \/>\n<meta name=\"twitter:card\" content=\"summary_large_image\" \/>\n<meta name=\"twitter:label1\" content=\"\u041d\u0430\u043f\u0438\u0441\u0430\u043d\u043e \u043e\u0434\" \/>\n\t<meta name=\"twitter:data1\" content=\"admin\" \/>\n\t<meta name=\"twitter:label2\" content=\"\u041f\u0440\u043e\u0446\u0435\u045a\u0435\u043d\u043e \u0432\u0440\u0435\u043c\u0435 \u0447\u0438\u0442\u0430\u045a\u0430\" \/>\n\t<meta name=\"twitter:data2\" content=\"2 \u043c\u0438\u043d\u0443\u0442\u0430\" \/>\n<script type=\"application\/ld+json\" class=\"yoast-schema-graph\">{\"@context\":\"https:\/\/schema.org\",\"@graph\":[{\"@type\":\"WebPage\",\"@id\":\"https:\/\/president-ksgov.net\/sr\/predsednica-osmani-odala-je-poast-rtvama-teroristikih-napada-11-septembra-2001-godine-mi-smo-uz-ameriki-narod-kao-i-uvek-i-odluni-smo-partneri-u-borbi-protiv\/\",\"url\":\"https:\/\/president-ksgov.net\/sr\/predsednica-osmani-odala-je-poast-rtvama-teroristikih-napada-11-septembra-2001-godine-mi-smo-uz-ameriki-narod-kao-i-uvek-i-odluni-smo-partneri-u-borbi-protiv\/\",\"name\":\"Predsednica Osmani odala je po&ccaron;ast &#158;rtvama teroristi&ccaron;kih napada 11. septembra 2001. godine: Mi smo uz ameri&ccaron;ki narod, kao i uvek, i odlu&ccaron;ni smo partneri u borbi protiv terorizma i svakog oblika koji ugro&#158;ava slobodu drugih - Predsednik Republike Kosovo - DR. VJOSA OSMANI - SADRIU\",\"isPartOf\":{\"@id\":\"https:\/\/president-ksgov.net\/#website\"},\"primaryImageOfPage\":{\"@id\":\"https:\/\/president-ksgov.net\/sr\/predsednica-osmani-odala-je-poast-rtvama-teroristikih-napada-11-septembra-2001-godine-mi-smo-uz-ameriki-narod-kao-i-uvek-i-odluni-smo-partneri-u-borbi-protiv\/#primaryimage\"},\"image\":{\"@id\":\"https:\/\/president-ksgov.net\/sr\/predsednica-osmani-odala-je-poast-rtvama-teroristikih-napada-11-septembra-2001-godine-mi-smo-uz-ameriki-narod-kao-i-uvek-i-odluni-smo-partneri-u-borbi-protiv\/#primaryimage\"},\"thumbnailUrl\":\"https:\/\/president-ksgov.net\/wp-content\/uploads\/25_09_2022_6095375_7.jpg\",\"datePublished\":\"2022-09-25T17:34:33+00:00\",\"dateModified\":\"2022-09-25T17:34:33+00:00\",\"author\":{\"@id\":\"https:\/\/president-ksgov.net\/#\/schema\/person\/bb4337a5fb147cb2046d80548172cbee\"},\"description\":\"Predsednica Osmani odala je po&ccaron;ast &#158;rtvama teroristi&ccaron;kih napada 11. septembra 2001. godine: Mi smo uz ameri&ccaron;ki narod, kao i uvek, i odlu&ccaron;ni smo partneri u borbi protiv terorizma i svakog oblika koji ugro&#158;ava slobodu drugih - Predsednik Republike Kosovo - DR. VJOSA OSMANI - SADRIU -\",\"breadcrumb\":{\"@id\":\"https:\/\/president-ksgov.net\/sr\/predsednica-osmani-odala-je-poast-rtvama-teroristikih-napada-11-septembra-2001-godine-mi-smo-uz-ameriki-narod-kao-i-uvek-i-odluni-smo-partneri-u-borbi-protiv\/#breadcrumb\"},\"inLanguage\":\"sr-RS\",\"potentialAction\":[{\"@type\":\"ReadAction\",\"target\":[\"https:\/\/president-ksgov.net\/sr\/predsednica-osmani-odala-je-poast-rtvama-teroristikih-napada-11-septembra-2001-godine-mi-smo-uz-ameriki-narod-kao-i-uvek-i-odluni-smo-partneri-u-borbi-protiv\/\"]}]},{\"@type\":\"ImageObject\",\"inLanguage\":\"sr-RS\",\"@id\":\"https:\/\/president-ksgov.net\/sr\/predsednica-osmani-odala-je-poast-rtvama-teroristikih-napada-11-septembra-2001-godine-mi-smo-uz-ameriki-narod-kao-i-uvek-i-odluni-smo-partneri-u-borbi-protiv\/#primaryimage\",\"url\":\"https:\/\/president-ksgov.net\/wp-content\/uploads\/25_09_2022_6095375_7.jpg\",\"contentUrl\":\"https:\/\/president-ksgov.net\/wp-content\/uploads\/25_09_2022_6095375_7.jpg\",\"width\":2048,\"height\":1367},{\"@type\":\"BreadcrumbList\",\"@id\":\"https:\/\/president-ksgov.net\/sr\/predsednica-osmani-odala-je-poast-rtvama-teroristikih-napada-11-septembra-2001-godine-mi-smo-uz-ameriki-narod-kao-i-uvek-i-odluni-smo-partneri-u-borbi-protiv\/#breadcrumb\",\"itemListElement\":[{\"@type\":\"ListItem\",\"position\":1,\"name\":\"Home\",\"item\":\"https:\/\/president-ksgov.net\/sr\/\"},{\"@type\":\"ListItem\",\"position\":2,\"name\":\"Predsednica Osmani odala je po&ccaron;ast &#158;rtvama teroristi&ccaron;kih napada 11. septembra 2001. godine: Mi smo uz ameri&ccaron;ki narod, kao i uvek, i odlu&ccaron;ni smo partneri u borbi protiv terorizma i svakog oblika koji ugro&#158;ava slobodu drugih\"}]},{\"@type\":\"WebSite\",\"@id\":\"https:\/\/president-ksgov.net\/#website\",\"url\":\"https:\/\/president-ksgov.net\/\",\"name\":\"Presidente e Republik\u00ebs s\u00eb Kosov\u00ebs\",\"description\":\"Presidente e Republik\u00ebs s\u00eb Kosov\u00ebs\",\"alternateName\":\"DR. VJOSA OSMANI - SADRIU\",\"potentialAction\":[{\"@type\":\"SearchAction\",\"target\":{\"@type\":\"EntryPoint\",\"urlTemplate\":\"https:\/\/president-ksgov.net\/?s={search_term_string}\"},\"query-input\":{\"@type\":\"PropertyValueSpecification\",\"valueRequired\":true,\"valueName\":\"search_term_string\"}}],\"inLanguage\":\"sr-RS\"},{\"@type\":\"Person\",\"@id\":\"https:\/\/president-ksgov.net\/#\/schema\/person\/bb4337a5fb147cb2046d80548172cbee\",\"name\":\"admin\",\"image\":{\"@type\":\"ImageObject\",\"inLanguage\":\"sr-RS\",\"@id\":\"https:\/\/president-ksgov.net\/#\/schema\/person\/image\/\",\"url\":\"https:\/\/secure.gravatar.com\/avatar\/36156ca0fa3b8d9d25174f146e16beea0cf28f37adf1b9e19b6c9c279a7c9dd3?s=96&d=mm&r=g\",\"contentUrl\":\"https:\/\/secure.gravatar.com\/avatar\/36156ca0fa3b8d9d25174f146e16beea0cf28f37adf1b9e19b6c9c279a7c9dd3?s=96&d=mm&r=g\",\"caption\":\"admin\"},\"sameAs\":[\"https:\/\/president-ksgov.net\"]}]}<\/script>\n<!-- \/ Yoast SEO plugin. -->","yoast_head_json":{"title":"Predsednica Osmani odala je po&ccaron;ast &#158;rtvama teroristi&ccaron;kih napada 11. septembra 2001. godine: Mi smo uz ameri&ccaron;ki narod, kao i uvek, i odlu&ccaron;ni smo partneri u borbi protiv terorizma i svakog oblika koji ugro&#158;ava slobodu drugih - Predsednik Republike Kosovo - DR. VJOSA OSMANI - SADRIU","description":"Predsednica Osmani odala je po&ccaron;ast &#158;rtvama teroristi&ccaron;kih napada 11. septembra 2001. godine: Mi smo uz ameri&ccaron;ki narod, kao i uvek, i odlu&ccaron;ni smo partneri u borbi protiv terorizma i svakog oblika koji ugro&#158;ava slobodu drugih - Predsednik Republike Kosovo - DR. VJOSA OSMANI - SADRIU -","robots":{"index":"index","follow":"follow","max-snippet":"max-snippet:-1","max-image-preview":"max-image-preview:large","max-video-preview":"max-video-preview:-1"},"canonical":"https:\/\/president-ksgov.net\/sr\/predsednica-osmani-odala-je-poast-rtvama-teroristikih-napada-11-septembra-2001-godine-mi-smo-uz-ameriki-narod-kao-i-uvek-i-odluni-smo-partneri-u-borbi-protiv\/","og_locale":"sr_RS","og_type":"article","og_title":"Predsednica Osmani odala je po&ccaron;ast &#158;rtvama teroristi&ccaron;kih napada 11. septembra 2001. godine: Mi smo uz ameri&ccaron;ki narod, kao i uvek, i odlu&ccaron;ni smo partneri u borbi protiv terorizma i svakog oblika koji ugro&#158;ava slobodu drugih - Predsednik Republike Kosovo - DR. VJOSA OSMANI - SADRIU","og_description":"Predsednica Osmani odala je po&ccaron;ast &#158;rtvama teroristi&ccaron;kih napada 11. septembra 2001. godine: Mi smo uz ameri&ccaron;ki narod, kao i uvek, i odlu&ccaron;ni smo partneri u borbi protiv terorizma i svakog oblika koji ugro&#158;ava slobodu drugih - Predsednik Republike Kosovo - DR. VJOSA OSMANI - SADRIU -","og_url":"https:\/\/president-ksgov.net\/sr\/predsednica-osmani-odala-je-poast-rtvama-teroristikih-napada-11-septembra-2001-godine-mi-smo-uz-ameriki-narod-kao-i-uvek-i-odluni-smo-partneri-u-borbi-protiv\/","og_site_name":"Predsednik Republike Kosovo - DR. VJOSA OSMANI - SADRIU","article_published_time":"2022-09-25T17:34:33+00:00","og_image":[{"width":2048,"height":1367,"url":"https:\/\/president-ksgov.net\/wp-content\/uploads\/25_09_2022_6095375_7.jpg","type":"image\/jpeg"}],"author":"admin","twitter_card":"summary_large_image","twitter_misc":{"\u041d\u0430\u043f\u0438\u0441\u0430\u043d\u043e \u043e\u0434":"admin","\u041f\u0440\u043e\u0446\u0435\u045a\u0435\u043d\u043e \u0432\u0440\u0435\u043c\u0435 \u0447\u0438\u0442\u0430\u045a\u0430":"2 \u043c\u0438\u043d\u0443\u0442\u0430"},"schema":{"@context":"https:\/\/schema.org","@graph":[{"@type":"WebPage","@id":"https:\/\/president-ksgov.net\/sr\/predsednica-osmani-odala-je-poast-rtvama-teroristikih-napada-11-septembra-2001-godine-mi-smo-uz-ameriki-narod-kao-i-uvek-i-odluni-smo-partneri-u-borbi-protiv\/","url":"https:\/\/president-ksgov.net\/sr\/predsednica-osmani-odala-je-poast-rtvama-teroristikih-napada-11-septembra-2001-godine-mi-smo-uz-ameriki-narod-kao-i-uvek-i-odluni-smo-partneri-u-borbi-protiv\/","name":"Predsednica Osmani odala je po&ccaron;ast &#158;rtvama teroristi&ccaron;kih napada 11. septembra 2001. godine: Mi smo uz ameri&ccaron;ki narod, kao i uvek, i odlu&ccaron;ni smo partneri u borbi protiv terorizma i svakog oblika koji ugro&#158;ava slobodu drugih - Predsednik Republike Kosovo - DR. VJOSA OSMANI - SADRIU","isPartOf":{"@id":"https:\/\/president-ksgov.net\/#website"},"primaryImageOfPage":{"@id":"https:\/\/president-ksgov.net\/sr\/predsednica-osmani-odala-je-poast-rtvama-teroristikih-napada-11-septembra-2001-godine-mi-smo-uz-ameriki-narod-kao-i-uvek-i-odluni-smo-partneri-u-borbi-protiv\/#primaryimage"},"image":{"@id":"https:\/\/president-ksgov.net\/sr\/predsednica-osmani-odala-je-poast-rtvama-teroristikih-napada-11-septembra-2001-godine-mi-smo-uz-ameriki-narod-kao-i-uvek-i-odluni-smo-partneri-u-borbi-protiv\/#primaryimage"},"thumbnailUrl":"https:\/\/president-ksgov.net\/wp-content\/uploads\/25_09_2022_6095375_7.jpg","datePublished":"2022-09-25T17:34:33+00:00","dateModified":"2022-09-25T17:34:33+00:00","author":{"@id":"https:\/\/president-ksgov.net\/#\/schema\/person\/bb4337a5fb147cb2046d80548172cbee"},"description":"Predsednica Osmani odala je po&ccaron;ast &#158;rtvama teroristi&ccaron;kih napada 11. septembra 2001. godine: Mi smo uz ameri&ccaron;ki narod, kao i uvek, i odlu&ccaron;ni smo partneri u borbi protiv terorizma i svakog oblika koji ugro&#158;ava slobodu drugih - Predsednik Republike Kosovo - DR. VJOSA OSMANI - SADRIU -","breadcrumb":{"@id":"https:\/\/president-ksgov.net\/sr\/predsednica-osmani-odala-je-poast-rtvama-teroristikih-napada-11-septembra-2001-godine-mi-smo-uz-ameriki-narod-kao-i-uvek-i-odluni-smo-partneri-u-borbi-protiv\/#breadcrumb"},"inLanguage":"sr-RS","potentialAction":[{"@type":"ReadAction","target":["https:\/\/president-ksgov.net\/sr\/predsednica-osmani-odala-je-poast-rtvama-teroristikih-napada-11-septembra-2001-godine-mi-smo-uz-ameriki-narod-kao-i-uvek-i-odluni-smo-partneri-u-borbi-protiv\/"]}]},{"@type":"ImageObject","inLanguage":"sr-RS","@id":"https:\/\/president-ksgov.net\/sr\/predsednica-osmani-odala-je-poast-rtvama-teroristikih-napada-11-septembra-2001-godine-mi-smo-uz-ameriki-narod-kao-i-uvek-i-odluni-smo-partneri-u-borbi-protiv\/#primaryimage","url":"https:\/\/president-ksgov.net\/wp-content\/uploads\/25_09_2022_6095375_7.jpg","contentUrl":"https:\/\/president-ksgov.net\/wp-content\/uploads\/25_09_2022_6095375_7.jpg","width":2048,"height":1367},{"@type":"BreadcrumbList","@id":"https:\/\/president-ksgov.net\/sr\/predsednica-osmani-odala-je-poast-rtvama-teroristikih-napada-11-septembra-2001-godine-mi-smo-uz-ameriki-narod-kao-i-uvek-i-odluni-smo-partneri-u-borbi-protiv\/#breadcrumb","itemListElement":[{"@type":"ListItem","position":1,"name":"Home","item":"https:\/\/president-ksgov.net\/sr\/"},{"@type":"ListItem","position":2,"name":"Predsednica Osmani odala je po&ccaron;ast &#158;rtvama teroristi&ccaron;kih napada 11. septembra 2001. godine: Mi smo uz ameri&ccaron;ki narod, kao i uvek, i odlu&ccaron;ni smo partneri u borbi protiv terorizma i svakog oblika koji ugro&#158;ava slobodu drugih"}]},{"@type":"WebSite","@id":"https:\/\/president-ksgov.net\/#website","url":"https:\/\/president-ksgov.net\/","name":"Presidente e Republik\u00ebs s\u00eb Kosov\u00ebs","description":"Presidente e Republik\u00ebs s\u00eb Kosov\u00ebs","alternateName":"DR. VJOSA OSMANI - SADRIU","potentialAction":[{"@type":"SearchAction","target":{"@type":"EntryPoint","urlTemplate":"https:\/\/president-ksgov.net\/?s={search_term_string}"},"query-input":{"@type":"PropertyValueSpecification","valueRequired":true,"valueName":"search_term_string"}}],"inLanguage":"sr-RS"},{"@type":"Person","@id":"https:\/\/president-ksgov.net\/#\/schema\/person\/bb4337a5fb147cb2046d80548172cbee","name":"admin","image":{"@type":"ImageObject","inLanguage":"sr-RS","@id":"https:\/\/president-ksgov.net\/#\/schema\/person\/image\/","url":"https:\/\/secure.gravatar.com\/avatar\/36156ca0fa3b8d9d25174f146e16beea0cf28f37adf1b9e19b6c9c279a7c9dd3?s=96&d=mm&r=g","contentUrl":"https:\/\/secure.gravatar.com\/avatar\/36156ca0fa3b8d9d25174f146e16beea0cf28f37adf1b9e19b6c9c279a7c9dd3?s=96&d=mm&r=g","caption":"admin"},"sameAs":["https:\/\/president-ksgov.net"]}]}},"_links":{"self":[{"href":"https:\/\/president-ksgov.net\/sr\/wp-json\/wp\/v2\/posts\/74010","targetHints":{"allow":["GET"]}}],"collection":[{"href":"https:\/\/president-ksgov.net\/sr\/wp-json\/wp\/v2\/posts"}],"about":[{"href":"https:\/\/president-ksgov.net\/sr\/wp-json\/wp\/v2\/types\/post"}],"author":[{"embeddable":true,"href":"https:\/\/president-ksgov.net\/sr\/wp-json\/wp\/v2\/users\/1"}],"replies":[{"embeddable":true,"href":"https:\/\/president-ksgov.net\/sr\/wp-json\/wp\/v2\/comments?post=74010"}],"version-history":[{"count":0,"href":"https:\/\/president-ksgov.net\/sr\/wp-json\/wp\/v2\/posts\/74010\/revisions"}],"wp:featuredmedia":[{"embeddable":true,"href":"https:\/\/president-ksgov.net\/sr\/wp-json\/wp\/v2\/media\/11045"}],"wp:attachment":[{"href":"https:\/\/president-ksgov.net\/sr\/wp-json\/wp\/v2\/media?parent=74010"}],"wp:term":[{"taxonomy":"category","embeddable":true,"href":"https:\/\/president-ksgov.net\/sr\/wp-json\/wp\/v2\/categories?post=74010"},{"taxonomy":"post_tag","embeddable":true,"href":"https:\/\/president-ksgov.net\/sr\/wp-json\/wp\/v2\/tags?post=74010"}],"curies":[{"name":"wp","href":"https:\/\/api.w.org\/{rel}","templated":true}]}}