{"id":73991,"date":"2022-10-04T16:42:17","date_gmt":"2022-10-04T16:42:17","guid":{"rendered":"https:\/\/dev.president-ksgov.net\/predsednica-osmani-doekala-je-na-sastanku-v-d-glavnog-dravnog-tuioca-i-predsednika-tsk-a\/"},"modified":"2022-10-04T16:42:17","modified_gmt":"2022-10-04T16:42:17","slug":"predsednica-osmani-doekala-je-na-sastanku-v-d-glavnog-dravnog-tuioca-i-predsednika-tsk-a","status":"publish","type":"post","link":"https:\/\/president-ksgov.net\/sr\/predsednica-osmani-doekala-je-na-sastanku-v-d-glavnog-dravnog-tuioca-i-predsednika-tsk-a\/","title":{"rendered":"Predsednica Osmani do&ccaron;ekala je na sastanku v.d. glavnog dr&#158;avnog tu&#158;ioca i predsednika TSK-a"},"content":{"rendered":"<p>Predsednica Republike Kosovo Vjosa Osmani do&ccaron;ekala je danas na sastanku vr\u0161ioca du&#382;nosti glavnog dr&#382;avnog tu&#382;ioca g. Besima Kelmendija i predsednika Tu&#382;ila&ccaron;kog saveta Kosova g. Jetisha Malokua.<\/p>\n<p>Na ovom sastanku je razgovarano o neophodnoj i hitnoj potrebi za intenziviranjem rada Tu&#382;ila\u0161tva i koordiniranjem pravosudnih institucija u spre&ccaron;avanju, krivi&ccaron;nom gonjenju i adekvatnom ka&#382;njavanju izvr\u0161ioca krivi&ccaron;nih dela silovanja, seksualnog uznemiravanja i krivi&ccaron;nih dela protiv seksualnog integriteta.<\/p>\n<p>Predsednica je od TSK-a i v.d. glavnog dr&#382;avnog tu&#382;ioca zatra&#382;ila da preduzmu neophodne korake kako bi oja&ccaron;ali ovu borbu i kako bi pove&cacute;ali kapacitete koji su neophodni da se tako ne\u0161to omogu&cacute;i. Ujedno, predsednica je obe&cacute;ala podr\u0161ku svih pravosudnih institucija, kao i onih koje sprovode zakon u preduzimanju ovih koraka.<\/p>\n<p>Predsednica je tako&dstrok;e ponovo potvrdila svoju podr\u0161ku inicijativi za veting i reforme u pravosu&dstrok;u, kao najneophodnijeg i pravog puta u smeru garantovanja profesionalnog sudskog i tu&#382;ila&ccaron;kog sistema sa integritetom. Prema\u00a0 mi\u0161ljenju predsednice Osmani, integritet i profesionalizam tu&#382;ilaca i sudija u pravosudnom sistemu su klju&ccaron;ni stub vladavine prava u na\u0161oj zemlji. U tom smeru, posebno sada nakon dobijanja zelenog svetla od Venecijanske komisije, predsednica je rekla da je veting jedan od najbitnijih procesa reformacija u na\u0161oj zemlji u pravcu izgradnje kredibilnog tu&#382;ila&ccaron;kog i sudskog sistema i vra&cacute;anja poverenja gra&dstrok;ana u pravdu. U tom kontekstu je predsednica uputila javni poziv da se sara&dstrok;uje sa odgovornim institucijama u razvoju tog procesa koji je koristan kako za tu&#382;ila\u0161tvo, tako i za gra&dstrok;ane na\u0161e zemlje, preko aktivnog u&ccaron;e\u0161&cacute;a u radnim grupama, daju&cacute;i njihove konkretne sugestije za unapre&dstrok;ivanje ovog procesa.<\/p>\n<p>Na sastanku se tako&dstrok;e razgovaralo i o trenutnim doga&dstrok;ajima oko procesa nominovanja i imenovanja glavnog dr&#382;avnog tu&#382;ioca. Predsednica je ponovo istakla svoj stav da &cacute;e se &ccaron;ekati do okon&ccaron;anja svih sudskih postupaka u doma&cacute;im sudovima u na\u0161em pravosudnom sistemu, pre nego \u0161to predsednica donese svoju odluku o predlogu TSK-a. Takav pristup, istakla je predsednica, je neophodan kako bi se o&ccaron;uvala pravna sigurnost i kako bi se obezbedilo neometano i efikasno kori\u0161&cacute;enje pravnih lekova od strane protiv kadidata, kao i kako bi se garantovalo poverenje gra&dstrok;ana u proces, nakon primedbi iz civilnog dru\u0161tva i me&dstrok;unarodnih partnera.\u00a0<\/p>\n<p>\u00a0<\/p>\n","protected":false},"excerpt":{"rendered":"<p>Predsednica Republike Kosovo Vjosa Osmani do&ccaron;ekala je danas na sastanku vr\u0161ioca du&#382;nosti glavnog dr&#382;avnog tu&#382;ioca g. Besima Kelmendija i predsednika Tu&#382;ila&ccaron;kog saveta Kosova g. Jetisha Malokua.<\/p>\n","protected":false},"author":1,"featured_media":10870,"comment_status":"open","ping_status":"closed","sticky":false,"template":"","format":"standard","meta":{"_eb_attr":"","footnotes":""},"categories":[101],"tags":[],"class_list":["post-73991","post","type-post","status-publish","format-standard","has-post-thumbnail","hentry","category-vesti"],"yoast_head":"<!-- This site is optimized with the Yoast SEO plugin v23.5 - https:\/\/yoast.com\/wordpress\/plugins\/seo\/ -->\n<title>Predsednica Osmani do&amp;ccaron;ekala je na sastanku v.d. glavnog dr&#158;avnog tu&#158;ioca i predsednika TSK-a - Predsednik Republike Kosovo - DR. VJOSA OSMANI - SADRIU<\/title>\n<meta name=\"description\" content=\"Predsednica Osmani do&amp;ccaron;ekala je na sastanku v.d. glavnog dr&#158;avnog tu&#158;ioca i predsednika TSK-a - Predsednik Republike Kosovo - DR. VJOSA OSMANI - SADRIU -\" \/>\n<meta name=\"robots\" content=\"index, follow, max-snippet:-1, max-image-preview:large, max-video-preview:-1\" \/>\n<link rel=\"canonical\" href=\"https:\/\/president-ksgov.net\/sr\/predsednica-osmani-doekala-je-na-sastanku-v-d-glavnog-dravnog-tuioca-i-predsednika-tsk-a\/\" \/>\n<meta property=\"og:locale\" content=\"sr_RS\" \/>\n<meta property=\"og:type\" content=\"article\" \/>\n<meta property=\"og:title\" content=\"Predsednica Osmani do&amp;ccaron;ekala je na sastanku v.d. glavnog dr&#158;avnog tu&#158;ioca i predsednika TSK-a - Predsednik Republike Kosovo - DR. VJOSA OSMANI - SADRIU\" \/>\n<meta property=\"og:description\" content=\"Predsednica Osmani do&amp;ccaron;ekala je na sastanku v.d. glavnog dr&#158;avnog tu&#158;ioca i predsednika TSK-a - Predsednik Republike Kosovo - DR. VJOSA OSMANI - SADRIU -\" \/>\n<meta property=\"og:url\" content=\"https:\/\/president-ksgov.net\/sr\/predsednica-osmani-doekala-je-na-sastanku-v-d-glavnog-dravnog-tuioca-i-predsednika-tsk-a\/\" \/>\n<meta property=\"og:site_name\" content=\"Predsednik Republike Kosovo - DR. VJOSA OSMANI - SADRIU\" \/>\n<meta property=\"article:published_time\" content=\"2022-10-04T16:42:17+00:00\" \/>\n<meta property=\"og:image\" content=\"https:\/\/president-ksgov.net\/wp-content\/uploads\/04_10_2022_3217083_3VXH5992_2-scaled.jpg\" \/>\n\t<meta property=\"og:image:width\" content=\"2560\" \/>\n\t<meta property=\"og:image:height\" content=\"1706\" \/>\n\t<meta property=\"og:image:type\" content=\"image\/jpeg\" \/>\n<meta name=\"author\" content=\"admin\" \/>\n<meta name=\"twitter:card\" content=\"summary_large_image\" \/>\n<meta name=\"twitter:label1\" content=\"\u041d\u0430\u043f\u0438\u0441\u0430\u043d\u043e \u043e\u0434\" \/>\n\t<meta name=\"twitter:data1\" content=\"admin\" \/>\n\t<meta name=\"twitter:label2\" content=\"\u041f\u0440\u043e\u0446\u0435\u045a\u0435\u043d\u043e \u0432\u0440\u0435\u043c\u0435 \u0447\u0438\u0442\u0430\u045a\u0430\" \/>\n\t<meta name=\"twitter:data2\" content=\"2 \u043c\u0438\u043d\u0443\u0442\u0430\" \/>\n<script type=\"application\/ld+json\" class=\"yoast-schema-graph\">{\"@context\":\"https:\/\/schema.org\",\"@graph\":[{\"@type\":\"WebPage\",\"@id\":\"https:\/\/president-ksgov.net\/sr\/predsednica-osmani-doekala-je-na-sastanku-v-d-glavnog-dravnog-tuioca-i-predsednika-tsk-a\/\",\"url\":\"https:\/\/president-ksgov.net\/sr\/predsednica-osmani-doekala-je-na-sastanku-v-d-glavnog-dravnog-tuioca-i-predsednika-tsk-a\/\",\"name\":\"Predsednica Osmani do&ccaron;ekala je na sastanku v.d. glavnog dr&#158;avnog tu&#158;ioca i predsednika TSK-a - Predsednik Republike Kosovo - DR. VJOSA OSMANI - SADRIU\",\"isPartOf\":{\"@id\":\"https:\/\/president-ksgov.net\/#website\"},\"primaryImageOfPage\":{\"@id\":\"https:\/\/president-ksgov.net\/sr\/predsednica-osmani-doekala-je-na-sastanku-v-d-glavnog-dravnog-tuioca-i-predsednika-tsk-a\/#primaryimage\"},\"image\":{\"@id\":\"https:\/\/president-ksgov.net\/sr\/predsednica-osmani-doekala-je-na-sastanku-v-d-glavnog-dravnog-tuioca-i-predsednika-tsk-a\/#primaryimage\"},\"thumbnailUrl\":\"https:\/\/president-ksgov.net\/wp-content\/uploads\/04_10_2022_3217083_3VXH5992_2-scaled.jpg\",\"datePublished\":\"2022-10-04T16:42:17+00:00\",\"dateModified\":\"2022-10-04T16:42:17+00:00\",\"author\":{\"@id\":\"https:\/\/president-ksgov.net\/#\/schema\/person\/bb4337a5fb147cb2046d80548172cbee\"},\"description\":\"Predsednica Osmani do&ccaron;ekala je na sastanku v.d. glavnog dr&#158;avnog tu&#158;ioca i predsednika TSK-a - Predsednik Republike Kosovo - DR. VJOSA OSMANI - SADRIU -\",\"breadcrumb\":{\"@id\":\"https:\/\/president-ksgov.net\/sr\/predsednica-osmani-doekala-je-na-sastanku-v-d-glavnog-dravnog-tuioca-i-predsednika-tsk-a\/#breadcrumb\"},\"inLanguage\":\"sr-RS\",\"potentialAction\":[{\"@type\":\"ReadAction\",\"target\":[\"https:\/\/president-ksgov.net\/sr\/predsednica-osmani-doekala-je-na-sastanku-v-d-glavnog-dravnog-tuioca-i-predsednika-tsk-a\/\"]}]},{\"@type\":\"ImageObject\",\"inLanguage\":\"sr-RS\",\"@id\":\"https:\/\/president-ksgov.net\/sr\/predsednica-osmani-doekala-je-na-sastanku-v-d-glavnog-dravnog-tuioca-i-predsednika-tsk-a\/#primaryimage\",\"url\":\"https:\/\/president-ksgov.net\/wp-content\/uploads\/04_10_2022_3217083_3VXH5992_2-scaled.jpg\",\"contentUrl\":\"https:\/\/president-ksgov.net\/wp-content\/uploads\/04_10_2022_3217083_3VXH5992_2-scaled.jpg\",\"width\":2560,\"height\":1706},{\"@type\":\"BreadcrumbList\",\"@id\":\"https:\/\/president-ksgov.net\/sr\/predsednica-osmani-doekala-je-na-sastanku-v-d-glavnog-dravnog-tuioca-i-predsednika-tsk-a\/#breadcrumb\",\"itemListElement\":[{\"@type\":\"ListItem\",\"position\":1,\"name\":\"Home\",\"item\":\"https:\/\/president-ksgov.net\/sr\/\"},{\"@type\":\"ListItem\",\"position\":2,\"name\":\"Predsednica Osmani do&ccaron;ekala je na sastanku v.d. glavnog dr&#158;avnog tu&#158;ioca i predsednika TSK-a\"}]},{\"@type\":\"WebSite\",\"@id\":\"https:\/\/president-ksgov.net\/#website\",\"url\":\"https:\/\/president-ksgov.net\/\",\"name\":\"Presidente e Republik\u00ebs s\u00eb Kosov\u00ebs\",\"description\":\"Presidente e Republik\u00ebs s\u00eb Kosov\u00ebs\",\"alternateName\":\"DR. VJOSA OSMANI - SADRIU\",\"potentialAction\":[{\"@type\":\"SearchAction\",\"target\":{\"@type\":\"EntryPoint\",\"urlTemplate\":\"https:\/\/president-ksgov.net\/?s={search_term_string}\"},\"query-input\":{\"@type\":\"PropertyValueSpecification\",\"valueRequired\":true,\"valueName\":\"search_term_string\"}}],\"inLanguage\":\"sr-RS\"},{\"@type\":\"Person\",\"@id\":\"https:\/\/president-ksgov.net\/#\/schema\/person\/bb4337a5fb147cb2046d80548172cbee\",\"name\":\"admin\",\"image\":{\"@type\":\"ImageObject\",\"inLanguage\":\"sr-RS\",\"@id\":\"https:\/\/president-ksgov.net\/#\/schema\/person\/image\/\",\"url\":\"https:\/\/secure.gravatar.com\/avatar\/36156ca0fa3b8d9d25174f146e16beea0cf28f37adf1b9e19b6c9c279a7c9dd3?s=96&d=mm&r=g\",\"contentUrl\":\"https:\/\/secure.gravatar.com\/avatar\/36156ca0fa3b8d9d25174f146e16beea0cf28f37adf1b9e19b6c9c279a7c9dd3?s=96&d=mm&r=g\",\"caption\":\"admin\"},\"sameAs\":[\"https:\/\/president-ksgov.net\"]}]}<\/script>\n<!-- \/ Yoast SEO plugin. -->","yoast_head_json":{"title":"Predsednica Osmani do&ccaron;ekala je na sastanku v.d. glavnog dr&#158;avnog tu&#158;ioca i predsednika TSK-a - Predsednik Republike Kosovo - DR. VJOSA OSMANI - SADRIU","description":"Predsednica Osmani do&ccaron;ekala je na sastanku v.d. glavnog dr&#158;avnog tu&#158;ioca i predsednika TSK-a - Predsednik Republike Kosovo - DR. VJOSA OSMANI - SADRIU -","robots":{"index":"index","follow":"follow","max-snippet":"max-snippet:-1","max-image-preview":"max-image-preview:large","max-video-preview":"max-video-preview:-1"},"canonical":"https:\/\/president-ksgov.net\/sr\/predsednica-osmani-doekala-je-na-sastanku-v-d-glavnog-dravnog-tuioca-i-predsednika-tsk-a\/","og_locale":"sr_RS","og_type":"article","og_title":"Predsednica Osmani do&ccaron;ekala je na sastanku v.d. glavnog dr&#158;avnog tu&#158;ioca i predsednika TSK-a - Predsednik Republike Kosovo - DR. VJOSA OSMANI - SADRIU","og_description":"Predsednica Osmani do&ccaron;ekala je na sastanku v.d. glavnog dr&#158;avnog tu&#158;ioca i predsednika TSK-a - Predsednik Republike Kosovo - DR. VJOSA OSMANI - SADRIU -","og_url":"https:\/\/president-ksgov.net\/sr\/predsednica-osmani-doekala-je-na-sastanku-v-d-glavnog-dravnog-tuioca-i-predsednika-tsk-a\/","og_site_name":"Predsednik Republike Kosovo - DR. VJOSA OSMANI - SADRIU","article_published_time":"2022-10-04T16:42:17+00:00","og_image":[{"width":2560,"height":1706,"url":"https:\/\/president-ksgov.net\/wp-content\/uploads\/04_10_2022_3217083_3VXH5992_2-scaled.jpg","type":"image\/jpeg"}],"author":"admin","twitter_card":"summary_large_image","twitter_misc":{"\u041d\u0430\u043f\u0438\u0441\u0430\u043d\u043e \u043e\u0434":"admin","\u041f\u0440\u043e\u0446\u0435\u045a\u0435\u043d\u043e \u0432\u0440\u0435\u043c\u0435 \u0447\u0438\u0442\u0430\u045a\u0430":"2 \u043c\u0438\u043d\u0443\u0442\u0430"},"schema":{"@context":"https:\/\/schema.org","@graph":[{"@type":"WebPage","@id":"https:\/\/president-ksgov.net\/sr\/predsednica-osmani-doekala-je-na-sastanku-v-d-glavnog-dravnog-tuioca-i-predsednika-tsk-a\/","url":"https:\/\/president-ksgov.net\/sr\/predsednica-osmani-doekala-je-na-sastanku-v-d-glavnog-dravnog-tuioca-i-predsednika-tsk-a\/","name":"Predsednica Osmani do&ccaron;ekala je na sastanku v.d. glavnog dr&#158;avnog tu&#158;ioca i predsednika TSK-a - Predsednik Republike Kosovo - DR. VJOSA OSMANI - SADRIU","isPartOf":{"@id":"https:\/\/president-ksgov.net\/#website"},"primaryImageOfPage":{"@id":"https:\/\/president-ksgov.net\/sr\/predsednica-osmani-doekala-je-na-sastanku-v-d-glavnog-dravnog-tuioca-i-predsednika-tsk-a\/#primaryimage"},"image":{"@id":"https:\/\/president-ksgov.net\/sr\/predsednica-osmani-doekala-je-na-sastanku-v-d-glavnog-dravnog-tuioca-i-predsednika-tsk-a\/#primaryimage"},"thumbnailUrl":"https:\/\/president-ksgov.net\/wp-content\/uploads\/04_10_2022_3217083_3VXH5992_2-scaled.jpg","datePublished":"2022-10-04T16:42:17+00:00","dateModified":"2022-10-04T16:42:17+00:00","author":{"@id":"https:\/\/president-ksgov.net\/#\/schema\/person\/bb4337a5fb147cb2046d80548172cbee"},"description":"Predsednica Osmani do&ccaron;ekala je na sastanku v.d. glavnog dr&#158;avnog tu&#158;ioca i predsednika TSK-a - Predsednik Republike Kosovo - DR. VJOSA OSMANI - SADRIU -","breadcrumb":{"@id":"https:\/\/president-ksgov.net\/sr\/predsednica-osmani-doekala-je-na-sastanku-v-d-glavnog-dravnog-tuioca-i-predsednika-tsk-a\/#breadcrumb"},"inLanguage":"sr-RS","potentialAction":[{"@type":"ReadAction","target":["https:\/\/president-ksgov.net\/sr\/predsednica-osmani-doekala-je-na-sastanku-v-d-glavnog-dravnog-tuioca-i-predsednika-tsk-a\/"]}]},{"@type":"ImageObject","inLanguage":"sr-RS","@id":"https:\/\/president-ksgov.net\/sr\/predsednica-osmani-doekala-je-na-sastanku-v-d-glavnog-dravnog-tuioca-i-predsednika-tsk-a\/#primaryimage","url":"https:\/\/president-ksgov.net\/wp-content\/uploads\/04_10_2022_3217083_3VXH5992_2-scaled.jpg","contentUrl":"https:\/\/president-ksgov.net\/wp-content\/uploads\/04_10_2022_3217083_3VXH5992_2-scaled.jpg","width":2560,"height":1706},{"@type":"BreadcrumbList","@id":"https:\/\/president-ksgov.net\/sr\/predsednica-osmani-doekala-je-na-sastanku-v-d-glavnog-dravnog-tuioca-i-predsednika-tsk-a\/#breadcrumb","itemListElement":[{"@type":"ListItem","position":1,"name":"Home","item":"https:\/\/president-ksgov.net\/sr\/"},{"@type":"ListItem","position":2,"name":"Predsednica Osmani do&ccaron;ekala je na sastanku v.d. glavnog dr&#158;avnog tu&#158;ioca i predsednika TSK-a"}]},{"@type":"WebSite","@id":"https:\/\/president-ksgov.net\/#website","url":"https:\/\/president-ksgov.net\/","name":"Presidente e Republik\u00ebs s\u00eb Kosov\u00ebs","description":"Presidente e Republik\u00ebs s\u00eb Kosov\u00ebs","alternateName":"DR. VJOSA OSMANI - SADRIU","potentialAction":[{"@type":"SearchAction","target":{"@type":"EntryPoint","urlTemplate":"https:\/\/president-ksgov.net\/?s={search_term_string}"},"query-input":{"@type":"PropertyValueSpecification","valueRequired":true,"valueName":"search_term_string"}}],"inLanguage":"sr-RS"},{"@type":"Person","@id":"https:\/\/president-ksgov.net\/#\/schema\/person\/bb4337a5fb147cb2046d80548172cbee","name":"admin","image":{"@type":"ImageObject","inLanguage":"sr-RS","@id":"https:\/\/president-ksgov.net\/#\/schema\/person\/image\/","url":"https:\/\/secure.gravatar.com\/avatar\/36156ca0fa3b8d9d25174f146e16beea0cf28f37adf1b9e19b6c9c279a7c9dd3?s=96&d=mm&r=g","contentUrl":"https:\/\/secure.gravatar.com\/avatar\/36156ca0fa3b8d9d25174f146e16beea0cf28f37adf1b9e19b6c9c279a7c9dd3?s=96&d=mm&r=g","caption":"admin"},"sameAs":["https:\/\/president-ksgov.net"]}]}},"_links":{"self":[{"href":"https:\/\/president-ksgov.net\/sr\/wp-json\/wp\/v2\/posts\/73991","targetHints":{"allow":["GET"]}}],"collection":[{"href":"https:\/\/president-ksgov.net\/sr\/wp-json\/wp\/v2\/posts"}],"about":[{"href":"https:\/\/president-ksgov.net\/sr\/wp-json\/wp\/v2\/types\/post"}],"author":[{"embeddable":true,"href":"https:\/\/president-ksgov.net\/sr\/wp-json\/wp\/v2\/users\/1"}],"replies":[{"embeddable":true,"href":"https:\/\/president-ksgov.net\/sr\/wp-json\/wp\/v2\/comments?post=73991"}],"version-history":[{"count":0,"href":"https:\/\/president-ksgov.net\/sr\/wp-json\/wp\/v2\/posts\/73991\/revisions"}],"wp:featuredmedia":[{"embeddable":true,"href":"https:\/\/president-ksgov.net\/sr\/wp-json\/wp\/v2\/media\/10870"}],"wp:attachment":[{"href":"https:\/\/president-ksgov.net\/sr\/wp-json\/wp\/v2\/media?parent=73991"}],"wp:term":[{"taxonomy":"category","embeddable":true,"href":"https:\/\/president-ksgov.net\/sr\/wp-json\/wp\/v2\/categories?post=73991"},{"taxonomy":"post_tag","embeddable":true,"href":"https:\/\/president-ksgov.net\/sr\/wp-json\/wp\/v2\/tags?post=73991"}],"curies":[{"name":"wp","href":"https:\/\/api.w.org\/{rel}","templated":true}]}}